{"id":15019,"date":"2017-12-05T12:23:12","date_gmt":"2017-12-05T12:23:12","guid":{"rendered":"http:\/\/amat-inmo-wp.localhost\/2017\/12\/05\/espectacular-atico-con-gran-terraza-y-orientacion-privilegiada\/"},"modified":"2023-05-11T09:08:34","modified_gmt":"2023-05-11T09:08:34","slug":"espectacular-atico-con-gran-terraza-y-orientacion-privilegiada","status":"publish","type":"post","link":"https:\/\/www.amatimmobiliaris.com\/w\/2017\/12\/espectacular-atico-con-gran-terraza-y-orientacion-privilegiada\/","title":{"rendered":"VENDIDO: Espectacular \u00e1tico con gran terraza y orientaci\u00f3n privilegiada"},"content":{"rendered":"<p>Vivir en un \u00e1tico con terraza te cambiar\u00e1 la vida.<\/p>\n<p>La buena orientaci\u00f3n de este \u00e1tico (Sureste), nos permite disfrutar de las mejores horas de sol durante todo el a\u00f1o. Situado en un barrio tranquilo y muy bien comunicado con metro L4, autobuses, rondas y rodeado de todo tipo de servicios: supermercados, tiendas, colegios y un gimnasio a escasos metros. Atractivos como El Parque de las Aguas, el recinto modernista de Sant Pau y La Sagrada Familia, a tan solo 5 minutos a pie.<\/p>\n<div id='gallery-1' class='gallery galleryid-15019 gallery-columns-2 gallery-size-medium'><figure class='gallery-item'>\n\t\t\t<div class='gallery-icon landscape'>\n\t\t\t\t<a href='https:\/\/www.amatimmobiliaris.com\/w\/2017\/12\/espectacular-atico-con-gran-terraza-y-orientacion-privilegiada\/30fachada-4\/'><img loading=\"lazy\" decoding=\"async\" width=\"300\" height=\"199\" src=\"https:\/\/www.amatimmobiliaris.com\/w\/wp-content\/uploads\/2022\/01\/30fachada-3-300x199.jpg\" class=\"attachment-medium size-medium\" alt=\"\" srcset=\"https:\/\/www.amatimmobiliaris.com\/w\/wp-content\/uploads\/2022\/01\/30fachada-3-300x199.jpg 300w, https:\/\/www.amatimmobiliaris.com\/w\/wp-content\/uploads\/2022\/01\/30fachada-3-1024x680.jpg 1024w, https:\/\/www.amatimmobiliaris.com\/w\/wp-content\/uploads\/2022\/01\/30fachada-3-768x510.jpg 768w, https:\/\/www.amatimmobiliaris.com\/w\/wp-content\/uploads\/2022\/01\/30fachada-3-1536x1020.jpg 1536w, https:\/\/www.amatimmobiliaris.com\/w\/wp-content\/uploads\/2022\/01\/30fachada-3.jpg 1920w\" sizes=\"(max-width: 300px) 100vw, 300px\" \/><\/a>\n\t\t\t<\/div><\/figure><figure class='gallery-item'>\n\t\t\t<div class='gallery-icon landscape'>\n\t\t\t\t<a href='https:\/\/www.amatimmobiliaris.com\/w\/2017\/12\/espectacular-atico-con-gran-terraza-y-orientacion-privilegiada\/22terrassa1-3\/'><img loading=\"lazy\" decoding=\"async\" width=\"300\" height=\"199\" src=\"https:\/\/www.amatimmobiliaris.com\/w\/wp-content\/uploads\/2022\/01\/22terrassa1-2-300x199.jpg\" class=\"attachment-medium size-medium\" alt=\"\" srcset=\"https:\/\/www.amatimmobiliaris.com\/w\/wp-content\/uploads\/2022\/01\/22terrassa1-2-300x199.jpg 300w, https:\/\/www.amatimmobiliaris.com\/w\/wp-content\/uploads\/2022\/01\/22terrassa1-2-1024x680.jpg 1024w, https:\/\/www.amatimmobiliaris.com\/w\/wp-content\/uploads\/2022\/01\/22terrassa1-2-768x510.jpg 768w, https:\/\/www.amatimmobiliaris.com\/w\/wp-content\/uploads\/2022\/01\/22terrassa1-2-1536x1020.jpg 1536w, https:\/\/www.amatimmobiliaris.com\/w\/wp-content\/uploads\/2022\/01\/22terrassa1-2.jpg 1920w\" sizes=\"(max-width: 300px) 100vw, 300px\" \/><\/a>\n\t\t\t<\/div><\/figure><figure class='gallery-item'>\n\t\t\t<div class='gallery-icon landscape'>\n\t\t\t\t<a href='https:\/\/www.amatimmobiliaris.com\/w\/2017\/12\/espectacular-atico-con-gran-terraza-y-orientacion-privilegiada\/20terrassa4-4\/'><img loading=\"lazy\" decoding=\"async\" width=\"300\" height=\"199\" src=\"https:\/\/www.amatimmobiliaris.com\/w\/wp-content\/uploads\/2022\/01\/20terrassa4-3-300x199.jpg\" class=\"attachment-medium size-medium\" alt=\"\" srcset=\"https:\/\/www.amatimmobiliaris.com\/w\/wp-content\/uploads\/2022\/01\/20terrassa4-3-300x199.jpg 300w, https:\/\/www.amatimmobiliaris.com\/w\/wp-content\/uploads\/2022\/01\/20terrassa4-3-1024x680.jpg 1024w, https:\/\/www.amatimmobiliaris.com\/w\/wp-content\/uploads\/2022\/01\/20terrassa4-3-768x510.jpg 768w, https:\/\/www.amatimmobiliaris.com\/w\/wp-content\/uploads\/2022\/01\/20terrassa4-3-1536x1020.jpg 1536w, https:\/\/www.amatimmobiliaris.com\/w\/wp-content\/uploads\/2022\/01\/20terrassa4-3.jpg 1920w\" sizes=\"(max-width: 300px) 100vw, 300px\" \/><\/a>\n\t\t\t<\/div><\/figure><figure class='gallery-item'>\n\t\t\t<div class='gallery-icon landscape'>\n\t\t\t\t<a href='https:\/\/www.amatimmobiliaris.com\/w\/2017\/12\/espectacular-atico-con-gran-terraza-y-orientacion-privilegiada\/19terrassa5-3\/'><img loading=\"lazy\" decoding=\"async\" width=\"300\" height=\"199\" src=\"https:\/\/www.amatimmobiliaris.com\/w\/wp-content\/uploads\/2022\/01\/19terrassa5-2-300x199.jpg\" class=\"attachment-medium size-medium\" alt=\"\" srcset=\"https:\/\/www.amatimmobiliaris.com\/w\/wp-content\/uploads\/2022\/01\/19terrassa5-2-300x199.jpg 300w, https:\/\/www.amatimmobiliaris.com\/w\/wp-content\/uploads\/2022\/01\/19terrassa5-2-1024x680.jpg 1024w, https:\/\/www.amatimmobiliaris.com\/w\/wp-content\/uploads\/2022\/01\/19terrassa5-2-768x510.jpg 768w, https:\/\/www.amatimmobiliaris.com\/w\/wp-content\/uploads\/2022\/01\/19terrassa5-2-1536x1020.jpg 1536w, https:\/\/www.amatimmobiliaris.com\/w\/wp-content\/uploads\/2022\/01\/19terrassa5-2.jpg 1920w\" sizes=\"(max-width: 300px) 100vw, 300px\" \/><\/a>\n\t\t\t<\/div><\/figure>\n\t\t<\/div>\n\n<p>Este \u00e1tico consta de 84m2 distribuidos en amplio y c\u00f3modo sal\u00f3n comedor con acceso directo a la terraza de 60m2, 4 habitaciones, 2 dobles con armarios empotrados y grandes ventanales orientados a la terraza, y 2 individuales.<\/p>\n<div id='gallery-2' class='gallery galleryid-15019 gallery-columns-2 gallery-size-medium'><figure class='gallery-item'>\n\t\t\t<div class='gallery-icon landscape'>\n\t\t\t\t<a href='https:\/\/www.amatimmobiliaris.com\/w\/2017\/12\/espectacular-atico-con-gran-terraza-y-orientacion-privilegiada\/8habitaci2a-4\/'><img loading=\"lazy\" decoding=\"async\" width=\"300\" height=\"199\" src=\"https:\/\/www.amatimmobiliaris.com\/w\/wp-content\/uploads\/2022\/01\/8habitaci2a-3-300x199.jpg\" class=\"attachment-medium size-medium\" alt=\"\" srcset=\"https:\/\/www.amatimmobiliaris.com\/w\/wp-content\/uploads\/2022\/01\/8habitaci2a-3-300x199.jpg 300w, https:\/\/www.amatimmobiliaris.com\/w\/wp-content\/uploads\/2022\/01\/8habitaci2a-3-1024x680.jpg 1024w, https:\/\/www.amatimmobiliaris.com\/w\/wp-content\/uploads\/2022\/01\/8habitaci2a-3-768x510.jpg 768w, https:\/\/www.amatimmobiliaris.com\/w\/wp-content\/uploads\/2022\/01\/8habitaci2a-3-1536x1020.jpg 1536w, https:\/\/www.amatimmobiliaris.com\/w\/wp-content\/uploads\/2022\/01\/8habitaci2a-3.jpg 1920w\" sizes=\"(max-width: 300px) 100vw, 300px\" \/><\/a>\n\t\t\t<\/div><\/figure><figure class='gallery-item'>\n\t\t\t<div class='gallery-icon landscape'>\n\t\t\t\t<a href='https:\/\/www.amatimmobiliaris.com\/w\/2017\/12\/espectacular-atico-con-gran-terraza-y-orientacion-privilegiada\/9habitaci3a-4\/'><img loading=\"lazy\" decoding=\"async\" width=\"300\" height=\"199\" src=\"https:\/\/www.amatimmobiliaris.com\/w\/wp-content\/uploads\/2022\/01\/9habitaci3a-3-300x199.jpg\" class=\"attachment-medium size-medium\" alt=\"\" srcset=\"https:\/\/www.amatimmobiliaris.com\/w\/wp-content\/uploads\/2022\/01\/9habitaci3a-3-300x199.jpg 300w, https:\/\/www.amatimmobiliaris.com\/w\/wp-content\/uploads\/2022\/01\/9habitaci3a-3-1024x680.jpg 1024w, https:\/\/www.amatimmobiliaris.com\/w\/wp-content\/uploads\/2022\/01\/9habitaci3a-3-768x510.jpg 768w, https:\/\/www.amatimmobiliaris.com\/w\/wp-content\/uploads\/2022\/01\/9habitaci3a-3-1536x1020.jpg 1536w, https:\/\/www.amatimmobiliaris.com\/w\/wp-content\/uploads\/2022\/01\/9habitaci3a-3.jpg 1920w\" sizes=\"(max-width: 300px) 100vw, 300px\" \/><\/a>\n\t\t\t<\/div><\/figure><figure class='gallery-item'>\n\t\t\t<div class='gallery-icon landscape'>\n\t\t\t\t<a href='https:\/\/www.amatimmobiliaris.com\/w\/2017\/12\/espectacular-atico-con-gran-terraza-y-orientacion-privilegiada\/6habitaci1-2\/'><img loading=\"lazy\" decoding=\"async\" width=\"300\" height=\"199\" src=\"https:\/\/www.amatimmobiliaris.com\/w\/wp-content\/uploads\/2022\/01\/6habitaci1-1-300x199.jpg\" class=\"attachment-medium size-medium\" alt=\"\" srcset=\"https:\/\/www.amatimmobiliaris.com\/w\/wp-content\/uploads\/2022\/01\/6habitaci1-1-300x199.jpg 300w, https:\/\/www.amatimmobiliaris.com\/w\/wp-content\/uploads\/2022\/01\/6habitaci1-1-1024x680.jpg 1024w, https:\/\/www.amatimmobiliaris.com\/w\/wp-content\/uploads\/2022\/01\/6habitaci1-1-768x510.jpg 768w, https:\/\/www.amatimmobiliaris.com\/w\/wp-content\/uploads\/2022\/01\/6habitaci1-1-1536x1020.jpg 1536w, https:\/\/www.amatimmobiliaris.com\/w\/wp-content\/uploads\/2022\/01\/6habitaci1-1.jpg 1920w\" sizes=\"(max-width: 300px) 100vw, 300px\" \/><\/a>\n\t\t\t<\/div><\/figure><figure class='gallery-item'>\n\t\t\t<div class='gallery-icon landscape'>\n\t\t\t\t<a href='https:\/\/www.amatimmobiliaris.com\/w\/2017\/12\/espectacular-atico-con-gran-terraza-y-orientacion-privilegiada\/2-habitaci2-3\/'><img loading=\"lazy\" decoding=\"async\" width=\"300\" height=\"199\" src=\"https:\/\/www.amatimmobiliaris.com\/w\/wp-content\/uploads\/2022\/01\/2-habitaci2-2-300x199.jpg\" class=\"attachment-medium size-medium\" alt=\"\" srcset=\"https:\/\/www.amatimmobiliaris.com\/w\/wp-content\/uploads\/2022\/01\/2-habitaci2-2-300x199.jpg 300w, https:\/\/www.amatimmobiliaris.com\/w\/wp-content\/uploads\/2022\/01\/2-habitaci2-2-1024x680.jpg 1024w, https:\/\/www.amatimmobiliaris.com\/w\/wp-content\/uploads\/2022\/01\/2-habitaci2-2-768x510.jpg 768w, https:\/\/www.amatimmobiliaris.com\/w\/wp-content\/uploads\/2022\/01\/2-habitaci2-2-1536x1020.jpg 1536w, https:\/\/www.amatimmobiliaris.com\/w\/wp-content\/uploads\/2022\/01\/2-habitaci2-2.jpg 1920w\" sizes=\"(max-width: 300px) 100vw, 300px\" \/><\/a>\n\t\t\t<\/div><\/figure>\n\t\t<\/div>\n\n<p>Ba\u00f1o recientemente reformado con acabados de calidad (dispone divisi\u00f3n de obra para la ducha y ventilaci\u00f3n mediante ventana al exterior), cocina en perfecto estado equipada con muebles altos y bajos en color blanco, vitrocer\u00e1mica y encimera de m\u00e1rmol negro. Tambi\u00e9n dispone de zona de aguas. Posibilidad de parking en la zona.<\/p>\n<div id='gallery-3' class='gallery galleryid-15019 gallery-columns-2 gallery-size-medium'><figure class='gallery-item'>\n\t\t\t<div class='gallery-icon landscape'>\n\t\t\t\t<a href='https:\/\/www.amatimmobiliaris.com\/w\/2017\/12\/espectacular-atico-con-gran-terraza-y-orientacion-privilegiada\/4cuina-4\/'><img loading=\"lazy\" decoding=\"async\" width=\"300\" height=\"199\" src=\"https:\/\/www.amatimmobiliaris.com\/w\/wp-content\/uploads\/2022\/01\/4cuina-3-300x199.jpg\" class=\"attachment-medium size-medium\" alt=\"\" srcset=\"https:\/\/www.amatimmobiliaris.com\/w\/wp-content\/uploads\/2022\/01\/4cuina-3-300x199.jpg 300w, https:\/\/www.amatimmobiliaris.com\/w\/wp-content\/uploads\/2022\/01\/4cuina-3-1024x680.jpg 1024w, https:\/\/www.amatimmobiliaris.com\/w\/wp-content\/uploads\/2022\/01\/4cuina-3-768x510.jpg 768w, https:\/\/www.amatimmobiliaris.com\/w\/wp-content\/uploads\/2022\/01\/4cuina-3-1536x1020.jpg 1536w, https:\/\/www.amatimmobiliaris.com\/w\/wp-content\/uploads\/2022\/01\/4cuina-3.jpg 1920w\" sizes=\"(max-width: 300px) 100vw, 300px\" \/><\/a>\n\t\t\t<\/div><\/figure><figure class='gallery-item'>\n\t\t\t<div class='gallery-icon landscape'>\n\t\t\t\t<a href='https:\/\/www.amatimmobiliaris.com\/w\/2017\/12\/espectacular-atico-con-gran-terraza-y-orientacion-privilegiada\/25cuina3-4\/'><img loading=\"lazy\" decoding=\"async\" width=\"300\" height=\"199\" src=\"https:\/\/www.amatimmobiliaris.com\/w\/wp-content\/uploads\/2022\/01\/25cuina3-3-300x199.jpg\" class=\"attachment-medium size-medium\" alt=\"\" srcset=\"https:\/\/www.amatimmobiliaris.com\/w\/wp-content\/uploads\/2022\/01\/25cuina3-3-300x199.jpg 300w, https:\/\/www.amatimmobiliaris.com\/w\/wp-content\/uploads\/2022\/01\/25cuina3-3-1024x680.jpg 1024w, https:\/\/www.amatimmobiliaris.com\/w\/wp-content\/uploads\/2022\/01\/25cuina3-3-768x510.jpg 768w, https:\/\/www.amatimmobiliaris.com\/w\/wp-content\/uploads\/2022\/01\/25cuina3-3-1536x1020.jpg 1536w, https:\/\/www.amatimmobiliaris.com\/w\/wp-content\/uploads\/2022\/01\/25cuina3-3.jpg 1920w\" sizes=\"(max-width: 300px) 100vw, 300px\" \/><\/a>\n\t\t\t<\/div><\/figure><figure class='gallery-item'>\n\t\t\t<div class='gallery-icon landscape'>\n\t\t\t\t<a href='https:\/\/www.amatimmobiliaris.com\/w\/2017\/12\/espectacular-atico-con-gran-terraza-y-orientacion-privilegiada\/5bany2-4\/'><img loading=\"lazy\" decoding=\"async\" width=\"300\" height=\"199\" src=\"https:\/\/www.amatimmobiliaris.com\/w\/wp-content\/uploads\/2022\/01\/5bany2-4-300x199.jpg\" class=\"attachment-medium size-medium\" alt=\"\" srcset=\"https:\/\/www.amatimmobiliaris.com\/w\/wp-content\/uploads\/2022\/01\/5bany2-4-300x199.jpg 300w, https:\/\/www.amatimmobiliaris.com\/w\/wp-content\/uploads\/2022\/01\/5bany2-4-1024x680.jpg 1024w, https:\/\/www.amatimmobiliaris.com\/w\/wp-content\/uploads\/2022\/01\/5bany2-4-768x510.jpg 768w, https:\/\/www.amatimmobiliaris.com\/w\/wp-content\/uploads\/2022\/01\/5bany2-4-1536x1020.jpg 1536w, https:\/\/www.amatimmobiliaris.com\/w\/wp-content\/uploads\/2022\/01\/5bany2-4.jpg 1920w\" sizes=\"(max-width: 300px) 100vw, 300px\" \/><\/a>\n\t\t\t<\/div><\/figure><figure class='gallery-item'>\n\t\t\t<div class='gallery-icon landscape'>\n\t\t\t\t<a href='https:\/\/www.amatimmobiliaris.com\/w\/2017\/12\/espectacular-atico-con-gran-terraza-y-orientacion-privilegiada\/17sal3-1-3\/'><img loading=\"lazy\" decoding=\"async\" width=\"300\" height=\"199\" src=\"https:\/\/www.amatimmobiliaris.com\/w\/wp-content\/uploads\/2022\/01\/17sal3-1-2-300x199.jpg\" class=\"attachment-medium size-medium\" alt=\"\" srcset=\"https:\/\/www.amatimmobiliaris.com\/w\/wp-content\/uploads\/2022\/01\/17sal3-1-2-300x199.jpg 300w, https:\/\/www.amatimmobiliaris.com\/w\/wp-content\/uploads\/2022\/01\/17sal3-1-2-1024x680.jpg 1024w, https:\/\/www.amatimmobiliaris.com\/w\/wp-content\/uploads\/2022\/01\/17sal3-1-2-768x510.jpg 768w, https:\/\/www.amatimmobiliaris.com\/w\/wp-content\/uploads\/2022\/01\/17sal3-1-2-1536x1020.jpg 1536w, https:\/\/www.amatimmobiliaris.com\/w\/wp-content\/uploads\/2022\/01\/17sal3-1-2.jpg 1920w\" sizes=\"(max-width: 300px) 100vw, 300px\" \/><\/a>\n\t\t\t<\/div><\/figure>\n\t\t<\/div>\n\n<p><strong>Ref. 23457 &#8211; VENDIDO<\/strong><\/p>\n<p><a href=\"https:\/\/www.amatimmobiliaris.com\/w\/home-block\/\" target=\"_blank\" rel=\"noopener\">Ver m\u00e1s propiedades<\/a><\/p>\n","protected":false},"excerpt":{"rendered":"<p>Vivir en un \u00e1tico con terraza te cambiar\u00e1 la vida. La buena orientaci\u00f3n de este \u00e1tico (Sureste), nos permite disfrutar de las mejores horas de sol durante todo el a\u00f1o. Situado en un barrio tranquilo y muy bien comunicado con metro L4, autobuses, rondas y rodeado de todo tipo de servicios: supermercados, tiendas, colegios y [&hellip;]<\/p>\n","protected":false},"author":1,"featured_media":15020,"comment_status":"closed","ping_status":"closed","sticky":false,"template":"","format":"standard","meta":{"content-type":"","footnotes":""},"categories":[866],"tags":[1812,1802,946],"yoast_head":"<!-- This site is optimized with the Yoast SEO plugin v23.9 - https:\/\/yoast.com\/wordpress\/plugins\/seo\/ -->\n<title>VENDIDO: Espectacular \u00e1tico con gran terraza y orientaci\u00f3n privilegiada | Amat Immobiliaris<\/title>\n<meta name=\"robots\" content=\"index, follow, max-snippet:-1, max-image-preview:large, max-video-preview:-1\" \/>\n<link rel=\"canonical\" href=\"https:\/\/www.amatimmobiliaris.com\/w\/2017\/12\/espectacular-atico-con-gran-terraza-y-orientacion-privilegiada\/\" \/>\n<meta property=\"og:locale\" content=\"es_ES\" \/>\n<meta property=\"og:type\" content=\"article\" \/>\n<meta property=\"og:title\" content=\"VENDIDO: Espectacular \u00e1tico con gran terraza y orientaci\u00f3n privilegiada | Amat Immobiliaris\" \/>\n<meta property=\"og:description\" content=\"Vivir en un \u00e1tico con terraza te cambiar\u00e1 la vida. La buena orientaci\u00f3n de este \u00e1tico (Sureste), nos permite disfrutar de las mejores horas de sol durante todo el a\u00f1o. Situado en un barrio tranquilo y muy bien comunicado con metro L4, autobuses, rondas y rodeado de todo tipo de servicios: supermercados, tiendas, colegios y [&hellip;]\" \/>\n<meta property=\"og:url\" content=\"https:\/\/www.amatimmobiliaris.com\/w\/2017\/12\/espectacular-atico-con-gran-terraza-y-orientacion-privilegiada\/\" \/>\n<meta property=\"og:site_name\" content=\"Amat Immobiliaris\" \/>\n<meta property=\"article:publisher\" content=\"https:\/\/www.facebook.com\/amatimmobiliaris\" \/>\n<meta property=\"article:published_time\" content=\"2017-12-05T12:23:12+00:00\" \/>\n<meta property=\"article:modified_time\" content=\"2023-05-11T09:08:34+00:00\" \/>\n<meta property=\"og:image\" content=\"https:\/\/www.amatimmobiliaris.com\/w\/wp-content\/uploads\/2022\/01\/30fachada-3.jpg\" \/>\n\t<meta property=\"og:image:width\" content=\"1920\" \/>\n\t<meta property=\"og:image:height\" content=\"1275\" \/>\n\t<meta property=\"og:image:type\" content=\"image\/jpeg\" \/>\n<meta name=\"author\" content=\"Amat Immobiliaris\" \/>\n<meta name=\"twitter:card\" content=\"summary_large_image\" \/>\n<meta name=\"twitter:creator\" content=\"@amat_cat\" \/>\n<meta name=\"twitter:site\" content=\"@amat_cat\" \/>\n<meta name=\"twitter:label1\" content=\"Escrito por\" \/>\n\t<meta name=\"twitter:data1\" content=\"Amat Immobiliaris\" \/>\n\t<meta name=\"twitter:label2\" content=\"Tiempo de lectura\" \/>\n\t<meta name=\"twitter:data2\" content=\"1 minuto\" \/>\n<script type=\"application\/ld+json\" class=\"yoast-schema-graph\">{\"@context\":\"https:\/\/schema.org\",\"@graph\":[{\"@type\":\"Article\",\"@id\":\"https:\/\/www.amatimmobiliaris.com\/w\/2017\/12\/espectacular-atico-con-gran-terraza-y-orientacion-privilegiada\/#article\",\"isPartOf\":{\"@id\":\"https:\/\/www.amatimmobiliaris.com\/w\/2017\/12\/espectacular-atico-con-gran-terraza-y-orientacion-privilegiada\/\"},\"author\":{\"name\":\"Amat Immobiliaris\",\"@id\":\"https:\/\/www.amatimmobiliaris.com\/w\/#\/schema\/person\/c880da71d1e156e7ea6774ffb445e034\"},\"headline\":\"VENDIDO: Espectacular \u00e1tico con gran terraza y orientaci\u00f3n privilegiada\",\"datePublished\":\"2017-12-05T12:23:12+00:00\",\"dateModified\":\"2023-05-11T09:08:34+00:00\",\"mainEntityOfPage\":{\"@id\":\"https:\/\/www.amatimmobiliaris.com\/w\/2017\/12\/espectacular-atico-con-gran-terraza-y-orientacion-privilegiada\/\"},\"wordCount\":210,\"publisher\":{\"@id\":\"https:\/\/www.amatimmobiliaris.com\/w\/#organization\"},\"image\":{\"@id\":\"https:\/\/www.amatimmobiliaris.com\/w\/2017\/12\/espectacular-atico-con-gran-terraza-y-orientacion-privilegiada\/#primaryimage\"},\"thumbnailUrl\":\"https:\/\/www.amatimmobiliaris.com\/w\/wp-content\/uploads\/2022\/01\/30fachada-3.jpg\",\"keywords\":[\"\u00c1tico\",\"Habitaci\u00f3n\",\"Terraza\"],\"articleSection\":[\"Pisos destacados\"],\"inLanguage\":\"es\"},{\"@type\":\"WebPage\",\"@id\":\"https:\/\/www.amatimmobiliaris.com\/w\/2017\/12\/espectacular-atico-con-gran-terraza-y-orientacion-privilegiada\/\",\"url\":\"https:\/\/www.amatimmobiliaris.com\/w\/2017\/12\/espectacular-atico-con-gran-terraza-y-orientacion-privilegiada\/\",\"name\":\"VENDIDO: Espectacular \u00e1tico con gran terraza y orientaci\u00f3n privilegiada | Amat Immobiliaris\",\"isPartOf\":{\"@id\":\"https:\/\/www.amatimmobiliaris.com\/w\/#website\"},\"primaryImageOfPage\":{\"@id\":\"https:\/\/www.amatimmobiliaris.com\/w\/2017\/12\/espectacular-atico-con-gran-terraza-y-orientacion-privilegiada\/#primaryimage\"},\"image\":{\"@id\":\"https:\/\/www.amatimmobiliaris.com\/w\/2017\/12\/espectacular-atico-con-gran-terraza-y-orientacion-privilegiada\/#primaryimage\"},\"thumbnailUrl\":\"https:\/\/www.amatimmobiliaris.com\/w\/wp-content\/uploads\/2022\/01\/30fachada-3.jpg\",\"datePublished\":\"2017-12-05T12:23:12+00:00\",\"dateModified\":\"2023-05-11T09:08:34+00:00\",\"breadcrumb\":{\"@id\":\"https:\/\/www.amatimmobiliaris.com\/w\/2017\/12\/espectacular-atico-con-gran-terraza-y-orientacion-privilegiada\/#breadcrumb\"},\"inLanguage\":\"es\",\"potentialAction\":[{\"@type\":\"ReadAction\",\"target\":[\"https:\/\/www.amatimmobiliaris.com\/w\/2017\/12\/espectacular-atico-con-gran-terraza-y-orientacion-privilegiada\/\"]}]},{\"@type\":\"ImageObject\",\"inLanguage\":\"es\",\"@id\":\"https:\/\/www.amatimmobiliaris.com\/w\/2017\/12\/espectacular-atico-con-gran-terraza-y-orientacion-privilegiada\/#primaryimage\",\"url\":\"https:\/\/www.amatimmobiliaris.com\/w\/wp-content\/uploads\/2022\/01\/30fachada-3.jpg\",\"contentUrl\":\"https:\/\/www.amatimmobiliaris.com\/w\/wp-content\/uploads\/2022\/01\/30fachada-3.jpg\",\"width\":1920,\"height\":1275},{\"@type\":\"BreadcrumbList\",\"@id\":\"https:\/\/www.amatimmobiliaris.com\/w\/2017\/12\/espectacular-atico-con-gran-terraza-y-orientacion-privilegiada\/#breadcrumb\",\"itemListElement\":[{\"@type\":\"ListItem\",\"position\":1,\"name\":\"Home\",\"item\":\"https:\/\/www.amatimmobiliaris.com\/w\/\"},{\"@type\":\"ListItem\",\"position\":2,\"name\":\"Pisos destacados\",\"item\":\"https:\/\/www.amatimmobiliaris.com\/w\/category\/pisos-destacados\/\"},{\"@type\":\"ListItem\",\"position\":3,\"name\":\"VENDIDO: Espectacular \u00e1tico con gran terraza y orientaci\u00f3n privilegiada\"}]},{\"@type\":\"WebSite\",\"@id\":\"https:\/\/www.amatimmobiliaris.com\/w\/#website\",\"url\":\"https:\/\/www.amatimmobiliaris.com\/w\/\",\"name\":\"Amat Immobiliaris\",\"description\":\"Empresa familiar del sector inmobiliario con oficinas en Barcelona, Sant Cugat del Vall\u00e9s y Sant Just Desvern. Te ayudamos a comprar, alquilar o vender tu casa o piso. Somos un equipo coherente con una cultura de empresa honesta, innovadora y eficaz. Tambi\u00e9n en www.amatluxury.com\",\"publisher\":{\"@id\":\"https:\/\/www.amatimmobiliaris.com\/w\/#organization\"},\"alternateName\":\"AmatImmo\",\"potentialAction\":[{\"@type\":\"SearchAction\",\"target\":{\"@type\":\"EntryPoint\",\"urlTemplate\":\"https:\/\/www.amatimmobiliaris.com\/w\/?s={search_term_string}\"},\"query-input\":{\"@type\":\"PropertyValueSpecification\",\"valueRequired\":true,\"valueName\":\"search_term_string\"}}],\"inLanguage\":\"es\"},{\"@type\":\"Organization\",\"@id\":\"https:\/\/www.amatimmobiliaris.com\/w\/#organization\",\"name\":\"Amat Immobiliaris\",\"url\":\"https:\/\/www.amatimmobiliaris.com\/w\/\",\"logo\":{\"@type\":\"ImageObject\",\"inLanguage\":\"es\",\"@id\":\"https:\/\/www.amatimmobiliaris.com\/w\/#\/schema\/logo\/image\/\",\"url\":\"https:\/\/www.amatimmobiliaris.com\/w\/wp-content\/uploads\/2022\/10\/amat-logo.jpg\",\"contentUrl\":\"https:\/\/www.amatimmobiliaris.com\/w\/wp-content\/uploads\/2022\/10\/amat-logo.jpg\",\"width\":900,\"height\":900,\"caption\":\"Amat Immobiliaris\"},\"image\":{\"@id\":\"https:\/\/www.amatimmobiliaris.com\/w\/#\/schema\/logo\/image\/\"},\"sameAs\":[\"https:\/\/www.facebook.com\/amatimmobiliaris\",\"https:\/\/x.com\/amat_cat\",\"https:\/\/www.instagram.com\/amat_immo\/\",\"https:\/\/www.linkedin.com\/company\/amat-finques\/\",\"https:\/\/www.youtube.com\/@amatimmobiliaris\"]},{\"@type\":\"Person\",\"@id\":\"https:\/\/www.amatimmobiliaris.com\/w\/#\/schema\/person\/c880da71d1e156e7ea6774ffb445e034\",\"name\":\"Amat Immobiliaris\",\"sameAs\":[\"http:\/\/amat-inmo-wp.localhost\"]}]}<\/script>\n<!-- \/ Yoast SEO plugin. -->","yoast_head_json":{"title":"VENDIDO: Espectacular \u00e1tico con gran terraza y orientaci\u00f3n privilegiada | Amat Immobiliaris","robots":{"index":"index","follow":"follow","max-snippet":"max-snippet:-1","max-image-preview":"max-image-preview:large","max-video-preview":"max-video-preview:-1"},"canonical":"https:\/\/www.amatimmobiliaris.com\/w\/2017\/12\/espectacular-atico-con-gran-terraza-y-orientacion-privilegiada\/","og_locale":"es_ES","og_type":"article","og_title":"VENDIDO: Espectacular \u00e1tico con gran terraza y orientaci\u00f3n privilegiada | Amat Immobiliaris","og_description":"Vivir en un \u00e1tico con terraza te cambiar\u00e1 la vida. La buena orientaci\u00f3n de este \u00e1tico (Sureste), nos permite disfrutar de las mejores horas de sol durante todo el a\u00f1o. Situado en un barrio tranquilo y muy bien comunicado con metro L4, autobuses, rondas y rodeado de todo tipo de servicios: supermercados, tiendas, colegios y [&hellip;]","og_url":"https:\/\/www.amatimmobiliaris.com\/w\/2017\/12\/espectacular-atico-con-gran-terraza-y-orientacion-privilegiada\/","og_site_name":"Amat Immobiliaris","article_publisher":"https:\/\/www.facebook.com\/amatimmobiliaris","article_published_time":"2017-12-05T12:23:12+00:00","article_modified_time":"2023-05-11T09:08:34+00:00","og_image":[{"width":1920,"height":1275,"url":"https:\/\/www.amatimmobiliaris.com\/w\/wp-content\/uploads\/2022\/01\/30fachada-3.jpg","type":"image\/jpeg"}],"author":"Amat Immobiliaris","twitter_card":"summary_large_image","twitter_creator":"@amat_cat","twitter_site":"@amat_cat","twitter_misc":{"Escrito por":"Amat Immobiliaris","Tiempo de lectura":"1 minuto"},"schema":{"@context":"https:\/\/schema.org","@graph":[{"@type":"Article","@id":"https:\/\/www.amatimmobiliaris.com\/w\/2017\/12\/espectacular-atico-con-gran-terraza-y-orientacion-privilegiada\/#article","isPartOf":{"@id":"https:\/\/www.amatimmobiliaris.com\/w\/2017\/12\/espectacular-atico-con-gran-terraza-y-orientacion-privilegiada\/"},"author":{"name":"Amat Immobiliaris","@id":"https:\/\/www.amatimmobiliaris.com\/w\/#\/schema\/person\/c880da71d1e156e7ea6774ffb445e034"},"headline":"VENDIDO: Espectacular \u00e1tico con gran terraza y orientaci\u00f3n privilegiada","datePublished":"2017-12-05T12:23:12+00:00","dateModified":"2023-05-11T09:08:34+00:00","mainEntityOfPage":{"@id":"https:\/\/www.amatimmobiliaris.com\/w\/2017\/12\/espectacular-atico-con-gran-terraza-y-orientacion-privilegiada\/"},"wordCount":210,"publisher":{"@id":"https:\/\/www.amatimmobiliaris.com\/w\/#organization"},"image":{"@id":"https:\/\/www.amatimmobiliaris.com\/w\/2017\/12\/espectacular-atico-con-gran-terraza-y-orientacion-privilegiada\/#primaryimage"},"thumbnailUrl":"https:\/\/www.amatimmobiliaris.com\/w\/wp-content\/uploads\/2022\/01\/30fachada-3.jpg","keywords":["\u00c1tico","Habitaci\u00f3n","Terraza"],"articleSection":["Pisos destacados"],"inLanguage":"es"},{"@type":"WebPage","@id":"https:\/\/www.amatimmobiliaris.com\/w\/2017\/12\/espectacular-atico-con-gran-terraza-y-orientacion-privilegiada\/","url":"https:\/\/www.amatimmobiliaris.com\/w\/2017\/12\/espectacular-atico-con-gran-terraza-y-orientacion-privilegiada\/","name":"VENDIDO: Espectacular \u00e1tico con gran terraza y orientaci\u00f3n privilegiada | Amat Immobiliaris","isPartOf":{"@id":"https:\/\/www.amatimmobiliaris.com\/w\/#website"},"primaryImageOfPage":{"@id":"https:\/\/www.amatimmobiliaris.com\/w\/2017\/12\/espectacular-atico-con-gran-terraza-y-orientacion-privilegiada\/#primaryimage"},"image":{"@id":"https:\/\/www.amatimmobiliaris.com\/w\/2017\/12\/espectacular-atico-con-gran-terraza-y-orientacion-privilegiada\/#primaryimage"},"thumbnailUrl":"https:\/\/www.amatimmobiliaris.com\/w\/wp-content\/uploads\/2022\/01\/30fachada-3.jpg","datePublished":"2017-12-05T12:23:12+00:00","dateModified":"2023-05-11T09:08:34+00:00","breadcrumb":{"@id":"https:\/\/www.amatimmobiliaris.com\/w\/2017\/12\/espectacular-atico-con-gran-terraza-y-orientacion-privilegiada\/#breadcrumb"},"inLanguage":"es","potentialAction":[{"@type":"ReadAction","target":["https:\/\/www.amatimmobiliaris.com\/w\/2017\/12\/espectacular-atico-con-gran-terraza-y-orientacion-privilegiada\/"]}]},{"@type":"ImageObject","inLanguage":"es","@id":"https:\/\/www.amatimmobiliaris.com\/w\/2017\/12\/espectacular-atico-con-gran-terraza-y-orientacion-privilegiada\/#primaryimage","url":"https:\/\/www.amatimmobiliaris.com\/w\/wp-content\/uploads\/2022\/01\/30fachada-3.jpg","contentUrl":"https:\/\/www.amatimmobiliaris.com\/w\/wp-content\/uploads\/2022\/01\/30fachada-3.jpg","width":1920,"height":1275},{"@type":"BreadcrumbList","@id":"https:\/\/www.amatimmobiliaris.com\/w\/2017\/12\/espectacular-atico-con-gran-terraza-y-orientacion-privilegiada\/#breadcrumb","itemListElement":[{"@type":"ListItem","position":1,"name":"Home","item":"https:\/\/www.amatimmobiliaris.com\/w\/"},{"@type":"ListItem","position":2,"name":"Pisos destacados","item":"https:\/\/www.amatimmobiliaris.com\/w\/category\/pisos-destacados\/"},{"@type":"ListItem","position":3,"name":"VENDIDO: Espectacular \u00e1tico con gran terraza y orientaci\u00f3n privilegiada"}]},{"@type":"WebSite","@id":"https:\/\/www.amatimmobiliaris.com\/w\/#website","url":"https:\/\/www.amatimmobiliaris.com\/w\/","name":"Amat Immobiliaris","description":"Empresa familiar del sector inmobiliario con oficinas en Barcelona, Sant Cugat del Vall\u00e9s y Sant Just Desvern. Te ayudamos a comprar, alquilar o vender tu casa o piso. Somos un equipo coherente con una cultura de empresa honesta, innovadora y eficaz. Tambi\u00e9n en www.amatluxury.com","publisher":{"@id":"https:\/\/www.amatimmobiliaris.com\/w\/#organization"},"alternateName":"AmatImmo","potentialAction":[{"@type":"SearchAction","target":{"@type":"EntryPoint","urlTemplate":"https:\/\/www.amatimmobiliaris.com\/w\/?s={search_term_string}"},"query-input":{"@type":"PropertyValueSpecification","valueRequired":true,"valueName":"search_term_string"}}],"inLanguage":"es"},{"@type":"Organization","@id":"https:\/\/www.amatimmobiliaris.com\/w\/#organization","name":"Amat Immobiliaris","url":"https:\/\/www.amatimmobiliaris.com\/w\/","logo":{"@type":"ImageObject","inLanguage":"es","@id":"https:\/\/www.amatimmobiliaris.com\/w\/#\/schema\/logo\/image\/","url":"https:\/\/www.amatimmobiliaris.com\/w\/wp-content\/uploads\/2022\/10\/amat-logo.jpg","contentUrl":"https:\/\/www.amatimmobiliaris.com\/w\/wp-content\/uploads\/2022\/10\/amat-logo.jpg","width":900,"height":900,"caption":"Amat Immobiliaris"},"image":{"@id":"https:\/\/www.amatimmobiliaris.com\/w\/#\/schema\/logo\/image\/"},"sameAs":["https:\/\/www.facebook.com\/amatimmobiliaris","https:\/\/x.com\/amat_cat","https:\/\/www.instagram.com\/amat_immo\/","https:\/\/www.linkedin.com\/company\/amat-finques\/","https:\/\/www.youtube.com\/@amatimmobiliaris"]},{"@type":"Person","@id":"https:\/\/www.amatimmobiliaris.com\/w\/#\/schema\/person\/c880da71d1e156e7ea6774ffb445e034","name":"Amat Immobiliaris","sameAs":["http:\/\/amat-inmo-wp.localhost"]}]}},"_links":{"self":[{"href":"https:\/\/www.amatimmobiliaris.com\/w\/wp-json\/wp\/v2\/posts\/15019"}],"collection":[{"href":"https:\/\/www.amatimmobiliaris.com\/w\/wp-json\/wp\/v2\/posts"}],"about":[{"href":"https:\/\/www.amatimmobiliaris.com\/w\/wp-json\/wp\/v2\/types\/post"}],"author":[{"embeddable":true,"href":"https:\/\/www.amatimmobiliaris.com\/w\/wp-json\/wp\/v2\/users\/1"}],"replies":[{"embeddable":true,"href":"https:\/\/www.amatimmobiliaris.com\/w\/wp-json\/wp\/v2\/comments?post=15019"}],"version-history":[{"count":1,"href":"https:\/\/www.amatimmobiliaris.com\/w\/wp-json\/wp\/v2\/posts\/15019\/revisions"}],"predecessor-version":[{"id":24671,"href":"https:\/\/www.amatimmobiliaris.com\/w\/wp-json\/wp\/v2\/posts\/15019\/revisions\/24671"}],"wp:featuredmedia":[{"embeddable":true,"href":"https:\/\/www.amatimmobiliaris.com\/w\/wp-json\/wp\/v2\/media\/15020"}],"wp:attachment":[{"href":"https:\/\/www.amatimmobiliaris.com\/w\/wp-json\/wp\/v2\/media?parent=15019"}],"wp:term":[{"taxonomy":"category","embeddable":true,"href":"https:\/\/www.amatimmobiliaris.com\/w\/wp-json\/wp\/v2\/categories?post=15019"},{"taxonomy":"post_tag","embeddable":true,"href":"https:\/\/www.amatimmobiliaris.com\/w\/wp-json\/wp\/v2\/tags?post=15019"}],"curies":[{"name":"wp","href":"https:\/\/api.w.org\/{rel}","templated":true}]}}