{"id":15017,"date":"2017-11-23T08:52:38","date_gmt":"2017-11-23T08:52:38","guid":{"rendered":"http:\/\/amat-inmo-wp.localhost\/2017\/11\/23\/octubre-que-mes\/"},"modified":"2023-04-27T14:42:06","modified_gmt":"2023-04-27T14:42:06","slug":"octubre-que-mes","status":"publish","type":"post","link":"https:\/\/www.amatimmobiliaris.com\/w\/2017\/11\/octubre-que-mes\/","title":{"rendered":"Octubre, \u00a1qu\u00e9 mes!"},"content":{"rendered":"<p>Este mes de octubre ha sido un mes muy contradictorio.<\/p>\n<p><strong>\u00bfQu\u00e9 ha sido positivo?<\/strong><\/p>\n<p>En AMAT hemos hecho una gran inversi\u00f3n con la apertura de una <a title=\"nueva oficina en el centro de Sant Cugat\" href=\"https:\/\/www.amatimmobiliaris.com\/w\/contacto\/#ofi-sc\" target=\"_blank\" rel=\"noopener\">nueva oficina en el centro de Sant Cugat<\/a>, Av. Rius i Taulet n\u00ba 17. Es una oficina grande, de 260 m2, luminosa, moderna y funcional, con la intenci\u00f3n de dar el mejor servicio posible a nuestros clientes.<\/p>\n<p>Para Joana y para m\u00ed ha sido una satisfacci\u00f3n extraordinaria que nos fuera otorgado el <a href=\"https:\/\/www.amatimmobiliaris.com\/w\/2017\/10\/immaculada-joana-amat-recogen-premio-personalidad-cecot\/\" target=\"_blank\" rel=\"noopener\">Premio Personalidades de la CECOT 2017<\/a> y que la entrega nos la hiciera el muy Honorable Presidente de la Generalitat, Carles Puigdemont.<\/p>\n<p>Para comercial, el <a href=\"https:\/\/www.facebook.com\/media\/set\/?set=a.1674694719241472.1073741906.274033052640986&amp;type=1&amp;l=1e94c2176f\" target=\"_blank\" rel=\"noopener nofollow\" class=\"broken_link\">\u00e9xito en la feria Barcelona Meeting Point<\/a>. Este a\u00f1o ha sido un Meeting Point con m\u00e1s expositores, m\u00e1s visitantes, m\u00e1s contactos. Ya hemos hecho dos operaciones derivadas de informaci\u00f3n facilitada durante aquellos d\u00edas.<\/p>\n<p><strong>\u00bfQu\u00e9 ha sido una constante?<\/strong><\/p>\n<p>Las preguntas en todo momento, en especial durante la feria, sobre si por causa de la situaci\u00f3n que estamos viviendo como pa\u00eds han ca\u00eddo las ventas y los alquileres, que si el mercado ha ca\u00eddo much\u00edsimo, que si se van las inversiones, .. .<\/p>\n<p>Nosotros, como siempre, hablamos desde nuestra realidad, y este mes de octubre hemos hecho:<\/p>\n<ul>\n<li>En venta,\u00a0sumando\u00a0obra nueva y segunda mano, un 12% m\u00e1s de operaciones que en septiembre.<\/li>\n<li>En alquiler,\u00a0un 26% m\u00e1s que en septiembre.<\/li>\n<\/ul>\n<p>Cabe destacar, sin embargo, que seguro que lo ha favorecido el hecho que hemos empezado la comercializaci\u00f3n de una promoci\u00f3n precisamente este octubre. Seguramente, en algunas otras zonas ha habido un paro, pero puede que no sea malo para el sector. Corr\u00edamos demasiado. Ya sabemos que no gustar\u00e1 nuestra opini\u00f3n, pero para un mercado no es bueno que los precios del suelo suban tan r\u00e1pido en Barcelona y alrededores pues este incremento, como es normal, se traslada al precio de las viviendas y quiz\u00e1s llegue demasiado pronto el momento en que oferta y demanda ya no estar\u00e1n alineadas.<\/p>\n<p>Cuando hablamos de vivienda de lujo e inversiones es verdad que hay un cierto par\u00f3n, pero ninguno de los inversores con los que hace a\u00f1os que trabajamos se ha marchado. A lo sumo est\u00e1 expectante, y es normal en un momento en que hay una cierta inseguridad.<\/p>\n<p><strong>\u00bfQu\u00e9 nos entristece?<\/strong><\/p>\n<p>Que haya encarcelados por raz\u00f3n de sus ideas.<br \/>\nNos encontramos en momentos complicados, \u00a1pero saldremos!<\/p>\n","protected":false},"excerpt":{"rendered":"<p>Este mes de octubre ha sido un mes muy contradictorio. \u00bfQu\u00e9 ha sido positivo? En AMAT hemos hecho una gran inversi\u00f3n con la apertura de una nueva oficina en el centro de Sant Cugat, Av. Rius i Taulet n\u00ba 17. Es una oficina grande, de 260 m2, luminosa, moderna y funcional, con la intenci\u00f3n de [&hellip;]<\/p>\n","protected":false},"author":1,"featured_media":0,"comment_status":"closed","ping_status":"closed","sticky":false,"template":"","format":"standard","meta":{"content-type":"","footnotes":""},"categories":[741],"tags":[1121],"yoast_head":"<!-- This site is optimized with the Yoast SEO plugin v23.9 - https:\/\/yoast.com\/wordpress\/plugins\/seo\/ -->\n<title>Octubre, \u00a1qu\u00e9 mes! | Amat Immobiliaris<\/title>\n<meta name=\"robots\" content=\"index, follow, max-snippet:-1, max-image-preview:large, max-video-preview:-1\" \/>\n<link rel=\"canonical\" href=\"https:\/\/www.amatimmobiliaris.com\/w\/2017\/11\/octubre-que-mes\/\" \/>\n<meta property=\"og:locale\" content=\"es_ES\" \/>\n<meta property=\"og:type\" content=\"article\" \/>\n<meta property=\"og:title\" content=\"Octubre, \u00a1qu\u00e9 mes! | Amat Immobiliaris\" \/>\n<meta property=\"og:description\" content=\"Este mes de octubre ha sido un mes muy contradictorio. \u00bfQu\u00e9 ha sido positivo? En AMAT hemos hecho una gran inversi\u00f3n con la apertura de una nueva oficina en el centro de Sant Cugat, Av. Rius i Taulet n\u00ba 17. Es una oficina grande, de 260 m2, luminosa, moderna y funcional, con la intenci\u00f3n de [&hellip;]\" \/>\n<meta property=\"og:url\" content=\"https:\/\/www.amatimmobiliaris.com\/w\/2017\/11\/octubre-que-mes\/\" \/>\n<meta property=\"og:site_name\" content=\"Amat Immobiliaris\" \/>\n<meta property=\"article:publisher\" content=\"https:\/\/www.facebook.com\/amatimmobiliaris\" \/>\n<meta property=\"article:published_time\" content=\"2017-11-23T08:52:38+00:00\" \/>\n<meta property=\"article:modified_time\" content=\"2023-04-27T14:42:06+00:00\" \/>\n<meta property=\"og:image\" content=\"https:\/\/www.amatimmobiliaris.com\/w\/wp-content\/uploads\/2022\/01\/2014-Saga-familiar-Amat-dw-1-1024x683.jpg\" \/>\n\t<meta property=\"og:image:width\" content=\"1024\" \/>\n\t<meta property=\"og:image:height\" content=\"683\" \/>\n\t<meta property=\"og:image:type\" content=\"image\/jpeg\" \/>\n<meta name=\"author\" content=\"Amat Immobiliaris\" \/>\n<meta name=\"twitter:card\" content=\"summary_large_image\" \/>\n<meta name=\"twitter:creator\" content=\"@amat_cat\" \/>\n<meta name=\"twitter:site\" content=\"@amat_cat\" \/>\n<meta name=\"twitter:label1\" content=\"Escrito por\" \/>\n\t<meta name=\"twitter:data1\" content=\"Amat Immobiliaris\" \/>\n\t<meta name=\"twitter:label2\" content=\"Tiempo de lectura\" \/>\n\t<meta name=\"twitter:data2\" content=\"2 minutos\" \/>\n<script type=\"application\/ld+json\" class=\"yoast-schema-graph\">{\"@context\":\"https:\/\/schema.org\",\"@graph\":[{\"@type\":\"Article\",\"@id\":\"https:\/\/www.amatimmobiliaris.com\/w\/2017\/11\/octubre-que-mes\/#article\",\"isPartOf\":{\"@id\":\"https:\/\/www.amatimmobiliaris.com\/w\/2017\/11\/octubre-que-mes\/\"},\"author\":{\"name\":\"Amat Immobiliaris\",\"@id\":\"https:\/\/www.amatimmobiliaris.com\/w\/#\/schema\/person\/c880da71d1e156e7ea6774ffb445e034\"},\"headline\":\"Octubre, \u00a1qu\u00e9 mes!\",\"datePublished\":\"2017-11-23T08:52:38+00:00\",\"dateModified\":\"2023-04-27T14:42:06+00:00\",\"mainEntityOfPage\":{\"@id\":\"https:\/\/www.amatimmobiliaris.com\/w\/2017\/11\/octubre-que-mes\/\"},\"wordCount\":408,\"publisher\":{\"@id\":\"https:\/\/www.amatimmobiliaris.com\/w\/#organization\"},\"keywords\":[\"Premio\"],\"articleSection\":[\"El mundo Amat\"],\"inLanguage\":\"es\"},{\"@type\":\"WebPage\",\"@id\":\"https:\/\/www.amatimmobiliaris.com\/w\/2017\/11\/octubre-que-mes\/\",\"url\":\"https:\/\/www.amatimmobiliaris.com\/w\/2017\/11\/octubre-que-mes\/\",\"name\":\"Octubre, \u00a1qu\u00e9 mes! | Amat Immobiliaris\",\"isPartOf\":{\"@id\":\"https:\/\/www.amatimmobiliaris.com\/w\/#website\"},\"datePublished\":\"2017-11-23T08:52:38+00:00\",\"dateModified\":\"2023-04-27T14:42:06+00:00\",\"breadcrumb\":{\"@id\":\"https:\/\/www.amatimmobiliaris.com\/w\/2017\/11\/octubre-que-mes\/#breadcrumb\"},\"inLanguage\":\"es\",\"potentialAction\":[{\"@type\":\"ReadAction\",\"target\":[\"https:\/\/www.amatimmobiliaris.com\/w\/2017\/11\/octubre-que-mes\/\"]}]},{\"@type\":\"BreadcrumbList\",\"@id\":\"https:\/\/www.amatimmobiliaris.com\/w\/2017\/11\/octubre-que-mes\/#breadcrumb\",\"itemListElement\":[{\"@type\":\"ListItem\",\"position\":1,\"name\":\"Home\",\"item\":\"https:\/\/www.amatimmobiliaris.com\/w\/\"},{\"@type\":\"ListItem\",\"position\":2,\"name\":\"El mundo Amat\",\"item\":\"https:\/\/www.amatimmobiliaris.com\/w\/category\/el-mundo-amat\/\"},{\"@type\":\"ListItem\",\"position\":3,\"name\":\"Octubre, \u00a1qu\u00e9 mes!\"}]},{\"@type\":\"WebSite\",\"@id\":\"https:\/\/www.amatimmobiliaris.com\/w\/#website\",\"url\":\"https:\/\/www.amatimmobiliaris.com\/w\/\",\"name\":\"Amat Immobiliaris\",\"description\":\"Empresa familiar del sector inmobiliario con oficinas en Barcelona, Sant Cugat del Vall\u00e9s y Sant Just Desvern. Te ayudamos a comprar, alquilar o vender tu casa o piso. Somos un equipo coherente con una cultura de empresa honesta, innovadora y eficaz. Tambi\u00e9n en www.amatluxury.com\",\"publisher\":{\"@id\":\"https:\/\/www.amatimmobiliaris.com\/w\/#organization\"},\"alternateName\":\"AmatImmo\",\"potentialAction\":[{\"@type\":\"SearchAction\",\"target\":{\"@type\":\"EntryPoint\",\"urlTemplate\":\"https:\/\/www.amatimmobiliaris.com\/w\/?s={search_term_string}\"},\"query-input\":{\"@type\":\"PropertyValueSpecification\",\"valueRequired\":true,\"valueName\":\"search_term_string\"}}],\"inLanguage\":\"es\"},{\"@type\":\"Organization\",\"@id\":\"https:\/\/www.amatimmobiliaris.com\/w\/#organization\",\"name\":\"Amat Immobiliaris\",\"url\":\"https:\/\/www.amatimmobiliaris.com\/w\/\",\"logo\":{\"@type\":\"ImageObject\",\"inLanguage\":\"es\",\"@id\":\"https:\/\/www.amatimmobiliaris.com\/w\/#\/schema\/logo\/image\/\",\"url\":\"https:\/\/www.amatimmobiliaris.com\/w\/wp-content\/uploads\/2022\/10\/amat-logo.jpg\",\"contentUrl\":\"https:\/\/www.amatimmobiliaris.com\/w\/wp-content\/uploads\/2022\/10\/amat-logo.jpg\",\"width\":900,\"height\":900,\"caption\":\"Amat Immobiliaris\"},\"image\":{\"@id\":\"https:\/\/www.amatimmobiliaris.com\/w\/#\/schema\/logo\/image\/\"},\"sameAs\":[\"https:\/\/www.facebook.com\/amatimmobiliaris\",\"https:\/\/x.com\/amat_cat\",\"https:\/\/www.instagram.com\/amat_immo\/\",\"https:\/\/www.linkedin.com\/company\/amat-finques\/\",\"https:\/\/www.youtube.com\/@amatimmobiliaris\"]},{\"@type\":\"Person\",\"@id\":\"https:\/\/www.amatimmobiliaris.com\/w\/#\/schema\/person\/c880da71d1e156e7ea6774ffb445e034\",\"name\":\"Amat Immobiliaris\",\"sameAs\":[\"http:\/\/amat-inmo-wp.localhost\"]}]}<\/script>\n<!-- \/ Yoast SEO plugin. -->","yoast_head_json":{"title":"Octubre, \u00a1qu\u00e9 mes! | Amat Immobiliaris","robots":{"index":"index","follow":"follow","max-snippet":"max-snippet:-1","max-image-preview":"max-image-preview:large","max-video-preview":"max-video-preview:-1"},"canonical":"https:\/\/www.amatimmobiliaris.com\/w\/2017\/11\/octubre-que-mes\/","og_locale":"es_ES","og_type":"article","og_title":"Octubre, \u00a1qu\u00e9 mes! | Amat Immobiliaris","og_description":"Este mes de octubre ha sido un mes muy contradictorio. \u00bfQu\u00e9 ha sido positivo? En AMAT hemos hecho una gran inversi\u00f3n con la apertura de una nueva oficina en el centro de Sant Cugat, Av. Rius i Taulet n\u00ba 17. Es una oficina grande, de 260 m2, luminosa, moderna y funcional, con la intenci\u00f3n de [&hellip;]","og_url":"https:\/\/www.amatimmobiliaris.com\/w\/2017\/11\/octubre-que-mes\/","og_site_name":"Amat Immobiliaris","article_publisher":"https:\/\/www.facebook.com\/amatimmobiliaris","article_published_time":"2017-11-23T08:52:38+00:00","article_modified_time":"2023-04-27T14:42:06+00:00","og_image":[{"width":1024,"height":683,"url":"https:\/\/www.amatimmobiliaris.com\/w\/wp-content\/uploads\/2022\/01\/2014-Saga-familiar-Amat-dw-1-1024x683.jpg","type":"image\/jpeg"}],"author":"Amat Immobiliaris","twitter_card":"summary_large_image","twitter_creator":"@amat_cat","twitter_site":"@amat_cat","twitter_misc":{"Escrito por":"Amat Immobiliaris","Tiempo de lectura":"2 minutos"},"schema":{"@context":"https:\/\/schema.org","@graph":[{"@type":"Article","@id":"https:\/\/www.amatimmobiliaris.com\/w\/2017\/11\/octubre-que-mes\/#article","isPartOf":{"@id":"https:\/\/www.amatimmobiliaris.com\/w\/2017\/11\/octubre-que-mes\/"},"author":{"name":"Amat Immobiliaris","@id":"https:\/\/www.amatimmobiliaris.com\/w\/#\/schema\/person\/c880da71d1e156e7ea6774ffb445e034"},"headline":"Octubre, \u00a1qu\u00e9 mes!","datePublished":"2017-11-23T08:52:38+00:00","dateModified":"2023-04-27T14:42:06+00:00","mainEntityOfPage":{"@id":"https:\/\/www.amatimmobiliaris.com\/w\/2017\/11\/octubre-que-mes\/"},"wordCount":408,"publisher":{"@id":"https:\/\/www.amatimmobiliaris.com\/w\/#organization"},"keywords":["Premio"],"articleSection":["El mundo Amat"],"inLanguage":"es"},{"@type":"WebPage","@id":"https:\/\/www.amatimmobiliaris.com\/w\/2017\/11\/octubre-que-mes\/","url":"https:\/\/www.amatimmobiliaris.com\/w\/2017\/11\/octubre-que-mes\/","name":"Octubre, \u00a1qu\u00e9 mes! | Amat Immobiliaris","isPartOf":{"@id":"https:\/\/www.amatimmobiliaris.com\/w\/#website"},"datePublished":"2017-11-23T08:52:38+00:00","dateModified":"2023-04-27T14:42:06+00:00","breadcrumb":{"@id":"https:\/\/www.amatimmobiliaris.com\/w\/2017\/11\/octubre-que-mes\/#breadcrumb"},"inLanguage":"es","potentialAction":[{"@type":"ReadAction","target":["https:\/\/www.amatimmobiliaris.com\/w\/2017\/11\/octubre-que-mes\/"]}]},{"@type":"BreadcrumbList","@id":"https:\/\/www.amatimmobiliaris.com\/w\/2017\/11\/octubre-que-mes\/#breadcrumb","itemListElement":[{"@type":"ListItem","position":1,"name":"Home","item":"https:\/\/www.amatimmobiliaris.com\/w\/"},{"@type":"ListItem","position":2,"name":"El mundo Amat","item":"https:\/\/www.amatimmobiliaris.com\/w\/category\/el-mundo-amat\/"},{"@type":"ListItem","position":3,"name":"Octubre, \u00a1qu\u00e9 mes!"}]},{"@type":"WebSite","@id":"https:\/\/www.amatimmobiliaris.com\/w\/#website","url":"https:\/\/www.amatimmobiliaris.com\/w\/","name":"Amat Immobiliaris","description":"Empresa familiar del sector inmobiliario con oficinas en Barcelona, Sant Cugat del Vall\u00e9s y Sant Just Desvern. Te ayudamos a comprar, alquilar o vender tu casa o piso. Somos un equipo coherente con una cultura de empresa honesta, innovadora y eficaz. Tambi\u00e9n en www.amatluxury.com","publisher":{"@id":"https:\/\/www.amatimmobiliaris.com\/w\/#organization"},"alternateName":"AmatImmo","potentialAction":[{"@type":"SearchAction","target":{"@type":"EntryPoint","urlTemplate":"https:\/\/www.amatimmobiliaris.com\/w\/?s={search_term_string}"},"query-input":{"@type":"PropertyValueSpecification","valueRequired":true,"valueName":"search_term_string"}}],"inLanguage":"es"},{"@type":"Organization","@id":"https:\/\/www.amatimmobiliaris.com\/w\/#organization","name":"Amat Immobiliaris","url":"https:\/\/www.amatimmobiliaris.com\/w\/","logo":{"@type":"ImageObject","inLanguage":"es","@id":"https:\/\/www.amatimmobiliaris.com\/w\/#\/schema\/logo\/image\/","url":"https:\/\/www.amatimmobiliaris.com\/w\/wp-content\/uploads\/2022\/10\/amat-logo.jpg","contentUrl":"https:\/\/www.amatimmobiliaris.com\/w\/wp-content\/uploads\/2022\/10\/amat-logo.jpg","width":900,"height":900,"caption":"Amat Immobiliaris"},"image":{"@id":"https:\/\/www.amatimmobiliaris.com\/w\/#\/schema\/logo\/image\/"},"sameAs":["https:\/\/www.facebook.com\/amatimmobiliaris","https:\/\/x.com\/amat_cat","https:\/\/www.instagram.com\/amat_immo\/","https:\/\/www.linkedin.com\/company\/amat-finques\/","https:\/\/www.youtube.com\/@amatimmobiliaris"]},{"@type":"Person","@id":"https:\/\/www.amatimmobiliaris.com\/w\/#\/schema\/person\/c880da71d1e156e7ea6774ffb445e034","name":"Amat Immobiliaris","sameAs":["http:\/\/amat-inmo-wp.localhost"]}]}},"_links":{"self":[{"href":"https:\/\/www.amatimmobiliaris.com\/w\/wp-json\/wp\/v2\/posts\/15017"}],"collection":[{"href":"https:\/\/www.amatimmobiliaris.com\/w\/wp-json\/wp\/v2\/posts"}],"about":[{"href":"https:\/\/www.amatimmobiliaris.com\/w\/wp-json\/wp\/v2\/types\/post"}],"author":[{"embeddable":true,"href":"https:\/\/www.amatimmobiliaris.com\/w\/wp-json\/wp\/v2\/users\/1"}],"replies":[{"embeddable":true,"href":"https:\/\/www.amatimmobiliaris.com\/w\/wp-json\/wp\/v2\/comments?post=15017"}],"version-history":[{"count":2,"href":"https:\/\/www.amatimmobiliaris.com\/w\/wp-json\/wp\/v2\/posts\/15017\/revisions"}],"predecessor-version":[{"id":27168,"href":"https:\/\/www.amatimmobiliaris.com\/w\/wp-json\/wp\/v2\/posts\/15017\/revisions\/27168"}],"wp:attachment":[{"href":"https:\/\/www.amatimmobiliaris.com\/w\/wp-json\/wp\/v2\/media?parent=15017"}],"wp:term":[{"taxonomy":"category","embeddable":true,"href":"https:\/\/www.amatimmobiliaris.com\/w\/wp-json\/wp\/v2\/categories?post=15017"},{"taxonomy":"post_tag","embeddable":true,"href":"https:\/\/www.amatimmobiliaris.com\/w\/wp-json\/wp\/v2\/tags?post=15017"}],"curies":[{"name":"wp","href":"https:\/\/api.w.org\/{rel}","templated":true}]}}