{"id":14898,"date":"2017-09-27T11:02:45","date_gmt":"2017-09-27T11:02:45","guid":{"rendered":"http:\/\/amat-inmo-wp.localhost\/2017\/09\/27\/mercado-venta-vuelve-estar-activo\/"},"modified":"2023-05-11T08:13:42","modified_gmt":"2023-05-11T08:13:42","slug":"mercado-venta-vuelve-estar-activo","status":"publish","type":"post","link":"https:\/\/www.amatimmobiliaris.com\/w\/2017\/09\/mercado-venta-vuelve-estar-activo\/","title":{"rendered":"El mercado de venta vuelve a estar activo"},"content":{"rendered":"<p style=\"text-align: justify;\">Como cada a\u00f1o recogemos los <strong><a href=\"https:\/\/issuu.com\/amatimmobiliaris\/docs\/informe_amat_mercado_inmobiliario_m_d74b14c0fc25dd\">datos del mercado inmobiliario<\/a><\/strong> para entender mejor su comportamiento. A contiuaci\u00f3n un resumen de c\u00f3mo se ha comportado el primer semestre de 2017 por lo que respecta al mercado de venta en Barcelona y su entorno.<\/p>\n<p style=\"text-align: justify;\"><strong>En general, el mercado de venta sigue estando muy activo, sobre todo en Obra Nueva, pero tenemos que ser prudentes, sobre todo con los precios y valoraciones, ya que los l\u00edmites de precios est\u00e1n muy claros y conviene alejarnos de posibles escenarios basados \u200b\u200b\u00fanicamente en expectativas de crecimiento de precios y no en la econom\u00eda real.<\/strong><\/p>\n<h3 style=\"text-align: justify;\"><strong>Oferta<\/strong><\/h3>\n<p style=\"text-align: justify;\">Desde el punto de vista de la oferta hay <strong>dos comportamientos diferentes<\/strong>. Si hablamos de Obra Nueva podemos decir que \u00e9sta se est\u00e1 normalizando en toda el \u00e1rea metropolitana. Ya se pueden encontrar bastantes proyectos tanto en la ciudad como en la primera corona de Barcelona. Si hablamos desde el punto de vista de la Segunda Mano, <strong>hay poca oferta y est\u00e1 fragmentada<\/strong> en much\u00edsimas inmobiliarias y en muchos casos sobre-valorada, sobre todo en la ciudad de Barcelona.<\/p>\n<p style=\"text-align: justify;\">En global, hemos tenido un <strong>aumento en n\u00famero de ventas del 47%<\/strong> respecto al mismo periodo de 2016, que ha significado un aumento del 65% en volumen. Si ponemos la lupa y analizamos qu\u00e9 ha sido Segunda Mano y que ha sido Obra Nueva, el incremento respecto a las ventas del mismo per\u00edodo del a\u00f1o anterior de Segunda Mano ha sido del 16% y de un 61% en el obra nueva.<\/p>\n<h3 style=\"text-align: justify;\"><strong>Evoluci\u00f3n Precios Segunda Mano<\/strong><\/h3>\n<p style=\"text-align: justify;\">Este an\u00e1lisis es dif\u00edcil de hacer en detalle ya que las caracter\u00edsticas de los inmuebles vendidos var\u00edan mucho de un per\u00edodo a otro y su precio va muy condicionado a estas caracter\u00edsticas, sobre todo a su estado y su ubicaci\u00f3n.<\/p>\n<ul style=\"text-align: justify;\">\n<li><strong>Barcelona:<\/strong><em>\u00a0 De\u00a0tendencia ascendente con un crecimiento medio anual del 2% en los \u00faltimos cuatro a\u00f1os y medio.<\/em><\/li>\n<li><strong>Sant Cugat:<\/strong><em> Es un caso singular ya que la crisis comenz\u00f3 cuando hab\u00eda unas condiciones de oferta excepcionales en el mercado, esto hizo que la ca\u00edda de precios fuera muy profunda y muy prolongada en el tiempo. En Amat contabilizamos una ca\u00edda en precio del 70%, incluso por debajo del precio objetivo que deber\u00eda tener una ciudad con los servicios de Sant Cugat. Hoy en d\u00eda podemos considerar que ya se ha recuperado el valor aproximado antes de la ca\u00edda, ya que en cuatro a\u00f1os y medio ya hemos recuperado un 67% en precio, aproximadamente un 15% anual.<\/em><\/li>\n<li><strong>Sant Just Desvern y su entorno:<\/strong><em> es un mercado muy maduro y a la vez m\u00e1s peque\u00f1o que otras zonas donde trabajamos. Por eso, las fluctuaciones suelen ser m\u00e1s moderadas. El incremento anual de estos \u00faltimos cuatro a\u00f1os y medio ha sido del 2%.<\/em><\/li>\n<\/ul>\n<p style=\"text-align: justify;\">En todas las \u00e1reas de trabajo la rotaci\u00f3n de venta en segunda mano se situ\u00f3 en 5 meses de media, el mismo valor que el mismo per\u00edodo del a\u00f1o anterior.<\/p>\n<h3 style=\"text-align: justify;\"><strong>Obra nueva<\/strong><\/h3>\n<p style=\"text-align: justify;\">Este mercado sigue estando muy activo. Ya hemos comentado que <strong>hemos tenido un incremento del 61% en n\u00famero de ventas de Obra Nueva<\/strong> respecto al mismo periodo de 2016. Las caracter\u00edsticas principales de este mercado son:<\/p>\n<ul style=\"text-align: justify;\">\n<li><em>Grandes proyectos fuera de la ciudad y proyectos m\u00e1s peque\u00f1os en la ciudad de Barcelona.<\/em><\/li>\n<li><em>Nuevas zonas respecto a hace un a\u00f1o, ya no s\u00f3lo en la primera corona de Barcelona, \u200b\u200bsino tambi\u00e9n en ciudades m\u00e1s alejadas como Matar\u00f3, Sabadell, etc.<\/em><\/li>\n<li><em>En determinadas zonas de la primera corona hay mucha competencia de diferentes promotores a la vez.<\/em><\/li>\n<li><em>Sigue predominando un comprador nacional, pero en algunos proyectos ya se ven compradores extranjeros apostando.<\/em><\/li>\n<li><em>Ritmo de venta muy elevado, de entre 8 y 10 pisos al mes.<\/em><\/li>\n<li><em>La edad media de los compradores es de 43 a\u00f1os.<\/em><\/li>\n<li><em>Una parte significativa de compradores provienen de la ciudad de Barcelona, \u200b\u200bsobre todo en la promoci\u00f3n de Sant Just Desvern.<\/em><\/li>\n<li><em>Recorrido en precio durante la comercializaci\u00f3n de entre el 10% y el 30% al alza dependiendo de cada proyecto.<\/em><\/li>\n<li><em>Un 74% de los compradores tienen intenci\u00f3n de financiar la compra.<\/em><\/li>\n<\/ul>\n<blockquote>\n<p style=\"text-align: right;\"><strong>De cara al futuro,<\/strong>\u00a0la clave est\u00e1 en saber entender hasta d\u00f3nde llega la capacidad econ\u00f3mica de los potenciales compradores<\/p>\n<\/blockquote>\n<p style=\"text-align: justify;\"><strong>De cara al futuro,<\/strong> la clave est\u00e1 en saber entender hasta d\u00f3nde llega la capacidad econ\u00f3mica de los potenciales compradores ya que, si el mercado no va realmente ligado a la econom\u00eda real, en poco tiempo se puede volver a romper o detener. Y para que esto se cumpla hay un hecho determinante, que es el precio del suelo. <strong>Un factor clave para contener el precio del suelo es que haya una correcta planificaci\u00f3n urban\u00edstica<\/strong> y, desde esta planificaci\u00f3n y de la nueva generaci\u00f3n de suelo, habr\u00e1 una cierta contenci\u00f3n de su precio y, consecuentemente, del precio final de los inmuebles.<\/p>\n<p style=\"text-align: justify;\"><strong>Entre finales de 2017 y 2018<\/strong> se prev\u00e9 la salida al mercado de proyectos significativos tanto en Barcelona como en su entorno. En la ciudad de Barcelona iniciar\u00e1 la comercializaci\u00f3n de algunos proyectos de referencia que esperamos signifiquen un paso adelante en la concepci\u00f3n residencial de la ciudad. Creemos que <strong>Hospitalet de Llobregat ser\u00e1 una de las localizaciones con m\u00e1s actividad en los pr\u00f3ximos meses<\/strong> ya que muchos proyectos interesantes saldr\u00e1n al mercado. Y Badalona, \u200b\u200bSant Cugat del Vall\u00e8s y Sant Just Desvern continuar\u00e1n manteniendo una alta actividad con nuevos proyectos que se ir\u00e1n incorporando a medida que otras comercializaciones se finalizan.<\/p>\n","protected":false},"excerpt":{"rendered":"<p>Como cada a\u00f1o recogemos los datos del mercado inmobiliario para entender mejor su comportamiento. A contiuaci\u00f3n un resumen de c\u00f3mo se ha comportado el primer semestre de 2017 por lo que respecta al mercado de venta en Barcelona y su entorno. En general, el mercado de venta sigue estando muy activo, sobre todo en Obra [&hellip;]<\/p>\n","protected":false},"author":1,"featured_media":0,"comment_status":"closed","ping_status":"closed","sticky":false,"template":"","format":"standard","meta":{"content-type":"","footnotes":""},"categories":[889],"tags":[1222,1748,1577,1570,1599,1750,1235,1765,1143,959,942,1809,962,1260],"yoast_head":"<!-- This site is optimized with the Yoast SEO plugin v23.9 - https:\/\/yoast.com\/wordpress\/plugins\/seo\/ -->\n<title>El mercado de venta vuelve a estar activo | Amat Immobiliaris<\/title>\n<meta name=\"robots\" content=\"index, follow, max-snippet:-1, max-image-preview:large, max-video-preview:-1\" \/>\n<link rel=\"canonical\" href=\"https:\/\/www.amatimmobiliaris.com\/w\/2017\/09\/mercado-venta-vuelve-estar-activo\/\" \/>\n<meta property=\"og:locale\" content=\"es_ES\" \/>\n<meta property=\"og:type\" content=\"article\" \/>\n<meta property=\"og:title\" content=\"El mercado de venta vuelve a estar activo | Amat Immobiliaris\" \/>\n<meta property=\"og:description\" content=\"Como cada a\u00f1o recogemos los datos del mercado inmobiliario para entender mejor su comportamiento. A contiuaci\u00f3n un resumen de c\u00f3mo se ha comportado el primer semestre de 2017 por lo que respecta al mercado de venta en Barcelona y su entorno. En general, el mercado de venta sigue estando muy activo, sobre todo en Obra [&hellip;]\" \/>\n<meta property=\"og:url\" content=\"https:\/\/www.amatimmobiliaris.com\/w\/2017\/09\/mercado-venta-vuelve-estar-activo\/\" \/>\n<meta property=\"og:site_name\" content=\"Amat Immobiliaris\" \/>\n<meta property=\"article:publisher\" content=\"https:\/\/www.facebook.com\/amatimmobiliaris\" \/>\n<meta property=\"article:published_time\" content=\"2017-09-27T11:02:45+00:00\" \/>\n<meta property=\"article:modified_time\" content=\"2023-05-11T08:13:42+00:00\" \/>\n<meta property=\"og:image\" content=\"https:\/\/www.amatimmobiliaris.com\/w\/wp-content\/uploads\/2022\/01\/2014-Saga-familiar-Amat-dw-1-1024x683.jpg\" \/>\n\t<meta property=\"og:image:width\" content=\"1024\" \/>\n\t<meta property=\"og:image:height\" content=\"683\" \/>\n\t<meta property=\"og:image:type\" content=\"image\/jpeg\" \/>\n<meta name=\"author\" content=\"Amat Immobiliaris\" \/>\n<meta name=\"twitter:card\" content=\"summary_large_image\" \/>\n<meta name=\"twitter:creator\" content=\"@amat_cat\" \/>\n<meta name=\"twitter:site\" content=\"@amat_cat\" \/>\n<meta name=\"twitter:label1\" content=\"Escrito por\" \/>\n\t<meta name=\"twitter:data1\" content=\"Amat Immobiliaris\" \/>\n\t<meta name=\"twitter:label2\" content=\"Tiempo de lectura\" \/>\n\t<meta name=\"twitter:data2\" content=\"5 minutos\" \/>\n<script type=\"application\/ld+json\" class=\"yoast-schema-graph\">{\"@context\":\"https:\/\/schema.org\",\"@graph\":[{\"@type\":\"Article\",\"@id\":\"https:\/\/www.amatimmobiliaris.com\/w\/2017\/09\/mercado-venta-vuelve-estar-activo\/#article\",\"isPartOf\":{\"@id\":\"https:\/\/www.amatimmobiliaris.com\/w\/2017\/09\/mercado-venta-vuelve-estar-activo\/\"},\"author\":{\"name\":\"Amat Immobiliaris\",\"@id\":\"https:\/\/www.amatimmobiliaris.com\/w\/#\/schema\/person\/c880da71d1e156e7ea6774ffb445e034\"},\"headline\":\"El mercado de venta vuelve a estar activo\",\"datePublished\":\"2017-09-27T11:02:45+00:00\",\"dateModified\":\"2023-05-11T08:13:42+00:00\",\"mainEntityOfPage\":{\"@id\":\"https:\/\/www.amatimmobiliaris.com\/w\/2017\/09\/mercado-venta-vuelve-estar-activo\/\"},\"wordCount\":936,\"publisher\":{\"@id\":\"https:\/\/www.amatimmobiliaris.com\/w\/#organization\"},\"keywords\":[\"Catalu\u00f1a\",\"Comercializaci\u00f3n\",\"Comprar\",\"Compraventa\",\"Crisis\",\"Crisis econ\u00f3mica\",\"Econom\u00eda\",\"Entorno Inmobiliario\",\"Espa\u00f1a\",\"Informe de mercado\",\"Inmobiliaria\",\"Sector inmobiliario\",\"Venta\",\"Vivienda\"],\"articleSection\":[\"Noticias\"],\"inLanguage\":\"es\"},{\"@type\":\"WebPage\",\"@id\":\"https:\/\/www.amatimmobiliaris.com\/w\/2017\/09\/mercado-venta-vuelve-estar-activo\/\",\"url\":\"https:\/\/www.amatimmobiliaris.com\/w\/2017\/09\/mercado-venta-vuelve-estar-activo\/\",\"name\":\"El mercado de venta vuelve a estar activo | Amat Immobiliaris\",\"isPartOf\":{\"@id\":\"https:\/\/www.amatimmobiliaris.com\/w\/#website\"},\"datePublished\":\"2017-09-27T11:02:45+00:00\",\"dateModified\":\"2023-05-11T08:13:42+00:00\",\"breadcrumb\":{\"@id\":\"https:\/\/www.amatimmobiliaris.com\/w\/2017\/09\/mercado-venta-vuelve-estar-activo\/#breadcrumb\"},\"inLanguage\":\"es\",\"potentialAction\":[{\"@type\":\"ReadAction\",\"target\":[\"https:\/\/www.amatimmobiliaris.com\/w\/2017\/09\/mercado-venta-vuelve-estar-activo\/\"]}]},{\"@type\":\"BreadcrumbList\",\"@id\":\"https:\/\/www.amatimmobiliaris.com\/w\/2017\/09\/mercado-venta-vuelve-estar-activo\/#breadcrumb\",\"itemListElement\":[{\"@type\":\"ListItem\",\"position\":1,\"name\":\"Home\",\"item\":\"https:\/\/www.amatimmobiliaris.com\/w\/\"},{\"@type\":\"ListItem\",\"position\":2,\"name\":\"Noticias\",\"item\":\"https:\/\/www.amatimmobiliaris.com\/w\/category\/noticias\/\"},{\"@type\":\"ListItem\",\"position\":3,\"name\":\"El mercado de venta vuelve a estar activo\"}]},{\"@type\":\"WebSite\",\"@id\":\"https:\/\/www.amatimmobiliaris.com\/w\/#website\",\"url\":\"https:\/\/www.amatimmobiliaris.com\/w\/\",\"name\":\"Amat Immobiliaris\",\"description\":\"Empresa familiar del sector inmobiliario con oficinas en Barcelona, Sant Cugat del Vall\u00e9s y Sant Just Desvern. Te ayudamos a comprar, alquilar o vender tu casa o piso. Somos un equipo coherente con una cultura de empresa honesta, innovadora y eficaz. Tambi\u00e9n en www.amatluxury.com\",\"publisher\":{\"@id\":\"https:\/\/www.amatimmobiliaris.com\/w\/#organization\"},\"alternateName\":\"AmatImmo\",\"potentialAction\":[{\"@type\":\"SearchAction\",\"target\":{\"@type\":\"EntryPoint\",\"urlTemplate\":\"https:\/\/www.amatimmobiliaris.com\/w\/?s={search_term_string}\"},\"query-input\":{\"@type\":\"PropertyValueSpecification\",\"valueRequired\":true,\"valueName\":\"search_term_string\"}}],\"inLanguage\":\"es\"},{\"@type\":\"Organization\",\"@id\":\"https:\/\/www.amatimmobiliaris.com\/w\/#organization\",\"name\":\"Amat Immobiliaris\",\"url\":\"https:\/\/www.amatimmobiliaris.com\/w\/\",\"logo\":{\"@type\":\"ImageObject\",\"inLanguage\":\"es\",\"@id\":\"https:\/\/www.amatimmobiliaris.com\/w\/#\/schema\/logo\/image\/\",\"url\":\"https:\/\/www.amatimmobiliaris.com\/w\/wp-content\/uploads\/2022\/10\/amat-logo.jpg\",\"contentUrl\":\"https:\/\/www.amatimmobiliaris.com\/w\/wp-content\/uploads\/2022\/10\/amat-logo.jpg\",\"width\":900,\"height\":900,\"caption\":\"Amat Immobiliaris\"},\"image\":{\"@id\":\"https:\/\/www.amatimmobiliaris.com\/w\/#\/schema\/logo\/image\/\"},\"sameAs\":[\"https:\/\/www.facebook.com\/amatimmobiliaris\",\"https:\/\/x.com\/amat_cat\",\"https:\/\/www.instagram.com\/amat_immo\/\",\"https:\/\/www.linkedin.com\/company\/amat-finques\/\",\"https:\/\/www.youtube.com\/@amatimmobiliaris\"]},{\"@type\":\"Person\",\"@id\":\"https:\/\/www.amatimmobiliaris.com\/w\/#\/schema\/person\/c880da71d1e156e7ea6774ffb445e034\",\"name\":\"Amat Immobiliaris\",\"sameAs\":[\"http:\/\/amat-inmo-wp.localhost\"]}]}<\/script>\n<!-- \/ Yoast SEO plugin. -->","yoast_head_json":{"title":"El mercado de venta vuelve a estar activo | Amat Immobiliaris","robots":{"index":"index","follow":"follow","max-snippet":"max-snippet:-1","max-image-preview":"max-image-preview:large","max-video-preview":"max-video-preview:-1"},"canonical":"https:\/\/www.amatimmobiliaris.com\/w\/2017\/09\/mercado-venta-vuelve-estar-activo\/","og_locale":"es_ES","og_type":"article","og_title":"El mercado de venta vuelve a estar activo | Amat Immobiliaris","og_description":"Como cada a\u00f1o recogemos los datos del mercado inmobiliario para entender mejor su comportamiento. A contiuaci\u00f3n un resumen de c\u00f3mo se ha comportado el primer semestre de 2017 por lo que respecta al mercado de venta en Barcelona y su entorno. En general, el mercado de venta sigue estando muy activo, sobre todo en Obra [&hellip;]","og_url":"https:\/\/www.amatimmobiliaris.com\/w\/2017\/09\/mercado-venta-vuelve-estar-activo\/","og_site_name":"Amat Immobiliaris","article_publisher":"https:\/\/www.facebook.com\/amatimmobiliaris","article_published_time":"2017-09-27T11:02:45+00:00","article_modified_time":"2023-05-11T08:13:42+00:00","og_image":[{"width":1024,"height":683,"url":"https:\/\/www.amatimmobiliaris.com\/w\/wp-content\/uploads\/2022\/01\/2014-Saga-familiar-Amat-dw-1-1024x683.jpg","type":"image\/jpeg"}],"author":"Amat Immobiliaris","twitter_card":"summary_large_image","twitter_creator":"@amat_cat","twitter_site":"@amat_cat","twitter_misc":{"Escrito por":"Amat Immobiliaris","Tiempo de lectura":"5 minutos"},"schema":{"@context":"https:\/\/schema.org","@graph":[{"@type":"Article","@id":"https:\/\/www.amatimmobiliaris.com\/w\/2017\/09\/mercado-venta-vuelve-estar-activo\/#article","isPartOf":{"@id":"https:\/\/www.amatimmobiliaris.com\/w\/2017\/09\/mercado-venta-vuelve-estar-activo\/"},"author":{"name":"Amat Immobiliaris","@id":"https:\/\/www.amatimmobiliaris.com\/w\/#\/schema\/person\/c880da71d1e156e7ea6774ffb445e034"},"headline":"El mercado de venta vuelve a estar activo","datePublished":"2017-09-27T11:02:45+00:00","dateModified":"2023-05-11T08:13:42+00:00","mainEntityOfPage":{"@id":"https:\/\/www.amatimmobiliaris.com\/w\/2017\/09\/mercado-venta-vuelve-estar-activo\/"},"wordCount":936,"publisher":{"@id":"https:\/\/www.amatimmobiliaris.com\/w\/#organization"},"keywords":["Catalu\u00f1a","Comercializaci\u00f3n","Comprar","Compraventa","Crisis","Crisis econ\u00f3mica","Econom\u00eda","Entorno Inmobiliario","Espa\u00f1a","Informe de mercado","Inmobiliaria","Sector inmobiliario","Venta","Vivienda"],"articleSection":["Noticias"],"inLanguage":"es"},{"@type":"WebPage","@id":"https:\/\/www.amatimmobiliaris.com\/w\/2017\/09\/mercado-venta-vuelve-estar-activo\/","url":"https:\/\/www.amatimmobiliaris.com\/w\/2017\/09\/mercado-venta-vuelve-estar-activo\/","name":"El mercado de venta vuelve a estar activo | Amat Immobiliaris","isPartOf":{"@id":"https:\/\/www.amatimmobiliaris.com\/w\/#website"},"datePublished":"2017-09-27T11:02:45+00:00","dateModified":"2023-05-11T08:13:42+00:00","breadcrumb":{"@id":"https:\/\/www.amatimmobiliaris.com\/w\/2017\/09\/mercado-venta-vuelve-estar-activo\/#breadcrumb"},"inLanguage":"es","potentialAction":[{"@type":"ReadAction","target":["https:\/\/www.amatimmobiliaris.com\/w\/2017\/09\/mercado-venta-vuelve-estar-activo\/"]}]},{"@type":"BreadcrumbList","@id":"https:\/\/www.amatimmobiliaris.com\/w\/2017\/09\/mercado-venta-vuelve-estar-activo\/#breadcrumb","itemListElement":[{"@type":"ListItem","position":1,"name":"Home","item":"https:\/\/www.amatimmobiliaris.com\/w\/"},{"@type":"ListItem","position":2,"name":"Noticias","item":"https:\/\/www.amatimmobiliaris.com\/w\/category\/noticias\/"},{"@type":"ListItem","position":3,"name":"El mercado de venta vuelve a estar activo"}]},{"@type":"WebSite","@id":"https:\/\/www.amatimmobiliaris.com\/w\/#website","url":"https:\/\/www.amatimmobiliaris.com\/w\/","name":"Amat Immobiliaris","description":"Empresa familiar del sector inmobiliario con oficinas en Barcelona, Sant Cugat del Vall\u00e9s y Sant Just Desvern. Te ayudamos a comprar, alquilar o vender tu casa o piso. Somos un equipo coherente con una cultura de empresa honesta, innovadora y eficaz. Tambi\u00e9n en www.amatluxury.com","publisher":{"@id":"https:\/\/www.amatimmobiliaris.com\/w\/#organization"},"alternateName":"AmatImmo","potentialAction":[{"@type":"SearchAction","target":{"@type":"EntryPoint","urlTemplate":"https:\/\/www.amatimmobiliaris.com\/w\/?s={search_term_string}"},"query-input":{"@type":"PropertyValueSpecification","valueRequired":true,"valueName":"search_term_string"}}],"inLanguage":"es"},{"@type":"Organization","@id":"https:\/\/www.amatimmobiliaris.com\/w\/#organization","name":"Amat Immobiliaris","url":"https:\/\/www.amatimmobiliaris.com\/w\/","logo":{"@type":"ImageObject","inLanguage":"es","@id":"https:\/\/www.amatimmobiliaris.com\/w\/#\/schema\/logo\/image\/","url":"https:\/\/www.amatimmobiliaris.com\/w\/wp-content\/uploads\/2022\/10\/amat-logo.jpg","contentUrl":"https:\/\/www.amatimmobiliaris.com\/w\/wp-content\/uploads\/2022\/10\/amat-logo.jpg","width":900,"height":900,"caption":"Amat Immobiliaris"},"image":{"@id":"https:\/\/www.amatimmobiliaris.com\/w\/#\/schema\/logo\/image\/"},"sameAs":["https:\/\/www.facebook.com\/amatimmobiliaris","https:\/\/x.com\/amat_cat","https:\/\/www.instagram.com\/amat_immo\/","https:\/\/www.linkedin.com\/company\/amat-finques\/","https:\/\/www.youtube.com\/@amatimmobiliaris"]},{"@type":"Person","@id":"https:\/\/www.amatimmobiliaris.com\/w\/#\/schema\/person\/c880da71d1e156e7ea6774ffb445e034","name":"Amat Immobiliaris","sameAs":["http:\/\/amat-inmo-wp.localhost"]}]}},"_links":{"self":[{"href":"https:\/\/www.amatimmobiliaris.com\/w\/wp-json\/wp\/v2\/posts\/14898"}],"collection":[{"href":"https:\/\/www.amatimmobiliaris.com\/w\/wp-json\/wp\/v2\/posts"}],"about":[{"href":"https:\/\/www.amatimmobiliaris.com\/w\/wp-json\/wp\/v2\/types\/post"}],"author":[{"embeddable":true,"href":"https:\/\/www.amatimmobiliaris.com\/w\/wp-json\/wp\/v2\/users\/1"}],"replies":[{"embeddable":true,"href":"https:\/\/www.amatimmobiliaris.com\/w\/wp-json\/wp\/v2\/comments?post=14898"}],"version-history":[{"count":1,"href":"https:\/\/www.amatimmobiliaris.com\/w\/wp-json\/wp\/v2\/posts\/14898\/revisions"}],"predecessor-version":[{"id":17396,"href":"https:\/\/www.amatimmobiliaris.com\/w\/wp-json\/wp\/v2\/posts\/14898\/revisions\/17396"}],"wp:attachment":[{"href":"https:\/\/www.amatimmobiliaris.com\/w\/wp-json\/wp\/v2\/media?parent=14898"}],"wp:term":[{"taxonomy":"category","embeddable":true,"href":"https:\/\/www.amatimmobiliaris.com\/w\/wp-json\/wp\/v2\/categories?post=14898"},{"taxonomy":"post_tag","embeddable":true,"href":"https:\/\/www.amatimmobiliaris.com\/w\/wp-json\/wp\/v2\/tags?post=14898"}],"curies":[{"name":"wp","href":"https:\/\/api.w.org\/{rel}","templated":true}]}}