{"id":14511,"date":"2017-05-09T10:29:12","date_gmt":"2017-05-09T10:29:12","guid":{"rendered":"http:\/\/amat-inmo-wp.localhost\/2017\/05\/09\/8090\/"},"modified":"2023-05-11T10:17:19","modified_gmt":"2023-05-11T10:17:19","slug":"8090","status":"publish","type":"post","link":"https:\/\/www.amatimmobiliaris.com\/w\/2017\/05\/8090\/","title":{"rendered":"Amat patrocinadores de la presentaci\u00f3n de \u00abRosa de Cendra\u00bb, de Pilar Rahola"},"content":{"rendered":"<p style=\"text-align: justify;\">El s\u00e1bado 6 tuvo lugar la presentaci\u00f3n de <strong>\u00abRosa de cendra\u00bb<\/strong>, la \u00faltima novela de Pilar Rahola y Premio Ram\u00f3n Llull 2017, en el Caf\u00e9-Auditori de Sant Cugat del Vall\u00e8s. El acto, <strong>patrocinado por Amat<\/strong> y conducido por el periodista Josep Maria Vall\u00e8s, director del <a href=\"https:\/\/www.cugat.cat\/\">Diario de Sant Cugat<\/a> y de la revista <a href=\"https:\/\/www.totsantcugat.cat\/\">TOT Sant Cugat<\/a>, fue todo un \u00e9xito con m\u00e1s de un centenar de personas asistentes.<\/p>\n<p>Durante la presentaci\u00f3n, Rahola habl\u00f3 sobre su obra y se pronunci\u00f3 sobre el proceso soberanista de Catalu\u00f1a desde una posici\u00f3n optimista. La periodista opina que Catalu\u00f1a avanza pero que actualmente existe un \u00abestr\u00e9s judicial que cansa incluso a jueces y fiscales\u00bb.<\/p>\n<p>\u00abRosa de ceniza\u00bb es un libro ambientado en la Semana Tr\u00e1gica de Barcelona, \u200b\u200bdonde da vida a personajes hist\u00f3ricos y que relata con muchos detalles. Rahola admite que le gusta jugar con la literatura y con la historia, pero siendo fiel a los hechos que Catalu\u00f1a vivi\u00f3. La novela de la periodista fue el segundo libro m\u00e1s vendido de ficci\u00f3n en catal\u00e1n el d\u00eda de Sant Jordi de este a\u00f1o, seg\u00fan el gremio de libreros de Catalu\u00f1a.<\/p>\n<p>&nbsp;<\/p>\n<p><img loading=\"lazy\" decoding=\"async\" class=\"aligncenter wp-image-8081 \" src=\"https:\/\/www.amatimmobiliaris.com\/w\/wp-content\/uploads\/2022\/01\/pilar-rahola-dona-cendra-llibre-2-scaled.jpg\" width=\"743\" height=\"557\" \/><\/p>\n<p style=\"text-align: center;\"><em>De izquierda a derecha: &#8216;Ramon Grau, Presidente de Prensa Local Grup de Comunicaci\u00f3 y\u00a0Editor de Via Empresa, Pilar Rahola, Immaculada Amat, co-directora de Amat Immobiliaris y\u00a0Josep M. Vall\u00e8s,\u00a0director del Diari de Sant Cugat y\u00a0de la revista TOT Sant Cugat<\/em><\/p>\n","protected":false},"excerpt":{"rendered":"<p>El s\u00e1bado 6 tuvo lugar la presentaci\u00f3n de \u00abRosa de cendra\u00bb, la \u00faltima novela de Pilar Rahola y Premio Ram\u00f3n Llull 2017, en el Caf\u00e9-Auditori de Sant Cugat del Vall\u00e8s. El acto, patrocinado por Amat y conducido por el periodista Josep Maria Vall\u00e8s, director del Diario de Sant Cugat y de la revista TOT Sant [&hellip;]<\/p>\n","protected":false},"author":1,"featured_media":14512,"comment_status":"closed","ping_status":"closed","sticky":false,"template":"","format":"standard","meta":{"content-type":"","footnotes":""},"categories":[742],"tags":[1749,1679,942],"yoast_head":"<!-- This site is optimized with the Yoast SEO plugin v23.9 - https:\/\/yoast.com\/wordpress\/plugins\/seo\/ -->\n<title>Amat patrocinadores de la presentaci\u00f3n de &quot;Rosa de Cendra&quot;, de Pilar Rahola | Amat Immobiliaris<\/title>\n<meta name=\"robots\" content=\"index, follow, max-snippet:-1, max-image-preview:large, max-video-preview:-1\" \/>\n<link rel=\"canonical\" href=\"https:\/\/www.amatimmobiliaris.com\/w\/2017\/05\/8090\/\" \/>\n<meta property=\"og:locale\" content=\"es_ES\" \/>\n<meta property=\"og:type\" content=\"article\" \/>\n<meta property=\"og:title\" content=\"Amat patrocinadores de la presentaci\u00f3n de &quot;Rosa de Cendra&quot;, de Pilar Rahola | Amat Immobiliaris\" \/>\n<meta property=\"og:description\" content=\"El s\u00e1bado 6 tuvo lugar la presentaci\u00f3n de \u00abRosa de cendra\u00bb, la \u00faltima novela de Pilar Rahola y Premio Ram\u00f3n Llull 2017, en el Caf\u00e9-Auditori de Sant Cugat del Vall\u00e8s. El acto, patrocinado por Amat y conducido por el periodista Josep Maria Vall\u00e8s, director del Diario de Sant Cugat y de la revista TOT Sant [&hellip;]\" \/>\n<meta property=\"og:url\" content=\"https:\/\/www.amatimmobiliaris.com\/w\/2017\/05\/8090\/\" \/>\n<meta property=\"og:site_name\" content=\"Amat Immobiliaris\" \/>\n<meta property=\"article:publisher\" content=\"https:\/\/www.facebook.com\/amatimmobiliaris\" \/>\n<meta property=\"article:published_time\" content=\"2017-05-09T10:29:12+00:00\" \/>\n<meta property=\"article:modified_time\" content=\"2023-05-11T10:17:19+00:00\" \/>\n<meta property=\"og:image\" content=\"https:\/\/www.amatimmobiliaris.com\/w\/wp-content\/uploads\/2022\/01\/pilar-rahola-dona-cendra-llibre-2-scaled.jpg\" \/>\n\t<meta property=\"og:image:width\" content=\"2560\" \/>\n\t<meta property=\"og:image:height\" content=\"1920\" \/>\n\t<meta property=\"og:image:type\" content=\"image\/jpeg\" \/>\n<meta name=\"author\" content=\"Amat Immobiliaris\" \/>\n<meta name=\"twitter:card\" content=\"summary_large_image\" \/>\n<meta name=\"twitter:creator\" content=\"@amat_cat\" \/>\n<meta name=\"twitter:site\" content=\"@amat_cat\" \/>\n<meta name=\"twitter:label1\" content=\"Escrito por\" \/>\n\t<meta name=\"twitter:data1\" content=\"Amat Immobiliaris\" \/>\n\t<meta name=\"twitter:label2\" content=\"Tiempo de lectura\" \/>\n\t<meta name=\"twitter:data2\" content=\"1 minuto\" \/>\n<script type=\"application\/ld+json\" class=\"yoast-schema-graph\">{\"@context\":\"https:\/\/schema.org\",\"@graph\":[{\"@type\":\"Article\",\"@id\":\"https:\/\/www.amatimmobiliaris.com\/w\/2017\/05\/8090\/#article\",\"isPartOf\":{\"@id\":\"https:\/\/www.amatimmobiliaris.com\/w\/2017\/05\/8090\/\"},\"author\":{\"name\":\"Amat Immobiliaris\",\"@id\":\"https:\/\/www.amatimmobiliaris.com\/w\/#\/schema\/person\/c880da71d1e156e7ea6774ffb445e034\"},\"headline\":\"Amat patrocinadores de la presentaci\u00f3n de \u00abRosa de Cendra\u00bb, de Pilar Rahola\",\"datePublished\":\"2017-05-09T10:29:12+00:00\",\"dateModified\":\"2023-05-11T10:17:19+00:00\",\"mainEntityOfPage\":{\"@id\":\"https:\/\/www.amatimmobiliaris.com\/w\/2017\/05\/8090\/\"},\"wordCount\":264,\"publisher\":{\"@id\":\"https:\/\/www.amatimmobiliaris.com\/w\/#organization\"},\"image\":{\"@id\":\"https:\/\/www.amatimmobiliaris.com\/w\/2017\/05\/8090\/#primaryimage\"},\"thumbnailUrl\":\"https:\/\/www.amatimmobiliaris.com\/w\/wp-content\/uploads\/2022\/01\/pilar-rahola-dona-cendra-llibre-2-scaled.jpg\",\"keywords\":[\"Conferencia\",\"Evento\",\"Inmobiliaria\"],\"articleSection\":[\"Eventos\"],\"inLanguage\":\"es\"},{\"@type\":\"WebPage\",\"@id\":\"https:\/\/www.amatimmobiliaris.com\/w\/2017\/05\/8090\/\",\"url\":\"https:\/\/www.amatimmobiliaris.com\/w\/2017\/05\/8090\/\",\"name\":\"Amat patrocinadores de la presentaci\u00f3n de \\\"Rosa de Cendra\\\", de Pilar Rahola | Amat Immobiliaris\",\"isPartOf\":{\"@id\":\"https:\/\/www.amatimmobiliaris.com\/w\/#website\"},\"primaryImageOfPage\":{\"@id\":\"https:\/\/www.amatimmobiliaris.com\/w\/2017\/05\/8090\/#primaryimage\"},\"image\":{\"@id\":\"https:\/\/www.amatimmobiliaris.com\/w\/2017\/05\/8090\/#primaryimage\"},\"thumbnailUrl\":\"https:\/\/www.amatimmobiliaris.com\/w\/wp-content\/uploads\/2022\/01\/pilar-rahola-dona-cendra-llibre-2-scaled.jpg\",\"datePublished\":\"2017-05-09T10:29:12+00:00\",\"dateModified\":\"2023-05-11T10:17:19+00:00\",\"breadcrumb\":{\"@id\":\"https:\/\/www.amatimmobiliaris.com\/w\/2017\/05\/8090\/#breadcrumb\"},\"inLanguage\":\"es\",\"potentialAction\":[{\"@type\":\"ReadAction\",\"target\":[\"https:\/\/www.amatimmobiliaris.com\/w\/2017\/05\/8090\/\"]}]},{\"@type\":\"ImageObject\",\"inLanguage\":\"es\",\"@id\":\"https:\/\/www.amatimmobiliaris.com\/w\/2017\/05\/8090\/#primaryimage\",\"url\":\"https:\/\/www.amatimmobiliaris.com\/w\/wp-content\/uploads\/2022\/01\/pilar-rahola-dona-cendra-llibre-2-scaled.jpg\",\"contentUrl\":\"https:\/\/www.amatimmobiliaris.com\/w\/wp-content\/uploads\/2022\/01\/pilar-rahola-dona-cendra-llibre-2-scaled.jpg\",\"width\":2560,\"height\":1920},{\"@type\":\"BreadcrumbList\",\"@id\":\"https:\/\/www.amatimmobiliaris.com\/w\/2017\/05\/8090\/#breadcrumb\",\"itemListElement\":[{\"@type\":\"ListItem\",\"position\":1,\"name\":\"Home\",\"item\":\"https:\/\/www.amatimmobiliaris.com\/w\/\"},{\"@type\":\"ListItem\",\"position\":2,\"name\":\"Eventos\",\"item\":\"https:\/\/www.amatimmobiliaris.com\/w\/category\/eventos\/\"},{\"@type\":\"ListItem\",\"position\":3,\"name\":\"Amat patrocinadores de la presentaci\u00f3n de \u00abRosa de Cendra\u00bb, de Pilar Rahola\"}]},{\"@type\":\"WebSite\",\"@id\":\"https:\/\/www.amatimmobiliaris.com\/w\/#website\",\"url\":\"https:\/\/www.amatimmobiliaris.com\/w\/\",\"name\":\"Amat Immobiliaris\",\"description\":\"Empresa familiar del sector inmobiliario con oficinas en Barcelona, Sant Cugat del Vall\u00e9s y Sant Just Desvern. Te ayudamos a comprar, alquilar o vender tu casa o piso. Somos un equipo coherente con una cultura de empresa honesta, innovadora y eficaz. Tambi\u00e9n en www.amatluxury.com\",\"publisher\":{\"@id\":\"https:\/\/www.amatimmobiliaris.com\/w\/#organization\"},\"alternateName\":\"AmatImmo\",\"potentialAction\":[{\"@type\":\"SearchAction\",\"target\":{\"@type\":\"EntryPoint\",\"urlTemplate\":\"https:\/\/www.amatimmobiliaris.com\/w\/?s={search_term_string}\"},\"query-input\":{\"@type\":\"PropertyValueSpecification\",\"valueRequired\":true,\"valueName\":\"search_term_string\"}}],\"inLanguage\":\"es\"},{\"@type\":\"Organization\",\"@id\":\"https:\/\/www.amatimmobiliaris.com\/w\/#organization\",\"name\":\"Amat Immobiliaris\",\"url\":\"https:\/\/www.amatimmobiliaris.com\/w\/\",\"logo\":{\"@type\":\"ImageObject\",\"inLanguage\":\"es\",\"@id\":\"https:\/\/www.amatimmobiliaris.com\/w\/#\/schema\/logo\/image\/\",\"url\":\"https:\/\/www.amatimmobiliaris.com\/w\/wp-content\/uploads\/2022\/10\/amat-logo.jpg\",\"contentUrl\":\"https:\/\/www.amatimmobiliaris.com\/w\/wp-content\/uploads\/2022\/10\/amat-logo.jpg\",\"width\":900,\"height\":900,\"caption\":\"Amat Immobiliaris\"},\"image\":{\"@id\":\"https:\/\/www.amatimmobiliaris.com\/w\/#\/schema\/logo\/image\/\"},\"sameAs\":[\"https:\/\/www.facebook.com\/amatimmobiliaris\",\"https:\/\/x.com\/amat_cat\",\"https:\/\/www.instagram.com\/amat_immo\/\",\"https:\/\/www.linkedin.com\/company\/amat-finques\/\",\"https:\/\/www.youtube.com\/@amatimmobiliaris\"]},{\"@type\":\"Person\",\"@id\":\"https:\/\/www.amatimmobiliaris.com\/w\/#\/schema\/person\/c880da71d1e156e7ea6774ffb445e034\",\"name\":\"Amat Immobiliaris\",\"sameAs\":[\"http:\/\/amat-inmo-wp.localhost\"]}]}<\/script>\n<!-- \/ Yoast SEO plugin. -->","yoast_head_json":{"title":"Amat patrocinadores de la presentaci\u00f3n de \"Rosa de Cendra\", de Pilar Rahola | Amat Immobiliaris","robots":{"index":"index","follow":"follow","max-snippet":"max-snippet:-1","max-image-preview":"max-image-preview:large","max-video-preview":"max-video-preview:-1"},"canonical":"https:\/\/www.amatimmobiliaris.com\/w\/2017\/05\/8090\/","og_locale":"es_ES","og_type":"article","og_title":"Amat patrocinadores de la presentaci\u00f3n de \"Rosa de Cendra\", de Pilar Rahola | Amat Immobiliaris","og_description":"El s\u00e1bado 6 tuvo lugar la presentaci\u00f3n de \u00abRosa de cendra\u00bb, la \u00faltima novela de Pilar Rahola y Premio Ram\u00f3n Llull 2017, en el Caf\u00e9-Auditori de Sant Cugat del Vall\u00e8s. El acto, patrocinado por Amat y conducido por el periodista Josep Maria Vall\u00e8s, director del Diario de Sant Cugat y de la revista TOT Sant [&hellip;]","og_url":"https:\/\/www.amatimmobiliaris.com\/w\/2017\/05\/8090\/","og_site_name":"Amat Immobiliaris","article_publisher":"https:\/\/www.facebook.com\/amatimmobiliaris","article_published_time":"2017-05-09T10:29:12+00:00","article_modified_time":"2023-05-11T10:17:19+00:00","og_image":[{"width":2560,"height":1920,"url":"https:\/\/www.amatimmobiliaris.com\/w\/wp-content\/uploads\/2022\/01\/pilar-rahola-dona-cendra-llibre-2-scaled.jpg","type":"image\/jpeg"}],"author":"Amat Immobiliaris","twitter_card":"summary_large_image","twitter_creator":"@amat_cat","twitter_site":"@amat_cat","twitter_misc":{"Escrito por":"Amat Immobiliaris","Tiempo de lectura":"1 minuto"},"schema":{"@context":"https:\/\/schema.org","@graph":[{"@type":"Article","@id":"https:\/\/www.amatimmobiliaris.com\/w\/2017\/05\/8090\/#article","isPartOf":{"@id":"https:\/\/www.amatimmobiliaris.com\/w\/2017\/05\/8090\/"},"author":{"name":"Amat Immobiliaris","@id":"https:\/\/www.amatimmobiliaris.com\/w\/#\/schema\/person\/c880da71d1e156e7ea6774ffb445e034"},"headline":"Amat patrocinadores de la presentaci\u00f3n de \u00abRosa de Cendra\u00bb, de Pilar Rahola","datePublished":"2017-05-09T10:29:12+00:00","dateModified":"2023-05-11T10:17:19+00:00","mainEntityOfPage":{"@id":"https:\/\/www.amatimmobiliaris.com\/w\/2017\/05\/8090\/"},"wordCount":264,"publisher":{"@id":"https:\/\/www.amatimmobiliaris.com\/w\/#organization"},"image":{"@id":"https:\/\/www.amatimmobiliaris.com\/w\/2017\/05\/8090\/#primaryimage"},"thumbnailUrl":"https:\/\/www.amatimmobiliaris.com\/w\/wp-content\/uploads\/2022\/01\/pilar-rahola-dona-cendra-llibre-2-scaled.jpg","keywords":["Conferencia","Evento","Inmobiliaria"],"articleSection":["Eventos"],"inLanguage":"es"},{"@type":"WebPage","@id":"https:\/\/www.amatimmobiliaris.com\/w\/2017\/05\/8090\/","url":"https:\/\/www.amatimmobiliaris.com\/w\/2017\/05\/8090\/","name":"Amat patrocinadores de la presentaci\u00f3n de \"Rosa de Cendra\", de Pilar Rahola | Amat Immobiliaris","isPartOf":{"@id":"https:\/\/www.amatimmobiliaris.com\/w\/#website"},"primaryImageOfPage":{"@id":"https:\/\/www.amatimmobiliaris.com\/w\/2017\/05\/8090\/#primaryimage"},"image":{"@id":"https:\/\/www.amatimmobiliaris.com\/w\/2017\/05\/8090\/#primaryimage"},"thumbnailUrl":"https:\/\/www.amatimmobiliaris.com\/w\/wp-content\/uploads\/2022\/01\/pilar-rahola-dona-cendra-llibre-2-scaled.jpg","datePublished":"2017-05-09T10:29:12+00:00","dateModified":"2023-05-11T10:17:19+00:00","breadcrumb":{"@id":"https:\/\/www.amatimmobiliaris.com\/w\/2017\/05\/8090\/#breadcrumb"},"inLanguage":"es","potentialAction":[{"@type":"ReadAction","target":["https:\/\/www.amatimmobiliaris.com\/w\/2017\/05\/8090\/"]}]},{"@type":"ImageObject","inLanguage":"es","@id":"https:\/\/www.amatimmobiliaris.com\/w\/2017\/05\/8090\/#primaryimage","url":"https:\/\/www.amatimmobiliaris.com\/w\/wp-content\/uploads\/2022\/01\/pilar-rahola-dona-cendra-llibre-2-scaled.jpg","contentUrl":"https:\/\/www.amatimmobiliaris.com\/w\/wp-content\/uploads\/2022\/01\/pilar-rahola-dona-cendra-llibre-2-scaled.jpg","width":2560,"height":1920},{"@type":"BreadcrumbList","@id":"https:\/\/www.amatimmobiliaris.com\/w\/2017\/05\/8090\/#breadcrumb","itemListElement":[{"@type":"ListItem","position":1,"name":"Home","item":"https:\/\/www.amatimmobiliaris.com\/w\/"},{"@type":"ListItem","position":2,"name":"Eventos","item":"https:\/\/www.amatimmobiliaris.com\/w\/category\/eventos\/"},{"@type":"ListItem","position":3,"name":"Amat patrocinadores de la presentaci\u00f3n de \u00abRosa de Cendra\u00bb, de Pilar Rahola"}]},{"@type":"WebSite","@id":"https:\/\/www.amatimmobiliaris.com\/w\/#website","url":"https:\/\/www.amatimmobiliaris.com\/w\/","name":"Amat Immobiliaris","description":"Empresa familiar del sector inmobiliario con oficinas en Barcelona, Sant Cugat del Vall\u00e9s y Sant Just Desvern. Te ayudamos a comprar, alquilar o vender tu casa o piso. Somos un equipo coherente con una cultura de empresa honesta, innovadora y eficaz. Tambi\u00e9n en www.amatluxury.com","publisher":{"@id":"https:\/\/www.amatimmobiliaris.com\/w\/#organization"},"alternateName":"AmatImmo","potentialAction":[{"@type":"SearchAction","target":{"@type":"EntryPoint","urlTemplate":"https:\/\/www.amatimmobiliaris.com\/w\/?s={search_term_string}"},"query-input":{"@type":"PropertyValueSpecification","valueRequired":true,"valueName":"search_term_string"}}],"inLanguage":"es"},{"@type":"Organization","@id":"https:\/\/www.amatimmobiliaris.com\/w\/#organization","name":"Amat Immobiliaris","url":"https:\/\/www.amatimmobiliaris.com\/w\/","logo":{"@type":"ImageObject","inLanguage":"es","@id":"https:\/\/www.amatimmobiliaris.com\/w\/#\/schema\/logo\/image\/","url":"https:\/\/www.amatimmobiliaris.com\/w\/wp-content\/uploads\/2022\/10\/amat-logo.jpg","contentUrl":"https:\/\/www.amatimmobiliaris.com\/w\/wp-content\/uploads\/2022\/10\/amat-logo.jpg","width":900,"height":900,"caption":"Amat Immobiliaris"},"image":{"@id":"https:\/\/www.amatimmobiliaris.com\/w\/#\/schema\/logo\/image\/"},"sameAs":["https:\/\/www.facebook.com\/amatimmobiliaris","https:\/\/x.com\/amat_cat","https:\/\/www.instagram.com\/amat_immo\/","https:\/\/www.linkedin.com\/company\/amat-finques\/","https:\/\/www.youtube.com\/@amatimmobiliaris"]},{"@type":"Person","@id":"https:\/\/www.amatimmobiliaris.com\/w\/#\/schema\/person\/c880da71d1e156e7ea6774ffb445e034","name":"Amat Immobiliaris","sameAs":["http:\/\/amat-inmo-wp.localhost"]}]}},"_links":{"self":[{"href":"https:\/\/www.amatimmobiliaris.com\/w\/wp-json\/wp\/v2\/posts\/14511"}],"collection":[{"href":"https:\/\/www.amatimmobiliaris.com\/w\/wp-json\/wp\/v2\/posts"}],"about":[{"href":"https:\/\/www.amatimmobiliaris.com\/w\/wp-json\/wp\/v2\/types\/post"}],"author":[{"embeddable":true,"href":"https:\/\/www.amatimmobiliaris.com\/w\/wp-json\/wp\/v2\/users\/1"}],"replies":[{"embeddable":true,"href":"https:\/\/www.amatimmobiliaris.com\/w\/wp-json\/wp\/v2\/comments?post=14511"}],"version-history":[{"count":3,"href":"https:\/\/www.amatimmobiliaris.com\/w\/wp-json\/wp\/v2\/posts\/14511\/revisions"}],"predecessor-version":[{"id":26960,"href":"https:\/\/www.amatimmobiliaris.com\/w\/wp-json\/wp\/v2\/posts\/14511\/revisions\/26960"}],"wp:featuredmedia":[{"embeddable":true,"href":"https:\/\/www.amatimmobiliaris.com\/w\/wp-json\/wp\/v2\/media\/14512"}],"wp:attachment":[{"href":"https:\/\/www.amatimmobiliaris.com\/w\/wp-json\/wp\/v2\/media?parent=14511"}],"wp:term":[{"taxonomy":"category","embeddable":true,"href":"https:\/\/www.amatimmobiliaris.com\/w\/wp-json\/wp\/v2\/categories?post=14511"},{"taxonomy":"post_tag","embeddable":true,"href":"https:\/\/www.amatimmobiliaris.com\/w\/wp-json\/wp\/v2\/tags?post=14511"}],"curies":[{"name":"wp","href":"https:\/\/api.w.org\/{rel}","templated":true}]}}