{"id":14508,"date":"2017-05-02T13:51:07","date_gmt":"2017-05-02T13:51:07","guid":{"rendered":"http:\/\/amat-inmo-wp.localhost\/2017\/05\/02\/amat-immobiliaris-nominados-sello-calidad-formacion-profesional\/"},"modified":"2023-05-11T10:17:49","modified_gmt":"2023-05-11T10:17:49","slug":"amat-immobiliaris-nominados-sello-calidad-formacion-profesional","status":"publish","type":"post","link":"https:\/\/www.amatimmobiliaris.com\/w\/2017\/05\/amat-immobiliaris-nominados-sello-calidad-formacion-profesional\/","title":{"rendered":"Amat Immobiliaris nominados para el sello de calidad en formaci\u00f3n profesional"},"content":{"rendered":"<p style=\"text-align: justify;\">Desde hace a\u00f1os en\u00a0Amat practicamos la acogida de estudiantes extranjeros con el fin de <strong>fomentar la movilidad en la educaci\u00f3n y la formaci\u00f3n profesional<\/strong> entre otros pa\u00edses europeos. Ahora, esta apuesta se ve recompensada por la <strong>nominaci\u00f3n al sello de calidad EQAMOB &amp; Co<\/strong>., que reconoce y destaca el compromiso de las empresas implicadas en la formaci\u00f3n de las personas.<\/p>\n<p style=\"text-align: justify;\">En este caso, ha sido el Instituto Francisco Ferrer Guardia que ha propuesto Amat Immobiliaris como merecedora de este sello de calidad ppor nuestra labor, acogiendo alumnos de otros pa\u00edses para realizar sus pr\u00e1cticas formativas.<\/p>\n<p style=\"text-align: justify;\">El sello EQAMOB &amp; Co ha sido desarrollado por un consorcio internacional (cuenta con miembros de Austria, B\u00e9lgica, Catalu\u00f1a, Francia, Islandia e Italia) en el marco de un proyecto co-financiado por la Comisi\u00f3n Europea, el objetivo principal del cual es la mejora de la calidad de las experiencias de movilidad internacional de los j\u00f3venes europeos en formaci\u00f3n profesional. Este reconocimiento da fe de la <strong>alta calidad de la experiencia profesional<\/strong> que nuestra\u00a0empresa ha proporcionado recientemente a estudiantes o aprendices europeos, siempre en colaboraci\u00f3n con el centro de formaci\u00f3n catal\u00e1n, adjudicador de la distinci\u00f3n.<\/p>\n<p style=\"text-align: justify;\">El evento de entrega al ganador de entre todos los nominados tendr\u00e1 lugar en la sede del Departamento de Educaci\u00f3n en Barcelona el pr\u00f3ximo martes 9 de mayo.<\/p>\n","protected":false},"excerpt":{"rendered":"<p>Desde hace a\u00f1os en\u00a0Amat practicamos la acogida de estudiantes extranjeros con el fin de fomentar la movilidad en la educaci\u00f3n y la formaci\u00f3n profesional entre otros pa\u00edses europeos. Ahora, esta apuesta se ve recompensada por la nominaci\u00f3n al sello de calidad EQAMOB &amp; Co., que reconoce y destaca el compromiso de las empresas implicadas en [&hellip;]<\/p>\n","protected":false},"author":1,"featured_media":0,"comment_status":"closed","ping_status":"closed","sticky":false,"template":"","format":"standard","meta":{"content-type":"","footnotes":""},"categories":[741],"tags":[1795,942,1121,1809],"yoast_head":"<!-- This site is optimized with the Yoast SEO plugin v23.9 - https:\/\/yoast.com\/wordpress\/plugins\/seo\/ -->\n<title>Amat Immobiliaris nominados para el sello de calidad en formaci\u00f3n profesional | Amat Immobiliaris<\/title>\n<meta name=\"robots\" content=\"index, follow, max-snippet:-1, max-image-preview:large, max-video-preview:-1\" \/>\n<link rel=\"canonical\" href=\"https:\/\/www.amatimmobiliaris.com\/w\/2017\/05\/amat-immobiliaris-nominados-sello-calidad-formacion-profesional\/\" \/>\n<meta property=\"og:locale\" content=\"es_ES\" \/>\n<meta property=\"og:type\" content=\"article\" \/>\n<meta property=\"og:title\" content=\"Amat Immobiliaris nominados para el sello de calidad en formaci\u00f3n profesional | Amat Immobiliaris\" \/>\n<meta property=\"og:description\" content=\"Desde hace a\u00f1os en\u00a0Amat practicamos la acogida de estudiantes extranjeros con el fin de fomentar la movilidad en la educaci\u00f3n y la formaci\u00f3n profesional entre otros pa\u00edses europeos. Ahora, esta apuesta se ve recompensada por la nominaci\u00f3n al sello de calidad EQAMOB &amp; Co., que reconoce y destaca el compromiso de las empresas implicadas en [&hellip;]\" \/>\n<meta property=\"og:url\" content=\"https:\/\/www.amatimmobiliaris.com\/w\/2017\/05\/amat-immobiliaris-nominados-sello-calidad-formacion-profesional\/\" \/>\n<meta property=\"og:site_name\" content=\"Amat Immobiliaris\" \/>\n<meta property=\"article:publisher\" content=\"https:\/\/www.facebook.com\/amatimmobiliaris\" \/>\n<meta property=\"article:published_time\" content=\"2017-05-02T13:51:07+00:00\" \/>\n<meta property=\"article:modified_time\" content=\"2023-05-11T10:17:49+00:00\" \/>\n<meta property=\"og:image\" content=\"https:\/\/www.amatimmobiliaris.com\/w\/wp-content\/uploads\/2022\/01\/2014-Saga-familiar-Amat-dw-1-1024x683.jpg\" \/>\n\t<meta property=\"og:image:width\" content=\"1024\" \/>\n\t<meta property=\"og:image:height\" content=\"683\" \/>\n\t<meta property=\"og:image:type\" content=\"image\/jpeg\" \/>\n<meta name=\"author\" content=\"Amat Immobiliaris\" \/>\n<meta name=\"twitter:card\" content=\"summary_large_image\" \/>\n<meta name=\"twitter:creator\" content=\"@amat_cat\" \/>\n<meta name=\"twitter:site\" content=\"@amat_cat\" \/>\n<meta name=\"twitter:label1\" content=\"Escrito por\" \/>\n\t<meta name=\"twitter:data1\" content=\"Amat Immobiliaris\" \/>\n\t<meta name=\"twitter:label2\" content=\"Tiempo de lectura\" \/>\n\t<meta name=\"twitter:data2\" content=\"1 minuto\" \/>\n<script type=\"application\/ld+json\" class=\"yoast-schema-graph\">{\"@context\":\"https:\/\/schema.org\",\"@graph\":[{\"@type\":\"Article\",\"@id\":\"https:\/\/www.amatimmobiliaris.com\/w\/2017\/05\/amat-immobiliaris-nominados-sello-calidad-formacion-profesional\/#article\",\"isPartOf\":{\"@id\":\"https:\/\/www.amatimmobiliaris.com\/w\/2017\/05\/amat-immobiliaris-nominados-sello-calidad-formacion-profesional\/\"},\"author\":{\"name\":\"Amat Immobiliaris\",\"@id\":\"https:\/\/www.amatimmobiliaris.com\/w\/#\/schema\/person\/c880da71d1e156e7ea6774ffb445e034\"},\"headline\":\"Amat Immobiliaris nominados para el sello de calidad en formaci\u00f3n profesional\",\"datePublished\":\"2017-05-02T13:51:07+00:00\",\"dateModified\":\"2023-05-11T10:17:49+00:00\",\"mainEntityOfPage\":{\"@id\":\"https:\/\/www.amatimmobiliaris.com\/w\/2017\/05\/amat-immobiliaris-nominados-sello-calidad-formacion-profesional\/\"},\"wordCount\":248,\"publisher\":{\"@id\":\"https:\/\/www.amatimmobiliaris.com\/w\/#organization\"},\"keywords\":[\"Comisi\u00f3n\",\"Inmobiliaria\",\"Premio\",\"Sector inmobiliario\"],\"articleSection\":[\"El mundo Amat\"],\"inLanguage\":\"es\"},{\"@type\":\"WebPage\",\"@id\":\"https:\/\/www.amatimmobiliaris.com\/w\/2017\/05\/amat-immobiliaris-nominados-sello-calidad-formacion-profesional\/\",\"url\":\"https:\/\/www.amatimmobiliaris.com\/w\/2017\/05\/amat-immobiliaris-nominados-sello-calidad-formacion-profesional\/\",\"name\":\"Amat Immobiliaris nominados para el sello de calidad en formaci\u00f3n profesional | Amat Immobiliaris\",\"isPartOf\":{\"@id\":\"https:\/\/www.amatimmobiliaris.com\/w\/#website\"},\"datePublished\":\"2017-05-02T13:51:07+00:00\",\"dateModified\":\"2023-05-11T10:17:49+00:00\",\"breadcrumb\":{\"@id\":\"https:\/\/www.amatimmobiliaris.com\/w\/2017\/05\/amat-immobiliaris-nominados-sello-calidad-formacion-profesional\/#breadcrumb\"},\"inLanguage\":\"es\",\"potentialAction\":[{\"@type\":\"ReadAction\",\"target\":[\"https:\/\/www.amatimmobiliaris.com\/w\/2017\/05\/amat-immobiliaris-nominados-sello-calidad-formacion-profesional\/\"]}]},{\"@type\":\"BreadcrumbList\",\"@id\":\"https:\/\/www.amatimmobiliaris.com\/w\/2017\/05\/amat-immobiliaris-nominados-sello-calidad-formacion-profesional\/#breadcrumb\",\"itemListElement\":[{\"@type\":\"ListItem\",\"position\":1,\"name\":\"Home\",\"item\":\"https:\/\/www.amatimmobiliaris.com\/w\/\"},{\"@type\":\"ListItem\",\"position\":2,\"name\":\"El mundo Amat\",\"item\":\"https:\/\/www.amatimmobiliaris.com\/w\/category\/el-mundo-amat\/\"},{\"@type\":\"ListItem\",\"position\":3,\"name\":\"Amat Immobiliaris nominados para el sello de calidad en formaci\u00f3n profesional\"}]},{\"@type\":\"WebSite\",\"@id\":\"https:\/\/www.amatimmobiliaris.com\/w\/#website\",\"url\":\"https:\/\/www.amatimmobiliaris.com\/w\/\",\"name\":\"Amat Immobiliaris\",\"description\":\"Empresa familiar del sector inmobiliario con oficinas en Barcelona, Sant Cugat del Vall\u00e9s y Sant Just Desvern. Te ayudamos a comprar, alquilar o vender tu casa o piso. Somos un equipo coherente con una cultura de empresa honesta, innovadora y eficaz. Tambi\u00e9n en www.amatluxury.com\",\"publisher\":{\"@id\":\"https:\/\/www.amatimmobiliaris.com\/w\/#organization\"},\"alternateName\":\"AmatImmo\",\"potentialAction\":[{\"@type\":\"SearchAction\",\"target\":{\"@type\":\"EntryPoint\",\"urlTemplate\":\"https:\/\/www.amatimmobiliaris.com\/w\/?s={search_term_string}\"},\"query-input\":{\"@type\":\"PropertyValueSpecification\",\"valueRequired\":true,\"valueName\":\"search_term_string\"}}],\"inLanguage\":\"es\"},{\"@type\":\"Organization\",\"@id\":\"https:\/\/www.amatimmobiliaris.com\/w\/#organization\",\"name\":\"Amat Immobiliaris\",\"url\":\"https:\/\/www.amatimmobiliaris.com\/w\/\",\"logo\":{\"@type\":\"ImageObject\",\"inLanguage\":\"es\",\"@id\":\"https:\/\/www.amatimmobiliaris.com\/w\/#\/schema\/logo\/image\/\",\"url\":\"https:\/\/www.amatimmobiliaris.com\/w\/wp-content\/uploads\/2022\/10\/amat-logo.jpg\",\"contentUrl\":\"https:\/\/www.amatimmobiliaris.com\/w\/wp-content\/uploads\/2022\/10\/amat-logo.jpg\",\"width\":900,\"height\":900,\"caption\":\"Amat Immobiliaris\"},\"image\":{\"@id\":\"https:\/\/www.amatimmobiliaris.com\/w\/#\/schema\/logo\/image\/\"},\"sameAs\":[\"https:\/\/www.facebook.com\/amatimmobiliaris\",\"https:\/\/x.com\/amat_cat\",\"https:\/\/www.instagram.com\/amat_immo\/\",\"https:\/\/www.linkedin.com\/company\/amat-finques\/\",\"https:\/\/www.youtube.com\/@amatimmobiliaris\"]},{\"@type\":\"Person\",\"@id\":\"https:\/\/www.amatimmobiliaris.com\/w\/#\/schema\/person\/c880da71d1e156e7ea6774ffb445e034\",\"name\":\"Amat Immobiliaris\",\"sameAs\":[\"http:\/\/amat-inmo-wp.localhost\"]}]}<\/script>\n<!-- \/ Yoast SEO plugin. -->","yoast_head_json":{"title":"Amat Immobiliaris nominados para el sello de calidad en formaci\u00f3n profesional | Amat Immobiliaris","robots":{"index":"index","follow":"follow","max-snippet":"max-snippet:-1","max-image-preview":"max-image-preview:large","max-video-preview":"max-video-preview:-1"},"canonical":"https:\/\/www.amatimmobiliaris.com\/w\/2017\/05\/amat-immobiliaris-nominados-sello-calidad-formacion-profesional\/","og_locale":"es_ES","og_type":"article","og_title":"Amat Immobiliaris nominados para el sello de calidad en formaci\u00f3n profesional | Amat Immobiliaris","og_description":"Desde hace a\u00f1os en\u00a0Amat practicamos la acogida de estudiantes extranjeros con el fin de fomentar la movilidad en la educaci\u00f3n y la formaci\u00f3n profesional entre otros pa\u00edses europeos. Ahora, esta apuesta se ve recompensada por la nominaci\u00f3n al sello de calidad EQAMOB &amp; Co., que reconoce y destaca el compromiso de las empresas implicadas en [&hellip;]","og_url":"https:\/\/www.amatimmobiliaris.com\/w\/2017\/05\/amat-immobiliaris-nominados-sello-calidad-formacion-profesional\/","og_site_name":"Amat Immobiliaris","article_publisher":"https:\/\/www.facebook.com\/amatimmobiliaris","article_published_time":"2017-05-02T13:51:07+00:00","article_modified_time":"2023-05-11T10:17:49+00:00","og_image":[{"width":1024,"height":683,"url":"https:\/\/www.amatimmobiliaris.com\/w\/wp-content\/uploads\/2022\/01\/2014-Saga-familiar-Amat-dw-1-1024x683.jpg","type":"image\/jpeg"}],"author":"Amat Immobiliaris","twitter_card":"summary_large_image","twitter_creator":"@amat_cat","twitter_site":"@amat_cat","twitter_misc":{"Escrito por":"Amat Immobiliaris","Tiempo de lectura":"1 minuto"},"schema":{"@context":"https:\/\/schema.org","@graph":[{"@type":"Article","@id":"https:\/\/www.amatimmobiliaris.com\/w\/2017\/05\/amat-immobiliaris-nominados-sello-calidad-formacion-profesional\/#article","isPartOf":{"@id":"https:\/\/www.amatimmobiliaris.com\/w\/2017\/05\/amat-immobiliaris-nominados-sello-calidad-formacion-profesional\/"},"author":{"name":"Amat Immobiliaris","@id":"https:\/\/www.amatimmobiliaris.com\/w\/#\/schema\/person\/c880da71d1e156e7ea6774ffb445e034"},"headline":"Amat Immobiliaris nominados para el sello de calidad en formaci\u00f3n profesional","datePublished":"2017-05-02T13:51:07+00:00","dateModified":"2023-05-11T10:17:49+00:00","mainEntityOfPage":{"@id":"https:\/\/www.amatimmobiliaris.com\/w\/2017\/05\/amat-immobiliaris-nominados-sello-calidad-formacion-profesional\/"},"wordCount":248,"publisher":{"@id":"https:\/\/www.amatimmobiliaris.com\/w\/#organization"},"keywords":["Comisi\u00f3n","Inmobiliaria","Premio","Sector inmobiliario"],"articleSection":["El mundo Amat"],"inLanguage":"es"},{"@type":"WebPage","@id":"https:\/\/www.amatimmobiliaris.com\/w\/2017\/05\/amat-immobiliaris-nominados-sello-calidad-formacion-profesional\/","url":"https:\/\/www.amatimmobiliaris.com\/w\/2017\/05\/amat-immobiliaris-nominados-sello-calidad-formacion-profesional\/","name":"Amat Immobiliaris nominados para el sello de calidad en formaci\u00f3n profesional | Amat Immobiliaris","isPartOf":{"@id":"https:\/\/www.amatimmobiliaris.com\/w\/#website"},"datePublished":"2017-05-02T13:51:07+00:00","dateModified":"2023-05-11T10:17:49+00:00","breadcrumb":{"@id":"https:\/\/www.amatimmobiliaris.com\/w\/2017\/05\/amat-immobiliaris-nominados-sello-calidad-formacion-profesional\/#breadcrumb"},"inLanguage":"es","potentialAction":[{"@type":"ReadAction","target":["https:\/\/www.amatimmobiliaris.com\/w\/2017\/05\/amat-immobiliaris-nominados-sello-calidad-formacion-profesional\/"]}]},{"@type":"BreadcrumbList","@id":"https:\/\/www.amatimmobiliaris.com\/w\/2017\/05\/amat-immobiliaris-nominados-sello-calidad-formacion-profesional\/#breadcrumb","itemListElement":[{"@type":"ListItem","position":1,"name":"Home","item":"https:\/\/www.amatimmobiliaris.com\/w\/"},{"@type":"ListItem","position":2,"name":"El mundo Amat","item":"https:\/\/www.amatimmobiliaris.com\/w\/category\/el-mundo-amat\/"},{"@type":"ListItem","position":3,"name":"Amat Immobiliaris nominados para el sello de calidad en formaci\u00f3n profesional"}]},{"@type":"WebSite","@id":"https:\/\/www.amatimmobiliaris.com\/w\/#website","url":"https:\/\/www.amatimmobiliaris.com\/w\/","name":"Amat Immobiliaris","description":"Empresa familiar del sector inmobiliario con oficinas en Barcelona, Sant Cugat del Vall\u00e9s y Sant Just Desvern. Te ayudamos a comprar, alquilar o vender tu casa o piso. Somos un equipo coherente con una cultura de empresa honesta, innovadora y eficaz. Tambi\u00e9n en www.amatluxury.com","publisher":{"@id":"https:\/\/www.amatimmobiliaris.com\/w\/#organization"},"alternateName":"AmatImmo","potentialAction":[{"@type":"SearchAction","target":{"@type":"EntryPoint","urlTemplate":"https:\/\/www.amatimmobiliaris.com\/w\/?s={search_term_string}"},"query-input":{"@type":"PropertyValueSpecification","valueRequired":true,"valueName":"search_term_string"}}],"inLanguage":"es"},{"@type":"Organization","@id":"https:\/\/www.amatimmobiliaris.com\/w\/#organization","name":"Amat Immobiliaris","url":"https:\/\/www.amatimmobiliaris.com\/w\/","logo":{"@type":"ImageObject","inLanguage":"es","@id":"https:\/\/www.amatimmobiliaris.com\/w\/#\/schema\/logo\/image\/","url":"https:\/\/www.amatimmobiliaris.com\/w\/wp-content\/uploads\/2022\/10\/amat-logo.jpg","contentUrl":"https:\/\/www.amatimmobiliaris.com\/w\/wp-content\/uploads\/2022\/10\/amat-logo.jpg","width":900,"height":900,"caption":"Amat Immobiliaris"},"image":{"@id":"https:\/\/www.amatimmobiliaris.com\/w\/#\/schema\/logo\/image\/"},"sameAs":["https:\/\/www.facebook.com\/amatimmobiliaris","https:\/\/x.com\/amat_cat","https:\/\/www.instagram.com\/amat_immo\/","https:\/\/www.linkedin.com\/company\/amat-finques\/","https:\/\/www.youtube.com\/@amatimmobiliaris"]},{"@type":"Person","@id":"https:\/\/www.amatimmobiliaris.com\/w\/#\/schema\/person\/c880da71d1e156e7ea6774ffb445e034","name":"Amat Immobiliaris","sameAs":["http:\/\/amat-inmo-wp.localhost"]}]}},"_links":{"self":[{"href":"https:\/\/www.amatimmobiliaris.com\/w\/wp-json\/wp\/v2\/posts\/14508"}],"collection":[{"href":"https:\/\/www.amatimmobiliaris.com\/w\/wp-json\/wp\/v2\/posts"}],"about":[{"href":"https:\/\/www.amatimmobiliaris.com\/w\/wp-json\/wp\/v2\/types\/post"}],"author":[{"embeddable":true,"href":"https:\/\/www.amatimmobiliaris.com\/w\/wp-json\/wp\/v2\/users\/1"}],"replies":[{"embeddable":true,"href":"https:\/\/www.amatimmobiliaris.com\/w\/wp-json\/wp\/v2\/comments?post=14508"}],"version-history":[{"count":2,"href":"https:\/\/www.amatimmobiliaris.com\/w\/wp-json\/wp\/v2\/posts\/14508\/revisions"}],"predecessor-version":[{"id":23270,"href":"https:\/\/www.amatimmobiliaris.com\/w\/wp-json\/wp\/v2\/posts\/14508\/revisions\/23270"}],"wp:attachment":[{"href":"https:\/\/www.amatimmobiliaris.com\/w\/wp-json\/wp\/v2\/media?parent=14508"}],"wp:term":[{"taxonomy":"category","embeddable":true,"href":"https:\/\/www.amatimmobiliaris.com\/w\/wp-json\/wp\/v2\/categories?post=14508"},{"taxonomy":"post_tag","embeddable":true,"href":"https:\/\/www.amatimmobiliaris.com\/w\/wp-json\/wp\/v2\/tags?post=14508"}],"curies":[{"name":"wp","href":"https:\/\/api.w.org\/{rel}","templated":true}]}}