{"id":13476,"date":"2016-08-24T11:42:01","date_gmt":"2016-08-24T11:42:01","guid":{"rendered":"http:\/\/amat-inmo-wp.localhost\/2016\/08\/24\/mitos-sobre-rehabilitacion-hogar\/"},"modified":"2023-05-11T09:18:16","modified_gmt":"2023-05-11T09:18:16","slug":"mitos-sobre-rehabilitacion-hogar","status":"publish","type":"post","link":"https:\/\/www.amatimmobiliaris.com\/w\/2016\/08\/mitos-sobre-rehabilitacion-hogar\/","title":{"rendered":"9 Mitos sobre la rehabilitaci\u00f3n del hogar"},"content":{"rendered":"<p style=\"text-align: justify;\">Llega el momento de hacer esas <strong>peque\u00f1as rehabilitaciones del hogar<\/strong> que hemos estado atrasando por diversos motivos a lo largo del a\u00f1o pero que no pueden dejarse de hacer una vez haya pasado el verano. Y es entonces cuando surgen las dudas: <strong>\u00bflo hacemos nosotros mismos o contratamos a un profesional?<\/strong> Es en ese momento cuando debemos plantearnos algunas cuestiones para evitar equivocarnos y realizar una chapuza en casa.\u00a0Para despejaros algunas dudas hemos cre\u00eddo conveniente destapar<strong> falsos mitos sobre la rehabilitaci\u00f3n<\/strong>.<\/p>\n<p>&nbsp;<\/p>\n<p style=\"text-align: left;\"><a href=\"https:\/\/www.amatimmobiliaris.com\/w\/wp-content\/uploads\/2022\/01\/rehabilitacion4-1-scaled.jpg\"><img loading=\"lazy\" decoding=\"async\" class=\"wp-image-5458 alignleft\" src=\"https:\/\/www.amatimmobiliaris.com\/w\/wp-content\/uploads\/2022\/01\/rehabilitacion4-1-scaled.jpg\" alt=\"rehabilitacion4\" width=\"330\" height=\"498\" \/><\/a> 1.<strong> La rehabilitaci\u00f3n es f\u00e1cil<\/strong><\/p>\n<p style=\"text-align: justify;\">No nos enga\u00f1emos, si rehabilitar una <strong>vivienda<\/strong> fuese tan f\u00e1cil, la gente lo har\u00eda ella misma y los profesionales no existir\u00edan. Pero, por suerte o por desgracia, no es as\u00ed. Las remodelaciones requieren tiempo y, sobre todo, paciencia por parte de toda la familia.<\/p>\n<p style=\"text-align: justify;\">Si se decide por ser un <em>Juan Palomo<\/em>, es una tarea que <strong>implica de un largo proceso<\/strong>, empezando por ocuparse de la elecci\u00f3n y compra de los materiales que es una de las tareas m\u00e1s farragosas.\u00a0 Adem\u00e1s, el cansancio f\u00edsico implica tambi\u00e9n un agotamiento emocional y estr\u00e9s.<\/p>\n<h3 style=\"text-align: justify;\">2. <strong>La rehabilitaci\u00f3n no es cara<\/strong><\/h3>\n<p style=\"text-align: justify;\"><strong>Depende<\/strong>. Depende de la elecci\u00f3n de materiales previa, evidentemente, y del planteamiento inicial. Con el auge de los programas de televisi\u00f3n de reformas parece todo coser y cantar y los presupuestos de las familias protagonistas suelen ser bastante holgados, pero normalmente no todo es as\u00ed. Evidentemente, se pueden hacer rehabilitaciones para cada bolsillo pero no nos olvidemos que a veces lo m\u00e1s barato sale caro.<\/p>\n<p style=\"text-align: justify;\">Es importante establecer un <strong>presupuesto l\u00f3gico<\/strong> &#8211; que tambi\u00e9n puede ser ajustado- pero hay que decir que s\u00ed, que las rehabilitaciones cuestan dinero.<\/p>\n<h3 style=\"text-align: justify;\">3.<strong> Puedes hacerlo tu mismo<\/strong><\/h3>\n<p style=\"text-align: justify;\">No, no puede hacerlo tu mismo. Es decir, si quieres que los resultados sean efectivos, <strong>no lo hagas<\/strong>. Los resultados siempre ser\u00e1n mejores si lo dejas en manos de una profesional de la materia. Evidentemente, depender\u00e1 del tipo de reforma, pero si se trata de demoliciones, instalaciones u obras mayores, puede ser muy peligroso encargarnos nosotros mismos, adem\u00e1s de que podemos dejarlo todo peor de como estaba y acabemos llamando a un profesional, duplicando adem\u00e1s el presupuesto inicial.<\/p>\n<h3 style=\"text-align: justify;\">4.<strong> Contra m\u00e1s barato, mejor<\/strong><\/h3>\n<p style=\"text-align: justify;\">Aunque siempre dicen que \u00abmenos es m\u00e1s\u00bb, tambi\u00e9n se dice <strong>\u00ablo barato sale caro\u00bb<\/strong> y,\u00a0 en este caso, es muy probable que el dicho se cumpla a raja tabla. Sencillamente, si no queremos enfrentarnos a otra necesaria rehabilitaci\u00f3n o reforma por haber escogido materiales de baja calidad, mejor invertir un poco m\u00e1s en en el presupuesto y evitarnos un problema m\u00e1s adelante.<\/p>\n<h3 style=\"text-align: justify;\">5.<strong> Si se parecen, son igual de buenos<\/strong><\/h3>\n<p style=\"text-align: justify;\">Si se parecen, se parecen. No quiere decir que sean igual de bueno. En este caso tambi\u00e9n podemos aplicar el dicho \u00ablo barato sale caro\u00bb. Normalmente, -siempre habr\u00e1 excepciones- <strong>lo mejor sale m\u00e1s caro<\/strong>. Pueden haber diferencias, pero por regla general suele ser as\u00ed. As\u00ed, nos encontramos en la misma situaci\u00f3n que al elegir lo m\u00e1s barato: aunque se parezcan, el precio nos puede dar una pista de la calidad de uno y otro.<\/p>\n<h3 style=\"text-align: justify;\"><img loading=\"lazy\" decoding=\"async\" class=\"aligncenter wp-image-6334 size-large\" src=\"https:\/\/www.amatimmobiliaris.com\/w\/wp-content\/uploads\/2022\/01\/rehabilitacin1-2-scaled.jpg\" width=\"1024\" height=\"622\" \/><strong>6<\/strong>.<strong> Siempre llevan m\u00e1s tiempo del previsto<\/strong><\/h3>\n<p style=\"text-align: justify;\">No tiene porque ser as\u00ed siempre. Un buen <strong>plan que contemple posibles problemas<\/strong>, retrasos o climatolog\u00eda, por ejemplo, puede hacer que &#8211; incluso- los d\u00edas necesarios se reduzcan. Quiz\u00e1s este es un punto que no se tiene demasiado en cuenta pero que es primordial para acabar con \u00e9xito cualquier reforma y evitar as\u00ed el estr\u00e9s que puede provocar tener que abandonar nuestro hogar por unos d\u00edas para poder llevar a cabo las obras.<\/p>\n<h3 style=\"text-align: justify;\">7.<strong> Siempre cuesta m\u00e1s de lo presupuestado<\/strong><\/h3>\n<p style=\"text-align: justify;\">No si se realiza un buen presupuesto. En el momento de confeccionarlo debemos controlar absolutamente todos los gastos para evitar sorpresas a \u00faltima hora pero los imprevistos existen y podr\u00eda pasar. Aun as\u00ed no deber\u00eda ser la regla.<\/p>\n<h3 style=\"text-align: justify;\"><strong>8. Puedes improvisar<\/strong><\/h3>\n<p style=\"text-align: justify;\">Y ligado a lo anterior est\u00e1 la improvisaci\u00f3n. A mayor improvisaci\u00f3n m\u00e1s posibilidades de incumplir el plan y el presupuesto. En otras facetas de la vida la improvisaci\u00f3n es lo mejor, en el tema que los ocupa es mejor olvidarse y <strong>dejarlo todo m\u00e1s que atado<\/strong> desde un buen inicio.<\/p>\n<h3 style=\"text-align: justify;\">9.<strong> Los que tienen mejor pinta son los mejores<\/strong><\/h3>\n<p style=\"text-align: justify;\">No nos enga\u00f1emos: un buen marketing significa m\u00e1s presupuesto, no m\u00e1s calidad. Es cierto que a m\u00e1s publicidad, m\u00e1s presencia y mejor aspecto, ya sea en vallas publicitarias, diarios o internet, nos puede dar una sensaci\u00f3n de familiaridad que implica mayor confianza sin una raz\u00f3n justificada pero en estos casos es totalmente falso. <strong>El boca-boca es lo que m\u00e1s funciona<\/strong> cuando se trata de este tipo de trabajos ya que los resultados son los que se juzgan y no hay mejor publicidad que un cliente satisfecho.<\/p>\n<p style=\"text-align: justify;\">\u00a0<a href=\"https:\/\/www.amatimmobiliaris.com\/w\/wp-content\/uploads\/2022\/01\/rehabilitacion3-1-scaled.jpg\"><img loading=\"lazy\" decoding=\"async\" class=\" wp-image-5459 aligncenter\" src=\"https:\/\/www.amatimmobiliaris.com\/w\/wp-content\/uploads\/2022\/01\/rehabilitacion3-1-scaled.jpg\" alt=\"rehabilitacion3\" width=\"551\" height=\"393\" \/><\/a><\/p>\n<p style=\"text-align: justify;\">En definitiva, nuestro consejo desde aqu\u00ed es ponerse en manos de un profesional y comparar presupuestos hasta encontrar uno que pueda ajustarse a nuestro bolsillos y necesidades sin pedir milagros.<\/p>\n<p style=\"text-align: justify;\"><strong>Suerte en las reformas de verano!<\/strong><\/p>\n<p>\u00a1Si te ha gustado este\u00a0art\u00edculo,\u00a0<a href=\"https:\/\/twitter.com\/amat_cat\" target=\"_blank\" rel=\"noopener\">comp\u00e1rtelo<\/a>!<\/p>\n","protected":false},"excerpt":{"rendered":"<p>Llega el momento de hacer esas peque\u00f1as rehabilitaciones del hogar que hemos estado atrasando por diversos motivos a lo largo del a\u00f1o pero que no pueden dejarse de hacer una vez haya pasado el verano. Y es entonces cuando surgen las dudas: \u00bflo hacemos nosotros mismos o contratamos a un profesional? Es en ese momento [&hellip;]<\/p>\n","protected":false},"author":1,"featured_media":13477,"comment_status":"closed","ping_status":"closed","sticky":false,"template":"","format":"standard","meta":{"content-type":"","footnotes":""},"categories":[879],"tags":[1824,1798,1461,996,1658],"yoast_head":"<!-- This site is optimized with the Yoast SEO plugin v23.9 - https:\/\/yoast.com\/wordpress\/plugins\/seo\/ -->\n<title>9 Mitos sobre la rehabilitaci\u00f3n del hogar | Amat Immobiliaris<\/title>\n<meta name=\"description\" content=\"\u00bfHa llega el momento de hacer peque\u00f1as rehabilitaciones del hogar? \u00a1En blog de hoy os destapamos falsos mitos sobre la rehabilitaci\u00f3n!\" \/>\n<meta name=\"robots\" content=\"index, follow, max-snippet:-1, max-image-preview:large, max-video-preview:-1\" \/>\n<link rel=\"canonical\" href=\"https:\/\/www.amatimmobiliaris.com\/w\/2016\/08\/mitos-sobre-rehabilitacion-hogar\/\" \/>\n<meta property=\"og:locale\" content=\"es_ES\" \/>\n<meta property=\"og:type\" content=\"article\" \/>\n<meta property=\"og:title\" content=\"9 Mitos sobre la rehabilitaci\u00f3n del hogar | Amat Immobiliaris\" \/>\n<meta property=\"og:description\" content=\"\u00bfHa llega el momento de hacer peque\u00f1as rehabilitaciones del hogar? \u00a1En blog de hoy os destapamos falsos mitos sobre la rehabilitaci\u00f3n!\" \/>\n<meta property=\"og:url\" content=\"https:\/\/www.amatimmobiliaris.com\/w\/2016\/08\/mitos-sobre-rehabilitacion-hogar\/\" \/>\n<meta property=\"og:site_name\" content=\"Amat Immobiliaris\" \/>\n<meta property=\"article:publisher\" content=\"https:\/\/www.facebook.com\/amatimmobiliaris\" \/>\n<meta property=\"article:published_time\" content=\"2016-08-24T11:42:01+00:00\" \/>\n<meta property=\"article:modified_time\" content=\"2023-05-11T09:18:16+00:00\" \/>\n<meta property=\"og:image\" content=\"https:\/\/www.amatimmobiliaris.com\/w\/wp-content\/uploads\/2022\/01\/rehabilitacion4-1-scaled.jpg\" \/>\n\t<meta property=\"og:image:width\" content=\"1696\" \/>\n\t<meta property=\"og:image:height\" content=\"2560\" \/>\n\t<meta property=\"og:image:type\" content=\"image\/jpeg\" \/>\n<meta name=\"author\" content=\"Amat Immobiliaris\" \/>\n<meta name=\"twitter:card\" content=\"summary_large_image\" \/>\n<meta name=\"twitter:creator\" content=\"@amat_cat\" \/>\n<meta name=\"twitter:site\" content=\"@amat_cat\" \/>\n<meta name=\"twitter:label1\" content=\"Escrito por\" \/>\n\t<meta name=\"twitter:data1\" content=\"Amat Immobiliaris\" \/>\n\t<meta name=\"twitter:label2\" content=\"Tiempo de lectura\" \/>\n\t<meta name=\"twitter:data2\" content=\"5 minutos\" \/>\n<script type=\"application\/ld+json\" class=\"yoast-schema-graph\">{\"@context\":\"https:\/\/schema.org\",\"@graph\":[{\"@type\":\"Article\",\"@id\":\"https:\/\/www.amatimmobiliaris.com\/w\/2016\/08\/mitos-sobre-rehabilitacion-hogar\/#article\",\"isPartOf\":{\"@id\":\"https:\/\/www.amatimmobiliaris.com\/w\/2016\/08\/mitos-sobre-rehabilitacion-hogar\/\"},\"author\":{\"name\":\"Amat Immobiliaris\",\"@id\":\"https:\/\/www.amatimmobiliaris.com\/w\/#\/schema\/person\/c880da71d1e156e7ea6774ffb445e034\"},\"headline\":\"9 Mitos sobre la rehabilitaci\u00f3n del hogar\",\"datePublished\":\"2016-08-24T11:42:01+00:00\",\"dateModified\":\"2023-05-11T09:18:16+00:00\",\"mainEntityOfPage\":{\"@id\":\"https:\/\/www.amatimmobiliaris.com\/w\/2016\/08\/mitos-sobre-rehabilitacion-hogar\/\"},\"wordCount\":878,\"publisher\":{\"@id\":\"https:\/\/www.amatimmobiliaris.com\/w\/#organization\"},\"image\":{\"@id\":\"https:\/\/www.amatimmobiliaris.com\/w\/2016\/08\/mitos-sobre-rehabilitacion-hogar\/#primaryimage\"},\"thumbnailUrl\":\"https:\/\/www.amatimmobiliaris.com\/w\/wp-content\/uploads\/2022\/01\/rehabilitacion4-1-scaled.jpg\",\"keywords\":[\"Confianza\",\"Gastos\",\"Publicidad\",\"Rehabilitaci\u00f3n\",\"Renovar\"],\"articleSection\":[\"Arquitectura y decoraci\u00f3n\"],\"inLanguage\":\"es\"},{\"@type\":\"WebPage\",\"@id\":\"https:\/\/www.amatimmobiliaris.com\/w\/2016\/08\/mitos-sobre-rehabilitacion-hogar\/\",\"url\":\"https:\/\/www.amatimmobiliaris.com\/w\/2016\/08\/mitos-sobre-rehabilitacion-hogar\/\",\"name\":\"9 Mitos sobre la rehabilitaci\u00f3n del hogar | Amat Immobiliaris\",\"isPartOf\":{\"@id\":\"https:\/\/www.amatimmobiliaris.com\/w\/#website\"},\"primaryImageOfPage\":{\"@id\":\"https:\/\/www.amatimmobiliaris.com\/w\/2016\/08\/mitos-sobre-rehabilitacion-hogar\/#primaryimage\"},\"image\":{\"@id\":\"https:\/\/www.amatimmobiliaris.com\/w\/2016\/08\/mitos-sobre-rehabilitacion-hogar\/#primaryimage\"},\"thumbnailUrl\":\"https:\/\/www.amatimmobiliaris.com\/w\/wp-content\/uploads\/2022\/01\/rehabilitacion4-1-scaled.jpg\",\"datePublished\":\"2016-08-24T11:42:01+00:00\",\"dateModified\":\"2023-05-11T09:18:16+00:00\",\"description\":\"\u00bfHa llega el momento de hacer peque\u00f1as rehabilitaciones del hogar? \u00a1En blog de hoy os destapamos falsos mitos sobre la rehabilitaci\u00f3n!\",\"breadcrumb\":{\"@id\":\"https:\/\/www.amatimmobiliaris.com\/w\/2016\/08\/mitos-sobre-rehabilitacion-hogar\/#breadcrumb\"},\"inLanguage\":\"es\",\"potentialAction\":[{\"@type\":\"ReadAction\",\"target\":[\"https:\/\/www.amatimmobiliaris.com\/w\/2016\/08\/mitos-sobre-rehabilitacion-hogar\/\"]}]},{\"@type\":\"ImageObject\",\"inLanguage\":\"es\",\"@id\":\"https:\/\/www.amatimmobiliaris.com\/w\/2016\/08\/mitos-sobre-rehabilitacion-hogar\/#primaryimage\",\"url\":\"https:\/\/www.amatimmobiliaris.com\/w\/wp-content\/uploads\/2022\/01\/rehabilitacion4-1-scaled.jpg\",\"contentUrl\":\"https:\/\/www.amatimmobiliaris.com\/w\/wp-content\/uploads\/2022\/01\/rehabilitacion4-1-scaled.jpg\",\"width\":1696,\"height\":2560},{\"@type\":\"BreadcrumbList\",\"@id\":\"https:\/\/www.amatimmobiliaris.com\/w\/2016\/08\/mitos-sobre-rehabilitacion-hogar\/#breadcrumb\",\"itemListElement\":[{\"@type\":\"ListItem\",\"position\":1,\"name\":\"Home\",\"item\":\"https:\/\/www.amatimmobiliaris.com\/w\/\"},{\"@type\":\"ListItem\",\"position\":2,\"name\":\"Arquitectura y decoraci\u00f3n\",\"item\":\"https:\/\/www.amatimmobiliaris.com\/w\/category\/arquitectura-y-decoracion\/\"},{\"@type\":\"ListItem\",\"position\":3,\"name\":\"9 Mitos sobre la rehabilitaci\u00f3n del hogar\"}]},{\"@type\":\"WebSite\",\"@id\":\"https:\/\/www.amatimmobiliaris.com\/w\/#website\",\"url\":\"https:\/\/www.amatimmobiliaris.com\/w\/\",\"name\":\"Amat Immobiliaris\",\"description\":\"Empresa familiar del sector inmobiliario con oficinas en Barcelona, Sant Cugat del Vall\u00e9s y Sant Just Desvern. Te ayudamos a comprar, alquilar o vender tu casa o piso. Somos un equipo coherente con una cultura de empresa honesta, innovadora y eficaz. Tambi\u00e9n en www.amatluxury.com\",\"publisher\":{\"@id\":\"https:\/\/www.amatimmobiliaris.com\/w\/#organization\"},\"alternateName\":\"AmatImmo\",\"potentialAction\":[{\"@type\":\"SearchAction\",\"target\":{\"@type\":\"EntryPoint\",\"urlTemplate\":\"https:\/\/www.amatimmobiliaris.com\/w\/?s={search_term_string}\"},\"query-input\":{\"@type\":\"PropertyValueSpecification\",\"valueRequired\":true,\"valueName\":\"search_term_string\"}}],\"inLanguage\":\"es\"},{\"@type\":\"Organization\",\"@id\":\"https:\/\/www.amatimmobiliaris.com\/w\/#organization\",\"name\":\"Amat Immobiliaris\",\"url\":\"https:\/\/www.amatimmobiliaris.com\/w\/\",\"logo\":{\"@type\":\"ImageObject\",\"inLanguage\":\"es\",\"@id\":\"https:\/\/www.amatimmobiliaris.com\/w\/#\/schema\/logo\/image\/\",\"url\":\"https:\/\/www.amatimmobiliaris.com\/w\/wp-content\/uploads\/2022\/10\/amat-logo.jpg\",\"contentUrl\":\"https:\/\/www.amatimmobiliaris.com\/w\/wp-content\/uploads\/2022\/10\/amat-logo.jpg\",\"width\":900,\"height\":900,\"caption\":\"Amat Immobiliaris\"},\"image\":{\"@id\":\"https:\/\/www.amatimmobiliaris.com\/w\/#\/schema\/logo\/image\/\"},\"sameAs\":[\"https:\/\/www.facebook.com\/amatimmobiliaris\",\"https:\/\/x.com\/amat_cat\",\"https:\/\/www.instagram.com\/amat_immo\/\",\"https:\/\/www.linkedin.com\/company\/amat-finques\/\",\"https:\/\/www.youtube.com\/@amatimmobiliaris\"]},{\"@type\":\"Person\",\"@id\":\"https:\/\/www.amatimmobiliaris.com\/w\/#\/schema\/person\/c880da71d1e156e7ea6774ffb445e034\",\"name\":\"Amat Immobiliaris\",\"sameAs\":[\"http:\/\/amat-inmo-wp.localhost\"]}]}<\/script>\n<!-- \/ Yoast SEO plugin. -->","yoast_head_json":{"title":"9 Mitos sobre la rehabilitaci\u00f3n del hogar | Amat Immobiliaris","description":"\u00bfHa llega el momento de hacer peque\u00f1as rehabilitaciones del hogar? \u00a1En blog de hoy os destapamos falsos mitos sobre la rehabilitaci\u00f3n!","robots":{"index":"index","follow":"follow","max-snippet":"max-snippet:-1","max-image-preview":"max-image-preview:large","max-video-preview":"max-video-preview:-1"},"canonical":"https:\/\/www.amatimmobiliaris.com\/w\/2016\/08\/mitos-sobre-rehabilitacion-hogar\/","og_locale":"es_ES","og_type":"article","og_title":"9 Mitos sobre la rehabilitaci\u00f3n del hogar | Amat Immobiliaris","og_description":"\u00bfHa llega el momento de hacer peque\u00f1as rehabilitaciones del hogar? \u00a1En blog de hoy os destapamos falsos mitos sobre la rehabilitaci\u00f3n!","og_url":"https:\/\/www.amatimmobiliaris.com\/w\/2016\/08\/mitos-sobre-rehabilitacion-hogar\/","og_site_name":"Amat Immobiliaris","article_publisher":"https:\/\/www.facebook.com\/amatimmobiliaris","article_published_time":"2016-08-24T11:42:01+00:00","article_modified_time":"2023-05-11T09:18:16+00:00","og_image":[{"width":1696,"height":2560,"url":"https:\/\/www.amatimmobiliaris.com\/w\/wp-content\/uploads\/2022\/01\/rehabilitacion4-1-scaled.jpg","type":"image\/jpeg"}],"author":"Amat Immobiliaris","twitter_card":"summary_large_image","twitter_creator":"@amat_cat","twitter_site":"@amat_cat","twitter_misc":{"Escrito por":"Amat Immobiliaris","Tiempo de lectura":"5 minutos"},"schema":{"@context":"https:\/\/schema.org","@graph":[{"@type":"Article","@id":"https:\/\/www.amatimmobiliaris.com\/w\/2016\/08\/mitos-sobre-rehabilitacion-hogar\/#article","isPartOf":{"@id":"https:\/\/www.amatimmobiliaris.com\/w\/2016\/08\/mitos-sobre-rehabilitacion-hogar\/"},"author":{"name":"Amat Immobiliaris","@id":"https:\/\/www.amatimmobiliaris.com\/w\/#\/schema\/person\/c880da71d1e156e7ea6774ffb445e034"},"headline":"9 Mitos sobre la rehabilitaci\u00f3n del hogar","datePublished":"2016-08-24T11:42:01+00:00","dateModified":"2023-05-11T09:18:16+00:00","mainEntityOfPage":{"@id":"https:\/\/www.amatimmobiliaris.com\/w\/2016\/08\/mitos-sobre-rehabilitacion-hogar\/"},"wordCount":878,"publisher":{"@id":"https:\/\/www.amatimmobiliaris.com\/w\/#organization"},"image":{"@id":"https:\/\/www.amatimmobiliaris.com\/w\/2016\/08\/mitos-sobre-rehabilitacion-hogar\/#primaryimage"},"thumbnailUrl":"https:\/\/www.amatimmobiliaris.com\/w\/wp-content\/uploads\/2022\/01\/rehabilitacion4-1-scaled.jpg","keywords":["Confianza","Gastos","Publicidad","Rehabilitaci\u00f3n","Renovar"],"articleSection":["Arquitectura y decoraci\u00f3n"],"inLanguage":"es"},{"@type":"WebPage","@id":"https:\/\/www.amatimmobiliaris.com\/w\/2016\/08\/mitos-sobre-rehabilitacion-hogar\/","url":"https:\/\/www.amatimmobiliaris.com\/w\/2016\/08\/mitos-sobre-rehabilitacion-hogar\/","name":"9 Mitos sobre la rehabilitaci\u00f3n del hogar | Amat Immobiliaris","isPartOf":{"@id":"https:\/\/www.amatimmobiliaris.com\/w\/#website"},"primaryImageOfPage":{"@id":"https:\/\/www.amatimmobiliaris.com\/w\/2016\/08\/mitos-sobre-rehabilitacion-hogar\/#primaryimage"},"image":{"@id":"https:\/\/www.amatimmobiliaris.com\/w\/2016\/08\/mitos-sobre-rehabilitacion-hogar\/#primaryimage"},"thumbnailUrl":"https:\/\/www.amatimmobiliaris.com\/w\/wp-content\/uploads\/2022\/01\/rehabilitacion4-1-scaled.jpg","datePublished":"2016-08-24T11:42:01+00:00","dateModified":"2023-05-11T09:18:16+00:00","description":"\u00bfHa llega el momento de hacer peque\u00f1as rehabilitaciones del hogar? \u00a1En blog de hoy os destapamos falsos mitos sobre la rehabilitaci\u00f3n!","breadcrumb":{"@id":"https:\/\/www.amatimmobiliaris.com\/w\/2016\/08\/mitos-sobre-rehabilitacion-hogar\/#breadcrumb"},"inLanguage":"es","potentialAction":[{"@type":"ReadAction","target":["https:\/\/www.amatimmobiliaris.com\/w\/2016\/08\/mitos-sobre-rehabilitacion-hogar\/"]}]},{"@type":"ImageObject","inLanguage":"es","@id":"https:\/\/www.amatimmobiliaris.com\/w\/2016\/08\/mitos-sobre-rehabilitacion-hogar\/#primaryimage","url":"https:\/\/www.amatimmobiliaris.com\/w\/wp-content\/uploads\/2022\/01\/rehabilitacion4-1-scaled.jpg","contentUrl":"https:\/\/www.amatimmobiliaris.com\/w\/wp-content\/uploads\/2022\/01\/rehabilitacion4-1-scaled.jpg","width":1696,"height":2560},{"@type":"BreadcrumbList","@id":"https:\/\/www.amatimmobiliaris.com\/w\/2016\/08\/mitos-sobre-rehabilitacion-hogar\/#breadcrumb","itemListElement":[{"@type":"ListItem","position":1,"name":"Home","item":"https:\/\/www.amatimmobiliaris.com\/w\/"},{"@type":"ListItem","position":2,"name":"Arquitectura y decoraci\u00f3n","item":"https:\/\/www.amatimmobiliaris.com\/w\/category\/arquitectura-y-decoracion\/"},{"@type":"ListItem","position":3,"name":"9 Mitos sobre la rehabilitaci\u00f3n del hogar"}]},{"@type":"WebSite","@id":"https:\/\/www.amatimmobiliaris.com\/w\/#website","url":"https:\/\/www.amatimmobiliaris.com\/w\/","name":"Amat Immobiliaris","description":"Empresa familiar del sector inmobiliario con oficinas en Barcelona, Sant Cugat del Vall\u00e9s y Sant Just Desvern. Te ayudamos a comprar, alquilar o vender tu casa o piso. Somos un equipo coherente con una cultura de empresa honesta, innovadora y eficaz. Tambi\u00e9n en www.amatluxury.com","publisher":{"@id":"https:\/\/www.amatimmobiliaris.com\/w\/#organization"},"alternateName":"AmatImmo","potentialAction":[{"@type":"SearchAction","target":{"@type":"EntryPoint","urlTemplate":"https:\/\/www.amatimmobiliaris.com\/w\/?s={search_term_string}"},"query-input":{"@type":"PropertyValueSpecification","valueRequired":true,"valueName":"search_term_string"}}],"inLanguage":"es"},{"@type":"Organization","@id":"https:\/\/www.amatimmobiliaris.com\/w\/#organization","name":"Amat Immobiliaris","url":"https:\/\/www.amatimmobiliaris.com\/w\/","logo":{"@type":"ImageObject","inLanguage":"es","@id":"https:\/\/www.amatimmobiliaris.com\/w\/#\/schema\/logo\/image\/","url":"https:\/\/www.amatimmobiliaris.com\/w\/wp-content\/uploads\/2022\/10\/amat-logo.jpg","contentUrl":"https:\/\/www.amatimmobiliaris.com\/w\/wp-content\/uploads\/2022\/10\/amat-logo.jpg","width":900,"height":900,"caption":"Amat Immobiliaris"},"image":{"@id":"https:\/\/www.amatimmobiliaris.com\/w\/#\/schema\/logo\/image\/"},"sameAs":["https:\/\/www.facebook.com\/amatimmobiliaris","https:\/\/x.com\/amat_cat","https:\/\/www.instagram.com\/amat_immo\/","https:\/\/www.linkedin.com\/company\/amat-finques\/","https:\/\/www.youtube.com\/@amatimmobiliaris"]},{"@type":"Person","@id":"https:\/\/www.amatimmobiliaris.com\/w\/#\/schema\/person\/c880da71d1e156e7ea6774ffb445e034","name":"Amat Immobiliaris","sameAs":["http:\/\/amat-inmo-wp.localhost"]}]}},"_links":{"self":[{"href":"https:\/\/www.amatimmobiliaris.com\/w\/wp-json\/wp\/v2\/posts\/13476"}],"collection":[{"href":"https:\/\/www.amatimmobiliaris.com\/w\/wp-json\/wp\/v2\/posts"}],"about":[{"href":"https:\/\/www.amatimmobiliaris.com\/w\/wp-json\/wp\/v2\/types\/post"}],"author":[{"embeddable":true,"href":"https:\/\/www.amatimmobiliaris.com\/w\/wp-json\/wp\/v2\/users\/1"}],"replies":[{"embeddable":true,"href":"https:\/\/www.amatimmobiliaris.com\/w\/wp-json\/wp\/v2\/comments?post=13476"}],"version-history":[{"count":3,"href":"https:\/\/www.amatimmobiliaris.com\/w\/wp-json\/wp\/v2\/posts\/13476\/revisions"}],"predecessor-version":[{"id":25422,"href":"https:\/\/www.amatimmobiliaris.com\/w\/wp-json\/wp\/v2\/posts\/13476\/revisions\/25422"}],"wp:featuredmedia":[{"embeddable":true,"href":"https:\/\/www.amatimmobiliaris.com\/w\/wp-json\/wp\/v2\/media\/13477"}],"wp:attachment":[{"href":"https:\/\/www.amatimmobiliaris.com\/w\/wp-json\/wp\/v2\/media?parent=13476"}],"wp:term":[{"taxonomy":"category","embeddable":true,"href":"https:\/\/www.amatimmobiliaris.com\/w\/wp-json\/wp\/v2\/categories?post=13476"},{"taxonomy":"post_tag","embeddable":true,"href":"https:\/\/www.amatimmobiliaris.com\/w\/wp-json\/wp\/v2\/tags?post=13476"}],"curies":[{"name":"wp","href":"https:\/\/api.w.org\/{rel}","templated":true}]}}