{"id":13072,"date":"2016-06-09T11:54:51","date_gmt":"2016-06-09T11:54:51","guid":{"rendered":"http:\/\/amat-inmo-wp.localhost\/2016\/06\/09\/entrega-la-xxiii-edicion-premio-joven-empresario-aijec\/"},"modified":"2023-05-11T08:08:28","modified_gmt":"2023-05-11T08:08:28","slug":"entrega-la-xxiii-edicion-premio-joven-empresario-aijec","status":"publish","type":"post","link":"https:\/\/www.amatimmobiliaris.com\/w\/2016\/06\/entrega-la-xxiii-edicion-premio-joven-empresario-aijec\/","title":{"rendered":"Entrega de la XXIII edici\u00f3n Premio Joven Empresario de AIJEC"},"content":{"rendered":"<p style=\"text-align: justify;\">Ayer noche asistimos a la XXIII Edici\u00f3n Premio Joven Empresario que organiza<a href=\"https:\/\/www.amatimmobiliaris.com\/w\/2016\/04\/immaculada-amat-da-una-charla-en-el-clasico-dinar-demprenedors-de-aijec\/\" target=\"_blank\" rel=\"noopener\"> AIJEC<\/a>, Asociaci\u00f3n de J\u00f3venes Empresarios de Catalu\u00f1a, formada hace 30 a\u00f1os.<\/p>\n<blockquote><p>\u00abEl Premio Joven Empresario reconoce el trabajo, esfuerzo y la constancia de los j\u00f3venes empresarios catalanes capaces de generar puestos de trabajo e impulsar proyectos empresariales. Unos premios consolidados que ayer llegaron a la 23ena edici\u00f3n y que se han convertido en los galardones m\u00e1s importantes del emprendimiento que se celebran en Catalu\u00f1a.\u00bb<\/p><\/blockquote>\n<p style=\"text-align: justify;\">Este a\u00f1o los nominados han sido Angi Cabal de <a href=\"https:\/\/www.mrwonderful.com\/es\/\" target=\"_blank\" rel=\"noopener\">Mr. Wonderfu<\/a>l, Erik Mayol de Eurekakids y Ignasi Vilajosana de Worldsensing, candidatos a Joven Empresario 2015.<\/p>\n<p style=\"text-align: justify;\">El ganador fue este \u00faltimo, por su empresa tecnol\u00f3gica creada en 2008, todo un referente en el sector de las Smart Cities. Lo m\u00e1s destacable es el sistema de sensores de que disponen desde Mosc\u00fa a Bogot\u00e1 para controlar el tr\u00e1fico. Como dato curioso, Ignacia Vilajosana asegur\u00f3 que coge hasta 180 vuelos al a\u00f1o!<\/p>\n<p style=\"text-align: justify;\">Hubo tambi\u00e9n un premio de reconocimiento a la Mejor Trayectoria Empresarial, que la asociaci\u00f3n concedi\u00f3 a Mariano Puig,\u00a0 de perfumes <a href=\"https:\/\/www.puig.com\/es\/\" target=\"_blank\" rel=\"noopener nofollow\" class=\"broken_link\">Puig<\/a>.<\/p>\n<p style=\"text-align: justify;\">La entrega de premios tuvo lugar en el patio Modernista del Hospital Sant Pau, un espacio fant\u00e1stico donde se reunieron gran n\u00famero de personas.<\/p>\n<p>&nbsp;<\/p>\n","protected":false},"excerpt":{"rendered":"<p>Ayer noche asistimos a la XXIII Edici\u00f3n Premio Joven Empresario que organiza AIJEC, Asociaci\u00f3n de J\u00f3venes Empresarios de Catalu\u00f1a, formada hace 30 a\u00f1os. \u00abEl Premio Joven Empresario reconoce el trabajo, esfuerzo y la constancia de los j\u00f3venes empresarios catalanes capaces de generar puestos de trabajo e impulsar proyectos empresariales. Unos premios consolidados que ayer llegaron [&hellip;]<\/p>\n","protected":false},"author":1,"featured_media":0,"comment_status":"closed","ping_status":"closed","sticky":false,"template":"","format":"standard","meta":{"content-type":"","footnotes":""},"categories":[742],"tags":[1077,1764,1679,1121],"yoast_head":"<!-- This site is optimized with the Yoast SEO plugin v23.9 - https:\/\/yoast.com\/wordpress\/plugins\/seo\/ -->\n<title>Entrega de la XXIII edici\u00f3n Premio Joven Empresario de AIJEC | Amat Immobiliaris<\/title>\n<meta name=\"description\" content=\"Ayer noche asistimos a la XXIII Edici\u00f3n Premio Joven Empresario que organiza AIJEC, Asociaci\u00f3n de J\u00f3venes Empresarios de Catalu\u00f1a, formada hace 30 a\u00f1os.\" \/>\n<meta name=\"robots\" content=\"index, follow, max-snippet:-1, max-image-preview:large, max-video-preview:-1\" \/>\n<link rel=\"canonical\" href=\"https:\/\/www.amatimmobiliaris.com\/w\/2016\/06\/entrega-la-xxiii-edicion-premio-joven-empresario-aijec\/\" \/>\n<meta property=\"og:locale\" content=\"es_ES\" \/>\n<meta property=\"og:type\" content=\"article\" \/>\n<meta property=\"og:title\" content=\"Entrega de la XXIII edici\u00f3n Premio Joven Empresario de AIJEC | Amat Immobiliaris\" \/>\n<meta property=\"og:description\" content=\"Ayer noche asistimos a la XXIII Edici\u00f3n Premio Joven Empresario que organiza AIJEC, Asociaci\u00f3n de J\u00f3venes Empresarios de Catalu\u00f1a, formada hace 30 a\u00f1os.\" \/>\n<meta property=\"og:url\" content=\"https:\/\/www.amatimmobiliaris.com\/w\/2016\/06\/entrega-la-xxiii-edicion-premio-joven-empresario-aijec\/\" \/>\n<meta property=\"og:site_name\" content=\"Amat Immobiliaris\" \/>\n<meta property=\"article:publisher\" content=\"https:\/\/www.facebook.com\/amatimmobiliaris\" \/>\n<meta property=\"article:published_time\" content=\"2016-06-09T11:54:51+00:00\" \/>\n<meta property=\"article:modified_time\" content=\"2023-05-11T08:08:28+00:00\" \/>\n<meta property=\"og:image\" content=\"https:\/\/www.amatimmobiliaris.com\/w\/wp-content\/uploads\/2022\/01\/2014-Saga-familiar-Amat-dw-1-1024x683.jpg\" \/>\n\t<meta property=\"og:image:width\" content=\"1024\" \/>\n\t<meta property=\"og:image:height\" content=\"683\" \/>\n\t<meta property=\"og:image:type\" content=\"image\/jpeg\" \/>\n<meta name=\"author\" content=\"Amat Immobiliaris\" \/>\n<meta name=\"twitter:card\" content=\"summary_large_image\" \/>\n<meta name=\"twitter:creator\" content=\"@amat_cat\" \/>\n<meta name=\"twitter:site\" content=\"@amat_cat\" \/>\n<meta name=\"twitter:label1\" content=\"Escrito por\" \/>\n\t<meta name=\"twitter:data1\" content=\"Amat Immobiliaris\" \/>\n\t<meta name=\"twitter:label2\" content=\"Tiempo de lectura\" \/>\n\t<meta name=\"twitter:data2\" content=\"1 minuto\" \/>\n<script type=\"application\/ld+json\" class=\"yoast-schema-graph\">{\"@context\":\"https:\/\/schema.org\",\"@graph\":[{\"@type\":\"Article\",\"@id\":\"https:\/\/www.amatimmobiliaris.com\/w\/2016\/06\/entrega-la-xxiii-edicion-premio-joven-empresario-aijec\/#article\",\"isPartOf\":{\"@id\":\"https:\/\/www.amatimmobiliaris.com\/w\/2016\/06\/entrega-la-xxiii-edicion-premio-joven-empresario-aijec\/\"},\"author\":{\"name\":\"Amat Immobiliaris\",\"@id\":\"https:\/\/www.amatimmobiliaris.com\/w\/#\/schema\/person\/c880da71d1e156e7ea6774ffb445e034\"},\"headline\":\"Entrega de la XXIII edici\u00f3n Premio Joven Empresario de AIJEC\",\"datePublished\":\"2016-06-09T11:54:51+00:00\",\"dateModified\":\"2023-05-11T08:08:28+00:00\",\"mainEntityOfPage\":{\"@id\":\"https:\/\/www.amatimmobiliaris.com\/w\/2016\/06\/entrega-la-xxiii-edicion-premio-joven-empresario-aijec\/\"},\"wordCount\":226,\"publisher\":{\"@id\":\"https:\/\/www.amatimmobiliaris.com\/w\/#organization\"},\"keywords\":[\"Empresa\",\"Empresario\",\"Evento\",\"Premio\"],\"articleSection\":[\"Eventos\"],\"inLanguage\":\"es\"},{\"@type\":\"WebPage\",\"@id\":\"https:\/\/www.amatimmobiliaris.com\/w\/2016\/06\/entrega-la-xxiii-edicion-premio-joven-empresario-aijec\/\",\"url\":\"https:\/\/www.amatimmobiliaris.com\/w\/2016\/06\/entrega-la-xxiii-edicion-premio-joven-empresario-aijec\/\",\"name\":\"Entrega de la XXIII edici\u00f3n Premio Joven Empresario de AIJEC | Amat Immobiliaris\",\"isPartOf\":{\"@id\":\"https:\/\/www.amatimmobiliaris.com\/w\/#website\"},\"datePublished\":\"2016-06-09T11:54:51+00:00\",\"dateModified\":\"2023-05-11T08:08:28+00:00\",\"description\":\"Ayer noche asistimos a la XXIII Edici\u00f3n Premio Joven Empresario que organiza AIJEC, Asociaci\u00f3n de J\u00f3venes Empresarios de Catalu\u00f1a, formada hace 30 a\u00f1os.\",\"breadcrumb\":{\"@id\":\"https:\/\/www.amatimmobiliaris.com\/w\/2016\/06\/entrega-la-xxiii-edicion-premio-joven-empresario-aijec\/#breadcrumb\"},\"inLanguage\":\"es\",\"potentialAction\":[{\"@type\":\"ReadAction\",\"target\":[\"https:\/\/www.amatimmobiliaris.com\/w\/2016\/06\/entrega-la-xxiii-edicion-premio-joven-empresario-aijec\/\"]}]},{\"@type\":\"BreadcrumbList\",\"@id\":\"https:\/\/www.amatimmobiliaris.com\/w\/2016\/06\/entrega-la-xxiii-edicion-premio-joven-empresario-aijec\/#breadcrumb\",\"itemListElement\":[{\"@type\":\"ListItem\",\"position\":1,\"name\":\"Home\",\"item\":\"https:\/\/www.amatimmobiliaris.com\/w\/\"},{\"@type\":\"ListItem\",\"position\":2,\"name\":\"Eventos\",\"item\":\"https:\/\/www.amatimmobiliaris.com\/w\/category\/eventos\/\"},{\"@type\":\"ListItem\",\"position\":3,\"name\":\"Entrega de la XXIII edici\u00f3n Premio Joven Empresario de AIJEC\"}]},{\"@type\":\"WebSite\",\"@id\":\"https:\/\/www.amatimmobiliaris.com\/w\/#website\",\"url\":\"https:\/\/www.amatimmobiliaris.com\/w\/\",\"name\":\"Amat Immobiliaris\",\"description\":\"Empresa familiar del sector inmobiliario con oficinas en Barcelona, Sant Cugat del Vall\u00e9s y Sant Just Desvern. Te ayudamos a comprar, alquilar o vender tu casa o piso. Somos un equipo coherente con una cultura de empresa honesta, innovadora y eficaz. Tambi\u00e9n en www.amatluxury.com\",\"publisher\":{\"@id\":\"https:\/\/www.amatimmobiliaris.com\/w\/#organization\"},\"alternateName\":\"AmatImmo\",\"potentialAction\":[{\"@type\":\"SearchAction\",\"target\":{\"@type\":\"EntryPoint\",\"urlTemplate\":\"https:\/\/www.amatimmobiliaris.com\/w\/?s={search_term_string}\"},\"query-input\":{\"@type\":\"PropertyValueSpecification\",\"valueRequired\":true,\"valueName\":\"search_term_string\"}}],\"inLanguage\":\"es\"},{\"@type\":\"Organization\",\"@id\":\"https:\/\/www.amatimmobiliaris.com\/w\/#organization\",\"name\":\"Amat Immobiliaris\",\"url\":\"https:\/\/www.amatimmobiliaris.com\/w\/\",\"logo\":{\"@type\":\"ImageObject\",\"inLanguage\":\"es\",\"@id\":\"https:\/\/www.amatimmobiliaris.com\/w\/#\/schema\/logo\/image\/\",\"url\":\"https:\/\/www.amatimmobiliaris.com\/w\/wp-content\/uploads\/2022\/10\/amat-logo.jpg\",\"contentUrl\":\"https:\/\/www.amatimmobiliaris.com\/w\/wp-content\/uploads\/2022\/10\/amat-logo.jpg\",\"width\":900,\"height\":900,\"caption\":\"Amat Immobiliaris\"},\"image\":{\"@id\":\"https:\/\/www.amatimmobiliaris.com\/w\/#\/schema\/logo\/image\/\"},\"sameAs\":[\"https:\/\/www.facebook.com\/amatimmobiliaris\",\"https:\/\/x.com\/amat_cat\",\"https:\/\/www.instagram.com\/amat_immo\/\",\"https:\/\/www.linkedin.com\/company\/amat-finques\/\",\"https:\/\/www.youtube.com\/@amatimmobiliaris\"]},{\"@type\":\"Person\",\"@id\":\"https:\/\/www.amatimmobiliaris.com\/w\/#\/schema\/person\/c880da71d1e156e7ea6774ffb445e034\",\"name\":\"Amat Immobiliaris\",\"sameAs\":[\"http:\/\/amat-inmo-wp.localhost\"]}]}<\/script>\n<!-- \/ Yoast SEO plugin. -->","yoast_head_json":{"title":"Entrega de la XXIII edici\u00f3n Premio Joven Empresario de AIJEC | Amat Immobiliaris","description":"Ayer noche asistimos a la XXIII Edici\u00f3n Premio Joven Empresario que organiza AIJEC, Asociaci\u00f3n de J\u00f3venes Empresarios de Catalu\u00f1a, formada hace 30 a\u00f1os.","robots":{"index":"index","follow":"follow","max-snippet":"max-snippet:-1","max-image-preview":"max-image-preview:large","max-video-preview":"max-video-preview:-1"},"canonical":"https:\/\/www.amatimmobiliaris.com\/w\/2016\/06\/entrega-la-xxiii-edicion-premio-joven-empresario-aijec\/","og_locale":"es_ES","og_type":"article","og_title":"Entrega de la XXIII edici\u00f3n Premio Joven Empresario de AIJEC | Amat Immobiliaris","og_description":"Ayer noche asistimos a la XXIII Edici\u00f3n Premio Joven Empresario que organiza AIJEC, Asociaci\u00f3n de J\u00f3venes Empresarios de Catalu\u00f1a, formada hace 30 a\u00f1os.","og_url":"https:\/\/www.amatimmobiliaris.com\/w\/2016\/06\/entrega-la-xxiii-edicion-premio-joven-empresario-aijec\/","og_site_name":"Amat Immobiliaris","article_publisher":"https:\/\/www.facebook.com\/amatimmobiliaris","article_published_time":"2016-06-09T11:54:51+00:00","article_modified_time":"2023-05-11T08:08:28+00:00","og_image":[{"width":1024,"height":683,"url":"https:\/\/www.amatimmobiliaris.com\/w\/wp-content\/uploads\/2022\/01\/2014-Saga-familiar-Amat-dw-1-1024x683.jpg","type":"image\/jpeg"}],"author":"Amat Immobiliaris","twitter_card":"summary_large_image","twitter_creator":"@amat_cat","twitter_site":"@amat_cat","twitter_misc":{"Escrito por":"Amat Immobiliaris","Tiempo de lectura":"1 minuto"},"schema":{"@context":"https:\/\/schema.org","@graph":[{"@type":"Article","@id":"https:\/\/www.amatimmobiliaris.com\/w\/2016\/06\/entrega-la-xxiii-edicion-premio-joven-empresario-aijec\/#article","isPartOf":{"@id":"https:\/\/www.amatimmobiliaris.com\/w\/2016\/06\/entrega-la-xxiii-edicion-premio-joven-empresario-aijec\/"},"author":{"name":"Amat Immobiliaris","@id":"https:\/\/www.amatimmobiliaris.com\/w\/#\/schema\/person\/c880da71d1e156e7ea6774ffb445e034"},"headline":"Entrega de la XXIII edici\u00f3n Premio Joven Empresario de AIJEC","datePublished":"2016-06-09T11:54:51+00:00","dateModified":"2023-05-11T08:08:28+00:00","mainEntityOfPage":{"@id":"https:\/\/www.amatimmobiliaris.com\/w\/2016\/06\/entrega-la-xxiii-edicion-premio-joven-empresario-aijec\/"},"wordCount":226,"publisher":{"@id":"https:\/\/www.amatimmobiliaris.com\/w\/#organization"},"keywords":["Empresa","Empresario","Evento","Premio"],"articleSection":["Eventos"],"inLanguage":"es"},{"@type":"WebPage","@id":"https:\/\/www.amatimmobiliaris.com\/w\/2016\/06\/entrega-la-xxiii-edicion-premio-joven-empresario-aijec\/","url":"https:\/\/www.amatimmobiliaris.com\/w\/2016\/06\/entrega-la-xxiii-edicion-premio-joven-empresario-aijec\/","name":"Entrega de la XXIII edici\u00f3n Premio Joven Empresario de AIJEC | Amat Immobiliaris","isPartOf":{"@id":"https:\/\/www.amatimmobiliaris.com\/w\/#website"},"datePublished":"2016-06-09T11:54:51+00:00","dateModified":"2023-05-11T08:08:28+00:00","description":"Ayer noche asistimos a la XXIII Edici\u00f3n Premio Joven Empresario que organiza AIJEC, Asociaci\u00f3n de J\u00f3venes Empresarios de Catalu\u00f1a, formada hace 30 a\u00f1os.","breadcrumb":{"@id":"https:\/\/www.amatimmobiliaris.com\/w\/2016\/06\/entrega-la-xxiii-edicion-premio-joven-empresario-aijec\/#breadcrumb"},"inLanguage":"es","potentialAction":[{"@type":"ReadAction","target":["https:\/\/www.amatimmobiliaris.com\/w\/2016\/06\/entrega-la-xxiii-edicion-premio-joven-empresario-aijec\/"]}]},{"@type":"BreadcrumbList","@id":"https:\/\/www.amatimmobiliaris.com\/w\/2016\/06\/entrega-la-xxiii-edicion-premio-joven-empresario-aijec\/#breadcrumb","itemListElement":[{"@type":"ListItem","position":1,"name":"Home","item":"https:\/\/www.amatimmobiliaris.com\/w\/"},{"@type":"ListItem","position":2,"name":"Eventos","item":"https:\/\/www.amatimmobiliaris.com\/w\/category\/eventos\/"},{"@type":"ListItem","position":3,"name":"Entrega de la XXIII edici\u00f3n Premio Joven Empresario de AIJEC"}]},{"@type":"WebSite","@id":"https:\/\/www.amatimmobiliaris.com\/w\/#website","url":"https:\/\/www.amatimmobiliaris.com\/w\/","name":"Amat Immobiliaris","description":"Empresa familiar del sector inmobiliario con oficinas en Barcelona, Sant Cugat del Vall\u00e9s y Sant Just Desvern. Te ayudamos a comprar, alquilar o vender tu casa o piso. Somos un equipo coherente con una cultura de empresa honesta, innovadora y eficaz. Tambi\u00e9n en www.amatluxury.com","publisher":{"@id":"https:\/\/www.amatimmobiliaris.com\/w\/#organization"},"alternateName":"AmatImmo","potentialAction":[{"@type":"SearchAction","target":{"@type":"EntryPoint","urlTemplate":"https:\/\/www.amatimmobiliaris.com\/w\/?s={search_term_string}"},"query-input":{"@type":"PropertyValueSpecification","valueRequired":true,"valueName":"search_term_string"}}],"inLanguage":"es"},{"@type":"Organization","@id":"https:\/\/www.amatimmobiliaris.com\/w\/#organization","name":"Amat Immobiliaris","url":"https:\/\/www.amatimmobiliaris.com\/w\/","logo":{"@type":"ImageObject","inLanguage":"es","@id":"https:\/\/www.amatimmobiliaris.com\/w\/#\/schema\/logo\/image\/","url":"https:\/\/www.amatimmobiliaris.com\/w\/wp-content\/uploads\/2022\/10\/amat-logo.jpg","contentUrl":"https:\/\/www.amatimmobiliaris.com\/w\/wp-content\/uploads\/2022\/10\/amat-logo.jpg","width":900,"height":900,"caption":"Amat Immobiliaris"},"image":{"@id":"https:\/\/www.amatimmobiliaris.com\/w\/#\/schema\/logo\/image\/"},"sameAs":["https:\/\/www.facebook.com\/amatimmobiliaris","https:\/\/x.com\/amat_cat","https:\/\/www.instagram.com\/amat_immo\/","https:\/\/www.linkedin.com\/company\/amat-finques\/","https:\/\/www.youtube.com\/@amatimmobiliaris"]},{"@type":"Person","@id":"https:\/\/www.amatimmobiliaris.com\/w\/#\/schema\/person\/c880da71d1e156e7ea6774ffb445e034","name":"Amat Immobiliaris","sameAs":["http:\/\/amat-inmo-wp.localhost"]}]}},"_links":{"self":[{"href":"https:\/\/www.amatimmobiliaris.com\/w\/wp-json\/wp\/v2\/posts\/13072"}],"collection":[{"href":"https:\/\/www.amatimmobiliaris.com\/w\/wp-json\/wp\/v2\/posts"}],"about":[{"href":"https:\/\/www.amatimmobiliaris.com\/w\/wp-json\/wp\/v2\/types\/post"}],"author":[{"embeddable":true,"href":"https:\/\/www.amatimmobiliaris.com\/w\/wp-json\/wp\/v2\/users\/1"}],"replies":[{"embeddable":true,"href":"https:\/\/www.amatimmobiliaris.com\/w\/wp-json\/wp\/v2\/comments?post=13072"}],"version-history":[{"count":3,"href":"https:\/\/www.amatimmobiliaris.com\/w\/wp-json\/wp\/v2\/posts\/13072\/revisions"}],"predecessor-version":[{"id":25541,"href":"https:\/\/www.amatimmobiliaris.com\/w\/wp-json\/wp\/v2\/posts\/13072\/revisions\/25541"}],"wp:attachment":[{"href":"https:\/\/www.amatimmobiliaris.com\/w\/wp-json\/wp\/v2\/media?parent=13072"}],"wp:term":[{"taxonomy":"category","embeddable":true,"href":"https:\/\/www.amatimmobiliaris.com\/w\/wp-json\/wp\/v2\/categories?post=13072"},{"taxonomy":"post_tag","embeddable":true,"href":"https:\/\/www.amatimmobiliaris.com\/w\/wp-json\/wp\/v2\/tags?post=13072"}],"curies":[{"name":"wp","href":"https:\/\/api.w.org\/{rel}","templated":true}]}}