{"id":13020,"date":"2016-05-23T14:21:13","date_gmt":"2016-05-23T14:21:13","guid":{"rendered":"http:\/\/amat-inmo-wp.localhost\/2016\/05\/23\/les-carasses-de-barcelona\/"},"modified":"2023-04-27T15:40:36","modified_gmt":"2023-04-27T15:40:36","slug":"les-carasses-de-barcelona","status":"publish","type":"post","link":"https:\/\/www.amatimmobiliaris.com\/w\/2016\/05\/les-carasses-de-barcelona\/","title":{"rendered":"Los burdeles y las \u00abcarasses\u00bb de Barcelona"},"content":{"rendered":"<p style=\"text-align: justify;\">Del oficio m\u00e1s antiguo del mundo Barcelona a\u00fan guarda todav\u00eda vestigios arquitect\u00f3nicos que el paso del tiempo ha mantenido en las calles m\u00e1s estrechas de la Ciudad Condal que, en la mayor\u00eda de ocasiones, pasan inadvertidos a ojos de turistas y vecinos.<\/p>\n<p style=\"text-align: justify;\">Quiz\u00e1s por su tradici\u00f3n portuaria desde la \u00e9poca romana, siendo puerta de entrada de mercanc\u00edas para el resto de Europa, Barcelona ha tenido una estrecha relaci\u00f3n con la prostituci\u00f3n, ya que se conoce que los marineros, al menos en los siglos XVII-XVIII, contaban con la fama de usuarios activos y la leyenda cuenta que\u00a0 hac\u00edan la promesa a la virgen de hacer feliz a una mujer si se salvaban en alg\u00fan momento de mala mar, lo que hab\u00eda propiciado el sacar de la &#8216;mala vida&#8217; a alguna prostitutas de burdeles de la ciudad.<\/p>\n<p style=\"text-align: justify;\">En aquellos a\u00f1os <strong>en los que los neones de colores a\u00fan no exist\u00edan, se empleaban otros sistemas de identificaci\u00f3n de burdeles<\/strong> para evitar confusiones en los portales. Hab\u00eda un c\u00f3digo de se\u00f1ales de los cuales <strong>actualmente a\u00fan se conservan algunos<\/strong> s\u00edmbolos en el Barrio G\u00f3tico. Los prost\u00edbulos estaban obligados a pintar de rojo la parte baja para representar la lujuria de entre esas paredes, pintar el n\u00famero de la puerta m\u00e1s grande que los otros edificios y colocar &#8216;carasses&#8217;.<\/p>\n<p>&nbsp;<\/p>\n<p style=\"text-align: center;\"><a href=\"https:\/\/www.amatimmobiliaris.com\/w\/wp-content\/uploads\/2022\/01\/Carassa-2.jpg\"><img loading=\"lazy\" decoding=\"async\" class=\"wp-image-4872 size-full aligncenter\" src=\"https:\/\/www.amatimmobiliaris.com\/w\/wp-content\/uploads\/2022\/01\/Carassa-2.jpg\" alt=\"Carassa a Mirallers\" width=\"630\" height=\"384\" \/><\/a>Foto: Enric Borr\u00e0s<\/p>\n<p style=\"text-align: justify;\"><strong>Las &#8216;carasses&#8217; son figuras de piedra que representaban la cabeza de demonios o s\u00e1tiros, f\u00e9minas o representaciones inciertas con caras pecadoras<\/strong>. Son elementos arquitect\u00f3nicos que sobresalen en las esquinas de los edificios que antiguamente hab\u00edan sido prost\u00edbulos.<\/p>\n<p style=\"text-align: justify;\">El origen de las mismas<strong> se remonta al siglo XVII<\/strong> y es posterior a 1640, a la guerra &#8216;dels segadors&#8217;. Se cree que en esa fecha fue cuando se instauraron estas medidas para que los soldados de las tropas castellanas pudieran encontrar los prost\u00edbulos f\u00e1cilmente. Una an\u00e9cdota es que a mediados del siglo XX a\u00fan se pod\u00edan ver pintados de rojo un par de burdeles en el centro de Barcelona.<\/p>\n<p style=\"text-align: center;\"><a href=\"https:\/\/www.amatimmobiliaris.com\/w\/wp-content\/uploads\/2022\/01\/Papamosques_Carassa-2.jpg\"><img loading=\"lazy\" decoding=\"async\" class=\"size-medium wp-image-4871 aligncenter\" src=\"https:\/\/www.amatimmobiliaris.com\/w\/wp-content\/uploads\/2022\/01\/Papamosques_Carassa-2-300x275.jpg\" alt=\"Papamosques_Carassa\" width=\"300\" height=\"275\" \/><\/a>Foto: Enric Borr\u00e0s<\/p>\n<p style=\"text-align: justify;\">El &#8216;Papamosques&#8217; es quiz\u00e1s el m\u00e1s conocido de la ciudad, ya que tiene hasta nombre! Parece ser que es una r\u00e9plica de una figura de la catedral de Burgos y se encuentra entre las calles de las Mosques i Flassaders, donde hab\u00eda un prost\u00edbulo de alta categor\u00eda.<\/p>\n<p style=\"text-align: center;\"><a href=\"https:\/\/www.amatimmobiliaris.com\/w\/wp-content\/uploads\/2022\/01\/Carassa-del-Carrer-de-les-Panses-2.jpg\"><img loading=\"lazy\" decoding=\"async\" class=\"aligncenter wp-image-4876 size-full\" src=\"https:\/\/www.amatimmobiliaris.com\/w\/wp-content\/uploads\/2022\/01\/Carassa-del-Carrer-de-les-Panses-2.jpg\" alt=\"Carassa del Carrer de les Panses\" width=\"489\" height=\"508\" \/><\/a>Foto: Enric Borr\u00e0s<\/p>\n<p style=\"text-align: justify;\">En el blog <a href=\"https:\/\/www.altresbarcelones.com\/2008\/06\/bordells-la-barcelona-vella.html\">&#8216;Altres Barcelones&#8217; <\/a>destaca esta figura muy caracter\u00edstica. <strong>Es una de las &#8216;carasses&#8217; m\u00e1s destacadas<\/strong> y se encuentra en el Carrer de les Panses, una peque\u00f1a calle escondida en la Ciutat Vella. Todo indica que la nariz apunta a un posible prost\u00edbulo ya que est\u00e1 concretamente tan solo apuntando una planta y es una estrategia clara para indicar que no molesten a los otros vecinos&#8230;<\/p>\n<p style=\"text-align: justify;\">Por suerte Barcelona puede presumir de historia y de conservar muchos de los elementos que la ilustran, aunque m\u00e1s vale darse prisa para conocerlos; <strong>la transformaci\u00f3n de la ciudad har\u00e1 desaparecerlos m\u00e1s pronto que tarde.<\/strong><\/p>\n<p>&nbsp;<\/p>\n","protected":false},"excerpt":{"rendered":"<p>Del oficio m\u00e1s antiguo del mundo Barcelona a\u00fan guarda todav\u00eda vestigios arquitect\u00f3nicos que el paso del tiempo ha mantenido en las calles m\u00e1s estrechas de la Ciudad Condal que, en la mayor\u00eda de ocasiones, pasan inadvertidos a ojos de turistas y vecinos. Quiz\u00e1s por su tradici\u00f3n portuaria desde la \u00e9poca romana, siendo puerta de entrada [&hellip;]<\/p>\n","protected":false},"author":1,"featured_media":13021,"comment_status":"closed","ping_status":"closed","sticky":false,"template":"","format":"standard","meta":{"content-type":"","footnotes":""},"categories":[879],"tags":[1097,1743,1651],"yoast_head":"<!-- This site is optimized with the Yoast SEO plugin v23.9 - https:\/\/yoast.com\/wordpress\/plugins\/seo\/ -->\n<title>Los burdeles y las &quot;carasses&quot; de Barcelona | Amat Immobiliaris<\/title>\n<meta name=\"robots\" content=\"index, follow, max-snippet:-1, max-image-preview:large, max-video-preview:-1\" \/>\n<link rel=\"canonical\" href=\"https:\/\/www.amatimmobiliaris.com\/w\/2016\/05\/les-carasses-de-barcelona\/\" \/>\n<meta property=\"og:locale\" content=\"es_ES\" \/>\n<meta property=\"og:type\" content=\"article\" \/>\n<meta property=\"og:title\" content=\"Los burdeles y las &quot;carasses&quot; de Barcelona | Amat Immobiliaris\" \/>\n<meta property=\"og:description\" content=\"Del oficio m\u00e1s antiguo del mundo Barcelona a\u00fan guarda todav\u00eda vestigios arquitect\u00f3nicos que el paso del tiempo ha mantenido en las calles m\u00e1s estrechas de la Ciudad Condal que, en la mayor\u00eda de ocasiones, pasan inadvertidos a ojos de turistas y vecinos. Quiz\u00e1s por su tradici\u00f3n portuaria desde la \u00e9poca romana, siendo puerta de entrada [&hellip;]\" \/>\n<meta property=\"og:url\" content=\"https:\/\/www.amatimmobiliaris.com\/w\/2016\/05\/les-carasses-de-barcelona\/\" \/>\n<meta property=\"og:site_name\" content=\"Amat Immobiliaris\" \/>\n<meta property=\"article:publisher\" content=\"https:\/\/www.facebook.com\/amatimmobiliaris\" \/>\n<meta property=\"article:published_time\" content=\"2016-05-23T14:21:13+00:00\" \/>\n<meta property=\"article:modified_time\" content=\"2023-04-27T15:40:36+00:00\" \/>\n<meta property=\"og:image\" content=\"https:\/\/www.amatimmobiliaris.com\/w\/wp-content\/uploads\/2022\/01\/Carassa-2.jpg\" \/>\n\t<meta property=\"og:image:width\" content=\"630\" \/>\n\t<meta property=\"og:image:height\" content=\"384\" \/>\n\t<meta property=\"og:image:type\" content=\"image\/jpeg\" \/>\n<meta name=\"author\" content=\"Amat Immobiliaris\" \/>\n<meta name=\"twitter:card\" content=\"summary_large_image\" \/>\n<meta name=\"twitter:creator\" content=\"@amat_cat\" \/>\n<meta name=\"twitter:site\" content=\"@amat_cat\" \/>\n<meta name=\"twitter:label1\" content=\"Escrito por\" \/>\n\t<meta name=\"twitter:data1\" content=\"Amat Immobiliaris\" \/>\n\t<meta name=\"twitter:label2\" content=\"Tiempo de lectura\" \/>\n\t<meta name=\"twitter:data2\" content=\"3 minutos\" \/>\n<script type=\"application\/ld+json\" class=\"yoast-schema-graph\">{\"@context\":\"https:\/\/schema.org\",\"@graph\":[{\"@type\":\"Article\",\"@id\":\"https:\/\/www.amatimmobiliaris.com\/w\/2016\/05\/les-carasses-de-barcelona\/#article\",\"isPartOf\":{\"@id\":\"https:\/\/www.amatimmobiliaris.com\/w\/2016\/05\/les-carasses-de-barcelona\/\"},\"author\":{\"name\":\"Amat Immobiliaris\",\"@id\":\"https:\/\/www.amatimmobiliaris.com\/w\/#\/schema\/person\/c880da71d1e156e7ea6774ffb445e034\"},\"headline\":\"Los burdeles y las \u00abcarasses\u00bb de Barcelona\",\"datePublished\":\"2016-05-23T14:21:13+00:00\",\"dateModified\":\"2023-04-27T15:40:36+00:00\",\"mainEntityOfPage\":{\"@id\":\"https:\/\/www.amatimmobiliaris.com\/w\/2016\/05\/les-carasses-de-barcelona\/\"},\"wordCount\":540,\"publisher\":{\"@id\":\"https:\/\/www.amatimmobiliaris.com\/w\/#organization\"},\"image\":{\"@id\":\"https:\/\/www.amatimmobiliaris.com\/w\/2016\/05\/les-carasses-de-barcelona\/#primaryimage\"},\"thumbnailUrl\":\"https:\/\/www.amatimmobiliaris.com\/w\/wp-content\/uploads\/2022\/01\/Carassa-2.jpg\",\"keywords\":[\"Barcelona\",\"Barrio\",\"Mujer\"],\"articleSection\":[\"Arquitectura y decoraci\u00f3n\"],\"inLanguage\":\"es\"},{\"@type\":\"WebPage\",\"@id\":\"https:\/\/www.amatimmobiliaris.com\/w\/2016\/05\/les-carasses-de-barcelona\/\",\"url\":\"https:\/\/www.amatimmobiliaris.com\/w\/2016\/05\/les-carasses-de-barcelona\/\",\"name\":\"Los burdeles y las \\\"carasses\\\" de Barcelona | Amat Immobiliaris\",\"isPartOf\":{\"@id\":\"https:\/\/www.amatimmobiliaris.com\/w\/#website\"},\"primaryImageOfPage\":{\"@id\":\"https:\/\/www.amatimmobiliaris.com\/w\/2016\/05\/les-carasses-de-barcelona\/#primaryimage\"},\"image\":{\"@id\":\"https:\/\/www.amatimmobiliaris.com\/w\/2016\/05\/les-carasses-de-barcelona\/#primaryimage\"},\"thumbnailUrl\":\"https:\/\/www.amatimmobiliaris.com\/w\/wp-content\/uploads\/2022\/01\/Carassa-2.jpg\",\"datePublished\":\"2016-05-23T14:21:13+00:00\",\"dateModified\":\"2023-04-27T15:40:36+00:00\",\"breadcrumb\":{\"@id\":\"https:\/\/www.amatimmobiliaris.com\/w\/2016\/05\/les-carasses-de-barcelona\/#breadcrumb\"},\"inLanguage\":\"es\",\"potentialAction\":[{\"@type\":\"ReadAction\",\"target\":[\"https:\/\/www.amatimmobiliaris.com\/w\/2016\/05\/les-carasses-de-barcelona\/\"]}]},{\"@type\":\"ImageObject\",\"inLanguage\":\"es\",\"@id\":\"https:\/\/www.amatimmobiliaris.com\/w\/2016\/05\/les-carasses-de-barcelona\/#primaryimage\",\"url\":\"https:\/\/www.amatimmobiliaris.com\/w\/wp-content\/uploads\/2022\/01\/Carassa-2.jpg\",\"contentUrl\":\"https:\/\/www.amatimmobiliaris.com\/w\/wp-content\/uploads\/2022\/01\/Carassa-2.jpg\",\"width\":630,\"height\":384},{\"@type\":\"BreadcrumbList\",\"@id\":\"https:\/\/www.amatimmobiliaris.com\/w\/2016\/05\/les-carasses-de-barcelona\/#breadcrumb\",\"itemListElement\":[{\"@type\":\"ListItem\",\"position\":1,\"name\":\"Home\",\"item\":\"https:\/\/www.amatimmobiliaris.com\/w\/\"},{\"@type\":\"ListItem\",\"position\":2,\"name\":\"Arquitectura y decoraci\u00f3n\",\"item\":\"https:\/\/www.amatimmobiliaris.com\/w\/category\/arquitectura-y-decoracion\/\"},{\"@type\":\"ListItem\",\"position\":3,\"name\":\"Los burdeles y las \u00abcarasses\u00bb de Barcelona\"}]},{\"@type\":\"WebSite\",\"@id\":\"https:\/\/www.amatimmobiliaris.com\/w\/#website\",\"url\":\"https:\/\/www.amatimmobiliaris.com\/w\/\",\"name\":\"Amat Immobiliaris\",\"description\":\"Empresa familiar del sector inmobiliario con oficinas en Barcelona, Sant Cugat del Vall\u00e9s y Sant Just Desvern. Te ayudamos a comprar, alquilar o vender tu casa o piso. Somos un equipo coherente con una cultura de empresa honesta, innovadora y eficaz. Tambi\u00e9n en www.amatluxury.com\",\"publisher\":{\"@id\":\"https:\/\/www.amatimmobiliaris.com\/w\/#organization\"},\"alternateName\":\"AmatImmo\",\"potentialAction\":[{\"@type\":\"SearchAction\",\"target\":{\"@type\":\"EntryPoint\",\"urlTemplate\":\"https:\/\/www.amatimmobiliaris.com\/w\/?s={search_term_string}\"},\"query-input\":{\"@type\":\"PropertyValueSpecification\",\"valueRequired\":true,\"valueName\":\"search_term_string\"}}],\"inLanguage\":\"es\"},{\"@type\":\"Organization\",\"@id\":\"https:\/\/www.amatimmobiliaris.com\/w\/#organization\",\"name\":\"Amat Immobiliaris\",\"url\":\"https:\/\/www.amatimmobiliaris.com\/w\/\",\"logo\":{\"@type\":\"ImageObject\",\"inLanguage\":\"es\",\"@id\":\"https:\/\/www.amatimmobiliaris.com\/w\/#\/schema\/logo\/image\/\",\"url\":\"https:\/\/www.amatimmobiliaris.com\/w\/wp-content\/uploads\/2022\/10\/amat-logo.jpg\",\"contentUrl\":\"https:\/\/www.amatimmobiliaris.com\/w\/wp-content\/uploads\/2022\/10\/amat-logo.jpg\",\"width\":900,\"height\":900,\"caption\":\"Amat Immobiliaris\"},\"image\":{\"@id\":\"https:\/\/www.amatimmobiliaris.com\/w\/#\/schema\/logo\/image\/\"},\"sameAs\":[\"https:\/\/www.facebook.com\/amatimmobiliaris\",\"https:\/\/x.com\/amat_cat\",\"https:\/\/www.instagram.com\/amat_immo\/\",\"https:\/\/www.linkedin.com\/company\/amat-finques\/\",\"https:\/\/www.youtube.com\/@amatimmobiliaris\"]},{\"@type\":\"Person\",\"@id\":\"https:\/\/www.amatimmobiliaris.com\/w\/#\/schema\/person\/c880da71d1e156e7ea6774ffb445e034\",\"name\":\"Amat Immobiliaris\",\"sameAs\":[\"http:\/\/amat-inmo-wp.localhost\"]}]}<\/script>\n<!-- \/ Yoast SEO plugin. -->","yoast_head_json":{"title":"Los burdeles y las \"carasses\" de Barcelona | Amat Immobiliaris","robots":{"index":"index","follow":"follow","max-snippet":"max-snippet:-1","max-image-preview":"max-image-preview:large","max-video-preview":"max-video-preview:-1"},"canonical":"https:\/\/www.amatimmobiliaris.com\/w\/2016\/05\/les-carasses-de-barcelona\/","og_locale":"es_ES","og_type":"article","og_title":"Los burdeles y las \"carasses\" de Barcelona | Amat Immobiliaris","og_description":"Del oficio m\u00e1s antiguo del mundo Barcelona a\u00fan guarda todav\u00eda vestigios arquitect\u00f3nicos que el paso del tiempo ha mantenido en las calles m\u00e1s estrechas de la Ciudad Condal que, en la mayor\u00eda de ocasiones, pasan inadvertidos a ojos de turistas y vecinos. Quiz\u00e1s por su tradici\u00f3n portuaria desde la \u00e9poca romana, siendo puerta de entrada [&hellip;]","og_url":"https:\/\/www.amatimmobiliaris.com\/w\/2016\/05\/les-carasses-de-barcelona\/","og_site_name":"Amat Immobiliaris","article_publisher":"https:\/\/www.facebook.com\/amatimmobiliaris","article_published_time":"2016-05-23T14:21:13+00:00","article_modified_time":"2023-04-27T15:40:36+00:00","og_image":[{"width":630,"height":384,"url":"https:\/\/www.amatimmobiliaris.com\/w\/wp-content\/uploads\/2022\/01\/Carassa-2.jpg","type":"image\/jpeg"}],"author":"Amat Immobiliaris","twitter_card":"summary_large_image","twitter_creator":"@amat_cat","twitter_site":"@amat_cat","twitter_misc":{"Escrito por":"Amat Immobiliaris","Tiempo de lectura":"3 minutos"},"schema":{"@context":"https:\/\/schema.org","@graph":[{"@type":"Article","@id":"https:\/\/www.amatimmobiliaris.com\/w\/2016\/05\/les-carasses-de-barcelona\/#article","isPartOf":{"@id":"https:\/\/www.amatimmobiliaris.com\/w\/2016\/05\/les-carasses-de-barcelona\/"},"author":{"name":"Amat Immobiliaris","@id":"https:\/\/www.amatimmobiliaris.com\/w\/#\/schema\/person\/c880da71d1e156e7ea6774ffb445e034"},"headline":"Los burdeles y las \u00abcarasses\u00bb de Barcelona","datePublished":"2016-05-23T14:21:13+00:00","dateModified":"2023-04-27T15:40:36+00:00","mainEntityOfPage":{"@id":"https:\/\/www.amatimmobiliaris.com\/w\/2016\/05\/les-carasses-de-barcelona\/"},"wordCount":540,"publisher":{"@id":"https:\/\/www.amatimmobiliaris.com\/w\/#organization"},"image":{"@id":"https:\/\/www.amatimmobiliaris.com\/w\/2016\/05\/les-carasses-de-barcelona\/#primaryimage"},"thumbnailUrl":"https:\/\/www.amatimmobiliaris.com\/w\/wp-content\/uploads\/2022\/01\/Carassa-2.jpg","keywords":["Barcelona","Barrio","Mujer"],"articleSection":["Arquitectura y decoraci\u00f3n"],"inLanguage":"es"},{"@type":"WebPage","@id":"https:\/\/www.amatimmobiliaris.com\/w\/2016\/05\/les-carasses-de-barcelona\/","url":"https:\/\/www.amatimmobiliaris.com\/w\/2016\/05\/les-carasses-de-barcelona\/","name":"Los burdeles y las \"carasses\" de Barcelona | Amat Immobiliaris","isPartOf":{"@id":"https:\/\/www.amatimmobiliaris.com\/w\/#website"},"primaryImageOfPage":{"@id":"https:\/\/www.amatimmobiliaris.com\/w\/2016\/05\/les-carasses-de-barcelona\/#primaryimage"},"image":{"@id":"https:\/\/www.amatimmobiliaris.com\/w\/2016\/05\/les-carasses-de-barcelona\/#primaryimage"},"thumbnailUrl":"https:\/\/www.amatimmobiliaris.com\/w\/wp-content\/uploads\/2022\/01\/Carassa-2.jpg","datePublished":"2016-05-23T14:21:13+00:00","dateModified":"2023-04-27T15:40:36+00:00","breadcrumb":{"@id":"https:\/\/www.amatimmobiliaris.com\/w\/2016\/05\/les-carasses-de-barcelona\/#breadcrumb"},"inLanguage":"es","potentialAction":[{"@type":"ReadAction","target":["https:\/\/www.amatimmobiliaris.com\/w\/2016\/05\/les-carasses-de-barcelona\/"]}]},{"@type":"ImageObject","inLanguage":"es","@id":"https:\/\/www.amatimmobiliaris.com\/w\/2016\/05\/les-carasses-de-barcelona\/#primaryimage","url":"https:\/\/www.amatimmobiliaris.com\/w\/wp-content\/uploads\/2022\/01\/Carassa-2.jpg","contentUrl":"https:\/\/www.amatimmobiliaris.com\/w\/wp-content\/uploads\/2022\/01\/Carassa-2.jpg","width":630,"height":384},{"@type":"BreadcrumbList","@id":"https:\/\/www.amatimmobiliaris.com\/w\/2016\/05\/les-carasses-de-barcelona\/#breadcrumb","itemListElement":[{"@type":"ListItem","position":1,"name":"Home","item":"https:\/\/www.amatimmobiliaris.com\/w\/"},{"@type":"ListItem","position":2,"name":"Arquitectura y decoraci\u00f3n","item":"https:\/\/www.amatimmobiliaris.com\/w\/category\/arquitectura-y-decoracion\/"},{"@type":"ListItem","position":3,"name":"Los burdeles y las \u00abcarasses\u00bb de Barcelona"}]},{"@type":"WebSite","@id":"https:\/\/www.amatimmobiliaris.com\/w\/#website","url":"https:\/\/www.amatimmobiliaris.com\/w\/","name":"Amat Immobiliaris","description":"Empresa familiar del sector inmobiliario con oficinas en Barcelona, Sant Cugat del Vall\u00e9s y Sant Just Desvern. Te ayudamos a comprar, alquilar o vender tu casa o piso. Somos un equipo coherente con una cultura de empresa honesta, innovadora y eficaz. Tambi\u00e9n en www.amatluxury.com","publisher":{"@id":"https:\/\/www.amatimmobiliaris.com\/w\/#organization"},"alternateName":"AmatImmo","potentialAction":[{"@type":"SearchAction","target":{"@type":"EntryPoint","urlTemplate":"https:\/\/www.amatimmobiliaris.com\/w\/?s={search_term_string}"},"query-input":{"@type":"PropertyValueSpecification","valueRequired":true,"valueName":"search_term_string"}}],"inLanguage":"es"},{"@type":"Organization","@id":"https:\/\/www.amatimmobiliaris.com\/w\/#organization","name":"Amat Immobiliaris","url":"https:\/\/www.amatimmobiliaris.com\/w\/","logo":{"@type":"ImageObject","inLanguage":"es","@id":"https:\/\/www.amatimmobiliaris.com\/w\/#\/schema\/logo\/image\/","url":"https:\/\/www.amatimmobiliaris.com\/w\/wp-content\/uploads\/2022\/10\/amat-logo.jpg","contentUrl":"https:\/\/www.amatimmobiliaris.com\/w\/wp-content\/uploads\/2022\/10\/amat-logo.jpg","width":900,"height":900,"caption":"Amat Immobiliaris"},"image":{"@id":"https:\/\/www.amatimmobiliaris.com\/w\/#\/schema\/logo\/image\/"},"sameAs":["https:\/\/www.facebook.com\/amatimmobiliaris","https:\/\/x.com\/amat_cat","https:\/\/www.instagram.com\/amat_immo\/","https:\/\/www.linkedin.com\/company\/amat-finques\/","https:\/\/www.youtube.com\/@amatimmobiliaris"]},{"@type":"Person","@id":"https:\/\/www.amatimmobiliaris.com\/w\/#\/schema\/person\/c880da71d1e156e7ea6774ffb445e034","name":"Amat Immobiliaris","sameAs":["http:\/\/amat-inmo-wp.localhost"]}]}},"_links":{"self":[{"href":"https:\/\/www.amatimmobiliaris.com\/w\/wp-json\/wp\/v2\/posts\/13020"}],"collection":[{"href":"https:\/\/www.amatimmobiliaris.com\/w\/wp-json\/wp\/v2\/posts"}],"about":[{"href":"https:\/\/www.amatimmobiliaris.com\/w\/wp-json\/wp\/v2\/types\/post"}],"author":[{"embeddable":true,"href":"https:\/\/www.amatimmobiliaris.com\/w\/wp-json\/wp\/v2\/users\/1"}],"replies":[{"embeddable":true,"href":"https:\/\/www.amatimmobiliaris.com\/w\/wp-json\/wp\/v2\/comments?post=13020"}],"version-history":[{"count":3,"href":"https:\/\/www.amatimmobiliaris.com\/w\/wp-json\/wp\/v2\/posts\/13020\/revisions"}],"predecessor-version":[{"id":26640,"href":"https:\/\/www.amatimmobiliaris.com\/w\/wp-json\/wp\/v2\/posts\/13020\/revisions\/26640"}],"wp:featuredmedia":[{"embeddable":true,"href":"https:\/\/www.amatimmobiliaris.com\/w\/wp-json\/wp\/v2\/media\/13021"}],"wp:attachment":[{"href":"https:\/\/www.amatimmobiliaris.com\/w\/wp-json\/wp\/v2\/media?parent=13020"}],"wp:term":[{"taxonomy":"category","embeddable":true,"href":"https:\/\/www.amatimmobiliaris.com\/w\/wp-json\/wp\/v2\/categories?post=13020"},{"taxonomy":"post_tag","embeddable":true,"href":"https:\/\/www.amatimmobiliaris.com\/w\/wp-json\/wp\/v2\/tags?post=13020"}],"curies":[{"name":"wp","href":"https:\/\/api.w.org\/{rel}","templated":true}]}}