{"id":12912,"date":"2016-04-14T08:31:27","date_gmt":"2016-04-14T08:31:27","guid":{"rendered":"http:\/\/amat-inmo-wp.localhost\/2016\/04\/14\/la-universidad-publica-y-la-empresa-privada\/"},"modified":"2023-05-11T09:10:56","modified_gmt":"2023-05-11T09:10:56","slug":"la-universidad-publica-y-la-empresa-privada","status":"publish","type":"post","link":"https:\/\/www.amatimmobiliaris.com\/w\/2016\/04\/la-universidad-publica-y-la-empresa-privada\/","title":{"rendered":"La universidad p\u00fablica y la empresa privada"},"content":{"rendered":"<p style=\"text-align: justify;\">El pasado viernes 8 de abril tuve el placer de participar en las jornadas \u00abPhylantropy and fundraising in young universities\u00bb &#8211; Filantrop\u00eda i Captaci\u00f3n de fondos- organizadas por la Universidad Pompeu Fabra donde ofrec\u00ed una ponencia bajo el t\u00edtulo <strong>\u00abSociedad del Conocimiento\u00bb<\/strong>, conjuntamente con otras directivas y directivos de alto nivel.<\/p>\n<p style=\"text-align: justify;\">El eje central del evento gir\u00f3 entorno a <strong>la necesidad de recursos de la universidad p\u00fablica provenientes de otros fondos<\/strong> m\u00e1s all\u00e1 de la Administraci\u00f3n competente debido a los recortes en gasto p\u00fablico. En mi ponencia quise adem\u00e1s destacar las relaciones de \u00e9sta con la empresa privada y su papel en la sociedad.<\/p>\n<blockquote>\n<h3 style=\"text-align: right;\"><em><strong>Es necesario que una parte de la sociedad financie con donaciones la educaci\u00f3n superior<\/strong><\/em><\/h3>\n<\/blockquote>\n<p style=\"text-align: justify;\">La participaci\u00f3n del tejido empresarial en la formaci\u00f3n de profesionales ser\u00eda un proceso lento, a base de generar relaciones de confianza pero, a la larga, <strong>se convertir\u00eda en un retorno importante para la sociedad<\/strong> gracias a las organizaciones que apostaron por generar conocimiento y valores en las universidades del estado.<\/p>\n<blockquote>\n<h3 style=\"text-align: left;\"><em><strong>Bajo mi punto de vista, la universidad debe ser activa, no pasiva<\/strong><\/em><\/h3>\n<\/blockquote>\n<p style=\"text-align: justify;\">En nuestro caso, ninguna universidad nunca se ha puesto en contacto con nosotros, ni con una empresa como la nuestra. Quiz\u00e1s por ser una empresa del sector terciario, aunque es precisamente este sector el mayoritario en nuestro pa\u00eds; quiz\u00e1s por nuestro tama\u00f1o, aunque somo del tama\u00f1o de la gran mayor\u00eda de las empresas del pa\u00eds; o quiz\u00e1s porque pertenecemos a un mundo \u00abold fashioned\u00bb, pasado de moda. Lo cierto es que nunca nadie nos ha dicho nada y disponemos de muchos datos que podr\u00edan ser de inter\u00e9s o, incluso, podr\u00edamos facilitar a los estudiantes de psicolog\u00eda la asistencia a reuniones de vecinos, \u00a1una gran escuela de como son las relaciones humanas!<\/p>\n<blockquote>\n<h3 style=\"text-align: right;\"><em><strong>El talento no tiene precio ni clase<\/strong><\/em><\/h3>\n<\/blockquote>\n<p style=\"text-align: justify;\">En otro orden de cosas, tambi\u00e9n quise destacar el <strong>aumento de precios de las matr\u00edculas.<\/strong> No dudo que se deba hacer, pero \u00e9stas deben ser proporcionales a la renta. Es por eso que deber\u00edan <strong>existir programas de becas<\/strong> para que nadie que quiera estudiar y valga para ello se quede fuera del sistema universitario.<\/p>\n<p style=\"text-align: justify;\">Por \u00faltimo, tambi\u00e9n quise remarcar <strong>el cambio que ha sufrido la universidad como instituci\u00f3n cr\u00edtica y de debate de la sociedad<\/strong>, un papel primordial que en alg\u00fan momento tuvo. El cambio de actitud de los estudiantes y de la sociedad frente al posicionamiento de la universidad es remarcable y ello se hace patente viendo que <strong>los alumnos solo se movilizan en la calle para reclamar los precios de las matr\u00edculas<\/strong> y los cambios curriculares en lugar de hacerlo para exigir recuperar ese papel tan importante que desempe\u00f1aba hace a\u00f1os como pilar fundamental en la reflexi\u00f3n cr\u00edtica de la sociedad y el mundo.<\/p>\n<p style=\"text-align: right;\"><strong>\u00a0Immaculada Amat<\/strong><\/p>\n<p style=\"text-align: right;\"><strong>Co-Directora<\/strong><\/p>\n","protected":false},"excerpt":{"rendered":"<p>El pasado viernes 8 de abril tuve el placer de participar en las jornadas \u00abPhylantropy and fundraising in young universities\u00bb &#8211; Filantrop\u00eda i Captaci\u00f3n de fondos- organizadas por la Universidad Pompeu Fabra donde ofrec\u00ed una ponencia bajo el t\u00edtulo \u00abSociedad del Conocimiento\u00bb, conjuntamente con otras directivas y directivos de alto nivel. El eje central del [&hellip;]<\/p>\n","protected":false},"author":1,"featured_media":0,"comment_status":"closed","ping_status":"closed","sticky":false,"template":"","format":"standard","meta":{"content-type":"","footnotes":""},"categories":[741,746],"tags":[1097,1824,1808,966,1820],"yoast_head":"<!-- This site is optimized with the Yoast SEO plugin v23.9 - https:\/\/yoast.com\/wordpress\/plugins\/seo\/ -->\n<title>La universidad p\u00fablica y la empresa privada | Amat Immobiliaris<\/title>\n<meta name=\"robots\" content=\"index, follow, max-snippet:-1, max-image-preview:large, max-video-preview:-1\" \/>\n<link rel=\"canonical\" href=\"https:\/\/www.amatimmobiliaris.com\/w\/2016\/04\/la-universidad-publica-y-la-empresa-privada\/\" \/>\n<meta property=\"og:locale\" content=\"es_ES\" \/>\n<meta property=\"og:type\" content=\"article\" \/>\n<meta property=\"og:title\" content=\"La universidad p\u00fablica y la empresa privada | Amat Immobiliaris\" \/>\n<meta property=\"og:description\" content=\"El pasado viernes 8 de abril tuve el placer de participar en las jornadas \u00abPhylantropy and fundraising in young universities\u00bb &#8211; Filantrop\u00eda i Captaci\u00f3n de fondos- organizadas por la Universidad Pompeu Fabra donde ofrec\u00ed una ponencia bajo el t\u00edtulo \u00abSociedad del Conocimiento\u00bb, conjuntamente con otras directivas y directivos de alto nivel. El eje central del [&hellip;]\" \/>\n<meta property=\"og:url\" content=\"https:\/\/www.amatimmobiliaris.com\/w\/2016\/04\/la-universidad-publica-y-la-empresa-privada\/\" \/>\n<meta property=\"og:site_name\" content=\"Amat Immobiliaris\" \/>\n<meta property=\"article:publisher\" content=\"https:\/\/www.facebook.com\/amatimmobiliaris\" \/>\n<meta property=\"article:published_time\" content=\"2016-04-14T08:31:27+00:00\" \/>\n<meta property=\"article:modified_time\" content=\"2023-05-11T09:10:56+00:00\" \/>\n<meta property=\"og:image\" content=\"https:\/\/www.amatimmobiliaris.com\/w\/wp-content\/uploads\/2022\/01\/2014-Saga-familiar-Amat-dw-1-1024x683.jpg\" \/>\n\t<meta property=\"og:image:width\" content=\"1024\" \/>\n\t<meta property=\"og:image:height\" content=\"683\" \/>\n\t<meta property=\"og:image:type\" content=\"image\/jpeg\" \/>\n<meta name=\"author\" content=\"Amat Immobiliaris\" \/>\n<meta name=\"twitter:card\" content=\"summary_large_image\" \/>\n<meta name=\"twitter:creator\" content=\"@amat_cat\" \/>\n<meta name=\"twitter:site\" content=\"@amat_cat\" \/>\n<meta name=\"twitter:label1\" content=\"Escrito por\" \/>\n\t<meta name=\"twitter:data1\" content=\"Amat Immobiliaris\" \/>\n\t<meta name=\"twitter:label2\" content=\"Tiempo de lectura\" \/>\n\t<meta name=\"twitter:data2\" content=\"2 minutos\" \/>\n<script type=\"application\/ld+json\" class=\"yoast-schema-graph\">{\"@context\":\"https:\/\/schema.org\",\"@graph\":[{\"@type\":\"Article\",\"@id\":\"https:\/\/www.amatimmobiliaris.com\/w\/2016\/04\/la-universidad-publica-y-la-empresa-privada\/#article\",\"isPartOf\":{\"@id\":\"https:\/\/www.amatimmobiliaris.com\/w\/2016\/04\/la-universidad-publica-y-la-empresa-privada\/\"},\"author\":{\"name\":\"Amat Immobiliaris\",\"@id\":\"https:\/\/www.amatimmobiliaris.com\/w\/#\/schema\/person\/c880da71d1e156e7ea6774ffb445e034\"},\"headline\":\"La universidad p\u00fablica y la empresa privada\",\"datePublished\":\"2016-04-14T08:31:27+00:00\",\"dateModified\":\"2023-05-11T09:10:56+00:00\",\"mainEntityOfPage\":{\"@id\":\"https:\/\/www.amatimmobiliaris.com\/w\/2016\/04\/la-universidad-publica-y-la-empresa-privada\/\"},\"wordCount\":501,\"publisher\":{\"@id\":\"https:\/\/www.amatimmobiliaris.com\/w\/#organization\"},\"keywords\":[\"Barcelona\",\"Confianza\",\"Reflexiones\",\"Reuni\u00f3n\",\"Universidad Pompeu Fabra\"],\"articleSection\":[\"El mundo Amat\",\"Reflexiones\"],\"inLanguage\":\"es\"},{\"@type\":\"WebPage\",\"@id\":\"https:\/\/www.amatimmobiliaris.com\/w\/2016\/04\/la-universidad-publica-y-la-empresa-privada\/\",\"url\":\"https:\/\/www.amatimmobiliaris.com\/w\/2016\/04\/la-universidad-publica-y-la-empresa-privada\/\",\"name\":\"La universidad p\u00fablica y la empresa privada | Amat Immobiliaris\",\"isPartOf\":{\"@id\":\"https:\/\/www.amatimmobiliaris.com\/w\/#website\"},\"datePublished\":\"2016-04-14T08:31:27+00:00\",\"dateModified\":\"2023-05-11T09:10:56+00:00\",\"breadcrumb\":{\"@id\":\"https:\/\/www.amatimmobiliaris.com\/w\/2016\/04\/la-universidad-publica-y-la-empresa-privada\/#breadcrumb\"},\"inLanguage\":\"es\",\"potentialAction\":[{\"@type\":\"ReadAction\",\"target\":[\"https:\/\/www.amatimmobiliaris.com\/w\/2016\/04\/la-universidad-publica-y-la-empresa-privada\/\"]}]},{\"@type\":\"BreadcrumbList\",\"@id\":\"https:\/\/www.amatimmobiliaris.com\/w\/2016\/04\/la-universidad-publica-y-la-empresa-privada\/#breadcrumb\",\"itemListElement\":[{\"@type\":\"ListItem\",\"position\":1,\"name\":\"Home\",\"item\":\"https:\/\/www.amatimmobiliaris.com\/w\/\"},{\"@type\":\"ListItem\",\"position\":2,\"name\":\"El mundo Amat\",\"item\":\"https:\/\/www.amatimmobiliaris.com\/w\/category\/el-mundo-amat\/\"},{\"@type\":\"ListItem\",\"position\":3,\"name\":\"Reflexiones\",\"item\":\"https:\/\/www.amatimmobiliaris.com\/w\/category\/el-mundo-amat\/reflexiones\/\"},{\"@type\":\"ListItem\",\"position\":4,\"name\":\"La universidad p\u00fablica y la empresa privada\"}]},{\"@type\":\"WebSite\",\"@id\":\"https:\/\/www.amatimmobiliaris.com\/w\/#website\",\"url\":\"https:\/\/www.amatimmobiliaris.com\/w\/\",\"name\":\"Amat Immobiliaris\",\"description\":\"Empresa familiar del sector inmobiliario con oficinas en Barcelona, Sant Cugat del Vall\u00e9s y Sant Just Desvern. Te ayudamos a comprar, alquilar o vender tu casa o piso. Somos un equipo coherente con una cultura de empresa honesta, innovadora y eficaz. Tambi\u00e9n en www.amatluxury.com\",\"publisher\":{\"@id\":\"https:\/\/www.amatimmobiliaris.com\/w\/#organization\"},\"alternateName\":\"AmatImmo\",\"potentialAction\":[{\"@type\":\"SearchAction\",\"target\":{\"@type\":\"EntryPoint\",\"urlTemplate\":\"https:\/\/www.amatimmobiliaris.com\/w\/?s={search_term_string}\"},\"query-input\":{\"@type\":\"PropertyValueSpecification\",\"valueRequired\":true,\"valueName\":\"search_term_string\"}}],\"inLanguage\":\"es\"},{\"@type\":\"Organization\",\"@id\":\"https:\/\/www.amatimmobiliaris.com\/w\/#organization\",\"name\":\"Amat Immobiliaris\",\"url\":\"https:\/\/www.amatimmobiliaris.com\/w\/\",\"logo\":{\"@type\":\"ImageObject\",\"inLanguage\":\"es\",\"@id\":\"https:\/\/www.amatimmobiliaris.com\/w\/#\/schema\/logo\/image\/\",\"url\":\"https:\/\/www.amatimmobiliaris.com\/w\/wp-content\/uploads\/2022\/10\/amat-logo.jpg\",\"contentUrl\":\"https:\/\/www.amatimmobiliaris.com\/w\/wp-content\/uploads\/2022\/10\/amat-logo.jpg\",\"width\":900,\"height\":900,\"caption\":\"Amat Immobiliaris\"},\"image\":{\"@id\":\"https:\/\/www.amatimmobiliaris.com\/w\/#\/schema\/logo\/image\/\"},\"sameAs\":[\"https:\/\/www.facebook.com\/amatimmobiliaris\",\"https:\/\/x.com\/amat_cat\",\"https:\/\/www.instagram.com\/amat_immo\/\",\"https:\/\/www.linkedin.com\/company\/amat-finques\/\",\"https:\/\/www.youtube.com\/@amatimmobiliaris\"]},{\"@type\":\"Person\",\"@id\":\"https:\/\/www.amatimmobiliaris.com\/w\/#\/schema\/person\/c880da71d1e156e7ea6774ffb445e034\",\"name\":\"Amat Immobiliaris\",\"sameAs\":[\"http:\/\/amat-inmo-wp.localhost\"]}]}<\/script>\n<!-- \/ Yoast SEO plugin. -->","yoast_head_json":{"title":"La universidad p\u00fablica y la empresa privada | Amat Immobiliaris","robots":{"index":"index","follow":"follow","max-snippet":"max-snippet:-1","max-image-preview":"max-image-preview:large","max-video-preview":"max-video-preview:-1"},"canonical":"https:\/\/www.amatimmobiliaris.com\/w\/2016\/04\/la-universidad-publica-y-la-empresa-privada\/","og_locale":"es_ES","og_type":"article","og_title":"La universidad p\u00fablica y la empresa privada | Amat Immobiliaris","og_description":"El pasado viernes 8 de abril tuve el placer de participar en las jornadas \u00abPhylantropy and fundraising in young universities\u00bb &#8211; Filantrop\u00eda i Captaci\u00f3n de fondos- organizadas por la Universidad Pompeu Fabra donde ofrec\u00ed una ponencia bajo el t\u00edtulo \u00abSociedad del Conocimiento\u00bb, conjuntamente con otras directivas y directivos de alto nivel. El eje central del [&hellip;]","og_url":"https:\/\/www.amatimmobiliaris.com\/w\/2016\/04\/la-universidad-publica-y-la-empresa-privada\/","og_site_name":"Amat Immobiliaris","article_publisher":"https:\/\/www.facebook.com\/amatimmobiliaris","article_published_time":"2016-04-14T08:31:27+00:00","article_modified_time":"2023-05-11T09:10:56+00:00","og_image":[{"width":1024,"height":683,"url":"https:\/\/www.amatimmobiliaris.com\/w\/wp-content\/uploads\/2022\/01\/2014-Saga-familiar-Amat-dw-1-1024x683.jpg","type":"image\/jpeg"}],"author":"Amat Immobiliaris","twitter_card":"summary_large_image","twitter_creator":"@amat_cat","twitter_site":"@amat_cat","twitter_misc":{"Escrito por":"Amat Immobiliaris","Tiempo de lectura":"2 minutos"},"schema":{"@context":"https:\/\/schema.org","@graph":[{"@type":"Article","@id":"https:\/\/www.amatimmobiliaris.com\/w\/2016\/04\/la-universidad-publica-y-la-empresa-privada\/#article","isPartOf":{"@id":"https:\/\/www.amatimmobiliaris.com\/w\/2016\/04\/la-universidad-publica-y-la-empresa-privada\/"},"author":{"name":"Amat Immobiliaris","@id":"https:\/\/www.amatimmobiliaris.com\/w\/#\/schema\/person\/c880da71d1e156e7ea6774ffb445e034"},"headline":"La universidad p\u00fablica y la empresa privada","datePublished":"2016-04-14T08:31:27+00:00","dateModified":"2023-05-11T09:10:56+00:00","mainEntityOfPage":{"@id":"https:\/\/www.amatimmobiliaris.com\/w\/2016\/04\/la-universidad-publica-y-la-empresa-privada\/"},"wordCount":501,"publisher":{"@id":"https:\/\/www.amatimmobiliaris.com\/w\/#organization"},"keywords":["Barcelona","Confianza","Reflexiones","Reuni\u00f3n","Universidad Pompeu Fabra"],"articleSection":["El mundo Amat","Reflexiones"],"inLanguage":"es"},{"@type":"WebPage","@id":"https:\/\/www.amatimmobiliaris.com\/w\/2016\/04\/la-universidad-publica-y-la-empresa-privada\/","url":"https:\/\/www.amatimmobiliaris.com\/w\/2016\/04\/la-universidad-publica-y-la-empresa-privada\/","name":"La universidad p\u00fablica y la empresa privada | Amat Immobiliaris","isPartOf":{"@id":"https:\/\/www.amatimmobiliaris.com\/w\/#website"},"datePublished":"2016-04-14T08:31:27+00:00","dateModified":"2023-05-11T09:10:56+00:00","breadcrumb":{"@id":"https:\/\/www.amatimmobiliaris.com\/w\/2016\/04\/la-universidad-publica-y-la-empresa-privada\/#breadcrumb"},"inLanguage":"es","potentialAction":[{"@type":"ReadAction","target":["https:\/\/www.amatimmobiliaris.com\/w\/2016\/04\/la-universidad-publica-y-la-empresa-privada\/"]}]},{"@type":"BreadcrumbList","@id":"https:\/\/www.amatimmobiliaris.com\/w\/2016\/04\/la-universidad-publica-y-la-empresa-privada\/#breadcrumb","itemListElement":[{"@type":"ListItem","position":1,"name":"Home","item":"https:\/\/www.amatimmobiliaris.com\/w\/"},{"@type":"ListItem","position":2,"name":"El mundo Amat","item":"https:\/\/www.amatimmobiliaris.com\/w\/category\/el-mundo-amat\/"},{"@type":"ListItem","position":3,"name":"Reflexiones","item":"https:\/\/www.amatimmobiliaris.com\/w\/category\/el-mundo-amat\/reflexiones\/"},{"@type":"ListItem","position":4,"name":"La universidad p\u00fablica y la empresa privada"}]},{"@type":"WebSite","@id":"https:\/\/www.amatimmobiliaris.com\/w\/#website","url":"https:\/\/www.amatimmobiliaris.com\/w\/","name":"Amat Immobiliaris","description":"Empresa familiar del sector inmobiliario con oficinas en Barcelona, Sant Cugat del Vall\u00e9s y Sant Just Desvern. Te ayudamos a comprar, alquilar o vender tu casa o piso. Somos un equipo coherente con una cultura de empresa honesta, innovadora y eficaz. Tambi\u00e9n en www.amatluxury.com","publisher":{"@id":"https:\/\/www.amatimmobiliaris.com\/w\/#organization"},"alternateName":"AmatImmo","potentialAction":[{"@type":"SearchAction","target":{"@type":"EntryPoint","urlTemplate":"https:\/\/www.amatimmobiliaris.com\/w\/?s={search_term_string}"},"query-input":{"@type":"PropertyValueSpecification","valueRequired":true,"valueName":"search_term_string"}}],"inLanguage":"es"},{"@type":"Organization","@id":"https:\/\/www.amatimmobiliaris.com\/w\/#organization","name":"Amat Immobiliaris","url":"https:\/\/www.amatimmobiliaris.com\/w\/","logo":{"@type":"ImageObject","inLanguage":"es","@id":"https:\/\/www.amatimmobiliaris.com\/w\/#\/schema\/logo\/image\/","url":"https:\/\/www.amatimmobiliaris.com\/w\/wp-content\/uploads\/2022\/10\/amat-logo.jpg","contentUrl":"https:\/\/www.amatimmobiliaris.com\/w\/wp-content\/uploads\/2022\/10\/amat-logo.jpg","width":900,"height":900,"caption":"Amat Immobiliaris"},"image":{"@id":"https:\/\/www.amatimmobiliaris.com\/w\/#\/schema\/logo\/image\/"},"sameAs":["https:\/\/www.facebook.com\/amatimmobiliaris","https:\/\/x.com\/amat_cat","https:\/\/www.instagram.com\/amat_immo\/","https:\/\/www.linkedin.com\/company\/amat-finques\/","https:\/\/www.youtube.com\/@amatimmobiliaris"]},{"@type":"Person","@id":"https:\/\/www.amatimmobiliaris.com\/w\/#\/schema\/person\/c880da71d1e156e7ea6774ffb445e034","name":"Amat Immobiliaris","sameAs":["http:\/\/amat-inmo-wp.localhost"]}]}},"_links":{"self":[{"href":"https:\/\/www.amatimmobiliaris.com\/w\/wp-json\/wp\/v2\/posts\/12912"}],"collection":[{"href":"https:\/\/www.amatimmobiliaris.com\/w\/wp-json\/wp\/v2\/posts"}],"about":[{"href":"https:\/\/www.amatimmobiliaris.com\/w\/wp-json\/wp\/v2\/types\/post"}],"author":[{"embeddable":true,"href":"https:\/\/www.amatimmobiliaris.com\/w\/wp-json\/wp\/v2\/users\/1"}],"replies":[{"embeddable":true,"href":"https:\/\/www.amatimmobiliaris.com\/w\/wp-json\/wp\/v2\/comments?post=12912"}],"version-history":[{"count":1,"href":"https:\/\/www.amatimmobiliaris.com\/w\/wp-json\/wp\/v2\/posts\/12912\/revisions"}],"predecessor-version":[{"id":17280,"href":"https:\/\/www.amatimmobiliaris.com\/w\/wp-json\/wp\/v2\/posts\/12912\/revisions\/17280"}],"wp:attachment":[{"href":"https:\/\/www.amatimmobiliaris.com\/w\/wp-json\/wp\/v2\/media?parent=12912"}],"wp:term":[{"taxonomy":"category","embeddable":true,"href":"https:\/\/www.amatimmobiliaris.com\/w\/wp-json\/wp\/v2\/categories?post=12912"},{"taxonomy":"post_tag","embeddable":true,"href":"https:\/\/www.amatimmobiliaris.com\/w\/wp-json\/wp\/v2\/tags?post=12912"}],"curies":[{"name":"wp","href":"https:\/\/api.w.org\/{rel}","templated":true}]}}