{"id":12883,"date":"2016-03-08T11:56:41","date_gmt":"2016-03-08T11:56:41","guid":{"rendered":"http:\/\/amat-inmo-wp.localhost\/2016\/03\/08\/amat-immobiliaris-una-empresa-en-femenino\/"},"modified":"2023-05-11T10:03:51","modified_gmt":"2023-05-11T10:03:51","slug":"amat-immobiliaris-una-empresa-en-femenino","status":"publish","type":"post","link":"https:\/\/www.amatimmobiliaris.com\/w\/2016\/03\/amat-immobiliaris-una-empresa-en-femenino\/","title":{"rendered":"Amat Immobiliaris, una empresa en femenino"},"content":{"rendered":"<p>Hoy, D\u00eda Internacional de la Mujer Trabajadora, el <strong>Diari ARA<\/strong> publica un art\u00edculo sobre nosotros y destaca la l\u00ednea \u00abfemenina\u00bb que tiene como base Amat Immobiliaris.<\/p>\n<p>Immaculada y Joana Amat, fuertes defensoras del papel de la mujer en la sociedad y el mundo empresarial, destacan la importancia de la <strong>visibilidad de la mujer en la empresa<\/strong> y qu\u00e9 hacen ellas para intentar mejorar estas condiciones.<\/p>\n<p><a href=\"https:\/\/www.amatimmobiliaris.com\/w\/wp-content\/uploads\/2022\/01\/Article-Entrevista-DIARI-ARA-dia-Internacional-Dona-Treballadora-2016-2-scaled.jpg\"><img loading=\"lazy\" decoding=\"async\" class=\"aligncenter wp-image-4418 size-large\" src=\"https:\/\/www.amatimmobiliaris.com\/w\/wp-content\/uploads\/2022\/01\/Article-Entrevista-DIARI-ARA-dia-Internacional-Dona-Treballadora-2016-2-scaled.jpg\" alt=\"Article-Entrevista DIARI ARA dia Internacional Dona Treballadora 2016\" width=\"1024\" height=\"707\" \/><\/a><\/p>\n","protected":false},"excerpt":{"rendered":"<p>Hoy, D\u00eda Internacional de la Mujer Trabajadora, el Diari ARA publica un art\u00edculo sobre nosotros y destaca la l\u00ednea \u00abfemenina\u00bb que tiene como base Amat Immobiliaris. Immaculada y Joana Amat, fuertes defensoras del papel de la mujer en la sociedad y el mundo empresarial, destacan la importancia de la visibilidad de la mujer en la [&hellip;]<\/p>\n","protected":false},"author":1,"featured_media":12884,"comment_status":"closed","ping_status":"closed","sticky":false,"template":"","format":"standard","meta":{"content-type":"","footnotes":""},"categories":[741],"tags":[1788,955,1123,1651],"yoast_head":"<!-- This site is optimized with the Yoast SEO plugin v23.9 - https:\/\/yoast.com\/wordpress\/plugins\/seo\/ -->\n<title>Amat Immobiliaris, una empresa en femenino | Amat Immobiliaris<\/title>\n<meta name=\"robots\" content=\"index, follow, max-snippet:-1, max-image-preview:large, max-video-preview:-1\" \/>\n<link rel=\"canonical\" href=\"https:\/\/www.amatimmobiliaris.com\/w\/2016\/03\/amat-immobiliaris-una-empresa-en-femenino\/\" \/>\n<meta property=\"og:locale\" content=\"es_ES\" \/>\n<meta property=\"og:type\" content=\"article\" \/>\n<meta property=\"og:title\" content=\"Amat Immobiliaris, una empresa en femenino | Amat Immobiliaris\" \/>\n<meta property=\"og:description\" content=\"Hoy, D\u00eda Internacional de la Mujer Trabajadora, el Diari ARA publica un art\u00edculo sobre nosotros y destaca la l\u00ednea \u00abfemenina\u00bb que tiene como base Amat Immobiliaris. Immaculada y Joana Amat, fuertes defensoras del papel de la mujer en la sociedad y el mundo empresarial, destacan la importancia de la visibilidad de la mujer en la [&hellip;]\" \/>\n<meta property=\"og:url\" content=\"https:\/\/www.amatimmobiliaris.com\/w\/2016\/03\/amat-immobiliaris-una-empresa-en-femenino\/\" \/>\n<meta property=\"og:site_name\" content=\"Amat Immobiliaris\" \/>\n<meta property=\"article:publisher\" content=\"https:\/\/www.facebook.com\/amatimmobiliaris\" \/>\n<meta property=\"article:published_time\" content=\"2016-03-08T11:56:41+00:00\" \/>\n<meta property=\"article:modified_time\" content=\"2023-05-11T10:03:51+00:00\" \/>\n<meta property=\"og:image\" content=\"https:\/\/www.amatimmobiliaris.com\/w\/wp-content\/uploads\/2022\/01\/Article-Entrevista-DIARI-ARA-dia-Internacional-Dona-Treballadora-2016-2-scaled.jpg\" \/>\n\t<meta property=\"og:image:width\" content=\"2560\" \/>\n\t<meta property=\"og:image:height\" content=\"1768\" \/>\n\t<meta property=\"og:image:type\" content=\"image\/jpeg\" \/>\n<meta name=\"author\" content=\"Amat Immobiliaris\" \/>\n<meta name=\"twitter:card\" content=\"summary_large_image\" \/>\n<meta name=\"twitter:creator\" content=\"@amat_cat\" \/>\n<meta name=\"twitter:site\" content=\"@amat_cat\" \/>\n<meta name=\"twitter:label1\" content=\"Escrito por\" \/>\n\t<meta name=\"twitter:data1\" content=\"Amat Immobiliaris\" \/>\n\t<meta name=\"twitter:label2\" content=\"Tiempo de lectura\" \/>\n\t<meta name=\"twitter:data2\" content=\"1 minuto\" \/>\n<script type=\"application\/ld+json\" class=\"yoast-schema-graph\">{\"@context\":\"https:\/\/schema.org\",\"@graph\":[{\"@type\":\"Article\",\"@id\":\"https:\/\/www.amatimmobiliaris.com\/w\/2016\/03\/amat-immobiliaris-una-empresa-en-femenino\/#article\",\"isPartOf\":{\"@id\":\"https:\/\/www.amatimmobiliaris.com\/w\/2016\/03\/amat-immobiliaris-una-empresa-en-femenino\/\"},\"author\":{\"name\":\"Amat Immobiliaris\",\"@id\":\"https:\/\/www.amatimmobiliaris.com\/w\/#\/schema\/person\/c880da71d1e156e7ea6774ffb445e034\"},\"headline\":\"Amat Immobiliaris, una empresa en femenino\",\"datePublished\":\"2016-03-08T11:56:41+00:00\",\"dateModified\":\"2023-05-11T10:03:51+00:00\",\"mainEntityOfPage\":{\"@id\":\"https:\/\/www.amatimmobiliaris.com\/w\/2016\/03\/amat-immobiliaris-una-empresa-en-femenino\/\"},\"wordCount\":74,\"publisher\":{\"@id\":\"https:\/\/www.amatimmobiliaris.com\/w\/#organization\"},\"image\":{\"@id\":\"https:\/\/www.amatimmobiliaris.com\/w\/2016\/03\/amat-immobiliaris-una-empresa-en-femenino\/#primaryimage\"},\"thumbnailUrl\":\"https:\/\/www.amatimmobiliaris.com\/w\/wp-content\/uploads\/2022\/01\/Article-Entrevista-DIARI-ARA-dia-Internacional-Dona-Treballadora-2016-2-scaled.jpg\",\"keywords\":[\"Entrevista\",\"Feminismo\",\"Immaculada Amat\",\"Mujer\"],\"articleSection\":[\"El mundo Amat\"],\"inLanguage\":\"es\"},{\"@type\":\"WebPage\",\"@id\":\"https:\/\/www.amatimmobiliaris.com\/w\/2016\/03\/amat-immobiliaris-una-empresa-en-femenino\/\",\"url\":\"https:\/\/www.amatimmobiliaris.com\/w\/2016\/03\/amat-immobiliaris-una-empresa-en-femenino\/\",\"name\":\"Amat Immobiliaris, una empresa en femenino | Amat Immobiliaris\",\"isPartOf\":{\"@id\":\"https:\/\/www.amatimmobiliaris.com\/w\/#website\"},\"primaryImageOfPage\":{\"@id\":\"https:\/\/www.amatimmobiliaris.com\/w\/2016\/03\/amat-immobiliaris-una-empresa-en-femenino\/#primaryimage\"},\"image\":{\"@id\":\"https:\/\/www.amatimmobiliaris.com\/w\/2016\/03\/amat-immobiliaris-una-empresa-en-femenino\/#primaryimage\"},\"thumbnailUrl\":\"https:\/\/www.amatimmobiliaris.com\/w\/wp-content\/uploads\/2022\/01\/Article-Entrevista-DIARI-ARA-dia-Internacional-Dona-Treballadora-2016-2-scaled.jpg\",\"datePublished\":\"2016-03-08T11:56:41+00:00\",\"dateModified\":\"2023-05-11T10:03:51+00:00\",\"breadcrumb\":{\"@id\":\"https:\/\/www.amatimmobiliaris.com\/w\/2016\/03\/amat-immobiliaris-una-empresa-en-femenino\/#breadcrumb\"},\"inLanguage\":\"es\",\"potentialAction\":[{\"@type\":\"ReadAction\",\"target\":[\"https:\/\/www.amatimmobiliaris.com\/w\/2016\/03\/amat-immobiliaris-una-empresa-en-femenino\/\"]}]},{\"@type\":\"ImageObject\",\"inLanguage\":\"es\",\"@id\":\"https:\/\/www.amatimmobiliaris.com\/w\/2016\/03\/amat-immobiliaris-una-empresa-en-femenino\/#primaryimage\",\"url\":\"https:\/\/www.amatimmobiliaris.com\/w\/wp-content\/uploads\/2022\/01\/Article-Entrevista-DIARI-ARA-dia-Internacional-Dona-Treballadora-2016-2-scaled.jpg\",\"contentUrl\":\"https:\/\/www.amatimmobiliaris.com\/w\/wp-content\/uploads\/2022\/01\/Article-Entrevista-DIARI-ARA-dia-Internacional-Dona-Treballadora-2016-2-scaled.jpg\",\"width\":2560,\"height\":1768},{\"@type\":\"BreadcrumbList\",\"@id\":\"https:\/\/www.amatimmobiliaris.com\/w\/2016\/03\/amat-immobiliaris-una-empresa-en-femenino\/#breadcrumb\",\"itemListElement\":[{\"@type\":\"ListItem\",\"position\":1,\"name\":\"Home\",\"item\":\"https:\/\/www.amatimmobiliaris.com\/w\/\"},{\"@type\":\"ListItem\",\"position\":2,\"name\":\"El mundo Amat\",\"item\":\"https:\/\/www.amatimmobiliaris.com\/w\/category\/el-mundo-amat\/\"},{\"@type\":\"ListItem\",\"position\":3,\"name\":\"Amat Immobiliaris, una empresa en femenino\"}]},{\"@type\":\"WebSite\",\"@id\":\"https:\/\/www.amatimmobiliaris.com\/w\/#website\",\"url\":\"https:\/\/www.amatimmobiliaris.com\/w\/\",\"name\":\"Amat Immobiliaris\",\"description\":\"Empresa familiar del sector inmobiliario con oficinas en Barcelona, Sant Cugat del Vall\u00e9s y Sant Just Desvern. Te ayudamos a comprar, alquilar o vender tu casa o piso. Somos un equipo coherente con una cultura de empresa honesta, innovadora y eficaz. Tambi\u00e9n en www.amatluxury.com\",\"publisher\":{\"@id\":\"https:\/\/www.amatimmobiliaris.com\/w\/#organization\"},\"alternateName\":\"AmatImmo\",\"potentialAction\":[{\"@type\":\"SearchAction\",\"target\":{\"@type\":\"EntryPoint\",\"urlTemplate\":\"https:\/\/www.amatimmobiliaris.com\/w\/?s={search_term_string}\"},\"query-input\":{\"@type\":\"PropertyValueSpecification\",\"valueRequired\":true,\"valueName\":\"search_term_string\"}}],\"inLanguage\":\"es\"},{\"@type\":\"Organization\",\"@id\":\"https:\/\/www.amatimmobiliaris.com\/w\/#organization\",\"name\":\"Amat Immobiliaris\",\"url\":\"https:\/\/www.amatimmobiliaris.com\/w\/\",\"logo\":{\"@type\":\"ImageObject\",\"inLanguage\":\"es\",\"@id\":\"https:\/\/www.amatimmobiliaris.com\/w\/#\/schema\/logo\/image\/\",\"url\":\"https:\/\/www.amatimmobiliaris.com\/w\/wp-content\/uploads\/2022\/10\/amat-logo.jpg\",\"contentUrl\":\"https:\/\/www.amatimmobiliaris.com\/w\/wp-content\/uploads\/2022\/10\/amat-logo.jpg\",\"width\":900,\"height\":900,\"caption\":\"Amat Immobiliaris\"},\"image\":{\"@id\":\"https:\/\/www.amatimmobiliaris.com\/w\/#\/schema\/logo\/image\/\"},\"sameAs\":[\"https:\/\/www.facebook.com\/amatimmobiliaris\",\"https:\/\/x.com\/amat_cat\",\"https:\/\/www.instagram.com\/amat_immo\/\",\"https:\/\/www.linkedin.com\/company\/amat-finques\/\",\"https:\/\/www.youtube.com\/@amatimmobiliaris\"]},{\"@type\":\"Person\",\"@id\":\"https:\/\/www.amatimmobiliaris.com\/w\/#\/schema\/person\/c880da71d1e156e7ea6774ffb445e034\",\"name\":\"Amat Immobiliaris\",\"sameAs\":[\"http:\/\/amat-inmo-wp.localhost\"]}]}<\/script>\n<!-- \/ Yoast SEO plugin. -->","yoast_head_json":{"title":"Amat Immobiliaris, una empresa en femenino | Amat Immobiliaris","robots":{"index":"index","follow":"follow","max-snippet":"max-snippet:-1","max-image-preview":"max-image-preview:large","max-video-preview":"max-video-preview:-1"},"canonical":"https:\/\/www.amatimmobiliaris.com\/w\/2016\/03\/amat-immobiliaris-una-empresa-en-femenino\/","og_locale":"es_ES","og_type":"article","og_title":"Amat Immobiliaris, una empresa en femenino | Amat Immobiliaris","og_description":"Hoy, D\u00eda Internacional de la Mujer Trabajadora, el Diari ARA publica un art\u00edculo sobre nosotros y destaca la l\u00ednea \u00abfemenina\u00bb que tiene como base Amat Immobiliaris. Immaculada y Joana Amat, fuertes defensoras del papel de la mujer en la sociedad y el mundo empresarial, destacan la importancia de la visibilidad de la mujer en la [&hellip;]","og_url":"https:\/\/www.amatimmobiliaris.com\/w\/2016\/03\/amat-immobiliaris-una-empresa-en-femenino\/","og_site_name":"Amat Immobiliaris","article_publisher":"https:\/\/www.facebook.com\/amatimmobiliaris","article_published_time":"2016-03-08T11:56:41+00:00","article_modified_time":"2023-05-11T10:03:51+00:00","og_image":[{"width":2560,"height":1768,"url":"https:\/\/www.amatimmobiliaris.com\/w\/wp-content\/uploads\/2022\/01\/Article-Entrevista-DIARI-ARA-dia-Internacional-Dona-Treballadora-2016-2-scaled.jpg","type":"image\/jpeg"}],"author":"Amat Immobiliaris","twitter_card":"summary_large_image","twitter_creator":"@amat_cat","twitter_site":"@amat_cat","twitter_misc":{"Escrito por":"Amat Immobiliaris","Tiempo de lectura":"1 minuto"},"schema":{"@context":"https:\/\/schema.org","@graph":[{"@type":"Article","@id":"https:\/\/www.amatimmobiliaris.com\/w\/2016\/03\/amat-immobiliaris-una-empresa-en-femenino\/#article","isPartOf":{"@id":"https:\/\/www.amatimmobiliaris.com\/w\/2016\/03\/amat-immobiliaris-una-empresa-en-femenino\/"},"author":{"name":"Amat Immobiliaris","@id":"https:\/\/www.amatimmobiliaris.com\/w\/#\/schema\/person\/c880da71d1e156e7ea6774ffb445e034"},"headline":"Amat Immobiliaris, una empresa en femenino","datePublished":"2016-03-08T11:56:41+00:00","dateModified":"2023-05-11T10:03:51+00:00","mainEntityOfPage":{"@id":"https:\/\/www.amatimmobiliaris.com\/w\/2016\/03\/amat-immobiliaris-una-empresa-en-femenino\/"},"wordCount":74,"publisher":{"@id":"https:\/\/www.amatimmobiliaris.com\/w\/#organization"},"image":{"@id":"https:\/\/www.amatimmobiliaris.com\/w\/2016\/03\/amat-immobiliaris-una-empresa-en-femenino\/#primaryimage"},"thumbnailUrl":"https:\/\/www.amatimmobiliaris.com\/w\/wp-content\/uploads\/2022\/01\/Article-Entrevista-DIARI-ARA-dia-Internacional-Dona-Treballadora-2016-2-scaled.jpg","keywords":["Entrevista","Feminismo","Immaculada Amat","Mujer"],"articleSection":["El mundo Amat"],"inLanguage":"es"},{"@type":"WebPage","@id":"https:\/\/www.amatimmobiliaris.com\/w\/2016\/03\/amat-immobiliaris-una-empresa-en-femenino\/","url":"https:\/\/www.amatimmobiliaris.com\/w\/2016\/03\/amat-immobiliaris-una-empresa-en-femenino\/","name":"Amat Immobiliaris, una empresa en femenino | Amat Immobiliaris","isPartOf":{"@id":"https:\/\/www.amatimmobiliaris.com\/w\/#website"},"primaryImageOfPage":{"@id":"https:\/\/www.amatimmobiliaris.com\/w\/2016\/03\/amat-immobiliaris-una-empresa-en-femenino\/#primaryimage"},"image":{"@id":"https:\/\/www.amatimmobiliaris.com\/w\/2016\/03\/amat-immobiliaris-una-empresa-en-femenino\/#primaryimage"},"thumbnailUrl":"https:\/\/www.amatimmobiliaris.com\/w\/wp-content\/uploads\/2022\/01\/Article-Entrevista-DIARI-ARA-dia-Internacional-Dona-Treballadora-2016-2-scaled.jpg","datePublished":"2016-03-08T11:56:41+00:00","dateModified":"2023-05-11T10:03:51+00:00","breadcrumb":{"@id":"https:\/\/www.amatimmobiliaris.com\/w\/2016\/03\/amat-immobiliaris-una-empresa-en-femenino\/#breadcrumb"},"inLanguage":"es","potentialAction":[{"@type":"ReadAction","target":["https:\/\/www.amatimmobiliaris.com\/w\/2016\/03\/amat-immobiliaris-una-empresa-en-femenino\/"]}]},{"@type":"ImageObject","inLanguage":"es","@id":"https:\/\/www.amatimmobiliaris.com\/w\/2016\/03\/amat-immobiliaris-una-empresa-en-femenino\/#primaryimage","url":"https:\/\/www.amatimmobiliaris.com\/w\/wp-content\/uploads\/2022\/01\/Article-Entrevista-DIARI-ARA-dia-Internacional-Dona-Treballadora-2016-2-scaled.jpg","contentUrl":"https:\/\/www.amatimmobiliaris.com\/w\/wp-content\/uploads\/2022\/01\/Article-Entrevista-DIARI-ARA-dia-Internacional-Dona-Treballadora-2016-2-scaled.jpg","width":2560,"height":1768},{"@type":"BreadcrumbList","@id":"https:\/\/www.amatimmobiliaris.com\/w\/2016\/03\/amat-immobiliaris-una-empresa-en-femenino\/#breadcrumb","itemListElement":[{"@type":"ListItem","position":1,"name":"Home","item":"https:\/\/www.amatimmobiliaris.com\/w\/"},{"@type":"ListItem","position":2,"name":"El mundo Amat","item":"https:\/\/www.amatimmobiliaris.com\/w\/category\/el-mundo-amat\/"},{"@type":"ListItem","position":3,"name":"Amat Immobiliaris, una empresa en femenino"}]},{"@type":"WebSite","@id":"https:\/\/www.amatimmobiliaris.com\/w\/#website","url":"https:\/\/www.amatimmobiliaris.com\/w\/","name":"Amat Immobiliaris","description":"Empresa familiar del sector inmobiliario con oficinas en Barcelona, Sant Cugat del Vall\u00e9s y Sant Just Desvern. Te ayudamos a comprar, alquilar o vender tu casa o piso. Somos un equipo coherente con una cultura de empresa honesta, innovadora y eficaz. Tambi\u00e9n en www.amatluxury.com","publisher":{"@id":"https:\/\/www.amatimmobiliaris.com\/w\/#organization"},"alternateName":"AmatImmo","potentialAction":[{"@type":"SearchAction","target":{"@type":"EntryPoint","urlTemplate":"https:\/\/www.amatimmobiliaris.com\/w\/?s={search_term_string}"},"query-input":{"@type":"PropertyValueSpecification","valueRequired":true,"valueName":"search_term_string"}}],"inLanguage":"es"},{"@type":"Organization","@id":"https:\/\/www.amatimmobiliaris.com\/w\/#organization","name":"Amat Immobiliaris","url":"https:\/\/www.amatimmobiliaris.com\/w\/","logo":{"@type":"ImageObject","inLanguage":"es","@id":"https:\/\/www.amatimmobiliaris.com\/w\/#\/schema\/logo\/image\/","url":"https:\/\/www.amatimmobiliaris.com\/w\/wp-content\/uploads\/2022\/10\/amat-logo.jpg","contentUrl":"https:\/\/www.amatimmobiliaris.com\/w\/wp-content\/uploads\/2022\/10\/amat-logo.jpg","width":900,"height":900,"caption":"Amat Immobiliaris"},"image":{"@id":"https:\/\/www.amatimmobiliaris.com\/w\/#\/schema\/logo\/image\/"},"sameAs":["https:\/\/www.facebook.com\/amatimmobiliaris","https:\/\/x.com\/amat_cat","https:\/\/www.instagram.com\/amat_immo\/","https:\/\/www.linkedin.com\/company\/amat-finques\/","https:\/\/www.youtube.com\/@amatimmobiliaris"]},{"@type":"Person","@id":"https:\/\/www.amatimmobiliaris.com\/w\/#\/schema\/person\/c880da71d1e156e7ea6774ffb445e034","name":"Amat Immobiliaris","sameAs":["http:\/\/amat-inmo-wp.localhost"]}]}},"_links":{"self":[{"href":"https:\/\/www.amatimmobiliaris.com\/w\/wp-json\/wp\/v2\/posts\/12883"}],"collection":[{"href":"https:\/\/www.amatimmobiliaris.com\/w\/wp-json\/wp\/v2\/posts"}],"about":[{"href":"https:\/\/www.amatimmobiliaris.com\/w\/wp-json\/wp\/v2\/types\/post"}],"author":[{"embeddable":true,"href":"https:\/\/www.amatimmobiliaris.com\/w\/wp-json\/wp\/v2\/users\/1"}],"replies":[{"embeddable":true,"href":"https:\/\/www.amatimmobiliaris.com\/w\/wp-json\/wp\/v2\/comments?post=12883"}],"version-history":[{"count":1,"href":"https:\/\/www.amatimmobiliaris.com\/w\/wp-json\/wp\/v2\/posts\/12883\/revisions"}],"predecessor-version":[{"id":17290,"href":"https:\/\/www.amatimmobiliaris.com\/w\/wp-json\/wp\/v2\/posts\/12883\/revisions\/17290"}],"wp:featuredmedia":[{"embeddable":true,"href":"https:\/\/www.amatimmobiliaris.com\/w\/wp-json\/wp\/v2\/media\/12884"}],"wp:attachment":[{"href":"https:\/\/www.amatimmobiliaris.com\/w\/wp-json\/wp\/v2\/media?parent=12883"}],"wp:term":[{"taxonomy":"category","embeddable":true,"href":"https:\/\/www.amatimmobiliaris.com\/w\/wp-json\/wp\/v2\/categories?post=12883"},{"taxonomy":"post_tag","embeddable":true,"href":"https:\/\/www.amatimmobiliaris.com\/w\/wp-json\/wp\/v2\/tags?post=12883"}],"curies":[{"name":"wp","href":"https:\/\/api.w.org\/{rel}","templated":true}]}}