{"id":12263,"date":"2013-05-06T16:22:50","date_gmt":"2013-05-06T16:22:50","guid":{"rendered":"http:\/\/amat-inmo-wp.localhost\/2013\/05\/06\/el-problema-dels-pisos-buits\/"},"modified":"2023-05-18T15:52:54","modified_gmt":"2023-05-18T15:52:54","slug":"el-problema-de-los-pisos-vacios","status":"publish","type":"post","link":"https:\/\/www.amatimmobiliaris.com\/w\/2013\/05\/el-problema-de-los-pisos-vacios\/","title":{"rendered":"El problema de los pisos vac\u00edos"},"content":{"rendered":"<p>Es verdad que hay muchos pisos vac\u00edos, tal y como explicaba el Conseller Vila hace pocos d\u00edas, algo diferente es que estos pisos est\u00e9n vac\u00edos por voluntad del <strong>Promotor<\/strong> o de las <strong>Entidades Financieras<\/strong> como parece desprenderse de la idea de poner un impuesto si no se ocupan. Nuestra experiencia es que las Entidades Financieras o sus <strong>empresas inmobiliarias<\/strong> tienen mucha prisa por vender. A los Promotores tambi\u00e9n. Lo que sucede es que se dan diversas circunstancias que en muchas ocasiones impiden que se realicen estas ventas.<\/p>\n<p>Por ejemplo:<\/p>\n<ul>\n<li>Muchas promociones se encuentran en poblaciones donde la demanda es nula, independientemente del precio de la vivienda. Esto sucede en muchos pueblos de la provincia de Lleida, la zona del Delta, y el centro de Catalu\u00f1a.<\/li>\n<li>Otras promociones est\u00e1n en una especie de limos, est\u00e1n en el per\u00edodo de negociaci\u00f3n entre el Banco acreedor y el Promotor insolvente, o bien en tr\u00e1mite de concurso de acreedores.<\/li>\n<li>Algunas promociones no se pueden comercializar porque hay okupas.<\/li>\n<\/ul>\n<p>En fin, pienso que la medida propuesta no va a modificar nada de la actual situaci\u00f3n.<\/p>\n","protected":false},"excerpt":{"rendered":"<p>Es verdad que hay muchos pisos vac\u00edos, tal y como explicaba el Conseller Vila hace pocos d\u00edas, algo diferente es que estos pisos est\u00e9n vac\u00edos por voluntad del Promotor o de las Entidades Financieras como parece desprenderse de la idea de poner un impuesto si no se ocupan. Nuestra experiencia es que las Entidades Financieras [&hellip;]<\/p>\n","protected":false},"author":1,"featured_media":0,"comment_status":"closed","ping_status":"closed","sticky":false,"template":"","format":"standard","meta":{"content-type":"","footnotes":""},"categories":[746],"tags":[1224,942,1560,1808],"yoast_head":"<!-- This site is optimized with the Yoast SEO plugin v23.9 - https:\/\/yoast.com\/wordpress\/plugins\/seo\/ -->\n<title>El problema de los pisos vac\u00edos | Amat Immobiliaris<\/title>\n<meta name=\"description\" content=\"Hay muchos pisos vac\u00edos, tal y como explicaba el Conseller Vila, algo distinto es que estos pisos est\u00e9n vac\u00edos por voluntad del Promotor.\" \/>\n<meta name=\"robots\" content=\"index, nofollow, max-snippet:-1, max-image-preview:large, max-video-preview:-1\" \/>\n<link rel=\"canonical\" href=\"https:\/\/www.amatimmobiliaris.com\/w\/2013\/05\/el-problema-de-los-pisos-vacios\/\" \/>\n<meta property=\"og:locale\" content=\"es_ES\" \/>\n<meta property=\"og:type\" content=\"article\" \/>\n<meta property=\"og:title\" content=\"El problema de los pisos vac\u00edos | Amat Immobiliaris\" \/>\n<meta property=\"og:description\" content=\"Hay muchos pisos vac\u00edos, tal y como explicaba el Conseller Vila, algo distinto es que estos pisos est\u00e9n vac\u00edos por voluntad del Promotor.\" \/>\n<meta property=\"og:url\" content=\"https:\/\/www.amatimmobiliaris.com\/w\/2013\/05\/el-problema-de-los-pisos-vacios\/\" \/>\n<meta property=\"og:site_name\" content=\"Amat Immobiliaris\" \/>\n<meta property=\"article:publisher\" content=\"https:\/\/www.facebook.com\/amatimmobiliaris\" \/>\n<meta property=\"article:published_time\" content=\"2013-05-06T16:22:50+00:00\" \/>\n<meta property=\"article:modified_time\" content=\"2023-05-18T15:52:54+00:00\" \/>\n<meta property=\"og:image\" content=\"https:\/\/www.amatimmobiliaris.com\/w\/wp-content\/uploads\/2022\/01\/2014-Saga-familiar-Amat-dw-1-1024x683.jpg\" \/>\n\t<meta property=\"og:image:width\" content=\"1024\" \/>\n\t<meta property=\"og:image:height\" content=\"683\" \/>\n\t<meta property=\"og:image:type\" content=\"image\/jpeg\" \/>\n<meta name=\"author\" content=\"Amat Immobiliaris\" \/>\n<meta name=\"twitter:card\" content=\"summary_large_image\" \/>\n<meta name=\"twitter:creator\" content=\"@amat_cat\" \/>\n<meta name=\"twitter:site\" content=\"@amat_cat\" \/>\n<meta name=\"twitter:label1\" content=\"Escrito por\" \/>\n\t<meta name=\"twitter:data1\" content=\"Amat Immobiliaris\" \/>\n\t<meta name=\"twitter:label2\" content=\"Tiempo de lectura\" \/>\n\t<meta name=\"twitter:data2\" content=\"1 minuto\" \/>\n<script type=\"application\/ld+json\" class=\"yoast-schema-graph\">{\"@context\":\"https:\/\/schema.org\",\"@graph\":[{\"@type\":\"Article\",\"@id\":\"https:\/\/www.amatimmobiliaris.com\/w\/2013\/05\/el-problema-de-los-pisos-vacios\/#article\",\"isPartOf\":{\"@id\":\"https:\/\/www.amatimmobiliaris.com\/w\/2013\/05\/el-problema-de-los-pisos-vacios\/\"},\"author\":{\"name\":\"Amat Immobiliaris\",\"@id\":\"https:\/\/www.amatimmobiliaris.com\/w\/#\/schema\/person\/c880da71d1e156e7ea6774ffb445e034\"},\"headline\":\"El problema de los pisos vac\u00edos\",\"datePublished\":\"2013-05-06T16:22:50+00:00\",\"dateModified\":\"2023-05-18T15:52:54+00:00\",\"mainEntityOfPage\":{\"@id\":\"https:\/\/www.amatimmobiliaris.com\/w\/2013\/05\/el-problema-de-los-pisos-vacios\/\"},\"wordCount\":199,\"publisher\":{\"@id\":\"https:\/\/www.amatimmobiliaris.com\/w\/#organization\"},\"keywords\":[\"Entidades financieras\",\"Inmobiliaria\",\"Promotor\",\"Reflexiones\"],\"articleSection\":[\"Reflexiones\"],\"inLanguage\":\"es\"},{\"@type\":\"WebPage\",\"@id\":\"https:\/\/www.amatimmobiliaris.com\/w\/2013\/05\/el-problema-de-los-pisos-vacios\/\",\"url\":\"https:\/\/www.amatimmobiliaris.com\/w\/2013\/05\/el-problema-de-los-pisos-vacios\/\",\"name\":\"El problema de los pisos vac\u00edos | Amat Immobiliaris\",\"isPartOf\":{\"@id\":\"https:\/\/www.amatimmobiliaris.com\/w\/#website\"},\"datePublished\":\"2013-05-06T16:22:50+00:00\",\"dateModified\":\"2023-05-18T15:52:54+00:00\",\"description\":\"Hay muchos pisos vac\u00edos, tal y como explicaba el Conseller Vila, algo distinto es que estos pisos est\u00e9n vac\u00edos por voluntad del Promotor.\",\"breadcrumb\":{\"@id\":\"https:\/\/www.amatimmobiliaris.com\/w\/2013\/05\/el-problema-de-los-pisos-vacios\/#breadcrumb\"},\"inLanguage\":\"es\",\"potentialAction\":[{\"@type\":\"ReadAction\",\"target\":[\"https:\/\/www.amatimmobiliaris.com\/w\/2013\/05\/el-problema-de-los-pisos-vacios\/\"]}]},{\"@type\":\"BreadcrumbList\",\"@id\":\"https:\/\/www.amatimmobiliaris.com\/w\/2013\/05\/el-problema-de-los-pisos-vacios\/#breadcrumb\",\"itemListElement\":[{\"@type\":\"ListItem\",\"position\":1,\"name\":\"Home\",\"item\":\"https:\/\/www.amatimmobiliaris.com\/w\/\"},{\"@type\":\"ListItem\",\"position\":2,\"name\":\"El mundo Amat\",\"item\":\"https:\/\/www.amatimmobiliaris.com\/w\/category\/el-mundo-amat\/\"},{\"@type\":\"ListItem\",\"position\":3,\"name\":\"Reflexiones\",\"item\":\"https:\/\/www.amatimmobiliaris.com\/w\/category\/el-mundo-amat\/reflexiones\/\"},{\"@type\":\"ListItem\",\"position\":4,\"name\":\"El problema de los pisos vac\u00edos\"}]},{\"@type\":\"WebSite\",\"@id\":\"https:\/\/www.amatimmobiliaris.com\/w\/#website\",\"url\":\"https:\/\/www.amatimmobiliaris.com\/w\/\",\"name\":\"Amat Immobiliaris\",\"description\":\"Empresa familiar del sector inmobiliario con oficinas en Barcelona, Sant Cugat del Vall\u00e9s y Sant Just Desvern. Te ayudamos a comprar, alquilar o vender tu casa o piso. Somos un equipo coherente con una cultura de empresa honesta, innovadora y eficaz. Tambi\u00e9n en www.amatluxury.com\",\"publisher\":{\"@id\":\"https:\/\/www.amatimmobiliaris.com\/w\/#organization\"},\"alternateName\":\"AmatImmo\",\"potentialAction\":[{\"@type\":\"SearchAction\",\"target\":{\"@type\":\"EntryPoint\",\"urlTemplate\":\"https:\/\/www.amatimmobiliaris.com\/w\/?s={search_term_string}\"},\"query-input\":{\"@type\":\"PropertyValueSpecification\",\"valueRequired\":true,\"valueName\":\"search_term_string\"}}],\"inLanguage\":\"es\"},{\"@type\":\"Organization\",\"@id\":\"https:\/\/www.amatimmobiliaris.com\/w\/#organization\",\"name\":\"Amat Immobiliaris\",\"url\":\"https:\/\/www.amatimmobiliaris.com\/w\/\",\"logo\":{\"@type\":\"ImageObject\",\"inLanguage\":\"es\",\"@id\":\"https:\/\/www.amatimmobiliaris.com\/w\/#\/schema\/logo\/image\/\",\"url\":\"https:\/\/www.amatimmobiliaris.com\/w\/wp-content\/uploads\/2022\/10\/amat-logo.jpg\",\"contentUrl\":\"https:\/\/www.amatimmobiliaris.com\/w\/wp-content\/uploads\/2022\/10\/amat-logo.jpg\",\"width\":900,\"height\":900,\"caption\":\"Amat Immobiliaris\"},\"image\":{\"@id\":\"https:\/\/www.amatimmobiliaris.com\/w\/#\/schema\/logo\/image\/\"},\"sameAs\":[\"https:\/\/www.facebook.com\/amatimmobiliaris\",\"https:\/\/x.com\/amat_cat\",\"https:\/\/www.instagram.com\/amat_immo\/\",\"https:\/\/www.linkedin.com\/company\/amat-finques\/\",\"https:\/\/www.youtube.com\/@amatimmobiliaris\"]},{\"@type\":\"Person\",\"@id\":\"https:\/\/www.amatimmobiliaris.com\/w\/#\/schema\/person\/c880da71d1e156e7ea6774ffb445e034\",\"name\":\"Amat Immobiliaris\",\"sameAs\":[\"http:\/\/amat-inmo-wp.localhost\"]}]}<\/script>\n<!-- \/ Yoast SEO plugin. -->","yoast_head_json":{"title":"El problema de los pisos vac\u00edos | Amat Immobiliaris","description":"Hay muchos pisos vac\u00edos, tal y como explicaba el Conseller Vila, algo distinto es que estos pisos est\u00e9n vac\u00edos por voluntad del Promotor.","robots":{"index":"index","follow":"nofollow","max-snippet":"max-snippet:-1","max-image-preview":"max-image-preview:large","max-video-preview":"max-video-preview:-1"},"canonical":"https:\/\/www.amatimmobiliaris.com\/w\/2013\/05\/el-problema-de-los-pisos-vacios\/","og_locale":"es_ES","og_type":"article","og_title":"El problema de los pisos vac\u00edos | Amat Immobiliaris","og_description":"Hay muchos pisos vac\u00edos, tal y como explicaba el Conseller Vila, algo distinto es que estos pisos est\u00e9n vac\u00edos por voluntad del Promotor.","og_url":"https:\/\/www.amatimmobiliaris.com\/w\/2013\/05\/el-problema-de-los-pisos-vacios\/","og_site_name":"Amat Immobiliaris","article_publisher":"https:\/\/www.facebook.com\/amatimmobiliaris","article_published_time":"2013-05-06T16:22:50+00:00","article_modified_time":"2023-05-18T15:52:54+00:00","og_image":[{"width":1024,"height":683,"url":"https:\/\/www.amatimmobiliaris.com\/w\/wp-content\/uploads\/2022\/01\/2014-Saga-familiar-Amat-dw-1-1024x683.jpg","type":"image\/jpeg"}],"author":"Amat Immobiliaris","twitter_card":"summary_large_image","twitter_creator":"@amat_cat","twitter_site":"@amat_cat","twitter_misc":{"Escrito por":"Amat Immobiliaris","Tiempo de lectura":"1 minuto"},"schema":{"@context":"https:\/\/schema.org","@graph":[{"@type":"Article","@id":"https:\/\/www.amatimmobiliaris.com\/w\/2013\/05\/el-problema-de-los-pisos-vacios\/#article","isPartOf":{"@id":"https:\/\/www.amatimmobiliaris.com\/w\/2013\/05\/el-problema-de-los-pisos-vacios\/"},"author":{"name":"Amat Immobiliaris","@id":"https:\/\/www.amatimmobiliaris.com\/w\/#\/schema\/person\/c880da71d1e156e7ea6774ffb445e034"},"headline":"El problema de los pisos vac\u00edos","datePublished":"2013-05-06T16:22:50+00:00","dateModified":"2023-05-18T15:52:54+00:00","mainEntityOfPage":{"@id":"https:\/\/www.amatimmobiliaris.com\/w\/2013\/05\/el-problema-de-los-pisos-vacios\/"},"wordCount":199,"publisher":{"@id":"https:\/\/www.amatimmobiliaris.com\/w\/#organization"},"keywords":["Entidades financieras","Inmobiliaria","Promotor","Reflexiones"],"articleSection":["Reflexiones"],"inLanguage":"es"},{"@type":"WebPage","@id":"https:\/\/www.amatimmobiliaris.com\/w\/2013\/05\/el-problema-de-los-pisos-vacios\/","url":"https:\/\/www.amatimmobiliaris.com\/w\/2013\/05\/el-problema-de-los-pisos-vacios\/","name":"El problema de los pisos vac\u00edos | Amat Immobiliaris","isPartOf":{"@id":"https:\/\/www.amatimmobiliaris.com\/w\/#website"},"datePublished":"2013-05-06T16:22:50+00:00","dateModified":"2023-05-18T15:52:54+00:00","description":"Hay muchos pisos vac\u00edos, tal y como explicaba el Conseller Vila, algo distinto es que estos pisos est\u00e9n vac\u00edos por voluntad del Promotor.","breadcrumb":{"@id":"https:\/\/www.amatimmobiliaris.com\/w\/2013\/05\/el-problema-de-los-pisos-vacios\/#breadcrumb"},"inLanguage":"es","potentialAction":[{"@type":"ReadAction","target":["https:\/\/www.amatimmobiliaris.com\/w\/2013\/05\/el-problema-de-los-pisos-vacios\/"]}]},{"@type":"BreadcrumbList","@id":"https:\/\/www.amatimmobiliaris.com\/w\/2013\/05\/el-problema-de-los-pisos-vacios\/#breadcrumb","itemListElement":[{"@type":"ListItem","position":1,"name":"Home","item":"https:\/\/www.amatimmobiliaris.com\/w\/"},{"@type":"ListItem","position":2,"name":"El mundo Amat","item":"https:\/\/www.amatimmobiliaris.com\/w\/category\/el-mundo-amat\/"},{"@type":"ListItem","position":3,"name":"Reflexiones","item":"https:\/\/www.amatimmobiliaris.com\/w\/category\/el-mundo-amat\/reflexiones\/"},{"@type":"ListItem","position":4,"name":"El problema de los pisos vac\u00edos"}]},{"@type":"WebSite","@id":"https:\/\/www.amatimmobiliaris.com\/w\/#website","url":"https:\/\/www.amatimmobiliaris.com\/w\/","name":"Amat Immobiliaris","description":"Empresa familiar del sector inmobiliario con oficinas en Barcelona, Sant Cugat del Vall\u00e9s y Sant Just Desvern. Te ayudamos a comprar, alquilar o vender tu casa o piso. Somos un equipo coherente con una cultura de empresa honesta, innovadora y eficaz. Tambi\u00e9n en www.amatluxury.com","publisher":{"@id":"https:\/\/www.amatimmobiliaris.com\/w\/#organization"},"alternateName":"AmatImmo","potentialAction":[{"@type":"SearchAction","target":{"@type":"EntryPoint","urlTemplate":"https:\/\/www.amatimmobiliaris.com\/w\/?s={search_term_string}"},"query-input":{"@type":"PropertyValueSpecification","valueRequired":true,"valueName":"search_term_string"}}],"inLanguage":"es"},{"@type":"Organization","@id":"https:\/\/www.amatimmobiliaris.com\/w\/#organization","name":"Amat Immobiliaris","url":"https:\/\/www.amatimmobiliaris.com\/w\/","logo":{"@type":"ImageObject","inLanguage":"es","@id":"https:\/\/www.amatimmobiliaris.com\/w\/#\/schema\/logo\/image\/","url":"https:\/\/www.amatimmobiliaris.com\/w\/wp-content\/uploads\/2022\/10\/amat-logo.jpg","contentUrl":"https:\/\/www.amatimmobiliaris.com\/w\/wp-content\/uploads\/2022\/10\/amat-logo.jpg","width":900,"height":900,"caption":"Amat Immobiliaris"},"image":{"@id":"https:\/\/www.amatimmobiliaris.com\/w\/#\/schema\/logo\/image\/"},"sameAs":["https:\/\/www.facebook.com\/amatimmobiliaris","https:\/\/x.com\/amat_cat","https:\/\/www.instagram.com\/amat_immo\/","https:\/\/www.linkedin.com\/company\/amat-finques\/","https:\/\/www.youtube.com\/@amatimmobiliaris"]},{"@type":"Person","@id":"https:\/\/www.amatimmobiliaris.com\/w\/#\/schema\/person\/c880da71d1e156e7ea6774ffb445e034","name":"Amat Immobiliaris","sameAs":["http:\/\/amat-inmo-wp.localhost"]}]}},"_links":{"self":[{"href":"https:\/\/www.amatimmobiliaris.com\/w\/wp-json\/wp\/v2\/posts\/12263"}],"collection":[{"href":"https:\/\/www.amatimmobiliaris.com\/w\/wp-json\/wp\/v2\/posts"}],"about":[{"href":"https:\/\/www.amatimmobiliaris.com\/w\/wp-json\/wp\/v2\/types\/post"}],"author":[{"embeddable":true,"href":"https:\/\/www.amatimmobiliaris.com\/w\/wp-json\/wp\/v2\/users\/1"}],"replies":[{"embeddable":true,"href":"https:\/\/www.amatimmobiliaris.com\/w\/wp-json\/wp\/v2\/comments?post=12263"}],"version-history":[{"count":3,"href":"https:\/\/www.amatimmobiliaris.com\/w\/wp-json\/wp\/v2\/posts\/12263\/revisions"}],"predecessor-version":[{"id":25869,"href":"https:\/\/www.amatimmobiliaris.com\/w\/wp-json\/wp\/v2\/posts\/12263\/revisions\/25869"}],"wp:attachment":[{"href":"https:\/\/www.amatimmobiliaris.com\/w\/wp-json\/wp\/v2\/media?parent=12263"}],"wp:term":[{"taxonomy":"category","embeddable":true,"href":"https:\/\/www.amatimmobiliaris.com\/w\/wp-json\/wp\/v2\/categories?post=12263"},{"taxonomy":"post_tag","embeddable":true,"href":"https:\/\/www.amatimmobiliaris.com\/w\/wp-json\/wp\/v2\/tags?post=12263"}],"curies":[{"name":"wp","href":"https:\/\/api.w.org\/{rel}","templated":true}]}}