{"id":12251,"date":"2013-03-27T13:53:19","date_gmt":"2013-03-27T13:53:19","guid":{"rendered":"http:\/\/amat-inmo-wp.localhost\/2013\/03\/27\/responsabilitat-de-laquitecte\/"},"modified":"2023-05-19T08:21:34","modified_gmt":"2023-05-19T08:21:34","slug":"responsabilidad-del-aquitecto","status":"publish","type":"post","link":"https:\/\/www.amatimmobiliaris.com\/w\/2013\/03\/responsabilidad-del-aquitecto\/","title":{"rendered":"Responsabilidad del aquitecto"},"content":{"rendered":"<p>Hay muchas sentencias que reconocen la responsabilidad del arquitecto en la mala ejecuci\u00f3n de la obra, considerando que en el <strong>arquitecto<\/strong> recae la <strong>responsabilidad de la idea de la obra, <\/strong>la planificaci\u00f3n y la inspecci\u00f3n.<\/p>\n<p>Tambi\u00e9n dicen las sentencias que el arquitecto responde de los vicios de la direcci\u00f3n, le corresponde inspeccionar y controlar si la obra se ejecuta de acuerdo con el proyecto por \u00e9l elaborado y, en caso de no ser as\u00ed, tiene la obligaci\u00f3n de tomar las medidas adecuadas.<\/p>\n<p>Es cierto que es el arquitecto t\u00e9cnico quien tiene m\u00e1s informaci\u00f3n del d\u00eda a d\u00eda de la obra, puesto que su misi\u00f3n espec\u00edfica es controlar medidas, materiales instalados, detalles de acabados, etc. Pero esto no quita que el arquitecto tenga tambi\u00e9n su responsabilidad en tanto que es alto inspector de la obra y vigilante general de todo el <strong>proceso de construcci\u00f3n<\/strong>.<\/p>\n","protected":false},"excerpt":{"rendered":"<p>Hay muchas sentencias que reconocen la responsabilidad del arquitecto en la mala ejecuci\u00f3n de la obra, considerando que en el arquitecto recae la responsabilidad de la idea de la obra, la planificaci\u00f3n y la inspecci\u00f3n. Tambi\u00e9n dicen las sentencias que el arquitecto responde de los vicios de la direcci\u00f3n, le corresponde inspeccionar y controlar si [&hellip;]<\/p>\n","protected":false},"author":1,"featured_media":0,"comment_status":"closed","ping_status":"closed","sticky":false,"template":"","format":"standard","meta":{"content-type":"","footnotes":""},"categories":[745],"tags":[1739,1742],"yoast_head":"<!-- This site is optimized with the Yoast SEO plugin v23.9 - https:\/\/yoast.com\/wordpress\/plugins\/seo\/ -->\n<title>Responsabilidad del aquitecto | Amat Immobiliaris<\/title>\n<meta name=\"description\" content=\"Existen muchas sentencias que reconocen la responsabilidad del arquitecto en la mala ejecuci\u00f3n de la obra. \u00a1Te lo explicamos!\" \/>\n<meta name=\"robots\" content=\"index, nofollow, max-snippet:-1, max-image-preview:large, max-video-preview:-1\" \/>\n<link rel=\"canonical\" href=\"https:\/\/www.amatimmobiliaris.com\/w\/2013\/03\/responsabilidad-del-aquitecto\/\" \/>\n<meta property=\"og:locale\" content=\"es_ES\" \/>\n<meta property=\"og:type\" content=\"article\" \/>\n<meta property=\"og:title\" content=\"Responsabilidad del aquitecto | Amat Immobiliaris\" \/>\n<meta property=\"og:description\" content=\"Existen muchas sentencias que reconocen la responsabilidad del arquitecto en la mala ejecuci\u00f3n de la obra. \u00a1Te lo explicamos!\" \/>\n<meta property=\"og:url\" content=\"https:\/\/www.amatimmobiliaris.com\/w\/2013\/03\/responsabilidad-del-aquitecto\/\" \/>\n<meta property=\"og:site_name\" content=\"Amat Immobiliaris\" \/>\n<meta property=\"article:publisher\" content=\"https:\/\/www.facebook.com\/amatimmobiliaris\" \/>\n<meta property=\"article:published_time\" content=\"2013-03-27T13:53:19+00:00\" \/>\n<meta property=\"article:modified_time\" content=\"2023-05-19T08:21:34+00:00\" \/>\n<meta property=\"og:image\" content=\"https:\/\/www.amatimmobiliaris.com\/w\/wp-content\/uploads\/2022\/01\/2014-Saga-familiar-Amat-dw-1-1024x683.jpg\" \/>\n\t<meta property=\"og:image:width\" content=\"1024\" \/>\n\t<meta property=\"og:image:height\" content=\"683\" \/>\n\t<meta property=\"og:image:type\" content=\"image\/jpeg\" \/>\n<meta name=\"author\" content=\"Amat Immobiliaris\" \/>\n<meta name=\"twitter:card\" content=\"summary_large_image\" \/>\n<meta name=\"twitter:creator\" content=\"@amat_cat\" \/>\n<meta name=\"twitter:site\" content=\"@amat_cat\" \/>\n<meta name=\"twitter:label1\" content=\"Escrito por\" \/>\n\t<meta name=\"twitter:data1\" content=\"Amat Immobiliaris\" \/>\n\t<meta name=\"twitter:label2\" content=\"Tiempo de lectura\" \/>\n\t<meta name=\"twitter:data2\" content=\"1 minuto\" \/>\n<script type=\"application\/ld+json\" class=\"yoast-schema-graph\">{\"@context\":\"https:\/\/schema.org\",\"@graph\":[{\"@type\":\"Article\",\"@id\":\"https:\/\/www.amatimmobiliaris.com\/w\/2013\/03\/responsabilidad-del-aquitecto\/#article\",\"isPartOf\":{\"@id\":\"https:\/\/www.amatimmobiliaris.com\/w\/2013\/03\/responsabilidad-del-aquitecto\/\"},\"author\":{\"name\":\"Amat Immobiliaris\",\"@id\":\"https:\/\/www.amatimmobiliaris.com\/w\/#\/schema\/person\/c880da71d1e156e7ea6774ffb445e034\"},\"headline\":\"Responsabilidad del aquitecto\",\"datePublished\":\"2013-03-27T13:53:19+00:00\",\"dateModified\":\"2023-05-19T08:21:34+00:00\",\"mainEntityOfPage\":{\"@id\":\"https:\/\/www.amatimmobiliaris.com\/w\/2013\/03\/responsabilidad-del-aquitecto\/\"},\"wordCount\":161,\"publisher\":{\"@id\":\"https:\/\/www.amatimmobiliaris.com\/w\/#organization\"},\"keywords\":[\"Arquitecto\",\"Arquitectura\"],\"articleSection\":[\"El usuario pregunta\"],\"inLanguage\":\"es\"},{\"@type\":\"WebPage\",\"@id\":\"https:\/\/www.amatimmobiliaris.com\/w\/2013\/03\/responsabilidad-del-aquitecto\/\",\"url\":\"https:\/\/www.amatimmobiliaris.com\/w\/2013\/03\/responsabilidad-del-aquitecto\/\",\"name\":\"Responsabilidad del aquitecto | Amat Immobiliaris\",\"isPartOf\":{\"@id\":\"https:\/\/www.amatimmobiliaris.com\/w\/#website\"},\"datePublished\":\"2013-03-27T13:53:19+00:00\",\"dateModified\":\"2023-05-19T08:21:34+00:00\",\"description\":\"Existen muchas sentencias que reconocen la responsabilidad del arquitecto en la mala ejecuci\u00f3n de la obra. \u00a1Te lo explicamos!\",\"breadcrumb\":{\"@id\":\"https:\/\/www.amatimmobiliaris.com\/w\/2013\/03\/responsabilidad-del-aquitecto\/#breadcrumb\"},\"inLanguage\":\"es\",\"potentialAction\":[{\"@type\":\"ReadAction\",\"target\":[\"https:\/\/www.amatimmobiliaris.com\/w\/2013\/03\/responsabilidad-del-aquitecto\/\"]}]},{\"@type\":\"BreadcrumbList\",\"@id\":\"https:\/\/www.amatimmobiliaris.com\/w\/2013\/03\/responsabilidad-del-aquitecto\/#breadcrumb\",\"itemListElement\":[{\"@type\":\"ListItem\",\"position\":1,\"name\":\"Home\",\"item\":\"https:\/\/www.amatimmobiliaris.com\/w\/\"},{\"@type\":\"ListItem\",\"position\":2,\"name\":\"Consejos\",\"item\":\"https:\/\/www.amatimmobiliaris.com\/w\/category\/consejos\/\"},{\"@type\":\"ListItem\",\"position\":3,\"name\":\"El usuario pregunta\",\"item\":\"https:\/\/www.amatimmobiliaris.com\/w\/category\/consejos\/el-usuario-pregunta\/\"},{\"@type\":\"ListItem\",\"position\":4,\"name\":\"Responsabilidad del aquitecto\"}]},{\"@type\":\"WebSite\",\"@id\":\"https:\/\/www.amatimmobiliaris.com\/w\/#website\",\"url\":\"https:\/\/www.amatimmobiliaris.com\/w\/\",\"name\":\"Amat Immobiliaris\",\"description\":\"Empresa familiar del sector inmobiliario con oficinas en Barcelona, Sant Cugat del Vall\u00e9s y Sant Just Desvern. Te ayudamos a comprar, alquilar o vender tu casa o piso. Somos un equipo coherente con una cultura de empresa honesta, innovadora y eficaz. Tambi\u00e9n en www.amatluxury.com\",\"publisher\":{\"@id\":\"https:\/\/www.amatimmobiliaris.com\/w\/#organization\"},\"alternateName\":\"AmatImmo\",\"potentialAction\":[{\"@type\":\"SearchAction\",\"target\":{\"@type\":\"EntryPoint\",\"urlTemplate\":\"https:\/\/www.amatimmobiliaris.com\/w\/?s={search_term_string}\"},\"query-input\":{\"@type\":\"PropertyValueSpecification\",\"valueRequired\":true,\"valueName\":\"search_term_string\"}}],\"inLanguage\":\"es\"},{\"@type\":\"Organization\",\"@id\":\"https:\/\/www.amatimmobiliaris.com\/w\/#organization\",\"name\":\"Amat Immobiliaris\",\"url\":\"https:\/\/www.amatimmobiliaris.com\/w\/\",\"logo\":{\"@type\":\"ImageObject\",\"inLanguage\":\"es\",\"@id\":\"https:\/\/www.amatimmobiliaris.com\/w\/#\/schema\/logo\/image\/\",\"url\":\"https:\/\/www.amatimmobiliaris.com\/w\/wp-content\/uploads\/2022\/10\/amat-logo.jpg\",\"contentUrl\":\"https:\/\/www.amatimmobiliaris.com\/w\/wp-content\/uploads\/2022\/10\/amat-logo.jpg\",\"width\":900,\"height\":900,\"caption\":\"Amat Immobiliaris\"},\"image\":{\"@id\":\"https:\/\/www.amatimmobiliaris.com\/w\/#\/schema\/logo\/image\/\"},\"sameAs\":[\"https:\/\/www.facebook.com\/amatimmobiliaris\",\"https:\/\/x.com\/amat_cat\",\"https:\/\/www.instagram.com\/amat_immo\/\",\"https:\/\/www.linkedin.com\/company\/amat-finques\/\",\"https:\/\/www.youtube.com\/@amatimmobiliaris\"]},{\"@type\":\"Person\",\"@id\":\"https:\/\/www.amatimmobiliaris.com\/w\/#\/schema\/person\/c880da71d1e156e7ea6774ffb445e034\",\"name\":\"Amat Immobiliaris\",\"sameAs\":[\"http:\/\/amat-inmo-wp.localhost\"]}]}<\/script>\n<!-- \/ Yoast SEO plugin. -->","yoast_head_json":{"title":"Responsabilidad del aquitecto | Amat Immobiliaris","description":"Existen muchas sentencias que reconocen la responsabilidad del arquitecto en la mala ejecuci\u00f3n de la obra. \u00a1Te lo explicamos!","robots":{"index":"index","follow":"nofollow","max-snippet":"max-snippet:-1","max-image-preview":"max-image-preview:large","max-video-preview":"max-video-preview:-1"},"canonical":"https:\/\/www.amatimmobiliaris.com\/w\/2013\/03\/responsabilidad-del-aquitecto\/","og_locale":"es_ES","og_type":"article","og_title":"Responsabilidad del aquitecto | Amat Immobiliaris","og_description":"Existen muchas sentencias que reconocen la responsabilidad del arquitecto en la mala ejecuci\u00f3n de la obra. \u00a1Te lo explicamos!","og_url":"https:\/\/www.amatimmobiliaris.com\/w\/2013\/03\/responsabilidad-del-aquitecto\/","og_site_name":"Amat Immobiliaris","article_publisher":"https:\/\/www.facebook.com\/amatimmobiliaris","article_published_time":"2013-03-27T13:53:19+00:00","article_modified_time":"2023-05-19T08:21:34+00:00","og_image":[{"width":1024,"height":683,"url":"https:\/\/www.amatimmobiliaris.com\/w\/wp-content\/uploads\/2022\/01\/2014-Saga-familiar-Amat-dw-1-1024x683.jpg","type":"image\/jpeg"}],"author":"Amat Immobiliaris","twitter_card":"summary_large_image","twitter_creator":"@amat_cat","twitter_site":"@amat_cat","twitter_misc":{"Escrito por":"Amat Immobiliaris","Tiempo de lectura":"1 minuto"},"schema":{"@context":"https:\/\/schema.org","@graph":[{"@type":"Article","@id":"https:\/\/www.amatimmobiliaris.com\/w\/2013\/03\/responsabilidad-del-aquitecto\/#article","isPartOf":{"@id":"https:\/\/www.amatimmobiliaris.com\/w\/2013\/03\/responsabilidad-del-aquitecto\/"},"author":{"name":"Amat Immobiliaris","@id":"https:\/\/www.amatimmobiliaris.com\/w\/#\/schema\/person\/c880da71d1e156e7ea6774ffb445e034"},"headline":"Responsabilidad del aquitecto","datePublished":"2013-03-27T13:53:19+00:00","dateModified":"2023-05-19T08:21:34+00:00","mainEntityOfPage":{"@id":"https:\/\/www.amatimmobiliaris.com\/w\/2013\/03\/responsabilidad-del-aquitecto\/"},"wordCount":161,"publisher":{"@id":"https:\/\/www.amatimmobiliaris.com\/w\/#organization"},"keywords":["Arquitecto","Arquitectura"],"articleSection":["El usuario pregunta"],"inLanguage":"es"},{"@type":"WebPage","@id":"https:\/\/www.amatimmobiliaris.com\/w\/2013\/03\/responsabilidad-del-aquitecto\/","url":"https:\/\/www.amatimmobiliaris.com\/w\/2013\/03\/responsabilidad-del-aquitecto\/","name":"Responsabilidad del aquitecto | Amat Immobiliaris","isPartOf":{"@id":"https:\/\/www.amatimmobiliaris.com\/w\/#website"},"datePublished":"2013-03-27T13:53:19+00:00","dateModified":"2023-05-19T08:21:34+00:00","description":"Existen muchas sentencias que reconocen la responsabilidad del arquitecto en la mala ejecuci\u00f3n de la obra. \u00a1Te lo explicamos!","breadcrumb":{"@id":"https:\/\/www.amatimmobiliaris.com\/w\/2013\/03\/responsabilidad-del-aquitecto\/#breadcrumb"},"inLanguage":"es","potentialAction":[{"@type":"ReadAction","target":["https:\/\/www.amatimmobiliaris.com\/w\/2013\/03\/responsabilidad-del-aquitecto\/"]}]},{"@type":"BreadcrumbList","@id":"https:\/\/www.amatimmobiliaris.com\/w\/2013\/03\/responsabilidad-del-aquitecto\/#breadcrumb","itemListElement":[{"@type":"ListItem","position":1,"name":"Home","item":"https:\/\/www.amatimmobiliaris.com\/w\/"},{"@type":"ListItem","position":2,"name":"Consejos","item":"https:\/\/www.amatimmobiliaris.com\/w\/category\/consejos\/"},{"@type":"ListItem","position":3,"name":"El usuario pregunta","item":"https:\/\/www.amatimmobiliaris.com\/w\/category\/consejos\/el-usuario-pregunta\/"},{"@type":"ListItem","position":4,"name":"Responsabilidad del aquitecto"}]},{"@type":"WebSite","@id":"https:\/\/www.amatimmobiliaris.com\/w\/#website","url":"https:\/\/www.amatimmobiliaris.com\/w\/","name":"Amat Immobiliaris","description":"Empresa familiar del sector inmobiliario con oficinas en Barcelona, Sant Cugat del Vall\u00e9s y Sant Just Desvern. Te ayudamos a comprar, alquilar o vender tu casa o piso. Somos un equipo coherente con una cultura de empresa honesta, innovadora y eficaz. Tambi\u00e9n en www.amatluxury.com","publisher":{"@id":"https:\/\/www.amatimmobiliaris.com\/w\/#organization"},"alternateName":"AmatImmo","potentialAction":[{"@type":"SearchAction","target":{"@type":"EntryPoint","urlTemplate":"https:\/\/www.amatimmobiliaris.com\/w\/?s={search_term_string}"},"query-input":{"@type":"PropertyValueSpecification","valueRequired":true,"valueName":"search_term_string"}}],"inLanguage":"es"},{"@type":"Organization","@id":"https:\/\/www.amatimmobiliaris.com\/w\/#organization","name":"Amat Immobiliaris","url":"https:\/\/www.amatimmobiliaris.com\/w\/","logo":{"@type":"ImageObject","inLanguage":"es","@id":"https:\/\/www.amatimmobiliaris.com\/w\/#\/schema\/logo\/image\/","url":"https:\/\/www.amatimmobiliaris.com\/w\/wp-content\/uploads\/2022\/10\/amat-logo.jpg","contentUrl":"https:\/\/www.amatimmobiliaris.com\/w\/wp-content\/uploads\/2022\/10\/amat-logo.jpg","width":900,"height":900,"caption":"Amat Immobiliaris"},"image":{"@id":"https:\/\/www.amatimmobiliaris.com\/w\/#\/schema\/logo\/image\/"},"sameAs":["https:\/\/www.facebook.com\/amatimmobiliaris","https:\/\/x.com\/amat_cat","https:\/\/www.instagram.com\/amat_immo\/","https:\/\/www.linkedin.com\/company\/amat-finques\/","https:\/\/www.youtube.com\/@amatimmobiliaris"]},{"@type":"Person","@id":"https:\/\/www.amatimmobiliaris.com\/w\/#\/schema\/person\/c880da71d1e156e7ea6774ffb445e034","name":"Amat Immobiliaris","sameAs":["http:\/\/amat-inmo-wp.localhost"]}]}},"_links":{"self":[{"href":"https:\/\/www.amatimmobiliaris.com\/w\/wp-json\/wp\/v2\/posts\/12251"}],"collection":[{"href":"https:\/\/www.amatimmobiliaris.com\/w\/wp-json\/wp\/v2\/posts"}],"about":[{"href":"https:\/\/www.amatimmobiliaris.com\/w\/wp-json\/wp\/v2\/types\/post"}],"author":[{"embeddable":true,"href":"https:\/\/www.amatimmobiliaris.com\/w\/wp-json\/wp\/v2\/users\/1"}],"replies":[{"embeddable":true,"href":"https:\/\/www.amatimmobiliaris.com\/w\/wp-json\/wp\/v2\/comments?post=12251"}],"version-history":[{"count":3,"href":"https:\/\/www.amatimmobiliaris.com\/w\/wp-json\/wp\/v2\/posts\/12251\/revisions"}],"predecessor-version":[{"id":25599,"href":"https:\/\/www.amatimmobiliaris.com\/w\/wp-json\/wp\/v2\/posts\/12251\/revisions\/25599"}],"wp:attachment":[{"href":"https:\/\/www.amatimmobiliaris.com\/w\/wp-json\/wp\/v2\/media?parent=12251"}],"wp:term":[{"taxonomy":"category","embeddable":true,"href":"https:\/\/www.amatimmobiliaris.com\/w\/wp-json\/wp\/v2\/categories?post=12251"},{"taxonomy":"post_tag","embeddable":true,"href":"https:\/\/www.amatimmobiliaris.com\/w\/wp-json\/wp\/v2\/tags?post=12251"}],"curies":[{"name":"wp","href":"https:\/\/api.w.org\/{rel}","templated":true}]}}