{"id":12240,"date":"2013-02-15T11:54:33","date_gmt":"2013-02-15T11:54:33","guid":{"rendered":"http:\/\/amat-inmo-wp.localhost\/2013\/02\/15\/arrels-fundacio\/"},"modified":"2023-05-11T09:02:45","modified_gmt":"2023-05-11T09:02:45","slug":"fundacion-arrels","status":"publish","type":"post","link":"https:\/\/www.amatimmobiliaris.com\/w\/2013\/02\/fundacion-arrels\/","title":{"rendered":"Fundaci\u00f3n Arrels"},"content":{"rendered":"<p>Como bien unos comentamos cuando os presentamos el <a href=\"https:\/\/www.amatimmobiliaris.com\/w\/2012\/12\/propositos-solidarios-para-este-2013\/\" target=\"_blank\" rel=\"noopener\">Calendario 2013<\/a>, este a\u00f1o lo hemos dedicado a 12 fundaciones solidarias. Por su labor social y por hacer reflejo de ellas en nuestro calendario, queremos hacerles menci\u00f3n de cada una de ellas mes a mes para acercarlas y as\u00ed conocerlas \ud83d\ude42<\/p>\n<p>As\u00ed que, empezamos con la primera:<\/p>\n<p><a href=\"https:\/\/www.arrelsfundacio.org\/\" target=\"_blank\" rel=\"noopener\"><strong>Fundaci\u00f3n Arrels<\/strong> <\/a>es una <strong>entidad<\/strong> que trabaja desde 1987 en la ciudad de <strong>Barcelona<\/strong> a favor de las personas que malviven en la calle. Desde entonces ha atendido a m\u00e1s de 7.000 personas.<\/p>\n<p>Trabajamos d\u00eda a d\u00eda para conseguir que las personas sin hogar alcancen el mayor nivel de autonom\u00eda posible. Tambi\u00e9n queremos dar a conocer entre los ciudadanos la situaci\u00f3n en la que se encuentra este colectivo y no renunciamos a denunciar situaciones injustas y aportar propuestas que tiendan a paliar o erradicar las causas que generan pobreza y exclusi\u00f3n social.<\/p>\n","protected":false},"excerpt":{"rendered":"<p>Como bien unos comentamos cuando os presentamos el Calendario 2013, este a\u00f1o lo hemos dedicado a 12 fundaciones solidarias. Por su labor social y por hacer reflejo de ellas en nuestro calendario, queremos hacerles menci\u00f3n de cada una de ellas mes a mes para acercarlas y as\u00ed conocerlas \ud83d\ude42 As\u00ed que, empezamos con la primera: [&hellip;]<\/p>\n","protected":false},"author":1,"featured_media":0,"comment_status":"closed","ping_status":"closed","sticky":false,"template":"","format":"standard","meta":{"content-type":"","footnotes":""},"categories":[741],"tags":[1097,1649,1740,1815],"yoast_head":"<!-- This site is optimized with the Yoast SEO plugin v23.9 - https:\/\/yoast.com\/wordpress\/plugins\/seo\/ -->\n<title>Fundaci\u00f3n Arrels | Amat Immobiliaris<\/title>\n<meta name=\"description\" content=\"Fundaci\u00f3n Arrels es una entidad que trabaja desde 1987 en la ciudad de Barcelona a favor de las personas que malviven en la calle.\" \/>\n<meta name=\"robots\" content=\"index, follow, max-snippet:-1, max-image-preview:large, max-video-preview:-1\" \/>\n<link rel=\"canonical\" href=\"https:\/\/www.amatimmobiliaris.com\/w\/2013\/02\/fundacion-arrels\/\" \/>\n<meta property=\"og:locale\" content=\"es_ES\" \/>\n<meta property=\"og:type\" content=\"article\" \/>\n<meta property=\"og:title\" content=\"Fundaci\u00f3n Arrels | Amat Immobiliaris\" \/>\n<meta property=\"og:description\" content=\"Fundaci\u00f3n Arrels es una entidad que trabaja desde 1987 en la ciudad de Barcelona a favor de las personas que malviven en la calle.\" \/>\n<meta property=\"og:url\" content=\"https:\/\/www.amatimmobiliaris.com\/w\/2013\/02\/fundacion-arrels\/\" \/>\n<meta property=\"og:site_name\" content=\"Amat Immobiliaris\" \/>\n<meta property=\"article:publisher\" content=\"https:\/\/www.facebook.com\/amatimmobiliaris\" \/>\n<meta property=\"article:published_time\" content=\"2013-02-15T11:54:33+00:00\" \/>\n<meta property=\"article:modified_time\" content=\"2023-05-11T09:02:45+00:00\" \/>\n<meta property=\"og:image\" content=\"https:\/\/www.amatimmobiliaris.com\/w\/wp-content\/uploads\/2022\/01\/2014-Saga-familiar-Amat-dw-1-1024x683.jpg\" \/>\n\t<meta property=\"og:image:width\" content=\"1024\" \/>\n\t<meta property=\"og:image:height\" content=\"683\" \/>\n\t<meta property=\"og:image:type\" content=\"image\/jpeg\" \/>\n<meta name=\"author\" content=\"Amat Immobiliaris\" \/>\n<meta name=\"twitter:card\" content=\"summary_large_image\" \/>\n<meta name=\"twitter:creator\" content=\"@amat_cat\" \/>\n<meta name=\"twitter:site\" content=\"@amat_cat\" \/>\n<meta name=\"twitter:label1\" content=\"Escrito por\" \/>\n\t<meta name=\"twitter:data1\" content=\"Amat Immobiliaris\" \/>\n\t<meta name=\"twitter:label2\" content=\"Tiempo de lectura\" \/>\n\t<meta name=\"twitter:data2\" content=\"1 minuto\" \/>\n<script type=\"application\/ld+json\" class=\"yoast-schema-graph\">{\"@context\":\"https:\/\/schema.org\",\"@graph\":[{\"@type\":\"Article\",\"@id\":\"https:\/\/www.amatimmobiliaris.com\/w\/2013\/02\/fundacion-arrels\/#article\",\"isPartOf\":{\"@id\":\"https:\/\/www.amatimmobiliaris.com\/w\/2013\/02\/fundacion-arrels\/\"},\"author\":{\"name\":\"Amat Immobiliaris\",\"@id\":\"https:\/\/www.amatimmobiliaris.com\/w\/#\/schema\/person\/c880da71d1e156e7ea6774ffb445e034\"},\"headline\":\"Fundaci\u00f3n Arrels\",\"datePublished\":\"2013-02-15T11:54:33+00:00\",\"dateModified\":\"2023-05-11T09:02:45+00:00\",\"mainEntityOfPage\":{\"@id\":\"https:\/\/www.amatimmobiliaris.com\/w\/2013\/02\/fundacion-arrels\/\"},\"wordCount\":155,\"publisher\":{\"@id\":\"https:\/\/www.amatimmobiliaris.com\/w\/#organization\"},\"keywords\":[\"Barcelona\",\"Fundaci\u00f3n\",\"Fundaci\u00f3n Arrels\",\"Prop\u00f3sito\"],\"articleSection\":[\"El mundo Amat\"],\"inLanguage\":\"es\"},{\"@type\":\"WebPage\",\"@id\":\"https:\/\/www.amatimmobiliaris.com\/w\/2013\/02\/fundacion-arrels\/\",\"url\":\"https:\/\/www.amatimmobiliaris.com\/w\/2013\/02\/fundacion-arrels\/\",\"name\":\"Fundaci\u00f3n Arrels | Amat Immobiliaris\",\"isPartOf\":{\"@id\":\"https:\/\/www.amatimmobiliaris.com\/w\/#website\"},\"datePublished\":\"2013-02-15T11:54:33+00:00\",\"dateModified\":\"2023-05-11T09:02:45+00:00\",\"description\":\"Fundaci\u00f3n Arrels es una entidad que trabaja desde 1987 en la ciudad de Barcelona a favor de las personas que malviven en la calle.\",\"breadcrumb\":{\"@id\":\"https:\/\/www.amatimmobiliaris.com\/w\/2013\/02\/fundacion-arrels\/#breadcrumb\"},\"inLanguage\":\"es\",\"potentialAction\":[{\"@type\":\"ReadAction\",\"target\":[\"https:\/\/www.amatimmobiliaris.com\/w\/2013\/02\/fundacion-arrels\/\"]}]},{\"@type\":\"BreadcrumbList\",\"@id\":\"https:\/\/www.amatimmobiliaris.com\/w\/2013\/02\/fundacion-arrels\/#breadcrumb\",\"itemListElement\":[{\"@type\":\"ListItem\",\"position\":1,\"name\":\"Home\",\"item\":\"https:\/\/www.amatimmobiliaris.com\/w\/\"},{\"@type\":\"ListItem\",\"position\":2,\"name\":\"El mundo Amat\",\"item\":\"https:\/\/www.amatimmobiliaris.com\/w\/category\/el-mundo-amat\/\"},{\"@type\":\"ListItem\",\"position\":3,\"name\":\"Fundaci\u00f3n Arrels\"}]},{\"@type\":\"WebSite\",\"@id\":\"https:\/\/www.amatimmobiliaris.com\/w\/#website\",\"url\":\"https:\/\/www.amatimmobiliaris.com\/w\/\",\"name\":\"Amat Immobiliaris\",\"description\":\"Empresa familiar del sector inmobiliario con oficinas en Barcelona, Sant Cugat del Vall\u00e9s y Sant Just Desvern. Te ayudamos a comprar, alquilar o vender tu casa o piso. Somos un equipo coherente con una cultura de empresa honesta, innovadora y eficaz. Tambi\u00e9n en www.amatluxury.com\",\"publisher\":{\"@id\":\"https:\/\/www.amatimmobiliaris.com\/w\/#organization\"},\"alternateName\":\"AmatImmo\",\"potentialAction\":[{\"@type\":\"SearchAction\",\"target\":{\"@type\":\"EntryPoint\",\"urlTemplate\":\"https:\/\/www.amatimmobiliaris.com\/w\/?s={search_term_string}\"},\"query-input\":{\"@type\":\"PropertyValueSpecification\",\"valueRequired\":true,\"valueName\":\"search_term_string\"}}],\"inLanguage\":\"es\"},{\"@type\":\"Organization\",\"@id\":\"https:\/\/www.amatimmobiliaris.com\/w\/#organization\",\"name\":\"Amat Immobiliaris\",\"url\":\"https:\/\/www.amatimmobiliaris.com\/w\/\",\"logo\":{\"@type\":\"ImageObject\",\"inLanguage\":\"es\",\"@id\":\"https:\/\/www.amatimmobiliaris.com\/w\/#\/schema\/logo\/image\/\",\"url\":\"https:\/\/www.amatimmobiliaris.com\/w\/wp-content\/uploads\/2022\/10\/amat-logo.jpg\",\"contentUrl\":\"https:\/\/www.amatimmobiliaris.com\/w\/wp-content\/uploads\/2022\/10\/amat-logo.jpg\",\"width\":900,\"height\":900,\"caption\":\"Amat Immobiliaris\"},\"image\":{\"@id\":\"https:\/\/www.amatimmobiliaris.com\/w\/#\/schema\/logo\/image\/\"},\"sameAs\":[\"https:\/\/www.facebook.com\/amatimmobiliaris\",\"https:\/\/x.com\/amat_cat\",\"https:\/\/www.instagram.com\/amat_immo\/\",\"https:\/\/www.linkedin.com\/company\/amat-finques\/\",\"https:\/\/www.youtube.com\/@amatimmobiliaris\"]},{\"@type\":\"Person\",\"@id\":\"https:\/\/www.amatimmobiliaris.com\/w\/#\/schema\/person\/c880da71d1e156e7ea6774ffb445e034\",\"name\":\"Amat Immobiliaris\",\"sameAs\":[\"http:\/\/amat-inmo-wp.localhost\"]}]}<\/script>\n<!-- \/ Yoast SEO plugin. -->","yoast_head_json":{"title":"Fundaci\u00f3n Arrels | Amat Immobiliaris","description":"Fundaci\u00f3n Arrels es una entidad que trabaja desde 1987 en la ciudad de Barcelona a favor de las personas que malviven en la calle.","robots":{"index":"index","follow":"follow","max-snippet":"max-snippet:-1","max-image-preview":"max-image-preview:large","max-video-preview":"max-video-preview:-1"},"canonical":"https:\/\/www.amatimmobiliaris.com\/w\/2013\/02\/fundacion-arrels\/","og_locale":"es_ES","og_type":"article","og_title":"Fundaci\u00f3n Arrels | Amat Immobiliaris","og_description":"Fundaci\u00f3n Arrels es una entidad que trabaja desde 1987 en la ciudad de Barcelona a favor de las personas que malviven en la calle.","og_url":"https:\/\/www.amatimmobiliaris.com\/w\/2013\/02\/fundacion-arrels\/","og_site_name":"Amat Immobiliaris","article_publisher":"https:\/\/www.facebook.com\/amatimmobiliaris","article_published_time":"2013-02-15T11:54:33+00:00","article_modified_time":"2023-05-11T09:02:45+00:00","og_image":[{"width":1024,"height":683,"url":"https:\/\/www.amatimmobiliaris.com\/w\/wp-content\/uploads\/2022\/01\/2014-Saga-familiar-Amat-dw-1-1024x683.jpg","type":"image\/jpeg"}],"author":"Amat Immobiliaris","twitter_card":"summary_large_image","twitter_creator":"@amat_cat","twitter_site":"@amat_cat","twitter_misc":{"Escrito por":"Amat Immobiliaris","Tiempo de lectura":"1 minuto"},"schema":{"@context":"https:\/\/schema.org","@graph":[{"@type":"Article","@id":"https:\/\/www.amatimmobiliaris.com\/w\/2013\/02\/fundacion-arrels\/#article","isPartOf":{"@id":"https:\/\/www.amatimmobiliaris.com\/w\/2013\/02\/fundacion-arrels\/"},"author":{"name":"Amat Immobiliaris","@id":"https:\/\/www.amatimmobiliaris.com\/w\/#\/schema\/person\/c880da71d1e156e7ea6774ffb445e034"},"headline":"Fundaci\u00f3n Arrels","datePublished":"2013-02-15T11:54:33+00:00","dateModified":"2023-05-11T09:02:45+00:00","mainEntityOfPage":{"@id":"https:\/\/www.amatimmobiliaris.com\/w\/2013\/02\/fundacion-arrels\/"},"wordCount":155,"publisher":{"@id":"https:\/\/www.amatimmobiliaris.com\/w\/#organization"},"keywords":["Barcelona","Fundaci\u00f3n","Fundaci\u00f3n Arrels","Prop\u00f3sito"],"articleSection":["El mundo Amat"],"inLanguage":"es"},{"@type":"WebPage","@id":"https:\/\/www.amatimmobiliaris.com\/w\/2013\/02\/fundacion-arrels\/","url":"https:\/\/www.amatimmobiliaris.com\/w\/2013\/02\/fundacion-arrels\/","name":"Fundaci\u00f3n Arrels | Amat Immobiliaris","isPartOf":{"@id":"https:\/\/www.amatimmobiliaris.com\/w\/#website"},"datePublished":"2013-02-15T11:54:33+00:00","dateModified":"2023-05-11T09:02:45+00:00","description":"Fundaci\u00f3n Arrels es una entidad que trabaja desde 1987 en la ciudad de Barcelona a favor de las personas que malviven en la calle.","breadcrumb":{"@id":"https:\/\/www.amatimmobiliaris.com\/w\/2013\/02\/fundacion-arrels\/#breadcrumb"},"inLanguage":"es","potentialAction":[{"@type":"ReadAction","target":["https:\/\/www.amatimmobiliaris.com\/w\/2013\/02\/fundacion-arrels\/"]}]},{"@type":"BreadcrumbList","@id":"https:\/\/www.amatimmobiliaris.com\/w\/2013\/02\/fundacion-arrels\/#breadcrumb","itemListElement":[{"@type":"ListItem","position":1,"name":"Home","item":"https:\/\/www.amatimmobiliaris.com\/w\/"},{"@type":"ListItem","position":2,"name":"El mundo Amat","item":"https:\/\/www.amatimmobiliaris.com\/w\/category\/el-mundo-amat\/"},{"@type":"ListItem","position":3,"name":"Fundaci\u00f3n Arrels"}]},{"@type":"WebSite","@id":"https:\/\/www.amatimmobiliaris.com\/w\/#website","url":"https:\/\/www.amatimmobiliaris.com\/w\/","name":"Amat Immobiliaris","description":"Empresa familiar del sector inmobiliario con oficinas en Barcelona, Sant Cugat del Vall\u00e9s y Sant Just Desvern. Te ayudamos a comprar, alquilar o vender tu casa o piso. Somos un equipo coherente con una cultura de empresa honesta, innovadora y eficaz. Tambi\u00e9n en www.amatluxury.com","publisher":{"@id":"https:\/\/www.amatimmobiliaris.com\/w\/#organization"},"alternateName":"AmatImmo","potentialAction":[{"@type":"SearchAction","target":{"@type":"EntryPoint","urlTemplate":"https:\/\/www.amatimmobiliaris.com\/w\/?s={search_term_string}"},"query-input":{"@type":"PropertyValueSpecification","valueRequired":true,"valueName":"search_term_string"}}],"inLanguage":"es"},{"@type":"Organization","@id":"https:\/\/www.amatimmobiliaris.com\/w\/#organization","name":"Amat Immobiliaris","url":"https:\/\/www.amatimmobiliaris.com\/w\/","logo":{"@type":"ImageObject","inLanguage":"es","@id":"https:\/\/www.amatimmobiliaris.com\/w\/#\/schema\/logo\/image\/","url":"https:\/\/www.amatimmobiliaris.com\/w\/wp-content\/uploads\/2022\/10\/amat-logo.jpg","contentUrl":"https:\/\/www.amatimmobiliaris.com\/w\/wp-content\/uploads\/2022\/10\/amat-logo.jpg","width":900,"height":900,"caption":"Amat Immobiliaris"},"image":{"@id":"https:\/\/www.amatimmobiliaris.com\/w\/#\/schema\/logo\/image\/"},"sameAs":["https:\/\/www.facebook.com\/amatimmobiliaris","https:\/\/x.com\/amat_cat","https:\/\/www.instagram.com\/amat_immo\/","https:\/\/www.linkedin.com\/company\/amat-finques\/","https:\/\/www.youtube.com\/@amatimmobiliaris"]},{"@type":"Person","@id":"https:\/\/www.amatimmobiliaris.com\/w\/#\/schema\/person\/c880da71d1e156e7ea6774ffb445e034","name":"Amat Immobiliaris","sameAs":["http:\/\/amat-inmo-wp.localhost"]}]}},"_links":{"self":[{"href":"https:\/\/www.amatimmobiliaris.com\/w\/wp-json\/wp\/v2\/posts\/12240"}],"collection":[{"href":"https:\/\/www.amatimmobiliaris.com\/w\/wp-json\/wp\/v2\/posts"}],"about":[{"href":"https:\/\/www.amatimmobiliaris.com\/w\/wp-json\/wp\/v2\/types\/post"}],"author":[{"embeddable":true,"href":"https:\/\/www.amatimmobiliaris.com\/w\/wp-json\/wp\/v2\/users\/1"}],"replies":[{"embeddable":true,"href":"https:\/\/www.amatimmobiliaris.com\/w\/wp-json\/wp\/v2\/comments?post=12240"}],"version-history":[{"count":6,"href":"https:\/\/www.amatimmobiliaris.com\/w\/wp-json\/wp\/v2\/posts\/12240\/revisions"}],"predecessor-version":[{"id":25612,"href":"https:\/\/www.amatimmobiliaris.com\/w\/wp-json\/wp\/v2\/posts\/12240\/revisions\/25612"}],"wp:attachment":[{"href":"https:\/\/www.amatimmobiliaris.com\/w\/wp-json\/wp\/v2\/media?parent=12240"}],"wp:term":[{"taxonomy":"category","embeddable":true,"href":"https:\/\/www.amatimmobiliaris.com\/w\/wp-json\/wp\/v2\/categories?post=12240"},{"taxonomy":"post_tag","embeddable":true,"href":"https:\/\/www.amatimmobiliaris.com\/w\/wp-json\/wp\/v2\/tags?post=12240"}],"curies":[{"name":"wp","href":"https:\/\/api.w.org\/{rel}","templated":true}]}}