{"id":12233,"date":"2013-01-25T09:30:52","date_gmt":"2013-01-25T09:30:52","guid":{"rendered":"http:\/\/amat-inmo-wp.localhost\/2013\/01\/25\/la-responsabilitat-social-corporativa\/"},"modified":"2023-05-11T09:06:56","modified_gmt":"2023-05-11T09:06:56","slug":"la-responsabilidad-social-corporativa","status":"publish","type":"post","link":"https:\/\/www.amatimmobiliaris.com\/w\/2013\/01\/la-responsabilidad-social-corporativa\/","title":{"rendered":"La Responsabilidad Social Corporativa"},"content":{"rendered":"<p style=\"text-align: left;\">El pasado 10 de Enero asist\u00ed a una interesante Sesi\u00f3n del <a href=\"https:\/\/cercledeconomia.com\/agenda\/\">C\u00edrculo de Econom\u00eda <\/a> donde se trat\u00f3 el tema de la Responsabilidad Social Corporativa. Muy interesante.<\/p>\n<p style=\"text-align: left;\">Las principales ideas comentadas fueron:<\/p>\n<p style=\"texto-align: left;\"><span style=\"texto-decoration: underline;\">Antoni Argando\u00f1a \u2013 Titular de la C\u00e1tedra \u201cLa Caixa\u201d de Responsabilidad Social de la Empresa y Gobierno Corporativo de la IESE<\/span><\/p>\n<p style=\"texto-align: left;\">Se mide la <strong>responsabilidad social corporativa<\/strong> de las <strong>empresas<\/strong> por sus impactos en la <strong>sociedad<\/strong>. Es necesario hacer el bien y contribuir al <strong>desarrollo<\/strong> del pa\u00eds, lo que debe ser un compromiso que se cree desde dentro.<\/p>\n<p style=\"texto-align: left;\"><span style=\"texto-decoration: underline;\">Carmen Mur \u2013 Vicepresidenta de Fomento del Trabajo<\/span><\/p>\n<p style=\"text-align: left;\">En primer lugar, las empresas deben tener <strong>principios<\/strong>, <strong>valores<\/strong>, <strong>compromiso<\/strong>. La <strong>responsabilidad socia<\/strong>l es imprescindible para crear <strong>confianza<\/strong> en el entorno actual. Hoy es necesario recuperar la confianza en nosotros mismos, es necesario recuperar la iniciativa, es necesario ser resistentes.<\/p>\n<p style=\"texto-align: left;\"><span style=\"texto-decoration: underline;\">Isabel Vidal \u2013 Presidenta de la Fundaci\u00f3n CIES<\/span><\/p>\n<p style=\"texto-align: left;\">Habla de la <strong>filantrop\u00eda corporativa<\/strong>.<\/p>\n<p style=\"texto-align: left;\"><span style=\"texto-decoration: underline;\">\u00c1ngel Peso \u2013 Presidente de la Red Espa\u00f1ola del Pacto Mundial y Subdirector General de Caixa Bank<\/span><\/p>\n<p style=\"text-align: left;\">Entiende la <strong>responsabilidad social<\/strong> <strong>corporativa<\/strong> hoy como primordial para ganar <strong>confianza<\/strong>.<\/p>\n<p style=\"text-align: left;\">Hoy es prioritario promover la capacidad emprendedora para poder controlar el paro.<\/p>\n<p style=\"text-align: left;\"><span style=\"text-align: right;\">Desde 2008 la confianza de la sociedad en la empresa ha bajado de un 52% a un 33% y la <\/span><strong style=\"text-align: right;\">sociedad<\/strong><span style=\"text-align: right;\"> debe percibir que las empresas forman parte de la <\/span> <strong style=\"text-align: right;\">soluci\u00f3n<\/strong><span style=\"text-align: right;\"> del problema actual.<\/span><\/p>\n<p style=\"texto-align: left;\">El <strong>pacto mundial<\/strong> es una buena carta de presentaci\u00f3n para ir por el mundo.<\/p>\n<p style=\"text-align: right;\"><strong>Immaculada Amat<br \/>\n<strong><strong><em>Codirectora Gerente de<a title=\"Amat Immobiliaris\" href=\"https:\/\/www.amatimmobiliaris.com\/w\/blog\/\" target=\"_blank\" rel=\"noopener\"> Amat Immobiliaris<\/a><\/em><\/strong><\/strong><\/strong><\/p>\n","protected":false},"excerpt":{"rendered":"<p>El pasado 10 de Enero asist\u00ed a una interesante Sesi\u00f3n del C\u00edrculo de Econom\u00eda donde se trat\u00f3 el tema de la Responsabilidad Social Corporativa. Muy interesante. Las principales ideas comentadas fueron: Antoni Argando\u00f1a \u2013 Titular de la C\u00e1tedra \u201cLa Caixa\u201d de Responsabilidad Social de la Empresa y Gobierno Corporativo de la IESE Se mide la [&hellip;]<\/p>\n","protected":false},"author":1,"featured_media":0,"comment_status":"closed","ping_status":"closed","sticky":false,"template":"","format":"standard","meta":{"content-type":"","footnotes":""},"categories":[742],"tags":[249,1824,1235,1769,250],"yoast_head":"<!-- This site is optimized with the Yoast SEO plugin v23.9 - https:\/\/yoast.com\/wordpress\/plugins\/seo\/ -->\n<title>La Responsabilidad Social Corporativa | Amat Immobiliaris<\/title>\n<meta name=\"robots\" content=\"index, follow, max-snippet:-1, max-image-preview:large, max-video-preview:-1\" \/>\n<link rel=\"canonical\" href=\"https:\/\/www.amatimmobiliaris.com\/w\/2013\/01\/la-responsabilidad-social-corporativa\/\" \/>\n<meta property=\"og:locale\" content=\"es_ES\" \/>\n<meta property=\"og:type\" content=\"article\" \/>\n<meta property=\"og:title\" content=\"La Responsabilidad Social Corporativa | Amat Immobiliaris\" \/>\n<meta property=\"og:description\" content=\"El pasado 10 de Enero asist\u00ed a una interesante Sesi\u00f3n del C\u00edrculo de Econom\u00eda donde se trat\u00f3 el tema de la Responsabilidad Social Corporativa. Muy interesante. Las principales ideas comentadas fueron: Antoni Argando\u00f1a \u2013 Titular de la C\u00e1tedra \u201cLa Caixa\u201d de Responsabilidad Social de la Empresa y Gobierno Corporativo de la IESE Se mide la [&hellip;]\" \/>\n<meta property=\"og:url\" content=\"https:\/\/www.amatimmobiliaris.com\/w\/2013\/01\/la-responsabilidad-social-corporativa\/\" \/>\n<meta property=\"og:site_name\" content=\"Amat Immobiliaris\" \/>\n<meta property=\"article:publisher\" content=\"https:\/\/www.facebook.com\/amatimmobiliaris\" \/>\n<meta property=\"article:published_time\" content=\"2013-01-25T09:30:52+00:00\" \/>\n<meta property=\"article:modified_time\" content=\"2023-05-11T09:06:56+00:00\" \/>\n<meta property=\"og:image\" content=\"https:\/\/www.amatimmobiliaris.com\/w\/wp-content\/uploads\/2022\/01\/2014-Saga-familiar-Amat-dw-1-1024x683.jpg\" \/>\n\t<meta property=\"og:image:width\" content=\"1024\" \/>\n\t<meta property=\"og:image:height\" content=\"683\" \/>\n\t<meta property=\"og:image:type\" content=\"image\/jpeg\" \/>\n<meta name=\"author\" content=\"Amat Immobiliaris\" \/>\n<meta name=\"twitter:card\" content=\"summary_large_image\" \/>\n<meta name=\"twitter:creator\" content=\"@amat_cat\" \/>\n<meta name=\"twitter:site\" content=\"@amat_cat\" \/>\n<meta name=\"twitter:label1\" content=\"Escrito por\" \/>\n\t<meta name=\"twitter:data1\" content=\"Amat Immobiliaris\" \/>\n\t<meta name=\"twitter:label2\" content=\"Tiempo de lectura\" \/>\n\t<meta name=\"twitter:data2\" content=\"2 minutos\" \/>\n<script type=\"application\/ld+json\" class=\"yoast-schema-graph\">{\"@context\":\"https:\/\/schema.org\",\"@graph\":[{\"@type\":\"Article\",\"@id\":\"https:\/\/www.amatimmobiliaris.com\/w\/2013\/01\/la-responsabilidad-social-corporativa\/#article\",\"isPartOf\":{\"@id\":\"https:\/\/www.amatimmobiliaris.com\/w\/2013\/01\/la-responsabilidad-social-corporativa\/\"},\"author\":{\"name\":\"Amat Immobiliaris\",\"@id\":\"https:\/\/www.amatimmobiliaris.com\/w\/#\/schema\/person\/c880da71d1e156e7ea6774ffb445e034\"},\"headline\":\"La Responsabilidad Social Corporativa\",\"datePublished\":\"2013-01-25T09:30:52+00:00\",\"dateModified\":\"2023-05-11T09:06:56+00:00\",\"mainEntityOfPage\":{\"@id\":\"https:\/\/www.amatimmobiliaris.com\/w\/2013\/01\/la-responsabilidad-social-corporativa\/\"},\"wordCount\":252,\"publisher\":{\"@id\":\"https:\/\/www.amatimmobiliaris.com\/w\/#organization\"},\"keywords\":[\"Confian\u00e7a\",\"Confianza\",\"Econom\u00eda\",\"Responsabilidad Social Corporativa\",\"Responsabilitat Social Corporativa\"],\"articleSection\":[\"Eventos\"],\"inLanguage\":\"es\"},{\"@type\":\"WebPage\",\"@id\":\"https:\/\/www.amatimmobiliaris.com\/w\/2013\/01\/la-responsabilidad-social-corporativa\/\",\"url\":\"https:\/\/www.amatimmobiliaris.com\/w\/2013\/01\/la-responsabilidad-social-corporativa\/\",\"name\":\"La Responsabilidad Social Corporativa | Amat Immobiliaris\",\"isPartOf\":{\"@id\":\"https:\/\/www.amatimmobiliaris.com\/w\/#website\"},\"datePublished\":\"2013-01-25T09:30:52+00:00\",\"dateModified\":\"2023-05-11T09:06:56+00:00\",\"breadcrumb\":{\"@id\":\"https:\/\/www.amatimmobiliaris.com\/w\/2013\/01\/la-responsabilidad-social-corporativa\/#breadcrumb\"},\"inLanguage\":\"es\",\"potentialAction\":[{\"@type\":\"ReadAction\",\"target\":[\"https:\/\/www.amatimmobiliaris.com\/w\/2013\/01\/la-responsabilidad-social-corporativa\/\"]}]},{\"@type\":\"BreadcrumbList\",\"@id\":\"https:\/\/www.amatimmobiliaris.com\/w\/2013\/01\/la-responsabilidad-social-corporativa\/#breadcrumb\",\"itemListElement\":[{\"@type\":\"ListItem\",\"position\":1,\"name\":\"Home\",\"item\":\"https:\/\/www.amatimmobiliaris.com\/w\/\"},{\"@type\":\"ListItem\",\"position\":2,\"name\":\"Eventos\",\"item\":\"https:\/\/www.amatimmobiliaris.com\/w\/category\/eventos\/\"},{\"@type\":\"ListItem\",\"position\":3,\"name\":\"La Responsabilidad Social Corporativa\"}]},{\"@type\":\"WebSite\",\"@id\":\"https:\/\/www.amatimmobiliaris.com\/w\/#website\",\"url\":\"https:\/\/www.amatimmobiliaris.com\/w\/\",\"name\":\"Amat Immobiliaris\",\"description\":\"Empresa familiar del sector inmobiliario con oficinas en Barcelona, Sant Cugat del Vall\u00e9s y Sant Just Desvern. Te ayudamos a comprar, alquilar o vender tu casa o piso. Somos un equipo coherente con una cultura de empresa honesta, innovadora y eficaz. Tambi\u00e9n en www.amatluxury.com\",\"publisher\":{\"@id\":\"https:\/\/www.amatimmobiliaris.com\/w\/#organization\"},\"alternateName\":\"AmatImmo\",\"potentialAction\":[{\"@type\":\"SearchAction\",\"target\":{\"@type\":\"EntryPoint\",\"urlTemplate\":\"https:\/\/www.amatimmobiliaris.com\/w\/?s={search_term_string}\"},\"query-input\":{\"@type\":\"PropertyValueSpecification\",\"valueRequired\":true,\"valueName\":\"search_term_string\"}}],\"inLanguage\":\"es\"},{\"@type\":\"Organization\",\"@id\":\"https:\/\/www.amatimmobiliaris.com\/w\/#organization\",\"name\":\"Amat Immobiliaris\",\"url\":\"https:\/\/www.amatimmobiliaris.com\/w\/\",\"logo\":{\"@type\":\"ImageObject\",\"inLanguage\":\"es\",\"@id\":\"https:\/\/www.amatimmobiliaris.com\/w\/#\/schema\/logo\/image\/\",\"url\":\"https:\/\/www.amatimmobiliaris.com\/w\/wp-content\/uploads\/2022\/10\/amat-logo.jpg\",\"contentUrl\":\"https:\/\/www.amatimmobiliaris.com\/w\/wp-content\/uploads\/2022\/10\/amat-logo.jpg\",\"width\":900,\"height\":900,\"caption\":\"Amat Immobiliaris\"},\"image\":{\"@id\":\"https:\/\/www.amatimmobiliaris.com\/w\/#\/schema\/logo\/image\/\"},\"sameAs\":[\"https:\/\/www.facebook.com\/amatimmobiliaris\",\"https:\/\/x.com\/amat_cat\",\"https:\/\/www.instagram.com\/amat_immo\/\",\"https:\/\/www.linkedin.com\/company\/amat-finques\/\",\"https:\/\/www.youtube.com\/@amatimmobiliaris\"]},{\"@type\":\"Person\",\"@id\":\"https:\/\/www.amatimmobiliaris.com\/w\/#\/schema\/person\/c880da71d1e156e7ea6774ffb445e034\",\"name\":\"Amat Immobiliaris\",\"sameAs\":[\"http:\/\/amat-inmo-wp.localhost\"]}]}<\/script>\n<!-- \/ Yoast SEO plugin. -->","yoast_head_json":{"title":"La Responsabilidad Social Corporativa | Amat Immobiliaris","robots":{"index":"index","follow":"follow","max-snippet":"max-snippet:-1","max-image-preview":"max-image-preview:large","max-video-preview":"max-video-preview:-1"},"canonical":"https:\/\/www.amatimmobiliaris.com\/w\/2013\/01\/la-responsabilidad-social-corporativa\/","og_locale":"es_ES","og_type":"article","og_title":"La Responsabilidad Social Corporativa | Amat Immobiliaris","og_description":"El pasado 10 de Enero asist\u00ed a una interesante Sesi\u00f3n del C\u00edrculo de Econom\u00eda donde se trat\u00f3 el tema de la Responsabilidad Social Corporativa. Muy interesante. Las principales ideas comentadas fueron: Antoni Argando\u00f1a \u2013 Titular de la C\u00e1tedra \u201cLa Caixa\u201d de Responsabilidad Social de la Empresa y Gobierno Corporativo de la IESE Se mide la [&hellip;]","og_url":"https:\/\/www.amatimmobiliaris.com\/w\/2013\/01\/la-responsabilidad-social-corporativa\/","og_site_name":"Amat Immobiliaris","article_publisher":"https:\/\/www.facebook.com\/amatimmobiliaris","article_published_time":"2013-01-25T09:30:52+00:00","article_modified_time":"2023-05-11T09:06:56+00:00","og_image":[{"width":1024,"height":683,"url":"https:\/\/www.amatimmobiliaris.com\/w\/wp-content\/uploads\/2022\/01\/2014-Saga-familiar-Amat-dw-1-1024x683.jpg","type":"image\/jpeg"}],"author":"Amat Immobiliaris","twitter_card":"summary_large_image","twitter_creator":"@amat_cat","twitter_site":"@amat_cat","twitter_misc":{"Escrito por":"Amat Immobiliaris","Tiempo de lectura":"2 minutos"},"schema":{"@context":"https:\/\/schema.org","@graph":[{"@type":"Article","@id":"https:\/\/www.amatimmobiliaris.com\/w\/2013\/01\/la-responsabilidad-social-corporativa\/#article","isPartOf":{"@id":"https:\/\/www.amatimmobiliaris.com\/w\/2013\/01\/la-responsabilidad-social-corporativa\/"},"author":{"name":"Amat Immobiliaris","@id":"https:\/\/www.amatimmobiliaris.com\/w\/#\/schema\/person\/c880da71d1e156e7ea6774ffb445e034"},"headline":"La Responsabilidad Social Corporativa","datePublished":"2013-01-25T09:30:52+00:00","dateModified":"2023-05-11T09:06:56+00:00","mainEntityOfPage":{"@id":"https:\/\/www.amatimmobiliaris.com\/w\/2013\/01\/la-responsabilidad-social-corporativa\/"},"wordCount":252,"publisher":{"@id":"https:\/\/www.amatimmobiliaris.com\/w\/#organization"},"keywords":["Confian\u00e7a","Confianza","Econom\u00eda","Responsabilidad Social Corporativa","Responsabilitat Social Corporativa"],"articleSection":["Eventos"],"inLanguage":"es"},{"@type":"WebPage","@id":"https:\/\/www.amatimmobiliaris.com\/w\/2013\/01\/la-responsabilidad-social-corporativa\/","url":"https:\/\/www.amatimmobiliaris.com\/w\/2013\/01\/la-responsabilidad-social-corporativa\/","name":"La Responsabilidad Social Corporativa | Amat Immobiliaris","isPartOf":{"@id":"https:\/\/www.amatimmobiliaris.com\/w\/#website"},"datePublished":"2013-01-25T09:30:52+00:00","dateModified":"2023-05-11T09:06:56+00:00","breadcrumb":{"@id":"https:\/\/www.amatimmobiliaris.com\/w\/2013\/01\/la-responsabilidad-social-corporativa\/#breadcrumb"},"inLanguage":"es","potentialAction":[{"@type":"ReadAction","target":["https:\/\/www.amatimmobiliaris.com\/w\/2013\/01\/la-responsabilidad-social-corporativa\/"]}]},{"@type":"BreadcrumbList","@id":"https:\/\/www.amatimmobiliaris.com\/w\/2013\/01\/la-responsabilidad-social-corporativa\/#breadcrumb","itemListElement":[{"@type":"ListItem","position":1,"name":"Home","item":"https:\/\/www.amatimmobiliaris.com\/w\/"},{"@type":"ListItem","position":2,"name":"Eventos","item":"https:\/\/www.amatimmobiliaris.com\/w\/category\/eventos\/"},{"@type":"ListItem","position":3,"name":"La Responsabilidad Social Corporativa"}]},{"@type":"WebSite","@id":"https:\/\/www.amatimmobiliaris.com\/w\/#website","url":"https:\/\/www.amatimmobiliaris.com\/w\/","name":"Amat Immobiliaris","description":"Empresa familiar del sector inmobiliario con oficinas en Barcelona, Sant Cugat del Vall\u00e9s y Sant Just Desvern. Te ayudamos a comprar, alquilar o vender tu casa o piso. Somos un equipo coherente con una cultura de empresa honesta, innovadora y eficaz. Tambi\u00e9n en www.amatluxury.com","publisher":{"@id":"https:\/\/www.amatimmobiliaris.com\/w\/#organization"},"alternateName":"AmatImmo","potentialAction":[{"@type":"SearchAction","target":{"@type":"EntryPoint","urlTemplate":"https:\/\/www.amatimmobiliaris.com\/w\/?s={search_term_string}"},"query-input":{"@type":"PropertyValueSpecification","valueRequired":true,"valueName":"search_term_string"}}],"inLanguage":"es"},{"@type":"Organization","@id":"https:\/\/www.amatimmobiliaris.com\/w\/#organization","name":"Amat Immobiliaris","url":"https:\/\/www.amatimmobiliaris.com\/w\/","logo":{"@type":"ImageObject","inLanguage":"es","@id":"https:\/\/www.amatimmobiliaris.com\/w\/#\/schema\/logo\/image\/","url":"https:\/\/www.amatimmobiliaris.com\/w\/wp-content\/uploads\/2022\/10\/amat-logo.jpg","contentUrl":"https:\/\/www.amatimmobiliaris.com\/w\/wp-content\/uploads\/2022\/10\/amat-logo.jpg","width":900,"height":900,"caption":"Amat Immobiliaris"},"image":{"@id":"https:\/\/www.amatimmobiliaris.com\/w\/#\/schema\/logo\/image\/"},"sameAs":["https:\/\/www.facebook.com\/amatimmobiliaris","https:\/\/x.com\/amat_cat","https:\/\/www.instagram.com\/amat_immo\/","https:\/\/www.linkedin.com\/company\/amat-finques\/","https:\/\/www.youtube.com\/@amatimmobiliaris"]},{"@type":"Person","@id":"https:\/\/www.amatimmobiliaris.com\/w\/#\/schema\/person\/c880da71d1e156e7ea6774ffb445e034","name":"Amat Immobiliaris","sameAs":["http:\/\/amat-inmo-wp.localhost"]}]}},"_links":{"self":[{"href":"https:\/\/www.amatimmobiliaris.com\/w\/wp-json\/wp\/v2\/posts\/12233"}],"collection":[{"href":"https:\/\/www.amatimmobiliaris.com\/w\/wp-json\/wp\/v2\/posts"}],"about":[{"href":"https:\/\/www.amatimmobiliaris.com\/w\/wp-json\/wp\/v2\/types\/post"}],"author":[{"embeddable":true,"href":"https:\/\/www.amatimmobiliaris.com\/w\/wp-json\/wp\/v2\/users\/1"}],"replies":[{"embeddable":true,"href":"https:\/\/www.amatimmobiliaris.com\/w\/wp-json\/wp\/v2\/comments?post=12233"}],"version-history":[{"count":6,"href":"https:\/\/www.amatimmobiliaris.com\/w\/wp-json\/wp\/v2\/posts\/12233\/revisions"}],"predecessor-version":[{"id":25929,"href":"https:\/\/www.amatimmobiliaris.com\/w\/wp-json\/wp\/v2\/posts\/12233\/revisions\/25929"}],"wp:attachment":[{"href":"https:\/\/www.amatimmobiliaris.com\/w\/wp-json\/wp\/v2\/media?parent=12233"}],"wp:term":[{"taxonomy":"category","embeddable":true,"href":"https:\/\/www.amatimmobiliaris.com\/w\/wp-json\/wp\/v2\/categories?post=12233"},{"taxonomy":"post_tag","embeddable":true,"href":"https:\/\/www.amatimmobiliaris.com\/w\/wp-json\/wp\/v2\/tags?post=12233"}],"curies":[{"name":"wp","href":"https:\/\/api.w.org\/{rel}","templated":true}]}}