{"id":12225,"date":"2012-12-19T10:33:45","date_gmt":"2012-12-19T10:33:45","guid":{"rendered":"http:\/\/amat-inmo-wp.localhost\/2012\/12\/19\/proposits-solidaris-aquest-2013\/"},"modified":"2023-05-11T09:03:05","modified_gmt":"2023-05-11T09:03:05","slug":"propositos-solidarios-para-este-2013","status":"publish","type":"post","link":"https:\/\/www.amatimmobiliaris.com\/w\/2012\/12\/propositos-solidarios-para-este-2013\/","title":{"rendered":"Prop\u00f3sitos solidarios para este 2013"},"content":{"rendered":"<p>Como cada a\u00f1o por estas fechas editamos un calendario y c\u00f3mo cada a\u00f1o tratan sobre alg\u00fan tema. Este a\u00f1o hemos querido hacer un homenaje a las <strong>fundaciones<\/strong> que trabajan en nuestro entorno, pensamos que en estos momentos est\u00e1n desempe\u00f1ando un papel fundamental en nuestra sociedad, est\u00e1n supliendo, con el esfuerzo de un gran n\u00famero de personas an\u00f3nimas, el rol que en otras \u00e9pocas cumpl\u00eda la Administraci\u00f3n. Estamos seguras de que sin su contribuci\u00f3n esta nuestra sociedad estar\u00eda a\u00fan m\u00e1s polarizada, y no se dar\u00eda respuesta a necesidades y requerimientos tan necesarios.<\/p>\n<p>Somos conscientes de que son una peque\u00f1a muestra, que nos hemos limitado a las que nos est\u00e1n m\u00e1s cercanas, tambi\u00e9n somos conscientes de que en otras zonas del mundo las necesidades son mucho m\u00e1s urgentes e importantes que las nuestras.<\/p>\n<p>Finalmente hemos elegido las que ten\u00edan una relaci\u00f3n directa con el entorno de <strong>Amat:\u00a0<\/strong><a href=\"https:\/\/issuu.com\/amatimmobiliaris\/docs\/calendari_amat_2013_proposits_solidaris\" target=\"_blank\" rel=\"noopener\"> <strong>ver todo el calendario<\/strong><\/a><\/p>\n<p>Tambi\u00e9n queremos agradecer a nuestros patrocinadores y colaboradores, el soporte recibido para producir este calendario.<\/p>\n<p>Les deseamos <strong>buenas fiestas<\/strong> y en especial mucha esperanza, positivismo <strong>y fuerza para el pr\u00f3ximo 2013<\/strong>.<\/p>\n","protected":false},"excerpt":{"rendered":"<p>Como cada a\u00f1o por estas fechas editamos un calendario y c\u00f3mo cada a\u00f1o tratan sobre alg\u00fan tema. Este a\u00f1o hemos querido hacer un homenaje a las fundaciones que trabajan en nuestro entorno, pensamos que en estos momentos est\u00e1n desempe\u00f1ando un papel fundamental en nuestra sociedad, est\u00e1n supliendo, con el esfuerzo de un gran n\u00famero de [&hellip;]<\/p>\n","protected":false},"author":1,"featured_media":0,"comment_status":"closed","ping_status":"closed","sticky":false,"template":"","format":"standard","meta":{"content-type":"","footnotes":""},"categories":[741],"tags":[1649,1815,1810],"yoast_head":"<!-- This site is optimized with the Yoast SEO plugin v23.9 - https:\/\/yoast.com\/wordpress\/plugins\/seo\/ -->\n<title>Prop\u00f3sitos solidarios para este 2013 | Amat Immobiliaris<\/title>\n<meta name=\"description\" content=\"Como cada a\u00f1o por estas fechas editamos un calendario. Prop\u00f3sitos solidarios para este 2013. Pidi\u00f3 tu calendario Amat.\" \/>\n<meta name=\"robots\" content=\"index, follow, max-snippet:-1, max-image-preview:large, max-video-preview:-1\" \/>\n<link rel=\"canonical\" href=\"https:\/\/www.amatimmobiliaris.com\/w\/2012\/12\/propositos-solidarios-para-este-2013\/\" \/>\n<meta property=\"og:locale\" content=\"es_ES\" \/>\n<meta property=\"og:type\" content=\"article\" \/>\n<meta property=\"og:title\" content=\"Prop\u00f3sitos solidarios para este 2013 | Amat Immobiliaris\" \/>\n<meta property=\"og:description\" content=\"Como cada a\u00f1o por estas fechas editamos un calendario. Prop\u00f3sitos solidarios para este 2013. Pidi\u00f3 tu calendario Amat.\" \/>\n<meta property=\"og:url\" content=\"https:\/\/www.amatimmobiliaris.com\/w\/2012\/12\/propositos-solidarios-para-este-2013\/\" \/>\n<meta property=\"og:site_name\" content=\"Amat Immobiliaris\" \/>\n<meta property=\"article:publisher\" content=\"https:\/\/www.facebook.com\/amatimmobiliaris\" \/>\n<meta property=\"article:published_time\" content=\"2012-12-19T10:33:45+00:00\" \/>\n<meta property=\"article:modified_time\" content=\"2023-05-11T09:03:05+00:00\" \/>\n<meta property=\"og:image\" content=\"https:\/\/www.amatimmobiliaris.com\/w\/wp-content\/uploads\/2022\/01\/2014-Saga-familiar-Amat-dw-1-1024x683.jpg\" \/>\n\t<meta property=\"og:image:width\" content=\"1024\" \/>\n\t<meta property=\"og:image:height\" content=\"683\" \/>\n\t<meta property=\"og:image:type\" content=\"image\/jpeg\" \/>\n<meta name=\"author\" content=\"Amat Immobiliaris\" \/>\n<meta name=\"twitter:card\" content=\"summary_large_image\" \/>\n<meta name=\"twitter:creator\" content=\"@amat_cat\" \/>\n<meta name=\"twitter:site\" content=\"@amat_cat\" \/>\n<meta name=\"twitter:label1\" content=\"Escrito por\" \/>\n\t<meta name=\"twitter:data1\" content=\"Amat Immobiliaris\" \/>\n\t<meta name=\"twitter:label2\" content=\"Tiempo de lectura\" \/>\n\t<meta name=\"twitter:data2\" content=\"1 minuto\" \/>\n<script type=\"application\/ld+json\" class=\"yoast-schema-graph\">{\"@context\":\"https:\/\/schema.org\",\"@graph\":[{\"@type\":\"Article\",\"@id\":\"https:\/\/www.amatimmobiliaris.com\/w\/2012\/12\/propositos-solidarios-para-este-2013\/#article\",\"isPartOf\":{\"@id\":\"https:\/\/www.amatimmobiliaris.com\/w\/2012\/12\/propositos-solidarios-para-este-2013\/\"},\"author\":{\"name\":\"Amat Immobiliaris\",\"@id\":\"https:\/\/www.amatimmobiliaris.com\/w\/#\/schema\/person\/c880da71d1e156e7ea6774ffb445e034\"},\"headline\":\"Prop\u00f3sitos solidarios para este 2013\",\"datePublished\":\"2012-12-19T10:33:45+00:00\",\"dateModified\":\"2023-05-11T09:03:05+00:00\",\"mainEntityOfPage\":{\"@id\":\"https:\/\/www.amatimmobiliaris.com\/w\/2012\/12\/propositos-solidarios-para-este-2013\/\"},\"wordCount\":210,\"publisher\":{\"@id\":\"https:\/\/www.amatimmobiliaris.com\/w\/#organization\"},\"keywords\":[\"Fundaci\u00f3n\",\"Prop\u00f3sito\",\"Solidaridad\"],\"articleSection\":[\"El mundo Amat\"],\"inLanguage\":\"es\"},{\"@type\":\"WebPage\",\"@id\":\"https:\/\/www.amatimmobiliaris.com\/w\/2012\/12\/propositos-solidarios-para-este-2013\/\",\"url\":\"https:\/\/www.amatimmobiliaris.com\/w\/2012\/12\/propositos-solidarios-para-este-2013\/\",\"name\":\"Prop\u00f3sitos solidarios para este 2013 | Amat Immobiliaris\",\"isPartOf\":{\"@id\":\"https:\/\/www.amatimmobiliaris.com\/w\/#website\"},\"datePublished\":\"2012-12-19T10:33:45+00:00\",\"dateModified\":\"2023-05-11T09:03:05+00:00\",\"description\":\"Como cada a\u00f1o por estas fechas editamos un calendario. Prop\u00f3sitos solidarios para este 2013. Pidi\u00f3 tu calendario Amat.\",\"breadcrumb\":{\"@id\":\"https:\/\/www.amatimmobiliaris.com\/w\/2012\/12\/propositos-solidarios-para-este-2013\/#breadcrumb\"},\"inLanguage\":\"es\",\"potentialAction\":[{\"@type\":\"ReadAction\",\"target\":[\"https:\/\/www.amatimmobiliaris.com\/w\/2012\/12\/propositos-solidarios-para-este-2013\/\"]}]},{\"@type\":\"BreadcrumbList\",\"@id\":\"https:\/\/www.amatimmobiliaris.com\/w\/2012\/12\/propositos-solidarios-para-este-2013\/#breadcrumb\",\"itemListElement\":[{\"@type\":\"ListItem\",\"position\":1,\"name\":\"Home\",\"item\":\"https:\/\/www.amatimmobiliaris.com\/w\/\"},{\"@type\":\"ListItem\",\"position\":2,\"name\":\"El mundo Amat\",\"item\":\"https:\/\/www.amatimmobiliaris.com\/w\/category\/el-mundo-amat\/\"},{\"@type\":\"ListItem\",\"position\":3,\"name\":\"Prop\u00f3sitos solidarios para este 2013\"}]},{\"@type\":\"WebSite\",\"@id\":\"https:\/\/www.amatimmobiliaris.com\/w\/#website\",\"url\":\"https:\/\/www.amatimmobiliaris.com\/w\/\",\"name\":\"Amat Immobiliaris\",\"description\":\"Empresa familiar del sector inmobiliario con oficinas en Barcelona, Sant Cugat del Vall\u00e9s y Sant Just Desvern. Te ayudamos a comprar, alquilar o vender tu casa o piso. Somos un equipo coherente con una cultura de empresa honesta, innovadora y eficaz. Tambi\u00e9n en www.amatluxury.com\",\"publisher\":{\"@id\":\"https:\/\/www.amatimmobiliaris.com\/w\/#organization\"},\"alternateName\":\"AmatImmo\",\"potentialAction\":[{\"@type\":\"SearchAction\",\"target\":{\"@type\":\"EntryPoint\",\"urlTemplate\":\"https:\/\/www.amatimmobiliaris.com\/w\/?s={search_term_string}\"},\"query-input\":{\"@type\":\"PropertyValueSpecification\",\"valueRequired\":true,\"valueName\":\"search_term_string\"}}],\"inLanguage\":\"es\"},{\"@type\":\"Organization\",\"@id\":\"https:\/\/www.amatimmobiliaris.com\/w\/#organization\",\"name\":\"Amat Immobiliaris\",\"url\":\"https:\/\/www.amatimmobiliaris.com\/w\/\",\"logo\":{\"@type\":\"ImageObject\",\"inLanguage\":\"es\",\"@id\":\"https:\/\/www.amatimmobiliaris.com\/w\/#\/schema\/logo\/image\/\",\"url\":\"https:\/\/www.amatimmobiliaris.com\/w\/wp-content\/uploads\/2022\/10\/amat-logo.jpg\",\"contentUrl\":\"https:\/\/www.amatimmobiliaris.com\/w\/wp-content\/uploads\/2022\/10\/amat-logo.jpg\",\"width\":900,\"height\":900,\"caption\":\"Amat Immobiliaris\"},\"image\":{\"@id\":\"https:\/\/www.amatimmobiliaris.com\/w\/#\/schema\/logo\/image\/\"},\"sameAs\":[\"https:\/\/www.facebook.com\/amatimmobiliaris\",\"https:\/\/x.com\/amat_cat\",\"https:\/\/www.instagram.com\/amat_immo\/\",\"https:\/\/www.linkedin.com\/company\/amat-finques\/\",\"https:\/\/www.youtube.com\/@amatimmobiliaris\"]},{\"@type\":\"Person\",\"@id\":\"https:\/\/www.amatimmobiliaris.com\/w\/#\/schema\/person\/c880da71d1e156e7ea6774ffb445e034\",\"name\":\"Amat Immobiliaris\",\"sameAs\":[\"http:\/\/amat-inmo-wp.localhost\"]}]}<\/script>\n<!-- \/ Yoast SEO plugin. -->","yoast_head_json":{"title":"Prop\u00f3sitos solidarios para este 2013 | Amat Immobiliaris","description":"Como cada a\u00f1o por estas fechas editamos un calendario. Prop\u00f3sitos solidarios para este 2013. Pidi\u00f3 tu calendario Amat.","robots":{"index":"index","follow":"follow","max-snippet":"max-snippet:-1","max-image-preview":"max-image-preview:large","max-video-preview":"max-video-preview:-1"},"canonical":"https:\/\/www.amatimmobiliaris.com\/w\/2012\/12\/propositos-solidarios-para-este-2013\/","og_locale":"es_ES","og_type":"article","og_title":"Prop\u00f3sitos solidarios para este 2013 | Amat Immobiliaris","og_description":"Como cada a\u00f1o por estas fechas editamos un calendario. Prop\u00f3sitos solidarios para este 2013. Pidi\u00f3 tu calendario Amat.","og_url":"https:\/\/www.amatimmobiliaris.com\/w\/2012\/12\/propositos-solidarios-para-este-2013\/","og_site_name":"Amat Immobiliaris","article_publisher":"https:\/\/www.facebook.com\/amatimmobiliaris","article_published_time":"2012-12-19T10:33:45+00:00","article_modified_time":"2023-05-11T09:03:05+00:00","og_image":[{"width":1024,"height":683,"url":"https:\/\/www.amatimmobiliaris.com\/w\/wp-content\/uploads\/2022\/01\/2014-Saga-familiar-Amat-dw-1-1024x683.jpg","type":"image\/jpeg"}],"author":"Amat Immobiliaris","twitter_card":"summary_large_image","twitter_creator":"@amat_cat","twitter_site":"@amat_cat","twitter_misc":{"Escrito por":"Amat Immobiliaris","Tiempo de lectura":"1 minuto"},"schema":{"@context":"https:\/\/schema.org","@graph":[{"@type":"Article","@id":"https:\/\/www.amatimmobiliaris.com\/w\/2012\/12\/propositos-solidarios-para-este-2013\/#article","isPartOf":{"@id":"https:\/\/www.amatimmobiliaris.com\/w\/2012\/12\/propositos-solidarios-para-este-2013\/"},"author":{"name":"Amat Immobiliaris","@id":"https:\/\/www.amatimmobiliaris.com\/w\/#\/schema\/person\/c880da71d1e156e7ea6774ffb445e034"},"headline":"Prop\u00f3sitos solidarios para este 2013","datePublished":"2012-12-19T10:33:45+00:00","dateModified":"2023-05-11T09:03:05+00:00","mainEntityOfPage":{"@id":"https:\/\/www.amatimmobiliaris.com\/w\/2012\/12\/propositos-solidarios-para-este-2013\/"},"wordCount":210,"publisher":{"@id":"https:\/\/www.amatimmobiliaris.com\/w\/#organization"},"keywords":["Fundaci\u00f3n","Prop\u00f3sito","Solidaridad"],"articleSection":["El mundo Amat"],"inLanguage":"es"},{"@type":"WebPage","@id":"https:\/\/www.amatimmobiliaris.com\/w\/2012\/12\/propositos-solidarios-para-este-2013\/","url":"https:\/\/www.amatimmobiliaris.com\/w\/2012\/12\/propositos-solidarios-para-este-2013\/","name":"Prop\u00f3sitos solidarios para este 2013 | Amat Immobiliaris","isPartOf":{"@id":"https:\/\/www.amatimmobiliaris.com\/w\/#website"},"datePublished":"2012-12-19T10:33:45+00:00","dateModified":"2023-05-11T09:03:05+00:00","description":"Como cada a\u00f1o por estas fechas editamos un calendario. Prop\u00f3sitos solidarios para este 2013. Pidi\u00f3 tu calendario Amat.","breadcrumb":{"@id":"https:\/\/www.amatimmobiliaris.com\/w\/2012\/12\/propositos-solidarios-para-este-2013\/#breadcrumb"},"inLanguage":"es","potentialAction":[{"@type":"ReadAction","target":["https:\/\/www.amatimmobiliaris.com\/w\/2012\/12\/propositos-solidarios-para-este-2013\/"]}]},{"@type":"BreadcrumbList","@id":"https:\/\/www.amatimmobiliaris.com\/w\/2012\/12\/propositos-solidarios-para-este-2013\/#breadcrumb","itemListElement":[{"@type":"ListItem","position":1,"name":"Home","item":"https:\/\/www.amatimmobiliaris.com\/w\/"},{"@type":"ListItem","position":2,"name":"El mundo Amat","item":"https:\/\/www.amatimmobiliaris.com\/w\/category\/el-mundo-amat\/"},{"@type":"ListItem","position":3,"name":"Prop\u00f3sitos solidarios para este 2013"}]},{"@type":"WebSite","@id":"https:\/\/www.amatimmobiliaris.com\/w\/#website","url":"https:\/\/www.amatimmobiliaris.com\/w\/","name":"Amat Immobiliaris","description":"Empresa familiar del sector inmobiliario con oficinas en Barcelona, Sant Cugat del Vall\u00e9s y Sant Just Desvern. Te ayudamos a comprar, alquilar o vender tu casa o piso. Somos un equipo coherente con una cultura de empresa honesta, innovadora y eficaz. Tambi\u00e9n en www.amatluxury.com","publisher":{"@id":"https:\/\/www.amatimmobiliaris.com\/w\/#organization"},"alternateName":"AmatImmo","potentialAction":[{"@type":"SearchAction","target":{"@type":"EntryPoint","urlTemplate":"https:\/\/www.amatimmobiliaris.com\/w\/?s={search_term_string}"},"query-input":{"@type":"PropertyValueSpecification","valueRequired":true,"valueName":"search_term_string"}}],"inLanguage":"es"},{"@type":"Organization","@id":"https:\/\/www.amatimmobiliaris.com\/w\/#organization","name":"Amat Immobiliaris","url":"https:\/\/www.amatimmobiliaris.com\/w\/","logo":{"@type":"ImageObject","inLanguage":"es","@id":"https:\/\/www.amatimmobiliaris.com\/w\/#\/schema\/logo\/image\/","url":"https:\/\/www.amatimmobiliaris.com\/w\/wp-content\/uploads\/2022\/10\/amat-logo.jpg","contentUrl":"https:\/\/www.amatimmobiliaris.com\/w\/wp-content\/uploads\/2022\/10\/amat-logo.jpg","width":900,"height":900,"caption":"Amat Immobiliaris"},"image":{"@id":"https:\/\/www.amatimmobiliaris.com\/w\/#\/schema\/logo\/image\/"},"sameAs":["https:\/\/www.facebook.com\/amatimmobiliaris","https:\/\/x.com\/amat_cat","https:\/\/www.instagram.com\/amat_immo\/","https:\/\/www.linkedin.com\/company\/amat-finques\/","https:\/\/www.youtube.com\/@amatimmobiliaris"]},{"@type":"Person","@id":"https:\/\/www.amatimmobiliaris.com\/w\/#\/schema\/person\/c880da71d1e156e7ea6774ffb445e034","name":"Amat Immobiliaris","sameAs":["http:\/\/amat-inmo-wp.localhost"]}]}},"_links":{"self":[{"href":"https:\/\/www.amatimmobiliaris.com\/w\/wp-json\/wp\/v2\/posts\/12225"}],"collection":[{"href":"https:\/\/www.amatimmobiliaris.com\/w\/wp-json\/wp\/v2\/posts"}],"about":[{"href":"https:\/\/www.amatimmobiliaris.com\/w\/wp-json\/wp\/v2\/types\/post"}],"author":[{"embeddable":true,"href":"https:\/\/www.amatimmobiliaris.com\/w\/wp-json\/wp\/v2\/users\/1"}],"replies":[{"embeddable":true,"href":"https:\/\/www.amatimmobiliaris.com\/w\/wp-json\/wp\/v2\/comments?post=12225"}],"version-history":[{"count":4,"href":"https:\/\/www.amatimmobiliaris.com\/w\/wp-json\/wp\/v2\/posts\/12225\/revisions"}],"predecessor-version":[{"id":25610,"href":"https:\/\/www.amatimmobiliaris.com\/w\/wp-json\/wp\/v2\/posts\/12225\/revisions\/25610"}],"wp:attachment":[{"href":"https:\/\/www.amatimmobiliaris.com\/w\/wp-json\/wp\/v2\/media?parent=12225"}],"wp:term":[{"taxonomy":"category","embeddable":true,"href":"https:\/\/www.amatimmobiliaris.com\/w\/wp-json\/wp\/v2\/categories?post=12225"},{"taxonomy":"post_tag","embeddable":true,"href":"https:\/\/www.amatimmobiliaris.com\/w\/wp-json\/wp\/v2\/tags?post=12225"}],"curies":[{"name":"wp","href":"https:\/\/api.w.org\/{rel}","templated":true}]}}