{"id":4711,"date":"2021-08-02T08:43:33","date_gmt":"2021-08-02T08:43:33","guid":{"rendered":"https:\/\/amat-inmo-wp.localhost\/2021\/08\/02\/passos-per-instal%c2%b7lar-cobertes-verdes\/"},"modified":"2024-09-13T11:42:42","modified_gmt":"2024-09-13T11:42:42","slug":"passos-per-instal%c2%b7lar-cobertes-verdes","status":"publish","type":"post","link":"https:\/\/www.amatimmobiliaris.com\/w\/ca\/2021\/08\/passos-per-instal%c2%b7lar-cobertes-verdes\/","title":{"rendered":"Passos per instal\u00b7lar cobertes verdes"},"content":{"rendered":"<p>En un <span style=\"color: #0000ff;\"><a style=\"color: #0000ff;\" href=\"https:\/\/www.amatimmobiliaris.com\/w\/ca\/2021\/06\/els-beneficis-les-cobertes-verdes-edificis\/\" target=\"_blank\" rel=\"noopener\">post anterior<\/a><\/span>\u00a0ja vam parlar sobre els avantatges de tenir una <strong>coberta verda<\/strong> a un edifici o a una casa, per\u00f2 no vam explicar el proc\u00e9s t\u00e8cnic de la instal\u00b7laci\u00f3 i els diferents <strong>tipus de cobertes<\/strong> verdes que hi ha.<\/p>\n<p>Abans de res, refresquem la mem\u00f2ria. Una coberta verda \u00e9s un sistema que s\u2019afegeix en qualsevol coberta, ja sigui al terrat, un pati d\u2019illa o b\u00e9 un aparcament, amb vegetaci\u00f3 per tal de <strong>millorar l\u2019a\u00efllament de l\u2019immoble<\/strong>, regular la temperatura a l\u2019edifici i, tamb\u00e9, a la ciutat, tot<strong> reduint l\u2019Efecte Illa de Calor<\/strong>. \u00c9s tamb\u00e9 una manera de crear m\u00e9s espais verds i convertir m\u00e9s CO<sub>2<\/sub> en oxigen, aix\u00ed com de repensar nous espais que poden estar actualment desaprofitats.<\/p>\n<figure id=\"attachment_22014\" aria-describedby=\"caption-attachment-22014\" style=\"width: 240px\" class=\"wp-caption alignright\"><img loading=\"lazy\" decoding=\"async\" class=\"size-medium wp-image-22014\" src=\"https:\/\/www.amatimmobiliaris.com\/w\/wp-content\/uploads\/2022\/01\/photo-by-nazarizal-mohammad-scaled.jpg\" alt=\"Photo by Nazarizal Mohammad\" width=\"240\" height=\"300\" \/><figcaption id=\"caption-attachment-22014\" class=\"wp-caption-text\">Photo by Nazarizal Mohammad<\/figcaption><\/figure>\n<h3><strong>Tipus de cobertes verdes:<\/strong><\/h3>\n<p>Es defineixen, tradicionalment,<strong> 3 tipus de cobertes verdes;<\/strong> les intensives, les semi-extensives i les extensives, i la seva diferencia principal \u00e9s l\u2019espessor de substrat que s\u2019instal\u00b7la i que segons aix\u00f2 el tipus, la densitat i la mida de la vegetaci\u00f3 variar\u00e0.\u00a0 A m\u00e9s a m\u00e9s, \u00e9s important destacar que el manteniment de cadascun \u00e9s molt diferent, tenint en compte que tota planta necessita un m\u00ednim d\u2019aigua per viure, els <strong>diferents tipus de coberta porten sempre reg autom\u00e0tic<\/strong> integrat, tot i posar plantes adaptades.<\/p>\n<ul>\n<li><strong>Coberta verda extensiva o ecol\u00f2gica: <\/strong>entre 5 i 10cm de substrat i amb un pes saturat inferior a 150 kg\/m<sup>2<\/sup>. S\u2019acostumen posar plantes crasses, de baix manteniment i baixa necessitat de reg. Es pot fer en cobertes inclinades fins a 30\u00ba.<\/li>\n<\/ul>\n<ul>\n<li><strong>Coberta semi<\/strong>&#8211;<strong>extensiva:<\/strong> ja podem tenir plantes m\u00e9s grans i variades al tenir entre 10 i 60 cm de substrat, amb un pes saturat de fins a 300 kg\/m<sup>2<\/sup>.<\/li>\n<\/ul>\n<ul>\n<li><strong>Coberta verda intensiva: <\/strong>\u00c9s casi com un jard\u00ed, amb un gruix de substrat de m\u00e9s de 50cm i un pes saturat de m\u00e9s de 300kg\/m<sup>2<\/sup>. Es necessita molt m\u00e9s manteniment ja que s\u2019hauran de gestionar i cuidar els diferents tipus de plantes, com d\u00e8iem, com si fos un jard\u00ed.<\/li>\n<\/ul>\n<p>Qualsevol de les tipologies de cobertes poden combinar la part verda amb <strong>zones de pas, zones d\u2019esbarjo o zones de generaci\u00f3 d\u2019energies renovables<\/strong>, tot creant nous espais aprofitables a l\u2019edifici, aix\u00ed com amb la producci\u00f3 d\u2019aliments de Km 0 a trav\u00e9s d\u2019horts urbans.<\/p>\n<h3><strong>Muntatge<\/strong><\/h3>\n<figure id=\"attachment_22015\" aria-describedby=\"caption-attachment-22015\" style=\"width: 298px\" class=\"wp-caption alignleft\"><img loading=\"lazy\" decoding=\"async\" class=\"size-medium wp-image-22015\" src=\"https:\/\/www.amatimmobiliaris.com\/w\/wp-content\/uploads\/2022\/01\/capes_cat-298x300.jpg\" alt=\"Font: Guia de Terrats Vius i Cobertes Verdes de l\u2019Ajuntament de Barcelona\" width=\"298\" height=\"300\" \/><figcaption id=\"caption-attachment-22015\" class=\"wp-caption-text\">Font: Guia de Terrats Vius i Cobertes Verdes de l\u2019Ajuntament de Barcelona<\/figcaption><\/figure>\n<p>Hi ha dues formes d\u2019instal\u00b7lar una coberta verda; amb el <strong>tipus modular o sistema multicapes<\/strong>, tenint en compte que s\u2019ha de tenir una impermeabilitzaci\u00f3 adequada per a cobertes verdes i fer un<strong> projecte personalitzat<\/strong> segons les caracter\u00edstiques de l\u2019immoble i el resultat que volem obtenir.<\/p>\n<p>Una coberta verda sempre tindr\u00e0 diferents capes necess\u00e0ries per mantenir protegida la coberta, mantenir l\u2019aigua necess\u00e0ria pel reg de les plantes i drenar adequadament la resta. Aix\u00ed doncs, tindrem, despr\u00e9s de la impermeabilitzaci\u00f3 antiarrel, una capa protectora, una de drenatge, una filtrant i el substrat amb la vegetaci\u00f3 m\u00e9s adequada.<\/p>\n<p>S\u2019ha de tenir en compte diversos punts importants al moment del muntatge com:<\/p>\n<ul>\n<li><strong>Funcionalitat que volem que compleixi<\/strong>: s\u2019ha d\u2019analitzar quina funci\u00f3 volen que compleixi la coberta verda, si volem que sigui est\u00e8tica o funcional, que sigui biosolar (generaci\u00f3 d\u2019energies renovables a trav\u00e9s de fotovoltaica) o b\u00e9 que fomenti la biodiversitat, que sigui acumuladora d\u2019aigua o amb hort urb\u00e0, o amb diferents combinacions de les anteriors.<\/li>\n<\/ul>\n<ul>\n<li><strong>Situaci\u00f3 i condicions climatol\u00f2giques i ambientals<\/strong>: la zona on s\u2019instal\u00b7la la coberta ens determina quins condicionants ambientals podem tenir, aix\u00ed com la tipologia de planta m\u00e9s adequada segons la ubicaci\u00f3. Tamb\u00e9 ens determinar\u00e0 la insolaci\u00f3 que tenim per si volem combinar la coberta verda amb la instal\u00b7laci\u00f3 de plaques fotovoltaiques.<\/li>\n<\/ul>\n<ul>\n<li><strong>Caracter\u00edstiques de l\u2019immoble:<\/strong> si la coberta \u00e9s plana o inclinada, si \u00e9s un immoble nou o remodelat, si \u00e9s d\u2019us comercial, industrial o un habitatge, aix\u00ed com la capacitat de c\u00e0rrega, tamb\u00e9 ens determinaran el tipus de muntatge possible.<\/li>\n<\/ul>\n<p>Per tal d\u2019instal\u00b7lar una coberta verda en qualsevol tipus d\u2019edificaci\u00f3 s\u2019ha de tenir en compte tots els aspectes anteriorment comentats, per aix\u00f2 comptem amb <strong>t\u00e8cnics especialitzats<\/strong> per a cada etapa del proc\u00e9s.<\/p>\n<p>Li fem un projecte a mida segons les necessitats i possibilitats de cada finca, podem imaginar qualsevol combinaci\u00f3 dins les possibilitats de l\u2019edifici, nom\u00e9s cal que ens digui qu\u00e8 vol aconseguir, <strong>nosaltres l\u2019aconsellarem.<\/strong><\/p>\n<p>Per qualsevol dubte o si esteu interessats en instal\u00b7lar una coberta verda, us podeu posar en contacte amb nosaltres a trav\u00e9s d\u2019aquest <span style=\"color: #0000ff;\"><a style=\"color: #0000ff;\" href=\"mailto:nadia.massague@amatimmo.cat?subject=Asunto\">mail<\/a><\/span>.<\/p>\n","protected":false},"excerpt":{"rendered":"<p>En un post anterior\u00a0ja vam parlar sobre els avantatges de tenir una coberta verda a un edifici o a una casa, per\u00f2 no vam explicar el proc\u00e9s t\u00e8cnic de la instal\u00b7laci\u00f3 i els diferents tipus de cobertes verdes que hi ha. Abans de res, refresquem la mem\u00f2ria. Una coberta verda \u00e9s un sistema que s\u2019afegeix [&hellip;]<\/p>\n","protected":false},"author":1,"featured_media":4712,"comment_status":"closed","ping_status":"closed","sticky":false,"template":"","format":"standard","meta":{"content-type":"","footnotes":""},"categories":[1151,1168],"tags":[1100,537,733,559,1711,652,645,313,1484,384,640,1728,734,690,1105],"yoast_head":"<!-- This site is optimized with the Yoast SEO plugin v23.9 - https:\/\/yoast.com\/wordpress\/plugins\/seo\/ -->\n<title>Passos per instal\u00b7lar cobertes verdes | Amat Immobiliaris<\/title>\n<meta name=\"description\" content=\"Descobreix els passos essencials per instal\u00b7lar cobertes verdes i transforma el teu espai en un oasi sostenible amb Amat Immobiliaris.\" \/>\n<meta name=\"robots\" content=\"index, follow, max-snippet:-1, max-image-preview:large, max-video-preview:-1\" \/>\n<link rel=\"canonical\" href=\"https:\/\/www.amatimmobiliaris.com\/w\/ca\/2021\/08\/passos-per-instal\u00b7lar-cobertes-verdes\/\" \/>\n<meta property=\"og:locale\" content=\"ca_ES\" \/>\n<meta property=\"og:type\" content=\"article\" \/>\n<meta property=\"og:title\" content=\"Passos per instal\u00b7lar cobertes verdes | Amat Immobiliaris\" \/>\n<meta property=\"og:description\" content=\"Descobreix els passos essencials per instal\u00b7lar cobertes verdes i transforma el teu espai en un oasi sostenible amb Amat Immobiliaris.\" \/>\n<meta property=\"og:url\" content=\"https:\/\/www.amatimmobiliaris.com\/w\/ca\/2021\/08\/passos-per-instal\u00b7lar-cobertes-verdes\/\" \/>\n<meta property=\"og:site_name\" content=\"Amat Immobiliaris\" \/>\n<meta property=\"article:publisher\" content=\"https:\/\/www.facebook.com\/amatimmobiliaris\" \/>\n<meta property=\"article:published_time\" content=\"2021-08-02T08:43:33+00:00\" \/>\n<meta property=\"article:modified_time\" content=\"2024-09-13T11:42:42+00:00\" \/>\n<meta property=\"og:image\" content=\"https:\/\/www.amatimmobiliaris.com\/w\/wp-content\/uploads\/2022\/01\/photo-by-nazarizal-mohammad-scaled.jpg\" \/>\n\t<meta property=\"og:image:width\" content=\"2048\" \/>\n\t<meta property=\"og:image:height\" content=\"2560\" \/>\n\t<meta property=\"og:image:type\" content=\"image\/jpeg\" \/>\n<meta name=\"author\" content=\"Amat Immobiliaris\" \/>\n<meta name=\"twitter:card\" content=\"summary_large_image\" \/>\n<meta name=\"twitter:creator\" content=\"@amat_cat\" \/>\n<meta name=\"twitter:site\" content=\"@amat_cat\" \/>\n<meta name=\"twitter:label1\" content=\"Escrit per\" \/>\n\t<meta name=\"twitter:data1\" content=\"Amat Immobiliaris\" \/>\n\t<meta name=\"twitter:label2\" content=\"Temps estimat de lectura\" \/>\n\t<meta name=\"twitter:data2\" content=\"4 minuts\" \/>\n<script type=\"application\/ld+json\" class=\"yoast-schema-graph\">{\"@context\":\"https:\/\/schema.org\",\"@graph\":[{\"@type\":\"Article\",\"@id\":\"https:\/\/www.amatimmobiliaris.com\/w\/ca\/2021\/08\/passos-per-instal%c2%b7lar-cobertes-verdes\/#article\",\"isPartOf\":{\"@id\":\"https:\/\/www.amatimmobiliaris.com\/w\/ca\/2021\/08\/passos-per-instal%c2%b7lar-cobertes-verdes\/\"},\"author\":{\"name\":\"Amat Immobiliaris\",\"@id\":\"https:\/\/www.amatimmobiliaris.com\/w\/#\/schema\/person\/c880da71d1e156e7ea6774ffb445e034\"},\"headline\":\"Passos per instal\u00b7lar cobertes verdes\",\"datePublished\":\"2021-08-02T08:43:33+00:00\",\"dateModified\":\"2024-09-13T11:42:42+00:00\",\"mainEntityOfPage\":{\"@id\":\"https:\/\/www.amatimmobiliaris.com\/w\/ca\/2021\/08\/passos-per-instal%c2%b7lar-cobertes-verdes\/\"},\"wordCount\":813,\"publisher\":{\"@id\":\"https:\/\/www.amatimmobiliaris.com\/w\/#organization\"},\"image\":{\"@id\":\"https:\/\/www.amatimmobiliaris.com\/w\/ca\/2021\/08\/passos-per-instal%c2%b7lar-cobertes-verdes\/#primaryimage\"},\"thumbnailUrl\":\"https:\/\/www.amatimmobiliaris.com\/w\/wp-content\/uploads\/2022\/01\/photo-by-nazarizal-mohammad-scaled.jpg\",\"keywords\":[\"Amatzonia\",\"Beneficis\",\"Coberta verda\",\"Efici\u00e8ncia energ\u00e8tica\",\"Energia renovable\",\"Energia solar\",\"Gesti\u00f3\",\"Jard\u00ed\",\"Manteniment\",\"Nadia Massagu\u00e9 Amat\",\"Sol\",\"Sostenibilitat\",\"Sostenible\",\"Vegetacio\",\"Zones verdes\"],\"articleSection\":[\"Arquitectura i decoraci\u00f3\",\"Efici\u00e8ncia energ\u00e8tica\"],\"inLanguage\":\"ca\"},{\"@type\":\"WebPage\",\"@id\":\"https:\/\/www.amatimmobiliaris.com\/w\/ca\/2021\/08\/passos-per-instal%c2%b7lar-cobertes-verdes\/\",\"url\":\"https:\/\/www.amatimmobiliaris.com\/w\/ca\/2021\/08\/passos-per-instal%c2%b7lar-cobertes-verdes\/\",\"name\":\"Passos per instal\u00b7lar cobertes verdes | Amat Immobiliaris\",\"isPartOf\":{\"@id\":\"https:\/\/www.amatimmobiliaris.com\/w\/#website\"},\"primaryImageOfPage\":{\"@id\":\"https:\/\/www.amatimmobiliaris.com\/w\/ca\/2021\/08\/passos-per-instal%c2%b7lar-cobertes-verdes\/#primaryimage\"},\"image\":{\"@id\":\"https:\/\/www.amatimmobiliaris.com\/w\/ca\/2021\/08\/passos-per-instal%c2%b7lar-cobertes-verdes\/#primaryimage\"},\"thumbnailUrl\":\"https:\/\/www.amatimmobiliaris.com\/w\/wp-content\/uploads\/2022\/01\/photo-by-nazarizal-mohammad-scaled.jpg\",\"datePublished\":\"2021-08-02T08:43:33+00:00\",\"dateModified\":\"2024-09-13T11:42:42+00:00\",\"description\":\"Descobreix els passos essencials per instal\u00b7lar cobertes verdes i transforma el teu espai en un oasi sostenible amb Amat Immobiliaris.\",\"breadcrumb\":{\"@id\":\"https:\/\/www.amatimmobiliaris.com\/w\/ca\/2021\/08\/passos-per-instal%c2%b7lar-cobertes-verdes\/#breadcrumb\"},\"inLanguage\":\"ca\",\"potentialAction\":[{\"@type\":\"ReadAction\",\"target\":[\"https:\/\/www.amatimmobiliaris.com\/w\/ca\/2021\/08\/passos-per-instal%c2%b7lar-cobertes-verdes\/\"]}]},{\"@type\":\"ImageObject\",\"inLanguage\":\"ca\",\"@id\":\"https:\/\/www.amatimmobiliaris.com\/w\/ca\/2021\/08\/passos-per-instal%c2%b7lar-cobertes-verdes\/#primaryimage\",\"url\":\"https:\/\/www.amatimmobiliaris.com\/w\/wp-content\/uploads\/2022\/01\/photo-by-nazarizal-mohammad-scaled.jpg\",\"contentUrl\":\"https:\/\/www.amatimmobiliaris.com\/w\/wp-content\/uploads\/2022\/01\/photo-by-nazarizal-mohammad-scaled.jpg\",\"width\":2048,\"height\":2560},{\"@type\":\"BreadcrumbList\",\"@id\":\"https:\/\/www.amatimmobiliaris.com\/w\/ca\/2021\/08\/passos-per-instal%c2%b7lar-cobertes-verdes\/#breadcrumb\",\"itemListElement\":[{\"@type\":\"ListItem\",\"position\":1,\"name\":\"Home\",\"item\":\"https:\/\/www.amatimmobiliaris.com\/w\/ca\/\"},{\"@type\":\"ListItem\",\"position\":2,\"name\":\"Arquitectura i decoraci\u00f3\",\"item\":\"https:\/\/www.amatimmobiliaris.com\/w\/ca\/categoria-ca\/arquitectura-i-decoracio-ca\/\"},{\"@type\":\"ListItem\",\"position\":3,\"name\":\"Passos per instal\u00b7lar cobertes verdes\"}]},{\"@type\":\"WebSite\",\"@id\":\"https:\/\/www.amatimmobiliaris.com\/w\/#website\",\"url\":\"https:\/\/www.amatimmobiliaris.com\/w\/\",\"name\":\"Amat Immobiliaris\",\"description\":\"Empresa familiar del sector inmobiliario con oficinas en Barcelona, Sant Cugat del Vall\u00e9s y Sant Just Desvern. Te ayudamos a comprar, alquilar o vender tu casa o piso. Somos un equipo coherente con una cultura de empresa honesta, innovadora y eficaz. Tambi\u00e9n en www.amatluxury.com\",\"publisher\":{\"@id\":\"https:\/\/www.amatimmobiliaris.com\/w\/#organization\"},\"alternateName\":\"AmatImmo\",\"potentialAction\":[{\"@type\":\"SearchAction\",\"target\":{\"@type\":\"EntryPoint\",\"urlTemplate\":\"https:\/\/www.amatimmobiliaris.com\/w\/?s={search_term_string}\"},\"query-input\":{\"@type\":\"PropertyValueSpecification\",\"valueRequired\":true,\"valueName\":\"search_term_string\"}}],\"inLanguage\":\"ca\"},{\"@type\":\"Organization\",\"@id\":\"https:\/\/www.amatimmobiliaris.com\/w\/#organization\",\"name\":\"Amat Immobiliaris\",\"url\":\"https:\/\/www.amatimmobiliaris.com\/w\/\",\"logo\":{\"@type\":\"ImageObject\",\"inLanguage\":\"ca\",\"@id\":\"https:\/\/www.amatimmobiliaris.com\/w\/#\/schema\/logo\/image\/\",\"url\":\"https:\/\/www.amatimmobiliaris.com\/w\/wp-content\/uploads\/2022\/10\/amat-logo.jpg\",\"contentUrl\":\"https:\/\/www.amatimmobiliaris.com\/w\/wp-content\/uploads\/2022\/10\/amat-logo.jpg\",\"width\":900,\"height\":900,\"caption\":\"Amat Immobiliaris\"},\"image\":{\"@id\":\"https:\/\/www.amatimmobiliaris.com\/w\/#\/schema\/logo\/image\/\"},\"sameAs\":[\"https:\/\/www.facebook.com\/amatimmobiliaris\",\"https:\/\/x.com\/amat_cat\",\"https:\/\/www.instagram.com\/amat_immo\/\",\"https:\/\/www.linkedin.com\/company\/amat-finques\/\",\"https:\/\/www.youtube.com\/@amatimmobiliaris\"]},{\"@type\":\"Person\",\"@id\":\"https:\/\/www.amatimmobiliaris.com\/w\/#\/schema\/person\/c880da71d1e156e7ea6774ffb445e034\",\"name\":\"Amat Immobiliaris\",\"sameAs\":[\"http:\/\/amat-inmo-wp.localhost\"]}]}<\/script>\n<!-- \/ Yoast SEO plugin. -->","yoast_head_json":{"title":"Passos per instal\u00b7lar cobertes verdes | Amat Immobiliaris","description":"Descobreix els passos essencials per instal\u00b7lar cobertes verdes i transforma el teu espai en un oasi sostenible amb Amat Immobiliaris.","robots":{"index":"index","follow":"follow","max-snippet":"max-snippet:-1","max-image-preview":"max-image-preview:large","max-video-preview":"max-video-preview:-1"},"canonical":"https:\/\/www.amatimmobiliaris.com\/w\/ca\/2021\/08\/passos-per-instal\u00b7lar-cobertes-verdes\/","og_locale":"ca_ES","og_type":"article","og_title":"Passos per instal\u00b7lar cobertes verdes | Amat Immobiliaris","og_description":"Descobreix els passos essencials per instal\u00b7lar cobertes verdes i transforma el teu espai en un oasi sostenible amb Amat Immobiliaris.","og_url":"https:\/\/www.amatimmobiliaris.com\/w\/ca\/2021\/08\/passos-per-instal\u00b7lar-cobertes-verdes\/","og_site_name":"Amat Immobiliaris","article_publisher":"https:\/\/www.facebook.com\/amatimmobiliaris","article_published_time":"2021-08-02T08:43:33+00:00","article_modified_time":"2024-09-13T11:42:42+00:00","og_image":[{"width":2048,"height":2560,"url":"https:\/\/www.amatimmobiliaris.com\/w\/wp-content\/uploads\/2022\/01\/photo-by-nazarizal-mohammad-scaled.jpg","type":"image\/jpeg"}],"author":"Amat Immobiliaris","twitter_card":"summary_large_image","twitter_creator":"@amat_cat","twitter_site":"@amat_cat","twitter_misc":{"Escrit per":"Amat Immobiliaris","Temps estimat de lectura":"4 minuts"},"schema":{"@context":"https:\/\/schema.org","@graph":[{"@type":"Article","@id":"https:\/\/www.amatimmobiliaris.com\/w\/ca\/2021\/08\/passos-per-instal%c2%b7lar-cobertes-verdes\/#article","isPartOf":{"@id":"https:\/\/www.amatimmobiliaris.com\/w\/ca\/2021\/08\/passos-per-instal%c2%b7lar-cobertes-verdes\/"},"author":{"name":"Amat Immobiliaris","@id":"https:\/\/www.amatimmobiliaris.com\/w\/#\/schema\/person\/c880da71d1e156e7ea6774ffb445e034"},"headline":"Passos per instal\u00b7lar cobertes verdes","datePublished":"2021-08-02T08:43:33+00:00","dateModified":"2024-09-13T11:42:42+00:00","mainEntityOfPage":{"@id":"https:\/\/www.amatimmobiliaris.com\/w\/ca\/2021\/08\/passos-per-instal%c2%b7lar-cobertes-verdes\/"},"wordCount":813,"publisher":{"@id":"https:\/\/www.amatimmobiliaris.com\/w\/#organization"},"image":{"@id":"https:\/\/www.amatimmobiliaris.com\/w\/ca\/2021\/08\/passos-per-instal%c2%b7lar-cobertes-verdes\/#primaryimage"},"thumbnailUrl":"https:\/\/www.amatimmobiliaris.com\/w\/wp-content\/uploads\/2022\/01\/photo-by-nazarizal-mohammad-scaled.jpg","keywords":["Amatzonia","Beneficis","Coberta verda","Efici\u00e8ncia energ\u00e8tica","Energia renovable","Energia solar","Gesti\u00f3","Jard\u00ed","Manteniment","Nadia Massagu\u00e9 Amat","Sol","Sostenibilitat","Sostenible","Vegetacio","Zones verdes"],"articleSection":["Arquitectura i decoraci\u00f3","Efici\u00e8ncia energ\u00e8tica"],"inLanguage":"ca"},{"@type":"WebPage","@id":"https:\/\/www.amatimmobiliaris.com\/w\/ca\/2021\/08\/passos-per-instal%c2%b7lar-cobertes-verdes\/","url":"https:\/\/www.amatimmobiliaris.com\/w\/ca\/2021\/08\/passos-per-instal%c2%b7lar-cobertes-verdes\/","name":"Passos per instal\u00b7lar cobertes verdes | Amat Immobiliaris","isPartOf":{"@id":"https:\/\/www.amatimmobiliaris.com\/w\/#website"},"primaryImageOfPage":{"@id":"https:\/\/www.amatimmobiliaris.com\/w\/ca\/2021\/08\/passos-per-instal%c2%b7lar-cobertes-verdes\/#primaryimage"},"image":{"@id":"https:\/\/www.amatimmobiliaris.com\/w\/ca\/2021\/08\/passos-per-instal%c2%b7lar-cobertes-verdes\/#primaryimage"},"thumbnailUrl":"https:\/\/www.amatimmobiliaris.com\/w\/wp-content\/uploads\/2022\/01\/photo-by-nazarizal-mohammad-scaled.jpg","datePublished":"2021-08-02T08:43:33+00:00","dateModified":"2024-09-13T11:42:42+00:00","description":"Descobreix els passos essencials per instal\u00b7lar cobertes verdes i transforma el teu espai en un oasi sostenible amb Amat Immobiliaris.","breadcrumb":{"@id":"https:\/\/www.amatimmobiliaris.com\/w\/ca\/2021\/08\/passos-per-instal%c2%b7lar-cobertes-verdes\/#breadcrumb"},"inLanguage":"ca","potentialAction":[{"@type":"ReadAction","target":["https:\/\/www.amatimmobiliaris.com\/w\/ca\/2021\/08\/passos-per-instal%c2%b7lar-cobertes-verdes\/"]}]},{"@type":"ImageObject","inLanguage":"ca","@id":"https:\/\/www.amatimmobiliaris.com\/w\/ca\/2021\/08\/passos-per-instal%c2%b7lar-cobertes-verdes\/#primaryimage","url":"https:\/\/www.amatimmobiliaris.com\/w\/wp-content\/uploads\/2022\/01\/photo-by-nazarizal-mohammad-scaled.jpg","contentUrl":"https:\/\/www.amatimmobiliaris.com\/w\/wp-content\/uploads\/2022\/01\/photo-by-nazarizal-mohammad-scaled.jpg","width":2048,"height":2560},{"@type":"BreadcrumbList","@id":"https:\/\/www.amatimmobiliaris.com\/w\/ca\/2021\/08\/passos-per-instal%c2%b7lar-cobertes-verdes\/#breadcrumb","itemListElement":[{"@type":"ListItem","position":1,"name":"Home","item":"https:\/\/www.amatimmobiliaris.com\/w\/ca\/"},{"@type":"ListItem","position":2,"name":"Arquitectura i decoraci\u00f3","item":"https:\/\/www.amatimmobiliaris.com\/w\/ca\/categoria-ca\/arquitectura-i-decoracio-ca\/"},{"@type":"ListItem","position":3,"name":"Passos per instal\u00b7lar cobertes verdes"}]},{"@type":"WebSite","@id":"https:\/\/www.amatimmobiliaris.com\/w\/#website","url":"https:\/\/www.amatimmobiliaris.com\/w\/","name":"Amat Immobiliaris","description":"Empresa familiar del sector inmobiliario con oficinas en Barcelona, Sant Cugat del Vall\u00e9s y Sant Just Desvern. Te ayudamos a comprar, alquilar o vender tu casa o piso. Somos un equipo coherente con una cultura de empresa honesta, innovadora y eficaz. Tambi\u00e9n en www.amatluxury.com","publisher":{"@id":"https:\/\/www.amatimmobiliaris.com\/w\/#organization"},"alternateName":"AmatImmo","potentialAction":[{"@type":"SearchAction","target":{"@type":"EntryPoint","urlTemplate":"https:\/\/www.amatimmobiliaris.com\/w\/?s={search_term_string}"},"query-input":{"@type":"PropertyValueSpecification","valueRequired":true,"valueName":"search_term_string"}}],"inLanguage":"ca"},{"@type":"Organization","@id":"https:\/\/www.amatimmobiliaris.com\/w\/#organization","name":"Amat Immobiliaris","url":"https:\/\/www.amatimmobiliaris.com\/w\/","logo":{"@type":"ImageObject","inLanguage":"ca","@id":"https:\/\/www.amatimmobiliaris.com\/w\/#\/schema\/logo\/image\/","url":"https:\/\/www.amatimmobiliaris.com\/w\/wp-content\/uploads\/2022\/10\/amat-logo.jpg","contentUrl":"https:\/\/www.amatimmobiliaris.com\/w\/wp-content\/uploads\/2022\/10\/amat-logo.jpg","width":900,"height":900,"caption":"Amat Immobiliaris"},"image":{"@id":"https:\/\/www.amatimmobiliaris.com\/w\/#\/schema\/logo\/image\/"},"sameAs":["https:\/\/www.facebook.com\/amatimmobiliaris","https:\/\/x.com\/amat_cat","https:\/\/www.instagram.com\/amat_immo\/","https:\/\/www.linkedin.com\/company\/amat-finques\/","https:\/\/www.youtube.com\/@amatimmobiliaris"]},{"@type":"Person","@id":"https:\/\/www.amatimmobiliaris.com\/w\/#\/schema\/person\/c880da71d1e156e7ea6774ffb445e034","name":"Amat Immobiliaris","sameAs":["http:\/\/amat-inmo-wp.localhost"]}]}},"_links":{"self":[{"href":"https:\/\/www.amatimmobiliaris.com\/w\/ca\/wp-json\/wp\/v2\/posts\/4711"}],"collection":[{"href":"https:\/\/www.amatimmobiliaris.com\/w\/ca\/wp-json\/wp\/v2\/posts"}],"about":[{"href":"https:\/\/www.amatimmobiliaris.com\/w\/ca\/wp-json\/wp\/v2\/types\/post"}],"author":[{"embeddable":true,"href":"https:\/\/www.amatimmobiliaris.com\/w\/ca\/wp-json\/wp\/v2\/users\/1"}],"replies":[{"embeddable":true,"href":"https:\/\/www.amatimmobiliaris.com\/w\/ca\/wp-json\/wp\/v2\/comments?post=4711"}],"version-history":[{"count":2,"href":"https:\/\/www.amatimmobiliaris.com\/w\/ca\/wp-json\/wp\/v2\/posts\/4711\/revisions"}],"predecessor-version":[{"id":27072,"href":"https:\/\/www.amatimmobiliaris.com\/w\/ca\/wp-json\/wp\/v2\/posts\/4711\/revisions\/27072"}],"wp:featuredmedia":[{"embeddable":true,"href":"https:\/\/www.amatimmobiliaris.com\/w\/ca\/wp-json\/wp\/v2\/media\/4712"}],"wp:attachment":[{"href":"https:\/\/www.amatimmobiliaris.com\/w\/ca\/wp-json\/wp\/v2\/media?parent=4711"}],"wp:term":[{"taxonomy":"category","embeddable":true,"href":"https:\/\/www.amatimmobiliaris.com\/w\/ca\/wp-json\/wp\/v2\/categories?post=4711"},{"taxonomy":"post_tag","embeddable":true,"href":"https:\/\/www.amatimmobiliaris.com\/w\/ca\/wp-json\/wp\/v2\/tags?post=4711"}],"curies":[{"name":"wp","href":"https:\/\/api.w.org\/{rel}","templated":true}]}}