{"id":4433,"date":"2020-08-05T11:33:37","date_gmt":"2020-08-05T11:33:37","guid":{"rendered":"https:\/\/amat-inmo-wp.localhost\/2020\/08\/05\/les-10-millors-piscines-per-refrescar-se-els-mesos-destiu\/"},"modified":"2023-09-19T12:21:22","modified_gmt":"2023-09-19T12:21:22","slug":"les-10-millors-piscines-per-refrescar-se-els-mesos-destiu","status":"publish","type":"post","link":"https:\/\/www.amatimmobiliaris.com\/w\/ca\/2020\/08\/les-10-millors-piscines-per-refrescar-se-els-mesos-destiu\/","title":{"rendered":"Les 10 millors piscines per refrescar-se els mesos d\u2019estiu"},"content":{"rendered":"<p>Aquest any, m\u00e9s que mai, tenir una piscina privada o una comunit\u00e0ria \u00e9s un plaer, i per aquest motiu us volem ensenyar les millors i m\u00e9s espectaculars piscines que tenim ja sigui el seu disseny o per la seva mida.<br \/>\nSi que \u00e9s cert que en el cas de que sigui una piscina comunit\u00e0ria s\u2019han establert unes<span style=\"color: #0000ff;\"><a style=\"color: #0000ff;\" href=\"https:\/\/www.amatimmobiliaris.com\/w\/ca\/2020\/06\/protocols-deutilitzacio-les-piscines-comunitaries\/\" target=\"_blank\" rel=\"noopener\"> normes de seguretat<\/a> <\/span>e higiene que cal seguir en la prevenci\u00f3 de l\u2019expansi\u00f3 de la COVID-19.<\/p>\n<p><span style=\"color: #0000ff;\"><em>19246- Impressionant finca amb jard\u00ed i pista de p\u00e0del\u00a0<\/em><\/span><\/p>\n<p><a href=\"https:\/\/www.amatimmobiliaris.com\/ca\/immobles-en-venda\"><img loading=\"lazy\" decoding=\"async\" class=\"aligncenter size-large wp-image-18633\" src=\"https:\/\/www.amatimmobiliaris.com\/w\/wp-content\/uploads\/2022\/01\/19246-1024x680.jpg\" alt=\"\" width=\"1024\" height=\"680\" \/><\/a><\/p>\n<p>En un solar de 2013 m2 trobem aquest <strong>habitatge de 831m2<\/strong> acompanyat d\u2019aquesta espectacular piscina a<strong> Sant Cugat<\/strong>. A m\u00e9s a m\u00e9s tamb\u00e9 t\u00e9 una <strong>pista de p\u00e0del, un hort<\/strong> i fins i tot un espai per la pr\u00e0ctica de golf.<\/p>\n<p><span style=\"color: #0000ff;\"><em>27444- Quines vistes!<\/em><\/span><\/p>\n<p><a href=\"https:\/\/www.amatimmobiliaris.com\/ca\/immobles-en-venda\"><img loading=\"lazy\" decoding=\"async\" class=\"aligncenter size-large wp-image-18634\" src=\"https:\/\/www.amatimmobiliaris.com\/w\/wp-content\/uploads\/2022\/01\/27444-scaled.jpg\" alt=\"\" width=\"1024\" height=\"683\" \/><\/a><\/p>\n<p>Aquesta piscina tan fant\u00e0stica d\u2019ubica una casa de <strong>420m2 de Barcelona<\/strong>. Es tracta d\u2019una casa moderna, unifamiliar amb una zona enjardinada a la part posterior on es pot gaudir de la tranquil\u00b7litat. A la casa no hi falta de res,\u00a0<strong>ascensor a cada planta<\/strong>, p\u00e0rquing, terrassa, <strong>projector i pantalla de cinema<\/strong>. Tot amb la millor orientaci\u00f3 possible i amb unes vistes espectaculars de tota Barcelona i el Mediterrani.<\/p>\n<p><span style=\"color: #0000ff;\"><em>27552- Casa adossada a les portes de Barcelona<\/em><\/span><\/p>\n<p><a href=\"https:\/\/www.amatimmobiliaris.com\/ca\/immobles-en-venda\"><img loading=\"lazy\" decoding=\"async\" class=\"aligncenter size-large wp-image-18635\" src=\"https:\/\/www.amatimmobiliaris.com\/w\/wp-content\/uploads\/2022\/01\/27552-1024x682.jpg\" alt=\"\" width=\"1024\" height=\"682\" \/><\/a><\/p>\n<p>Aquesta piscina comunit\u00e0ria tan especial forma part del recinte privat dissenyat pel prestigi\u00f3s <strong>arquitecte Carlos Ferrater<\/strong> amb tot de cases unifamiliars adossades de <strong>254m2 a Sant Just<\/strong>. Les cases dins del recinte amb una \u00e0rea boscosa, tenen 4 plantes i la fa\u00e7ana frontal compta amb uns grans finestres que deixen passar tota la llum.<\/p>\n<p><span style=\"color: #0000ff;\"><em>27352- Tranquil\u00b7litat amb vistes<\/em><\/span><\/p>\n<p><a href=\"https:\/\/www.amatimmobiliaris.com\/ca\/immobles-en-venda\"><img loading=\"lazy\" decoding=\"async\" class=\"aligncenter size-large wp-image-18636\" src=\"https:\/\/www.amatimmobiliaris.com\/w\/wp-content\/uploads\/2022\/01\/27352-1024x683.jpg\" alt=\"\" width=\"1024\" height=\"683\" \/><\/a><\/p>\n<p>Aquesta piscina privada la trobem a una casa unifamiliar als 4 vents de <strong>450m2 a Sant Just<\/strong>. La casa per fora, i amb l\u2019ajuda de la gran piscina, ja es veu espectacular, a m\u00e9s a m\u00e9s a la part posterior tamb\u00e9 hi ha un <strong>petit hort<\/strong>. Per\u00f2 al seu interior ens trobem amb un bon disseny i bona distribuci\u00f3 i fins i tot un espai polivalent, <strong>un celler i un gimn\u00e0s<\/strong>, complementant tot el complex amb un garatge amb capacitat per 4 vehicles.<\/p>\n<p><em><span style=\"color: #0000ff;\">27338- Excel\u00b7l\u00e8ncia en estat pur<\/span><\/em><\/p>\n<p><a href=\"https:\/\/www.amatimmobiliaris.com\/ca\/immobles-en-venda\"><img loading=\"lazy\" decoding=\"async\" class=\"aligncenter size-large wp-image-18639\" src=\"https:\/\/www.amatimmobiliaris.com\/w\/wp-content\/uploads\/2022\/01\/27338-1024x680.jpg\" alt=\"\" width=\"1024\" height=\"680\" \/><\/a><\/p>\n<p>La piscina de disseny d\u2019aquesta casa <strong>d\u2019Esplugues<\/strong> no ve sola, a la casa de <strong>750m2<\/strong> tamb\u00e9 trobem un gimn\u00e0s amb zona d\u2019aig\u00fces,<strong> spa doble, sauna humida, piscina interior i font de ge<\/strong>l. La casa de disseny minimalista \u00e9s del reconegut arquitecte Josep M. Carta\u00f1\u00e0 i ve equipada amb un <strong>control dom\u00f2tic<\/strong>, plaques solars i ascensor interior. Per\u00f2, a m\u00e9s a m\u00e9s, el jard\u00ed japon\u00e8s ha estat dissenyat pel prestigi\u00f3s estudi de paisatgisme de Mireia Ros.<\/p>\n<p><em><span style=\"color: #0000ff;\">27287- Gran mansi\u00f3 d\u2019inspiraci\u00f3 oriental<\/span><\/em><\/p>\n<p><a href=\"https:\/\/www.amatimmobiliaris.com\/ca\/immobles-en-venda\"><img loading=\"lazy\" decoding=\"async\" class=\"aligncenter size-large wp-image-18640\" src=\"https:\/\/www.amatimmobiliaris.com\/w\/wp-content\/uploads\/2022\/01\/27287-1024x683.jpg\" alt=\"\" width=\"1024\" height=\"683\" \/><\/a><\/p>\n<p>Aquesta piscina que d\u00f3na pas a la magnifica <strong>casa de 612m2<\/strong> a la que pertany la trobem a <strong>Barcelona<\/strong>. Quan diem la paraula mansi\u00f3 no us enganyem, al seu interio<strong>r hi trobem de tot: 9\u00a0 habitacions, 6 banys, biblioteca, gimn\u00e0s, sauna, celler, barbacoa amb un ascensor per totes les seves plantes i amb<\/strong> plaques solars. El porxo que ens fa arribar aires d\u2019orient \u00e9s una de les seves parts m\u00e9s destacades del jard\u00ed.<\/p>\n<p><em><span style=\"color: #0000ff;\">26121- Excel\u00b7lent casa d\u2019amplis espais<\/span><\/em><\/p>\n<p><a href=\"https:\/\/www.amatimmobiliaris.com\/ca\/immobles-en-venda\"><img loading=\"lazy\" decoding=\"async\" class=\"aligncenter size-large wp-image-18641\" src=\"https:\/\/www.amatimmobiliaris.com\/w\/wp-content\/uploads\/2022\/01\/26121-1024x680.jpg\" alt=\"\" width=\"1024\" height=\"680\" \/><\/a><\/p>\n<p>La piscina privada d\u2019aquesta casa \u00e9s fant\u00e0stica, igual que la casa a la que pertany ubicada a <strong>Sant Cugat de 461m2<\/strong>. Trobem <strong>amplis espais<\/strong> distribu\u00efts en 3 plantes i un gran jard\u00ed reformat amb materials de qualitat.<\/p>\n<p><em><span style=\"color: #0000ff;\">25137- Promoci\u00f3 d\u2019alt standing<\/span><\/em><\/p>\n<p><a href=\"https:\/\/www.amatimmobiliaris.com\/ca\/immobles-en-venda\"><img loading=\"lazy\" decoding=\"async\" class=\"aligncenter size-large wp-image-18642\" src=\"https:\/\/www.amatimmobiliaris.com\/w\/wp-content\/uploads\/2022\/01\/25137-1024x680.jpg\" alt=\"\" width=\"1024\" height=\"680\" \/><\/a><\/p>\n<p>Banyar-nos en aquesta piscina \u00e9s el mateix que viure envoltat de disseny. La casa adossada d\u2019obra nova de<strong> Sant Cugat t\u00e9 570m2<\/strong> i est\u00e0 equipada amb <strong>materials de m\u00e0xima<\/strong> qualitat per un major confort amb el m\u00ednim consum. Trobem espais <strong>amplis i lluminosos<\/strong> amb el jard\u00ed on es troba la piscina i una terrassa amb molt bones vistes.<\/p>\n<p><span style=\"color: #0000ff;\"><em>26184- L\u2019illa del tresor<\/em><\/span><\/p>\n<p><a href=\"https:\/\/www.amatimmobiliaris.com\/ca\/immobles-en-venda\"><img loading=\"lazy\" decoding=\"async\" class=\"aligncenter size-large wp-image-18643\" src=\"https:\/\/www.amatimmobiliaris.com\/w\/wp-content\/uploads\/2022\/01\/26184-1024x680.jpg\" alt=\"\" width=\"1024\" height=\"680\" \/><\/a><\/p>\n<p>Aquesta piscina comunit\u00e0ria amb el seu jard\u00ed ve de la m\u00e0 de un fant\u00e0stic <strong>\u00e0tic de 550m2 de 3 plantes a Barcelona<\/strong>. En un edifici amb servei de<strong> consergeria les 24h<\/strong> ens sorpr\u00e8n aquest pis amb 5 habitacions i 6 banys amb una distribuci\u00f3 racional i una preciosa concepci\u00f3 de l\u2019espai.<\/p>\n<p><span style=\"color: #0000ff;\"><em><a style=\"color: #0000ff;\" href=\"https:\/\/www.amatimmobiliaris.com\/ca\/venda\/casa\/barcelona\/sant-cugat-del-valles\/exclusiva-finca-de-disseny-a-prop-del-golf-de-sant\" target=\"_blank\" rel=\"noopener\">22855- Exclusiva finca de disseny<\/a><\/em><\/span><\/p>\n<p><a href=\"https:\/\/www.amatimmobiliaris.com\/ca\/venda\/casa\/barcelona\/sant-cugat-del-valles\/exclusiva-finca-de-disseny-a-prop-del-golf-de-sant\"><img loading=\"lazy\" decoding=\"async\" class=\"aligncenter size-full wp-image-18644\" src=\"https:\/\/www.amatimmobiliaris.com\/w\/wp-content\/uploads\/2022\/01\/22855.jpg\" alt=\"\" width=\"836\" height=\"558\" \/><\/a><\/p>\n<p>La piscina completa la perfecci\u00f3 d\u2019aquesta casa de<strong> 850m2 de Sant Cugat<\/strong>. La casa \u00e9s un projecte dissenyat per <strong>l\u2019arquitecte Joan Lao<\/strong> i compta amb 5 habitacions i 6 banys d\u2019espais amplis, amb acabats d\u2019un alt nivell i amb unes<strong> vistes incre\u00efbles<\/strong>. Per moure\u2019s entre plantes tenim un ascensor que ens facilita la mobilitat fins al p\u00e0rquing on hi caben 5 cotxes.<\/p>\n","protected":false},"excerpt":{"rendered":"<p>Aquest any, m\u00e9s que mai, tenir una piscina privada o una comunit\u00e0ria \u00e9s un plaer, i per aquest motiu us volem ensenyar les millors i m\u00e9s espectaculars piscines que tenim ja sigui el seu disseny o per la seva mida. Si que \u00e9s cert que en el cas de que sigui una piscina comunit\u00e0ria s\u2019han [&hellip;]<\/p>\n","protected":false},"author":1,"featured_media":4434,"comment_status":"closed","ping_status":"closed","sticky":false,"template":"","format":"standard","meta":{"content-type":"","footnotes":""},"categories":[1636],"tags":[203,118,697,676,262,1681,661,641],"yoast_head":"<!-- This site is optimized with the Yoast SEO plugin v23.9 - https:\/\/yoast.com\/wordpress\/plugins\/seo\/ -->\n<title>Les 10 millors piscines per refrescar-se els mesos d\u2019estiu | Amat Immobiliaris<\/title>\n<meta name=\"robots\" content=\"index, follow, max-snippet:-1, max-image-preview:large, max-video-preview:-1\" \/>\n<link rel=\"canonical\" href=\"https:\/\/www.amatimmobiliaris.com\/w\/ca\/2020\/08\/les-10-millors-piscines-per-refrescar-se-els-mesos-destiu\/\" \/>\n<meta property=\"og:locale\" content=\"ca_ES\" \/>\n<meta property=\"og:type\" content=\"article\" \/>\n<meta property=\"og:title\" content=\"Les 10 millors piscines per refrescar-se els mesos d\u2019estiu | Amat Immobiliaris\" \/>\n<meta property=\"og:description\" content=\"Aquest any, m\u00e9s que mai, tenir una piscina privada o una comunit\u00e0ria \u00e9s un plaer, i per aquest motiu us volem ensenyar les millors i m\u00e9s espectaculars piscines que tenim ja sigui el seu disseny o per la seva mida. Si que \u00e9s cert que en el cas de que sigui una piscina comunit\u00e0ria s\u2019han [&hellip;]\" \/>\n<meta property=\"og:url\" content=\"https:\/\/www.amatimmobiliaris.com\/w\/ca\/2020\/08\/les-10-millors-piscines-per-refrescar-se-els-mesos-destiu\/\" \/>\n<meta property=\"og:site_name\" content=\"Amat Immobiliaris\" \/>\n<meta property=\"article:publisher\" content=\"https:\/\/www.facebook.com\/amatimmobiliaris\" \/>\n<meta property=\"article:published_time\" content=\"2020-08-05T11:33:37+00:00\" \/>\n<meta property=\"article:modified_time\" content=\"2023-09-19T12:21:22+00:00\" \/>\n<meta property=\"og:image\" content=\"https:\/\/www.amatimmobiliaris.com\/w\/wp-content\/uploads\/2022\/01\/19246.jpg\" \/>\n\t<meta property=\"og:image:width\" content=\"1920\" \/>\n\t<meta property=\"og:image:height\" content=\"1275\" \/>\n\t<meta property=\"og:image:type\" content=\"image\/jpeg\" \/>\n<meta name=\"author\" content=\"Amat Immobiliaris\" \/>\n<meta name=\"twitter:card\" content=\"summary_large_image\" \/>\n<meta name=\"twitter:creator\" content=\"@amat_cat\" \/>\n<meta name=\"twitter:site\" content=\"@amat_cat\" \/>\n<meta name=\"twitter:label1\" content=\"Escrit per\" \/>\n\t<meta name=\"twitter:data1\" content=\"Amat Immobiliaris\" \/>\n\t<meta name=\"twitter:label2\" content=\"Temps estimat de lectura\" \/>\n\t<meta name=\"twitter:data2\" content=\"6 minuts\" \/>\n<script type=\"application\/ld+json\" class=\"yoast-schema-graph\">{\"@context\":\"https:\/\/schema.org\",\"@graph\":[{\"@type\":\"Article\",\"@id\":\"https:\/\/www.amatimmobiliaris.com\/w\/ca\/2020\/08\/les-10-millors-piscines-per-refrescar-se-els-mesos-destiu\/#article\",\"isPartOf\":{\"@id\":\"https:\/\/www.amatimmobiliaris.com\/w\/en\/2020\/08\/top-10-swimming-pools-where-to-cool-off-in-the-summer-months\/\"},\"author\":{\"name\":\"Amat Immobiliaris\",\"@id\":\"https:\/\/www.amatimmobiliaris.com\/w\/#\/schema\/person\/c880da71d1e156e7ea6774ffb445e034\"},\"headline\":\"Les 10 millors piscines per refrescar-se els mesos d\u2019estiu\",\"datePublished\":\"2020-08-05T11:33:37+00:00\",\"dateModified\":\"2023-09-19T12:21:22+00:00\",\"mainEntityOfPage\":{\"@id\":\"https:\/\/www.amatimmobiliaris.com\/w\/en\/2020\/08\/top-10-swimming-pools-where-to-cool-off-in-the-summer-months\/\"},\"wordCount\":786,\"publisher\":{\"@id\":\"https:\/\/www.amatimmobiliaris.com\/w\/#organization\"},\"image\":{\"@id\":\"https:\/\/www.amatimmobiliaris.com\/w\/ca\/2020\/08\/les-10-millors-piscines-per-refrescar-se-els-mesos-destiu\/#primaryimage\"},\"thumbnailUrl\":\"https:\/\/www.amatimmobiliaris.com\/w\/wp-content\/uploads\/2022\/01\/19246.jpg\",\"keywords\":[\"Ascensor\",\"Barcelona\",\"Casa\",\"Garatge\",\"Habitaci\u00f3\",\"Habitatge\",\"Piscina\",\"Terrassa\"],\"articleSection\":[\"monthly\"],\"inLanguage\":\"ca\"},{\"@type\":\"WebPage\",\"@id\":\"https:\/\/www.amatimmobiliaris.com\/w\/en\/2020\/08\/top-10-swimming-pools-where-to-cool-off-in-the-summer-months\/\",\"url\":\"https:\/\/www.amatimmobiliaris.com\/w\/ca\/2020\/08\/les-10-millors-piscines-per-refrescar-se-els-mesos-destiu\/\",\"name\":\"Les 10 millors piscines per refrescar-se els mesos d\u2019estiu | Amat Immobiliaris\",\"isPartOf\":{\"@id\":\"https:\/\/www.amatimmobiliaris.com\/w\/#website\"},\"primaryImageOfPage\":{\"@id\":\"https:\/\/www.amatimmobiliaris.com\/w\/ca\/2020\/08\/les-10-millors-piscines-per-refrescar-se-els-mesos-destiu\/#primaryimage\"},\"image\":{\"@id\":\"https:\/\/www.amatimmobiliaris.com\/w\/ca\/2020\/08\/les-10-millors-piscines-per-refrescar-se-els-mesos-destiu\/#primaryimage\"},\"thumbnailUrl\":\"https:\/\/www.amatimmobiliaris.com\/w\/wp-content\/uploads\/2022\/01\/19246.jpg\",\"datePublished\":\"2020-08-05T11:33:37+00:00\",\"dateModified\":\"2023-09-19T12:21:22+00:00\",\"breadcrumb\":{\"@id\":\"https:\/\/www.amatimmobiliaris.com\/w\/ca\/2020\/08\/les-10-millors-piscines-per-refrescar-se-els-mesos-destiu\/#breadcrumb\"},\"inLanguage\":\"ca\",\"potentialAction\":[{\"@type\":\"ReadAction\",\"target\":[\"https:\/\/www.amatimmobiliaris.com\/w\/ca\/2020\/08\/les-10-millors-piscines-per-refrescar-se-els-mesos-destiu\/\"]}]},{\"@type\":\"ImageObject\",\"inLanguage\":\"ca\",\"@id\":\"https:\/\/www.amatimmobiliaris.com\/w\/ca\/2020\/08\/les-10-millors-piscines-per-refrescar-se-els-mesos-destiu\/#primaryimage\",\"url\":\"https:\/\/www.amatimmobiliaris.com\/w\/wp-content\/uploads\/2022\/01\/19246.jpg\",\"contentUrl\":\"https:\/\/www.amatimmobiliaris.com\/w\/wp-content\/uploads\/2022\/01\/19246.jpg\",\"width\":1920,\"height\":1275},{\"@type\":\"BreadcrumbList\",\"@id\":\"https:\/\/www.amatimmobiliaris.com\/w\/ca\/2020\/08\/les-10-millors-piscines-per-refrescar-se-els-mesos-destiu\/#breadcrumb\",\"itemListElement\":[{\"@type\":\"ListItem\",\"position\":1,\"name\":\"Home\",\"item\":\"https:\/\/www.amatimmobiliaris.com\/w\/ca\/\"},{\"@type\":\"ListItem\",\"position\":2,\"name\":\"Pisos destacats\",\"item\":\"https:\/\/www.amatimmobiliaris.com\/w\/ca\/categoria-ca\/pisos-destacats-ca\/\"},{\"@type\":\"ListItem\",\"position\":3,\"name\":\"Les 10 millors piscines per refrescar-se els mesos d\u2019estiu\"}]},{\"@type\":\"WebSite\",\"@id\":\"https:\/\/www.amatimmobiliaris.com\/w\/#website\",\"url\":\"https:\/\/www.amatimmobiliaris.com\/w\/\",\"name\":\"Amat Immobiliaris\",\"description\":\"Empresa familiar del sector inmobiliario con oficinas en Barcelona, Sant Cugat del Vall\u00e9s y Sant Just Desvern. Te ayudamos a comprar, alquilar o vender tu casa o piso. Somos un equipo coherente con una cultura de empresa honesta, innovadora y eficaz. Tambi\u00e9n en www.amatluxury.com\",\"publisher\":{\"@id\":\"https:\/\/www.amatimmobiliaris.com\/w\/#organization\"},\"alternateName\":\"AmatImmo\",\"potentialAction\":[{\"@type\":\"SearchAction\",\"target\":{\"@type\":\"EntryPoint\",\"urlTemplate\":\"https:\/\/www.amatimmobiliaris.com\/w\/?s={search_term_string}\"},\"query-input\":{\"@type\":\"PropertyValueSpecification\",\"valueRequired\":true,\"valueName\":\"search_term_string\"}}],\"inLanguage\":\"ca\"},{\"@type\":\"Organization\",\"@id\":\"https:\/\/www.amatimmobiliaris.com\/w\/#organization\",\"name\":\"Amat Immobiliaris\",\"url\":\"https:\/\/www.amatimmobiliaris.com\/w\/\",\"logo\":{\"@type\":\"ImageObject\",\"inLanguage\":\"ca\",\"@id\":\"https:\/\/www.amatimmobiliaris.com\/w\/#\/schema\/logo\/image\/\",\"url\":\"https:\/\/www.amatimmobiliaris.com\/w\/wp-content\/uploads\/2022\/10\/amat-logo.jpg\",\"contentUrl\":\"https:\/\/www.amatimmobiliaris.com\/w\/wp-content\/uploads\/2022\/10\/amat-logo.jpg\",\"width\":900,\"height\":900,\"caption\":\"Amat Immobiliaris\"},\"image\":{\"@id\":\"https:\/\/www.amatimmobiliaris.com\/w\/#\/schema\/logo\/image\/\"},\"sameAs\":[\"https:\/\/www.facebook.com\/amatimmobiliaris\",\"https:\/\/x.com\/amat_cat\",\"https:\/\/www.instagram.com\/amat_immo\/\",\"https:\/\/www.linkedin.com\/company\/amat-finques\/\",\"https:\/\/www.youtube.com\/@amatimmobiliaris\"]},{\"@type\":\"Person\",\"@id\":\"https:\/\/www.amatimmobiliaris.com\/w\/#\/schema\/person\/c880da71d1e156e7ea6774ffb445e034\",\"name\":\"Amat Immobiliaris\",\"sameAs\":[\"http:\/\/amat-inmo-wp.localhost\"]}]}<\/script>\n<!-- \/ Yoast SEO plugin. -->","yoast_head_json":{"title":"Les 10 millors piscines per refrescar-se els mesos d\u2019estiu | Amat Immobiliaris","robots":{"index":"index","follow":"follow","max-snippet":"max-snippet:-1","max-image-preview":"max-image-preview:large","max-video-preview":"max-video-preview:-1"},"canonical":"https:\/\/www.amatimmobiliaris.com\/w\/ca\/2020\/08\/les-10-millors-piscines-per-refrescar-se-els-mesos-destiu\/","og_locale":"ca_ES","og_type":"article","og_title":"Les 10 millors piscines per refrescar-se els mesos d\u2019estiu | Amat Immobiliaris","og_description":"Aquest any, m\u00e9s que mai, tenir una piscina privada o una comunit\u00e0ria \u00e9s un plaer, i per aquest motiu us volem ensenyar les millors i m\u00e9s espectaculars piscines que tenim ja sigui el seu disseny o per la seva mida. Si que \u00e9s cert que en el cas de que sigui una piscina comunit\u00e0ria s\u2019han [&hellip;]","og_url":"https:\/\/www.amatimmobiliaris.com\/w\/ca\/2020\/08\/les-10-millors-piscines-per-refrescar-se-els-mesos-destiu\/","og_site_name":"Amat Immobiliaris","article_publisher":"https:\/\/www.facebook.com\/amatimmobiliaris","article_published_time":"2020-08-05T11:33:37+00:00","article_modified_time":"2023-09-19T12:21:22+00:00","og_image":[{"width":1920,"height":1275,"url":"https:\/\/www.amatimmobiliaris.com\/w\/wp-content\/uploads\/2022\/01\/19246.jpg","type":"image\/jpeg"}],"author":"Amat Immobiliaris","twitter_card":"summary_large_image","twitter_creator":"@amat_cat","twitter_site":"@amat_cat","twitter_misc":{"Escrit per":"Amat Immobiliaris","Temps estimat de lectura":"6 minuts"},"schema":{"@context":"https:\/\/schema.org","@graph":[{"@type":"Article","@id":"https:\/\/www.amatimmobiliaris.com\/w\/ca\/2020\/08\/les-10-millors-piscines-per-refrescar-se-els-mesos-destiu\/#article","isPartOf":{"@id":"https:\/\/www.amatimmobiliaris.com\/w\/en\/2020\/08\/top-10-swimming-pools-where-to-cool-off-in-the-summer-months\/"},"author":{"name":"Amat Immobiliaris","@id":"https:\/\/www.amatimmobiliaris.com\/w\/#\/schema\/person\/c880da71d1e156e7ea6774ffb445e034"},"headline":"Les 10 millors piscines per refrescar-se els mesos d\u2019estiu","datePublished":"2020-08-05T11:33:37+00:00","dateModified":"2023-09-19T12:21:22+00:00","mainEntityOfPage":{"@id":"https:\/\/www.amatimmobiliaris.com\/w\/en\/2020\/08\/top-10-swimming-pools-where-to-cool-off-in-the-summer-months\/"},"wordCount":786,"publisher":{"@id":"https:\/\/www.amatimmobiliaris.com\/w\/#organization"},"image":{"@id":"https:\/\/www.amatimmobiliaris.com\/w\/ca\/2020\/08\/les-10-millors-piscines-per-refrescar-se-els-mesos-destiu\/#primaryimage"},"thumbnailUrl":"https:\/\/www.amatimmobiliaris.com\/w\/wp-content\/uploads\/2022\/01\/19246.jpg","keywords":["Ascensor","Barcelona","Casa","Garatge","Habitaci\u00f3","Habitatge","Piscina","Terrassa"],"articleSection":["monthly"],"inLanguage":"ca"},{"@type":"WebPage","@id":"https:\/\/www.amatimmobiliaris.com\/w\/en\/2020\/08\/top-10-swimming-pools-where-to-cool-off-in-the-summer-months\/","url":"https:\/\/www.amatimmobiliaris.com\/w\/ca\/2020\/08\/les-10-millors-piscines-per-refrescar-se-els-mesos-destiu\/","name":"Les 10 millors piscines per refrescar-se els mesos d\u2019estiu | Amat Immobiliaris","isPartOf":{"@id":"https:\/\/www.amatimmobiliaris.com\/w\/#website"},"primaryImageOfPage":{"@id":"https:\/\/www.amatimmobiliaris.com\/w\/ca\/2020\/08\/les-10-millors-piscines-per-refrescar-se-els-mesos-destiu\/#primaryimage"},"image":{"@id":"https:\/\/www.amatimmobiliaris.com\/w\/ca\/2020\/08\/les-10-millors-piscines-per-refrescar-se-els-mesos-destiu\/#primaryimage"},"thumbnailUrl":"https:\/\/www.amatimmobiliaris.com\/w\/wp-content\/uploads\/2022\/01\/19246.jpg","datePublished":"2020-08-05T11:33:37+00:00","dateModified":"2023-09-19T12:21:22+00:00","breadcrumb":{"@id":"https:\/\/www.amatimmobiliaris.com\/w\/ca\/2020\/08\/les-10-millors-piscines-per-refrescar-se-els-mesos-destiu\/#breadcrumb"},"inLanguage":"ca","potentialAction":[{"@type":"ReadAction","target":["https:\/\/www.amatimmobiliaris.com\/w\/ca\/2020\/08\/les-10-millors-piscines-per-refrescar-se-els-mesos-destiu\/"]}]},{"@type":"ImageObject","inLanguage":"ca","@id":"https:\/\/www.amatimmobiliaris.com\/w\/ca\/2020\/08\/les-10-millors-piscines-per-refrescar-se-els-mesos-destiu\/#primaryimage","url":"https:\/\/www.amatimmobiliaris.com\/w\/wp-content\/uploads\/2022\/01\/19246.jpg","contentUrl":"https:\/\/www.amatimmobiliaris.com\/w\/wp-content\/uploads\/2022\/01\/19246.jpg","width":1920,"height":1275},{"@type":"BreadcrumbList","@id":"https:\/\/www.amatimmobiliaris.com\/w\/ca\/2020\/08\/les-10-millors-piscines-per-refrescar-se-els-mesos-destiu\/#breadcrumb","itemListElement":[{"@type":"ListItem","position":1,"name":"Home","item":"https:\/\/www.amatimmobiliaris.com\/w\/ca\/"},{"@type":"ListItem","position":2,"name":"Pisos destacats","item":"https:\/\/www.amatimmobiliaris.com\/w\/ca\/categoria-ca\/pisos-destacats-ca\/"},{"@type":"ListItem","position":3,"name":"Les 10 millors piscines per refrescar-se els mesos d\u2019estiu"}]},{"@type":"WebSite","@id":"https:\/\/www.amatimmobiliaris.com\/w\/#website","url":"https:\/\/www.amatimmobiliaris.com\/w\/","name":"Amat Immobiliaris","description":"Empresa familiar del sector inmobiliario con oficinas en Barcelona, Sant Cugat del Vall\u00e9s y Sant Just Desvern. Te ayudamos a comprar, alquilar o vender tu casa o piso. Somos un equipo coherente con una cultura de empresa honesta, innovadora y eficaz. Tambi\u00e9n en www.amatluxury.com","publisher":{"@id":"https:\/\/www.amatimmobiliaris.com\/w\/#organization"},"alternateName":"AmatImmo","potentialAction":[{"@type":"SearchAction","target":{"@type":"EntryPoint","urlTemplate":"https:\/\/www.amatimmobiliaris.com\/w\/?s={search_term_string}"},"query-input":{"@type":"PropertyValueSpecification","valueRequired":true,"valueName":"search_term_string"}}],"inLanguage":"ca"},{"@type":"Organization","@id":"https:\/\/www.amatimmobiliaris.com\/w\/#organization","name":"Amat Immobiliaris","url":"https:\/\/www.amatimmobiliaris.com\/w\/","logo":{"@type":"ImageObject","inLanguage":"ca","@id":"https:\/\/www.amatimmobiliaris.com\/w\/#\/schema\/logo\/image\/","url":"https:\/\/www.amatimmobiliaris.com\/w\/wp-content\/uploads\/2022\/10\/amat-logo.jpg","contentUrl":"https:\/\/www.amatimmobiliaris.com\/w\/wp-content\/uploads\/2022\/10\/amat-logo.jpg","width":900,"height":900,"caption":"Amat Immobiliaris"},"image":{"@id":"https:\/\/www.amatimmobiliaris.com\/w\/#\/schema\/logo\/image\/"},"sameAs":["https:\/\/www.facebook.com\/amatimmobiliaris","https:\/\/x.com\/amat_cat","https:\/\/www.instagram.com\/amat_immo\/","https:\/\/www.linkedin.com\/company\/amat-finques\/","https:\/\/www.youtube.com\/@amatimmobiliaris"]},{"@type":"Person","@id":"https:\/\/www.amatimmobiliaris.com\/w\/#\/schema\/person\/c880da71d1e156e7ea6774ffb445e034","name":"Amat Immobiliaris","sameAs":["http:\/\/amat-inmo-wp.localhost"]}]}},"_links":{"self":[{"href":"https:\/\/www.amatimmobiliaris.com\/w\/ca\/wp-json\/wp\/v2\/posts\/4433"}],"collection":[{"href":"https:\/\/www.amatimmobiliaris.com\/w\/ca\/wp-json\/wp\/v2\/posts"}],"about":[{"href":"https:\/\/www.amatimmobiliaris.com\/w\/ca\/wp-json\/wp\/v2\/types\/post"}],"author":[{"embeddable":true,"href":"https:\/\/www.amatimmobiliaris.com\/w\/ca\/wp-json\/wp\/v2\/users\/1"}],"replies":[{"embeddable":true,"href":"https:\/\/www.amatimmobiliaris.com\/w\/ca\/wp-json\/wp\/v2\/comments?post=4433"}],"version-history":[{"count":13,"href":"https:\/\/www.amatimmobiliaris.com\/w\/ca\/wp-json\/wp\/v2\/posts\/4433\/revisions"}],"predecessor-version":[{"id":30548,"href":"https:\/\/www.amatimmobiliaris.com\/w\/ca\/wp-json\/wp\/v2\/posts\/4433\/revisions\/30548"}],"wp:featuredmedia":[{"embeddable":true,"href":"https:\/\/www.amatimmobiliaris.com\/w\/ca\/wp-json\/wp\/v2\/media\/4434"}],"wp:attachment":[{"href":"https:\/\/www.amatimmobiliaris.com\/w\/ca\/wp-json\/wp\/v2\/media?parent=4433"}],"wp:term":[{"taxonomy":"category","embeddable":true,"href":"https:\/\/www.amatimmobiliaris.com\/w\/ca\/wp-json\/wp\/v2\/categories?post=4433"},{"taxonomy":"post_tag","embeddable":true,"href":"https:\/\/www.amatimmobiliaris.com\/w\/ca\/wp-json\/wp\/v2\/tags?post=4433"}],"curies":[{"name":"wp","href":"https:\/\/api.w.org\/{rel}","templated":true}]}}