{"id":4396,"date":"2020-04-29T09:36:25","date_gmt":"2020-04-29T09:36:25","guid":{"rendered":"https:\/\/amat-inmo-wp.localhost\/2020\/04\/29\/leficiencia-energetica-les-nostres-llars\/"},"modified":"2024-09-09T09:08:56","modified_gmt":"2024-09-09T09:08:56","slug":"leficiencia-energetica-les-nostres-llars","status":"publish","type":"post","link":"https:\/\/www.amatimmobiliaris.com\/w\/ca\/2020\/04\/leficiencia-energetica-les-nostres-llars\/","title":{"rendered":"L\u2019efici\u00e8ncia energ\u00e8tica a les nostres llars"},"content":{"rendered":"<p>Ara que estem passant m\u00e9s dies a casa que mai \u00e9s bo saber si vivim a una casa amb <strong>una alta efici\u00e8ncia energ\u00e8tica<\/strong> o no. I en el cas que l\u2019efici\u00e8ncia energ\u00e8tica de casa nostra no sigui bona hem de saber qu\u00e8 podem fer per millorar-la.<\/p>\n<ul>\n<li><strong>Per\u00f2, qu\u00e8 \u00e9s l\u2019efici\u00e8ncia energ\u00e8tica? <\/strong><\/li>\n<\/ul>\n<p>Es fa servir per valorar l\u2019\u00fas eficient de l\u2019energia, i busca protegir el medi ambient reduint la intensitat d\u2019energia consumint nom\u00e9s el qu\u00e8 \u00e9s necessari. \u00c9s a dir, es tracta de consumir una quantitat d\u2019energia inferior a la mitjana que s\u2019utilitza per realitzar el mateix proc\u00e9s; la f\u00f3rmula \u00e9s la seg\u00fcent: <strong>menys energia per fer el mateix esfor\u00e7 intentant utilitzar el m\u00e0xim possible d\u2019energies renovables per fer-ho<\/strong>. Per tant, s\u2019ha de buscar utilitzar electrodom\u00e8stics que consumeixen menys, per\u00f2 tamb\u00e9 est\u00e0 b\u00e9 incloure al nostre dia a dia h\u00e0bits de consum m\u00e9s ecol\u00f2gics i \u201cverds\u201d.<\/p>\n<p>Els avantatges i beneficis de tenir una bona efici\u00e8ncia energ\u00e8tica s\u00f3n els seg\u00fcents:<\/p>\n<p><img loading=\"lazy\" decoding=\"async\" class=\"alignright size-medium wp-image-17822\" src=\"https:\/\/www.amatimmobiliaris.com\/w\/wp-content\/uploads\/2022\/01\/foto-valors-300x225.jpg\" alt=\"\" width=\"300\" height=\"225\" \/><\/p>\n<p>&nbsp;<\/p>\n<ul>\n<li>Reduir despeses d\u2019energia.<\/li>\n<li>Reduir els costos de producci\u00f3.<\/li>\n<li>Disminuir la depend\u00e8ncia energ\u00e8tica exterior.<\/li>\n<li>Augmentar la seguretat en el prove\u00efment d\u2019energia.<\/li>\n<li>Disminuir el consum de recursos naturals.<\/li>\n<li>Reduir el deteriorament del medi ambient.<\/li>\n<li>Reduir l\u2019impacte dels gasos de l\u2019efecte hivernacle.<\/li>\n<\/ul>\n<p>&nbsp;<\/p>\n<p>Per aquests motius \u00e9s obligatori que tots els immobles tinguin marcada quina qualificaci\u00f3 energ\u00e8tica tenen per estar-ne informat. <strong>La catalogaci\u00f3 es marca amb lletres i colors<\/strong>. Des de la lletra A fins a la G sent la primera la m\u00e9s eficient i la G la menys, i acompanyades d\u2019una paleta de colors que va des del verd fins al vermell.<\/p>\n<ul>\n<li><strong>Com es cataloga l\u2019efici\u00e8ncia energ\u00e8tica de les obres noves i de les cases en venda o lloguer?<\/strong><\/li>\n<\/ul>\n<p>Es recopila tota la informaci\u00f3 i les dades f\u00edsiques necess\u00e0ries per fer una certificaci\u00f3 correcta. Tamb\u00e9 es fa un recull fotogr\u00e0fic de l\u2019immoble o del local per verificar les dades que es recopilen durant la realitzaci\u00f3 del certificat que es fa a trav\u00e9s d\u2019un programa inform\u00e0tic espec\u00edfic.<\/p>\n<p>Els t\u00e8cnics es fixen en la <strong>fa\u00e7ana principal<\/strong>, les <strong>diferents obertures<\/strong> de l\u2019immoble i quantes hi ha, les instal\u00b7lacions, els <strong>espais interiors<\/strong> i fan un croquis de les dimensions, l\u2019al\u00e7ada i les seves caracter\u00edstiques, comptabilitzant els <strong>elements de protecci\u00f3 solar<\/strong> i els punts d\u2019il\u00b7luminaci\u00f3.<\/p>\n<p>Una altre aspecte que tenen en compte \u00e9s l\u2019<strong>orientaci\u00f3 geogr\u00e0fica <\/strong>dels tancaments; \u00e9s a dir si estan encarats cap al sud la qualificaci\u00f3 energ\u00e8tica de la calefacci\u00f3 ser\u00e0 millor, per\u00f2 en el cas de la refrigeraci\u00f3, de cara a l\u2019estiu, no ser\u00e0 tan bona. Per aquest motiu \u00e9s molt important tenir uns bons tancaments i qu\u00e8 siguin adequats per cada lloc.<\/p>\n<p>Con\u00e8ixer la <strong>efici\u00e8ncia de les instal\u00b7lacions<\/strong> i la tipologia, sobretot si es disposa d\u2019un abastiment amb <strong>energies renovables<\/strong>, est\u00e0 clar que \u00e9s determinant al moment de fer la qualificaci\u00f3 energ\u00e8tica de l\u2019edifici.<\/p>\n<ul>\n<li><strong>Quin material \u00e9s important col\u00b7locar durant la construcci\u00f3?<\/strong><\/li>\n<\/ul>\n<p>El m\u00e9s importants \u00e9s tenir un bon <strong>a\u00efllament t\u00e8rmic<\/strong> a tota la fa\u00e7ana exterior per tal de millorar la in\u00e8rcia t\u00e8rmica aconseguint un estalvi energ\u00e8tic elevat. Tota la resta de materials, si no els han col\u00b7locat durant la construcci\u00f3 no \u00e9s tant complicat instal\u00b7lar-los despr\u00e9s, tot i que a la majoria de noves construccions ja hi s\u00f3n.<\/p>\n<ul>\n<li><strong>Com podem fer que casa nostra sigui m\u00e9s eficient?<\/strong><\/li>\n<\/ul>\n<p><img loading=\"lazy\" decoding=\"async\" class=\"alignleft size-medium wp-image-12472\" src=\"https:\/\/www.amatimmobiliaris.com\/w\/wp-content\/uploads\/2022\/01\/verge-de-montserrat-8-scaled.jpg\" alt=\"\" width=\"300\" height=\"199\" \/>En el cas que visquem en un edifici antic hi ha coses que podem canviar per tal de millorar en efici\u00e8ncia energ\u00e8tica. Un exemple, s\u00f3n els <strong>vidres i els marcs de les finestres<\/strong>, \u00e9s important tenir finestres amb doble vidre i c\u00e0mera d\u2019aire. Per\u00f2 si la casa est\u00e0 orientada cap al sud, sud-est o sud-oest tamb\u00e9 s\u2019ha de pensar en col\u00b7locar algun element de protecci\u00f3 solar com persianes o tendals.<\/p>\n<p>Si disposem d\u2019un aire condicionat bastant antic, de m\u00e9s de 10 anys, hem de valorar quins SCOP i SEER (coeficient d\u2019efici\u00e8ncia energ\u00e8tica) t\u00e9 per saber si amb un canvi sortirem guanyant. Actualment el valors del COP i el SEER s\u00f3n de 4 o superiors; fent aquest canvi ens podem arribar a estalviar anualment un 50%, i es recomana que els equips tamb\u00e9 serveixin com a calefacci\u00f3.<\/p>\n<p>En el cas de l\u2019aigua calenta, el sistema d\u2019escalfament m\u00e9s eficient s\u00f3n <strong>les calderes de condensaci\u00f3<\/strong>. Per\u00f2 per escalfar l\u2019aigua, sigui la caldera que sigui, es necessita una gran quantitat d\u2019energia fins arribar a la temperatura adient (entre 35 i 41\u00baC); a\u00efllant les canonades i ajustant la temperatura de sortida de la v\u00e0lvules s\u2019ajuda a reduir el consum.<\/p>\n<p>Si parlem d\u2019electrodom\u00e8stics es recomana tenir una cuina amb vitrocer\u00e0mica i tenir aparells que disposin d\u2019una <strong>qualificaci\u00f3 de classe A<\/strong>. Per\u00f2 durant el nostre dia a dia hi ha h\u00e0bits que podem canviar i que ens ajudaran a estalviar i a tornar la casa m\u00e9s eficient. Un exemple \u00e9s evitar les llums de \u2018stand-by\u2019 d\u2019alguns electrodom\u00e8stics, o evitar els rellotges digitals que consumeixen energia constantment. Instal\u00b7lar <strong>bombetes led o de baix consum<\/strong>, i fins i tot amb una bona col\u00b7locaci\u00f3 de miralls tamb\u00e9 es pot arribar a fer m\u00e9s llum consumint menys; el qu\u00e8 s\u00ed s\u2019ha de tenir clar \u00e9s que durant les hores de llum natural no hauria de ser necessari tenir els llums encesos i aix\u00ed reduir la llum el\u00e8ctrica de casa.<\/p>\n<p>I per \u00faltim, un altre punt molt important \u00e9s valorar d\u2019instal\u00b7lar un sistema d\u2019energia solar. Tot i que la inversi\u00f3 a l\u2019inici pot semblar alta, a la llarga \u00e9s un estalvi important.<\/p>\n","protected":false},"excerpt":{"rendered":"<p>Ara que estem passant m\u00e9s dies a casa que mai \u00e9s bo saber si vivim a una casa amb una alta efici\u00e8ncia energ\u00e8tica o no. I en el cas que l\u2019efici\u00e8ncia energ\u00e8tica de casa nostra no sigui bona hem de saber qu\u00e8 podem fer per millorar-la. Per\u00f2, qu\u00e8 \u00e9s l\u2019efici\u00e8ncia energ\u00e8tica? Es fa servir per [&hellip;]<\/p>\n","protected":false},"author":1,"featured_media":4397,"comment_status":"closed","ping_status":"closed","sticky":false,"template":"","format":"standard","meta":{"content-type":"","footnotes":""},"categories":[1151,1168],"tags":[1100,537,697,559,1711,652,171,1681,1558,1350,1718,707,653,640,1728,734,2036],"yoast_head":"<!-- This site is optimized with the Yoast SEO plugin v23.9 - https:\/\/yoast.com\/wordpress\/plugins\/seo\/ -->\n<title>L\u2019efici\u00e8ncia energ\u00e8tica a les nostres llars | Amat Immobiliaris<\/title>\n<meta name=\"description\" content=\"Descobreix com millorar l&#039;efici\u00e8ncia energ\u00e8tica de la teva llar amb consells pr\u00e0ctics i solucions sostenibles. Estalvia energia i diners!\" \/>\n<meta name=\"robots\" content=\"index, follow, max-snippet:-1, max-image-preview:large, max-video-preview:-1\" \/>\n<link rel=\"canonical\" href=\"https:\/\/www.amatimmobiliaris.com\/w\/ca\/2020\/04\/leficiencia-energetica-les-nostres-llars\/\" \/>\n<meta property=\"og:locale\" content=\"ca_ES\" \/>\n<meta property=\"og:type\" content=\"article\" \/>\n<meta property=\"og:title\" content=\"L\u2019efici\u00e8ncia energ\u00e8tica a les nostres llars | Amat Immobiliaris\" \/>\n<meta property=\"og:description\" content=\"Descobreix com millorar l&#039;efici\u00e8ncia energ\u00e8tica de la teva llar amb consells pr\u00e0ctics i solucions sostenibles. Estalvia energia i diners!\" \/>\n<meta property=\"og:url\" content=\"https:\/\/www.amatimmobiliaris.com\/w\/ca\/2020\/04\/leficiencia-energetica-les-nostres-llars\/\" \/>\n<meta property=\"og:site_name\" content=\"Amat Immobiliaris\" \/>\n<meta property=\"article:publisher\" content=\"https:\/\/www.facebook.com\/amatimmobiliaris\" \/>\n<meta property=\"article:published_time\" content=\"2020-04-29T09:36:25+00:00\" \/>\n<meta property=\"article:modified_time\" content=\"2024-09-09T09:08:56+00:00\" \/>\n<meta property=\"og:image\" content=\"https:\/\/www.amatimmobiliaris.com\/w\/wp-content\/uploads\/2022\/01\/foto-valors.jpg\" \/>\n\t<meta property=\"og:image:width\" content=\"489\" \/>\n\t<meta property=\"og:image:height\" content=\"367\" \/>\n\t<meta property=\"og:image:type\" content=\"image\/jpeg\" \/>\n<meta name=\"author\" content=\"Amat Immobiliaris\" \/>\n<meta name=\"twitter:card\" content=\"summary_large_image\" \/>\n<meta name=\"twitter:creator\" content=\"@amat_cat\" \/>\n<meta name=\"twitter:site\" content=\"@amat_cat\" \/>\n<meta name=\"twitter:label1\" content=\"Escrit per\" \/>\n\t<meta name=\"twitter:data1\" content=\"Amat Immobiliaris\" \/>\n\t<meta name=\"twitter:label2\" content=\"Temps estimat de lectura\" \/>\n\t<meta name=\"twitter:data2\" content=\"5 minuts\" \/>\n<script type=\"application\/ld+json\" class=\"yoast-schema-graph\">{\"@context\":\"https:\/\/schema.org\",\"@graph\":[{\"@type\":\"Article\",\"@id\":\"https:\/\/www.amatimmobiliaris.com\/w\/ca\/2020\/04\/leficiencia-energetica-les-nostres-llars\/#article\",\"isPartOf\":{\"@id\":\"https:\/\/www.amatimmobiliaris.com\/w\/ca\/2020\/04\/leficiencia-energetica-les-nostres-llars\/\"},\"author\":{\"name\":\"Amat Immobiliaris\",\"@id\":\"https:\/\/www.amatimmobiliaris.com\/w\/#\/schema\/person\/c880da71d1e156e7ea6774ffb445e034\"},\"headline\":\"L\u2019efici\u00e8ncia energ\u00e8tica a les nostres llars\",\"datePublished\":\"2020-04-29T09:36:25+00:00\",\"dateModified\":\"2024-09-09T09:08:56+00:00\",\"mainEntityOfPage\":{\"@id\":\"https:\/\/www.amatimmobiliaris.com\/w\/ca\/2020\/04\/leficiencia-energetica-les-nostres-llars\/\"},\"wordCount\":1010,\"publisher\":{\"@id\":\"https:\/\/www.amatimmobiliaris.com\/w\/#organization\"},\"image\":{\"@id\":\"https:\/\/www.amatimmobiliaris.com\/w\/ca\/2020\/04\/leficiencia-energetica-les-nostres-llars\/#primaryimage\"},\"thumbnailUrl\":\"https:\/\/www.amatimmobiliaris.com\/w\/wp-content\/uploads\/2022\/01\/foto-valors.jpg\",\"keywords\":[\"Amatzonia\",\"Beneficis\",\"Casa\",\"Efici\u00e8ncia energ\u00e8tica\",\"Energia renovable\",\"Energia solar\",\"Estalvi\",\"Habitatge\",\"Lloguer\",\"Obra nova\",\"Panells fotovoltaics\",\"Plaques solars\",\"Qualificaci\u00f3 energ\u00e8tica\",\"Sol\",\"Sostenibilitat\",\"Sostenible\",\"Valors\"],\"articleSection\":[\"Arquitectura i decoraci\u00f3\",\"Efici\u00e8ncia energ\u00e8tica\"],\"inLanguage\":\"ca\"},{\"@type\":\"WebPage\",\"@id\":\"https:\/\/www.amatimmobiliaris.com\/w\/ca\/2020\/04\/leficiencia-energetica-les-nostres-llars\/\",\"url\":\"https:\/\/www.amatimmobiliaris.com\/w\/ca\/2020\/04\/leficiencia-energetica-les-nostres-llars\/\",\"name\":\"L\u2019efici\u00e8ncia energ\u00e8tica a les nostres llars | Amat Immobiliaris\",\"isPartOf\":{\"@id\":\"https:\/\/www.amatimmobiliaris.com\/w\/#website\"},\"primaryImageOfPage\":{\"@id\":\"https:\/\/www.amatimmobiliaris.com\/w\/ca\/2020\/04\/leficiencia-energetica-les-nostres-llars\/#primaryimage\"},\"image\":{\"@id\":\"https:\/\/www.amatimmobiliaris.com\/w\/ca\/2020\/04\/leficiencia-energetica-les-nostres-llars\/#primaryimage\"},\"thumbnailUrl\":\"https:\/\/www.amatimmobiliaris.com\/w\/wp-content\/uploads\/2022\/01\/foto-valors.jpg\",\"datePublished\":\"2020-04-29T09:36:25+00:00\",\"dateModified\":\"2024-09-09T09:08:56+00:00\",\"description\":\"Descobreix com millorar l'efici\u00e8ncia energ\u00e8tica de la teva llar amb consells pr\u00e0ctics i solucions sostenibles. Estalvia energia i diners!\",\"breadcrumb\":{\"@id\":\"https:\/\/www.amatimmobiliaris.com\/w\/ca\/2020\/04\/leficiencia-energetica-les-nostres-llars\/#breadcrumb\"},\"inLanguage\":\"ca\",\"potentialAction\":[{\"@type\":\"ReadAction\",\"target\":[\"https:\/\/www.amatimmobiliaris.com\/w\/ca\/2020\/04\/leficiencia-energetica-les-nostres-llars\/\"]}]},{\"@type\":\"ImageObject\",\"inLanguage\":\"ca\",\"@id\":\"https:\/\/www.amatimmobiliaris.com\/w\/ca\/2020\/04\/leficiencia-energetica-les-nostres-llars\/#primaryimage\",\"url\":\"https:\/\/www.amatimmobiliaris.com\/w\/wp-content\/uploads\/2022\/01\/foto-valors.jpg\",\"contentUrl\":\"https:\/\/www.amatimmobiliaris.com\/w\/wp-content\/uploads\/2022\/01\/foto-valors.jpg\",\"width\":489,\"height\":367},{\"@type\":\"BreadcrumbList\",\"@id\":\"https:\/\/www.amatimmobiliaris.com\/w\/ca\/2020\/04\/leficiencia-energetica-les-nostres-llars\/#breadcrumb\",\"itemListElement\":[{\"@type\":\"ListItem\",\"position\":1,\"name\":\"Home\",\"item\":\"https:\/\/www.amatimmobiliaris.com\/w\/ca\/\"},{\"@type\":\"ListItem\",\"position\":2,\"name\":\"Arquitectura i decoraci\u00f3\",\"item\":\"https:\/\/www.amatimmobiliaris.com\/w\/ca\/categoria-ca\/arquitectura-i-decoracio-ca\/\"},{\"@type\":\"ListItem\",\"position\":3,\"name\":\"L\u2019efici\u00e8ncia energ\u00e8tica a les nostres llars\"}]},{\"@type\":\"WebSite\",\"@id\":\"https:\/\/www.amatimmobiliaris.com\/w\/#website\",\"url\":\"https:\/\/www.amatimmobiliaris.com\/w\/\",\"name\":\"Amat Immobiliaris\",\"description\":\"Empresa familiar del sector inmobiliario con oficinas en Barcelona, Sant Cugat del Vall\u00e9s y Sant Just Desvern. Te ayudamos a comprar, alquilar o vender tu casa o piso. Somos un equipo coherente con una cultura de empresa honesta, innovadora y eficaz. Tambi\u00e9n en www.amatluxury.com\",\"publisher\":{\"@id\":\"https:\/\/www.amatimmobiliaris.com\/w\/#organization\"},\"alternateName\":\"AmatImmo\",\"potentialAction\":[{\"@type\":\"SearchAction\",\"target\":{\"@type\":\"EntryPoint\",\"urlTemplate\":\"https:\/\/www.amatimmobiliaris.com\/w\/?s={search_term_string}\"},\"query-input\":{\"@type\":\"PropertyValueSpecification\",\"valueRequired\":true,\"valueName\":\"search_term_string\"}}],\"inLanguage\":\"ca\"},{\"@type\":\"Organization\",\"@id\":\"https:\/\/www.amatimmobiliaris.com\/w\/#organization\",\"name\":\"Amat Immobiliaris\",\"url\":\"https:\/\/www.amatimmobiliaris.com\/w\/\",\"logo\":{\"@type\":\"ImageObject\",\"inLanguage\":\"ca\",\"@id\":\"https:\/\/www.amatimmobiliaris.com\/w\/#\/schema\/logo\/image\/\",\"url\":\"https:\/\/www.amatimmobiliaris.com\/w\/wp-content\/uploads\/2022\/10\/amat-logo.jpg\",\"contentUrl\":\"https:\/\/www.amatimmobiliaris.com\/w\/wp-content\/uploads\/2022\/10\/amat-logo.jpg\",\"width\":900,\"height\":900,\"caption\":\"Amat Immobiliaris\"},\"image\":{\"@id\":\"https:\/\/www.amatimmobiliaris.com\/w\/#\/schema\/logo\/image\/\"},\"sameAs\":[\"https:\/\/www.facebook.com\/amatimmobiliaris\",\"https:\/\/x.com\/amat_cat\",\"https:\/\/www.instagram.com\/amat_immo\/\",\"https:\/\/www.linkedin.com\/company\/amat-finques\/\",\"https:\/\/www.youtube.com\/@amatimmobiliaris\"]},{\"@type\":\"Person\",\"@id\":\"https:\/\/www.amatimmobiliaris.com\/w\/#\/schema\/person\/c880da71d1e156e7ea6774ffb445e034\",\"name\":\"Amat Immobiliaris\",\"sameAs\":[\"http:\/\/amat-inmo-wp.localhost\"]}]}<\/script>\n<!-- \/ Yoast SEO plugin. -->","yoast_head_json":{"title":"L\u2019efici\u00e8ncia energ\u00e8tica a les nostres llars | Amat Immobiliaris","description":"Descobreix com millorar l'efici\u00e8ncia energ\u00e8tica de la teva llar amb consells pr\u00e0ctics i solucions sostenibles. Estalvia energia i diners!","robots":{"index":"index","follow":"follow","max-snippet":"max-snippet:-1","max-image-preview":"max-image-preview:large","max-video-preview":"max-video-preview:-1"},"canonical":"https:\/\/www.amatimmobiliaris.com\/w\/ca\/2020\/04\/leficiencia-energetica-les-nostres-llars\/","og_locale":"ca_ES","og_type":"article","og_title":"L\u2019efici\u00e8ncia energ\u00e8tica a les nostres llars | Amat Immobiliaris","og_description":"Descobreix com millorar l'efici\u00e8ncia energ\u00e8tica de la teva llar amb consells pr\u00e0ctics i solucions sostenibles. Estalvia energia i diners!","og_url":"https:\/\/www.amatimmobiliaris.com\/w\/ca\/2020\/04\/leficiencia-energetica-les-nostres-llars\/","og_site_name":"Amat Immobiliaris","article_publisher":"https:\/\/www.facebook.com\/amatimmobiliaris","article_published_time":"2020-04-29T09:36:25+00:00","article_modified_time":"2024-09-09T09:08:56+00:00","og_image":[{"width":489,"height":367,"url":"https:\/\/www.amatimmobiliaris.com\/w\/wp-content\/uploads\/2022\/01\/foto-valors.jpg","type":"image\/jpeg"}],"author":"Amat Immobiliaris","twitter_card":"summary_large_image","twitter_creator":"@amat_cat","twitter_site":"@amat_cat","twitter_misc":{"Escrit per":"Amat Immobiliaris","Temps estimat de lectura":"5 minuts"},"schema":{"@context":"https:\/\/schema.org","@graph":[{"@type":"Article","@id":"https:\/\/www.amatimmobiliaris.com\/w\/ca\/2020\/04\/leficiencia-energetica-les-nostres-llars\/#article","isPartOf":{"@id":"https:\/\/www.amatimmobiliaris.com\/w\/ca\/2020\/04\/leficiencia-energetica-les-nostres-llars\/"},"author":{"name":"Amat Immobiliaris","@id":"https:\/\/www.amatimmobiliaris.com\/w\/#\/schema\/person\/c880da71d1e156e7ea6774ffb445e034"},"headline":"L\u2019efici\u00e8ncia energ\u00e8tica a les nostres llars","datePublished":"2020-04-29T09:36:25+00:00","dateModified":"2024-09-09T09:08:56+00:00","mainEntityOfPage":{"@id":"https:\/\/www.amatimmobiliaris.com\/w\/ca\/2020\/04\/leficiencia-energetica-les-nostres-llars\/"},"wordCount":1010,"publisher":{"@id":"https:\/\/www.amatimmobiliaris.com\/w\/#organization"},"image":{"@id":"https:\/\/www.amatimmobiliaris.com\/w\/ca\/2020\/04\/leficiencia-energetica-les-nostres-llars\/#primaryimage"},"thumbnailUrl":"https:\/\/www.amatimmobiliaris.com\/w\/wp-content\/uploads\/2022\/01\/foto-valors.jpg","keywords":["Amatzonia","Beneficis","Casa","Efici\u00e8ncia energ\u00e8tica","Energia renovable","Energia solar","Estalvi","Habitatge","Lloguer","Obra nova","Panells fotovoltaics","Plaques solars","Qualificaci\u00f3 energ\u00e8tica","Sol","Sostenibilitat","Sostenible","Valors"],"articleSection":["Arquitectura i decoraci\u00f3","Efici\u00e8ncia energ\u00e8tica"],"inLanguage":"ca"},{"@type":"WebPage","@id":"https:\/\/www.amatimmobiliaris.com\/w\/ca\/2020\/04\/leficiencia-energetica-les-nostres-llars\/","url":"https:\/\/www.amatimmobiliaris.com\/w\/ca\/2020\/04\/leficiencia-energetica-les-nostres-llars\/","name":"L\u2019efici\u00e8ncia energ\u00e8tica a les nostres llars | Amat Immobiliaris","isPartOf":{"@id":"https:\/\/www.amatimmobiliaris.com\/w\/#website"},"primaryImageOfPage":{"@id":"https:\/\/www.amatimmobiliaris.com\/w\/ca\/2020\/04\/leficiencia-energetica-les-nostres-llars\/#primaryimage"},"image":{"@id":"https:\/\/www.amatimmobiliaris.com\/w\/ca\/2020\/04\/leficiencia-energetica-les-nostres-llars\/#primaryimage"},"thumbnailUrl":"https:\/\/www.amatimmobiliaris.com\/w\/wp-content\/uploads\/2022\/01\/foto-valors.jpg","datePublished":"2020-04-29T09:36:25+00:00","dateModified":"2024-09-09T09:08:56+00:00","description":"Descobreix com millorar l'efici\u00e8ncia energ\u00e8tica de la teva llar amb consells pr\u00e0ctics i solucions sostenibles. Estalvia energia i diners!","breadcrumb":{"@id":"https:\/\/www.amatimmobiliaris.com\/w\/ca\/2020\/04\/leficiencia-energetica-les-nostres-llars\/#breadcrumb"},"inLanguage":"ca","potentialAction":[{"@type":"ReadAction","target":["https:\/\/www.amatimmobiliaris.com\/w\/ca\/2020\/04\/leficiencia-energetica-les-nostres-llars\/"]}]},{"@type":"ImageObject","inLanguage":"ca","@id":"https:\/\/www.amatimmobiliaris.com\/w\/ca\/2020\/04\/leficiencia-energetica-les-nostres-llars\/#primaryimage","url":"https:\/\/www.amatimmobiliaris.com\/w\/wp-content\/uploads\/2022\/01\/foto-valors.jpg","contentUrl":"https:\/\/www.amatimmobiliaris.com\/w\/wp-content\/uploads\/2022\/01\/foto-valors.jpg","width":489,"height":367},{"@type":"BreadcrumbList","@id":"https:\/\/www.amatimmobiliaris.com\/w\/ca\/2020\/04\/leficiencia-energetica-les-nostres-llars\/#breadcrumb","itemListElement":[{"@type":"ListItem","position":1,"name":"Home","item":"https:\/\/www.amatimmobiliaris.com\/w\/ca\/"},{"@type":"ListItem","position":2,"name":"Arquitectura i decoraci\u00f3","item":"https:\/\/www.amatimmobiliaris.com\/w\/ca\/categoria-ca\/arquitectura-i-decoracio-ca\/"},{"@type":"ListItem","position":3,"name":"L\u2019efici\u00e8ncia energ\u00e8tica a les nostres llars"}]},{"@type":"WebSite","@id":"https:\/\/www.amatimmobiliaris.com\/w\/#website","url":"https:\/\/www.amatimmobiliaris.com\/w\/","name":"Amat Immobiliaris","description":"Empresa familiar del sector inmobiliario con oficinas en Barcelona, Sant Cugat del Vall\u00e9s y Sant Just Desvern. Te ayudamos a comprar, alquilar o vender tu casa o piso. Somos un equipo coherente con una cultura de empresa honesta, innovadora y eficaz. Tambi\u00e9n en www.amatluxury.com","publisher":{"@id":"https:\/\/www.amatimmobiliaris.com\/w\/#organization"},"alternateName":"AmatImmo","potentialAction":[{"@type":"SearchAction","target":{"@type":"EntryPoint","urlTemplate":"https:\/\/www.amatimmobiliaris.com\/w\/?s={search_term_string}"},"query-input":{"@type":"PropertyValueSpecification","valueRequired":true,"valueName":"search_term_string"}}],"inLanguage":"ca"},{"@type":"Organization","@id":"https:\/\/www.amatimmobiliaris.com\/w\/#organization","name":"Amat Immobiliaris","url":"https:\/\/www.amatimmobiliaris.com\/w\/","logo":{"@type":"ImageObject","inLanguage":"ca","@id":"https:\/\/www.amatimmobiliaris.com\/w\/#\/schema\/logo\/image\/","url":"https:\/\/www.amatimmobiliaris.com\/w\/wp-content\/uploads\/2022\/10\/amat-logo.jpg","contentUrl":"https:\/\/www.amatimmobiliaris.com\/w\/wp-content\/uploads\/2022\/10\/amat-logo.jpg","width":900,"height":900,"caption":"Amat Immobiliaris"},"image":{"@id":"https:\/\/www.amatimmobiliaris.com\/w\/#\/schema\/logo\/image\/"},"sameAs":["https:\/\/www.facebook.com\/amatimmobiliaris","https:\/\/x.com\/amat_cat","https:\/\/www.instagram.com\/amat_immo\/","https:\/\/www.linkedin.com\/company\/amat-finques\/","https:\/\/www.youtube.com\/@amatimmobiliaris"]},{"@type":"Person","@id":"https:\/\/www.amatimmobiliaris.com\/w\/#\/schema\/person\/c880da71d1e156e7ea6774ffb445e034","name":"Amat Immobiliaris","sameAs":["http:\/\/amat-inmo-wp.localhost"]}]}},"_links":{"self":[{"href":"https:\/\/www.amatimmobiliaris.com\/w\/ca\/wp-json\/wp\/v2\/posts\/4396"}],"collection":[{"href":"https:\/\/www.amatimmobiliaris.com\/w\/ca\/wp-json\/wp\/v2\/posts"}],"about":[{"href":"https:\/\/www.amatimmobiliaris.com\/w\/ca\/wp-json\/wp\/v2\/types\/post"}],"author":[{"embeddable":true,"href":"https:\/\/www.amatimmobiliaris.com\/w\/ca\/wp-json\/wp\/v2\/users\/1"}],"replies":[{"embeddable":true,"href":"https:\/\/www.amatimmobiliaris.com\/w\/ca\/wp-json\/wp\/v2\/comments?post=4396"}],"version-history":[{"count":1,"href":"https:\/\/www.amatimmobiliaris.com\/w\/ca\/wp-json\/wp\/v2\/posts\/4396\/revisions"}],"predecessor-version":[{"id":17484,"href":"https:\/\/www.amatimmobiliaris.com\/w\/ca\/wp-json\/wp\/v2\/posts\/4396\/revisions\/17484"}],"wp:featuredmedia":[{"embeddable":true,"href":"https:\/\/www.amatimmobiliaris.com\/w\/ca\/wp-json\/wp\/v2\/media\/4397"}],"wp:attachment":[{"href":"https:\/\/www.amatimmobiliaris.com\/w\/ca\/wp-json\/wp\/v2\/media?parent=4396"}],"wp:term":[{"taxonomy":"category","embeddable":true,"href":"https:\/\/www.amatimmobiliaris.com\/w\/ca\/wp-json\/wp\/v2\/categories?post=4396"},{"taxonomy":"post_tag","embeddable":true,"href":"https:\/\/www.amatimmobiliaris.com\/w\/ca\/wp-json\/wp\/v2\/tags?post=4396"}],"curies":[{"name":"wp","href":"https:\/\/api.w.org\/{rel}","templated":true}]}}