{"id":4327,"date":"2019-10-24T10:30:15","date_gmt":"2019-10-24T10:30:15","guid":{"rendered":"https:\/\/amat-inmo-wp.localhost\/2019\/10\/24\/amat-i-compromis-desenvolupament-sostenible\/"},"modified":"2023-04-19T14:56:15","modified_gmt":"2023-04-19T14:56:15","slug":"amat-i-compromis-desenvolupament-sostenible","status":"publish","type":"post","link":"https:\/\/www.amatimmobiliaris.com\/w\/ca\/2019\/10\/amat-i-compromis-desenvolupament-sostenible\/","title":{"rendered":"Amat i el comprom\u00eds de desenvolupament sostenible"},"content":{"rendered":"<p>Avui tothom parla del <strong>canvi clim\u00e0tic<\/strong>, parla de la <strong>igualtat home i dona<\/strong>; i una part del m\u00f3n empresarial, sortosament, comen\u00e7a a pensar en termes de responsabilitat social com un fet m\u00e9s enll\u00e0 d\u2019una etiqueta per quedar b\u00e9.<\/p>\n<p>Amat Immobiliaris fa molts anys que, de forma primer molt intu\u00eftiva, i finalment, ja plenament organitzada, s\u2019alinea amb el que despr\u00e9s s\u2019ha vingut a anomenar <strong>l\u2019Agenda 2030 <\/strong>com a comprom\u00eds de desenvolupament sostenible. Estem parlant dels <strong>ODS (Objectius de Desenvolupament Sostenible)<\/strong>.<\/p>\n<p>Aquest estiu em plantejava quants dels 17 ODS pot estar observant i complint la nostra empresa, perqu\u00e8 francament no ho havia comptat mai.<\/p>\n<p>El resultat em va sorprendre. A continuaci\u00f3 us ho especifico endre\u00e7ant-los tal i com nosaltres v\u00e0rem anar adquirint consciencia a l\u2019empresa.<\/p>\n<p><strong><img loading=\"lazy\" decoding=\"async\" class=\"alignleft size-full wp-image-16521\" src=\"https:\/\/www.amatimmobiliaris.com\/w\/wp-content\/uploads\/2022\/01\/5-6.jpg\" alt=\"\" width=\"101\" height=\"99\" \/>Igualtat de g\u00e8nere<\/strong><\/p>\n<p>Vam ser pioneres en la recerca de f\u00f3rmules de conciliaci\u00f3 per tal de poder potencial el treball de les dones. El calendari laboral des de fa 35 anys adaptat al calendari escolar, teletreball, maternitat a la carta.<\/p>\n<p>&nbsp;<\/p>\n<p><strong>Innovaci\u00f3 <\/strong><\/p>\n<p><img loading=\"lazy\" decoding=\"async\" class=\"alignright size-full wp-image-16523\" src=\"https:\/\/www.amatimmobiliaris.com\/w\/wp-content\/uploads\/2022\/01\/9-3.jpg\" alt=\"\" width=\"101\" height=\"99\" \/>Hem estat una empresa innovadora en molts \u00e0mbits, comen\u00e7ant per la tecnologia amb una doble mirada, una millora del servei al client i una f\u00f3rmula per permetre la conciliaci\u00f3. Innovaci\u00f3 en m\u00e0rqueting, CRM (la gesti\u00f3 de la relaci\u00f3 amb el client), bases de dades per poder millorar el nostre servei, m\u00e0rqueting relacional, innovaci\u00f3 en comunicaci\u00f3 creant f\u00f3rmules de contacte amb els clients com les nostres confer\u00e8ncies habituals.<\/p>\n<p>La Innovaci\u00f3 crea valor i incrementa els beneficis, hem de tenir present que una empresa sense beneficis mai podr\u00e0 complir aquest comprom\u00eds social dels ODS perqu\u00e8 abans haur\u00e0 desaparegut.<\/p>\n<p><strong><img loading=\"lazy\" decoding=\"async\" class=\"alignleft size-full wp-image-16524\" src=\"https:\/\/www.amatimmobiliaris.com\/w\/wp-content\/uploads\/2022\/01\/1-15.jpg\" alt=\"\" width=\"101\" height=\"99\" \/>La pobresa<\/strong><\/p>\n<p>Podem fer alguna cosa per la pobresa? Doncs s\u00ed. Treballar per reduir els desnonaments facilitant informaci\u00f3 i ajudar als llogaters per obtenir els recursos disponibles de les diferents administracions. I no posant en risc financer ni als llogaters ni als compradors, assessorant adequadament\u00a0 perqu\u00e8 aix\u00f2 no passi.<\/p>\n<p><strong><img loading=\"lazy\" decoding=\"async\" class=\"alignright size-full wp-image-16525\" src=\"https:\/\/www.amatimmobiliaris.com\/w\/wp-content\/uploads\/2022\/01\/8-7.jpg\" alt=\"\" width=\"101\" height=\"99\" \/>Treball decent<\/strong><\/p>\n<p>A Amat Immobiliaris no existeix la bretxa salarial, i per descomptat tots els nostres col\u00b7laboradors estan integrats al Regim General de la Seguretat Social. Hem denunciat p\u00fablicament m\u00e9s d\u2019un cop els falsos aut\u00f2noms massa comuns dins el nostre sector.<\/p>\n<p>&nbsp;<\/p>\n<p><strong><img loading=\"lazy\" decoding=\"async\" class=\"alignleft size-full wp-image-16526\" src=\"https:\/\/www.amatimmobiliaris.com\/w\/wp-content\/uploads\/2022\/01\/6-7-13.jpg\" alt=\"\" width=\"299\" height=\"101\" \/>Energia, Aigua i Acci\u00f3 pel clima<\/strong><\/p>\n<p>Des de l\u2019any 2015 el nostre departament Patrimonial proposa de forma proactiva solucions d\u2019efici\u00e8ncia energ\u00e8tica, reciclatge d\u2019aig\u00fces i totes aquelles accions que aporten valor a la millora del medi ambient.<\/p>\n<p>&nbsp;<\/p>\n<p><strong>Salut i Benestar<\/strong><\/p>\n<p><strong><img loading=\"lazy\" decoding=\"async\" class=\"alignright size-full wp-image-16527\" src=\"https:\/\/www.amatimmobiliaris.com\/w\/wp-content\/uploads\/2022\/01\/3-11.jpg\" alt=\"\" width=\"101\" height=\"99\" \/><\/strong><\/p>\n<p>Tenim cura dels edificis, treballem per la millora dels a\u00efllaments. Sabem que un mal a\u00efllament es vincula \u00a0directament a la salut de les persones, amb un increment de les malalties pulmonars a les persones grans.<\/p>\n<p><strong><img loading=\"lazy\" decoding=\"async\" class=\"alignleft size-full wp-image-16528\" src=\"https:\/\/www.amatimmobiliaris.com\/w\/wp-content\/uploads\/2022\/01\/12-2.jpg\" alt=\"\" width=\"101\" height=\"99\" \/>Consum responsable <\/strong><\/p>\n<p>Eliminaci\u00f3 del paper innecessari, digitalitzaci\u00f3 de l\u2019empresa amb l\u2019estalvi de milers i milers de papers.<\/p>\n<p>&nbsp;<\/p>\n<p><strong><img loading=\"lazy\" decoding=\"async\" class=\"alignright size-full wp-image-16530\" src=\"https:\/\/www.amatimmobiliaris.com\/w\/wp-content\/uploads\/2022\/01\/11-3.jpg\" alt=\"\" width=\"101\" height=\"99\" \/>Ciutats i comunitats sostenibles<\/strong><\/p>\n<p>Amat Immobiliaris forma part d\u2019organitzacions que treballen per construir ciutats millors. Formem part de l\u2019Observatori Metropolit\u00e0 de l\u2019Habitatge i Barcelona Global.<\/p>\n<p><strong>Aliances per aconseguir objectius <\/strong><\/p>\n<p><img loading=\"lazy\" decoding=\"async\" class=\"alignleft size-full wp-image-16531\" src=\"https:\/\/www.amatimmobiliaris.com\/w\/wp-content\/uploads\/2022\/01\/17-2.jpg\" alt=\"\" width=\"101\" height=\"99\" \/>La nostra lluita per la dona ens ha portat a fer aliances amb la Fundaci\u00f3 Fidem que treballa per ajudar a les joves emprenedores i Copersona que treballa per aconseguir un nou model de coresponsabilitat social.<\/p>\n<p>Estem a la junta de Respon Cat que precisament treballa la responsabilitat social efectiva, al patronat de la M\u00fatua de Propietaris que t\u00e9 com a missi\u00f3 la eliminaci\u00f3 de barreres arquitect\u00f2niques, i al patronat de EADA, Egarsat, RACC, etc.<\/p>\n<p>11 dels 17 objectius totals de l\u2019ODS \u00e9s una bona xifra, i estem absolutament conven\u00e7udes que si molts dels nostres clients o prove\u00efdors fessin el mateix an\u00e0lisis que nosaltres podrien comptar amb els mateixos punts o m\u00e9s.<\/p>\n<p>Aquest \u00e9s el cam\u00ed i el millor futur per tenir empreses competitives i, a la vegada, socialment responsables.<\/p>\n<p>Endavant i a seguir!<\/p>\n<p style=\"text-align: right;\"><strong><em>Joana Amat<\/em><\/strong><\/p>\n<p style=\"text-align: right;\"><strong><em>Vicepresidenta Amat Immobiliaris<\/em><\/strong><\/p>\n","protected":false},"excerpt":{"rendered":"<p>Avui tothom parla del canvi clim\u00e0tic, parla de la igualtat home i dona; i una part del m\u00f3n empresarial, sortosament, comen\u00e7a a pensar en termes de responsabilitat social com un fet m\u00e9s enll\u00e0 d\u2019una etiqueta per quedar b\u00e9. Amat Immobiliaris fa molts anys que, de forma primer molt intu\u00eftiva, i finalment, ja plenament organitzada, s\u2019alinea [&hellip;]<\/p>\n","protected":false},"author":1,"featured_media":4328,"comment_status":"closed","ping_status":"closed","sticky":false,"template":"","format":"standard","meta":{"content-type":"","footnotes":""},"categories":[1168,1147],"tags":[],"yoast_head":"<!-- This site is optimized with the Yoast SEO plugin v23.9 - https:\/\/yoast.com\/wordpress\/plugins\/seo\/ -->\n<title>Amat i el comprom\u00eds de desenvolupament sostenible | Amat Immobiliaris<\/title>\n<meta name=\"robots\" content=\"index, follow, max-snippet:-1, max-image-preview:large, max-video-preview:-1\" \/>\n<link rel=\"canonical\" href=\"https:\/\/www.amatimmobiliaris.com\/w\/ca\/2019\/10\/amat-i-compromis-desenvolupament-sostenible\/\" \/>\n<meta property=\"og:locale\" content=\"ca_ES\" \/>\n<meta property=\"og:type\" content=\"article\" \/>\n<meta property=\"og:title\" content=\"Amat i el comprom\u00eds de desenvolupament sostenible | Amat Immobiliaris\" \/>\n<meta property=\"og:description\" content=\"Avui tothom parla del canvi clim\u00e0tic, parla de la igualtat home i dona; i una part del m\u00f3n empresarial, sortosament, comen\u00e7a a pensar en termes de responsabilitat social com un fet m\u00e9s enll\u00e0 d\u2019una etiqueta per quedar b\u00e9. Amat Immobiliaris fa molts anys que, de forma primer molt intu\u00eftiva, i finalment, ja plenament organitzada, s\u2019alinea [&hellip;]\" \/>\n<meta property=\"og:url\" content=\"https:\/\/www.amatimmobiliaris.com\/w\/ca\/2019\/10\/amat-i-compromis-desenvolupament-sostenible\/\" \/>\n<meta property=\"og:site_name\" content=\"Amat Immobiliaris\" \/>\n<meta property=\"article:publisher\" content=\"https:\/\/www.facebook.com\/amatimmobiliaris\" \/>\n<meta property=\"article:published_time\" content=\"2019-10-24T10:30:15+00:00\" \/>\n<meta property=\"article:modified_time\" content=\"2023-04-19T14:56:15+00:00\" \/>\n<meta property=\"og:image\" content=\"https:\/\/www.amatimmobiliaris.com\/w\/wp-content\/uploads\/2022\/01\/5-6.jpg\" \/>\n\t<meta property=\"og:image:width\" content=\"101\" \/>\n\t<meta property=\"og:image:height\" content=\"99\" \/>\n\t<meta property=\"og:image:type\" content=\"image\/jpeg\" \/>\n<meta name=\"author\" content=\"Amat Immobiliaris\" \/>\n<meta name=\"twitter:card\" content=\"summary_large_image\" \/>\n<meta name=\"twitter:creator\" content=\"@amat_cat\" \/>\n<meta name=\"twitter:site\" content=\"@amat_cat\" \/>\n<meta name=\"twitter:label1\" content=\"Escrit per\" \/>\n\t<meta name=\"twitter:data1\" content=\"Amat Immobiliaris\" \/>\n\t<meta name=\"twitter:label2\" content=\"Temps estimat de lectura\" \/>\n\t<meta name=\"twitter:data2\" content=\"3 minuts\" \/>\n<script type=\"application\/ld+json\" class=\"yoast-schema-graph\">{\"@context\":\"https:\/\/schema.org\",\"@graph\":[{\"@type\":\"Article\",\"@id\":\"https:\/\/www.amatimmobiliaris.com\/w\/ca\/2019\/10\/amat-i-compromis-desenvolupament-sostenible\/#article\",\"isPartOf\":{\"@id\":\"https:\/\/www.amatimmobiliaris.com\/w\/ca\/2019\/10\/amat-i-compromis-desenvolupament-sostenible\/\"},\"author\":{\"name\":\"Amat Immobiliaris\",\"@id\":\"https:\/\/www.amatimmobiliaris.com\/w\/#\/schema\/person\/c880da71d1e156e7ea6774ffb445e034\"},\"headline\":\"Amat i el comprom\u00eds de desenvolupament sostenible\",\"datePublished\":\"2019-10-24T10:30:15+00:00\",\"dateModified\":\"2023-04-19T14:56:15+00:00\",\"mainEntityOfPage\":{\"@id\":\"https:\/\/www.amatimmobiliaris.com\/w\/ca\/2019\/10\/amat-i-compromis-desenvolupament-sostenible\/\"},\"wordCount\":663,\"publisher\":{\"@id\":\"https:\/\/www.amatimmobiliaris.com\/w\/#organization\"},\"image\":{\"@id\":\"https:\/\/www.amatimmobiliaris.com\/w\/ca\/2019\/10\/amat-i-compromis-desenvolupament-sostenible\/#primaryimage\"},\"thumbnailUrl\":\"https:\/\/www.amatimmobiliaris.com\/w\/wp-content\/uploads\/2022\/01\/5-6.jpg\",\"articleSection\":[\"Efici\u00e8ncia energ\u00e8tica\",\"El m\u00f3n Amat\"],\"inLanguage\":\"ca\"},{\"@type\":\"WebPage\",\"@id\":\"https:\/\/www.amatimmobiliaris.com\/w\/ca\/2019\/10\/amat-i-compromis-desenvolupament-sostenible\/\",\"url\":\"https:\/\/www.amatimmobiliaris.com\/w\/ca\/2019\/10\/amat-i-compromis-desenvolupament-sostenible\/\",\"name\":\"Amat i el comprom\u00eds de desenvolupament sostenible | Amat Immobiliaris\",\"isPartOf\":{\"@id\":\"https:\/\/www.amatimmobiliaris.com\/w\/#website\"},\"primaryImageOfPage\":{\"@id\":\"https:\/\/www.amatimmobiliaris.com\/w\/ca\/2019\/10\/amat-i-compromis-desenvolupament-sostenible\/#primaryimage\"},\"image\":{\"@id\":\"https:\/\/www.amatimmobiliaris.com\/w\/ca\/2019\/10\/amat-i-compromis-desenvolupament-sostenible\/#primaryimage\"},\"thumbnailUrl\":\"https:\/\/www.amatimmobiliaris.com\/w\/wp-content\/uploads\/2022\/01\/5-6.jpg\",\"datePublished\":\"2019-10-24T10:30:15+00:00\",\"dateModified\":\"2023-04-19T14:56:15+00:00\",\"breadcrumb\":{\"@id\":\"https:\/\/www.amatimmobiliaris.com\/w\/ca\/2019\/10\/amat-i-compromis-desenvolupament-sostenible\/#breadcrumb\"},\"inLanguage\":\"ca\",\"potentialAction\":[{\"@type\":\"ReadAction\",\"target\":[\"https:\/\/www.amatimmobiliaris.com\/w\/ca\/2019\/10\/amat-i-compromis-desenvolupament-sostenible\/\"]}]},{\"@type\":\"ImageObject\",\"inLanguage\":\"ca\",\"@id\":\"https:\/\/www.amatimmobiliaris.com\/w\/ca\/2019\/10\/amat-i-compromis-desenvolupament-sostenible\/#primaryimage\",\"url\":\"https:\/\/www.amatimmobiliaris.com\/w\/wp-content\/uploads\/2022\/01\/5-6.jpg\",\"contentUrl\":\"https:\/\/www.amatimmobiliaris.com\/w\/wp-content\/uploads\/2022\/01\/5-6.jpg\",\"width\":101,\"height\":99},{\"@type\":\"BreadcrumbList\",\"@id\":\"https:\/\/www.amatimmobiliaris.com\/w\/ca\/2019\/10\/amat-i-compromis-desenvolupament-sostenible\/#breadcrumb\",\"itemListElement\":[{\"@type\":\"ListItem\",\"position\":1,\"name\":\"Home\",\"item\":\"https:\/\/www.amatimmobiliaris.com\/w\/ca\/\"},{\"@type\":\"ListItem\",\"position\":2,\"name\":\"Efici\u00e8ncia energ\u00e8tica\",\"item\":\"https:\/\/www.amatimmobiliaris.com\/w\/ca\/categoria-ca\/eficiencia-energetica-ca\/\"},{\"@type\":\"ListItem\",\"position\":3,\"name\":\"Amat i el comprom\u00eds de desenvolupament sostenible\"}]},{\"@type\":\"WebSite\",\"@id\":\"https:\/\/www.amatimmobiliaris.com\/w\/#website\",\"url\":\"https:\/\/www.amatimmobiliaris.com\/w\/\",\"name\":\"Amat Immobiliaris\",\"description\":\"Empresa familiar del sector inmobiliario con oficinas en Barcelona, Sant Cugat del Vall\u00e9s y Sant Just Desvern. Te ayudamos a comprar, alquilar o vender tu casa o piso. Somos un equipo coherente con una cultura de empresa honesta, innovadora y eficaz. Tambi\u00e9n en www.amatluxury.com\",\"publisher\":{\"@id\":\"https:\/\/www.amatimmobiliaris.com\/w\/#organization\"},\"alternateName\":\"AmatImmo\",\"potentialAction\":[{\"@type\":\"SearchAction\",\"target\":{\"@type\":\"EntryPoint\",\"urlTemplate\":\"https:\/\/www.amatimmobiliaris.com\/w\/?s={search_term_string}\"},\"query-input\":{\"@type\":\"PropertyValueSpecification\",\"valueRequired\":true,\"valueName\":\"search_term_string\"}}],\"inLanguage\":\"ca\"},{\"@type\":\"Organization\",\"@id\":\"https:\/\/www.amatimmobiliaris.com\/w\/#organization\",\"name\":\"Amat Immobiliaris\",\"url\":\"https:\/\/www.amatimmobiliaris.com\/w\/\",\"logo\":{\"@type\":\"ImageObject\",\"inLanguage\":\"ca\",\"@id\":\"https:\/\/www.amatimmobiliaris.com\/w\/#\/schema\/logo\/image\/\",\"url\":\"https:\/\/www.amatimmobiliaris.com\/w\/wp-content\/uploads\/2022\/10\/amat-logo.jpg\",\"contentUrl\":\"https:\/\/www.amatimmobiliaris.com\/w\/wp-content\/uploads\/2022\/10\/amat-logo.jpg\",\"width\":900,\"height\":900,\"caption\":\"Amat Immobiliaris\"},\"image\":{\"@id\":\"https:\/\/www.amatimmobiliaris.com\/w\/#\/schema\/logo\/image\/\"},\"sameAs\":[\"https:\/\/www.facebook.com\/amatimmobiliaris\",\"https:\/\/x.com\/amat_cat\",\"https:\/\/www.instagram.com\/amat_immo\/\",\"https:\/\/www.linkedin.com\/company\/amat-finques\/\",\"https:\/\/www.youtube.com\/@amatimmobiliaris\"]},{\"@type\":\"Person\",\"@id\":\"https:\/\/www.amatimmobiliaris.com\/w\/#\/schema\/person\/c880da71d1e156e7ea6774ffb445e034\",\"name\":\"Amat Immobiliaris\",\"sameAs\":[\"http:\/\/amat-inmo-wp.localhost\"]}]}<\/script>\n<!-- \/ Yoast SEO plugin. -->","yoast_head_json":{"title":"Amat i el comprom\u00eds de desenvolupament sostenible | Amat Immobiliaris","robots":{"index":"index","follow":"follow","max-snippet":"max-snippet:-1","max-image-preview":"max-image-preview:large","max-video-preview":"max-video-preview:-1"},"canonical":"https:\/\/www.amatimmobiliaris.com\/w\/ca\/2019\/10\/amat-i-compromis-desenvolupament-sostenible\/","og_locale":"ca_ES","og_type":"article","og_title":"Amat i el comprom\u00eds de desenvolupament sostenible | Amat Immobiliaris","og_description":"Avui tothom parla del canvi clim\u00e0tic, parla de la igualtat home i dona; i una part del m\u00f3n empresarial, sortosament, comen\u00e7a a pensar en termes de responsabilitat social com un fet m\u00e9s enll\u00e0 d\u2019una etiqueta per quedar b\u00e9. Amat Immobiliaris fa molts anys que, de forma primer molt intu\u00eftiva, i finalment, ja plenament organitzada, s\u2019alinea [&hellip;]","og_url":"https:\/\/www.amatimmobiliaris.com\/w\/ca\/2019\/10\/amat-i-compromis-desenvolupament-sostenible\/","og_site_name":"Amat Immobiliaris","article_publisher":"https:\/\/www.facebook.com\/amatimmobiliaris","article_published_time":"2019-10-24T10:30:15+00:00","article_modified_time":"2023-04-19T14:56:15+00:00","og_image":[{"width":101,"height":99,"url":"https:\/\/www.amatimmobiliaris.com\/w\/wp-content\/uploads\/2022\/01\/5-6.jpg","type":"image\/jpeg"}],"author":"Amat Immobiliaris","twitter_card":"summary_large_image","twitter_creator":"@amat_cat","twitter_site":"@amat_cat","twitter_misc":{"Escrit per":"Amat Immobiliaris","Temps estimat de lectura":"3 minuts"},"schema":{"@context":"https:\/\/schema.org","@graph":[{"@type":"Article","@id":"https:\/\/www.amatimmobiliaris.com\/w\/ca\/2019\/10\/amat-i-compromis-desenvolupament-sostenible\/#article","isPartOf":{"@id":"https:\/\/www.amatimmobiliaris.com\/w\/ca\/2019\/10\/amat-i-compromis-desenvolupament-sostenible\/"},"author":{"name":"Amat Immobiliaris","@id":"https:\/\/www.amatimmobiliaris.com\/w\/#\/schema\/person\/c880da71d1e156e7ea6774ffb445e034"},"headline":"Amat i el comprom\u00eds de desenvolupament sostenible","datePublished":"2019-10-24T10:30:15+00:00","dateModified":"2023-04-19T14:56:15+00:00","mainEntityOfPage":{"@id":"https:\/\/www.amatimmobiliaris.com\/w\/ca\/2019\/10\/amat-i-compromis-desenvolupament-sostenible\/"},"wordCount":663,"publisher":{"@id":"https:\/\/www.amatimmobiliaris.com\/w\/#organization"},"image":{"@id":"https:\/\/www.amatimmobiliaris.com\/w\/ca\/2019\/10\/amat-i-compromis-desenvolupament-sostenible\/#primaryimage"},"thumbnailUrl":"https:\/\/www.amatimmobiliaris.com\/w\/wp-content\/uploads\/2022\/01\/5-6.jpg","articleSection":["Efici\u00e8ncia energ\u00e8tica","El m\u00f3n Amat"],"inLanguage":"ca"},{"@type":"WebPage","@id":"https:\/\/www.amatimmobiliaris.com\/w\/ca\/2019\/10\/amat-i-compromis-desenvolupament-sostenible\/","url":"https:\/\/www.amatimmobiliaris.com\/w\/ca\/2019\/10\/amat-i-compromis-desenvolupament-sostenible\/","name":"Amat i el comprom\u00eds de desenvolupament sostenible | Amat Immobiliaris","isPartOf":{"@id":"https:\/\/www.amatimmobiliaris.com\/w\/#website"},"primaryImageOfPage":{"@id":"https:\/\/www.amatimmobiliaris.com\/w\/ca\/2019\/10\/amat-i-compromis-desenvolupament-sostenible\/#primaryimage"},"image":{"@id":"https:\/\/www.amatimmobiliaris.com\/w\/ca\/2019\/10\/amat-i-compromis-desenvolupament-sostenible\/#primaryimage"},"thumbnailUrl":"https:\/\/www.amatimmobiliaris.com\/w\/wp-content\/uploads\/2022\/01\/5-6.jpg","datePublished":"2019-10-24T10:30:15+00:00","dateModified":"2023-04-19T14:56:15+00:00","breadcrumb":{"@id":"https:\/\/www.amatimmobiliaris.com\/w\/ca\/2019\/10\/amat-i-compromis-desenvolupament-sostenible\/#breadcrumb"},"inLanguage":"ca","potentialAction":[{"@type":"ReadAction","target":["https:\/\/www.amatimmobiliaris.com\/w\/ca\/2019\/10\/amat-i-compromis-desenvolupament-sostenible\/"]}]},{"@type":"ImageObject","inLanguage":"ca","@id":"https:\/\/www.amatimmobiliaris.com\/w\/ca\/2019\/10\/amat-i-compromis-desenvolupament-sostenible\/#primaryimage","url":"https:\/\/www.amatimmobiliaris.com\/w\/wp-content\/uploads\/2022\/01\/5-6.jpg","contentUrl":"https:\/\/www.amatimmobiliaris.com\/w\/wp-content\/uploads\/2022\/01\/5-6.jpg","width":101,"height":99},{"@type":"BreadcrumbList","@id":"https:\/\/www.amatimmobiliaris.com\/w\/ca\/2019\/10\/amat-i-compromis-desenvolupament-sostenible\/#breadcrumb","itemListElement":[{"@type":"ListItem","position":1,"name":"Home","item":"https:\/\/www.amatimmobiliaris.com\/w\/ca\/"},{"@type":"ListItem","position":2,"name":"Efici\u00e8ncia energ\u00e8tica","item":"https:\/\/www.amatimmobiliaris.com\/w\/ca\/categoria-ca\/eficiencia-energetica-ca\/"},{"@type":"ListItem","position":3,"name":"Amat i el comprom\u00eds de desenvolupament sostenible"}]},{"@type":"WebSite","@id":"https:\/\/www.amatimmobiliaris.com\/w\/#website","url":"https:\/\/www.amatimmobiliaris.com\/w\/","name":"Amat Immobiliaris","description":"Empresa familiar del sector inmobiliario con oficinas en Barcelona, Sant Cugat del Vall\u00e9s y Sant Just Desvern. Te ayudamos a comprar, alquilar o vender tu casa o piso. Somos un equipo coherente con una cultura de empresa honesta, innovadora y eficaz. Tambi\u00e9n en www.amatluxury.com","publisher":{"@id":"https:\/\/www.amatimmobiliaris.com\/w\/#organization"},"alternateName":"AmatImmo","potentialAction":[{"@type":"SearchAction","target":{"@type":"EntryPoint","urlTemplate":"https:\/\/www.amatimmobiliaris.com\/w\/?s={search_term_string}"},"query-input":{"@type":"PropertyValueSpecification","valueRequired":true,"valueName":"search_term_string"}}],"inLanguage":"ca"},{"@type":"Organization","@id":"https:\/\/www.amatimmobiliaris.com\/w\/#organization","name":"Amat Immobiliaris","url":"https:\/\/www.amatimmobiliaris.com\/w\/","logo":{"@type":"ImageObject","inLanguage":"ca","@id":"https:\/\/www.amatimmobiliaris.com\/w\/#\/schema\/logo\/image\/","url":"https:\/\/www.amatimmobiliaris.com\/w\/wp-content\/uploads\/2022\/10\/amat-logo.jpg","contentUrl":"https:\/\/www.amatimmobiliaris.com\/w\/wp-content\/uploads\/2022\/10\/amat-logo.jpg","width":900,"height":900,"caption":"Amat Immobiliaris"},"image":{"@id":"https:\/\/www.amatimmobiliaris.com\/w\/#\/schema\/logo\/image\/"},"sameAs":["https:\/\/www.facebook.com\/amatimmobiliaris","https:\/\/x.com\/amat_cat","https:\/\/www.instagram.com\/amat_immo\/","https:\/\/www.linkedin.com\/company\/amat-finques\/","https:\/\/www.youtube.com\/@amatimmobiliaris"]},{"@type":"Person","@id":"https:\/\/www.amatimmobiliaris.com\/w\/#\/schema\/person\/c880da71d1e156e7ea6774ffb445e034","name":"Amat Immobiliaris","sameAs":["http:\/\/amat-inmo-wp.localhost"]}]}},"_links":{"self":[{"href":"https:\/\/www.amatimmobiliaris.com\/w\/ca\/wp-json\/wp\/v2\/posts\/4327"}],"collection":[{"href":"https:\/\/www.amatimmobiliaris.com\/w\/ca\/wp-json\/wp\/v2\/posts"}],"about":[{"href":"https:\/\/www.amatimmobiliaris.com\/w\/ca\/wp-json\/wp\/v2\/types\/post"}],"author":[{"embeddable":true,"href":"https:\/\/www.amatimmobiliaris.com\/w\/ca\/wp-json\/wp\/v2\/users\/1"}],"replies":[{"embeddable":true,"href":"https:\/\/www.amatimmobiliaris.com\/w\/ca\/wp-json\/wp\/v2\/comments?post=4327"}],"version-history":[{"count":1,"href":"https:\/\/www.amatimmobiliaris.com\/w\/ca\/wp-json\/wp\/v2\/posts\/4327\/revisions"}],"predecessor-version":[{"id":20430,"href":"https:\/\/www.amatimmobiliaris.com\/w\/ca\/wp-json\/wp\/v2\/posts\/4327\/revisions\/20430"}],"wp:featuredmedia":[{"embeddable":true,"href":"https:\/\/www.amatimmobiliaris.com\/w\/ca\/wp-json\/wp\/v2\/media\/4328"}],"wp:attachment":[{"href":"https:\/\/www.amatimmobiliaris.com\/w\/ca\/wp-json\/wp\/v2\/media?parent=4327"}],"wp:term":[{"taxonomy":"category","embeddable":true,"href":"https:\/\/www.amatimmobiliaris.com\/w\/ca\/wp-json\/wp\/v2\/categories?post=4327"},{"taxonomy":"post_tag","embeddable":true,"href":"https:\/\/www.amatimmobiliaris.com\/w\/ca\/wp-json\/wp\/v2\/tags?post=4327"}],"curies":[{"name":"wp","href":"https:\/\/api.w.org\/{rel}","templated":true}]}}