{"id":4257,"date":"2019-05-10T13:18:26","date_gmt":"2019-05-10T13:18:26","guid":{"rendered":"https:\/\/amat-inmo-wp.localhost\/2019\/05\/10\/superficies-superficies-utils-habitatge\/"},"modified":"2023-01-10T11:51:21","modified_gmt":"2023-01-10T11:51:21","slug":"superficies-superficies-utils-habitatge","status":"publish","type":"post","link":"https:\/\/www.amatimmobiliaris.com\/w\/ca\/2019\/05\/superficies-superficies-utils-habitatge\/","title":{"rendered":"Saps a que ens referim quan parlem de &#8220;superf\u00edcies \u00fatils d&#8217;un habitatge&#8221;?"},"content":{"rendered":"<p><em><strong>Quan llegeixo la publicitat relativa a immobles o demano informaci\u00f3, em faig un embolic amb el tema de les superf\u00edcies, tothom ho explica de forma diferent. M&#8217;ho poden aclarir?<\/strong><\/em><\/p>\n<p>\u00c9s cert que en relaci\u00f3 a la informaci\u00f3 sobre el tema de les superf\u00edcies hi ha una certa confusi\u00f3, aix\u00ed que anem per parts.<\/p>\n<ul>\n<li><strong>Qu\u00e8 entenem per metres constru\u00efts?<\/strong><\/li>\n<\/ul>\n<p>La superf\u00edcie compresa entre el per\u00edmetre de l\u2019habitatge<\/p>\n<ul>\n<li><strong><img loading=\"lazy\" decoding=\"async\" class=\"alignright size-medium wp-image-14862\" src=\"https:\/\/www.amatimmobiliaris.com\/w\/wp-content\/uploads\/2022\/01\/gauge-2087425_640-300x200.jpg\" alt=\"\" width=\"300\" height=\"200\" \/>Qu\u00e8 entenem per metres \u00fatils? <\/strong><\/li>\n<\/ul>\n<p>Doncs aquells que podem trepitjar, per entendre\u2019ns, els que ens quedessin lliures per poder posar els mobles. Surten de descomptar els metres constru\u00efts i les parets divis\u00f2ries interiors. Aquesta superf\u00edcie \u00e9s aproximadament entre un 15 a 20% menor que la superf\u00edcie constru\u00efda.<\/p>\n<ul>\n<li><strong>Qu\u00e8 entenem per metres constru\u00efts ampliats?<\/strong><\/li>\n<\/ul>\n<p>S\u00f3n els metres constru\u00efts afegint la part proporcional dels elements comuns de la construcci\u00f3, \u00e9s a dir: escala, vest\u00edbul, replans, passadissos comunitaris, etc.<\/p>\n<ul>\n<li><strong>Qu\u00e8 entenem per volum?<\/strong><\/li>\n<\/ul>\n<p>S\u2019utilitza aquest terme quan multipliquem el par\u00e0metre de superf\u00edcie per par\u00e0metres d\u2019altura. La veritat \u00e9s que aquest terme no s\u2019utilitza molt, tan sols quan es tracta d\u2019habitatge de gran al\u00e7ada i especialment de \u201clofts\u201d. En aquests nous conceptes d\u2019habitatge, el volum \u00e9s realment important, ja que \u00e9s el par\u00e0metre que serveix perqu\u00e8 un \u201cloft\u201d pugui ser utilitzat com a habitatge.<\/p>\n<p>A l\u2019hora de la veritat, i m\u00e9s concretament a Catalunya, es parla habitualment de metres \u00fatils i metres constru\u00efts i concretament en les promocions d\u2019obra nova, s\u00f3n aquests dos conceptes els que s\u2019utilitzen.<\/p>\n<p><span style=\"text-decoration: underline;\">En la publicitat dels habitatges de segona m\u00e0 moltes vegades no queda clar quin \u00e9s el par\u00e0metre utilitzat. \u00c9s recomanable demanar un aclariment.<\/span><\/p>\n<p>Els dos conceptes, \u00fatils i constru\u00efts tenen import\u00e0ncia per al comprador, ja que l\u2019informen sobre el que realment comprant.<\/p>\n<p>La Generalitat, en les seves inspeccions peri\u00f2diques a les promocions, exigeix \u200b\u200bque en la informaci\u00f3 que es facilita al possible comprador figurin les dues dades.<\/p>\n","protected":false},"excerpt":{"rendered":"<p>Quan llegeixo la publicitat relativa a immobles o demano informaci\u00f3, em faig un embolic amb el tema de les superf\u00edcies, tothom ho explica de forma diferent. M&#8217;ho poden aclarir? \u00c9s cert que en relaci\u00f3 a la informaci\u00f3 sobre el tema de les superf\u00edcies hi ha una certa confusi\u00f3, aix\u00ed que anem per parts. Qu\u00e8 entenem [&hellip;]<\/p>\n","protected":false},"author":1,"featured_media":4258,"comment_status":"closed","ping_status":"open","sticky":false,"template":"","format":"standard","meta":{"content-type":"","footnotes":""},"categories":[1154],"tags":[],"yoast_head":"<!-- This site is optimized with the Yoast SEO plugin v23.9 - https:\/\/yoast.com\/wordpress\/plugins\/seo\/ -->\n<title>Saps a que ens referim quan parlem de &quot;superf\u00edcies \u00fatils d&#039;un habitatge&quot;? | Amat Immobiliaris<\/title>\n<meta name=\"robots\" content=\"index, follow, max-snippet:-1, max-image-preview:large, max-video-preview:-1\" \/>\n<link rel=\"canonical\" href=\"https:\/\/www.amatimmobiliaris.com\/w\/ca\/2019\/05\/superficies-superficies-utils-habitatge\/\" \/>\n<meta property=\"og:locale\" content=\"ca_ES\" \/>\n<meta property=\"og:type\" content=\"article\" \/>\n<meta property=\"og:title\" content=\"Saps a que ens referim quan parlem de &quot;superf\u00edcies \u00fatils d&#039;un habitatge&quot;? | Amat Immobiliaris\" \/>\n<meta property=\"og:description\" content=\"Quan llegeixo la publicitat relativa a immobles o demano informaci\u00f3, em faig un embolic amb el tema de les superf\u00edcies, tothom ho explica de forma diferent. M&#8217;ho poden aclarir? \u00c9s cert que en relaci\u00f3 a la informaci\u00f3 sobre el tema de les superf\u00edcies hi ha una certa confusi\u00f3, aix\u00ed que anem per parts. Qu\u00e8 entenem [&hellip;]\" \/>\n<meta property=\"og:url\" content=\"https:\/\/www.amatimmobiliaris.com\/w\/ca\/2019\/05\/superficies-superficies-utils-habitatge\/\" \/>\n<meta property=\"og:site_name\" content=\"Amat Immobiliaris\" \/>\n<meta property=\"article:publisher\" content=\"https:\/\/www.facebook.com\/amatimmobiliaris\" \/>\n<meta property=\"article:published_time\" content=\"2019-05-10T13:18:26+00:00\" \/>\n<meta property=\"article:modified_time\" content=\"2023-01-10T11:51:21+00:00\" \/>\n<meta property=\"og:image\" content=\"https:\/\/www.amatimmobiliaris.com\/w\/wp-content\/uploads\/2022\/01\/gauge-2087425_640.jpg\" \/>\n\t<meta property=\"og:image:width\" content=\"640\" \/>\n\t<meta property=\"og:image:height\" content=\"426\" \/>\n\t<meta property=\"og:image:type\" content=\"image\/jpeg\" \/>\n<meta name=\"author\" content=\"Amat Immobiliaris\" \/>\n<meta name=\"twitter:card\" content=\"summary_large_image\" \/>\n<meta name=\"twitter:creator\" content=\"@amat_cat\" \/>\n<meta name=\"twitter:site\" content=\"@amat_cat\" \/>\n<meta name=\"twitter:label1\" content=\"Escrit per\" \/>\n\t<meta name=\"twitter:data1\" content=\"Amat Immobiliaris\" \/>\n\t<meta name=\"twitter:label2\" content=\"Temps estimat de lectura\" \/>\n\t<meta name=\"twitter:data2\" content=\"2 minuts\" \/>\n<script type=\"application\/ld+json\" class=\"yoast-schema-graph\">{\"@context\":\"https:\/\/schema.org\",\"@graph\":[{\"@type\":\"Article\",\"@id\":\"https:\/\/www.amatimmobiliaris.com\/w\/ca\/2019\/05\/superficies-superficies-utils-habitatge\/#article\",\"isPartOf\":{\"@id\":\"https:\/\/www.amatimmobiliaris.com\/w\/ca\/2019\/05\/superficies-superficies-utils-habitatge\/\"},\"author\":{\"name\":\"Amat Immobiliaris\",\"@id\":\"https:\/\/www.amatimmobiliaris.com\/w\/#\/schema\/person\/c880da71d1e156e7ea6774ffb445e034\"},\"headline\":\"Saps a que ens referim quan parlem de &#8220;superf\u00edcies \u00fatils d&#8217;un habitatge&#8221;?\",\"datePublished\":\"2019-05-10T13:18:26+00:00\",\"dateModified\":\"2023-01-10T11:51:21+00:00\",\"mainEntityOfPage\":{\"@id\":\"https:\/\/www.amatimmobiliaris.com\/w\/ca\/2019\/05\/superficies-superficies-utils-habitatge\/\"},\"wordCount\":354,\"publisher\":{\"@id\":\"https:\/\/www.amatimmobiliaris.com\/w\/#organization\"},\"image\":{\"@id\":\"https:\/\/www.amatimmobiliaris.com\/w\/ca\/2019\/05\/superficies-superficies-utils-habitatge\/#primaryimage\"},\"thumbnailUrl\":\"https:\/\/www.amatimmobiliaris.com\/w\/wp-content\/uploads\/2022\/01\/gauge-2087425_640.jpg\",\"articleSection\":[\"L'usuari pregunta\"],\"inLanguage\":\"ca\"},{\"@type\":\"WebPage\",\"@id\":\"https:\/\/www.amatimmobiliaris.com\/w\/ca\/2019\/05\/superficies-superficies-utils-habitatge\/\",\"url\":\"https:\/\/www.amatimmobiliaris.com\/w\/ca\/2019\/05\/superficies-superficies-utils-habitatge\/\",\"name\":\"Saps a que ens referim quan parlem de \\\"superf\u00edcies \u00fatils d'un habitatge\\\"? | Amat Immobiliaris\",\"isPartOf\":{\"@id\":\"https:\/\/www.amatimmobiliaris.com\/w\/#website\"},\"primaryImageOfPage\":{\"@id\":\"https:\/\/www.amatimmobiliaris.com\/w\/ca\/2019\/05\/superficies-superficies-utils-habitatge\/#primaryimage\"},\"image\":{\"@id\":\"https:\/\/www.amatimmobiliaris.com\/w\/ca\/2019\/05\/superficies-superficies-utils-habitatge\/#primaryimage\"},\"thumbnailUrl\":\"https:\/\/www.amatimmobiliaris.com\/w\/wp-content\/uploads\/2022\/01\/gauge-2087425_640.jpg\",\"datePublished\":\"2019-05-10T13:18:26+00:00\",\"dateModified\":\"2023-01-10T11:51:21+00:00\",\"breadcrumb\":{\"@id\":\"https:\/\/www.amatimmobiliaris.com\/w\/ca\/2019\/05\/superficies-superficies-utils-habitatge\/#breadcrumb\"},\"inLanguage\":\"ca\",\"potentialAction\":[{\"@type\":\"ReadAction\",\"target\":[\"https:\/\/www.amatimmobiliaris.com\/w\/ca\/2019\/05\/superficies-superficies-utils-habitatge\/\"]}]},{\"@type\":\"ImageObject\",\"inLanguage\":\"ca\",\"@id\":\"https:\/\/www.amatimmobiliaris.com\/w\/ca\/2019\/05\/superficies-superficies-utils-habitatge\/#primaryimage\",\"url\":\"https:\/\/www.amatimmobiliaris.com\/w\/wp-content\/uploads\/2022\/01\/gauge-2087425_640.jpg\",\"contentUrl\":\"https:\/\/www.amatimmobiliaris.com\/w\/wp-content\/uploads\/2022\/01\/gauge-2087425_640.jpg\",\"width\":640,\"height\":426},{\"@type\":\"BreadcrumbList\",\"@id\":\"https:\/\/www.amatimmobiliaris.com\/w\/ca\/2019\/05\/superficies-superficies-utils-habitatge\/#breadcrumb\",\"itemListElement\":[{\"@type\":\"ListItem\",\"position\":1,\"name\":\"Home\",\"item\":\"https:\/\/www.amatimmobiliaris.com\/w\/ca\/\"},{\"@type\":\"ListItem\",\"position\":2,\"name\":\"Consells\",\"item\":\"https:\/\/www.amatimmobiliaris.com\/w\/ca\/categoria-ca\/consells-ca\/\"},{\"@type\":\"ListItem\",\"position\":3,\"name\":\"L'usuari pregunta\",\"item\":\"https:\/\/www.amatimmobiliaris.com\/w\/ca\/categoria-ca\/consells-ca\/usuari-pregunta-ca\/\"},{\"@type\":\"ListItem\",\"position\":4,\"name\":\"Saps a que ens referim quan parlem de \u00absuperf\u00edcies \u00fatils d&#8217;un habitatge\u00bb?\"}]},{\"@type\":\"WebSite\",\"@id\":\"https:\/\/www.amatimmobiliaris.com\/w\/#website\",\"url\":\"https:\/\/www.amatimmobiliaris.com\/w\/\",\"name\":\"Amat Immobiliaris\",\"description\":\"Empresa familiar del sector inmobiliario con oficinas en Barcelona, Sant Cugat del Vall\u00e9s y Sant Just Desvern. Te ayudamos a comprar, alquilar o vender tu casa o piso. Somos un equipo coherente con una cultura de empresa honesta, innovadora y eficaz. Tambi\u00e9n en www.amatluxury.com\",\"publisher\":{\"@id\":\"https:\/\/www.amatimmobiliaris.com\/w\/#organization\"},\"alternateName\":\"AmatImmo\",\"potentialAction\":[{\"@type\":\"SearchAction\",\"target\":{\"@type\":\"EntryPoint\",\"urlTemplate\":\"https:\/\/www.amatimmobiliaris.com\/w\/?s={search_term_string}\"},\"query-input\":{\"@type\":\"PropertyValueSpecification\",\"valueRequired\":true,\"valueName\":\"search_term_string\"}}],\"inLanguage\":\"ca\"},{\"@type\":\"Organization\",\"@id\":\"https:\/\/www.amatimmobiliaris.com\/w\/#organization\",\"name\":\"Amat Immobiliaris\",\"url\":\"https:\/\/www.amatimmobiliaris.com\/w\/\",\"logo\":{\"@type\":\"ImageObject\",\"inLanguage\":\"ca\",\"@id\":\"https:\/\/www.amatimmobiliaris.com\/w\/#\/schema\/logo\/image\/\",\"url\":\"https:\/\/www.amatimmobiliaris.com\/w\/wp-content\/uploads\/2022\/10\/amat-logo.jpg\",\"contentUrl\":\"https:\/\/www.amatimmobiliaris.com\/w\/wp-content\/uploads\/2022\/10\/amat-logo.jpg\",\"width\":900,\"height\":900,\"caption\":\"Amat Immobiliaris\"},\"image\":{\"@id\":\"https:\/\/www.amatimmobiliaris.com\/w\/#\/schema\/logo\/image\/\"},\"sameAs\":[\"https:\/\/www.facebook.com\/amatimmobiliaris\",\"https:\/\/x.com\/amat_cat\",\"https:\/\/www.instagram.com\/amat_immo\/\",\"https:\/\/www.linkedin.com\/company\/amat-finques\/\",\"https:\/\/www.youtube.com\/@amatimmobiliaris\"]},{\"@type\":\"Person\",\"@id\":\"https:\/\/www.amatimmobiliaris.com\/w\/#\/schema\/person\/c880da71d1e156e7ea6774ffb445e034\",\"name\":\"Amat Immobiliaris\",\"sameAs\":[\"http:\/\/amat-inmo-wp.localhost\"]}]}<\/script>\n<!-- \/ Yoast SEO plugin. -->","yoast_head_json":{"title":"Saps a que ens referim quan parlem de \"superf\u00edcies \u00fatils d'un habitatge\"? | Amat Immobiliaris","robots":{"index":"index","follow":"follow","max-snippet":"max-snippet:-1","max-image-preview":"max-image-preview:large","max-video-preview":"max-video-preview:-1"},"canonical":"https:\/\/www.amatimmobiliaris.com\/w\/ca\/2019\/05\/superficies-superficies-utils-habitatge\/","og_locale":"ca_ES","og_type":"article","og_title":"Saps a que ens referim quan parlem de \"superf\u00edcies \u00fatils d'un habitatge\"? | Amat Immobiliaris","og_description":"Quan llegeixo la publicitat relativa a immobles o demano informaci\u00f3, em faig un embolic amb el tema de les superf\u00edcies, tothom ho explica de forma diferent. M&#8217;ho poden aclarir? \u00c9s cert que en relaci\u00f3 a la informaci\u00f3 sobre el tema de les superf\u00edcies hi ha una certa confusi\u00f3, aix\u00ed que anem per parts. Qu\u00e8 entenem [&hellip;]","og_url":"https:\/\/www.amatimmobiliaris.com\/w\/ca\/2019\/05\/superficies-superficies-utils-habitatge\/","og_site_name":"Amat Immobiliaris","article_publisher":"https:\/\/www.facebook.com\/amatimmobiliaris","article_published_time":"2019-05-10T13:18:26+00:00","article_modified_time":"2023-01-10T11:51:21+00:00","og_image":[{"width":640,"height":426,"url":"https:\/\/www.amatimmobiliaris.com\/w\/wp-content\/uploads\/2022\/01\/gauge-2087425_640.jpg","type":"image\/jpeg"}],"author":"Amat Immobiliaris","twitter_card":"summary_large_image","twitter_creator":"@amat_cat","twitter_site":"@amat_cat","twitter_misc":{"Escrit per":"Amat Immobiliaris","Temps estimat de lectura":"2 minuts"},"schema":{"@context":"https:\/\/schema.org","@graph":[{"@type":"Article","@id":"https:\/\/www.amatimmobiliaris.com\/w\/ca\/2019\/05\/superficies-superficies-utils-habitatge\/#article","isPartOf":{"@id":"https:\/\/www.amatimmobiliaris.com\/w\/ca\/2019\/05\/superficies-superficies-utils-habitatge\/"},"author":{"name":"Amat Immobiliaris","@id":"https:\/\/www.amatimmobiliaris.com\/w\/#\/schema\/person\/c880da71d1e156e7ea6774ffb445e034"},"headline":"Saps a que ens referim quan parlem de &#8220;superf\u00edcies \u00fatils d&#8217;un habitatge&#8221;?","datePublished":"2019-05-10T13:18:26+00:00","dateModified":"2023-01-10T11:51:21+00:00","mainEntityOfPage":{"@id":"https:\/\/www.amatimmobiliaris.com\/w\/ca\/2019\/05\/superficies-superficies-utils-habitatge\/"},"wordCount":354,"publisher":{"@id":"https:\/\/www.amatimmobiliaris.com\/w\/#organization"},"image":{"@id":"https:\/\/www.amatimmobiliaris.com\/w\/ca\/2019\/05\/superficies-superficies-utils-habitatge\/#primaryimage"},"thumbnailUrl":"https:\/\/www.amatimmobiliaris.com\/w\/wp-content\/uploads\/2022\/01\/gauge-2087425_640.jpg","articleSection":["L'usuari pregunta"],"inLanguage":"ca"},{"@type":"WebPage","@id":"https:\/\/www.amatimmobiliaris.com\/w\/ca\/2019\/05\/superficies-superficies-utils-habitatge\/","url":"https:\/\/www.amatimmobiliaris.com\/w\/ca\/2019\/05\/superficies-superficies-utils-habitatge\/","name":"Saps a que ens referim quan parlem de \"superf\u00edcies \u00fatils d'un habitatge\"? | Amat Immobiliaris","isPartOf":{"@id":"https:\/\/www.amatimmobiliaris.com\/w\/#website"},"primaryImageOfPage":{"@id":"https:\/\/www.amatimmobiliaris.com\/w\/ca\/2019\/05\/superficies-superficies-utils-habitatge\/#primaryimage"},"image":{"@id":"https:\/\/www.amatimmobiliaris.com\/w\/ca\/2019\/05\/superficies-superficies-utils-habitatge\/#primaryimage"},"thumbnailUrl":"https:\/\/www.amatimmobiliaris.com\/w\/wp-content\/uploads\/2022\/01\/gauge-2087425_640.jpg","datePublished":"2019-05-10T13:18:26+00:00","dateModified":"2023-01-10T11:51:21+00:00","breadcrumb":{"@id":"https:\/\/www.amatimmobiliaris.com\/w\/ca\/2019\/05\/superficies-superficies-utils-habitatge\/#breadcrumb"},"inLanguage":"ca","potentialAction":[{"@type":"ReadAction","target":["https:\/\/www.amatimmobiliaris.com\/w\/ca\/2019\/05\/superficies-superficies-utils-habitatge\/"]}]},{"@type":"ImageObject","inLanguage":"ca","@id":"https:\/\/www.amatimmobiliaris.com\/w\/ca\/2019\/05\/superficies-superficies-utils-habitatge\/#primaryimage","url":"https:\/\/www.amatimmobiliaris.com\/w\/wp-content\/uploads\/2022\/01\/gauge-2087425_640.jpg","contentUrl":"https:\/\/www.amatimmobiliaris.com\/w\/wp-content\/uploads\/2022\/01\/gauge-2087425_640.jpg","width":640,"height":426},{"@type":"BreadcrumbList","@id":"https:\/\/www.amatimmobiliaris.com\/w\/ca\/2019\/05\/superficies-superficies-utils-habitatge\/#breadcrumb","itemListElement":[{"@type":"ListItem","position":1,"name":"Home","item":"https:\/\/www.amatimmobiliaris.com\/w\/ca\/"},{"@type":"ListItem","position":2,"name":"Consells","item":"https:\/\/www.amatimmobiliaris.com\/w\/ca\/categoria-ca\/consells-ca\/"},{"@type":"ListItem","position":3,"name":"L'usuari pregunta","item":"https:\/\/www.amatimmobiliaris.com\/w\/ca\/categoria-ca\/consells-ca\/usuari-pregunta-ca\/"},{"@type":"ListItem","position":4,"name":"Saps a que ens referim quan parlem de \u00absuperf\u00edcies \u00fatils d&#8217;un habitatge\u00bb?"}]},{"@type":"WebSite","@id":"https:\/\/www.amatimmobiliaris.com\/w\/#website","url":"https:\/\/www.amatimmobiliaris.com\/w\/","name":"Amat Immobiliaris","description":"Empresa familiar del sector inmobiliario con oficinas en Barcelona, Sant Cugat del Vall\u00e9s y Sant Just Desvern. Te ayudamos a comprar, alquilar o vender tu casa o piso. Somos un equipo coherente con una cultura de empresa honesta, innovadora y eficaz. Tambi\u00e9n en www.amatluxury.com","publisher":{"@id":"https:\/\/www.amatimmobiliaris.com\/w\/#organization"},"alternateName":"AmatImmo","potentialAction":[{"@type":"SearchAction","target":{"@type":"EntryPoint","urlTemplate":"https:\/\/www.amatimmobiliaris.com\/w\/?s={search_term_string}"},"query-input":{"@type":"PropertyValueSpecification","valueRequired":true,"valueName":"search_term_string"}}],"inLanguage":"ca"},{"@type":"Organization","@id":"https:\/\/www.amatimmobiliaris.com\/w\/#organization","name":"Amat Immobiliaris","url":"https:\/\/www.amatimmobiliaris.com\/w\/","logo":{"@type":"ImageObject","inLanguage":"ca","@id":"https:\/\/www.amatimmobiliaris.com\/w\/#\/schema\/logo\/image\/","url":"https:\/\/www.amatimmobiliaris.com\/w\/wp-content\/uploads\/2022\/10\/amat-logo.jpg","contentUrl":"https:\/\/www.amatimmobiliaris.com\/w\/wp-content\/uploads\/2022\/10\/amat-logo.jpg","width":900,"height":900,"caption":"Amat Immobiliaris"},"image":{"@id":"https:\/\/www.amatimmobiliaris.com\/w\/#\/schema\/logo\/image\/"},"sameAs":["https:\/\/www.facebook.com\/amatimmobiliaris","https:\/\/x.com\/amat_cat","https:\/\/www.instagram.com\/amat_immo\/","https:\/\/www.linkedin.com\/company\/amat-finques\/","https:\/\/www.youtube.com\/@amatimmobiliaris"]},{"@type":"Person","@id":"https:\/\/www.amatimmobiliaris.com\/w\/#\/schema\/person\/c880da71d1e156e7ea6774ffb445e034","name":"Amat Immobiliaris","sameAs":["http:\/\/amat-inmo-wp.localhost"]}]}},"_links":{"self":[{"href":"https:\/\/www.amatimmobiliaris.com\/w\/ca\/wp-json\/wp\/v2\/posts\/4257"}],"collection":[{"href":"https:\/\/www.amatimmobiliaris.com\/w\/ca\/wp-json\/wp\/v2\/posts"}],"about":[{"href":"https:\/\/www.amatimmobiliaris.com\/w\/ca\/wp-json\/wp\/v2\/types\/post"}],"author":[{"embeddable":true,"href":"https:\/\/www.amatimmobiliaris.com\/w\/ca\/wp-json\/wp\/v2\/users\/1"}],"replies":[{"embeddable":true,"href":"https:\/\/www.amatimmobiliaris.com\/w\/ca\/wp-json\/wp\/v2\/comments?post=4257"}],"version-history":[{"count":1,"href":"https:\/\/www.amatimmobiliaris.com\/w\/ca\/wp-json\/wp\/v2\/posts\/4257\/revisions"}],"predecessor-version":[{"id":17672,"href":"https:\/\/www.amatimmobiliaris.com\/w\/ca\/wp-json\/wp\/v2\/posts\/4257\/revisions\/17672"}],"wp:featuredmedia":[{"embeddable":true,"href":"https:\/\/www.amatimmobiliaris.com\/w\/ca\/wp-json\/wp\/v2\/media\/4258"}],"wp:attachment":[{"href":"https:\/\/www.amatimmobiliaris.com\/w\/ca\/wp-json\/wp\/v2\/media?parent=4257"}],"wp:term":[{"taxonomy":"category","embeddable":true,"href":"https:\/\/www.amatimmobiliaris.com\/w\/ca\/wp-json\/wp\/v2\/categories?post=4257"},{"taxonomy":"post_tag","embeddable":true,"href":"https:\/\/www.amatimmobiliaris.com\/w\/ca\/wp-json\/wp\/v2\/tags?post=4257"}],"curies":[{"name":"wp","href":"https:\/\/api.w.org\/{rel}","templated":true}]}}