{"id":42555,"date":"2025-12-15T09:48:56","date_gmt":"2025-12-15T09:48:56","guid":{"rendered":"https:\/\/www.amatimmobiliaris.com\/w\/?p=42555"},"modified":"2025-12-15T09:48:56","modified_gmt":"2025-12-15T09:48:56","slug":"bones-festes-i-bon-any-2026","status":"publish","type":"post","link":"https:\/\/www.amatimmobiliaris.com\/w\/ca\/2025\/12\/bones-festes-i-bon-any-2026\/","title":{"rendered":"Bones Festes i Bon Any 2026"},"content":{"rendered":"<h2>L&#8217;equip Amat us desitja Bones Festes i Bon Any 2026!<\/h2>\n<p>&nbsp;<\/p>\n<p><a href=\"https:\/\/youtu.be\/xuPLIQkpk8c?si=JxNFGSVuqVhCmoj_\"><img loading=\"lazy\" decoding=\"async\" class=\"alignnone wp-image-42558\" src=\"https:\/\/www.amatimmobiliaris.com\/w\/wp-content\/uploads\/2025\/12\/calendari-2026_0-1024x576.jpg\" alt=\"\" width=\"726\" height=\"411\" \/><\/a><\/p>\n<h2>El calendari Amat<\/h2>\n<p style=\"text-align: justify;\">Com sempre, amb l\u2019entrada d\u2019un nou any, hem fet el\u00a0<a href=\"https:\/\/issuu.com\/amatimmobiliaris\/docs\/calendari_amat_2026\" target=\"_blank\" rel=\"noopener\" data-cke-saved-href=\"https:\/\/issuu.com\/amatimmobiliaris\/docs\/calendari_amat_2026\">CALENDARI 2026<\/a>\u00a0per a tots els nostres clients, prove\u00efdors i col\u00b7laboradors, que ben aviat arribar\u00e0 a casa seva.<\/p>\n<p data-end=\"486\" data-start=\"253\">Aquest any, hem creat un calendari molt especial,\u00a0dedicat a la commemoraci\u00f3 del <strong data-end=\"412\" data-start=\"365\">150\u00e8 aniversari del naixement de Pau Casals<\/strong>, una de les figures m\u00e9s universals de la m\u00fasica i de la cultura catalana.<\/p>\n<p data-end=\"698\" data-start=\"488\">Al llarg de tot el calendari hi podreu descobrir <strong data-end=\"598\" data-start=\"537\">fotografies que recorren la seva traject\u00f2ria professional<\/strong>, aix\u00ed com <strong data-end=\"628\" data-start=\"609\">frases c\u00e8lebres<\/strong> que reflecteixen el seu llegat art\u00edstic, hum\u00e0 i comprom\u00e8s amb la pau.<\/p>\n<p data-end=\"938\" data-start=\"700\">A m\u00e9s, cada p\u00e0gina del calendari incorpora un <strong data-end=\"757\" data-start=\"746\">codi QR<\/strong> que us portar\u00e0 directament a una <strong data-end=\"887\" data-start=\"791\">llista de reproducci\u00f3 amb algunes de les peces m\u00e9s escoltades i representatives de l\u2019artista<\/strong>, per poder acompanyar cada mes amb la seva m\u00fasica.<\/p>\n<p data-end=\"1086\" data-start=\"940\">Amb aquest calendari, volem retre homenatge a Pau Casals i mantenir viu el seu esperit, la seva obra i els seus valors.<\/p>\n<p>&nbsp;<\/p>\n<p><strong>Esperem que els agradi tant com a nosaltres!<\/strong><br \/>\nAgra\u00efm als nostres patrocinadors\u00a0<a href=\"https:\/\/www.mutuadepropietarios.es\/\" target=\"_blank\" rel=\"noopener\">Mutua de Propietarios<\/a><strong>,\u00a0<\/strong><a href=\"http:\/\/onwork.cat\/\" target=\"_blank\" rel=\"noopener\">Onwork<\/a><strong>,\u00a0<\/strong><a href=\"https:\/\/www.aurialpadel.com\/\" target=\"_blank\" rel=\"noopener\">Aurial Padel<\/a><strong>,\u00a0<\/strong><a href=\"https:\/\/www.tkelevator.com\/es-es\/\" target=\"_blank\" rel=\"noopener\">TK Elevator<\/a><strong>,\u00a0<\/strong><a href=\"http:\/\/vanguardgrafic.com\/\" target=\"_blank\" rel=\"noopener\">Vanguard Gr\u00e0fic<\/a>\u00a0que han ajudat a fer-ho possible.<\/p>\n<p><a href=\"https:\/\/issuu.com\/amatimmobiliaris\/docs\/calendari_amat_2026\"><img loading=\"lazy\" decoding=\"async\" class=\"alignnone size-large wp-image-42561\" src=\"https:\/\/www.amatimmobiliaris.com\/w\/wp-content\/uploads\/2025\/12\/Calendari-Amat-2026_mockup-cuadrado-1024x657.jpg\" alt=\"\" width=\"800\" height=\"513\" srcset=\"https:\/\/www.amatimmobiliaris.com\/w\/wp-content\/uploads\/2025\/12\/Calendari-Amat-2026_mockup-cuadrado-1024x657.jpg 1024w, https:\/\/www.amatimmobiliaris.com\/w\/wp-content\/uploads\/2025\/12\/Calendari-Amat-2026_mockup-cuadrado-300x193.jpg 300w, https:\/\/www.amatimmobiliaris.com\/w\/wp-content\/uploads\/2025\/12\/Calendari-Amat-2026_mockup-cuadrado-768x493.jpg 768w, https:\/\/www.amatimmobiliaris.com\/w\/wp-content\/uploads\/2025\/12\/Calendari-Amat-2026_mockup-cuadrado.jpg 1170w\" sizes=\"(max-width: 800px) 100vw, 800px\" \/><\/a><\/p>\n<p><a href=\"https:\/\/www.facebook.com\/sharer\/sharer.php?u=https%3A%2F%2Fwww.amatimmobiliaris.com%2Fw%2Fca%2F2023%2F12%2Fbones-festes-i-bon-any-2024%2F\" class=\"broken_link\" rel=\"nofollow\"><img loading=\"lazy\" decoding=\"async\" class=\"alignnone size-full wp-image-19024\" src=\"https:\/\/www.amatimmobiliaris.com\/w\/wp-content\/uploads\/2021\/11\/fb.png\" alt=\"\" width=\"12\" height=\"24\" \/><\/a><a href=\"https:\/\/www.linkedin.com\/sharing\/share-offsite\/?url=https%3A%2F%2Fwww.amatimmobiliaris.com%2Fw%2Fca%2F2023%2F12%2Fbones-festes-i-bon-any-2024%2F\"><img loading=\"lazy\" decoding=\"async\" class=\"alignnone size-full wp-image-19028\" src=\"https:\/\/www.amatimmobiliaris.com\/w\/wp-content\/uploads\/2021\/11\/linkedin.png\" alt=\"\" width=\"25\" height=\"25\" \/><\/a><\/p>\n<p style=\"text-align: justify;\">Hem utilitzat paper reciclat per fer el Calendari Amat 2026.<\/p>\n","protected":false},"excerpt":{"rendered":"<p>L&#8217;equip Amat us desitja Bones Festes i Bon Any 2026! &nbsp; El calendari Amat Com sempre, amb l\u2019entrada d\u2019un nou any, hem fet el\u00a0CALENDARI 2026\u00a0per a tots els nostres clients, prove\u00efdors i col\u00b7laboradors, que ben aviat arribar\u00e0 a casa seva. Aquest any, hem creat un calendari molt especial,\u00a0dedicat a la commemoraci\u00f3 del 150\u00e8 aniversari del [&hellip;]<\/p>\n","protected":false},"author":4,"featured_media":42564,"comment_status":"closed","ping_status":"closed","sticky":false,"template":"","format":"standard","meta":{"content-type":"","footnotes":""},"categories":[1147,1159],"tags":[2070,2072,2071,1183,1715],"yoast_head":"<!-- This site is optimized with the Yoast SEO plugin v23.9 - https:\/\/yoast.com\/wordpress\/plugins\/seo\/ -->\n<title>Bones Festes i Bon Any 2026 | Amat Immobiliaris<\/title>\n<meta name=\"description\" content=\"Com sempre, amb l\u2019entrada d\u2019un nou any, hem fet un calendari\u00a0per a tots els nostres clients, prove\u00efdors i col\u00b7laboradors. Bon Any 2026!\" \/>\n<meta name=\"robots\" content=\"index, follow, max-snippet:-1, max-image-preview:large, max-video-preview:-1\" \/>\n<link rel=\"canonical\" href=\"https:\/\/www.amatimmobiliaris.com\/blog\/Bones-festes-i-bon-any-2026\" \/>\n<meta property=\"og:locale\" content=\"ca_ES\" \/>\n<meta property=\"og:type\" content=\"article\" \/>\n<meta property=\"og:title\" content=\"Bones Festes i Bon Any 2026 | Amat Immobiliaris\" \/>\n<meta property=\"og:description\" content=\"Com sempre, amb l\u2019entrada d\u2019un nou any, hem fet un calendari\u00a0per a tots els nostres clients, prove\u00efdors i col\u00b7laboradors. Bon Any 2026!\" \/>\n<meta property=\"og:url\" content=\"https:\/\/www.amatimmobiliaris.com\/blog\/Bones-festes-i-bon-any-2026\" \/>\n<meta property=\"og:site_name\" content=\"Amat Immobiliaris\" \/>\n<meta property=\"article:publisher\" content=\"https:\/\/www.facebook.com\/amatimmobiliaris\" \/>\n<meta property=\"article:published_time\" content=\"2025-12-15T09:48:56+00:00\" \/>\n<meta property=\"og:image\" content=\"https:\/\/www.amatimmobiliaris.com\/w\/wp-content\/uploads\/2025\/12\/calendari-2026.jpg\" \/>\n\t<meta property=\"og:image:width\" content=\"1920\" \/>\n\t<meta property=\"og:image:height\" content=\"1080\" \/>\n\t<meta property=\"og:image:type\" content=\"image\/jpeg\" \/>\n<meta name=\"author\" content=\"Marina Payan\" \/>\n<meta name=\"twitter:card\" content=\"summary_large_image\" \/>\n<meta name=\"twitter:creator\" content=\"@amat_cat\" \/>\n<meta name=\"twitter:site\" content=\"@amat_cat\" \/>\n<meta name=\"twitter:label1\" content=\"Escrit per\" \/>\n\t<meta name=\"twitter:data1\" content=\"Marina Payan\" \/>\n\t<meta name=\"twitter:label2\" content=\"Temps estimat de lectura\" \/>\n\t<meta name=\"twitter:data2\" content=\"2 minuts\" \/>\n<script type=\"application\/ld+json\" class=\"yoast-schema-graph\">{\"@context\":\"https:\/\/schema.org\",\"@graph\":[{\"@type\":\"Article\",\"@id\":\"https:\/\/www.amatimmobiliaris.com\/blog\/Bones-festes-i-bon-any-2026#article\",\"isPartOf\":{\"@id\":\"https:\/\/www.amatimmobiliaris.com\/w\/ca\/2025\/12\/bones-festes-i-bon-any-2026\/\"},\"author\":{\"name\":\"Marina Payan\",\"@id\":\"https:\/\/www.amatimmobiliaris.com\/w\/#\/schema\/person\/d62b55fd12a2bc4550743759f52bdc8f\"},\"headline\":\"Bones Festes i Bon Any 2026\",\"datePublished\":\"2025-12-15T09:48:56+00:00\",\"dateModified\":\"2025-12-15T09:48:56+00:00\",\"mainEntityOfPage\":{\"@id\":\"https:\/\/www.amatimmobiliaris.com\/w\/ca\/2025\/12\/bones-festes-i-bon-any-2026\/\"},\"wordCount\":226,\"publisher\":{\"@id\":\"https:\/\/www.amatimmobiliaris.com\/w\/#organization\"},\"image\":{\"@id\":\"https:\/\/www.amatimmobiliaris.com\/blog\/Bones-festes-i-bon-any-2026#primaryimage\"},\"thumbnailUrl\":\"https:\/\/www.amatimmobiliaris.com\/w\/wp-content\/uploads\/2025\/12\/calendari-2026.jpg\",\"keywords\":[\"Amat\",\"Bon Any\",\"Bones festes\",\"Calendari\",\"Nadal\"],\"articleSection\":[\"El m\u00f3n Amat\",\"Reflexions\"],\"inLanguage\":\"ca\"},{\"@type\":\"WebPage\",\"@id\":\"https:\/\/www.amatimmobiliaris.com\/w\/ca\/2025\/12\/bones-festes-i-bon-any-2026\/\",\"url\":\"https:\/\/www.amatimmobiliaris.com\/blog\/Bones-festes-i-bon-any-2026\",\"name\":\"Bones Festes i Bon Any 2026 | Amat Immobiliaris\",\"isPartOf\":{\"@id\":\"https:\/\/www.amatimmobiliaris.com\/w\/#website\"},\"primaryImageOfPage\":{\"@id\":\"https:\/\/www.amatimmobiliaris.com\/blog\/Bones-festes-i-bon-any-2026#primaryimage\"},\"image\":{\"@id\":\"https:\/\/www.amatimmobiliaris.com\/blog\/Bones-festes-i-bon-any-2026#primaryimage\"},\"thumbnailUrl\":\"https:\/\/www.amatimmobiliaris.com\/w\/wp-content\/uploads\/2025\/12\/calendari-2026.jpg\",\"datePublished\":\"2025-12-15T09:48:56+00:00\",\"dateModified\":\"2025-12-15T09:48:56+00:00\",\"description\":\"Com sempre, amb l\u2019entrada d\u2019un nou any, hem fet un calendari\u00a0per a tots els nostres clients, prove\u00efdors i col\u00b7laboradors. Bon Any 2026!\",\"breadcrumb\":{\"@id\":\"https:\/\/www.amatimmobiliaris.com\/blog\/Bones-festes-i-bon-any-2026#breadcrumb\"},\"inLanguage\":\"ca\",\"potentialAction\":[{\"@type\":\"ReadAction\",\"target\":[\"https:\/\/www.amatimmobiliaris.com\/blog\/Bones-festes-i-bon-any-2026\"]}]},{\"@type\":\"ImageObject\",\"inLanguage\":\"ca\",\"@id\":\"https:\/\/www.amatimmobiliaris.com\/blog\/Bones-festes-i-bon-any-2026#primaryimage\",\"url\":\"https:\/\/www.amatimmobiliaris.com\/w\/wp-content\/uploads\/2025\/12\/calendari-2026.jpg\",\"contentUrl\":\"https:\/\/www.amatimmobiliaris.com\/w\/wp-content\/uploads\/2025\/12\/calendari-2026.jpg\",\"width\":1920,\"height\":1080},{\"@type\":\"BreadcrumbList\",\"@id\":\"https:\/\/www.amatimmobiliaris.com\/blog\/Bones-festes-i-bon-any-2026#breadcrumb\",\"itemListElement\":[{\"@type\":\"ListItem\",\"position\":1,\"name\":\"Home\",\"item\":\"https:\/\/www.amatimmobiliaris.com\/w\/ca\/\"},{\"@type\":\"ListItem\",\"position\":2,\"name\":\"El m\u00f3n Amat\",\"item\":\"https:\/\/www.amatimmobiliaris.com\/w\/ca\/categoria-ca\/el-mon-amat-ca\/\"},{\"@type\":\"ListItem\",\"position\":3,\"name\":\"Bones Festes i Bon Any 2026\"}]},{\"@type\":\"WebSite\",\"@id\":\"https:\/\/www.amatimmobiliaris.com\/w\/#website\",\"url\":\"https:\/\/www.amatimmobiliaris.com\/w\/\",\"name\":\"Amat Immobiliaris\",\"description\":\"Empresa familiar del sector inmobiliario con oficinas en Barcelona, Sant Cugat del Vall\u00e9s y Sant Just Desvern. Te ayudamos a comprar, alquilar o vender tu casa o piso. Somos un equipo coherente con una cultura de empresa honesta, innovadora y eficaz. Tambi\u00e9n en www.amatluxury.com\",\"publisher\":{\"@id\":\"https:\/\/www.amatimmobiliaris.com\/w\/#organization\"},\"alternateName\":\"AmatImmo\",\"potentialAction\":[{\"@type\":\"SearchAction\",\"target\":{\"@type\":\"EntryPoint\",\"urlTemplate\":\"https:\/\/www.amatimmobiliaris.com\/w\/?s={search_term_string}\"},\"query-input\":{\"@type\":\"PropertyValueSpecification\",\"valueRequired\":true,\"valueName\":\"search_term_string\"}}],\"inLanguage\":\"ca\"},{\"@type\":\"Organization\",\"@id\":\"https:\/\/www.amatimmobiliaris.com\/w\/#organization\",\"name\":\"Amat Immobiliaris\",\"url\":\"https:\/\/www.amatimmobiliaris.com\/w\/\",\"logo\":{\"@type\":\"ImageObject\",\"inLanguage\":\"ca\",\"@id\":\"https:\/\/www.amatimmobiliaris.com\/w\/#\/schema\/logo\/image\/\",\"url\":\"https:\/\/www.amatimmobiliaris.com\/w\/wp-content\/uploads\/2022\/10\/amat-logo.jpg\",\"contentUrl\":\"https:\/\/www.amatimmobiliaris.com\/w\/wp-content\/uploads\/2022\/10\/amat-logo.jpg\",\"width\":900,\"height\":900,\"caption\":\"Amat Immobiliaris\"},\"image\":{\"@id\":\"https:\/\/www.amatimmobiliaris.com\/w\/#\/schema\/logo\/image\/\"},\"sameAs\":[\"https:\/\/www.facebook.com\/amatimmobiliaris\",\"https:\/\/x.com\/amat_cat\",\"https:\/\/www.instagram.com\/amat_immo\/\",\"https:\/\/www.linkedin.com\/company\/amat-finques\/\",\"https:\/\/www.youtube.com\/@amatimmobiliaris\"]},{\"@type\":\"Person\",\"@id\":\"https:\/\/www.amatimmobiliaris.com\/w\/#\/schema\/person\/d62b55fd12a2bc4550743759f52bdc8f\",\"name\":\"Marina Payan\"}]}<\/script>\n<!-- \/ Yoast SEO plugin. -->","yoast_head_json":{"title":"Bones Festes i Bon Any 2026 | Amat Immobiliaris","description":"Com sempre, amb l\u2019entrada d\u2019un nou any, hem fet un calendari\u00a0per a tots els nostres clients, prove\u00efdors i col\u00b7laboradors. Bon Any 2026!","robots":{"index":"index","follow":"follow","max-snippet":"max-snippet:-1","max-image-preview":"max-image-preview:large","max-video-preview":"max-video-preview:-1"},"canonical":"https:\/\/www.amatimmobiliaris.com\/blog\/Bones-festes-i-bon-any-2026","og_locale":"ca_ES","og_type":"article","og_title":"Bones Festes i Bon Any 2026 | Amat Immobiliaris","og_description":"Com sempre, amb l\u2019entrada d\u2019un nou any, hem fet un calendari\u00a0per a tots els nostres clients, prove\u00efdors i col\u00b7laboradors. Bon Any 2026!","og_url":"https:\/\/www.amatimmobiliaris.com\/blog\/Bones-festes-i-bon-any-2026","og_site_name":"Amat Immobiliaris","article_publisher":"https:\/\/www.facebook.com\/amatimmobiliaris","article_published_time":"2025-12-15T09:48:56+00:00","og_image":[{"width":1920,"height":1080,"url":"https:\/\/www.amatimmobiliaris.com\/w\/wp-content\/uploads\/2025\/12\/calendari-2026.jpg","type":"image\/jpeg"}],"author":"Marina Payan","twitter_card":"summary_large_image","twitter_creator":"@amat_cat","twitter_site":"@amat_cat","twitter_misc":{"Escrit per":"Marina Payan","Temps estimat de lectura":"2 minuts"},"schema":{"@context":"https:\/\/schema.org","@graph":[{"@type":"Article","@id":"https:\/\/www.amatimmobiliaris.com\/blog\/Bones-festes-i-bon-any-2026#article","isPartOf":{"@id":"https:\/\/www.amatimmobiliaris.com\/w\/ca\/2025\/12\/bones-festes-i-bon-any-2026\/"},"author":{"name":"Marina Payan","@id":"https:\/\/www.amatimmobiliaris.com\/w\/#\/schema\/person\/d62b55fd12a2bc4550743759f52bdc8f"},"headline":"Bones Festes i Bon Any 2026","datePublished":"2025-12-15T09:48:56+00:00","dateModified":"2025-12-15T09:48:56+00:00","mainEntityOfPage":{"@id":"https:\/\/www.amatimmobiliaris.com\/w\/ca\/2025\/12\/bones-festes-i-bon-any-2026\/"},"wordCount":226,"publisher":{"@id":"https:\/\/www.amatimmobiliaris.com\/w\/#organization"},"image":{"@id":"https:\/\/www.amatimmobiliaris.com\/blog\/Bones-festes-i-bon-any-2026#primaryimage"},"thumbnailUrl":"https:\/\/www.amatimmobiliaris.com\/w\/wp-content\/uploads\/2025\/12\/calendari-2026.jpg","keywords":["Amat","Bon Any","Bones festes","Calendari","Nadal"],"articleSection":["El m\u00f3n Amat","Reflexions"],"inLanguage":"ca"},{"@type":"WebPage","@id":"https:\/\/www.amatimmobiliaris.com\/w\/ca\/2025\/12\/bones-festes-i-bon-any-2026\/","url":"https:\/\/www.amatimmobiliaris.com\/blog\/Bones-festes-i-bon-any-2026","name":"Bones Festes i Bon Any 2026 | Amat Immobiliaris","isPartOf":{"@id":"https:\/\/www.amatimmobiliaris.com\/w\/#website"},"primaryImageOfPage":{"@id":"https:\/\/www.amatimmobiliaris.com\/blog\/Bones-festes-i-bon-any-2026#primaryimage"},"image":{"@id":"https:\/\/www.amatimmobiliaris.com\/blog\/Bones-festes-i-bon-any-2026#primaryimage"},"thumbnailUrl":"https:\/\/www.amatimmobiliaris.com\/w\/wp-content\/uploads\/2025\/12\/calendari-2026.jpg","datePublished":"2025-12-15T09:48:56+00:00","dateModified":"2025-12-15T09:48:56+00:00","description":"Com sempre, amb l\u2019entrada d\u2019un nou any, hem fet un calendari\u00a0per a tots els nostres clients, prove\u00efdors i col\u00b7laboradors. Bon Any 2026!","breadcrumb":{"@id":"https:\/\/www.amatimmobiliaris.com\/blog\/Bones-festes-i-bon-any-2026#breadcrumb"},"inLanguage":"ca","potentialAction":[{"@type":"ReadAction","target":["https:\/\/www.amatimmobiliaris.com\/blog\/Bones-festes-i-bon-any-2026"]}]},{"@type":"ImageObject","inLanguage":"ca","@id":"https:\/\/www.amatimmobiliaris.com\/blog\/Bones-festes-i-bon-any-2026#primaryimage","url":"https:\/\/www.amatimmobiliaris.com\/w\/wp-content\/uploads\/2025\/12\/calendari-2026.jpg","contentUrl":"https:\/\/www.amatimmobiliaris.com\/w\/wp-content\/uploads\/2025\/12\/calendari-2026.jpg","width":1920,"height":1080},{"@type":"BreadcrumbList","@id":"https:\/\/www.amatimmobiliaris.com\/blog\/Bones-festes-i-bon-any-2026#breadcrumb","itemListElement":[{"@type":"ListItem","position":1,"name":"Home","item":"https:\/\/www.amatimmobiliaris.com\/w\/ca\/"},{"@type":"ListItem","position":2,"name":"El m\u00f3n Amat","item":"https:\/\/www.amatimmobiliaris.com\/w\/ca\/categoria-ca\/el-mon-amat-ca\/"},{"@type":"ListItem","position":3,"name":"Bones Festes i Bon Any 2026"}]},{"@type":"WebSite","@id":"https:\/\/www.amatimmobiliaris.com\/w\/#website","url":"https:\/\/www.amatimmobiliaris.com\/w\/","name":"Amat Immobiliaris","description":"Empresa familiar del sector inmobiliario con oficinas en Barcelona, Sant Cugat del Vall\u00e9s y Sant Just Desvern. Te ayudamos a comprar, alquilar o vender tu casa o piso. Somos un equipo coherente con una cultura de empresa honesta, innovadora y eficaz. Tambi\u00e9n en www.amatluxury.com","publisher":{"@id":"https:\/\/www.amatimmobiliaris.com\/w\/#organization"},"alternateName":"AmatImmo","potentialAction":[{"@type":"SearchAction","target":{"@type":"EntryPoint","urlTemplate":"https:\/\/www.amatimmobiliaris.com\/w\/?s={search_term_string}"},"query-input":{"@type":"PropertyValueSpecification","valueRequired":true,"valueName":"search_term_string"}}],"inLanguage":"ca"},{"@type":"Organization","@id":"https:\/\/www.amatimmobiliaris.com\/w\/#organization","name":"Amat Immobiliaris","url":"https:\/\/www.amatimmobiliaris.com\/w\/","logo":{"@type":"ImageObject","inLanguage":"ca","@id":"https:\/\/www.amatimmobiliaris.com\/w\/#\/schema\/logo\/image\/","url":"https:\/\/www.amatimmobiliaris.com\/w\/wp-content\/uploads\/2022\/10\/amat-logo.jpg","contentUrl":"https:\/\/www.amatimmobiliaris.com\/w\/wp-content\/uploads\/2022\/10\/amat-logo.jpg","width":900,"height":900,"caption":"Amat Immobiliaris"},"image":{"@id":"https:\/\/www.amatimmobiliaris.com\/w\/#\/schema\/logo\/image\/"},"sameAs":["https:\/\/www.facebook.com\/amatimmobiliaris","https:\/\/x.com\/amat_cat","https:\/\/www.instagram.com\/amat_immo\/","https:\/\/www.linkedin.com\/company\/amat-finques\/","https:\/\/www.youtube.com\/@amatimmobiliaris"]},{"@type":"Person","@id":"https:\/\/www.amatimmobiliaris.com\/w\/#\/schema\/person\/d62b55fd12a2bc4550743759f52bdc8f","name":"Marina Payan"}]}},"_links":{"self":[{"href":"https:\/\/www.amatimmobiliaris.com\/w\/ca\/wp-json\/wp\/v2\/posts\/42555"}],"collection":[{"href":"https:\/\/www.amatimmobiliaris.com\/w\/ca\/wp-json\/wp\/v2\/posts"}],"about":[{"href":"https:\/\/www.amatimmobiliaris.com\/w\/ca\/wp-json\/wp\/v2\/types\/post"}],"author":[{"embeddable":true,"href":"https:\/\/www.amatimmobiliaris.com\/w\/ca\/wp-json\/wp\/v2\/users\/4"}],"replies":[{"embeddable":true,"href":"https:\/\/www.amatimmobiliaris.com\/w\/ca\/wp-json\/wp\/v2\/comments?post=42555"}],"version-history":[{"count":2,"href":"https:\/\/www.amatimmobiliaris.com\/w\/ca\/wp-json\/wp\/v2\/posts\/42555\/revisions"}],"predecessor-version":[{"id":42568,"href":"https:\/\/www.amatimmobiliaris.com\/w\/ca\/wp-json\/wp\/v2\/posts\/42555\/revisions\/42568"}],"wp:featuredmedia":[{"embeddable":true,"href":"https:\/\/www.amatimmobiliaris.com\/w\/ca\/wp-json\/wp\/v2\/media\/42564"}],"wp:attachment":[{"href":"https:\/\/www.amatimmobiliaris.com\/w\/ca\/wp-json\/wp\/v2\/media?parent=42555"}],"wp:term":[{"taxonomy":"category","embeddable":true,"href":"https:\/\/www.amatimmobiliaris.com\/w\/ca\/wp-json\/wp\/v2\/categories?post=42555"},{"taxonomy":"post_tag","embeddable":true,"href":"https:\/\/www.amatimmobiliaris.com\/w\/ca\/wp-json\/wp\/v2\/tags?post=42555"}],"curies":[{"name":"wp","href":"https:\/\/api.w.org\/{rel}","templated":true}]}}