{"id":4238,"date":"2019-03-18T16:17:38","date_gmt":"2019-03-18T16:17:38","guid":{"rendered":"https:\/\/amat-inmo-wp.localhost\/2019\/03\/18\/la-cambra-eleccions\/"},"modified":"2023-04-19T10:14:18","modified_gmt":"2023-04-19T10:14:18","slug":"la-cambra-eleccions","status":"publish","type":"post","link":"https:\/\/www.amatimmobiliaris.com\/w\/ca\/2019\/03\/la-cambra-eleccions\/","title":{"rendered":"La necessitat i la import\u00e0ncia de renovar la Cambra"},"content":{"rendered":"<p style=\"text-align: justify;\">Em presento a les eleccions de la Cambra en la llista de<strong> Crous&amp;Torres<\/strong>. Aquestes s\u00f3n unes eleccions diferents dins del funcionament de la Cambra en els \u00faltims 20 anys i n\u2019\u00e9s prova el fet qu\u00e8 es presenten 192 candidats per 40 llocs. Sorprenent en unes eleccions que, hist\u00f2ricament, han estat de llista \u00fanica.<\/p>\n<p style=\"text-align: justify;\">La Cambra \u00e9s una instituci\u00f3 molt poc coneguda per la societat en general i, en canvi, t\u00e9 un paper fonamental per la seva historia, per les institucions que en formen part (com el Consulat de Mar fundat el 1262), per la seva implicaci\u00f3 en molt\u00edssims organismes econ\u00f2mics del pa\u00eds on hi t\u00e9 presencia obligat\u00f2ria, pel seu paper en la promoci\u00f3 de les empreses, en la seva internacionalitzaci\u00f3,&#8230;<\/p>\n<p><img loading=\"lazy\" decoding=\"async\" class=\"alignleft size-medium wp-image-14493\" src=\"https:\/\/www.amatimmobiliaris.com\/w\/wp-content\/uploads\/2022\/01\/imma-amat-2019-campanyacrous-300x300.jpg\" alt=\"\" width=\"300\" height=\"300\" \/> Per fer-ho curt, el resumin en 8 idees:<\/p>\n<h3><strong><em>\u201cUna Cambra de Barcelona de tots i totes. Una Cambra per a tothom\u201d<\/em><\/strong><\/h3>\n<p style=\"text-align: justify;\"><strong>1.- Nova Cambra de Barcelona:<\/strong> nou projecte de transformaci\u00f3, renovaci\u00f3, innovaci\u00f3 i canvi.<\/p>\n<p style=\"text-align: justify;\"><strong>2.- Cambra oberta per a tothom. Nou governament:<\/strong> equip directiu on experi\u00e8ncia i renovaci\u00f3 siguin inq\u00fcestionables, i on PIMES, territori, dones, homes i joves tinguin una representaci\u00f3 justa.<\/p>\n<p style=\"text-align: justify;\"><strong>3.- En defensa de la singularitat del model empresarial catal\u00e0:<\/strong> pocs pa\u00efsos del m\u00f3n tenen un teixit de PIMES tan nombr\u00f3s i competitiu com Catalunya. Pocs han aconseguit una cooperaci\u00f3 tan gran entre grans empreses i PIMES. Tamb\u00e9 \u00e9s singular la cooperaci\u00f3 p\u00fablico-privada aconseguida amb molts exemples d\u2019\u00e8xit.<\/p>\n<p style=\"text-align: justify;\"><strong>4.-Al servei de les PIMES, les microempreses i els aut\u00f2noms:<\/strong> les PIMES, les microempreses i els aut\u00f2noms representen el 99&#8217;6% del teixit empresarial catal\u00e0 i s\u00f3n les grans generadores de riquesa i llocs de treball.<\/p>\n<p style=\"text-align: justify;\"><strong>5.- Al servei de Barcelona, la \u00c0rea Metropolitana i el territori:<\/strong> El futur d\u2019Europa en el segle XXI, i m\u00e9s enll\u00e0 dels estats, passa pel protagonisme que les regions i les ciutats m\u00e9s capdavanteres i din\u00e0miques siguin capaces d\u2019assumir.<\/p>\n<p style=\"text-align: justify;\"><strong>6.- Al servei de Catalunya:<\/strong> Les Cambres catalanes i amb la de Barcelona exercint el lideratge i responsabilitat que la seva representaci\u00f3 li atorga d\u2019ajudar a aconseguir fer de Catalunya el principal motor econ\u00f2mic del sud d\u2019Europa i de la Mediterr\u00e0nia<\/p>\n<p style=\"text-align: justify;\"><strong>7.- Instituci\u00f3 compromesa i amb veu lliure i p\u00fablica:<\/strong> la Cambra de Barcelona t\u00e9 l\u2019obligaci\u00f3 d\u2019implicar-se i comprometre\u2019s en la defensa i l\u2019exig\u00e8ncia de tot all\u00f2 que la ciutadania i les empreses de Catalunya necessiten per poder competir en igualtat de condicions amb les regions i pa\u00efsos del nostre entorn.<\/p>\n<p style=\"text-align: justify;\"><strong>8.- La Cambra, compromesa i proactiva en la cerca de solucions per Catalunya:<\/strong> la Cambra ha de tenir la m\u00e0xima implicaci\u00f3 i comprom\u00eds, i ser clarament pro activa, en la cerca de les millors solucions per les empreses i per Catalunya i estar sempre al costat del que la ciutadania decideix.<\/p>\n","protected":false},"excerpt":{"rendered":"<p>Em presento a les eleccions de la Cambra en la llista de Crous&amp;Torres. Aquestes s\u00f3n unes eleccions diferents dins del funcionament de la Cambra en els \u00faltims 20 anys i n\u2019\u00e9s prova el fet qu\u00e8 es presenten 192 candidats per 40 llocs. Sorprenent en unes eleccions que, hist\u00f2ricament, han estat de llista \u00fanica. La Cambra [&hellip;]<\/p>\n","protected":false},"author":1,"featured_media":4239,"comment_status":"closed","ping_status":"closed","sticky":false,"template":"","format":"standard","meta":{"content-type":"","footnotes":""},"categories":[1147],"tags":[],"yoast_head":"<!-- This site is optimized with the Yoast SEO plugin v23.9 - https:\/\/yoast.com\/wordpress\/plugins\/seo\/ -->\n<title>La necessitat i la import\u00e0ncia de renovar la Cambra | Amat Immobiliaris<\/title>\n<meta name=\"robots\" content=\"index, follow, max-snippet:-1, max-image-preview:large, max-video-preview:-1\" \/>\n<link rel=\"canonical\" href=\"https:\/\/www.amatimmobiliaris.com\/w\/ca\/2019\/03\/la-cambra-eleccions\/\" \/>\n<meta property=\"og:locale\" content=\"ca_ES\" \/>\n<meta property=\"og:type\" content=\"article\" \/>\n<meta property=\"og:title\" content=\"La necessitat i la import\u00e0ncia de renovar la Cambra | Amat Immobiliaris\" \/>\n<meta property=\"og:description\" content=\"Em presento a les eleccions de la Cambra en la llista de Crous&amp;Torres. Aquestes s\u00f3n unes eleccions diferents dins del funcionament de la Cambra en els \u00faltims 20 anys i n\u2019\u00e9s prova el fet qu\u00e8 es presenten 192 candidats per 40 llocs. Sorprenent en unes eleccions que, hist\u00f2ricament, han estat de llista \u00fanica. La Cambra [&hellip;]\" \/>\n<meta property=\"og:url\" content=\"https:\/\/www.amatimmobiliaris.com\/w\/ca\/2019\/03\/la-cambra-eleccions\/\" \/>\n<meta property=\"og:site_name\" content=\"Amat Immobiliaris\" \/>\n<meta property=\"article:publisher\" content=\"https:\/\/www.facebook.com\/amatimmobiliaris\" \/>\n<meta property=\"article:published_time\" content=\"2019-03-18T16:17:38+00:00\" \/>\n<meta property=\"article:modified_time\" content=\"2023-04-19T10:14:18+00:00\" \/>\n<meta property=\"og:image\" content=\"https:\/\/www.amatimmobiliaris.com\/w\/wp-content\/uploads\/2022\/01\/imma-amat-2019-campanyacrous.jpg\" \/>\n\t<meta property=\"og:image:width\" content=\"400\" \/>\n\t<meta property=\"og:image:height\" content=\"400\" \/>\n\t<meta property=\"og:image:type\" content=\"image\/jpeg\" \/>\n<meta name=\"author\" content=\"Amat Immobiliaris\" \/>\n<meta name=\"twitter:card\" content=\"summary_large_image\" \/>\n<meta name=\"twitter:creator\" content=\"@amat_cat\" \/>\n<meta name=\"twitter:site\" content=\"@amat_cat\" \/>\n<meta name=\"twitter:label1\" content=\"Escrit per\" \/>\n\t<meta name=\"twitter:data1\" content=\"Amat Immobiliaris\" \/>\n\t<meta name=\"twitter:label2\" content=\"Temps estimat de lectura\" \/>\n\t<meta name=\"twitter:data2\" content=\"3 minuts\" \/>\n<script type=\"application\/ld+json\" class=\"yoast-schema-graph\">{\"@context\":\"https:\/\/schema.org\",\"@graph\":[{\"@type\":\"Article\",\"@id\":\"https:\/\/www.amatimmobiliaris.com\/w\/ca\/2019\/03\/la-cambra-eleccions\/#article\",\"isPartOf\":{\"@id\":\"https:\/\/www.amatimmobiliaris.com\/w\/ca\/2019\/03\/la-cambra-eleccions\/\"},\"author\":{\"name\":\"Amat Immobiliaris\",\"@id\":\"https:\/\/www.amatimmobiliaris.com\/w\/#\/schema\/person\/c880da71d1e156e7ea6774ffb445e034\"},\"headline\":\"La necessitat i la import\u00e0ncia de renovar la Cambra\",\"datePublished\":\"2019-03-18T16:17:38+00:00\",\"dateModified\":\"2023-04-19T10:14:18+00:00\",\"mainEntityOfPage\":{\"@id\":\"https:\/\/www.amatimmobiliaris.com\/w\/ca\/2019\/03\/la-cambra-eleccions\/\"},\"wordCount\":488,\"publisher\":{\"@id\":\"https:\/\/www.amatimmobiliaris.com\/w\/#organization\"},\"image\":{\"@id\":\"https:\/\/www.amatimmobiliaris.com\/w\/ca\/2019\/03\/la-cambra-eleccions\/#primaryimage\"},\"thumbnailUrl\":\"https:\/\/www.amatimmobiliaris.com\/w\/wp-content\/uploads\/2022\/01\/imma-amat-2019-campanyacrous.jpg\",\"articleSection\":[\"El m\u00f3n Amat\"],\"inLanguage\":\"ca\"},{\"@type\":\"WebPage\",\"@id\":\"https:\/\/www.amatimmobiliaris.com\/w\/ca\/2019\/03\/la-cambra-eleccions\/\",\"url\":\"https:\/\/www.amatimmobiliaris.com\/w\/ca\/2019\/03\/la-cambra-eleccions\/\",\"name\":\"La necessitat i la import\u00e0ncia de renovar la Cambra | Amat Immobiliaris\",\"isPartOf\":{\"@id\":\"https:\/\/www.amatimmobiliaris.com\/w\/#website\"},\"primaryImageOfPage\":{\"@id\":\"https:\/\/www.amatimmobiliaris.com\/w\/ca\/2019\/03\/la-cambra-eleccions\/#primaryimage\"},\"image\":{\"@id\":\"https:\/\/www.amatimmobiliaris.com\/w\/ca\/2019\/03\/la-cambra-eleccions\/#primaryimage\"},\"thumbnailUrl\":\"https:\/\/www.amatimmobiliaris.com\/w\/wp-content\/uploads\/2022\/01\/imma-amat-2019-campanyacrous.jpg\",\"datePublished\":\"2019-03-18T16:17:38+00:00\",\"dateModified\":\"2023-04-19T10:14:18+00:00\",\"breadcrumb\":{\"@id\":\"https:\/\/www.amatimmobiliaris.com\/w\/ca\/2019\/03\/la-cambra-eleccions\/#breadcrumb\"},\"inLanguage\":\"ca\",\"potentialAction\":[{\"@type\":\"ReadAction\",\"target\":[\"https:\/\/www.amatimmobiliaris.com\/w\/ca\/2019\/03\/la-cambra-eleccions\/\"]}]},{\"@type\":\"ImageObject\",\"inLanguage\":\"ca\",\"@id\":\"https:\/\/www.amatimmobiliaris.com\/w\/ca\/2019\/03\/la-cambra-eleccions\/#primaryimage\",\"url\":\"https:\/\/www.amatimmobiliaris.com\/w\/wp-content\/uploads\/2022\/01\/imma-amat-2019-campanyacrous.jpg\",\"contentUrl\":\"https:\/\/www.amatimmobiliaris.com\/w\/wp-content\/uploads\/2022\/01\/imma-amat-2019-campanyacrous.jpg\",\"width\":400,\"height\":400},{\"@type\":\"BreadcrumbList\",\"@id\":\"https:\/\/www.amatimmobiliaris.com\/w\/ca\/2019\/03\/la-cambra-eleccions\/#breadcrumb\",\"itemListElement\":[{\"@type\":\"ListItem\",\"position\":1,\"name\":\"Home\",\"item\":\"https:\/\/www.amatimmobiliaris.com\/w\/ca\/\"},{\"@type\":\"ListItem\",\"position\":2,\"name\":\"El m\u00f3n Amat\",\"item\":\"https:\/\/www.amatimmobiliaris.com\/w\/ca\/categoria-ca\/el-mon-amat-ca\/\"},{\"@type\":\"ListItem\",\"position\":3,\"name\":\"La necessitat i la import\u00e0ncia de renovar la Cambra\"}]},{\"@type\":\"WebSite\",\"@id\":\"https:\/\/www.amatimmobiliaris.com\/w\/#website\",\"url\":\"https:\/\/www.amatimmobiliaris.com\/w\/\",\"name\":\"Amat Immobiliaris\",\"description\":\"Empresa familiar del sector inmobiliario con oficinas en Barcelona, Sant Cugat del Vall\u00e9s y Sant Just Desvern. Te ayudamos a comprar, alquilar o vender tu casa o piso. Somos un equipo coherente con una cultura de empresa honesta, innovadora y eficaz. Tambi\u00e9n en www.amatluxury.com\",\"publisher\":{\"@id\":\"https:\/\/www.amatimmobiliaris.com\/w\/#organization\"},\"alternateName\":\"AmatImmo\",\"potentialAction\":[{\"@type\":\"SearchAction\",\"target\":{\"@type\":\"EntryPoint\",\"urlTemplate\":\"https:\/\/www.amatimmobiliaris.com\/w\/?s={search_term_string}\"},\"query-input\":{\"@type\":\"PropertyValueSpecification\",\"valueRequired\":true,\"valueName\":\"search_term_string\"}}],\"inLanguage\":\"ca\"},{\"@type\":\"Organization\",\"@id\":\"https:\/\/www.amatimmobiliaris.com\/w\/#organization\",\"name\":\"Amat Immobiliaris\",\"url\":\"https:\/\/www.amatimmobiliaris.com\/w\/\",\"logo\":{\"@type\":\"ImageObject\",\"inLanguage\":\"ca\",\"@id\":\"https:\/\/www.amatimmobiliaris.com\/w\/#\/schema\/logo\/image\/\",\"url\":\"https:\/\/www.amatimmobiliaris.com\/w\/wp-content\/uploads\/2022\/10\/amat-logo.jpg\",\"contentUrl\":\"https:\/\/www.amatimmobiliaris.com\/w\/wp-content\/uploads\/2022\/10\/amat-logo.jpg\",\"width\":900,\"height\":900,\"caption\":\"Amat Immobiliaris\"},\"image\":{\"@id\":\"https:\/\/www.amatimmobiliaris.com\/w\/#\/schema\/logo\/image\/\"},\"sameAs\":[\"https:\/\/www.facebook.com\/amatimmobiliaris\",\"https:\/\/x.com\/amat_cat\",\"https:\/\/www.instagram.com\/amat_immo\/\",\"https:\/\/www.linkedin.com\/company\/amat-finques\/\",\"https:\/\/www.youtube.com\/@amatimmobiliaris\"]},{\"@type\":\"Person\",\"@id\":\"https:\/\/www.amatimmobiliaris.com\/w\/#\/schema\/person\/c880da71d1e156e7ea6774ffb445e034\",\"name\":\"Amat Immobiliaris\",\"sameAs\":[\"http:\/\/amat-inmo-wp.localhost\"]}]}<\/script>\n<!-- \/ Yoast SEO plugin. -->","yoast_head_json":{"title":"La necessitat i la import\u00e0ncia de renovar la Cambra | Amat Immobiliaris","robots":{"index":"index","follow":"follow","max-snippet":"max-snippet:-1","max-image-preview":"max-image-preview:large","max-video-preview":"max-video-preview:-1"},"canonical":"https:\/\/www.amatimmobiliaris.com\/w\/ca\/2019\/03\/la-cambra-eleccions\/","og_locale":"ca_ES","og_type":"article","og_title":"La necessitat i la import\u00e0ncia de renovar la Cambra | Amat Immobiliaris","og_description":"Em presento a les eleccions de la Cambra en la llista de Crous&amp;Torres. Aquestes s\u00f3n unes eleccions diferents dins del funcionament de la Cambra en els \u00faltims 20 anys i n\u2019\u00e9s prova el fet qu\u00e8 es presenten 192 candidats per 40 llocs. Sorprenent en unes eleccions que, hist\u00f2ricament, han estat de llista \u00fanica. La Cambra [&hellip;]","og_url":"https:\/\/www.amatimmobiliaris.com\/w\/ca\/2019\/03\/la-cambra-eleccions\/","og_site_name":"Amat Immobiliaris","article_publisher":"https:\/\/www.facebook.com\/amatimmobiliaris","article_published_time":"2019-03-18T16:17:38+00:00","article_modified_time":"2023-04-19T10:14:18+00:00","og_image":[{"width":400,"height":400,"url":"https:\/\/www.amatimmobiliaris.com\/w\/wp-content\/uploads\/2022\/01\/imma-amat-2019-campanyacrous.jpg","type":"image\/jpeg"}],"author":"Amat Immobiliaris","twitter_card":"summary_large_image","twitter_creator":"@amat_cat","twitter_site":"@amat_cat","twitter_misc":{"Escrit per":"Amat Immobiliaris","Temps estimat de lectura":"3 minuts"},"schema":{"@context":"https:\/\/schema.org","@graph":[{"@type":"Article","@id":"https:\/\/www.amatimmobiliaris.com\/w\/ca\/2019\/03\/la-cambra-eleccions\/#article","isPartOf":{"@id":"https:\/\/www.amatimmobiliaris.com\/w\/ca\/2019\/03\/la-cambra-eleccions\/"},"author":{"name":"Amat Immobiliaris","@id":"https:\/\/www.amatimmobiliaris.com\/w\/#\/schema\/person\/c880da71d1e156e7ea6774ffb445e034"},"headline":"La necessitat i la import\u00e0ncia de renovar la Cambra","datePublished":"2019-03-18T16:17:38+00:00","dateModified":"2023-04-19T10:14:18+00:00","mainEntityOfPage":{"@id":"https:\/\/www.amatimmobiliaris.com\/w\/ca\/2019\/03\/la-cambra-eleccions\/"},"wordCount":488,"publisher":{"@id":"https:\/\/www.amatimmobiliaris.com\/w\/#organization"},"image":{"@id":"https:\/\/www.amatimmobiliaris.com\/w\/ca\/2019\/03\/la-cambra-eleccions\/#primaryimage"},"thumbnailUrl":"https:\/\/www.amatimmobiliaris.com\/w\/wp-content\/uploads\/2022\/01\/imma-amat-2019-campanyacrous.jpg","articleSection":["El m\u00f3n Amat"],"inLanguage":"ca"},{"@type":"WebPage","@id":"https:\/\/www.amatimmobiliaris.com\/w\/ca\/2019\/03\/la-cambra-eleccions\/","url":"https:\/\/www.amatimmobiliaris.com\/w\/ca\/2019\/03\/la-cambra-eleccions\/","name":"La necessitat i la import\u00e0ncia de renovar la Cambra | Amat Immobiliaris","isPartOf":{"@id":"https:\/\/www.amatimmobiliaris.com\/w\/#website"},"primaryImageOfPage":{"@id":"https:\/\/www.amatimmobiliaris.com\/w\/ca\/2019\/03\/la-cambra-eleccions\/#primaryimage"},"image":{"@id":"https:\/\/www.amatimmobiliaris.com\/w\/ca\/2019\/03\/la-cambra-eleccions\/#primaryimage"},"thumbnailUrl":"https:\/\/www.amatimmobiliaris.com\/w\/wp-content\/uploads\/2022\/01\/imma-amat-2019-campanyacrous.jpg","datePublished":"2019-03-18T16:17:38+00:00","dateModified":"2023-04-19T10:14:18+00:00","breadcrumb":{"@id":"https:\/\/www.amatimmobiliaris.com\/w\/ca\/2019\/03\/la-cambra-eleccions\/#breadcrumb"},"inLanguage":"ca","potentialAction":[{"@type":"ReadAction","target":["https:\/\/www.amatimmobiliaris.com\/w\/ca\/2019\/03\/la-cambra-eleccions\/"]}]},{"@type":"ImageObject","inLanguage":"ca","@id":"https:\/\/www.amatimmobiliaris.com\/w\/ca\/2019\/03\/la-cambra-eleccions\/#primaryimage","url":"https:\/\/www.amatimmobiliaris.com\/w\/wp-content\/uploads\/2022\/01\/imma-amat-2019-campanyacrous.jpg","contentUrl":"https:\/\/www.amatimmobiliaris.com\/w\/wp-content\/uploads\/2022\/01\/imma-amat-2019-campanyacrous.jpg","width":400,"height":400},{"@type":"BreadcrumbList","@id":"https:\/\/www.amatimmobiliaris.com\/w\/ca\/2019\/03\/la-cambra-eleccions\/#breadcrumb","itemListElement":[{"@type":"ListItem","position":1,"name":"Home","item":"https:\/\/www.amatimmobiliaris.com\/w\/ca\/"},{"@type":"ListItem","position":2,"name":"El m\u00f3n Amat","item":"https:\/\/www.amatimmobiliaris.com\/w\/ca\/categoria-ca\/el-mon-amat-ca\/"},{"@type":"ListItem","position":3,"name":"La necessitat i la import\u00e0ncia de renovar la Cambra"}]},{"@type":"WebSite","@id":"https:\/\/www.amatimmobiliaris.com\/w\/#website","url":"https:\/\/www.amatimmobiliaris.com\/w\/","name":"Amat Immobiliaris","description":"Empresa familiar del sector inmobiliario con oficinas en Barcelona, Sant Cugat del Vall\u00e9s y Sant Just Desvern. Te ayudamos a comprar, alquilar o vender tu casa o piso. Somos un equipo coherente con una cultura de empresa honesta, innovadora y eficaz. Tambi\u00e9n en www.amatluxury.com","publisher":{"@id":"https:\/\/www.amatimmobiliaris.com\/w\/#organization"},"alternateName":"AmatImmo","potentialAction":[{"@type":"SearchAction","target":{"@type":"EntryPoint","urlTemplate":"https:\/\/www.amatimmobiliaris.com\/w\/?s={search_term_string}"},"query-input":{"@type":"PropertyValueSpecification","valueRequired":true,"valueName":"search_term_string"}}],"inLanguage":"ca"},{"@type":"Organization","@id":"https:\/\/www.amatimmobiliaris.com\/w\/#organization","name":"Amat Immobiliaris","url":"https:\/\/www.amatimmobiliaris.com\/w\/","logo":{"@type":"ImageObject","inLanguage":"ca","@id":"https:\/\/www.amatimmobiliaris.com\/w\/#\/schema\/logo\/image\/","url":"https:\/\/www.amatimmobiliaris.com\/w\/wp-content\/uploads\/2022\/10\/amat-logo.jpg","contentUrl":"https:\/\/www.amatimmobiliaris.com\/w\/wp-content\/uploads\/2022\/10\/amat-logo.jpg","width":900,"height":900,"caption":"Amat Immobiliaris"},"image":{"@id":"https:\/\/www.amatimmobiliaris.com\/w\/#\/schema\/logo\/image\/"},"sameAs":["https:\/\/www.facebook.com\/amatimmobiliaris","https:\/\/x.com\/amat_cat","https:\/\/www.instagram.com\/amat_immo\/","https:\/\/www.linkedin.com\/company\/amat-finques\/","https:\/\/www.youtube.com\/@amatimmobiliaris"]},{"@type":"Person","@id":"https:\/\/www.amatimmobiliaris.com\/w\/#\/schema\/person\/c880da71d1e156e7ea6774ffb445e034","name":"Amat Immobiliaris","sameAs":["http:\/\/amat-inmo-wp.localhost"]}]}},"_links":{"self":[{"href":"https:\/\/www.amatimmobiliaris.com\/w\/ca\/wp-json\/wp\/v2\/posts\/4238"}],"collection":[{"href":"https:\/\/www.amatimmobiliaris.com\/w\/ca\/wp-json\/wp\/v2\/posts"}],"about":[{"href":"https:\/\/www.amatimmobiliaris.com\/w\/ca\/wp-json\/wp\/v2\/types\/post"}],"author":[{"embeddable":true,"href":"https:\/\/www.amatimmobiliaris.com\/w\/ca\/wp-json\/wp\/v2\/users\/1"}],"replies":[{"embeddable":true,"href":"https:\/\/www.amatimmobiliaris.com\/w\/ca\/wp-json\/wp\/v2\/comments?post=4238"}],"version-history":[{"count":2,"href":"https:\/\/www.amatimmobiliaris.com\/w\/ca\/wp-json\/wp\/v2\/posts\/4238\/revisions"}],"predecessor-version":[{"id":24773,"href":"https:\/\/www.amatimmobiliaris.com\/w\/ca\/wp-json\/wp\/v2\/posts\/4238\/revisions\/24773"}],"wp:featuredmedia":[{"embeddable":true,"href":"https:\/\/www.amatimmobiliaris.com\/w\/ca\/wp-json\/wp\/v2\/media\/4239"}],"wp:attachment":[{"href":"https:\/\/www.amatimmobiliaris.com\/w\/ca\/wp-json\/wp\/v2\/media?parent=4238"}],"wp:term":[{"taxonomy":"category","embeddable":true,"href":"https:\/\/www.amatimmobiliaris.com\/w\/ca\/wp-json\/wp\/v2\/categories?post=4238"},{"taxonomy":"post_tag","embeddable":true,"href":"https:\/\/www.amatimmobiliaris.com\/w\/ca\/wp-json\/wp\/v2\/tags?post=4238"}],"curies":[{"name":"wp","href":"https:\/\/api.w.org\/{rel}","templated":true}]}}