{"id":4176,"date":"2019-01-22T11:48:54","date_gmt":"2019-01-22T11:48:54","guid":{"rendered":"https:\/\/amat-inmo-wp.localhost\/2019\/01\/22\/una-casa-damplis-espais-sant-cugat\/"},"modified":"2023-09-18T14:54:57","modified_gmt":"2023-09-18T14:54:57","slug":"casa-a-sant-cugat-a-la-venda","status":"publish","type":"post","link":"https:\/\/www.amatimmobiliaris.com\/w\/ca\/2019\/01\/casa-a-sant-cugat-a-la-venda\/","title":{"rendered":"Casa a Sant Cugat a la venda"},"content":{"rendered":"<h2>En una parcel\u00b7la de 367 m\u00b2 amb terrassa i p\u00e0rquing, trobem aquesta acollidora casa a Sant Cugat.<\/h2>\n<p>&nbsp;<\/p>\n<p style=\"text-align: justify;\">Aquesta bonica i acollidora <a href=\"https:\/\/www.amatimmobiliaris.com\/ca\/immobles-en-venda\" target=\"_blank\" rel=\"noopener\">casa en venda<\/a> a una de les millors zones de Mirasol, a <a href=\"https:\/\/www.amatimmobiliaris.com\/ca\/immobles-en-venda\/%2B%2Bsant_cugat_del_valles?town=sant_cugat_del_valles&amp;order_by=recent\" target=\"_blank\" rel=\"noopener\">Sant Cugat<\/a>, a prop de l&#8217;estaci\u00f3 dels <a href=\"https:\/\/www.fgc.cat\/es\/\" target=\"_blank\" rel=\"noopener\">FGC<\/a>, autob\u00fas, farm\u00e0cia i centre comercial.\u00a0La casa es distribueix en dues plantes,<strong> amb 4 habitacions i 2 banys.<\/strong><\/p>\n<p style=\"text-align: justify;\">A la planta baixa trobem el sal\u00f3 menjador, molt llumin\u00f3s i amb sortida directa a un preci\u00f3s jard\u00ed d&#8217;uns 200 m\u00b2, una cuina office totalment equipada que disposa de molta llum natural i un espai annex destinat a rebost i safareig, un lavabo amb plat de dutxa i una habitaci\u00f3 amb sortida directa al jard\u00ed.<\/p>\n<p><img loading=\"lazy\" decoding=\"async\" class=\"size-large aligncenter\" src=\"https:\/\/www.amatimmobiliaris.com\/assets\/image\/product\/30368\/large_30368_1.jpg\" width=\"848\" height=\"565\" \/><\/p>\n<p style=\"text-align: justify;\">A la primera planta trobem l&#8217;habitaci\u00f3 de matrimoni amb vestidor, dos dormitoris dobles i un bany amb banyera. Les dues plantes es comuniquen amb una escala amb grans finestrals que atorguen molta llum a tot l&#8217;habitatge. La casa disposa de calefacci\u00f3 de gas natural, aire condicionat per splits, finestres d&#8217;alumini, persianes el\u00e8ctriques i terres de marbre a la planta baixa, i parquet a la primera planta. Tamb\u00e9 hi ha una construcci\u00f3 annexa, a l&#8217;exterior, que es pot utilitzar com a garatge semitancat i zona de traster.<\/p>\n<div id='gallery-1' class='gallery galleryid-4176 gallery-columns-3 gallery-size-large'><figure class='gallery-item'>\n\t\t\t<div class='gallery-icon landscape'>\n\t\t\t\t<a href='https:\/\/www.amatimmobiliaris.com\/w\/ca\/2019\/01\/casa-a-sant-cugat-a-la-venda\/14-hab-2\/'><img loading=\"lazy\" decoding=\"async\" width=\"800\" height=\"533\" src=\"https:\/\/www.amatimmobiliaris.com\/w\/wp-content\/uploads\/2019\/01\/14-hab-2-1024x682.jpg\" class=\"attachment-large size-large\" alt=\"\" srcset=\"https:\/\/www.amatimmobiliaris.com\/w\/wp-content\/uploads\/2019\/01\/14-hab-2-1024x682.jpg 1024w, https:\/\/www.amatimmobiliaris.com\/w\/wp-content\/uploads\/2019\/01\/14-hab-2-300x200.jpg 300w, https:\/\/www.amatimmobiliaris.com\/w\/wp-content\/uploads\/2019\/01\/14-hab-2-768x512.jpg 768w, https:\/\/www.amatimmobiliaris.com\/w\/wp-content\/uploads\/2019\/01\/14-hab-2-1536x1024.jpg 1536w, https:\/\/www.amatimmobiliaris.com\/w\/wp-content\/uploads\/2019\/01\/14-hab-2.jpg 2000w\" sizes=\"(max-width: 800px) 100vw, 800px\" \/><\/a>\n\t\t\t<\/div><\/figure><figure class='gallery-item'>\n\t\t\t<div class='gallery-icon landscape'>\n\t\t\t\t<a href='https:\/\/www.amatimmobiliaris.com\/w\/ca\/2019\/01\/casa-a-sant-cugat-a-la-venda\/4-cuina\/'><img loading=\"lazy\" decoding=\"async\" width=\"800\" height=\"533\" src=\"https:\/\/www.amatimmobiliaris.com\/w\/wp-content\/uploads\/2019\/01\/4-cuina-1024x682.jpg\" class=\"attachment-large size-large\" alt=\"\" srcset=\"https:\/\/www.amatimmobiliaris.com\/w\/wp-content\/uploads\/2019\/01\/4-cuina-1024x682.jpg 1024w, https:\/\/www.amatimmobiliaris.com\/w\/wp-content\/uploads\/2019\/01\/4-cuina-300x200.jpg 300w, https:\/\/www.amatimmobiliaris.com\/w\/wp-content\/uploads\/2019\/01\/4-cuina-768x512.jpg 768w, https:\/\/www.amatimmobiliaris.com\/w\/wp-content\/uploads\/2019\/01\/4-cuina-1536x1024.jpg 1536w, https:\/\/www.amatimmobiliaris.com\/w\/wp-content\/uploads\/2019\/01\/4-cuina.jpg 2000w\" sizes=\"(max-width: 800px) 100vw, 800px\" \/><\/a>\n\t\t\t<\/div><\/figure><figure class='gallery-item'>\n\t\t\t<div class='gallery-icon landscape'>\n\t\t\t\t<a href='https:\/\/www.amatimmobiliaris.com\/w\/ca\/2019\/01\/casa-a-sant-cugat-a-la-venda\/20-jardi-4\/'><img loading=\"lazy\" decoding=\"async\" width=\"800\" height=\"533\" src=\"https:\/\/www.amatimmobiliaris.com\/w\/wp-content\/uploads\/2019\/01\/20-jardi-4-1024x682.jpg\" class=\"attachment-large size-large\" alt=\"\" srcset=\"https:\/\/www.amatimmobiliaris.com\/w\/wp-content\/uploads\/2019\/01\/20-jardi-4-1024x682.jpg 1024w, https:\/\/www.amatimmobiliaris.com\/w\/wp-content\/uploads\/2019\/01\/20-jardi-4-300x200.jpg 300w, https:\/\/www.amatimmobiliaris.com\/w\/wp-content\/uploads\/2019\/01\/20-jardi-4-768x512.jpg 768w, https:\/\/www.amatimmobiliaris.com\/w\/wp-content\/uploads\/2019\/01\/20-jardi-4-1536x1024.jpg 1536w, https:\/\/www.amatimmobiliaris.com\/w\/wp-content\/uploads\/2019\/01\/20-jardi-4.jpg 2000w\" sizes=\"(max-width: 800px) 100vw, 800px\" \/><\/a>\n\t\t\t<\/div><\/figure>\n\t\t<\/div>\n\n<p style=\"text-align: justify;\">Per qualsevol dubte, o m\u00e9s informaci\u00f3, podeu <a href=\"https:\/\/www.amatimmobiliaris.com\/w\/ca\/contacte\/\" target=\"_blank\" rel=\"noopener\">contactar amb nosaltres<\/a>.<\/p>\n<p>&nbsp;<\/p>\n<p style=\"text-align: justify;\">Si aquesta casa a Sant Cugat no \u00e9s el que busques, dona una ullada a aquestes <a href=\"https:\/\/www.amatimmobiliaris.com\/ca\/immobles-en-venda?order_by=recent\" target=\"_blank\" rel=\"noopener\">altres propietats<\/a>!<\/p>\n<p>&nbsp;<\/p>\n<h3 style=\"text-align: justify;\"><strong>Vols m\u00e9s informaci\u00f3? Ref. <strong class=\"refnumber\">30368<\/strong><\/strong><\/h3>\n","protected":false},"excerpt":{"rendered":"<p>En una parcel\u00b7la de 367 m\u00b2 amb terrassa i p\u00e0rquing, trobem aquesta acollidora casa a Sant Cugat. &nbsp; Aquesta bonica i acollidora casa en venda a una de les millors zones de Mirasol, a Sant Cugat, a prop de l&#8217;estaci\u00f3 dels FGC, autob\u00fas, farm\u00e0cia i centre comercial.\u00a0La casa es distribueix en dues plantes, amb 4 [&hellip;]<\/p>\n","protected":false},"author":1,"featured_media":24542,"comment_status":"closed","ping_status":"closed","sticky":false,"template":"","format":"standard","meta":{"content-type":"","footnotes":""},"categories":[1158],"tags":[697,1681],"yoast_head":"<!-- This site is optimized with the Yoast SEO plugin v23.9 - https:\/\/yoast.com\/wordpress\/plugins\/seo\/ -->\n<title>Casa a Sant Cugat a la venda | Amat Immobiliaris<\/title>\n<meta name=\"description\" content=\"En una parcel\u00b7la de 367 m\u00b2 amb\u00a0terrassa i p\u00e0rquing, trobem aquesta acollidora casa a la venda a Mirasol, Sant Cugat.\" \/>\n<meta name=\"robots\" content=\"index, follow, max-snippet:-1, max-image-preview:large, max-video-preview:-1\" \/>\n<link rel=\"canonical\" href=\"https:\/\/www.amatimmobiliaris.com\/w\/2019\/01\/casa-en-sant-cugat-a-la-venta\/\" \/>\n<meta property=\"og:locale\" content=\"ca_ES\" \/>\n<meta property=\"og:type\" content=\"article\" \/>\n<meta property=\"og:title\" content=\"Casa a Sant Cugat a la venda | Amat Immobiliaris\" \/>\n<meta property=\"og:description\" content=\"En una parcel\u00b7la de 367 m\u00b2 amb\u00a0terrassa i p\u00e0rquing, trobem aquesta acollidora casa a la venda a Mirasol, Sant Cugat.\" \/>\n<meta property=\"og:url\" content=\"https:\/\/www.amatimmobiliaris.com\/w\/2019\/01\/casa-en-sant-cugat-a-la-venta\/\" \/>\n<meta property=\"og:site_name\" content=\"Amat Immobiliaris\" \/>\n<meta property=\"article:publisher\" content=\"https:\/\/www.facebook.com\/amatimmobiliaris\" \/>\n<meta property=\"article:published_time\" content=\"2019-01-22T11:48:54+00:00\" \/>\n<meta property=\"article:modified_time\" content=\"2023-09-18T14:54:57+00:00\" \/>\n<meta property=\"og:image\" content=\"https:\/\/www.amatimmobiliaris.com\/w\/wp-content\/uploads\/2019\/01\/1-facana-jardi-1024x682.jpg\" \/>\n\t<meta property=\"og:image:width\" content=\"1024\" \/>\n\t<meta property=\"og:image:height\" content=\"682\" \/>\n\t<meta property=\"og:image:type\" content=\"image\/jpeg\" \/>\n<meta name=\"author\" content=\"Amat Immobiliaris\" \/>\n<meta name=\"twitter:card\" content=\"summary_large_image\" \/>\n<meta name=\"twitter:creator\" content=\"@amat_cat\" \/>\n<meta name=\"twitter:site\" content=\"@amat_cat\" \/>\n<meta name=\"twitter:label1\" content=\"Escrit per\" \/>\n\t<meta name=\"twitter:data1\" content=\"Amat Immobiliaris\" \/>\n\t<meta name=\"twitter:label2\" content=\"Temps estimat de lectura\" \/>\n\t<meta name=\"twitter:data2\" content=\"2 minuts\" \/>\n<script type=\"application\/ld+json\" class=\"yoast-schema-graph\">{\"@context\":\"https:\/\/schema.org\",\"@graph\":[{\"@type\":\"Article\",\"@id\":\"https:\/\/www.amatimmobiliaris.com\/w\/2019\/01\/casa-en-sant-cugat-a-la-venta\/#article\",\"isPartOf\":{\"@id\":\"https:\/\/www.amatimmobiliaris.com\/w\/2019\/01\/casa-en-sant-cugat-a-la-venta\/\"},\"author\":{\"name\":\"Amat Immobiliaris\",\"@id\":\"https:\/\/www.amatimmobiliaris.com\/w\/#\/schema\/person\/c880da71d1e156e7ea6774ffb445e034\"},\"headline\":\"Casa a Sant Cugat a la venda\",\"datePublished\":\"2019-01-22T11:48:54+00:00\",\"dateModified\":\"2023-09-18T14:54:57+00:00\",\"mainEntityOfPage\":{\"@id\":\"https:\/\/www.amatimmobiliaris.com\/w\/2019\/01\/casa-en-sant-cugat-a-la-venta\/\"},\"wordCount\":251,\"publisher\":{\"@id\":\"https:\/\/www.amatimmobiliaris.com\/w\/#organization\"},\"image\":{\"@id\":\"https:\/\/www.amatimmobiliaris.com\/w\/2019\/01\/casa-en-sant-cugat-a-la-venta\/#primaryimage\"},\"thumbnailUrl\":\"https:\/\/www.amatimmobiliaris.com\/w\/wp-content\/uploads\/2019\/01\/1-facana-jardi.jpg\",\"keywords\":[\"Casa\",\"Habitatge\"],\"articleSection\":[\"Pisos destacats\"],\"inLanguage\":\"ca\"},{\"@type\":\"WebPage\",\"@id\":\"https:\/\/www.amatimmobiliaris.com\/w\/2019\/01\/casa-en-sant-cugat-a-la-venta\/\",\"url\":\"https:\/\/www.amatimmobiliaris.com\/w\/2019\/01\/casa-en-sant-cugat-a-la-venta\/\",\"name\":\"Casa a Sant Cugat a la venda | Amat Immobiliaris\",\"isPartOf\":{\"@id\":\"https:\/\/www.amatimmobiliaris.com\/w\/#website\"},\"primaryImageOfPage\":{\"@id\":\"https:\/\/www.amatimmobiliaris.com\/w\/2019\/01\/casa-en-sant-cugat-a-la-venta\/#primaryimage\"},\"image\":{\"@id\":\"https:\/\/www.amatimmobiliaris.com\/w\/2019\/01\/casa-en-sant-cugat-a-la-venta\/#primaryimage\"},\"thumbnailUrl\":\"https:\/\/www.amatimmobiliaris.com\/w\/wp-content\/uploads\/2019\/01\/1-facana-jardi.jpg\",\"datePublished\":\"2019-01-22T11:48:54+00:00\",\"dateModified\":\"2023-09-18T14:54:57+00:00\",\"description\":\"En una parcel\u00b7la de 367 m\u00b2 amb\u00a0terrassa i p\u00e0rquing, trobem aquesta acollidora casa a la venda a Mirasol, Sant Cugat.\",\"breadcrumb\":{\"@id\":\"https:\/\/www.amatimmobiliaris.com\/w\/2019\/01\/casa-en-sant-cugat-a-la-venta\/#breadcrumb\"},\"inLanguage\":\"ca\",\"potentialAction\":[{\"@type\":\"ReadAction\",\"target\":[\"https:\/\/www.amatimmobiliaris.com\/w\/2019\/01\/casa-en-sant-cugat-a-la-venta\/\"]}]},{\"@type\":\"ImageObject\",\"inLanguage\":\"ca\",\"@id\":\"https:\/\/www.amatimmobiliaris.com\/w\/2019\/01\/casa-en-sant-cugat-a-la-venta\/#primaryimage\",\"url\":\"https:\/\/www.amatimmobiliaris.com\/w\/wp-content\/uploads\/2019\/01\/1-facana-jardi.jpg\",\"contentUrl\":\"https:\/\/www.amatimmobiliaris.com\/w\/wp-content\/uploads\/2019\/01\/1-facana-jardi.jpg\",\"width\":2000,\"height\":1333,\"caption\":\"30368_Casa Sant Cugat\"},{\"@type\":\"BreadcrumbList\",\"@id\":\"https:\/\/www.amatimmobiliaris.com\/w\/2019\/01\/casa-en-sant-cugat-a-la-venta\/#breadcrumb\",\"itemListElement\":[{\"@type\":\"ListItem\",\"position\":1,\"name\":\"Home\",\"item\":\"https:\/\/www.amatimmobiliaris.com\/w\/ca\/\"},{\"@type\":\"ListItem\",\"position\":2,\"name\":\"Pisos destacados\",\"item\":\"https:\/\/www.amatimmobiliaris.com\/w\/category\/pisos-destacados\/\"},{\"@type\":\"ListItem\",\"position\":3,\"name\":\"Casa a Sant Cugat a la venda\"}]},{\"@type\":\"WebSite\",\"@id\":\"https:\/\/www.amatimmobiliaris.com\/w\/#website\",\"url\":\"https:\/\/www.amatimmobiliaris.com\/w\/\",\"name\":\"Amat Immobiliaris\",\"description\":\"Empresa familiar del sector inmobiliario con oficinas en Barcelona, Sant Cugat del Vall\u00e9s y Sant Just Desvern. Te ayudamos a comprar, alquilar o vender tu casa o piso. Somos un equipo coherente con una cultura de empresa honesta, innovadora y eficaz. Tambi\u00e9n en www.amatluxury.com\",\"publisher\":{\"@id\":\"https:\/\/www.amatimmobiliaris.com\/w\/#organization\"},\"alternateName\":\"AmatImmo\",\"potentialAction\":[{\"@type\":\"SearchAction\",\"target\":{\"@type\":\"EntryPoint\",\"urlTemplate\":\"https:\/\/www.amatimmobiliaris.com\/w\/?s={search_term_string}\"},\"query-input\":{\"@type\":\"PropertyValueSpecification\",\"valueRequired\":true,\"valueName\":\"search_term_string\"}}],\"inLanguage\":\"ca\"},{\"@type\":\"Organization\",\"@id\":\"https:\/\/www.amatimmobiliaris.com\/w\/#organization\",\"name\":\"Amat Immobiliaris\",\"url\":\"https:\/\/www.amatimmobiliaris.com\/w\/\",\"logo\":{\"@type\":\"ImageObject\",\"inLanguage\":\"ca\",\"@id\":\"https:\/\/www.amatimmobiliaris.com\/w\/#\/schema\/logo\/image\/\",\"url\":\"https:\/\/www.amatimmobiliaris.com\/w\/wp-content\/uploads\/2022\/10\/amat-logo.jpg\",\"contentUrl\":\"https:\/\/www.amatimmobiliaris.com\/w\/wp-content\/uploads\/2022\/10\/amat-logo.jpg\",\"width\":900,\"height\":900,\"caption\":\"Amat Immobiliaris\"},\"image\":{\"@id\":\"https:\/\/www.amatimmobiliaris.com\/w\/#\/schema\/logo\/image\/\"},\"sameAs\":[\"https:\/\/www.facebook.com\/amatimmobiliaris\",\"https:\/\/x.com\/amat_cat\",\"https:\/\/www.instagram.com\/amat_immo\/\",\"https:\/\/www.linkedin.com\/company\/amat-finques\/\",\"https:\/\/www.youtube.com\/@amatimmobiliaris\"]},{\"@type\":\"Person\",\"@id\":\"https:\/\/www.amatimmobiliaris.com\/w\/#\/schema\/person\/c880da71d1e156e7ea6774ffb445e034\",\"name\":\"Amat Immobiliaris\",\"sameAs\":[\"http:\/\/amat-inmo-wp.localhost\"]}]}<\/script>\n<!-- \/ Yoast SEO plugin. -->","yoast_head_json":{"title":"Casa a Sant Cugat a la venda | Amat Immobiliaris","description":"En una parcel\u00b7la de 367 m\u00b2 amb\u00a0terrassa i p\u00e0rquing, trobem aquesta acollidora casa a la venda a Mirasol, Sant Cugat.","robots":{"index":"index","follow":"follow","max-snippet":"max-snippet:-1","max-image-preview":"max-image-preview:large","max-video-preview":"max-video-preview:-1"},"canonical":"https:\/\/www.amatimmobiliaris.com\/w\/2019\/01\/casa-en-sant-cugat-a-la-venta\/","og_locale":"ca_ES","og_type":"article","og_title":"Casa a Sant Cugat a la venda | Amat Immobiliaris","og_description":"En una parcel\u00b7la de 367 m\u00b2 amb\u00a0terrassa i p\u00e0rquing, trobem aquesta acollidora casa a la venda a Mirasol, Sant Cugat.","og_url":"https:\/\/www.amatimmobiliaris.com\/w\/2019\/01\/casa-en-sant-cugat-a-la-venta\/","og_site_name":"Amat Immobiliaris","article_publisher":"https:\/\/www.facebook.com\/amatimmobiliaris","article_published_time":"2019-01-22T11:48:54+00:00","article_modified_time":"2023-09-18T14:54:57+00:00","og_image":[{"width":1024,"height":682,"url":"https:\/\/www.amatimmobiliaris.com\/w\/wp-content\/uploads\/2019\/01\/1-facana-jardi-1024x682.jpg","type":"image\/jpeg"}],"author":"Amat Immobiliaris","twitter_card":"summary_large_image","twitter_creator":"@amat_cat","twitter_site":"@amat_cat","twitter_misc":{"Escrit per":"Amat Immobiliaris","Temps estimat de lectura":"2 minuts"},"schema":{"@context":"https:\/\/schema.org","@graph":[{"@type":"Article","@id":"https:\/\/www.amatimmobiliaris.com\/w\/2019\/01\/casa-en-sant-cugat-a-la-venta\/#article","isPartOf":{"@id":"https:\/\/www.amatimmobiliaris.com\/w\/2019\/01\/casa-en-sant-cugat-a-la-venta\/"},"author":{"name":"Amat Immobiliaris","@id":"https:\/\/www.amatimmobiliaris.com\/w\/#\/schema\/person\/c880da71d1e156e7ea6774ffb445e034"},"headline":"Casa a Sant Cugat a la venda","datePublished":"2019-01-22T11:48:54+00:00","dateModified":"2023-09-18T14:54:57+00:00","mainEntityOfPage":{"@id":"https:\/\/www.amatimmobiliaris.com\/w\/2019\/01\/casa-en-sant-cugat-a-la-venta\/"},"wordCount":251,"publisher":{"@id":"https:\/\/www.amatimmobiliaris.com\/w\/#organization"},"image":{"@id":"https:\/\/www.amatimmobiliaris.com\/w\/2019\/01\/casa-en-sant-cugat-a-la-venta\/#primaryimage"},"thumbnailUrl":"https:\/\/www.amatimmobiliaris.com\/w\/wp-content\/uploads\/2019\/01\/1-facana-jardi.jpg","keywords":["Casa","Habitatge"],"articleSection":["Pisos destacats"],"inLanguage":"ca"},{"@type":"WebPage","@id":"https:\/\/www.amatimmobiliaris.com\/w\/2019\/01\/casa-en-sant-cugat-a-la-venta\/","url":"https:\/\/www.amatimmobiliaris.com\/w\/2019\/01\/casa-en-sant-cugat-a-la-venta\/","name":"Casa a Sant Cugat a la venda | Amat Immobiliaris","isPartOf":{"@id":"https:\/\/www.amatimmobiliaris.com\/w\/#website"},"primaryImageOfPage":{"@id":"https:\/\/www.amatimmobiliaris.com\/w\/2019\/01\/casa-en-sant-cugat-a-la-venta\/#primaryimage"},"image":{"@id":"https:\/\/www.amatimmobiliaris.com\/w\/2019\/01\/casa-en-sant-cugat-a-la-venta\/#primaryimage"},"thumbnailUrl":"https:\/\/www.amatimmobiliaris.com\/w\/wp-content\/uploads\/2019\/01\/1-facana-jardi.jpg","datePublished":"2019-01-22T11:48:54+00:00","dateModified":"2023-09-18T14:54:57+00:00","description":"En una parcel\u00b7la de 367 m\u00b2 amb\u00a0terrassa i p\u00e0rquing, trobem aquesta acollidora casa a la venda a Mirasol, Sant Cugat.","breadcrumb":{"@id":"https:\/\/www.amatimmobiliaris.com\/w\/2019\/01\/casa-en-sant-cugat-a-la-venta\/#breadcrumb"},"inLanguage":"ca","potentialAction":[{"@type":"ReadAction","target":["https:\/\/www.amatimmobiliaris.com\/w\/2019\/01\/casa-en-sant-cugat-a-la-venta\/"]}]},{"@type":"ImageObject","inLanguage":"ca","@id":"https:\/\/www.amatimmobiliaris.com\/w\/2019\/01\/casa-en-sant-cugat-a-la-venta\/#primaryimage","url":"https:\/\/www.amatimmobiliaris.com\/w\/wp-content\/uploads\/2019\/01\/1-facana-jardi.jpg","contentUrl":"https:\/\/www.amatimmobiliaris.com\/w\/wp-content\/uploads\/2019\/01\/1-facana-jardi.jpg","width":2000,"height":1333,"caption":"30368_Casa Sant Cugat"},{"@type":"BreadcrumbList","@id":"https:\/\/www.amatimmobiliaris.com\/w\/2019\/01\/casa-en-sant-cugat-a-la-venta\/#breadcrumb","itemListElement":[{"@type":"ListItem","position":1,"name":"Home","item":"https:\/\/www.amatimmobiliaris.com\/w\/ca\/"},{"@type":"ListItem","position":2,"name":"Pisos destacados","item":"https:\/\/www.amatimmobiliaris.com\/w\/category\/pisos-destacados\/"},{"@type":"ListItem","position":3,"name":"Casa a Sant Cugat a la venda"}]},{"@type":"WebSite","@id":"https:\/\/www.amatimmobiliaris.com\/w\/#website","url":"https:\/\/www.amatimmobiliaris.com\/w\/","name":"Amat Immobiliaris","description":"Empresa familiar del sector inmobiliario con oficinas en Barcelona, Sant Cugat del Vall\u00e9s y Sant Just Desvern. Te ayudamos a comprar, alquilar o vender tu casa o piso. Somos un equipo coherente con una cultura de empresa honesta, innovadora y eficaz. Tambi\u00e9n en www.amatluxury.com","publisher":{"@id":"https:\/\/www.amatimmobiliaris.com\/w\/#organization"},"alternateName":"AmatImmo","potentialAction":[{"@type":"SearchAction","target":{"@type":"EntryPoint","urlTemplate":"https:\/\/www.amatimmobiliaris.com\/w\/?s={search_term_string}"},"query-input":{"@type":"PropertyValueSpecification","valueRequired":true,"valueName":"search_term_string"}}],"inLanguage":"ca"},{"@type":"Organization","@id":"https:\/\/www.amatimmobiliaris.com\/w\/#organization","name":"Amat Immobiliaris","url":"https:\/\/www.amatimmobiliaris.com\/w\/","logo":{"@type":"ImageObject","inLanguage":"ca","@id":"https:\/\/www.amatimmobiliaris.com\/w\/#\/schema\/logo\/image\/","url":"https:\/\/www.amatimmobiliaris.com\/w\/wp-content\/uploads\/2022\/10\/amat-logo.jpg","contentUrl":"https:\/\/www.amatimmobiliaris.com\/w\/wp-content\/uploads\/2022\/10\/amat-logo.jpg","width":900,"height":900,"caption":"Amat Immobiliaris"},"image":{"@id":"https:\/\/www.amatimmobiliaris.com\/w\/#\/schema\/logo\/image\/"},"sameAs":["https:\/\/www.facebook.com\/amatimmobiliaris","https:\/\/x.com\/amat_cat","https:\/\/www.instagram.com\/amat_immo\/","https:\/\/www.linkedin.com\/company\/amat-finques\/","https:\/\/www.youtube.com\/@amatimmobiliaris"]},{"@type":"Person","@id":"https:\/\/www.amatimmobiliaris.com\/w\/#\/schema\/person\/c880da71d1e156e7ea6774ffb445e034","name":"Amat Immobiliaris","sameAs":["http:\/\/amat-inmo-wp.localhost"]}]}},"_links":{"self":[{"href":"https:\/\/www.amatimmobiliaris.com\/w\/ca\/wp-json\/wp\/v2\/posts\/4176"}],"collection":[{"href":"https:\/\/www.amatimmobiliaris.com\/w\/ca\/wp-json\/wp\/v2\/posts"}],"about":[{"href":"https:\/\/www.amatimmobiliaris.com\/w\/ca\/wp-json\/wp\/v2\/types\/post"}],"author":[{"embeddable":true,"href":"https:\/\/www.amatimmobiliaris.com\/w\/ca\/wp-json\/wp\/v2\/users\/1"}],"replies":[{"embeddable":true,"href":"https:\/\/www.amatimmobiliaris.com\/w\/ca\/wp-json\/wp\/v2\/comments?post=4176"}],"version-history":[{"count":6,"href":"https:\/\/www.amatimmobiliaris.com\/w\/ca\/wp-json\/wp\/v2\/posts\/4176\/revisions"}],"predecessor-version":[{"id":30444,"href":"https:\/\/www.amatimmobiliaris.com\/w\/ca\/wp-json\/wp\/v2\/posts\/4176\/revisions\/30444"}],"wp:featuredmedia":[{"embeddable":true,"href":"https:\/\/www.amatimmobiliaris.com\/w\/ca\/wp-json\/wp\/v2\/media\/24542"}],"wp:attachment":[{"href":"https:\/\/www.amatimmobiliaris.com\/w\/ca\/wp-json\/wp\/v2\/media?parent=4176"}],"wp:term":[{"taxonomy":"category","embeddable":true,"href":"https:\/\/www.amatimmobiliaris.com\/w\/ca\/wp-json\/wp\/v2\/categories?post=4176"},{"taxonomy":"post_tag","embeddable":true,"href":"https:\/\/www.amatimmobiliaris.com\/w\/ca\/wp-json\/wp\/v2\/tags?post=4176"}],"curies":[{"name":"wp","href":"https:\/\/api.w.org\/{rel}","templated":true}]}}