{"id":4173,"date":"2019-01-02T09:49:26","date_gmt":"2019-01-02T09:49:26","guid":{"rendered":"https:\/\/amat-inmo-wp.localhost\/2019\/01\/02\/prestacions-per-maternitat\/"},"modified":"2023-04-27T14:24:49","modified_gmt":"2023-04-27T14:24:49","slug":"prestacions-per-maternitat","status":"publish","type":"post","link":"https:\/\/www.amatimmobiliaris.com\/w\/ca\/2019\/01\/prestacions-per-maternitat\/","title":{"rendered":"Prestacions per maternitat: Canvi de criteri i rectificaci\u00f3 de la declaraci\u00f3 de la renda"},"content":{"rendered":"<p style=\"text-align: justify;\">En els \u00faltims temps s\u2019ha parlat molt de la sent\u00e8ncia del Tribunal Suprem de 3 d\u2019octubre de 2018 (sent\u00e8ncia 1462\/2018) per la qual es fixa com a doctrina legal que <strong>\u201cles prestacions per maternitat percebudes de la Seguretat Social estan exemptes de l\u2019Impost sobre la Renda les Persones F\u00edsiques\u201d<\/strong>.<\/p>\n<p style=\"text-align: justify;\">De la mateixa manera, la Direcci\u00f3 General de Tributs interpreta que aquesta exempci\u00f3 en l\u2019Impost sobre la Renda de les Persones F\u00edsiques \u00e9s igualment aplicable en el cas de les prestacions per paternitat percebudes per la Seguretat Social.<\/p>\n<p style=\"text-align: justify;\">En aquest sentit, en aplicaci\u00f3 d\u2019aquesta doctrina podem distingir varis escenaris:<\/p>\n<ul style=\"text-align: justify;\">\n<li><span style=\"text-decoration: underline;\">Prestacions per maternitat percebudes o que es percebran durant el 2018:<\/span><\/li>\n<\/ul>\n<p style=\"text-align: justify;\">Durant la propera campanya de la renda els contribuents nom\u00e9s hauran de confeccionar i presentar les seves declaracions utilitzant les dades fiscals que se\u2019ls-hi ofereixin.<\/p>\n<p style=\"text-align: justify;\">El programa d\u2019ajuda de <strong><a href=\"https:\/\/sede.agenciatributaria.gob.es\/Sede\/inicio.html\">Renda WEB <\/a><\/strong>oferir\u00e0 les dades fiscals incorporant les citades prestacions com a rendes exemptes i les retencions suportades com a plenament dedu\u00efbles.<\/p>\n<p style=\"text-align: justify;\">Despr\u00e9s de la citada sent\u00e8ncia del Tribunal Suprem, l\u2019Institut Nacional de la Seguretat Social ha deixat de practicar retencions sobre les prestacions abonades, per tractar-se de rendes exemptes.<\/p>\n<ul style=\"text-align: justify;\">\n<li><span style=\"text-decoration: underline;\">Prestacions per maternitat percebudes durant els anys 2014, 2015, 2016 i 2017 (anys no prescrits):<\/span><\/li>\n<\/ul>\n<p style=\"text-align: justify;\">El contribuents podran sol\u00b7licitar la rectificaci\u00f3 de les declaracions de la renda en qu\u00e8 hi haguessin incloses les citades rendes.<\/p>\n<p style=\"text-align: justify;\">En el cas que les rendes haguessin estat percebudes en m\u00e9s d\u2019un any, hauran de sol\u00b7licitar la rectificaci\u00f3 de la declaraci\u00f3 de la renda de cada any.<\/p>\n<p style=\"text-align: justify;\">L\u2019Ag\u00e8ncia Tribut\u00e0ria ha habilitat un formulari espec\u00edfic per facilitar la sol\u00b7licitud dels anys 2014 i 2015, disponible a la p\u00e0gina web de la mateixa (www.agenciatributaria.es), en el que la persona perceptora de la prestaci\u00f3 haur\u00e0 d\u2019indicar en quin d\u2019aquests anys ha percebut la prestaci\u00f3 i un n\u00famero de compte bancari de la seva titularitat on s\u2019abonar\u00e0 la devoluci\u00f3 que procedeixi.<\/p>\n<p style=\"text-align: justify;\">Durant el mes de gener del 2019 estar\u00e0 disponible el formulari que permetr\u00e0 sol\u00b7licitar la rectificaci\u00f3 de les declaracions dels anys 2016 i 2017.<\/p>\n<p style=\"text-align: justify;\">Per realitzar el tr\u00e0mit no \u00e9s necessari adjuntar a la sol\u00b7licitud un certificat de la Seguretat social acreditatiu de les prestacions per maternitat\/paternitat percebudes, donat que en cada cas l\u2019Ag\u00e8ncia Tribut\u00e0ria disposar\u00e0 directament de la Seguretat Social de tota la informaci\u00f3 precisa per la resoluci\u00f3 del procediment.<\/p>\n<ul style=\"text-align: justify;\">\n<li><span style=\"text-decoration: underline;\">Sol\u00b7licituds pr\u00e8viament presentades que es trobin pendents de resoluci\u00f3 d\u2019un recurs o reclamaci\u00f3:<\/span><\/li>\n<\/ul>\n<p style=\"text-align: justify;\">L\u2019aplicaci\u00f3 de l\u2019exempci\u00f3 correspondr\u00e0 a l\u2019\u00f2rgan que estigui en coneixement del recurs o reclamaci\u00f3 sense que sigui precisa la presentaci\u00f3 de cap sol\u00b7licitud addicional.<\/p>\n<p style=\"text-align: right;\"><strong>Martina Homedes<\/strong><\/p>\n<p style=\"text-align: right;\"><strong>Dep. Fiscal<\/strong><\/p>\n<p style=\"text-align: left;\"><em>Si t\u00e9 cap dubte sobre impostos, Renda o consulta fiscal pot fer arribar un correu electr\u00f2nic a martina.homedes@amatimmo.cat<\/em><\/p>\n","protected":false},"excerpt":{"rendered":"<p>En els \u00faltims temps s\u2019ha parlat molt de la sent\u00e8ncia del Tribunal Suprem de 3 d\u2019octubre de 2018 (sent\u00e8ncia 1462\/2018) per la qual es fixa com a doctrina legal que \u201cles prestacions per maternitat percebudes de la Seguretat Social estan exemptes de l\u2019Impost sobre la Renda les Persones F\u00edsiques\u201d. De la mateixa manera, la Direcci\u00f3 [&hellip;]<\/p>\n","protected":false},"author":1,"featured_media":0,"comment_status":"closed","ping_status":"open","sticky":false,"template":"","format":"standard","meta":{"content-type":"","footnotes":""},"categories":[1156,1157],"tags":[],"yoast_head":"<!-- This site is optimized with the Yoast SEO plugin v23.9 - https:\/\/yoast.com\/wordpress\/plugins\/seo\/ -->\n<title>Prestacions per maternitat: Canvi de criteri i rectificaci\u00f3 de la declaraci\u00f3 de la renda | Amat Immobiliaris<\/title>\n<meta name=\"robots\" content=\"index, follow, max-snippet:-1, max-image-preview:large, max-video-preview:-1\" \/>\n<link rel=\"canonical\" href=\"https:\/\/www.amatimmobiliaris.com\/w\/ca\/2019\/01\/prestacions-per-maternitat\/\" \/>\n<meta property=\"og:locale\" content=\"ca_ES\" \/>\n<meta property=\"og:type\" content=\"article\" \/>\n<meta property=\"og:title\" content=\"Prestacions per maternitat: Canvi de criteri i rectificaci\u00f3 de la declaraci\u00f3 de la renda | Amat Immobiliaris\" \/>\n<meta property=\"og:description\" content=\"En els \u00faltims temps s\u2019ha parlat molt de la sent\u00e8ncia del Tribunal Suprem de 3 d\u2019octubre de 2018 (sent\u00e8ncia 1462\/2018) per la qual es fixa com a doctrina legal que \u201cles prestacions per maternitat percebudes de la Seguretat Social estan exemptes de l\u2019Impost sobre la Renda les Persones F\u00edsiques\u201d. De la mateixa manera, la Direcci\u00f3 [&hellip;]\" \/>\n<meta property=\"og:url\" content=\"https:\/\/www.amatimmobiliaris.com\/w\/ca\/2019\/01\/prestacions-per-maternitat\/\" \/>\n<meta property=\"og:site_name\" content=\"Amat Immobiliaris\" \/>\n<meta property=\"article:publisher\" content=\"https:\/\/www.facebook.com\/amatimmobiliaris\" \/>\n<meta property=\"article:published_time\" content=\"2019-01-02T09:49:26+00:00\" \/>\n<meta property=\"article:modified_time\" content=\"2023-04-27T14:24:49+00:00\" \/>\n<meta property=\"og:image\" content=\"https:\/\/www.amatimmobiliaris.com\/w\/wp-content\/uploads\/2022\/01\/2014-Saga-familiar-Amat-dw-1-1024x683.jpg\" \/>\n\t<meta property=\"og:image:width\" content=\"1024\" \/>\n\t<meta property=\"og:image:height\" content=\"683\" \/>\n\t<meta property=\"og:image:type\" content=\"image\/jpeg\" \/>\n<meta name=\"author\" content=\"Amat Immobiliaris\" \/>\n<meta name=\"twitter:card\" content=\"summary_large_image\" \/>\n<meta name=\"twitter:creator\" content=\"@amat_cat\" \/>\n<meta name=\"twitter:site\" content=\"@amat_cat\" \/>\n<meta name=\"twitter:label1\" content=\"Escrit per\" \/>\n\t<meta name=\"twitter:data1\" content=\"Amat Immobiliaris\" \/>\n\t<meta name=\"twitter:label2\" content=\"Temps estimat de lectura\" \/>\n\t<meta name=\"twitter:data2\" content=\"2 minuts\" \/>\n<script type=\"application\/ld+json\" class=\"yoast-schema-graph\">{\"@context\":\"https:\/\/schema.org\",\"@graph\":[{\"@type\":\"Article\",\"@id\":\"https:\/\/www.amatimmobiliaris.com\/w\/ca\/2019\/01\/prestacions-per-maternitat\/#article\",\"isPartOf\":{\"@id\":\"https:\/\/www.amatimmobiliaris.com\/w\/ca\/2019\/01\/prestacions-per-maternitat\/\"},\"author\":{\"name\":\"Amat Immobiliaris\",\"@id\":\"https:\/\/www.amatimmobiliaris.com\/w\/#\/schema\/person\/c880da71d1e156e7ea6774ffb445e034\"},\"headline\":\"Prestacions per maternitat: Canvi de criteri i rectificaci\u00f3 de la declaraci\u00f3 de la renda\",\"datePublished\":\"2019-01-02T09:49:26+00:00\",\"dateModified\":\"2023-04-27T14:24:49+00:00\",\"mainEntityOfPage\":{\"@id\":\"https:\/\/www.amatimmobiliaris.com\/w\/ca\/2019\/01\/prestacions-per-maternitat\/\"},\"wordCount\":491,\"publisher\":{\"@id\":\"https:\/\/www.amatimmobiliaris.com\/w\/#organization\"},\"articleSection\":[\"Fiscalitat\",\"Not\u00edcies\"],\"inLanguage\":\"ca\"},{\"@type\":\"WebPage\",\"@id\":\"https:\/\/www.amatimmobiliaris.com\/w\/ca\/2019\/01\/prestacions-per-maternitat\/\",\"url\":\"https:\/\/www.amatimmobiliaris.com\/w\/ca\/2019\/01\/prestacions-per-maternitat\/\",\"name\":\"Prestacions per maternitat: Canvi de criteri i rectificaci\u00f3 de la declaraci\u00f3 de la renda | Amat Immobiliaris\",\"isPartOf\":{\"@id\":\"https:\/\/www.amatimmobiliaris.com\/w\/#website\"},\"datePublished\":\"2019-01-02T09:49:26+00:00\",\"dateModified\":\"2023-04-27T14:24:49+00:00\",\"breadcrumb\":{\"@id\":\"https:\/\/www.amatimmobiliaris.com\/w\/ca\/2019\/01\/prestacions-per-maternitat\/#breadcrumb\"},\"inLanguage\":\"ca\",\"potentialAction\":[{\"@type\":\"ReadAction\",\"target\":[\"https:\/\/www.amatimmobiliaris.com\/w\/ca\/2019\/01\/prestacions-per-maternitat\/\"]}]},{\"@type\":\"BreadcrumbList\",\"@id\":\"https:\/\/www.amatimmobiliaris.com\/w\/ca\/2019\/01\/prestacions-per-maternitat\/#breadcrumb\",\"itemListElement\":[{\"@type\":\"ListItem\",\"position\":1,\"name\":\"Home\",\"item\":\"https:\/\/www.amatimmobiliaris.com\/w\/ca\/\"},{\"@type\":\"ListItem\",\"position\":2,\"name\":\"Fiscalitat\",\"item\":\"https:\/\/www.amatimmobiliaris.com\/w\/ca\/categoria-ca\/fiscalitat-ca\/\"},{\"@type\":\"ListItem\",\"position\":3,\"name\":\"Prestacions per maternitat: Canvi de criteri i rectificaci\u00f3 de la declaraci\u00f3 de la renda\"}]},{\"@type\":\"WebSite\",\"@id\":\"https:\/\/www.amatimmobiliaris.com\/w\/#website\",\"url\":\"https:\/\/www.amatimmobiliaris.com\/w\/\",\"name\":\"Amat Immobiliaris\",\"description\":\"Empresa familiar del sector inmobiliario con oficinas en Barcelona, Sant Cugat del Vall\u00e9s y Sant Just Desvern. Te ayudamos a comprar, alquilar o vender tu casa o piso. Somos un equipo coherente con una cultura de empresa honesta, innovadora y eficaz. Tambi\u00e9n en www.amatluxury.com\",\"publisher\":{\"@id\":\"https:\/\/www.amatimmobiliaris.com\/w\/#organization\"},\"alternateName\":\"AmatImmo\",\"potentialAction\":[{\"@type\":\"SearchAction\",\"target\":{\"@type\":\"EntryPoint\",\"urlTemplate\":\"https:\/\/www.amatimmobiliaris.com\/w\/?s={search_term_string}\"},\"query-input\":{\"@type\":\"PropertyValueSpecification\",\"valueRequired\":true,\"valueName\":\"search_term_string\"}}],\"inLanguage\":\"ca\"},{\"@type\":\"Organization\",\"@id\":\"https:\/\/www.amatimmobiliaris.com\/w\/#organization\",\"name\":\"Amat Immobiliaris\",\"url\":\"https:\/\/www.amatimmobiliaris.com\/w\/\",\"logo\":{\"@type\":\"ImageObject\",\"inLanguage\":\"ca\",\"@id\":\"https:\/\/www.amatimmobiliaris.com\/w\/#\/schema\/logo\/image\/\",\"url\":\"https:\/\/www.amatimmobiliaris.com\/w\/wp-content\/uploads\/2022\/10\/amat-logo.jpg\",\"contentUrl\":\"https:\/\/www.amatimmobiliaris.com\/w\/wp-content\/uploads\/2022\/10\/amat-logo.jpg\",\"width\":900,\"height\":900,\"caption\":\"Amat Immobiliaris\"},\"image\":{\"@id\":\"https:\/\/www.amatimmobiliaris.com\/w\/#\/schema\/logo\/image\/\"},\"sameAs\":[\"https:\/\/www.facebook.com\/amatimmobiliaris\",\"https:\/\/x.com\/amat_cat\",\"https:\/\/www.instagram.com\/amat_immo\/\",\"https:\/\/www.linkedin.com\/company\/amat-finques\/\",\"https:\/\/www.youtube.com\/@amatimmobiliaris\"]},{\"@type\":\"Person\",\"@id\":\"https:\/\/www.amatimmobiliaris.com\/w\/#\/schema\/person\/c880da71d1e156e7ea6774ffb445e034\",\"name\":\"Amat Immobiliaris\",\"sameAs\":[\"http:\/\/amat-inmo-wp.localhost\"]}]}<\/script>\n<!-- \/ Yoast SEO plugin. -->","yoast_head_json":{"title":"Prestacions per maternitat: Canvi de criteri i rectificaci\u00f3 de la declaraci\u00f3 de la renda | Amat Immobiliaris","robots":{"index":"index","follow":"follow","max-snippet":"max-snippet:-1","max-image-preview":"max-image-preview:large","max-video-preview":"max-video-preview:-1"},"canonical":"https:\/\/www.amatimmobiliaris.com\/w\/ca\/2019\/01\/prestacions-per-maternitat\/","og_locale":"ca_ES","og_type":"article","og_title":"Prestacions per maternitat: Canvi de criteri i rectificaci\u00f3 de la declaraci\u00f3 de la renda | Amat Immobiliaris","og_description":"En els \u00faltims temps s\u2019ha parlat molt de la sent\u00e8ncia del Tribunal Suprem de 3 d\u2019octubre de 2018 (sent\u00e8ncia 1462\/2018) per la qual es fixa com a doctrina legal que \u201cles prestacions per maternitat percebudes de la Seguretat Social estan exemptes de l\u2019Impost sobre la Renda les Persones F\u00edsiques\u201d. De la mateixa manera, la Direcci\u00f3 [&hellip;]","og_url":"https:\/\/www.amatimmobiliaris.com\/w\/ca\/2019\/01\/prestacions-per-maternitat\/","og_site_name":"Amat Immobiliaris","article_publisher":"https:\/\/www.facebook.com\/amatimmobiliaris","article_published_time":"2019-01-02T09:49:26+00:00","article_modified_time":"2023-04-27T14:24:49+00:00","og_image":[{"width":1024,"height":683,"url":"https:\/\/www.amatimmobiliaris.com\/w\/wp-content\/uploads\/2022\/01\/2014-Saga-familiar-Amat-dw-1-1024x683.jpg","type":"image\/jpeg"}],"author":"Amat Immobiliaris","twitter_card":"summary_large_image","twitter_creator":"@amat_cat","twitter_site":"@amat_cat","twitter_misc":{"Escrit per":"Amat Immobiliaris","Temps estimat de lectura":"2 minuts"},"schema":{"@context":"https:\/\/schema.org","@graph":[{"@type":"Article","@id":"https:\/\/www.amatimmobiliaris.com\/w\/ca\/2019\/01\/prestacions-per-maternitat\/#article","isPartOf":{"@id":"https:\/\/www.amatimmobiliaris.com\/w\/ca\/2019\/01\/prestacions-per-maternitat\/"},"author":{"name":"Amat Immobiliaris","@id":"https:\/\/www.amatimmobiliaris.com\/w\/#\/schema\/person\/c880da71d1e156e7ea6774ffb445e034"},"headline":"Prestacions per maternitat: Canvi de criteri i rectificaci\u00f3 de la declaraci\u00f3 de la renda","datePublished":"2019-01-02T09:49:26+00:00","dateModified":"2023-04-27T14:24:49+00:00","mainEntityOfPage":{"@id":"https:\/\/www.amatimmobiliaris.com\/w\/ca\/2019\/01\/prestacions-per-maternitat\/"},"wordCount":491,"publisher":{"@id":"https:\/\/www.amatimmobiliaris.com\/w\/#organization"},"articleSection":["Fiscalitat","Not\u00edcies"],"inLanguage":"ca"},{"@type":"WebPage","@id":"https:\/\/www.amatimmobiliaris.com\/w\/ca\/2019\/01\/prestacions-per-maternitat\/","url":"https:\/\/www.amatimmobiliaris.com\/w\/ca\/2019\/01\/prestacions-per-maternitat\/","name":"Prestacions per maternitat: Canvi de criteri i rectificaci\u00f3 de la declaraci\u00f3 de la renda | Amat Immobiliaris","isPartOf":{"@id":"https:\/\/www.amatimmobiliaris.com\/w\/#website"},"datePublished":"2019-01-02T09:49:26+00:00","dateModified":"2023-04-27T14:24:49+00:00","breadcrumb":{"@id":"https:\/\/www.amatimmobiliaris.com\/w\/ca\/2019\/01\/prestacions-per-maternitat\/#breadcrumb"},"inLanguage":"ca","potentialAction":[{"@type":"ReadAction","target":["https:\/\/www.amatimmobiliaris.com\/w\/ca\/2019\/01\/prestacions-per-maternitat\/"]}]},{"@type":"BreadcrumbList","@id":"https:\/\/www.amatimmobiliaris.com\/w\/ca\/2019\/01\/prestacions-per-maternitat\/#breadcrumb","itemListElement":[{"@type":"ListItem","position":1,"name":"Home","item":"https:\/\/www.amatimmobiliaris.com\/w\/ca\/"},{"@type":"ListItem","position":2,"name":"Fiscalitat","item":"https:\/\/www.amatimmobiliaris.com\/w\/ca\/categoria-ca\/fiscalitat-ca\/"},{"@type":"ListItem","position":3,"name":"Prestacions per maternitat: Canvi de criteri i rectificaci\u00f3 de la declaraci\u00f3 de la renda"}]},{"@type":"WebSite","@id":"https:\/\/www.amatimmobiliaris.com\/w\/#website","url":"https:\/\/www.amatimmobiliaris.com\/w\/","name":"Amat Immobiliaris","description":"Empresa familiar del sector inmobiliario con oficinas en Barcelona, Sant Cugat del Vall\u00e9s y Sant Just Desvern. Te ayudamos a comprar, alquilar o vender tu casa o piso. Somos un equipo coherente con una cultura de empresa honesta, innovadora y eficaz. Tambi\u00e9n en www.amatluxury.com","publisher":{"@id":"https:\/\/www.amatimmobiliaris.com\/w\/#organization"},"alternateName":"AmatImmo","potentialAction":[{"@type":"SearchAction","target":{"@type":"EntryPoint","urlTemplate":"https:\/\/www.amatimmobiliaris.com\/w\/?s={search_term_string}"},"query-input":{"@type":"PropertyValueSpecification","valueRequired":true,"valueName":"search_term_string"}}],"inLanguage":"ca"},{"@type":"Organization","@id":"https:\/\/www.amatimmobiliaris.com\/w\/#organization","name":"Amat Immobiliaris","url":"https:\/\/www.amatimmobiliaris.com\/w\/","logo":{"@type":"ImageObject","inLanguage":"ca","@id":"https:\/\/www.amatimmobiliaris.com\/w\/#\/schema\/logo\/image\/","url":"https:\/\/www.amatimmobiliaris.com\/w\/wp-content\/uploads\/2022\/10\/amat-logo.jpg","contentUrl":"https:\/\/www.amatimmobiliaris.com\/w\/wp-content\/uploads\/2022\/10\/amat-logo.jpg","width":900,"height":900,"caption":"Amat Immobiliaris"},"image":{"@id":"https:\/\/www.amatimmobiliaris.com\/w\/#\/schema\/logo\/image\/"},"sameAs":["https:\/\/www.facebook.com\/amatimmobiliaris","https:\/\/x.com\/amat_cat","https:\/\/www.instagram.com\/amat_immo\/","https:\/\/www.linkedin.com\/company\/amat-finques\/","https:\/\/www.youtube.com\/@amatimmobiliaris"]},{"@type":"Person","@id":"https:\/\/www.amatimmobiliaris.com\/w\/#\/schema\/person\/c880da71d1e156e7ea6774ffb445e034","name":"Amat Immobiliaris","sameAs":["http:\/\/amat-inmo-wp.localhost"]}]}},"_links":{"self":[{"href":"https:\/\/www.amatimmobiliaris.com\/w\/ca\/wp-json\/wp\/v2\/posts\/4173"}],"collection":[{"href":"https:\/\/www.amatimmobiliaris.com\/w\/ca\/wp-json\/wp\/v2\/posts"}],"about":[{"href":"https:\/\/www.amatimmobiliaris.com\/w\/ca\/wp-json\/wp\/v2\/types\/post"}],"author":[{"embeddable":true,"href":"https:\/\/www.amatimmobiliaris.com\/w\/ca\/wp-json\/wp\/v2\/users\/1"}],"replies":[{"embeddable":true,"href":"https:\/\/www.amatimmobiliaris.com\/w\/ca\/wp-json\/wp\/v2\/comments?post=4173"}],"version-history":[{"count":2,"href":"https:\/\/www.amatimmobiliaris.com\/w\/ca\/wp-json\/wp\/v2\/posts\/4173\/revisions"}],"predecessor-version":[{"id":27029,"href":"https:\/\/www.amatimmobiliaris.com\/w\/ca\/wp-json\/wp\/v2\/posts\/4173\/revisions\/27029"}],"wp:attachment":[{"href":"https:\/\/www.amatimmobiliaris.com\/w\/ca\/wp-json\/wp\/v2\/media?parent=4173"}],"wp:term":[{"taxonomy":"category","embeddable":true,"href":"https:\/\/www.amatimmobiliaris.com\/w\/ca\/wp-json\/wp\/v2\/categories?post=4173"},{"taxonomy":"post_tag","embeddable":true,"href":"https:\/\/www.amatimmobiliaris.com\/w\/ca\/wp-json\/wp\/v2\/tags?post=4173"}],"curies":[{"name":"wp","href":"https:\/\/api.w.org\/{rel}","templated":true}]}}