{"id":4098,"date":"2018-09-06T09:30:26","date_gmt":"2018-09-06T09:30:26","guid":{"rendered":"https:\/\/amat-inmo-wp.localhost\/2018\/09\/06\/quina-es-la-diferencia-entre-valoracio-i-taxacio\/"},"modified":"2023-01-10T11:53:09","modified_gmt":"2023-01-10T11:53:09","slug":"quina-es-la-diferencia-entre-valoracio-i-taxacio","status":"publish","type":"post","link":"https:\/\/www.amatimmobiliaris.com\/w\/ca\/2018\/09\/quina-es-la-diferencia-entre-valoracio-i-taxacio\/","title":{"rendered":"Quina \u00e9s la difer\u00e8ncia entre valoraci\u00f3 i taxaci\u00f3?"},"content":{"rendered":"<p>En moltes ocasions hi ha una confusi\u00f3 entre valoraci\u00f3 i taxaci\u00f3 sobretot en el moment en qu\u00e8 volem comprar o vendre una propietat. Encara que ambdues accions serveixen per con\u00e8ixer el valor d&#8217;un immoble, hi ha difer\u00e8ncies substancials que creiem que cal definir. <strong>Vols con\u00e8ixer la difer\u00e8ncia entre valoraci\u00f3 i taxaci\u00f3?<\/strong><\/p>\n<p>Principalment i, resumint en poques l\u00ednies, la difer\u00e8ncia principal \u00e9s <strong>el seu valor legal<\/strong>.<\/p>\n<h3><strong>Valoraci\u00f3<\/strong><\/h3>\n<p>La caracter\u00edstica m\u00e9s important de la valoraci\u00f3 \u00e9s que estableix de forma orientativa el valor de la propietat sense necessitat de visitar l&#8217;immoble. Les dades cadastrals del mateix ja ofereixen el seu valor objectiu. Per aix\u00f2, hi ha valoracions <strong>en l\u00ednia<\/strong> que simplement omplint un formulari determinen el seu valor. En no ajustar-se a un procediment normat<strong> no tenen valor legal.<\/strong><\/p>\n<h3>Taxaci\u00f3<\/h3>\n<p>La taxaci\u00f3, en canvi, \u00e9s un <strong>certificat legal<\/strong> per a la valoraci\u00f3 i es realitza amb una metodologia concreta que <strong>compleix la normativa legal<\/strong>. La mateixa l&#8217;ha de realitzar un arquitecte o t\u00e8cnic certificat, que assigna un valor a l&#8217;habitatge mitjan\u00e7ant un barem oficial objectiu (ECO \/ 805\/2003).<\/p>\n<p>Coneixent aix\u00f2, el client far\u00e0 una <strong>valoraci\u00f3 o taxaci\u00f3<\/strong> depenent de les seves necessitats. Generalment, la valoraci\u00f3 es realitza de forma habitual per posar a la venda la propietat mentre la taxaci\u00f3 t\u00e9 altres finalitats.<\/p>\n<p>La taxaci\u00f3 la necessitem fer per sol\u00b7licitar una hipoteca, per la repartici\u00f3 d&#8217;una her\u00e8ncia o repartiment de b\u00e9ns.<\/p>\n<p>Aix\u00ed doncs, si ens cal con\u00e8ixer el <strong>valor de l&#8217;immoble<\/strong> de manera oficial ser\u00e0 necess\u00e0ria una taxaci\u00f3, si volem con\u00e8ixer el valor a nivell personal ens bastar\u00e0 una valoraci\u00f3.<\/p>\n","protected":false},"excerpt":{"rendered":"<p>En moltes ocasions hi ha una confusi\u00f3 entre valoraci\u00f3 i taxaci\u00f3 sobretot en el moment en qu\u00e8 volem comprar o vendre una propietat. Encara que ambdues accions serveixen per con\u00e8ixer el valor d&#8217;un immoble, hi ha difer\u00e8ncies substancials que creiem que cal definir. Vols con\u00e8ixer la difer\u00e8ncia entre valoraci\u00f3 i taxaci\u00f3? Principalment i, resumint en [&hellip;]<\/p>\n","protected":false},"author":1,"featured_media":0,"comment_status":"closed","ping_status":"open","sticky":false,"template":"","format":"standard","meta":{"content-type":"","footnotes":""},"categories":[1157],"tags":[],"yoast_head":"<!-- This site is optimized with the Yoast SEO plugin v23.9 - https:\/\/yoast.com\/wordpress\/plugins\/seo\/ -->\n<title>Quina \u00e9s la difer\u00e8ncia entre valoraci\u00f3 i taxaci\u00f3? | Amat Immobiliaris<\/title>\n<meta name=\"robots\" content=\"index, follow, max-snippet:-1, max-image-preview:large, max-video-preview:-1\" \/>\n<link rel=\"canonical\" href=\"https:\/\/www.amatimmobiliaris.com\/w\/ca\/2018\/09\/quina-es-la-diferencia-entre-valoracio-i-taxacio\/\" \/>\n<meta property=\"og:locale\" content=\"ca_ES\" \/>\n<meta property=\"og:type\" content=\"article\" \/>\n<meta property=\"og:title\" content=\"Quina \u00e9s la difer\u00e8ncia entre valoraci\u00f3 i taxaci\u00f3? | Amat Immobiliaris\" \/>\n<meta property=\"og:description\" content=\"En moltes ocasions hi ha una confusi\u00f3 entre valoraci\u00f3 i taxaci\u00f3 sobretot en el moment en qu\u00e8 volem comprar o vendre una propietat. Encara que ambdues accions serveixen per con\u00e8ixer el valor d&#8217;un immoble, hi ha difer\u00e8ncies substancials que creiem que cal definir. Vols con\u00e8ixer la difer\u00e8ncia entre valoraci\u00f3 i taxaci\u00f3? Principalment i, resumint en [&hellip;]\" \/>\n<meta property=\"og:url\" content=\"https:\/\/www.amatimmobiliaris.com\/w\/ca\/2018\/09\/quina-es-la-diferencia-entre-valoracio-i-taxacio\/\" \/>\n<meta property=\"og:site_name\" content=\"Amat Immobiliaris\" \/>\n<meta property=\"article:publisher\" content=\"https:\/\/www.facebook.com\/amatimmobiliaris\" \/>\n<meta property=\"article:published_time\" content=\"2018-09-06T09:30:26+00:00\" \/>\n<meta property=\"article:modified_time\" content=\"2023-01-10T11:53:09+00:00\" \/>\n<meta property=\"og:image\" content=\"https:\/\/www.amatimmobiliaris.com\/w\/wp-content\/uploads\/2022\/01\/2014-Saga-familiar-Amat-dw-1-1024x683.jpg\" \/>\n\t<meta property=\"og:image:width\" content=\"1024\" \/>\n\t<meta property=\"og:image:height\" content=\"683\" \/>\n\t<meta property=\"og:image:type\" content=\"image\/jpeg\" \/>\n<meta name=\"author\" content=\"Amat Immobiliaris\" \/>\n<meta name=\"twitter:card\" content=\"summary_large_image\" \/>\n<meta name=\"twitter:creator\" content=\"@amat_cat\" \/>\n<meta name=\"twitter:site\" content=\"@amat_cat\" \/>\n<meta name=\"twitter:label1\" content=\"Escrit per\" \/>\n\t<meta name=\"twitter:data1\" content=\"Amat Immobiliaris\" \/>\n\t<meta name=\"twitter:label2\" content=\"Temps estimat de lectura\" \/>\n\t<meta name=\"twitter:data2\" content=\"1 minut\" \/>\n<script type=\"application\/ld+json\" class=\"yoast-schema-graph\">{\"@context\":\"https:\/\/schema.org\",\"@graph\":[{\"@type\":\"Article\",\"@id\":\"https:\/\/www.amatimmobiliaris.com\/w\/ca\/2018\/09\/quina-es-la-diferencia-entre-valoracio-i-taxacio\/#article\",\"isPartOf\":{\"@id\":\"https:\/\/www.amatimmobiliaris.com\/w\/ca\/2018\/09\/quina-es-la-diferencia-entre-valoracio-i-taxacio\/\"},\"author\":{\"name\":\"Amat Immobiliaris\",\"@id\":\"https:\/\/www.amatimmobiliaris.com\/w\/#\/schema\/person\/c880da71d1e156e7ea6774ffb445e034\"},\"headline\":\"Quina \u00e9s la difer\u00e8ncia entre valoraci\u00f3 i taxaci\u00f3?\",\"datePublished\":\"2018-09-06T09:30:26+00:00\",\"dateModified\":\"2023-01-10T11:53:09+00:00\",\"mainEntityOfPage\":{\"@id\":\"https:\/\/www.amatimmobiliaris.com\/w\/ca\/2018\/09\/quina-es-la-diferencia-entre-valoracio-i-taxacio\/\"},\"wordCount\":282,\"publisher\":{\"@id\":\"https:\/\/www.amatimmobiliaris.com\/w\/#organization\"},\"articleSection\":[\"Not\u00edcies\"],\"inLanguage\":\"ca\"},{\"@type\":\"WebPage\",\"@id\":\"https:\/\/www.amatimmobiliaris.com\/w\/ca\/2018\/09\/quina-es-la-diferencia-entre-valoracio-i-taxacio\/\",\"url\":\"https:\/\/www.amatimmobiliaris.com\/w\/ca\/2018\/09\/quina-es-la-diferencia-entre-valoracio-i-taxacio\/\",\"name\":\"Quina \u00e9s la difer\u00e8ncia entre valoraci\u00f3 i taxaci\u00f3? | Amat Immobiliaris\",\"isPartOf\":{\"@id\":\"https:\/\/www.amatimmobiliaris.com\/w\/#website\"},\"datePublished\":\"2018-09-06T09:30:26+00:00\",\"dateModified\":\"2023-01-10T11:53:09+00:00\",\"breadcrumb\":{\"@id\":\"https:\/\/www.amatimmobiliaris.com\/w\/ca\/2018\/09\/quina-es-la-diferencia-entre-valoracio-i-taxacio\/#breadcrumb\"},\"inLanguage\":\"ca\",\"potentialAction\":[{\"@type\":\"ReadAction\",\"target\":[\"https:\/\/www.amatimmobiliaris.com\/w\/ca\/2018\/09\/quina-es-la-diferencia-entre-valoracio-i-taxacio\/\"]}]},{\"@type\":\"BreadcrumbList\",\"@id\":\"https:\/\/www.amatimmobiliaris.com\/w\/ca\/2018\/09\/quina-es-la-diferencia-entre-valoracio-i-taxacio\/#breadcrumb\",\"itemListElement\":[{\"@type\":\"ListItem\",\"position\":1,\"name\":\"Home\",\"item\":\"https:\/\/www.amatimmobiliaris.com\/w\/ca\/\"},{\"@type\":\"ListItem\",\"position\":2,\"name\":\"Not\u00edcies\",\"item\":\"https:\/\/www.amatimmobiliaris.com\/w\/ca\/categoria-ca\/noticies-ca\/\"},{\"@type\":\"ListItem\",\"position\":3,\"name\":\"Quina \u00e9s la difer\u00e8ncia entre valoraci\u00f3 i taxaci\u00f3?\"}]},{\"@type\":\"WebSite\",\"@id\":\"https:\/\/www.amatimmobiliaris.com\/w\/#website\",\"url\":\"https:\/\/www.amatimmobiliaris.com\/w\/\",\"name\":\"Amat Immobiliaris\",\"description\":\"Empresa familiar del sector inmobiliario con oficinas en Barcelona, Sant Cugat del Vall\u00e9s y Sant Just Desvern. Te ayudamos a comprar, alquilar o vender tu casa o piso. Somos un equipo coherente con una cultura de empresa honesta, innovadora y eficaz. Tambi\u00e9n en www.amatluxury.com\",\"publisher\":{\"@id\":\"https:\/\/www.amatimmobiliaris.com\/w\/#organization\"},\"alternateName\":\"AmatImmo\",\"potentialAction\":[{\"@type\":\"SearchAction\",\"target\":{\"@type\":\"EntryPoint\",\"urlTemplate\":\"https:\/\/www.amatimmobiliaris.com\/w\/?s={search_term_string}\"},\"query-input\":{\"@type\":\"PropertyValueSpecification\",\"valueRequired\":true,\"valueName\":\"search_term_string\"}}],\"inLanguage\":\"ca\"},{\"@type\":\"Organization\",\"@id\":\"https:\/\/www.amatimmobiliaris.com\/w\/#organization\",\"name\":\"Amat Immobiliaris\",\"url\":\"https:\/\/www.amatimmobiliaris.com\/w\/\",\"logo\":{\"@type\":\"ImageObject\",\"inLanguage\":\"ca\",\"@id\":\"https:\/\/www.amatimmobiliaris.com\/w\/#\/schema\/logo\/image\/\",\"url\":\"https:\/\/www.amatimmobiliaris.com\/w\/wp-content\/uploads\/2022\/10\/amat-logo.jpg\",\"contentUrl\":\"https:\/\/www.amatimmobiliaris.com\/w\/wp-content\/uploads\/2022\/10\/amat-logo.jpg\",\"width\":900,\"height\":900,\"caption\":\"Amat Immobiliaris\"},\"image\":{\"@id\":\"https:\/\/www.amatimmobiliaris.com\/w\/#\/schema\/logo\/image\/\"},\"sameAs\":[\"https:\/\/www.facebook.com\/amatimmobiliaris\",\"https:\/\/x.com\/amat_cat\",\"https:\/\/www.instagram.com\/amat_immo\/\",\"https:\/\/www.linkedin.com\/company\/amat-finques\/\",\"https:\/\/www.youtube.com\/@amatimmobiliaris\"]},{\"@type\":\"Person\",\"@id\":\"https:\/\/www.amatimmobiliaris.com\/w\/#\/schema\/person\/c880da71d1e156e7ea6774ffb445e034\",\"name\":\"Amat Immobiliaris\",\"sameAs\":[\"http:\/\/amat-inmo-wp.localhost\"]}]}<\/script>\n<!-- \/ Yoast SEO plugin. -->","yoast_head_json":{"title":"Quina \u00e9s la difer\u00e8ncia entre valoraci\u00f3 i taxaci\u00f3? | Amat Immobiliaris","robots":{"index":"index","follow":"follow","max-snippet":"max-snippet:-1","max-image-preview":"max-image-preview:large","max-video-preview":"max-video-preview:-1"},"canonical":"https:\/\/www.amatimmobiliaris.com\/w\/ca\/2018\/09\/quina-es-la-diferencia-entre-valoracio-i-taxacio\/","og_locale":"ca_ES","og_type":"article","og_title":"Quina \u00e9s la difer\u00e8ncia entre valoraci\u00f3 i taxaci\u00f3? | Amat Immobiliaris","og_description":"En moltes ocasions hi ha una confusi\u00f3 entre valoraci\u00f3 i taxaci\u00f3 sobretot en el moment en qu\u00e8 volem comprar o vendre una propietat. Encara que ambdues accions serveixen per con\u00e8ixer el valor d&#8217;un immoble, hi ha difer\u00e8ncies substancials que creiem que cal definir. Vols con\u00e8ixer la difer\u00e8ncia entre valoraci\u00f3 i taxaci\u00f3? Principalment i, resumint en [&hellip;]","og_url":"https:\/\/www.amatimmobiliaris.com\/w\/ca\/2018\/09\/quina-es-la-diferencia-entre-valoracio-i-taxacio\/","og_site_name":"Amat Immobiliaris","article_publisher":"https:\/\/www.facebook.com\/amatimmobiliaris","article_published_time":"2018-09-06T09:30:26+00:00","article_modified_time":"2023-01-10T11:53:09+00:00","og_image":[{"width":1024,"height":683,"url":"https:\/\/www.amatimmobiliaris.com\/w\/wp-content\/uploads\/2022\/01\/2014-Saga-familiar-Amat-dw-1-1024x683.jpg","type":"image\/jpeg"}],"author":"Amat Immobiliaris","twitter_card":"summary_large_image","twitter_creator":"@amat_cat","twitter_site":"@amat_cat","twitter_misc":{"Escrit per":"Amat Immobiliaris","Temps estimat de lectura":"1 minut"},"schema":{"@context":"https:\/\/schema.org","@graph":[{"@type":"Article","@id":"https:\/\/www.amatimmobiliaris.com\/w\/ca\/2018\/09\/quina-es-la-diferencia-entre-valoracio-i-taxacio\/#article","isPartOf":{"@id":"https:\/\/www.amatimmobiliaris.com\/w\/ca\/2018\/09\/quina-es-la-diferencia-entre-valoracio-i-taxacio\/"},"author":{"name":"Amat Immobiliaris","@id":"https:\/\/www.amatimmobiliaris.com\/w\/#\/schema\/person\/c880da71d1e156e7ea6774ffb445e034"},"headline":"Quina \u00e9s la difer\u00e8ncia entre valoraci\u00f3 i taxaci\u00f3?","datePublished":"2018-09-06T09:30:26+00:00","dateModified":"2023-01-10T11:53:09+00:00","mainEntityOfPage":{"@id":"https:\/\/www.amatimmobiliaris.com\/w\/ca\/2018\/09\/quina-es-la-diferencia-entre-valoracio-i-taxacio\/"},"wordCount":282,"publisher":{"@id":"https:\/\/www.amatimmobiliaris.com\/w\/#organization"},"articleSection":["Not\u00edcies"],"inLanguage":"ca"},{"@type":"WebPage","@id":"https:\/\/www.amatimmobiliaris.com\/w\/ca\/2018\/09\/quina-es-la-diferencia-entre-valoracio-i-taxacio\/","url":"https:\/\/www.amatimmobiliaris.com\/w\/ca\/2018\/09\/quina-es-la-diferencia-entre-valoracio-i-taxacio\/","name":"Quina \u00e9s la difer\u00e8ncia entre valoraci\u00f3 i taxaci\u00f3? | Amat Immobiliaris","isPartOf":{"@id":"https:\/\/www.amatimmobiliaris.com\/w\/#website"},"datePublished":"2018-09-06T09:30:26+00:00","dateModified":"2023-01-10T11:53:09+00:00","breadcrumb":{"@id":"https:\/\/www.amatimmobiliaris.com\/w\/ca\/2018\/09\/quina-es-la-diferencia-entre-valoracio-i-taxacio\/#breadcrumb"},"inLanguage":"ca","potentialAction":[{"@type":"ReadAction","target":["https:\/\/www.amatimmobiliaris.com\/w\/ca\/2018\/09\/quina-es-la-diferencia-entre-valoracio-i-taxacio\/"]}]},{"@type":"BreadcrumbList","@id":"https:\/\/www.amatimmobiliaris.com\/w\/ca\/2018\/09\/quina-es-la-diferencia-entre-valoracio-i-taxacio\/#breadcrumb","itemListElement":[{"@type":"ListItem","position":1,"name":"Home","item":"https:\/\/www.amatimmobiliaris.com\/w\/ca\/"},{"@type":"ListItem","position":2,"name":"Not\u00edcies","item":"https:\/\/www.amatimmobiliaris.com\/w\/ca\/categoria-ca\/noticies-ca\/"},{"@type":"ListItem","position":3,"name":"Quina \u00e9s la difer\u00e8ncia entre valoraci\u00f3 i taxaci\u00f3?"}]},{"@type":"WebSite","@id":"https:\/\/www.amatimmobiliaris.com\/w\/#website","url":"https:\/\/www.amatimmobiliaris.com\/w\/","name":"Amat Immobiliaris","description":"Empresa familiar del sector inmobiliario con oficinas en Barcelona, Sant Cugat del Vall\u00e9s y Sant Just Desvern. Te ayudamos a comprar, alquilar o vender tu casa o piso. Somos un equipo coherente con una cultura de empresa honesta, innovadora y eficaz. Tambi\u00e9n en www.amatluxury.com","publisher":{"@id":"https:\/\/www.amatimmobiliaris.com\/w\/#organization"},"alternateName":"AmatImmo","potentialAction":[{"@type":"SearchAction","target":{"@type":"EntryPoint","urlTemplate":"https:\/\/www.amatimmobiliaris.com\/w\/?s={search_term_string}"},"query-input":{"@type":"PropertyValueSpecification","valueRequired":true,"valueName":"search_term_string"}}],"inLanguage":"ca"},{"@type":"Organization","@id":"https:\/\/www.amatimmobiliaris.com\/w\/#organization","name":"Amat Immobiliaris","url":"https:\/\/www.amatimmobiliaris.com\/w\/","logo":{"@type":"ImageObject","inLanguage":"ca","@id":"https:\/\/www.amatimmobiliaris.com\/w\/#\/schema\/logo\/image\/","url":"https:\/\/www.amatimmobiliaris.com\/w\/wp-content\/uploads\/2022\/10\/amat-logo.jpg","contentUrl":"https:\/\/www.amatimmobiliaris.com\/w\/wp-content\/uploads\/2022\/10\/amat-logo.jpg","width":900,"height":900,"caption":"Amat Immobiliaris"},"image":{"@id":"https:\/\/www.amatimmobiliaris.com\/w\/#\/schema\/logo\/image\/"},"sameAs":["https:\/\/www.facebook.com\/amatimmobiliaris","https:\/\/x.com\/amat_cat","https:\/\/www.instagram.com\/amat_immo\/","https:\/\/www.linkedin.com\/company\/amat-finques\/","https:\/\/www.youtube.com\/@amatimmobiliaris"]},{"@type":"Person","@id":"https:\/\/www.amatimmobiliaris.com\/w\/#\/schema\/person\/c880da71d1e156e7ea6774ffb445e034","name":"Amat Immobiliaris","sameAs":["http:\/\/amat-inmo-wp.localhost"]}]}},"_links":{"self":[{"href":"https:\/\/www.amatimmobiliaris.com\/w\/ca\/wp-json\/wp\/v2\/posts\/4098"}],"collection":[{"href":"https:\/\/www.amatimmobiliaris.com\/w\/ca\/wp-json\/wp\/v2\/posts"}],"about":[{"href":"https:\/\/www.amatimmobiliaris.com\/w\/ca\/wp-json\/wp\/v2\/types\/post"}],"author":[{"embeddable":true,"href":"https:\/\/www.amatimmobiliaris.com\/w\/ca\/wp-json\/wp\/v2\/users\/1"}],"replies":[{"embeddable":true,"href":"https:\/\/www.amatimmobiliaris.com\/w\/ca\/wp-json\/wp\/v2\/comments?post=4098"}],"version-history":[{"count":1,"href":"https:\/\/www.amatimmobiliaris.com\/w\/ca\/wp-json\/wp\/v2\/posts\/4098\/revisions"}],"predecessor-version":[{"id":17713,"href":"https:\/\/www.amatimmobiliaris.com\/w\/ca\/wp-json\/wp\/v2\/posts\/4098\/revisions\/17713"}],"wp:attachment":[{"href":"https:\/\/www.amatimmobiliaris.com\/w\/ca\/wp-json\/wp\/v2\/media?parent=4098"}],"wp:term":[{"taxonomy":"category","embeddable":true,"href":"https:\/\/www.amatimmobiliaris.com\/w\/ca\/wp-json\/wp\/v2\/categories?post=4098"},{"taxonomy":"post_tag","embeddable":true,"href":"https:\/\/www.amatimmobiliaris.com\/w\/ca\/wp-json\/wp\/v2\/tags?post=4098"}],"curies":[{"name":"wp","href":"https:\/\/api.w.org\/{rel}","templated":true}]}}