{"id":4016,"date":"2018-07-27T10:57:59","date_gmt":"2018-07-27T10:57:59","guid":{"rendered":"https:\/\/amat-inmo-wp.localhost\/2018\/07\/27\/herencia-i-impost-successions-iguals-totes-les-comunitats\/"},"modified":"2023-04-19T10:26:33","modified_gmt":"2023-04-19T10:26:33","slug":"herencia-i-impost-successions-iguals-totes-les-comunitats","status":"publish","type":"post","link":"https:\/\/www.amatimmobiliaris.com\/w\/ca\/2018\/07\/herencia-i-impost-successions-iguals-totes-les-comunitats\/","title":{"rendered":"Her\u00e8ncia i impost de successions. S\u00f3n iguals a totes les comunitats?"},"content":{"rendered":"<p style=\"text-align: justify;\">L&#8217;impost de successions \u00e9s, de lluny, l&#8217;impost menys popular a Espanya. La pregunta que moltes persones es fan quan reben en her\u00e8ncia una propietat \u00e9s: Per qu\u00e8 he de tornar a pagar per una cosa que els meus pares ja van pagar? I, si a m\u00e9s, les quantitats a pagar varien depenent de la comunitat aut\u00f2noma, la indignaci\u00f3 i desconcert augmenten considerablement.<\/p>\n<figure id=\"attachment_12448\" aria-describedby=\"caption-attachment-12448\" style=\"width: 558px\" class=\"wp-caption aligncenter\"><img loading=\"lazy\" decoding=\"async\" class=\"wp-image-12448\" title=\"Fuente: Colegio General de Economistas\" src=\"https:\/\/www.amatimmobiliaris.com\/w\/wp-content\/uploads\/2022\/01\/impuesto-sucesiones.jpg\" alt=\"herencia\" width=\"558\" height=\"446\" \/><figcaption id=\"caption-attachment-12448\" class=\"wp-caption-text\">Font: Colegio General de Economistas<\/figcaption><\/figure>\n<p>Malgrat les modificacions en l<strong><a href=\"https:\/\/www.boe.es\/biblioteca_juridica\/index.php?tipo=C\">&#8216;impost de successions<\/a><\/strong> al gener de 2018 les difer\u00e8ncies solen ser importants. Mentre que a Madrid l&#8217;import a pagar per les transmissions patrimonials \u00e9s el m\u00e9s baix, Arag\u00f3 s&#8217;emporta el percentatge m\u00e9s alt a pagar. Aquestes difer\u00e8ncies topen amb l&#8217;Art. 14 de la Constituci\u00f3 que afirma que &#8220;<em>els impostos han de ser justos, equitatius i no han de tenir afany recaptatori<\/em>&#8220;.<\/p>\n<p>Vist aix\u00f2, no s\u00f3n pocs els que decideixen fer donacions abans de rebre una her\u00e8ncia. Per\u00f2, quina difer\u00e8ncia hi ha entre una i altra? I avantatges?<\/p>\n<p>No tot \u00e9s tan senzill. Abans de decidir-se s&#8217;ha de veure quin tipus d&#8217;her\u00e8ncia \u00e9s, quins elements s&#8217;hereten i el seu valor ja que, en general, les donacions resulten m\u00e9s costoses a efecte de tributaci\u00f3. La regla general distingeix si el fill t\u00e9 m\u00e9s o menys de 21 anys i, tenint aix\u00f2 en compte, es veur\u00e0 si hi ha o no m\u00e9s avantatges fiscals ja que, quan el descendent no ha arribat a aquesta edat, aquestes seran m\u00e9s grans.<\/p>\n","protected":false},"excerpt":{"rendered":"<p>L&#8217;impost de successions \u00e9s, de lluny, l&#8217;impost menys popular a Espanya. La pregunta que moltes persones es fan quan reben en her\u00e8ncia una propietat \u00e9s: Per qu\u00e8 he de tornar a pagar per una cosa que els meus pares ja van pagar? I, si a m\u00e9s, les quantitats a pagar varien depenent de la comunitat [&hellip;]<\/p>\n","protected":false},"author":1,"featured_media":4017,"comment_status":"closed","ping_status":"closed","sticky":false,"template":"","format":"standard","meta":{"content-type":"","footnotes":""},"categories":[1156],"tags":[],"yoast_head":"<!-- This site is optimized with the Yoast SEO plugin v23.9 - https:\/\/yoast.com\/wordpress\/plugins\/seo\/ -->\n<title>Her\u00e8ncia i impost de successions. S\u00f3n iguals a totes les comunitats? | Amat Immobiliaris<\/title>\n<meta name=\"robots\" content=\"index, follow, max-snippet:-1, max-image-preview:large, max-video-preview:-1\" \/>\n<link rel=\"canonical\" href=\"https:\/\/www.amatimmobiliaris.com\/w\/ca\/2018\/07\/herencia-i-impost-successions-iguals-totes-les-comunitats\/\" \/>\n<meta property=\"og:locale\" content=\"ca_ES\" \/>\n<meta property=\"og:type\" content=\"article\" \/>\n<meta property=\"og:title\" content=\"Her\u00e8ncia i impost de successions. S\u00f3n iguals a totes les comunitats? | Amat Immobiliaris\" \/>\n<meta property=\"og:description\" content=\"L&#8217;impost de successions \u00e9s, de lluny, l&#8217;impost menys popular a Espanya. La pregunta que moltes persones es fan quan reben en her\u00e8ncia una propietat \u00e9s: Per qu\u00e8 he de tornar a pagar per una cosa que els meus pares ja van pagar? I, si a m\u00e9s, les quantitats a pagar varien depenent de la comunitat [&hellip;]\" \/>\n<meta property=\"og:url\" content=\"https:\/\/www.amatimmobiliaris.com\/w\/ca\/2018\/07\/herencia-i-impost-successions-iguals-totes-les-comunitats\/\" \/>\n<meta property=\"og:site_name\" content=\"Amat Immobiliaris\" \/>\n<meta property=\"article:publisher\" content=\"https:\/\/www.facebook.com\/amatimmobiliaris\" \/>\n<meta property=\"article:published_time\" content=\"2018-07-27T10:57:59+00:00\" \/>\n<meta property=\"article:modified_time\" content=\"2023-04-19T10:26:33+00:00\" \/>\n<meta property=\"og:image\" content=\"https:\/\/www.amatimmobiliaris.com\/w\/wp-content\/uploads\/2022\/01\/impuesto-sucesiones.jpg\" \/>\n\t<meta property=\"og:image:width\" content=\"800\" \/>\n\t<meta property=\"og:image:height\" content=\"640\" \/>\n\t<meta property=\"og:image:type\" content=\"image\/jpeg\" \/>\n<meta name=\"author\" content=\"Amat Immobiliaris\" \/>\n<meta name=\"twitter:card\" content=\"summary_large_image\" \/>\n<meta name=\"twitter:creator\" content=\"@amat_cat\" \/>\n<meta name=\"twitter:site\" content=\"@amat_cat\" \/>\n<meta name=\"twitter:label1\" content=\"Escrit per\" \/>\n\t<meta name=\"twitter:data1\" content=\"Amat Immobiliaris\" \/>\n\t<meta name=\"twitter:label2\" content=\"Temps estimat de lectura\" \/>\n\t<meta name=\"twitter:data2\" content=\"2 minuts\" \/>\n<script type=\"application\/ld+json\" class=\"yoast-schema-graph\">{\"@context\":\"https:\/\/schema.org\",\"@graph\":[{\"@type\":\"Article\",\"@id\":\"https:\/\/www.amatimmobiliaris.com\/w\/ca\/2018\/07\/herencia-i-impost-successions-iguals-totes-les-comunitats\/#article\",\"isPartOf\":{\"@id\":\"https:\/\/www.amatimmobiliaris.com\/w\/ca\/2018\/07\/herencia-i-impost-successions-iguals-totes-les-comunitats\/\"},\"author\":{\"name\":\"Amat Immobiliaris\",\"@id\":\"https:\/\/www.amatimmobiliaris.com\/w\/#\/schema\/person\/c880da71d1e156e7ea6774ffb445e034\"},\"headline\":\"Her\u00e8ncia i impost de successions. S\u00f3n iguals a totes les comunitats?\",\"datePublished\":\"2018-07-27T10:57:59+00:00\",\"dateModified\":\"2023-04-19T10:26:33+00:00\",\"mainEntityOfPage\":{\"@id\":\"https:\/\/www.amatimmobiliaris.com\/w\/ca\/2018\/07\/herencia-i-impost-successions-iguals-totes-les-comunitats\/\"},\"wordCount\":270,\"publisher\":{\"@id\":\"https:\/\/www.amatimmobiliaris.com\/w\/#organization\"},\"image\":{\"@id\":\"https:\/\/www.amatimmobiliaris.com\/w\/ca\/2018\/07\/herencia-i-impost-successions-iguals-totes-les-comunitats\/#primaryimage\"},\"thumbnailUrl\":\"https:\/\/www.amatimmobiliaris.com\/w\/wp-content\/uploads\/2022\/01\/impuesto-sucesiones.jpg\",\"articleSection\":[\"Fiscalitat\"],\"inLanguage\":\"ca\"},{\"@type\":\"WebPage\",\"@id\":\"https:\/\/www.amatimmobiliaris.com\/w\/ca\/2018\/07\/herencia-i-impost-successions-iguals-totes-les-comunitats\/\",\"url\":\"https:\/\/www.amatimmobiliaris.com\/w\/ca\/2018\/07\/herencia-i-impost-successions-iguals-totes-les-comunitats\/\",\"name\":\"Her\u00e8ncia i impost de successions. S\u00f3n iguals a totes les comunitats? | Amat Immobiliaris\",\"isPartOf\":{\"@id\":\"https:\/\/www.amatimmobiliaris.com\/w\/#website\"},\"primaryImageOfPage\":{\"@id\":\"https:\/\/www.amatimmobiliaris.com\/w\/ca\/2018\/07\/herencia-i-impost-successions-iguals-totes-les-comunitats\/#primaryimage\"},\"image\":{\"@id\":\"https:\/\/www.amatimmobiliaris.com\/w\/ca\/2018\/07\/herencia-i-impost-successions-iguals-totes-les-comunitats\/#primaryimage\"},\"thumbnailUrl\":\"https:\/\/www.amatimmobiliaris.com\/w\/wp-content\/uploads\/2022\/01\/impuesto-sucesiones.jpg\",\"datePublished\":\"2018-07-27T10:57:59+00:00\",\"dateModified\":\"2023-04-19T10:26:33+00:00\",\"breadcrumb\":{\"@id\":\"https:\/\/www.amatimmobiliaris.com\/w\/ca\/2018\/07\/herencia-i-impost-successions-iguals-totes-les-comunitats\/#breadcrumb\"},\"inLanguage\":\"ca\",\"potentialAction\":[{\"@type\":\"ReadAction\",\"target\":[\"https:\/\/www.amatimmobiliaris.com\/w\/ca\/2018\/07\/herencia-i-impost-successions-iguals-totes-les-comunitats\/\"]}]},{\"@type\":\"ImageObject\",\"inLanguage\":\"ca\",\"@id\":\"https:\/\/www.amatimmobiliaris.com\/w\/ca\/2018\/07\/herencia-i-impost-successions-iguals-totes-les-comunitats\/#primaryimage\",\"url\":\"https:\/\/www.amatimmobiliaris.com\/w\/wp-content\/uploads\/2022\/01\/impuesto-sucesiones.jpg\",\"contentUrl\":\"https:\/\/www.amatimmobiliaris.com\/w\/wp-content\/uploads\/2022\/01\/impuesto-sucesiones.jpg\",\"width\":800,\"height\":640},{\"@type\":\"BreadcrumbList\",\"@id\":\"https:\/\/www.amatimmobiliaris.com\/w\/ca\/2018\/07\/herencia-i-impost-successions-iguals-totes-les-comunitats\/#breadcrumb\",\"itemListElement\":[{\"@type\":\"ListItem\",\"position\":1,\"name\":\"Home\",\"item\":\"https:\/\/www.amatimmobiliaris.com\/w\/ca\/\"},{\"@type\":\"ListItem\",\"position\":2,\"name\":\"Fiscalitat\",\"item\":\"https:\/\/www.amatimmobiliaris.com\/w\/ca\/categoria-ca\/fiscalitat-ca\/\"},{\"@type\":\"ListItem\",\"position\":3,\"name\":\"Her\u00e8ncia i impost de successions. S\u00f3n iguals a totes les comunitats?\"}]},{\"@type\":\"WebSite\",\"@id\":\"https:\/\/www.amatimmobiliaris.com\/w\/#website\",\"url\":\"https:\/\/www.amatimmobiliaris.com\/w\/\",\"name\":\"Amat Immobiliaris\",\"description\":\"Empresa familiar del sector inmobiliario con oficinas en Barcelona, Sant Cugat del Vall\u00e9s y Sant Just Desvern. Te ayudamos a comprar, alquilar o vender tu casa o piso. Somos un equipo coherente con una cultura de empresa honesta, innovadora y eficaz. Tambi\u00e9n en www.amatluxury.com\",\"publisher\":{\"@id\":\"https:\/\/www.amatimmobiliaris.com\/w\/#organization\"},\"alternateName\":\"AmatImmo\",\"potentialAction\":[{\"@type\":\"SearchAction\",\"target\":{\"@type\":\"EntryPoint\",\"urlTemplate\":\"https:\/\/www.amatimmobiliaris.com\/w\/?s={search_term_string}\"},\"query-input\":{\"@type\":\"PropertyValueSpecification\",\"valueRequired\":true,\"valueName\":\"search_term_string\"}}],\"inLanguage\":\"ca\"},{\"@type\":\"Organization\",\"@id\":\"https:\/\/www.amatimmobiliaris.com\/w\/#organization\",\"name\":\"Amat Immobiliaris\",\"url\":\"https:\/\/www.amatimmobiliaris.com\/w\/\",\"logo\":{\"@type\":\"ImageObject\",\"inLanguage\":\"ca\",\"@id\":\"https:\/\/www.amatimmobiliaris.com\/w\/#\/schema\/logo\/image\/\",\"url\":\"https:\/\/www.amatimmobiliaris.com\/w\/wp-content\/uploads\/2022\/10\/amat-logo.jpg\",\"contentUrl\":\"https:\/\/www.amatimmobiliaris.com\/w\/wp-content\/uploads\/2022\/10\/amat-logo.jpg\",\"width\":900,\"height\":900,\"caption\":\"Amat Immobiliaris\"},\"image\":{\"@id\":\"https:\/\/www.amatimmobiliaris.com\/w\/#\/schema\/logo\/image\/\"},\"sameAs\":[\"https:\/\/www.facebook.com\/amatimmobiliaris\",\"https:\/\/x.com\/amat_cat\",\"https:\/\/www.instagram.com\/amat_immo\/\",\"https:\/\/www.linkedin.com\/company\/amat-finques\/\",\"https:\/\/www.youtube.com\/@amatimmobiliaris\"]},{\"@type\":\"Person\",\"@id\":\"https:\/\/www.amatimmobiliaris.com\/w\/#\/schema\/person\/c880da71d1e156e7ea6774ffb445e034\",\"name\":\"Amat Immobiliaris\",\"sameAs\":[\"http:\/\/amat-inmo-wp.localhost\"]}]}<\/script>\n<!-- \/ Yoast SEO plugin. -->","yoast_head_json":{"title":"Her\u00e8ncia i impost de successions. S\u00f3n iguals a totes les comunitats? | Amat Immobiliaris","robots":{"index":"index","follow":"follow","max-snippet":"max-snippet:-1","max-image-preview":"max-image-preview:large","max-video-preview":"max-video-preview:-1"},"canonical":"https:\/\/www.amatimmobiliaris.com\/w\/ca\/2018\/07\/herencia-i-impost-successions-iguals-totes-les-comunitats\/","og_locale":"ca_ES","og_type":"article","og_title":"Her\u00e8ncia i impost de successions. S\u00f3n iguals a totes les comunitats? | Amat Immobiliaris","og_description":"L&#8217;impost de successions \u00e9s, de lluny, l&#8217;impost menys popular a Espanya. La pregunta que moltes persones es fan quan reben en her\u00e8ncia una propietat \u00e9s: Per qu\u00e8 he de tornar a pagar per una cosa que els meus pares ja van pagar? I, si a m\u00e9s, les quantitats a pagar varien depenent de la comunitat [&hellip;]","og_url":"https:\/\/www.amatimmobiliaris.com\/w\/ca\/2018\/07\/herencia-i-impost-successions-iguals-totes-les-comunitats\/","og_site_name":"Amat Immobiliaris","article_publisher":"https:\/\/www.facebook.com\/amatimmobiliaris","article_published_time":"2018-07-27T10:57:59+00:00","article_modified_time":"2023-04-19T10:26:33+00:00","og_image":[{"width":800,"height":640,"url":"https:\/\/www.amatimmobiliaris.com\/w\/wp-content\/uploads\/2022\/01\/impuesto-sucesiones.jpg","type":"image\/jpeg"}],"author":"Amat Immobiliaris","twitter_card":"summary_large_image","twitter_creator":"@amat_cat","twitter_site":"@amat_cat","twitter_misc":{"Escrit per":"Amat Immobiliaris","Temps estimat de lectura":"2 minuts"},"schema":{"@context":"https:\/\/schema.org","@graph":[{"@type":"Article","@id":"https:\/\/www.amatimmobiliaris.com\/w\/ca\/2018\/07\/herencia-i-impost-successions-iguals-totes-les-comunitats\/#article","isPartOf":{"@id":"https:\/\/www.amatimmobiliaris.com\/w\/ca\/2018\/07\/herencia-i-impost-successions-iguals-totes-les-comunitats\/"},"author":{"name":"Amat Immobiliaris","@id":"https:\/\/www.amatimmobiliaris.com\/w\/#\/schema\/person\/c880da71d1e156e7ea6774ffb445e034"},"headline":"Her\u00e8ncia i impost de successions. S\u00f3n iguals a totes les comunitats?","datePublished":"2018-07-27T10:57:59+00:00","dateModified":"2023-04-19T10:26:33+00:00","mainEntityOfPage":{"@id":"https:\/\/www.amatimmobiliaris.com\/w\/ca\/2018\/07\/herencia-i-impost-successions-iguals-totes-les-comunitats\/"},"wordCount":270,"publisher":{"@id":"https:\/\/www.amatimmobiliaris.com\/w\/#organization"},"image":{"@id":"https:\/\/www.amatimmobiliaris.com\/w\/ca\/2018\/07\/herencia-i-impost-successions-iguals-totes-les-comunitats\/#primaryimage"},"thumbnailUrl":"https:\/\/www.amatimmobiliaris.com\/w\/wp-content\/uploads\/2022\/01\/impuesto-sucesiones.jpg","articleSection":["Fiscalitat"],"inLanguage":"ca"},{"@type":"WebPage","@id":"https:\/\/www.amatimmobiliaris.com\/w\/ca\/2018\/07\/herencia-i-impost-successions-iguals-totes-les-comunitats\/","url":"https:\/\/www.amatimmobiliaris.com\/w\/ca\/2018\/07\/herencia-i-impost-successions-iguals-totes-les-comunitats\/","name":"Her\u00e8ncia i impost de successions. S\u00f3n iguals a totes les comunitats? | Amat Immobiliaris","isPartOf":{"@id":"https:\/\/www.amatimmobiliaris.com\/w\/#website"},"primaryImageOfPage":{"@id":"https:\/\/www.amatimmobiliaris.com\/w\/ca\/2018\/07\/herencia-i-impost-successions-iguals-totes-les-comunitats\/#primaryimage"},"image":{"@id":"https:\/\/www.amatimmobiliaris.com\/w\/ca\/2018\/07\/herencia-i-impost-successions-iguals-totes-les-comunitats\/#primaryimage"},"thumbnailUrl":"https:\/\/www.amatimmobiliaris.com\/w\/wp-content\/uploads\/2022\/01\/impuesto-sucesiones.jpg","datePublished":"2018-07-27T10:57:59+00:00","dateModified":"2023-04-19T10:26:33+00:00","breadcrumb":{"@id":"https:\/\/www.amatimmobiliaris.com\/w\/ca\/2018\/07\/herencia-i-impost-successions-iguals-totes-les-comunitats\/#breadcrumb"},"inLanguage":"ca","potentialAction":[{"@type":"ReadAction","target":["https:\/\/www.amatimmobiliaris.com\/w\/ca\/2018\/07\/herencia-i-impost-successions-iguals-totes-les-comunitats\/"]}]},{"@type":"ImageObject","inLanguage":"ca","@id":"https:\/\/www.amatimmobiliaris.com\/w\/ca\/2018\/07\/herencia-i-impost-successions-iguals-totes-les-comunitats\/#primaryimage","url":"https:\/\/www.amatimmobiliaris.com\/w\/wp-content\/uploads\/2022\/01\/impuesto-sucesiones.jpg","contentUrl":"https:\/\/www.amatimmobiliaris.com\/w\/wp-content\/uploads\/2022\/01\/impuesto-sucesiones.jpg","width":800,"height":640},{"@type":"BreadcrumbList","@id":"https:\/\/www.amatimmobiliaris.com\/w\/ca\/2018\/07\/herencia-i-impost-successions-iguals-totes-les-comunitats\/#breadcrumb","itemListElement":[{"@type":"ListItem","position":1,"name":"Home","item":"https:\/\/www.amatimmobiliaris.com\/w\/ca\/"},{"@type":"ListItem","position":2,"name":"Fiscalitat","item":"https:\/\/www.amatimmobiliaris.com\/w\/ca\/categoria-ca\/fiscalitat-ca\/"},{"@type":"ListItem","position":3,"name":"Her\u00e8ncia i impost de successions. S\u00f3n iguals a totes les comunitats?"}]},{"@type":"WebSite","@id":"https:\/\/www.amatimmobiliaris.com\/w\/#website","url":"https:\/\/www.amatimmobiliaris.com\/w\/","name":"Amat Immobiliaris","description":"Empresa familiar del sector inmobiliario con oficinas en Barcelona, Sant Cugat del Vall\u00e9s y Sant Just Desvern. Te ayudamos a comprar, alquilar o vender tu casa o piso. Somos un equipo coherente con una cultura de empresa honesta, innovadora y eficaz. Tambi\u00e9n en www.amatluxury.com","publisher":{"@id":"https:\/\/www.amatimmobiliaris.com\/w\/#organization"},"alternateName":"AmatImmo","potentialAction":[{"@type":"SearchAction","target":{"@type":"EntryPoint","urlTemplate":"https:\/\/www.amatimmobiliaris.com\/w\/?s={search_term_string}"},"query-input":{"@type":"PropertyValueSpecification","valueRequired":true,"valueName":"search_term_string"}}],"inLanguage":"ca"},{"@type":"Organization","@id":"https:\/\/www.amatimmobiliaris.com\/w\/#organization","name":"Amat Immobiliaris","url":"https:\/\/www.amatimmobiliaris.com\/w\/","logo":{"@type":"ImageObject","inLanguage":"ca","@id":"https:\/\/www.amatimmobiliaris.com\/w\/#\/schema\/logo\/image\/","url":"https:\/\/www.amatimmobiliaris.com\/w\/wp-content\/uploads\/2022\/10\/amat-logo.jpg","contentUrl":"https:\/\/www.amatimmobiliaris.com\/w\/wp-content\/uploads\/2022\/10\/amat-logo.jpg","width":900,"height":900,"caption":"Amat Immobiliaris"},"image":{"@id":"https:\/\/www.amatimmobiliaris.com\/w\/#\/schema\/logo\/image\/"},"sameAs":["https:\/\/www.facebook.com\/amatimmobiliaris","https:\/\/x.com\/amat_cat","https:\/\/www.instagram.com\/amat_immo\/","https:\/\/www.linkedin.com\/company\/amat-finques\/","https:\/\/www.youtube.com\/@amatimmobiliaris"]},{"@type":"Person","@id":"https:\/\/www.amatimmobiliaris.com\/w\/#\/schema\/person\/c880da71d1e156e7ea6774ffb445e034","name":"Amat Immobiliaris","sameAs":["http:\/\/amat-inmo-wp.localhost"]}]}},"_links":{"self":[{"href":"https:\/\/www.amatimmobiliaris.com\/w\/ca\/wp-json\/wp\/v2\/posts\/4016"}],"collection":[{"href":"https:\/\/www.amatimmobiliaris.com\/w\/ca\/wp-json\/wp\/v2\/posts"}],"about":[{"href":"https:\/\/www.amatimmobiliaris.com\/w\/ca\/wp-json\/wp\/v2\/types\/post"}],"author":[{"embeddable":true,"href":"https:\/\/www.amatimmobiliaris.com\/w\/ca\/wp-json\/wp\/v2\/users\/1"}],"replies":[{"embeddable":true,"href":"https:\/\/www.amatimmobiliaris.com\/w\/ca\/wp-json\/wp\/v2\/comments?post=4016"}],"version-history":[{"count":2,"href":"https:\/\/www.amatimmobiliaris.com\/w\/ca\/wp-json\/wp\/v2\/posts\/4016\/revisions"}],"predecessor-version":[{"id":24780,"href":"https:\/\/www.amatimmobiliaris.com\/w\/ca\/wp-json\/wp\/v2\/posts\/4016\/revisions\/24780"}],"wp:featuredmedia":[{"embeddable":true,"href":"https:\/\/www.amatimmobiliaris.com\/w\/ca\/wp-json\/wp\/v2\/media\/4017"}],"wp:attachment":[{"href":"https:\/\/www.amatimmobiliaris.com\/w\/ca\/wp-json\/wp\/v2\/media?parent=4016"}],"wp:term":[{"taxonomy":"category","embeddable":true,"href":"https:\/\/www.amatimmobiliaris.com\/w\/ca\/wp-json\/wp\/v2\/categories?post=4016"},{"taxonomy":"post_tag","embeddable":true,"href":"https:\/\/www.amatimmobiliaris.com\/w\/ca\/wp-json\/wp\/v2\/tags?post=4016"}],"curies":[{"name":"wp","href":"https:\/\/api.w.org\/{rel}","templated":true}]}}