{"id":40066,"date":"2025-06-12T11:06:14","date_gmt":"2025-06-12T11:06:14","guid":{"rendered":"https:\/\/www.amatimmobiliaris.com\/w\/?p=40066"},"modified":"2025-12-10T09:23:50","modified_gmt":"2025-12-10T09:23:50","slug":"com-vendre-casa-teva","status":"publish","type":"post","link":"https:\/\/www.amatimmobiliaris.com\/w\/ca\/2025\/06\/com-vendre-casa-teva\/","title":{"rendered":"Com vendre casa teva a l&#8217;estiu: consells per preparar el teu habitatge"},"content":{"rendered":"<h2><strong data-start=\"130\" data-end=\"213\">Com vendre la teva casa a l&#8217;estiu: aprofita el solstici per destacar el teu habitatge<\/strong><\/h2>\n<p><strong data-start=\"900\" data-end=\"948\">Est\u00e0s pensant a vendre la teva casa a l&#8217;estiu?<\/strong> El solstici del 21 de juny marca l&#8217;inici d&#8217;una excel\u00b7lent temporada per posar el teu habitatge al mercat. En aquesta guia, et donem consells pr\u00e0ctics perqu\u00e8 la teva propietat destaqui i es vengui m\u00e9s r\u00e0pid aprofitant els avantatges de l&#8217;estiu.<\/p>\n<p data-start=\"673\" data-end=\"979\">L&#8217;estiu \u00e9s una de les millors \u00e8poques de l&#8217;any per vendre un habitatge. Els dies s\u00f3n m\u00e9s llargs, la llum natural real\u00e7a els espais, i moltes fam\u00edlies busquen mudar-se abans de l&#8217;inici del nou curs escolar. A m\u00e9s, el bon temps facilita les visites i fa que la teva propietat llueixi molt m\u00e9s atractiva.<\/p>\n<section>\n<h2>Consells per preparar la teva casa i atraure compradors a l&#8217;estiu<\/h2>\n<\/section>\n<section>\n<h3>1. Maximitza la llum natural<\/h3>\n<p>La il\u00b7luminaci\u00f3 natural \u00e9s una de les qualitats m\u00e9s valorades pels compradors. Obre cortines, neteja finestres, utilitza miralls i mantingues els espais ordenats perqu\u00e8 la llum flueixi.<\/p>\n<h3>2. Cuida els exteriors<\/h3>\n<p data-start=\"1474\" data-end=\"1707\">Si la teva propietat t\u00e9 jard\u00ed, terrassa o balc\u00f3, <strong data-start=\"1522\" data-end=\"1541\">fes-los destacar<\/strong>. Talla la gespa, afegeix plantes amb flors de temporada i crea un petit rac\u00f3 amb cadires o coixins. Els compradors han d\u2019imaginar-se gaudint de l\u2019estiu all\u00e0!<\/p>\n<h3>3. Controla el clima interior<\/h3>\n<\/section>\n<p data-start=\"1964\" data-end=\"2144\">Si tens aire condicionat, assegura\u2019t que funcioni correctament. Si no, utilitza ventiladors o ambientadors frescos per mantenir una temperatura agradable durant les visites.<\/p>\n<h3>4. Neutralitza l\u2019ambient<\/h3>\n<p data-start=\"1744\" data-end=\"1923\">Utilitza colors clars i decoraci\u00f3 lleugera. Substitueix els t\u00e8xtils foscos per altres m\u00e9s frescos i estiuencs. Aix\u00f2 ajuda que els espais semblin m\u00e9s grans, nets i agradables.<\/p>\n<h3>5. Fotografia en el millor moment del dia<\/h3>\n<p>Les fotos amb llum c\u00e0lida de la tarda o del mat\u00ed tenen millor rendiment als portals immobiliaris. Recorda que <strong data-start=\"2311\" data-end=\"2345\">la primera impressi\u00f3 \u00e9s visual<\/strong>.<\/p>\n<p>&nbsp;<\/p>\n<p><img loading=\"lazy\" decoding=\"async\" class=\"Com vendre casa teva alignnone wp-image-40071\" title=\"Com vendre casa teva\" src=\"https:\/\/www.amatimmobiliaris.com\/w\/wp-content\/uploads\/2025\/06\/casa-soleada-1-1024x682.jpg\" alt=\"Com vendre casa teva\" width=\"1845\" height=\"1229\" srcset=\"https:\/\/www.amatimmobiliaris.com\/w\/wp-content\/uploads\/2025\/06\/casa-soleada-1-1024x682.jpg 1024w, https:\/\/www.amatimmobiliaris.com\/w\/wp-content\/uploads\/2025\/06\/casa-soleada-1-300x200.jpg 300w, https:\/\/www.amatimmobiliaris.com\/w\/wp-content\/uploads\/2025\/06\/casa-soleada-1-768x512.jpg 768w, https:\/\/www.amatimmobiliaris.com\/w\/wp-content\/uploads\/2025\/06\/casa-soleada-1-1536x1024.jpg 1536w, https:\/\/www.amatimmobiliaris.com\/w\/wp-content\/uploads\/2025\/06\/casa-soleada-1.jpg 2000w\" sizes=\"(max-width: 1845px) 100vw, 1845px\" \/><\/p>\n<h3 data-start=\"2353\" data-end=\"2400\">Quins avantatges t\u00e9 vendre el teu habitatge a l\u2019estiu?<\/h3>\n<p data-start=\"2404\" data-end=\"2492\"><strong data-start=\"2404\" data-end=\"2439\">Un major moviment de compradors, <\/strong>ja que les persones tenen m\u00e9s temps lliure o estan planificant amb la fam\u00edlia.<\/p>\n<p data-start=\"2495\" data-end=\"2567\"><strong data-start=\"2495\" data-end=\"2526\">Una millor imatge de l\u2019habitatge,<\/strong> gr\u00e0cies a la llum i a l\u2019entorn exterior.<\/p>\n<p data-start=\"2570\" data-end=\"2640\"><strong data-start=\"2570\" data-end=\"2591\">Menys compet\u00e8ncia, <\/strong>ja que moltes persones esperen a la tardor per publicar.<\/p>\n<p>&nbsp;<\/p>\n<h3 data-start=\"2647\" data-end=\"2680\">Est\u00e0s pensant a vendre?<\/h3>\n<p data-start=\"2682\" data-end=\"2853\">A <a href=\"https:\/\/www.amatimmobiliaris.com\/w\/vender\/\">Amat Immobiliaris,<\/a> t\u2019ajudem a vendre el teu immoble, amb assessorament personalitzat i m\u00e0rqueting professional adaptat a cada necessitat.<\/p>\n<h4><\/h4>\n<h4>Contacta amb nosaltres i t\u2019assessorarem en tot el que necessitis. Pots fer-ho a trav\u00e9s de <a style=\"color: #0000ff;\" href=\"mailto:info@amatimmo.cat\">info@amatimmo.cat<\/a> o trucant-nos al (+34) 934 803 400.<\/h4>\n<h5><strong>T\u2019ha agradat l\u2019article? <b>Comparteix-lo!<\/b><\/strong><\/h5>\n<footer>\n<div style=\"margin-top: 40px;\">Segueix-nos a les xarxes:<a href=\"https:\/\/www.instagram.com\/amat_immo\/\" target=\"_blank\" rel=\"noopener noreferrer\"><br \/>\n<img loading=\"lazy\" decoding=\"async\" style=\"margin-right: 10px;\" src=\"https:\/\/www.amatimmobiliaris.com\/w\/wp-content\/uploads\/2021\/11\/instagram.png\" alt=\"Instagram\" width=\"25\" height=\"25\" \/><\/a><a href=\"https:\/\/www.tiktok.com\/@amat_immo?is_from_webapp=1&amp;sender_device=pc\" target=\"_blank\" rel=\"noopener noreferrer\"><img loading=\"lazy\" decoding=\"async\" style=\"margin-right: 10px;\" src=\"https:\/\/www.amatimmobiliaris.com\/w\/wp-content\/uploads\/2021\/11\/tiktok.png\" alt=\"TikTok\" width=\"25\" height=\"25\" \/><\/a><a href=\"https:\/\/www.amatimmobiliaris.com\/w\/\" target=\"_blank\" rel=\"noopener noreferrer\"><img loading=\"lazy\" decoding=\"async\" src=\"https:\/\/www.amatimmobiliaris.com\/w\/wp-content\/uploads\/2021\/11\/fb.png\" alt=\"Facebook\" width=\"12\" height=\"24\" \/><\/a><a href=\"https:\/\/www.linkedin.com\/sharing\/share-offsite\/?url=https%3A%2F%2Fwww.amatimmobiliaris.com%2Fw%2Fca%2F2024%2F02%2Fhabitatges-que-enamoren%2F\" target=\"_blank\" rel=\"noopener noreferrer\"><img loading=\"lazy\" decoding=\"async\" src=\"https:\/\/www.amatimmobiliaris.com\/w\/wp-content\/uploads\/2021\/11\/linkedin.png\" alt=\"LinkedIn\" width=\"25\" height=\"25\" \/><\/a><\/div>\n<\/footer>\n","protected":false},"excerpt":{"rendered":"<p>Com vendre la teva casa a l&#8217;estiu: aprofita el solstici per destacar el teu habitatge Est\u00e0s pensant a vendre la teva casa a l&#8217;estiu? El solstici del 21 de juny marca l&#8217;inici d&#8217;una excel\u00b7lent temporada per posar el teu habitatge al mercat. En aquesta guia, et donem consells pr\u00e0ctics perqu\u00e8 la teva propietat destaqui i [&hellip;]<\/p>\n","protected":false},"author":4,"featured_media":40069,"comment_status":"closed","ping_status":"closed","sticky":false,"template":"","format":"standard","meta":{"content-type":"","footnotes":""},"categories":[1624,1153,1154,1635,1157,1160],"tags":[697,2118,1681,342,2119,2057,2120],"yoast_head":"<!-- This site is optimized with the Yoast SEO plugin v23.9 - https:\/\/yoast.com\/wordpress\/plugins\/seo\/ -->\n<title>Consells per vendre el teu pis a<\/title>\n<meta name=\"description\" content=\"Vols vendre casa teva aquest estiu? Descobreix com preparar el teu habitatge per atraure a compradors i tancar la venda amb aquests consells.\" \/>\n<meta name=\"robots\" content=\"index, follow, max-snippet:-1, max-image-preview:large, max-video-preview:-1\" \/>\n<link rel=\"canonical\" href=\"https:\/\/www.amatimmobiliaris.com\/com-vendre-casa-teva\" \/>\n<meta property=\"og:locale\" content=\"ca_ES\" \/>\n<meta property=\"og:type\" content=\"article\" \/>\n<meta property=\"og:title\" content=\"Habitatges que enamoren\" \/>\n<meta property=\"og:description\" content=\"Descobreix habitatges que enamoren i que conquisten als compradors! Com s&#039;aconsegueix aquesta atracci\u00f3? T&#039;ho expliquem!\" \/>\n<meta property=\"og:url\" content=\"https:\/\/www.amatimmobiliaris.com\/com-vendre-casa-teva\" \/>\n<meta property=\"og:site_name\" content=\"Amat Immobiliaris\" \/>\n<meta property=\"article:publisher\" content=\"https:\/\/www.facebook.com\/amatimmobiliaris\" \/>\n<meta property=\"article:published_time\" content=\"2025-06-12T11:06:14+00:00\" \/>\n<meta property=\"article:modified_time\" content=\"2025-12-10T09:23:50+00:00\" \/>\n<meta property=\"og:image\" content=\"https:\/\/www.amatimmobiliaris.com\/w\/wp-content\/uploads\/2024\/02\/1.facana-2-1024x682.jpg\" \/>\n\t<meta property=\"og:image:width\" content=\"1024\" \/>\n\t<meta property=\"og:image:height\" content=\"682\" \/>\n\t<meta property=\"og:image:type\" content=\"image\/jpeg\" \/>\n<meta name=\"author\" content=\"Marina Payan\" \/>\n<meta name=\"twitter:card\" content=\"summary_large_image\" \/>\n<meta name=\"twitter:title\" content=\"5 sales-menjadors impressionants\" \/>\n<meta name=\"twitter:description\" content=\"Cases i pisos amb #menjadors impressionats a la #venda @amat_immo\" \/>\n<meta name=\"twitter:image\" content=\"https:\/\/www.amatimmobiliaris.com\/w\/wp-content\/uploads\/2017\/08\/3-salo-menjador.jpg\" \/>\n<meta name=\"twitter:creator\" content=\"@amat_cat\" \/>\n<meta name=\"twitter:site\" content=\"@amat_cat\" \/>\n<meta name=\"twitter:label1\" content=\"Escrit per\" \/>\n\t<meta name=\"twitter:data1\" content=\"Marina Payan\" \/>\n\t<meta name=\"twitter:label2\" content=\"Temps estimat de lectura\" \/>\n\t<meta name=\"twitter:data2\" content=\"4 minuts\" \/>\n<script type=\"application\/ld+json\" class=\"yoast-schema-graph\">{\"@context\":\"https:\/\/schema.org\",\"@graph\":[{\"@type\":[\"Article\",\"BlogPosting\"],\"@id\":\"https:\/\/www.amatimmobiliaris.com\/com-vendre-casa-teva#article\",\"isPartOf\":{\"@id\":\"https:\/\/www.amatimmobiliaris.com\/w\/ca\/2025\/06\/com-vendre-casa-teva\/\"},\"author\":{\"name\":\"Marina Payan\",\"@id\":\"https:\/\/www.amatimmobiliaris.com\/w\/#\/schema\/person\/d62b55fd12a2bc4550743759f52bdc8f\"},\"headline\":\"Com vendre casa teva a l&#8217;estiu: consells per preparar el teu habitatge\",\"datePublished\":\"2025-06-12T11:06:14+00:00\",\"dateModified\":\"2025-12-10T09:23:50+00:00\",\"mainEntityOfPage\":{\"@id\":\"https:\/\/www.amatimmobiliaris.com\/w\/ca\/2025\/06\/com-vendre-casa-teva\/\"},\"wordCount\":440,\"publisher\":{\"@id\":\"https:\/\/www.amatimmobiliaris.com\/w\/#organization\"},\"image\":{\"@id\":\"https:\/\/www.amatimmobiliaris.com\/com-vendre-casa-teva#primaryimage\"},\"thumbnailUrl\":\"https:\/\/www.amatimmobiliaris.com\/w\/wp-content\/uploads\/2025\/06\/casa-soleada.jpg\",\"keywords\":[\"Casa\",\"Estiu\",\"Habitatge\",\"Immobiliaria\",\"Pisenvenda\",\"Pisos\",\"SantJust\"],\"articleSection\":[\"Actualitat\",\"Consells\",\"L'usuari pregunta\",\"mensual\",\"Not\u00edcies\",\"Sector Immobiliari\"],\"inLanguage\":\"ca\"},{\"@type\":\"WebPage\",\"@id\":\"https:\/\/www.amatimmobiliaris.com\/w\/ca\/2025\/06\/com-vendre-casa-teva\/\",\"url\":\"https:\/\/www.amatimmobiliaris.com\/com-vendre-casa-teva\",\"name\":\"Consells per vendre el teu pis a\",\"isPartOf\":{\"@id\":\"https:\/\/www.amatimmobiliaris.com\/w\/#website\"},\"primaryImageOfPage\":{\"@id\":\"https:\/\/www.amatimmobiliaris.com\/com-vendre-casa-teva#primaryimage\"},\"image\":{\"@id\":\"https:\/\/www.amatimmobiliaris.com\/com-vendre-casa-teva#primaryimage\"},\"thumbnailUrl\":\"https:\/\/www.amatimmobiliaris.com\/w\/wp-content\/uploads\/2025\/06\/casa-soleada.jpg\",\"datePublished\":\"2025-06-12T11:06:14+00:00\",\"dateModified\":\"2025-12-10T09:23:50+00:00\",\"description\":\"Vols vendre casa teva aquest estiu? Descobreix com preparar el teu habitatge per atraure a compradors i tancar la venda amb aquests consells.\",\"breadcrumb\":{\"@id\":\"https:\/\/www.amatimmobiliaris.com\/com-vendre-casa-teva#breadcrumb\"},\"inLanguage\":\"ca\",\"potentialAction\":[{\"@type\":\"ReadAction\",\"target\":[\"https:\/\/www.amatimmobiliaris.com\/com-vendre-casa-teva\"]}]},{\"@type\":\"ImageObject\",\"inLanguage\":\"ca\",\"@id\":\"https:\/\/www.amatimmobiliaris.com\/com-vendre-casa-teva#primaryimage\",\"url\":\"https:\/\/www.amatimmobiliaris.com\/w\/wp-content\/uploads\/2025\/06\/casa-soleada.jpg\",\"contentUrl\":\"https:\/\/www.amatimmobiliaris.com\/w\/wp-content\/uploads\/2025\/06\/casa-soleada.jpg\",\"width\":2000,\"height\":1333,\"caption\":\"Consejos para vender tu casa en verano\"},{\"@type\":\"BreadcrumbList\",\"@id\":\"https:\/\/www.amatimmobiliaris.com\/com-vendre-casa-teva#breadcrumb\",\"itemListElement\":[{\"@type\":\"ListItem\",\"position\":1,\"name\":\"Home\",\"item\":\"https:\/\/www.amatimmobiliaris.com\/w\/ca\/\"},{\"@type\":\"ListItem\",\"position\":2,\"name\":\"Consejos\",\"item\":\"https:\/\/www.amatimmobiliaris.com\/w\/category\/consejos\/\"},{\"@type\":\"ListItem\",\"position\":3,\"name\":\"Com vendre casa teva a l&#8217;estiu: consells per preparar el teu habitatge\"}]},{\"@type\":\"WebSite\",\"@id\":\"https:\/\/www.amatimmobiliaris.com\/w\/#website\",\"url\":\"https:\/\/www.amatimmobiliaris.com\/w\/\",\"name\":\"Amat Immobiliaris\",\"description\":\"Empresa familiar del sector inmobiliario con oficinas en Barcelona, Sant Cugat del Vall\u00e9s y Sant Just Desvern. Te ayudamos a comprar, alquilar o vender tu casa o piso. Somos un equipo coherente con una cultura de empresa honesta, innovadora y eficaz. Tambi\u00e9n en www.amatluxury.com\",\"publisher\":{\"@id\":\"https:\/\/www.amatimmobiliaris.com\/w\/#organization\"},\"alternateName\":\"AmatImmo\",\"potentialAction\":[{\"@type\":\"SearchAction\",\"target\":{\"@type\":\"EntryPoint\",\"urlTemplate\":\"https:\/\/www.amatimmobiliaris.com\/w\/?s={search_term_string}\"},\"query-input\":{\"@type\":\"PropertyValueSpecification\",\"valueRequired\":true,\"valueName\":\"search_term_string\"}}],\"inLanguage\":\"ca\"},{\"@type\":\"Organization\",\"@id\":\"https:\/\/www.amatimmobiliaris.com\/w\/#organization\",\"name\":\"Amat Immobiliaris\",\"url\":\"https:\/\/www.amatimmobiliaris.com\/w\/\",\"logo\":{\"@type\":\"ImageObject\",\"inLanguage\":\"ca\",\"@id\":\"https:\/\/www.amatimmobiliaris.com\/w\/#\/schema\/logo\/image\/\",\"url\":\"https:\/\/www.amatimmobiliaris.com\/w\/wp-content\/uploads\/2022\/10\/amat-logo.jpg\",\"contentUrl\":\"https:\/\/www.amatimmobiliaris.com\/w\/wp-content\/uploads\/2022\/10\/amat-logo.jpg\",\"width\":900,\"height\":900,\"caption\":\"Amat Immobiliaris\"},\"image\":{\"@id\":\"https:\/\/www.amatimmobiliaris.com\/w\/#\/schema\/logo\/image\/\"},\"sameAs\":[\"https:\/\/www.facebook.com\/amatimmobiliaris\",\"https:\/\/x.com\/amat_cat\",\"https:\/\/www.instagram.com\/amat_immo\/\",\"https:\/\/www.linkedin.com\/company\/amat-finques\/\",\"https:\/\/www.youtube.com\/@amatimmobiliaris\"]},{\"@type\":\"Person\",\"@id\":\"https:\/\/www.amatimmobiliaris.com\/w\/#\/schema\/person\/d62b55fd12a2bc4550743759f52bdc8f\",\"name\":\"Marina Payan\"}]}<\/script>\n<!-- \/ Yoast SEO plugin. -->","yoast_head_json":{"title":"Consells per vendre el teu pis a","description":"Vols vendre casa teva aquest estiu? Descobreix com preparar el teu habitatge per atraure a compradors i tancar la venda amb aquests consells.","robots":{"index":"index","follow":"follow","max-snippet":"max-snippet:-1","max-image-preview":"max-image-preview:large","max-video-preview":"max-video-preview:-1"},"canonical":"https:\/\/www.amatimmobiliaris.com\/com-vendre-casa-teva","og_locale":"ca_ES","og_type":"article","og_title":"Habitatges que enamoren","og_description":"Descobreix habitatges que enamoren i que conquisten als compradors! Com s'aconsegueix aquesta atracci\u00f3? T'ho expliquem!","og_url":"https:\/\/www.amatimmobiliaris.com\/com-vendre-casa-teva","og_site_name":"Amat Immobiliaris","article_publisher":"https:\/\/www.facebook.com\/amatimmobiliaris","article_published_time":"2025-06-12T11:06:14+00:00","article_modified_time":"2025-12-10T09:23:50+00:00","og_image":[{"width":1024,"height":682,"url":"https:\/\/www.amatimmobiliaris.com\/w\/wp-content\/uploads\/2024\/02\/1.facana-2-1024x682.jpg","type":"image\/jpeg"}],"author":"Marina Payan","twitter_card":"summary_large_image","twitter_title":"5 sales-menjadors impressionants","twitter_description":"Cases i pisos amb #menjadors impressionats a la #venda @amat_immo","twitter_image":"https:\/\/www.amatimmobiliaris.com\/w\/wp-content\/uploads\/2017\/08\/3-salo-menjador.jpg","twitter_creator":"@amat_cat","twitter_site":"@amat_cat","twitter_misc":{"Escrit per":"Marina Payan","Temps estimat de lectura":"4 minuts"},"schema":{"@context":"https:\/\/schema.org","@graph":[{"@type":["Article","BlogPosting"],"@id":"https:\/\/www.amatimmobiliaris.com\/com-vendre-casa-teva#article","isPartOf":{"@id":"https:\/\/www.amatimmobiliaris.com\/w\/ca\/2025\/06\/com-vendre-casa-teva\/"},"author":{"name":"Marina Payan","@id":"https:\/\/www.amatimmobiliaris.com\/w\/#\/schema\/person\/d62b55fd12a2bc4550743759f52bdc8f"},"headline":"Com vendre casa teva a l&#8217;estiu: consells per preparar el teu habitatge","datePublished":"2025-06-12T11:06:14+00:00","dateModified":"2025-12-10T09:23:50+00:00","mainEntityOfPage":{"@id":"https:\/\/www.amatimmobiliaris.com\/w\/ca\/2025\/06\/com-vendre-casa-teva\/"},"wordCount":440,"publisher":{"@id":"https:\/\/www.amatimmobiliaris.com\/w\/#organization"},"image":{"@id":"https:\/\/www.amatimmobiliaris.com\/com-vendre-casa-teva#primaryimage"},"thumbnailUrl":"https:\/\/www.amatimmobiliaris.com\/w\/wp-content\/uploads\/2025\/06\/casa-soleada.jpg","keywords":["Casa","Estiu","Habitatge","Immobiliaria","Pisenvenda","Pisos","SantJust"],"articleSection":["Actualitat","Consells","L'usuari pregunta","mensual","Not\u00edcies","Sector Immobiliari"],"inLanguage":"ca"},{"@type":"WebPage","@id":"https:\/\/www.amatimmobiliaris.com\/w\/ca\/2025\/06\/com-vendre-casa-teva\/","url":"https:\/\/www.amatimmobiliaris.com\/com-vendre-casa-teva","name":"Consells per vendre el teu pis a","isPartOf":{"@id":"https:\/\/www.amatimmobiliaris.com\/w\/#website"},"primaryImageOfPage":{"@id":"https:\/\/www.amatimmobiliaris.com\/com-vendre-casa-teva#primaryimage"},"image":{"@id":"https:\/\/www.amatimmobiliaris.com\/com-vendre-casa-teva#primaryimage"},"thumbnailUrl":"https:\/\/www.amatimmobiliaris.com\/w\/wp-content\/uploads\/2025\/06\/casa-soleada.jpg","datePublished":"2025-06-12T11:06:14+00:00","dateModified":"2025-12-10T09:23:50+00:00","description":"Vols vendre casa teva aquest estiu? Descobreix com preparar el teu habitatge per atraure a compradors i tancar la venda amb aquests consells.","breadcrumb":{"@id":"https:\/\/www.amatimmobiliaris.com\/com-vendre-casa-teva#breadcrumb"},"inLanguage":"ca","potentialAction":[{"@type":"ReadAction","target":["https:\/\/www.amatimmobiliaris.com\/com-vendre-casa-teva"]}]},{"@type":"ImageObject","inLanguage":"ca","@id":"https:\/\/www.amatimmobiliaris.com\/com-vendre-casa-teva#primaryimage","url":"https:\/\/www.amatimmobiliaris.com\/w\/wp-content\/uploads\/2025\/06\/casa-soleada.jpg","contentUrl":"https:\/\/www.amatimmobiliaris.com\/w\/wp-content\/uploads\/2025\/06\/casa-soleada.jpg","width":2000,"height":1333,"caption":"Consejos para vender tu casa en verano"},{"@type":"BreadcrumbList","@id":"https:\/\/www.amatimmobiliaris.com\/com-vendre-casa-teva#breadcrumb","itemListElement":[{"@type":"ListItem","position":1,"name":"Home","item":"https:\/\/www.amatimmobiliaris.com\/w\/ca\/"},{"@type":"ListItem","position":2,"name":"Consejos","item":"https:\/\/www.amatimmobiliaris.com\/w\/category\/consejos\/"},{"@type":"ListItem","position":3,"name":"Com vendre casa teva a l&#8217;estiu: consells per preparar el teu habitatge"}]},{"@type":"WebSite","@id":"https:\/\/www.amatimmobiliaris.com\/w\/#website","url":"https:\/\/www.amatimmobiliaris.com\/w\/","name":"Amat Immobiliaris","description":"Empresa familiar del sector inmobiliario con oficinas en Barcelona, Sant Cugat del Vall\u00e9s y Sant Just Desvern. Te ayudamos a comprar, alquilar o vender tu casa o piso. Somos un equipo coherente con una cultura de empresa honesta, innovadora y eficaz. Tambi\u00e9n en www.amatluxury.com","publisher":{"@id":"https:\/\/www.amatimmobiliaris.com\/w\/#organization"},"alternateName":"AmatImmo","potentialAction":[{"@type":"SearchAction","target":{"@type":"EntryPoint","urlTemplate":"https:\/\/www.amatimmobiliaris.com\/w\/?s={search_term_string}"},"query-input":{"@type":"PropertyValueSpecification","valueRequired":true,"valueName":"search_term_string"}}],"inLanguage":"ca"},{"@type":"Organization","@id":"https:\/\/www.amatimmobiliaris.com\/w\/#organization","name":"Amat Immobiliaris","url":"https:\/\/www.amatimmobiliaris.com\/w\/","logo":{"@type":"ImageObject","inLanguage":"ca","@id":"https:\/\/www.amatimmobiliaris.com\/w\/#\/schema\/logo\/image\/","url":"https:\/\/www.amatimmobiliaris.com\/w\/wp-content\/uploads\/2022\/10\/amat-logo.jpg","contentUrl":"https:\/\/www.amatimmobiliaris.com\/w\/wp-content\/uploads\/2022\/10\/amat-logo.jpg","width":900,"height":900,"caption":"Amat Immobiliaris"},"image":{"@id":"https:\/\/www.amatimmobiliaris.com\/w\/#\/schema\/logo\/image\/"},"sameAs":["https:\/\/www.facebook.com\/amatimmobiliaris","https:\/\/x.com\/amat_cat","https:\/\/www.instagram.com\/amat_immo\/","https:\/\/www.linkedin.com\/company\/amat-finques\/","https:\/\/www.youtube.com\/@amatimmobiliaris"]},{"@type":"Person","@id":"https:\/\/www.amatimmobiliaris.com\/w\/#\/schema\/person\/d62b55fd12a2bc4550743759f52bdc8f","name":"Marina Payan"}]}},"_links":{"self":[{"href":"https:\/\/www.amatimmobiliaris.com\/w\/ca\/wp-json\/wp\/v2\/posts\/40066"}],"collection":[{"href":"https:\/\/www.amatimmobiliaris.com\/w\/ca\/wp-json\/wp\/v2\/posts"}],"about":[{"href":"https:\/\/www.amatimmobiliaris.com\/w\/ca\/wp-json\/wp\/v2\/types\/post"}],"author":[{"embeddable":true,"href":"https:\/\/www.amatimmobiliaris.com\/w\/ca\/wp-json\/wp\/v2\/users\/4"}],"replies":[{"embeddable":true,"href":"https:\/\/www.amatimmobiliaris.com\/w\/ca\/wp-json\/wp\/v2\/comments?post=40066"}],"version-history":[{"count":7,"href":"https:\/\/www.amatimmobiliaris.com\/w\/ca\/wp-json\/wp\/v2\/posts\/40066\/revisions"}],"predecessor-version":[{"id":42509,"href":"https:\/\/www.amatimmobiliaris.com\/w\/ca\/wp-json\/wp\/v2\/posts\/40066\/revisions\/42509"}],"wp:featuredmedia":[{"embeddable":true,"href":"https:\/\/www.amatimmobiliaris.com\/w\/ca\/wp-json\/wp\/v2\/media\/40069"}],"wp:attachment":[{"href":"https:\/\/www.amatimmobiliaris.com\/w\/ca\/wp-json\/wp\/v2\/media?parent=40066"}],"wp:term":[{"taxonomy":"category","embeddable":true,"href":"https:\/\/www.amatimmobiliaris.com\/w\/ca\/wp-json\/wp\/v2\/categories?post=40066"},{"taxonomy":"post_tag","embeddable":true,"href":"https:\/\/www.amatimmobiliaris.com\/w\/ca\/wp-json\/wp\/v2\/tags?post=40066"}],"curies":[{"name":"wp","href":"https:\/\/api.w.org\/{rel}","templated":true}]}}