{"id":3945,"date":"2018-06-13T11:55:20","date_gmt":"2018-06-13T11:55:20","guid":{"rendered":"https:\/\/amat-inmo-wp.localhost\/2018\/06\/13\/busties-intel%c2%b7ligents-arriben-a-barcelona\/"},"modified":"2023-04-27T14:25:34","modified_gmt":"2023-04-27T14:25:34","slug":"busties-intel%c2%b7ligents-arriben-a-barcelona","status":"publish","type":"post","link":"https:\/\/www.amatimmobiliaris.com\/w\/ca\/2018\/06\/busties-intel%c2%b7ligents-arriben-a-barcelona\/","title":{"rendered":"B\u00fasties intel\u00b7ligents arriben a Barcelona"},"content":{"rendered":"<p style=\"text-align: justify;\">Les <strong>b\u00fasties intel\u00b7ligents<\/strong> arriben als nous habitatges per quedar-s&#8217;hi. Una <a href=\"https:\/\/citibox.com\/es\">empresa espanyola<\/a> ha desenvolupat un projecte per tal d&#8217;ajudar a despreocupar-se a aquelles persones que passen gran part del dia fora de casa\u00a0i esperen paqueteria. Ara \u00e9s el paquet qui espera el receptor.<\/p>\n<p style=\"text-align: justify;\">Mitjan\u00e7ant b\u00fasties codificades i una aplicaci\u00f3 m\u00f2bil l&#8217;usuari pot recollir la seva comanda f\u00e0cilment al seu propi edifici el que optimitza els processos d&#8217;entrega i redueix considerablement el temps d&#8217;espera del receptor ja que amb una b\u00fastia regular el destinatari que no es trob\u00e9s a casa en el moment d&#8217;entrega havia de despla\u00e7ar-se al punt de recollida m\u00e9s proper, el que solia allargar el temps de recepci\u00f3.<\/p>\n<p style=\"text-align: justify;\">El sector immobiliari est\u00e0 incorporant cada vegada m\u00e9s tecnologia i aquest nou sistema s&#8217;est\u00e0 convertint en un valor afegit ja que poc a poc s&#8217;est\u00e0 integrant en els nous edificis.\u00a0 Les antigues b\u00fasties deixen pas a un nou model que s&#8217;adapta al comportament dels compradors que cada vegada realitzen m\u00e9s compres per internet.<\/p>\n<p style=\"text-align: justify;\">A m\u00e9s, les b\u00fasties s\u00f3n personalitzables en mida i color i s&#8217;adapten a l&#8217;estil de cada edifici per tal de no trencar amb el disseny.<\/p>\n<p style=\"text-align: justify;\">\u00c9s, si m\u00e9s no, una bona soluci\u00f3 al ritme de vida actual i servir\u00e0 per millorar-lo.<\/p>\n","protected":false},"excerpt":{"rendered":"<p>Les b\u00fasties intel\u00b7ligents arriben als nous habitatges per quedar-s&#8217;hi. Una empresa espanyola ha desenvolupat un projecte per tal d&#8217;ajudar a despreocupar-se a aquelles persones que passen gran part del dia fora de casa\u00a0i esperen paqueteria. Ara \u00e9s el paquet qui espera el receptor. Mitjan\u00e7ant b\u00fasties codificades i una aplicaci\u00f3 m\u00f2bil l&#8217;usuari pot recollir la seva [&hellip;]<\/p>\n","protected":false},"author":1,"featured_media":0,"comment_status":"closed","ping_status":"open","sticky":false,"template":"","format":"standard","meta":{"content-type":"","footnotes":""},"categories":[1153],"tags":[],"yoast_head":"<!-- This site is optimized with the Yoast SEO plugin v23.9 - https:\/\/yoast.com\/wordpress\/plugins\/seo\/ -->\n<title>B\u00fasties intel\u00b7ligents arriben a Barcelona | Amat Immobiliaris<\/title>\n<meta name=\"robots\" content=\"index, follow, max-snippet:-1, max-image-preview:large, max-video-preview:-1\" \/>\n<link rel=\"canonical\" href=\"https:\/\/www.amatimmobiliaris.com\/w\/ca\/2018\/06\/busties-intel\u00b7ligents-arriben-a-barcelona\/\" \/>\n<meta property=\"og:locale\" content=\"ca_ES\" \/>\n<meta property=\"og:type\" content=\"article\" \/>\n<meta property=\"og:title\" content=\"B\u00fasties intel\u00b7ligents arriben a Barcelona | Amat Immobiliaris\" \/>\n<meta property=\"og:description\" content=\"Les b\u00fasties intel\u00b7ligents arriben als nous habitatges per quedar-s&#8217;hi. Una empresa espanyola ha desenvolupat un projecte per tal d&#8217;ajudar a despreocupar-se a aquelles persones que passen gran part del dia fora de casa\u00a0i esperen paqueteria. Ara \u00e9s el paquet qui espera el receptor. Mitjan\u00e7ant b\u00fasties codificades i una aplicaci\u00f3 m\u00f2bil l&#8217;usuari pot recollir la seva [&hellip;]\" \/>\n<meta property=\"og:url\" content=\"https:\/\/www.amatimmobiliaris.com\/w\/ca\/2018\/06\/busties-intel\u00b7ligents-arriben-a-barcelona\/\" \/>\n<meta property=\"og:site_name\" content=\"Amat Immobiliaris\" \/>\n<meta property=\"article:publisher\" content=\"https:\/\/www.facebook.com\/amatimmobiliaris\" \/>\n<meta property=\"article:published_time\" content=\"2018-06-13T11:55:20+00:00\" \/>\n<meta property=\"article:modified_time\" content=\"2023-04-27T14:25:34+00:00\" \/>\n<meta property=\"og:image\" content=\"https:\/\/www.amatimmobiliaris.com\/w\/wp-content\/uploads\/2022\/01\/2014-Saga-familiar-Amat-dw-1-1024x683.jpg\" \/>\n\t<meta property=\"og:image:width\" content=\"1024\" \/>\n\t<meta property=\"og:image:height\" content=\"683\" \/>\n\t<meta property=\"og:image:type\" content=\"image\/jpeg\" \/>\n<meta name=\"author\" content=\"Amat Immobiliaris\" \/>\n<meta name=\"twitter:card\" content=\"summary_large_image\" \/>\n<meta name=\"twitter:creator\" content=\"@amat_cat\" \/>\n<meta name=\"twitter:site\" content=\"@amat_cat\" \/>\n<meta name=\"twitter:label1\" content=\"Escrit per\" \/>\n\t<meta name=\"twitter:data1\" content=\"Amat Immobiliaris\" \/>\n\t<meta name=\"twitter:label2\" content=\"Temps estimat de lectura\" \/>\n\t<meta name=\"twitter:data2\" content=\"1 minut\" \/>\n<script type=\"application\/ld+json\" class=\"yoast-schema-graph\">{\"@context\":\"https:\/\/schema.org\",\"@graph\":[{\"@type\":\"Article\",\"@id\":\"https:\/\/www.amatimmobiliaris.com\/w\/ca\/2018\/06\/busties-intel%c2%b7ligents-arriben-a-barcelona\/#article\",\"isPartOf\":{\"@id\":\"https:\/\/www.amatimmobiliaris.com\/w\/ca\/2018\/06\/busties-intel%c2%b7ligents-arriben-a-barcelona\/\"},\"author\":{\"name\":\"Amat Immobiliaris\",\"@id\":\"https:\/\/www.amatimmobiliaris.com\/w\/#\/schema\/person\/c880da71d1e156e7ea6774ffb445e034\"},\"headline\":\"B\u00fasties intel\u00b7ligents arriben a Barcelona\",\"datePublished\":\"2018-06-13T11:55:20+00:00\",\"dateModified\":\"2023-04-27T14:25:34+00:00\",\"mainEntityOfPage\":{\"@id\":\"https:\/\/www.amatimmobiliaris.com\/w\/ca\/2018\/06\/busties-intel%c2%b7ligents-arriben-a-barcelona\/\"},\"wordCount\":229,\"publisher\":{\"@id\":\"https:\/\/www.amatimmobiliaris.com\/w\/#organization\"},\"articleSection\":[\"Consells\"],\"inLanguage\":\"ca\"},{\"@type\":\"WebPage\",\"@id\":\"https:\/\/www.amatimmobiliaris.com\/w\/ca\/2018\/06\/busties-intel%c2%b7ligents-arriben-a-barcelona\/\",\"url\":\"https:\/\/www.amatimmobiliaris.com\/w\/ca\/2018\/06\/busties-intel%c2%b7ligents-arriben-a-barcelona\/\",\"name\":\"B\u00fasties intel\u00b7ligents arriben a Barcelona | Amat Immobiliaris\",\"isPartOf\":{\"@id\":\"https:\/\/www.amatimmobiliaris.com\/w\/#website\"},\"datePublished\":\"2018-06-13T11:55:20+00:00\",\"dateModified\":\"2023-04-27T14:25:34+00:00\",\"breadcrumb\":{\"@id\":\"https:\/\/www.amatimmobiliaris.com\/w\/ca\/2018\/06\/busties-intel%c2%b7ligents-arriben-a-barcelona\/#breadcrumb\"},\"inLanguage\":\"ca\",\"potentialAction\":[{\"@type\":\"ReadAction\",\"target\":[\"https:\/\/www.amatimmobiliaris.com\/w\/ca\/2018\/06\/busties-intel%c2%b7ligents-arriben-a-barcelona\/\"]}]},{\"@type\":\"BreadcrumbList\",\"@id\":\"https:\/\/www.amatimmobiliaris.com\/w\/ca\/2018\/06\/busties-intel%c2%b7ligents-arriben-a-barcelona\/#breadcrumb\",\"itemListElement\":[{\"@type\":\"ListItem\",\"position\":1,\"name\":\"Home\",\"item\":\"https:\/\/www.amatimmobiliaris.com\/w\/ca\/\"},{\"@type\":\"ListItem\",\"position\":2,\"name\":\"Consells\",\"item\":\"https:\/\/www.amatimmobiliaris.com\/w\/ca\/categoria-ca\/consells-ca\/\"},{\"@type\":\"ListItem\",\"position\":3,\"name\":\"B\u00fasties intel\u00b7ligents arriben a Barcelona\"}]},{\"@type\":\"WebSite\",\"@id\":\"https:\/\/www.amatimmobiliaris.com\/w\/#website\",\"url\":\"https:\/\/www.amatimmobiliaris.com\/w\/\",\"name\":\"Amat Immobiliaris\",\"description\":\"Empresa familiar del sector inmobiliario con oficinas en Barcelona, Sant Cugat del Vall\u00e9s y Sant Just Desvern. Te ayudamos a comprar, alquilar o vender tu casa o piso. Somos un equipo coherente con una cultura de empresa honesta, innovadora y eficaz. Tambi\u00e9n en www.amatluxury.com\",\"publisher\":{\"@id\":\"https:\/\/www.amatimmobiliaris.com\/w\/#organization\"},\"alternateName\":\"AmatImmo\",\"potentialAction\":[{\"@type\":\"SearchAction\",\"target\":{\"@type\":\"EntryPoint\",\"urlTemplate\":\"https:\/\/www.amatimmobiliaris.com\/w\/?s={search_term_string}\"},\"query-input\":{\"@type\":\"PropertyValueSpecification\",\"valueRequired\":true,\"valueName\":\"search_term_string\"}}],\"inLanguage\":\"ca\"},{\"@type\":\"Organization\",\"@id\":\"https:\/\/www.amatimmobiliaris.com\/w\/#organization\",\"name\":\"Amat Immobiliaris\",\"url\":\"https:\/\/www.amatimmobiliaris.com\/w\/\",\"logo\":{\"@type\":\"ImageObject\",\"inLanguage\":\"ca\",\"@id\":\"https:\/\/www.amatimmobiliaris.com\/w\/#\/schema\/logo\/image\/\",\"url\":\"https:\/\/www.amatimmobiliaris.com\/w\/wp-content\/uploads\/2022\/10\/amat-logo.jpg\",\"contentUrl\":\"https:\/\/www.amatimmobiliaris.com\/w\/wp-content\/uploads\/2022\/10\/amat-logo.jpg\",\"width\":900,\"height\":900,\"caption\":\"Amat Immobiliaris\"},\"image\":{\"@id\":\"https:\/\/www.amatimmobiliaris.com\/w\/#\/schema\/logo\/image\/\"},\"sameAs\":[\"https:\/\/www.facebook.com\/amatimmobiliaris\",\"https:\/\/x.com\/amat_cat\",\"https:\/\/www.instagram.com\/amat_immo\/\",\"https:\/\/www.linkedin.com\/company\/amat-finques\/\",\"https:\/\/www.youtube.com\/@amatimmobiliaris\"]},{\"@type\":\"Person\",\"@id\":\"https:\/\/www.amatimmobiliaris.com\/w\/#\/schema\/person\/c880da71d1e156e7ea6774ffb445e034\",\"name\":\"Amat Immobiliaris\",\"sameAs\":[\"http:\/\/amat-inmo-wp.localhost\"]}]}<\/script>\n<!-- \/ Yoast SEO plugin. -->","yoast_head_json":{"title":"B\u00fasties intel\u00b7ligents arriben a Barcelona | Amat Immobiliaris","robots":{"index":"index","follow":"follow","max-snippet":"max-snippet:-1","max-image-preview":"max-image-preview:large","max-video-preview":"max-video-preview:-1"},"canonical":"https:\/\/www.amatimmobiliaris.com\/w\/ca\/2018\/06\/busties-intel\u00b7ligents-arriben-a-barcelona\/","og_locale":"ca_ES","og_type":"article","og_title":"B\u00fasties intel\u00b7ligents arriben a Barcelona | Amat Immobiliaris","og_description":"Les b\u00fasties intel\u00b7ligents arriben als nous habitatges per quedar-s&#8217;hi. Una empresa espanyola ha desenvolupat un projecte per tal d&#8217;ajudar a despreocupar-se a aquelles persones que passen gran part del dia fora de casa\u00a0i esperen paqueteria. Ara \u00e9s el paquet qui espera el receptor. Mitjan\u00e7ant b\u00fasties codificades i una aplicaci\u00f3 m\u00f2bil l&#8217;usuari pot recollir la seva [&hellip;]","og_url":"https:\/\/www.amatimmobiliaris.com\/w\/ca\/2018\/06\/busties-intel\u00b7ligents-arriben-a-barcelona\/","og_site_name":"Amat Immobiliaris","article_publisher":"https:\/\/www.facebook.com\/amatimmobiliaris","article_published_time":"2018-06-13T11:55:20+00:00","article_modified_time":"2023-04-27T14:25:34+00:00","og_image":[{"width":1024,"height":683,"url":"https:\/\/www.amatimmobiliaris.com\/w\/wp-content\/uploads\/2022\/01\/2014-Saga-familiar-Amat-dw-1-1024x683.jpg","type":"image\/jpeg"}],"author":"Amat Immobiliaris","twitter_card":"summary_large_image","twitter_creator":"@amat_cat","twitter_site":"@amat_cat","twitter_misc":{"Escrit per":"Amat Immobiliaris","Temps estimat de lectura":"1 minut"},"schema":{"@context":"https:\/\/schema.org","@graph":[{"@type":"Article","@id":"https:\/\/www.amatimmobiliaris.com\/w\/ca\/2018\/06\/busties-intel%c2%b7ligents-arriben-a-barcelona\/#article","isPartOf":{"@id":"https:\/\/www.amatimmobiliaris.com\/w\/ca\/2018\/06\/busties-intel%c2%b7ligents-arriben-a-barcelona\/"},"author":{"name":"Amat Immobiliaris","@id":"https:\/\/www.amatimmobiliaris.com\/w\/#\/schema\/person\/c880da71d1e156e7ea6774ffb445e034"},"headline":"B\u00fasties intel\u00b7ligents arriben a Barcelona","datePublished":"2018-06-13T11:55:20+00:00","dateModified":"2023-04-27T14:25:34+00:00","mainEntityOfPage":{"@id":"https:\/\/www.amatimmobiliaris.com\/w\/ca\/2018\/06\/busties-intel%c2%b7ligents-arriben-a-barcelona\/"},"wordCount":229,"publisher":{"@id":"https:\/\/www.amatimmobiliaris.com\/w\/#organization"},"articleSection":["Consells"],"inLanguage":"ca"},{"@type":"WebPage","@id":"https:\/\/www.amatimmobiliaris.com\/w\/ca\/2018\/06\/busties-intel%c2%b7ligents-arriben-a-barcelona\/","url":"https:\/\/www.amatimmobiliaris.com\/w\/ca\/2018\/06\/busties-intel%c2%b7ligents-arriben-a-barcelona\/","name":"B\u00fasties intel\u00b7ligents arriben a Barcelona | Amat Immobiliaris","isPartOf":{"@id":"https:\/\/www.amatimmobiliaris.com\/w\/#website"},"datePublished":"2018-06-13T11:55:20+00:00","dateModified":"2023-04-27T14:25:34+00:00","breadcrumb":{"@id":"https:\/\/www.amatimmobiliaris.com\/w\/ca\/2018\/06\/busties-intel%c2%b7ligents-arriben-a-barcelona\/#breadcrumb"},"inLanguage":"ca","potentialAction":[{"@type":"ReadAction","target":["https:\/\/www.amatimmobiliaris.com\/w\/ca\/2018\/06\/busties-intel%c2%b7ligents-arriben-a-barcelona\/"]}]},{"@type":"BreadcrumbList","@id":"https:\/\/www.amatimmobiliaris.com\/w\/ca\/2018\/06\/busties-intel%c2%b7ligents-arriben-a-barcelona\/#breadcrumb","itemListElement":[{"@type":"ListItem","position":1,"name":"Home","item":"https:\/\/www.amatimmobiliaris.com\/w\/ca\/"},{"@type":"ListItem","position":2,"name":"Consells","item":"https:\/\/www.amatimmobiliaris.com\/w\/ca\/categoria-ca\/consells-ca\/"},{"@type":"ListItem","position":3,"name":"B\u00fasties intel\u00b7ligents arriben a Barcelona"}]},{"@type":"WebSite","@id":"https:\/\/www.amatimmobiliaris.com\/w\/#website","url":"https:\/\/www.amatimmobiliaris.com\/w\/","name":"Amat Immobiliaris","description":"Empresa familiar del sector inmobiliario con oficinas en Barcelona, Sant Cugat del Vall\u00e9s y Sant Just Desvern. Te ayudamos a comprar, alquilar o vender tu casa o piso. Somos un equipo coherente con una cultura de empresa honesta, innovadora y eficaz. Tambi\u00e9n en www.amatluxury.com","publisher":{"@id":"https:\/\/www.amatimmobiliaris.com\/w\/#organization"},"alternateName":"AmatImmo","potentialAction":[{"@type":"SearchAction","target":{"@type":"EntryPoint","urlTemplate":"https:\/\/www.amatimmobiliaris.com\/w\/?s={search_term_string}"},"query-input":{"@type":"PropertyValueSpecification","valueRequired":true,"valueName":"search_term_string"}}],"inLanguage":"ca"},{"@type":"Organization","@id":"https:\/\/www.amatimmobiliaris.com\/w\/#organization","name":"Amat Immobiliaris","url":"https:\/\/www.amatimmobiliaris.com\/w\/","logo":{"@type":"ImageObject","inLanguage":"ca","@id":"https:\/\/www.amatimmobiliaris.com\/w\/#\/schema\/logo\/image\/","url":"https:\/\/www.amatimmobiliaris.com\/w\/wp-content\/uploads\/2022\/10\/amat-logo.jpg","contentUrl":"https:\/\/www.amatimmobiliaris.com\/w\/wp-content\/uploads\/2022\/10\/amat-logo.jpg","width":900,"height":900,"caption":"Amat Immobiliaris"},"image":{"@id":"https:\/\/www.amatimmobiliaris.com\/w\/#\/schema\/logo\/image\/"},"sameAs":["https:\/\/www.facebook.com\/amatimmobiliaris","https:\/\/x.com\/amat_cat","https:\/\/www.instagram.com\/amat_immo\/","https:\/\/www.linkedin.com\/company\/amat-finques\/","https:\/\/www.youtube.com\/@amatimmobiliaris"]},{"@type":"Person","@id":"https:\/\/www.amatimmobiliaris.com\/w\/#\/schema\/person\/c880da71d1e156e7ea6774ffb445e034","name":"Amat Immobiliaris","sameAs":["http:\/\/amat-inmo-wp.localhost"]}]}},"_links":{"self":[{"href":"https:\/\/www.amatimmobiliaris.com\/w\/ca\/wp-json\/wp\/v2\/posts\/3945"}],"collection":[{"href":"https:\/\/www.amatimmobiliaris.com\/w\/ca\/wp-json\/wp\/v2\/posts"}],"about":[{"href":"https:\/\/www.amatimmobiliaris.com\/w\/ca\/wp-json\/wp\/v2\/types\/post"}],"author":[{"embeddable":true,"href":"https:\/\/www.amatimmobiliaris.com\/w\/ca\/wp-json\/wp\/v2\/users\/1"}],"replies":[{"embeddable":true,"href":"https:\/\/www.amatimmobiliaris.com\/w\/ca\/wp-json\/wp\/v2\/comments?post=3945"}],"version-history":[{"count":2,"href":"https:\/\/www.amatimmobiliaris.com\/w\/ca\/wp-json\/wp\/v2\/posts\/3945\/revisions"}],"predecessor-version":[{"id":27039,"href":"https:\/\/www.amatimmobiliaris.com\/w\/ca\/wp-json\/wp\/v2\/posts\/3945\/revisions\/27039"}],"wp:attachment":[{"href":"https:\/\/www.amatimmobiliaris.com\/w\/ca\/wp-json\/wp\/v2\/media?parent=3945"}],"wp:term":[{"taxonomy":"category","embeddable":true,"href":"https:\/\/www.amatimmobiliaris.com\/w\/ca\/wp-json\/wp\/v2\/categories?post=3945"},{"taxonomy":"post_tag","embeddable":true,"href":"https:\/\/www.amatimmobiliaris.com\/w\/ca\/wp-json\/wp\/v2\/tags?post=3945"}],"curies":[{"name":"wp","href":"https:\/\/api.w.org\/{rel}","templated":true}]}}