{"id":38773,"date":"2025-03-26T09:18:50","date_gmt":"2025-03-26T09:18:50","guid":{"rendered":"https:\/\/www.amatimmobiliaris.com\/w\/?p=38773"},"modified":"2025-04-09T16:55:05","modified_gmt":"2025-04-09T16:55:05","slug":"presentem-linforme-de-mercat-del-2024-a-la-premsa","status":"publish","type":"post","link":"https:\/\/www.amatimmobiliaris.com\/w\/ca\/2025\/03\/presentem-linforme-de-mercat-del-2024-a-la-premsa\/","title":{"rendered":"Presentem l&#8217;Informe de Mercat del 2024 a la premsa"},"content":{"rendered":"<h2>El director general d&#8217;Amat, Guifr\u00e9 Homedes, presenta l&#8217;informe de Mercat del 2024 a la nostra oficina Luxury a Barcelona.<\/h2>\n<p style=\"text-align: justify;\">El passat 25 de mar\u00e7, el nostre director general, Guifr\u00e9 Homedes, va presentar davant dels mitjans, el<a href=\"https:\/\/issuu.com\/amatimmobiliaris\/docs\/informe_mercat_immobiliari_mr-2024?fr=sZDVlZjg0MjU1MjI\"><strong> 12\u00e8 Informe de Mercat 2024 d&#8217;Amat Immobiliaris<\/strong><\/a>, que engloba i resumeix les nostres dades de l&#8217;any passat i com encarem aquest 2025.<\/p>\n<p>&nbsp;<\/p>\n<p style=\"text-align: justify;\">Uns 16 mitjans van assistir a la presentaci\u00f3 que vam fer a la nostra oficina d&#8217;Amat Luxury de Balmes, on vam parlar de la manca d\u2019oferta d\u2019habitatges, especialment en el parc de lloguer, la crescuda dels llogaters estrangers, aix\u00ed com de l&#8217;augment de venda de 2a m\u00e0 i de promocions d&#8217;obra nova.<\/p>\n<p style=\"text-align: center;\"><strong><span style=\"color: #9d3540;\"><em>&#8220;Cal considerar els propietaris com aliats i fomentar que inverteixin m\u00e9s.&#8221;\u00a0<\/em><\/span><\/strong><\/p>\n<p>&nbsp;<\/p>\n<div id='gallery-1' class='gallery galleryid-38773 gallery-columns-3 gallery-size-large'><figure class='gallery-item'>\n\t\t\t<div class='gallery-icon landscape'>\n\t\t\t\t<a href='https:\/\/www.amatimmobiliaris.com\/w\/ca\/2025\/03\/presentem-linforme-de-mercat-del-2024-a-la-premsa\/1-7\/'><img loading=\"lazy\" decoding=\"async\" width=\"800\" height=\"800\" src=\"https:\/\/www.amatimmobiliaris.com\/w\/wp-content\/uploads\/2025\/03\/1-1024x1024.jpg\" class=\"attachment-large size-large\" alt=\"Presentaci\u00f3 Informe de Mercat 2025 Amat Immobiliaris\" srcset=\"https:\/\/www.amatimmobiliaris.com\/w\/wp-content\/uploads\/2025\/03\/1-1024x1024.jpg 1024w, https:\/\/www.amatimmobiliaris.com\/w\/wp-content\/uploads\/2025\/03\/1-300x300.jpg 300w, https:\/\/www.amatimmobiliaris.com\/w\/wp-content\/uploads\/2025\/03\/1-150x150.jpg 150w, https:\/\/www.amatimmobiliaris.com\/w\/wp-content\/uploads\/2025\/03\/1-768x768.jpg 768w, https:\/\/www.amatimmobiliaris.com\/w\/wp-content\/uploads\/2025\/03\/1-1536x1536.jpg 1536w, https:\/\/www.amatimmobiliaris.com\/w\/wp-content\/uploads\/2025\/03\/1.jpg 2000w\" sizes=\"(max-width: 800px) 100vw, 800px\" \/><\/a>\n\t\t\t<\/div><\/figure><figure class='gallery-item'>\n\t\t\t<div class='gallery-icon landscape'>\n\t\t\t\t<a href='https:\/\/www.amatimmobiliaris.com\/w\/ca\/2025\/03\/presentem-linforme-de-mercat-del-2024-a-la-premsa\/2-5\/'><img loading=\"lazy\" decoding=\"async\" width=\"800\" height=\"800\" src=\"https:\/\/www.amatimmobiliaris.com\/w\/wp-content\/uploads\/2025\/03\/2-1024x1024.jpg\" class=\"attachment-large size-large\" alt=\"Presentaci\u00f3 Informe de Mercat 2024 Amat Immobiliaris\" srcset=\"https:\/\/www.amatimmobiliaris.com\/w\/wp-content\/uploads\/2025\/03\/2-1024x1024.jpg 1024w, https:\/\/www.amatimmobiliaris.com\/w\/wp-content\/uploads\/2025\/03\/2-300x300.jpg 300w, https:\/\/www.amatimmobiliaris.com\/w\/wp-content\/uploads\/2025\/03\/2-150x150.jpg 150w, https:\/\/www.amatimmobiliaris.com\/w\/wp-content\/uploads\/2025\/03\/2-768x768.jpg 768w, https:\/\/www.amatimmobiliaris.com\/w\/wp-content\/uploads\/2025\/03\/2-1536x1536.jpg 1536w, https:\/\/www.amatimmobiliaris.com\/w\/wp-content\/uploads\/2025\/03\/2.jpg 2000w\" sizes=\"(max-width: 800px) 100vw, 800px\" \/><\/a>\n\t\t\t<\/div><\/figure><figure class='gallery-item'>\n\t\t\t<div class='gallery-icon landscape'>\n\t\t\t\t<a href='https:\/\/www.amatimmobiliaris.com\/w\/ca\/2025\/03\/presentem-linforme-de-mercat-del-2024-a-la-premsa\/3-7\/'><img loading=\"lazy\" decoding=\"async\" width=\"800\" height=\"800\" src=\"https:\/\/www.amatimmobiliaris.com\/w\/wp-content\/uploads\/2025\/03\/3-1024x1024.jpg\" class=\"attachment-large size-large\" alt=\"Presentaci\u00f3 Informe de Mercat 2024 Amat Immobiliaris\" srcset=\"https:\/\/www.amatimmobiliaris.com\/w\/wp-content\/uploads\/2025\/03\/3-1024x1024.jpg 1024w, https:\/\/www.amatimmobiliaris.com\/w\/wp-content\/uploads\/2025\/03\/3-300x300.jpg 300w, https:\/\/www.amatimmobiliaris.com\/w\/wp-content\/uploads\/2025\/03\/3-150x150.jpg 150w, https:\/\/www.amatimmobiliaris.com\/w\/wp-content\/uploads\/2025\/03\/3-768x768.jpg 768w, https:\/\/www.amatimmobiliaris.com\/w\/wp-content\/uploads\/2025\/03\/3-1536x1536.jpg 1536w, https:\/\/www.amatimmobiliaris.com\/w\/wp-content\/uploads\/2025\/03\/3.jpg 2000w\" sizes=\"(max-width: 800px) 100vw, 800px\" \/><\/a>\n\t\t\t<\/div><\/figure><figure class='gallery-item'>\n\t\t\t<div class='gallery-icon landscape'>\n\t\t\t\t<a href='https:\/\/www.amatimmobiliaris.com\/w\/ca\/2025\/03\/presentem-linforme-de-mercat-del-2024-a-la-premsa\/4-2\/'><img loading=\"lazy\" decoding=\"async\" width=\"800\" height=\"800\" src=\"https:\/\/www.amatimmobiliaris.com\/w\/wp-content\/uploads\/2025\/03\/4-1024x1024.jpg\" class=\"attachment-large size-large\" alt=\"Presentaci\u00f3 Informe de Mercat 2024 Amat Immobiliaris\" srcset=\"https:\/\/www.amatimmobiliaris.com\/w\/wp-content\/uploads\/2025\/03\/4-1024x1024.jpg 1024w, https:\/\/www.amatimmobiliaris.com\/w\/wp-content\/uploads\/2025\/03\/4-300x300.jpg 300w, https:\/\/www.amatimmobiliaris.com\/w\/wp-content\/uploads\/2025\/03\/4-150x150.jpg 150w, https:\/\/www.amatimmobiliaris.com\/w\/wp-content\/uploads\/2025\/03\/4-768x768.jpg 768w, https:\/\/www.amatimmobiliaris.com\/w\/wp-content\/uploads\/2025\/03\/4-1536x1536.jpg 1536w, https:\/\/www.amatimmobiliaris.com\/w\/wp-content\/uploads\/2025\/03\/4.jpg 2000w\" sizes=\"(max-width: 800px) 100vw, 800px\" \/><\/a>\n\t\t\t<\/div><\/figure><figure class='gallery-item'>\n\t\t\t<div class='gallery-icon landscape'>\n\t\t\t\t<a href='https:\/\/www.amatimmobiliaris.com\/w\/ca\/2025\/03\/presentem-linforme-de-mercat-del-2024-a-la-premsa\/attachment\/5\/'><img loading=\"lazy\" decoding=\"async\" width=\"800\" height=\"800\" src=\"https:\/\/www.amatimmobiliaris.com\/w\/wp-content\/uploads\/2025\/03\/5-1024x1024.jpg\" class=\"attachment-large size-large\" alt=\"Presentaci\u00f3 Informe de Mercat 2024 Amat Immobiliaris\" srcset=\"https:\/\/www.amatimmobiliaris.com\/w\/wp-content\/uploads\/2025\/03\/5-1024x1024.jpg 1024w, https:\/\/www.amatimmobiliaris.com\/w\/wp-content\/uploads\/2025\/03\/5-300x300.jpg 300w, https:\/\/www.amatimmobiliaris.com\/w\/wp-content\/uploads\/2025\/03\/5-150x150.jpg 150w, https:\/\/www.amatimmobiliaris.com\/w\/wp-content\/uploads\/2025\/03\/5-768x768.jpg 768w, https:\/\/www.amatimmobiliaris.com\/w\/wp-content\/uploads\/2025\/03\/5-1536x1536.jpg 1536w, https:\/\/www.amatimmobiliaris.com\/w\/wp-content\/uploads\/2025\/03\/5.jpg 2000w\" sizes=\"(max-width: 800px) 100vw, 800px\" \/><\/a>\n\t\t\t<\/div><\/figure><figure class='gallery-item'>\n\t\t\t<div class='gallery-icon landscape'>\n\t\t\t\t<a href='https:\/\/www.amatimmobiliaris.com\/w\/ca\/2025\/03\/presentem-linforme-de-mercat-del-2024-a-la-premsa\/6-3\/'><img loading=\"lazy\" decoding=\"async\" width=\"800\" height=\"800\" src=\"https:\/\/www.amatimmobiliaris.com\/w\/wp-content\/uploads\/2025\/03\/6-1-1024x1024.jpg\" class=\"attachment-large size-large\" alt=\"Presentaci\u00f3 Informe de Mercat 2024 Amat Immobiliaris\" srcset=\"https:\/\/www.amatimmobiliaris.com\/w\/wp-content\/uploads\/2025\/03\/6-1-1024x1024.jpg 1024w, https:\/\/www.amatimmobiliaris.com\/w\/wp-content\/uploads\/2025\/03\/6-1-300x300.jpg 300w, https:\/\/www.amatimmobiliaris.com\/w\/wp-content\/uploads\/2025\/03\/6-1-150x150.jpg 150w, https:\/\/www.amatimmobiliaris.com\/w\/wp-content\/uploads\/2025\/03\/6-1-768x768.jpg 768w, https:\/\/www.amatimmobiliaris.com\/w\/wp-content\/uploads\/2025\/03\/6-1-1536x1536.jpg 1536w, https:\/\/www.amatimmobiliaris.com\/w\/wp-content\/uploads\/2025\/03\/6-1.jpg 2000w\" sizes=\"(max-width: 800px) 100vw, 800px\" \/><\/a>\n\t\t\t<\/div><\/figure>\n\t\t<\/div>\n\n<p>&nbsp;<\/p>\n<h3><strong>Mercat de lloguer<\/strong><\/h3>\n<p>L\u2019accessibilitat al lloguer ha estat una de les grans preocupacions del 2024. El principal factor d\u2019aquest col\u00b7lapse \u00e9s la<strong> falta de rotaci\u00f3 d&#8217;habitatges disponibles<\/strong>. Si no hi ha rotaci\u00f3, l&#8217;oferta no pot renovar-se, fet que provoca un <strong>bloqueig del mercat<\/strong>. Tot i aix\u00f2, la cartera de lloguer ha mostrat una estabilitat en el nombre de ren\u00fancies, que ha estat pr\u00e0cticament igual a l&#8217;any 2023.<br \/>\nElls motius principals de les sortides dels llogaters han estat: el <strong>33%<\/strong> dels inquilins han marxat a un altre pis de lloguer,\u00a0 el <strong>28%<\/strong> passen a ser propietaris, sigui per compra o per her\u00e8ncia,\u00a0 el <strong>22%<\/strong> marxen a l&#8217;estranger, el<strong> 10%<\/strong> per motius personals i el <strong>7%<\/strong> per altres raons.<\/p>\n<p>Aix\u00ed doncs, la <strong>durada mitjana d&#8217;un contracte de lloguer \u00e9s de 3,92 anys,<\/strong> i en un<strong> 5%<\/strong> dels casos, el propietari decideix no renovar el contracte.\u00a0 Els contractes signats aquest \u00faltim any han<strong> caigut un 18% respecte a 2023,<\/strong> i fins a un <strong>43% en els darrers dos anys.<\/strong>\u00a0Aix\u00f2 s&#8217;ha tradu\u00eft en uns ingressos que han retrocedit fins a nivells de fa <strong>25 anys.<\/strong><\/p>\n<p>Els preus del lloguer han experimentat una evoluci\u00f3 irregular. El primer trimestre va mostrar un increment artificial, per\u00f2 amb poc recorregut temporal. En termes generals, el preu mitj\u00e0 de lloguer ha caigut un 1,8% des de l&#8217;any passat, trencant una tend\u00e8ncia de creixement del 6% anual durant els darrers tres anys. No obstant aix\u00f2, a nivell de renda absoluta, hem observat un increment dels lloguers, amb m\u00e9s cases llogades i menys pisos, fet que s\u2019ha tradu\u00eft en una major renda global.<\/p>\n<p>Els estrangers ocupen una part molt gran del mercat de lloguer, ja que s\u00f3n considerats candidats m\u00e9s s\u00f2lids econ\u00f2micament. A m\u00e9s, en el nostre model de negoci, <strong>nom\u00e9s publiquem el 25% de l&#8217;oferta a portals immobiliaris,<\/strong> ja que la resta la gestionem internament a trav\u00e9s de demandes registrades o compromisos previs, oferint &#8220;habitatge sense publicar&#8221; per optimitzar la gesti\u00f3. Aix\u00f2 pot explicar, perqu\u00e8 als portals immobiliaris nom\u00e9s veiem oferta de temporada.<\/p>\n<p>&nbsp;<\/p>\n<blockquote>\n<h4 style=\"text-align: center;\"><strong><span style=\"color: #9d3540;\"><em>&#8221; La situaci\u00f3 del lloguer s\u2019ha vist agreujada per un r\u00e8gim sancionador que s&#8217;ha mostrat desmesurat, incrementant els riscos per a les empreses del sector.&#8221;<\/em><\/span><\/strong><\/h4>\n<\/blockquote>\n<h5><\/h5>\n<h5><strong><b><span style=\"color: #9d3540;\">Lloguer de Temporada<\/span><\/b><\/strong><\/h5>\n<p>El lloguer de temporada ha estat un dels temes m\u00e9s debatuts durant els darrers mesos, especialment arran de la <strong>regulaci\u00f3 aprovada<\/strong>\u00a0poc abans de les eleccions, que va durar nom\u00e9s un mes. Aquesta mesura, tot i la seva breu vig\u00e8ncia, ha tingut un impacte directe sobre el mercat.<\/p>\n<p>\u00c9s important destacar que no hem observat un trasllat de contractes de llarga durada a curta. La nostra cartera de lloguer de temporada ha crescut lleugerament, i l&#8217;activitat s&#8217;ha mantingut estable, malgrat les noves normatives. Aix\u00f2 demostra que el lloguer de temporada \u00e9s una necessitat real per molts demandants i que la seva exist\u00e8ncia no substitueix els contractes de llarga durada, sin\u00f3 que respon a una demanda espec\u00edfica.<\/p>\n<p>Si aquesta modalitat de lloguer s&#8217;elimina, els demandants no desapareixeran. Les<strong> persones continuaran necessitant un espai on allotjar-se<\/strong>, i aquesta necessitat es traslladar\u00e0 al mercat de llarga durada, el que podria comportar una ocupaci\u00f3 m\u00e9s alta d\u2019aquests habitatges. Tanmateix, \u00e9s fonamental entendre que no tota l&#8217;oferta de lloguer de temporada es reintegrar\u00e0 al mercat de llarga durada, cosa que podria generar un<strong> desequilibri en l&#8217;oferta i la demanda d\u2019habitatges a llarg termini.<\/strong><\/p>\n<p>Des d&#8217;Amat, creiem que les regulacions han de ser pensades amb una visi\u00f3 a llarg termini, que tingui en compte les necessitats de tots els actors del mercat i garanteixi l&#8217;equilibri entre l&#8217;oferta i la demanda, evitant mesures que podrien generar m\u00e9s problemes que solucions.<\/p>\n<p>En el nostre cas, la\u00a0<strong>durada mitjana de l\u2019estada temporal \u00e9s de 13 mesos.<\/strong>\u00a0El\u00a0<strong>83% dels llogaters<\/strong>\u00a0de\u00a0<a href=\"https:\/\/temporada.amatimmobiliaris.com\/?_gl=1*137xd12*_gcl_au*MTQ1ODE5MzIwOC4xNzM5NzgxNDE5\" target=\"_blank\" rel=\"noopener\">lloguer de temporada<\/a> es traslladen el nostre pa\u00eds per a motius <strong>d\u2019estudi, principalment a escoles de negocis.<\/strong>\u00a0Aix\u00ed mateix, el\u00a0<strong>12,5% ho fa per motius laborals, i el 4,5% restant ho fa per altres motius personals.<\/strong><\/p>\n<p>&nbsp;<\/p>\n<h3><strong>Mercat de venda<\/strong><\/h3>\n<h5><strong><b><span style=\"color: #9d3540;\">Segona m\u00e0<\/span><\/b><\/strong><\/h5>\n<p style=\"text-align: justify;\">Pel que fa a <strong>vendes de segona m\u00e0<\/strong>, el 2024 ha estat un any de creixement significatiu. El volum de vendes ha augmentat un <strong>13%,<\/strong> i les transaccions han crescut un <strong>21% respecte al 2023<\/strong>. Aquestes dades reflecteixen una situaci\u00f3 bipolar en qu\u00e8 la demanda continua sent elevada, per\u00f2 l&#8217;oferta \u00e9s escassa, amb una gran disfunci\u00f3 entre ambdues.<\/p>\n<p style=\"text-align: justify;\">En aquest context, la <em>Golden Visa<\/em> ha tingut un impacte important, accelerant de manera artificial les operacions, ja que molts compradors estrangers adquireixen habitatges que pr\u00e8viament estaven destinats al lloguer. A Amat, <strong>el 12%<\/strong> de les operacions de venda han estat a compradors extracomunitaris. Els compradors m\u00e9s actius s\u00f3n, en la seva majoria, <strong>menors de 40 anys<\/strong>, que busquen una soluci\u00f3 davant la <strong>impossibilitat d&#8217;accedir al lloguer.<\/strong><\/p>\n<p>La venda de segona m\u00e0 ha seguit la tend\u00e8ncia alcista dels preus, amb un creixement generalitzat dels preus en tot el territori. Tot i que el volum d&#8217;oferta ha crescut un <strong>8%<\/strong> respecte a 2023, la repercussi\u00f3 dels preus ha variat segons les zones, amb algunes \u00e0rees com Sant Just Desvern, on el preu absolut ha augmentat.<\/p>\n<p>Per tant, podem dir que <strong>la situaci\u00f3 del mercat de venda del 2024 ha estat bona.<\/strong> Ven\u00edem d&#8217;un 2023 marcat per la pujada de tipus d&#8217;inter\u00e8s i un acc\u00e9s complicat al finan\u00e7ament. A mesura que aquest escenari ha anat canviant, els primers mesos del 2024 la recuperaci\u00f3 de l&#8217;activitat ha estat molt clara.<\/p>\n<h5><strong><b><span style=\"color: #9d3540;\">Mercat de Luxury<\/span><\/b><\/strong><\/h5>\n<p>La majoria dels<strong> compradors s\u00f3n locals<\/strong>, amb un increment significatiu d&#8217;activitat a Sant Just i Sant Cugat. En aquest segment, les transaccions han estat m\u00e9s elevades en tipologies de gran mida, amb un repunt de les operacions finan\u00e7ades. Tanmateix, el perfil d&#8217;inversor continua sent baix, mentre que els compradors estrangers, principalment gr\u00e0cies a la <em>Golden Visa<\/em>, han accelerat l&#8217;activitat.<\/p>\n<h5><strong><b><span style=\"color: #9d3540;\">Obra nova<\/span><\/b><\/strong><\/h5>\n<p>El mercat d&#8217;obra nova ha viscut un <strong>creixement de les vendes del 20%<\/strong>, amb un ritme m\u00e9s alt que el 2023. En aquest cas, els compradors s\u00f3n majorit\u00e0riament aquells que no poden accedir al lloguer i que busquen una alternativa per la via de la compra. Aquests compradors sovint reben l&#8217;ajuda de familiars per poder afrontar l&#8217;entrada del pis. Per altra banda, la repercussi\u00f3 d&#8217;inversors continua sent insuficient, amb poca pres\u00e8ncia d&#8217;operacions a gran escala.<\/p>\n<blockquote>\n<h4 style=\"text-align: center;\"><strong><span style=\"color: #9d3540;\"><em>&#8221; El proc\u00e9s urban\u00edstic continua sent lent, complex i burocr\u00e0tic.&#8221;<\/em><\/span><\/strong><\/h4>\n<\/blockquote>\n<p><a href=\"https:\/\/www.ara.cat\/economia\/immobiliari\/l-avis-d-immobiliaria-catalana-l-acces-lloguer-sera-limitadissim-proxima-decada_1_5326481.html\"><img loading=\"lazy\" decoding=\"async\" class=\"alignnone wp-image-38925 size-large\" src=\"https:\/\/www.amatimmobiliaris.com\/w\/wp-content\/uploads\/2025\/03\/1-1-e1743174834615-1024x471.png\" alt=\"\" width=\"800\" height=\"368\" srcset=\"https:\/\/www.amatimmobiliaris.com\/w\/wp-content\/uploads\/2025\/03\/1-1-e1743174834615-1024x471.png 1024w, https:\/\/www.amatimmobiliaris.com\/w\/wp-content\/uploads\/2025\/03\/1-1-e1743174834615-300x138.png 300w, https:\/\/www.amatimmobiliaris.com\/w\/wp-content\/uploads\/2025\/03\/1-1-e1743174834615-768x353.png 768w, https:\/\/www.amatimmobiliaris.com\/w\/wp-content\/uploads\/2025\/03\/1-1-e1743174834615.png 1200w\" sizes=\"(max-width: 800px) 100vw, 800px\" \/><\/a><a href=\"https:\/\/www.viaempresa.cat\/economia\/habitatge-lloguer-desequilibri-oferta-demanda-collapse_2211694_102.html\"><img loading=\"lazy\" decoding=\"async\" class=\"alignnone wp-image-38928 size-large\" src=\"https:\/\/www.amatimmobiliaris.com\/w\/wp-content\/uploads\/2025\/03\/2-1-e1743174865855-1024x356.png\" alt=\"\" width=\"800\" height=\"278\" srcset=\"https:\/\/www.amatimmobiliaris.com\/w\/wp-content\/uploads\/2025\/03\/2-1-e1743174865855-1024x356.png 1024w, https:\/\/www.amatimmobiliaris.com\/w\/wp-content\/uploads\/2025\/03\/2-1-e1743174865855-300x104.png 300w, https:\/\/www.amatimmobiliaris.com\/w\/wp-content\/uploads\/2025\/03\/2-1-e1743174865855-768x267.png 768w, https:\/\/www.amatimmobiliaris.com\/w\/wp-content\/uploads\/2025\/03\/2-1-e1743174865855.png 1200w\" sizes=\"(max-width: 800px) 100vw, 800px\" \/><\/a><a href=\"https:\/\/www.totbarcelona.cat\/habitatge\/lloguers-estrangers-disparen-i-suposen-60-nous-contractes-604378\/\"><img loading=\"lazy\" decoding=\"async\" class=\"alignnone wp-image-38931 size-large\" src=\"https:\/\/www.amatimmobiliaris.com\/w\/wp-content\/uploads\/2025\/03\/3-2-e1743174894814-1024x339.png\" alt=\"\" width=\"800\" height=\"265\" srcset=\"https:\/\/www.amatimmobiliaris.com\/w\/wp-content\/uploads\/2025\/03\/3-2-e1743174894814-1024x339.png 1024w, https:\/\/www.amatimmobiliaris.com\/w\/wp-content\/uploads\/2025\/03\/3-2-e1743174894814-300x99.png 300w, https:\/\/www.amatimmobiliaris.com\/w\/wp-content\/uploads\/2025\/03\/3-2-e1743174894814-768x254.png 768w, https:\/\/www.amatimmobiliaris.com\/w\/wp-content\/uploads\/2025\/03\/3-2-e1743174894814.png 1200w\" sizes=\"(max-width: 800px) 100vw, 800px\" \/><\/a><a href=\"https:\/\/www.elpuntavui.cat\/societat\/article\/5-societat\/2521274-els-estrangers-superen-els-autoctons-en-els-nous-lloguers-a-barcelona.html\"><img loading=\"lazy\" decoding=\"async\" class=\"alignnone wp-image-38934 size-large\" src=\"https:\/\/www.amatimmobiliaris.com\/w\/wp-content\/uploads\/2025\/03\/4-1-e1743174938723-1024x499.png\" alt=\"\" width=\"800\" height=\"390\" srcset=\"https:\/\/www.amatimmobiliaris.com\/w\/wp-content\/uploads\/2025\/03\/4-1-e1743174938723-1024x499.png 1024w, https:\/\/www.amatimmobiliaris.com\/w\/wp-content\/uploads\/2025\/03\/4-1-e1743174938723-300x146.png 300w, https:\/\/www.amatimmobiliaris.com\/w\/wp-content\/uploads\/2025\/03\/4-1-e1743174938723-768x374.png 768w, https:\/\/www.amatimmobiliaris.com\/w\/wp-content\/uploads\/2025\/03\/4-1-e1743174938723.png 1200w\" sizes=\"(max-width: 800px) 100vw, 800px\" \/><\/a><a href=\"https:\/\/www.lavanguardia.com\/economia\/20250325\/10517888\/anuncios-alquileres-desaparecen-inmobiliarias.html\"><img loading=\"lazy\" decoding=\"async\" class=\"alignnone wp-image-38940 size-large\" src=\"https:\/\/www.amatimmobiliaris.com\/w\/wp-content\/uploads\/2025\/03\/6-e1743175001441-1024x777.png\" alt=\"\" width=\"800\" height=\"607\" srcset=\"https:\/\/www.amatimmobiliaris.com\/w\/wp-content\/uploads\/2025\/03\/6-e1743175001441-1024x777.png 1024w, https:\/\/www.amatimmobiliaris.com\/w\/wp-content\/uploads\/2025\/03\/6-e1743175001441-300x228.png 300w, https:\/\/www.amatimmobiliaris.com\/w\/wp-content\/uploads\/2025\/03\/6-e1743175001441-768x582.png 768w, https:\/\/www.amatimmobiliaris.com\/w\/wp-content\/uploads\/2025\/03\/6-e1743175001441.png 1200w\" sizes=\"(max-width: 800px) 100vw, 800px\" \/><\/a><a href=\"https:\/\/www.actualidad.es\/economia\/2025\/03\/25\/la-crisis-del-alquiler-en-barcelona-un-mercado-en-tension\/?refresh_ce\"><img loading=\"lazy\" decoding=\"async\" class=\"alignnone wp-image-38943 size-large\" src=\"https:\/\/www.amatimmobiliaris.com\/w\/wp-content\/uploads\/2025\/03\/7-e1743175033866-1024x620.png\" alt=\"\" width=\"800\" height=\"484\" srcset=\"https:\/\/www.amatimmobiliaris.com\/w\/wp-content\/uploads\/2025\/03\/7-e1743175033866-1024x620.png 1024w, https:\/\/www.amatimmobiliaris.com\/w\/wp-content\/uploads\/2025\/03\/7-e1743175033866-300x182.png 300w, https:\/\/www.amatimmobiliaris.com\/w\/wp-content\/uploads\/2025\/03\/7-e1743175033866-768x465.png 768w, https:\/\/www.amatimmobiliaris.com\/w\/wp-content\/uploads\/2025\/03\/7-e1743175033866.png 1200w\" sizes=\"(max-width: 800px) 100vw, 800px\" \/><\/a><a href=\"https:\/\/www.20minutos.es\/noticia\/5694332\/0\/los-alquileres-extranjeros-se-disparan-ya-representan-seis-cada-diez-nuevos-arrendamientos-barcelona-2024\/\"><img loading=\"lazy\" decoding=\"async\" class=\"alignnone wp-image-38946 size-large\" src=\"https:\/\/www.amatimmobiliaris.com\/w\/wp-content\/uploads\/2025\/03\/8-e1743175063207-1024x480.png\" alt=\"\" width=\"800\" height=\"375\" srcset=\"https:\/\/www.amatimmobiliaris.com\/w\/wp-content\/uploads\/2025\/03\/8-e1743175063207-1024x480.png 1024w, https:\/\/www.amatimmobiliaris.com\/w\/wp-content\/uploads\/2025\/03\/8-e1743175063207-300x141.png 300w, https:\/\/www.amatimmobiliaris.com\/w\/wp-content\/uploads\/2025\/03\/8-e1743175063207-768x360.png 768w, https:\/\/www.amatimmobiliaris.com\/w\/wp-content\/uploads\/2025\/03\/8-e1743175063207.png 1200w\" sizes=\"(max-width: 800px) 100vw, 800px\" \/><\/a><a href=\"https:\/\/www.elperiodico.cat\/ca\/economia\/20250326\/meitat-dels-lloguers-renoven-passen-115690439\"><img loading=\"lazy\" decoding=\"async\" class=\"alignnone wp-image-38949 size-large\" src=\"https:\/\/www.amatimmobiliaris.com\/w\/wp-content\/uploads\/2025\/03\/9-e1743175099545-1024x428.png\" alt=\"\" width=\"800\" height=\"334\" srcset=\"https:\/\/www.amatimmobiliaris.com\/w\/wp-content\/uploads\/2025\/03\/9-e1743175099545-1024x428.png 1024w, https:\/\/www.amatimmobiliaris.com\/w\/wp-content\/uploads\/2025\/03\/9-e1743175099545-300x126.png 300w, https:\/\/www.amatimmobiliaris.com\/w\/wp-content\/uploads\/2025\/03\/9-e1743175099545-768x321.png 768w, https:\/\/www.amatimmobiliaris.com\/w\/wp-content\/uploads\/2025\/03\/9-e1743175099545.png 1200w\" sizes=\"(max-width: 800px) 100vw, 800px\" \/><\/a><a href=\"https:\/\/www.expansion.com\/catalunya\/2025\/03\/25\/67e2971ce5fdea7d0e8b4583.html\"><img loading=\"lazy\" decoding=\"async\" class=\"alignnone wp-image-38955 size-large\" src=\"https:\/\/www.amatimmobiliaris.com\/w\/wp-content\/uploads\/2025\/03\/10-1-e1743175142961-1024x424.png\" alt=\"\" width=\"800\" height=\"331\" srcset=\"https:\/\/www.amatimmobiliaris.com\/w\/wp-content\/uploads\/2025\/03\/10-1-e1743175142961-1024x424.png 1024w, https:\/\/www.amatimmobiliaris.com\/w\/wp-content\/uploads\/2025\/03\/10-1-e1743175142961-300x124.png 300w, https:\/\/www.amatimmobiliaris.com\/w\/wp-content\/uploads\/2025\/03\/10-1-e1743175142961-768x318.png 768w, https:\/\/www.amatimmobiliaris.com\/w\/wp-content\/uploads\/2025\/03\/10-1-e1743175142961.png 1200w\" sizes=\"(max-width: 800px) 100vw, 800px\" \/><\/a><a href=\"https:\/\/www.catalannews.com\/society-science\/item\/6-in-10-rented-apartments-in-barcelona-leased-by-foreigners-last-year\"><img loading=\"lazy\" decoding=\"async\" class=\"alignnone wp-image-38958 size-large\" src=\"https:\/\/www.amatimmobiliaris.com\/w\/wp-content\/uploads\/2025\/03\/11-e1743175171735-1024x324.png\" alt=\"\" width=\"800\" height=\"253\" srcset=\"https:\/\/www.amatimmobiliaris.com\/w\/wp-content\/uploads\/2025\/03\/11-e1743175171735-1024x324.png 1024w, https:\/\/www.amatimmobiliaris.com\/w\/wp-content\/uploads\/2025\/03\/11-e1743175171735-300x95.png 300w, https:\/\/www.amatimmobiliaris.com\/w\/wp-content\/uploads\/2025\/03\/11-e1743175171735-768x243.png 768w, https:\/\/www.amatimmobiliaris.com\/w\/wp-content\/uploads\/2025\/03\/11-e1743175171735.png 1200w\" sizes=\"(max-width: 800px) 100vw, 800px\" \/><\/a><a href=\"https:\/\/www.thenewbarcelonapost.cat\/venda-pisos-repunta-barcelona-mentre-lloguer-continua-caient\/\"><img loading=\"lazy\" decoding=\"async\" class=\"alignnone wp-image-38961 size-large\" src=\"https:\/\/www.amatimmobiliaris.com\/w\/wp-content\/uploads\/2025\/03\/12-e1743175205222-1024x1013.png\" alt=\"\" width=\"800\" height=\"791\" srcset=\"https:\/\/www.amatimmobiliaris.com\/w\/wp-content\/uploads\/2025\/03\/12-e1743175205222-1024x1013.png 1024w, https:\/\/www.amatimmobiliaris.com\/w\/wp-content\/uploads\/2025\/03\/12-e1743175205222-300x297.png 300w, https:\/\/www.amatimmobiliaris.com\/w\/wp-content\/uploads\/2025\/03\/12-e1743175205222-768x760.png 768w, https:\/\/www.amatimmobiliaris.com\/w\/wp-content\/uploads\/2025\/03\/12-e1743175205222.png 1200w\" sizes=\"(max-width: 800px) 100vw, 800px\" \/><\/a><a href=\"https:\/\/www.idealista.com\/news\/inmobiliario\/vivienda\/2025\/03\/29\/838677-barcelona-ante-un-mercado-a-dos-velocidades-auge-de-la-venta-desplome-del-alquiler?utm_medium=email&amp;utm_campaign=news_daily&amp;utm_campaigntype=retention&amp;utm_creation=news_daily_20250331&amp;utm_date_send=2025-03-3107:25:00&amp;utm_link=m5TitularNode838677&amp;utm_project=visitGeneration&amp;utm_recipient_id=72425077531&amp;utm_recipient_list=3&amp;utm_source=newsletters\"><img loading=\"lazy\" decoding=\"async\" class=\"alignnone wp-image-39023 size-large\" src=\"https:\/\/www.amatimmobiliaris.com\/w\/wp-content\/uploads\/2025\/03\/Copia-de-clipping-MR-1-e1743419611329-1024x269.png\" alt=\"\" width=\"800\" height=\"210\" srcset=\"https:\/\/www.amatimmobiliaris.com\/w\/wp-content\/uploads\/2025\/03\/Copia-de-clipping-MR-1-e1743419611329-1024x269.png 1024w, https:\/\/www.amatimmobiliaris.com\/w\/wp-content\/uploads\/2025\/03\/Copia-de-clipping-MR-1-e1743419611329-300x79.png 300w, https:\/\/www.amatimmobiliaris.com\/w\/wp-content\/uploads\/2025\/03\/Copia-de-clipping-MR-1-e1743419611329-768x202.png 768w, https:\/\/www.amatimmobiliaris.com\/w\/wp-content\/uploads\/2025\/03\/Copia-de-clipping-MR-1-e1743419611329.png 1200w\" sizes=\"(max-width: 800px) 100vw, 800px\" \/><\/a><a href=\"https:\/\/blogprofesional.fotocasa.es\/amat-immobiliaris-prevision-pesimista-oferta-alquiler\/\"><img loading=\"lazy\" decoding=\"async\" class=\"alignnone wp-image-39237 size-full\" src=\"https:\/\/www.amatimmobiliaris.com\/w\/wp-content\/uploads\/2025\/03\/fotocasa.png\" alt=\"\" width=\"839\" height=\"386\" srcset=\"https:\/\/www.amatimmobiliaris.com\/w\/wp-content\/uploads\/2025\/03\/fotocasa.png 839w, https:\/\/www.amatimmobiliaris.com\/w\/wp-content\/uploads\/2025\/03\/fotocasa-300x138.png 300w, https:\/\/www.amatimmobiliaris.com\/w\/wp-content\/uploads\/2025\/03\/fotocasa-768x353.png 768w\" sizes=\"(max-width: 839px) 100vw, 839px\" \/><\/a><\/p>\n<p>&nbsp;<\/p>\n<p>&nbsp;<\/p>\n<p>&nbsp;<\/p>\n<p>Si voleu veure l&#8217;informe de mercat complet, ho podeu fer <a href=\"https:\/\/issuu.com\/amatimmobiliaris\/docs\/informe_mercat_immobiliari_mr-2024\" target=\"_blank\" rel=\"noopener\">aqu\u00ed<\/a>.<\/p>\n<p>&nbsp;<\/p>\n<p style=\"text-align: justify;\">Per qualsevol dubte, o si vols informaci\u00f3, pots contactar amb nosaltres a trav\u00e9s d&#8217;<span style=\"color: #0000ff;\"><a style=\"color: # 0000ff;\" href=\"mailto:info@amatimmo.cat\">info@amatimmo.cat<\/a><\/span> o trucant-nos al (+34) 934 803 400.<\/p>\n<p>&nbsp;<\/p>\n<pre><strong>T'ha agradat l'article? <b>Comparteix-t'ho! <a href=\"https:\/\/www.facebook.com\/sharer\/sharer.php?u=https%3A%2F%2Fwww.amatimmobiliaris.com%2Fw%2F2024%2F03%2presentamos-el-informe-de-mercado-del-2023-a-la-prensa%2F\" class=\"broken_link\" rel=\"nofollow\"><img loading=\"lazy\" decoding=\"async\" class=\"alignnone wp-image-19024 size-full\" src=\"https:\/\/www.amatimmobiliaris.com\/w\/wp-content\/uploads\/2021\/11\/fb.png\" alt=\"\" width=\"12\" height=\"24\" \/><\/a><a href=\"https:\/\/www.linkedin.com\/sharing\/share-offsite\/?url=https%3A%2F%2Fwww.amatimmobiliaris.com%2Fw%2F2024%2F03%2Fpresentamos-el-informe-de-mercado-del-2023-a-la-prensa%2F\"><img loading=\"lazy\" decoding=\"async\" class=\"alignnone wp-image-19028 size-full\" src=\"https:\/\/www.amatimmobiliaris.com\/w\/wp-content\/uploads\/2021\/11\/linkedin.png\" alt=\"\" width=\"25\" height=\"25\" \/><\/a><\/b><\/strong><\/pre>\n","protected":false},"excerpt":{"rendered":"<p>El director general d&#8217;Amat, Guifr\u00e9 Homedes, presenta l&#8217;informe de Mercat del 2024 a la nostra oficina Luxury a Barcelona. El passat 25 de mar\u00e7, el nostre director general, Guifr\u00e9 Homedes, va presentar davant dels mitjans, el 12\u00e8 Informe de Mercat 2024 d&#8217;Amat Immobiliaris, que engloba i resumeix les nostres dades de l&#8217;any passat i com [&hellip;]<\/p>\n","protected":false},"author":4,"featured_media":38822,"comment_status":"closed","ping_status":"closed","sticky":false,"template":"","format":"standard","meta":{"content-type":"","footnotes":""},"categories":[1147,1157],"tags":[727,74,113,1680,262,342,657,1558,239,674,1350,1725,1727,89,557],"yoast_head":"<!-- This site is optimized with the Yoast SEO plugin v23.9 - https:\/\/yoast.com\/wordpress\/plugins\/seo\/ -->\n<title>Presentem l&#039;Informe de Mercat del 2024 a la premsa | Amat Immobiliaris<\/title>\n<meta name=\"description\" content=\"El passat 25 de mar\u00e7 el nostre Director General, Guifr\u00e9 Homedes, va presentar davant de la premsa l&#039;Informe de Mercat del 2024 d&#039;Amat.\" \/>\n<meta name=\"robots\" content=\"index, follow, max-snippet:-1, max-image-preview:large, max-video-preview:-1\" \/>\n<link rel=\"canonical\" href=\"https:\/\/www.amatimmobiliaris.com\/w\/ca\/2024\/03\/presentem-linforme-de-mercat-del-2024-a-la-premsa\/\" \/>\n<meta property=\"og:locale\" content=\"ca_ES\" \/>\n<meta property=\"og:type\" content=\"article\" \/>\n<meta property=\"og:title\" content=\"Presentem l&#039;Informe de Mercat del 2024 a la premsa | Amat Immobiliaris\" \/>\n<meta property=\"og:description\" content=\"El passat 25 de mar\u00e7 el nostre Director General, Guifr\u00e9 Homedes, va presentar davant de la premsa l&#039;Informe de Mercat del 2024 d&#039;Amat.\" \/>\n<meta property=\"og:url\" content=\"https:\/\/www.amatimmobiliaris.com\/w\/ca\/2024\/03\/presentem-linforme-de-mercat-del-2024-a-la-premsa\/\" \/>\n<meta property=\"og:site_name\" content=\"Amat Immobiliaris\" \/>\n<meta property=\"article:publisher\" content=\"https:\/\/www.facebook.com\/amatimmobiliaris\" \/>\n<meta property=\"article:published_time\" content=\"2025-03-26T09:18:50+00:00\" \/>\n<meta property=\"article:modified_time\" content=\"2025-04-09T16:55:05+00:00\" \/>\n<meta property=\"og:image\" content=\"https:\/\/www.amatimmobiliaris.com\/w\/wp-content\/uploads\/2025\/03\/6-2-1024x1024.jpg\" \/>\n\t<meta property=\"og:image:width\" content=\"1024\" \/>\n\t<meta property=\"og:image:height\" content=\"1024\" \/>\n\t<meta property=\"og:image:type\" content=\"image\/jpeg\" \/>\n<meta name=\"author\" content=\"Marina Payan\" \/>\n<meta name=\"twitter:card\" content=\"summary_large_image\" \/>\n<meta name=\"twitter:creator\" content=\"@amat_cat\" \/>\n<meta name=\"twitter:site\" content=\"@amat_cat\" \/>\n<meta name=\"twitter:label1\" content=\"Escrit per\" \/>\n\t<meta name=\"twitter:data1\" content=\"Marina Payan\" \/>\n\t<meta name=\"twitter:label2\" content=\"Temps estimat de lectura\" \/>\n\t<meta name=\"twitter:data2\" content=\"9 minuts\" \/>\n<script type=\"application\/ld+json\" class=\"yoast-schema-graph\">{\"@context\":\"https:\/\/schema.org\",\"@graph\":[{\"@type\":\"Article\",\"@id\":\"https:\/\/www.amatimmobiliaris.com\/w\/ca\/2024\/03\/presentem-linforme-de-mercat-del-2024-a-la-premsa\/#article\",\"isPartOf\":{\"@id\":\"https:\/\/www.amatimmobiliaris.com\/w\/ca\/2025\/03\/presentem-linforme-de-mercat-del-2024-a-la-premsa\/\"},\"author\":{\"name\":\"Marina Payan\",\"@id\":\"https:\/\/www.amatimmobiliaris.com\/w\/#\/schema\/person\/d62b55fd12a2bc4550743759f52bdc8f\"},\"headline\":\"Presentem l&#8217;Informe de Mercat del 2024 a la premsa\",\"datePublished\":\"2025-03-26T09:18:50+00:00\",\"dateModified\":\"2025-04-09T16:55:05+00:00\",\"mainEntityOfPage\":{\"@id\":\"https:\/\/www.amatimmobiliaris.com\/w\/ca\/2025\/03\/presentem-linforme-de-mercat-del-2024-a-la-premsa\/\"},\"wordCount\":1228,\"publisher\":{\"@id\":\"https:\/\/www.amatimmobiliaris.com\/w\/#organization\"},\"image\":{\"@id\":\"https:\/\/www.amatimmobiliaris.com\/w\/ca\/2024\/03\/presentem-linforme-de-mercat-del-2024-a-la-premsa\/#primaryimage\"},\"thumbnailUrl\":\"https:\/\/www.amatimmobiliaris.com\/w\/wp-content\/uploads\/2025\/03\/6-2.jpg\",\"keywords\":[\"Amat Luxury\",\"Economia\",\"Entorn Immobiliari\",\"Guifre Homedes\",\"Habitaci\u00f3\",\"Immobiliaria\",\"Informe de mercat\",\"Lloguer\",\"Luxe\",\"Mercat immobiliari\",\"Obra nova\",\"Rehabilitaci\u00f3\",\"Renovar\",\"Sector immobiliari\",\"Societat\"],\"articleSection\":[\"El m\u00f3n Amat\",\"Not\u00edcies\"],\"inLanguage\":\"ca\"},{\"@type\":\"WebPage\",\"@id\":\"https:\/\/www.amatimmobiliaris.com\/w\/ca\/2025\/03\/presentem-linforme-de-mercat-del-2024-a-la-premsa\/\",\"url\":\"https:\/\/www.amatimmobiliaris.com\/w\/ca\/2024\/03\/presentem-linforme-de-mercat-del-2024-a-la-premsa\/\",\"name\":\"Presentem l'Informe de Mercat del 2024 a la premsa | Amat Immobiliaris\",\"isPartOf\":{\"@id\":\"https:\/\/www.amatimmobiliaris.com\/w\/#website\"},\"primaryImageOfPage\":{\"@id\":\"https:\/\/www.amatimmobiliaris.com\/w\/ca\/2024\/03\/presentem-linforme-de-mercat-del-2024-a-la-premsa\/#primaryimage\"},\"image\":{\"@id\":\"https:\/\/www.amatimmobiliaris.com\/w\/ca\/2024\/03\/presentem-linforme-de-mercat-del-2024-a-la-premsa\/#primaryimage\"},\"thumbnailUrl\":\"https:\/\/www.amatimmobiliaris.com\/w\/wp-content\/uploads\/2025\/03\/6-2.jpg\",\"datePublished\":\"2025-03-26T09:18:50+00:00\",\"dateModified\":\"2025-04-09T16:55:05+00:00\",\"description\":\"El passat 25 de mar\u00e7 el nostre Director General, Guifr\u00e9 Homedes, va presentar davant de la premsa l'Informe de Mercat del 2024 d'Amat.\",\"breadcrumb\":{\"@id\":\"https:\/\/www.amatimmobiliaris.com\/w\/ca\/2024\/03\/presentem-linforme-de-mercat-del-2024-a-la-premsa\/#breadcrumb\"},\"inLanguage\":\"ca\",\"potentialAction\":[{\"@type\":\"ReadAction\",\"target\":[\"https:\/\/www.amatimmobiliaris.com\/w\/ca\/2024\/03\/presentem-linforme-de-mercat-del-2024-a-la-premsa\/\"]}]},{\"@type\":\"ImageObject\",\"inLanguage\":\"ca\",\"@id\":\"https:\/\/www.amatimmobiliaris.com\/w\/ca\/2024\/03\/presentem-linforme-de-mercat-del-2024-a-la-premsa\/#primaryimage\",\"url\":\"https:\/\/www.amatimmobiliaris.com\/w\/wp-content\/uploads\/2025\/03\/6-2.jpg\",\"contentUrl\":\"https:\/\/www.amatimmobiliaris.com\/w\/wp-content\/uploads\/2025\/03\/6-2.jpg\",\"width\":2000,\"height\":2000},{\"@type\":\"BreadcrumbList\",\"@id\":\"https:\/\/www.amatimmobiliaris.com\/w\/ca\/2024\/03\/presentem-linforme-de-mercat-del-2024-a-la-premsa\/#breadcrumb\",\"itemListElement\":[{\"@type\":\"ListItem\",\"position\":1,\"name\":\"Home\",\"item\":\"https:\/\/www.amatimmobiliaris.com\/w\/ca\/\"},{\"@type\":\"ListItem\",\"position\":2,\"name\":\"El m\u00f3n Amat\",\"item\":\"https:\/\/www.amatimmobiliaris.com\/w\/ca\/categoria-ca\/el-mon-amat-ca\/\"},{\"@type\":\"ListItem\",\"position\":3,\"name\":\"Presentem l&#8217;Informe de Mercat del 2024 a la premsa\"}]},{\"@type\":\"WebSite\",\"@id\":\"https:\/\/www.amatimmobiliaris.com\/w\/#website\",\"url\":\"https:\/\/www.amatimmobiliaris.com\/w\/\",\"name\":\"Amat Immobiliaris\",\"description\":\"Empresa familiar del sector inmobiliario con oficinas en Barcelona, Sant Cugat del Vall\u00e9s y Sant Just Desvern. Te ayudamos a comprar, alquilar o vender tu casa o piso. Somos un equipo coherente con una cultura de empresa honesta, innovadora y eficaz. Tambi\u00e9n en www.amatluxury.com\",\"publisher\":{\"@id\":\"https:\/\/www.amatimmobiliaris.com\/w\/#organization\"},\"alternateName\":\"AmatImmo\",\"potentialAction\":[{\"@type\":\"SearchAction\",\"target\":{\"@type\":\"EntryPoint\",\"urlTemplate\":\"https:\/\/www.amatimmobiliaris.com\/w\/?s={search_term_string}\"},\"query-input\":{\"@type\":\"PropertyValueSpecification\",\"valueRequired\":true,\"valueName\":\"search_term_string\"}}],\"inLanguage\":\"ca\"},{\"@type\":\"Organization\",\"@id\":\"https:\/\/www.amatimmobiliaris.com\/w\/#organization\",\"name\":\"Amat Immobiliaris\",\"url\":\"https:\/\/www.amatimmobiliaris.com\/w\/\",\"logo\":{\"@type\":\"ImageObject\",\"inLanguage\":\"ca\",\"@id\":\"https:\/\/www.amatimmobiliaris.com\/w\/#\/schema\/logo\/image\/\",\"url\":\"https:\/\/www.amatimmobiliaris.com\/w\/wp-content\/uploads\/2022\/10\/amat-logo.jpg\",\"contentUrl\":\"https:\/\/www.amatimmobiliaris.com\/w\/wp-content\/uploads\/2022\/10\/amat-logo.jpg\",\"width\":900,\"height\":900,\"caption\":\"Amat Immobiliaris\"},\"image\":{\"@id\":\"https:\/\/www.amatimmobiliaris.com\/w\/#\/schema\/logo\/image\/\"},\"sameAs\":[\"https:\/\/www.facebook.com\/amatimmobiliaris\",\"https:\/\/x.com\/amat_cat\",\"https:\/\/www.instagram.com\/amat_immo\/\",\"https:\/\/www.linkedin.com\/company\/amat-finques\/\",\"https:\/\/www.youtube.com\/@amatimmobiliaris\"]},{\"@type\":\"Person\",\"@id\":\"https:\/\/www.amatimmobiliaris.com\/w\/#\/schema\/person\/d62b55fd12a2bc4550743759f52bdc8f\",\"name\":\"Marina Payan\"}]}<\/script>\n<!-- \/ Yoast SEO plugin. -->","yoast_head_json":{"title":"Presentem l'Informe de Mercat del 2024 a la premsa | Amat Immobiliaris","description":"El passat 25 de mar\u00e7 el nostre Director General, Guifr\u00e9 Homedes, va presentar davant de la premsa l'Informe de Mercat del 2024 d'Amat.","robots":{"index":"index","follow":"follow","max-snippet":"max-snippet:-1","max-image-preview":"max-image-preview:large","max-video-preview":"max-video-preview:-1"},"canonical":"https:\/\/www.amatimmobiliaris.com\/w\/ca\/2024\/03\/presentem-linforme-de-mercat-del-2024-a-la-premsa\/","og_locale":"ca_ES","og_type":"article","og_title":"Presentem l'Informe de Mercat del 2024 a la premsa | Amat Immobiliaris","og_description":"El passat 25 de mar\u00e7 el nostre Director General, Guifr\u00e9 Homedes, va presentar davant de la premsa l'Informe de Mercat del 2024 d'Amat.","og_url":"https:\/\/www.amatimmobiliaris.com\/w\/ca\/2024\/03\/presentem-linforme-de-mercat-del-2024-a-la-premsa\/","og_site_name":"Amat Immobiliaris","article_publisher":"https:\/\/www.facebook.com\/amatimmobiliaris","article_published_time":"2025-03-26T09:18:50+00:00","article_modified_time":"2025-04-09T16:55:05+00:00","og_image":[{"width":1024,"height":1024,"url":"https:\/\/www.amatimmobiliaris.com\/w\/wp-content\/uploads\/2025\/03\/6-2-1024x1024.jpg","type":"image\/jpeg"}],"author":"Marina Payan","twitter_card":"summary_large_image","twitter_creator":"@amat_cat","twitter_site":"@amat_cat","twitter_misc":{"Escrit per":"Marina Payan","Temps estimat de lectura":"9 minuts"},"schema":{"@context":"https:\/\/schema.org","@graph":[{"@type":"Article","@id":"https:\/\/www.amatimmobiliaris.com\/w\/ca\/2024\/03\/presentem-linforme-de-mercat-del-2024-a-la-premsa\/#article","isPartOf":{"@id":"https:\/\/www.amatimmobiliaris.com\/w\/ca\/2025\/03\/presentem-linforme-de-mercat-del-2024-a-la-premsa\/"},"author":{"name":"Marina Payan","@id":"https:\/\/www.amatimmobiliaris.com\/w\/#\/schema\/person\/d62b55fd12a2bc4550743759f52bdc8f"},"headline":"Presentem l&#8217;Informe de Mercat del 2024 a la premsa","datePublished":"2025-03-26T09:18:50+00:00","dateModified":"2025-04-09T16:55:05+00:00","mainEntityOfPage":{"@id":"https:\/\/www.amatimmobiliaris.com\/w\/ca\/2025\/03\/presentem-linforme-de-mercat-del-2024-a-la-premsa\/"},"wordCount":1228,"publisher":{"@id":"https:\/\/www.amatimmobiliaris.com\/w\/#organization"},"image":{"@id":"https:\/\/www.amatimmobiliaris.com\/w\/ca\/2024\/03\/presentem-linforme-de-mercat-del-2024-a-la-premsa\/#primaryimage"},"thumbnailUrl":"https:\/\/www.amatimmobiliaris.com\/w\/wp-content\/uploads\/2025\/03\/6-2.jpg","keywords":["Amat Luxury","Economia","Entorn Immobiliari","Guifre Homedes","Habitaci\u00f3","Immobiliaria","Informe de mercat","Lloguer","Luxe","Mercat immobiliari","Obra nova","Rehabilitaci\u00f3","Renovar","Sector immobiliari","Societat"],"articleSection":["El m\u00f3n Amat","Not\u00edcies"],"inLanguage":"ca"},{"@type":"WebPage","@id":"https:\/\/www.amatimmobiliaris.com\/w\/ca\/2025\/03\/presentem-linforme-de-mercat-del-2024-a-la-premsa\/","url":"https:\/\/www.amatimmobiliaris.com\/w\/ca\/2024\/03\/presentem-linforme-de-mercat-del-2024-a-la-premsa\/","name":"Presentem l'Informe de Mercat del 2024 a la premsa | Amat Immobiliaris","isPartOf":{"@id":"https:\/\/www.amatimmobiliaris.com\/w\/#website"},"primaryImageOfPage":{"@id":"https:\/\/www.amatimmobiliaris.com\/w\/ca\/2024\/03\/presentem-linforme-de-mercat-del-2024-a-la-premsa\/#primaryimage"},"image":{"@id":"https:\/\/www.amatimmobiliaris.com\/w\/ca\/2024\/03\/presentem-linforme-de-mercat-del-2024-a-la-premsa\/#primaryimage"},"thumbnailUrl":"https:\/\/www.amatimmobiliaris.com\/w\/wp-content\/uploads\/2025\/03\/6-2.jpg","datePublished":"2025-03-26T09:18:50+00:00","dateModified":"2025-04-09T16:55:05+00:00","description":"El passat 25 de mar\u00e7 el nostre Director General, Guifr\u00e9 Homedes, va presentar davant de la premsa l'Informe de Mercat del 2024 d'Amat.","breadcrumb":{"@id":"https:\/\/www.amatimmobiliaris.com\/w\/ca\/2024\/03\/presentem-linforme-de-mercat-del-2024-a-la-premsa\/#breadcrumb"},"inLanguage":"ca","potentialAction":[{"@type":"ReadAction","target":["https:\/\/www.amatimmobiliaris.com\/w\/ca\/2024\/03\/presentem-linforme-de-mercat-del-2024-a-la-premsa\/"]}]},{"@type":"ImageObject","inLanguage":"ca","@id":"https:\/\/www.amatimmobiliaris.com\/w\/ca\/2024\/03\/presentem-linforme-de-mercat-del-2024-a-la-premsa\/#primaryimage","url":"https:\/\/www.amatimmobiliaris.com\/w\/wp-content\/uploads\/2025\/03\/6-2.jpg","contentUrl":"https:\/\/www.amatimmobiliaris.com\/w\/wp-content\/uploads\/2025\/03\/6-2.jpg","width":2000,"height":2000},{"@type":"BreadcrumbList","@id":"https:\/\/www.amatimmobiliaris.com\/w\/ca\/2024\/03\/presentem-linforme-de-mercat-del-2024-a-la-premsa\/#breadcrumb","itemListElement":[{"@type":"ListItem","position":1,"name":"Home","item":"https:\/\/www.amatimmobiliaris.com\/w\/ca\/"},{"@type":"ListItem","position":2,"name":"El m\u00f3n Amat","item":"https:\/\/www.amatimmobiliaris.com\/w\/ca\/categoria-ca\/el-mon-amat-ca\/"},{"@type":"ListItem","position":3,"name":"Presentem l&#8217;Informe de Mercat del 2024 a la premsa"}]},{"@type":"WebSite","@id":"https:\/\/www.amatimmobiliaris.com\/w\/#website","url":"https:\/\/www.amatimmobiliaris.com\/w\/","name":"Amat Immobiliaris","description":"Empresa familiar del sector inmobiliario con oficinas en Barcelona, Sant Cugat del Vall\u00e9s y Sant Just Desvern. Te ayudamos a comprar, alquilar o vender tu casa o piso. Somos un equipo coherente con una cultura de empresa honesta, innovadora y eficaz. Tambi\u00e9n en www.amatluxury.com","publisher":{"@id":"https:\/\/www.amatimmobiliaris.com\/w\/#organization"},"alternateName":"AmatImmo","potentialAction":[{"@type":"SearchAction","target":{"@type":"EntryPoint","urlTemplate":"https:\/\/www.amatimmobiliaris.com\/w\/?s={search_term_string}"},"query-input":{"@type":"PropertyValueSpecification","valueRequired":true,"valueName":"search_term_string"}}],"inLanguage":"ca"},{"@type":"Organization","@id":"https:\/\/www.amatimmobiliaris.com\/w\/#organization","name":"Amat Immobiliaris","url":"https:\/\/www.amatimmobiliaris.com\/w\/","logo":{"@type":"ImageObject","inLanguage":"ca","@id":"https:\/\/www.amatimmobiliaris.com\/w\/#\/schema\/logo\/image\/","url":"https:\/\/www.amatimmobiliaris.com\/w\/wp-content\/uploads\/2022\/10\/amat-logo.jpg","contentUrl":"https:\/\/www.amatimmobiliaris.com\/w\/wp-content\/uploads\/2022\/10\/amat-logo.jpg","width":900,"height":900,"caption":"Amat Immobiliaris"},"image":{"@id":"https:\/\/www.amatimmobiliaris.com\/w\/#\/schema\/logo\/image\/"},"sameAs":["https:\/\/www.facebook.com\/amatimmobiliaris","https:\/\/x.com\/amat_cat","https:\/\/www.instagram.com\/amat_immo\/","https:\/\/www.linkedin.com\/company\/amat-finques\/","https:\/\/www.youtube.com\/@amatimmobiliaris"]},{"@type":"Person","@id":"https:\/\/www.amatimmobiliaris.com\/w\/#\/schema\/person\/d62b55fd12a2bc4550743759f52bdc8f","name":"Marina Payan"}]}},"_links":{"self":[{"href":"https:\/\/www.amatimmobiliaris.com\/w\/ca\/wp-json\/wp\/v2\/posts\/38773"}],"collection":[{"href":"https:\/\/www.amatimmobiliaris.com\/w\/ca\/wp-json\/wp\/v2\/posts"}],"about":[{"href":"https:\/\/www.amatimmobiliaris.com\/w\/ca\/wp-json\/wp\/v2\/types\/post"}],"author":[{"embeddable":true,"href":"https:\/\/www.amatimmobiliaris.com\/w\/ca\/wp-json\/wp\/v2\/users\/4"}],"replies":[{"embeddable":true,"href":"https:\/\/www.amatimmobiliaris.com\/w\/ca\/wp-json\/wp\/v2\/comments?post=38773"}],"version-history":[{"count":29,"href":"https:\/\/www.amatimmobiliaris.com\/w\/ca\/wp-json\/wp\/v2\/posts\/38773\/revisions"}],"predecessor-version":[{"id":39245,"href":"https:\/\/www.amatimmobiliaris.com\/w\/ca\/wp-json\/wp\/v2\/posts\/38773\/revisions\/39245"}],"wp:featuredmedia":[{"embeddable":true,"href":"https:\/\/www.amatimmobiliaris.com\/w\/ca\/wp-json\/wp\/v2\/media\/38822"}],"wp:attachment":[{"href":"https:\/\/www.amatimmobiliaris.com\/w\/ca\/wp-json\/wp\/v2\/media?parent=38773"}],"wp:term":[{"taxonomy":"category","embeddable":true,"href":"https:\/\/www.amatimmobiliaris.com\/w\/ca\/wp-json\/wp\/v2\/categories?post=38773"},{"taxonomy":"post_tag","embeddable":true,"href":"https:\/\/www.amatimmobiliaris.com\/w\/ca\/wp-json\/wp\/v2\/tags?post=38773"}],"curies":[{"name":"wp","href":"https:\/\/api.w.org\/{rel}","templated":true}]}}