{"id":38699,"date":"2025-03-24T15:37:33","date_gmt":"2025-03-24T15:37:33","guid":{"rendered":"https:\/\/www.amatimmobiliaris.com\/w\/?p=38699"},"modified":"2025-03-27T15:58:21","modified_gmt":"2025-03-27T15:58:21","slug":"edificis-eficient-canvi-climatic","status":"publish","type":"post","link":"https:\/\/www.amatimmobiliaris.com\/w\/ca\/2025\/03\/edificis-eficient-canvi-climatic\/","title":{"rendered":"Construint un Futur Sostenible: L&#8217;Impacte del Clima en el Sector Immobiliari"},"content":{"rendered":"<h2><strong>Edificis eficients: la clau per combatre el canvi clim\u00e0tic.<\/strong><\/h2>\n<p>&nbsp;<\/p>\n<p data-start=\"153\" data-end=\"540\">El Dia Mundial del Clima ens convida a reflexionar sobre la import\u00e0ncia de cuidar el nostre planeta i com les nostres accions di\u00e0ries afecten el medi ambient. En un m\u00f3n on els efectes del canvi clim\u00e0tic s\u00f3n cada cop m\u00e9s evidents, la sostenibilitat s\u2019ha convertit en un eix central en tots els sectors, incl\u00f2s l\u2019immobiliari.<\/p>\n<p data-start=\"542\" data-end=\"853\">A Amat Immobiliaris, entenem que les decisions que prenem avui poden marcar la difer\u00e8ncia per a les generacions futures. Per aix\u00f2, volem compartir amb tu com el sector immobiliari pot contribuir a la cura del clima i com nosaltres, com a empresa, estem compromesos amb la sostenibilitat.<\/p>\n<p>&nbsp;<\/p>\n<h4 data-pm-slice=\"1 1 []\">1. <strong>Edificis eficients: la clau per a un futur sostenible<\/strong><\/h4>\n<p data-start=\"930\" data-end=\"1220\">Els edificis s\u00f3n responsables d&#8217;aproximadament el 40% del consum d&#8217;energia a nivell mundial. No obstant aix\u00f2, amb aven\u00e7os tecnol\u00f2gics i un disseny arquitect\u00f2nic intel\u00b7ligent, \u00e9s possible construir i gestionar immobles que consumeixin menys energia i emetin menys gasos d\u2019efecte hivernacle.<\/p>\n<p data-start=\"1222\" data-end=\"1633\">A Amat, promovem la <strong data-start=\"1261\" data-end=\"1350\">compra\/venda de propietats amb alts est\u00e0ndards d&#8217;efici\u00e8ncia energ\u00e8tica<\/strong>, cosa que no nom\u00e9s beneficia el planeta, sin\u00f3 tamb\u00e9 les butxaques dels propietaris i llogaters. Propietats amb a\u00efllament t\u00e8rmic, sistemes d&#8217;il\u00b7luminaci\u00f3 LED o instal\u00b7lacions d&#8217;energies renovables s\u00f3n exemples de com els edificis poden ser m\u00e9s eficients i sostenibles.<\/p>\n<p data-start=\"1635\" data-end=\"1835\">Sabies que un edifici eficient pot reduir el consum energ\u00e8tic fins a un 30%? Aquest tipus de propietats no nom\u00e9s cuiden el medi ambient, sin\u00f3 que tamb\u00e9 incrementen el seu valor a llarg termini.<\/p>\n<h4>2. <strong>Invertir en sostenibilitat, una elecci\u00f3 intel\u00b7ligent<\/strong><\/h4>\n<p data-start=\"1908\" data-end=\"2091\">La sostenibilitat no \u00e9s nom\u00e9s una necessitat ambiental, sin\u00f3 tamb\u00e9 una oportunitat econ\u00f2mica. Invertir en propietats dissenyades amb criteris sostenibles t\u00e9 m\u00faltiples beneficis:<\/p>\n<ul data-start=\"2092\" data-end=\"2447\">\n<li data-start=\"2092\" data-end=\"2203\"><strong data-start=\"2094\" data-end=\"2111\">Major demanda<\/strong>: Cada cop m\u00e9s compradors i llogaters busquen espais que redueixin el seu impacte ambiental.<\/li>\n<li data-start=\"2204\" data-end=\"2343\"><strong data-start=\"2206\" data-end=\"2240\">Reducci\u00f3 de costos<\/strong>: Propietats amb sistemes eficients consumeixen menys recursos, cosa que redueix la inversi\u00f3 econ\u00f2mica di\u00e0ria.<\/li>\n<li data-start=\"2344\" data-end=\"2447\"><strong data-start=\"2346\" data-end=\"2370\">Increment del valor<\/strong>: Les propietats sostenibles tenen un avantatge competitiu al mercat.<\/li>\n<\/ul>\n<p data-start=\"2449\" data-end=\"2743\">Si est\u00e0s pensant en invertir, et convidem a considerar projectes que incorporin <strong data-start=\"2531\" data-end=\"2553\">tecnologies verdes<\/strong>, <strong>com panells solars, sistemes de captaci\u00f3 d\u2019aigua de pluja o materials reciclats<\/strong>. Aquestes inversions no nom\u00e9s generen un impacte positiu al planeta, sin\u00f3 tamb\u00e9 al teu patrimoni.<\/p>\n<h4>3. <strong>Propietats en entorns verds: qualitat de vida<\/strong><\/h4>\n<p data-start=\"2831\" data-end=\"3091\">Un entorn verd no nom\u00e9s \u00e9s m\u00e9s saludable, sin\u00f3 tamb\u00e9 m\u00e9s valu\u00f3s. Les propietats ubicades en zones que respecten el medi ambient, com aquelles amb parcs, jardins i \u00e0rees recreatives sostenibles, ofereixen una millor qualitat de vida per als seus habitants.<\/p>\n<p data-start=\"3093\" data-end=\"3425\">A la nostra cartera de propietats, comptem amb diferents opcions per viure envoltat d&#8217;un entorn verd.<\/p>\n<p data-start=\"3093\" data-end=\"3425\">Viure en un lloc on el verd predomina no nom\u00e9s millora la salut, sin\u00f3 que tamb\u00e9 contribueix a l\u2019equilibri clim\u00e0tic global.<\/p>\n<h4 data-pm-slice=\"1 1 []\">4. Comunitats sostenibles<\/h4>\n<p data-start=\"3490\" data-end=\"3624\">M\u00e9s enll\u00e0 d&#8217;habitatges individuals, \u00e9s fonamental pensar en comunitats sostenibles. Aquestes comunitats inclouen pr\u00e0ctiques com:<\/p>\n<ul data-start=\"3625\" data-end=\"3874\">\n<li data-start=\"3625\" data-end=\"3706\"><b>Cobertes verdes<\/b><\/li>\n<li data-start=\"3707\" data-end=\"3783\"><strong data-start=\"3709\" data-end=\"3732\">Gesti\u00f3 de residus<\/strong><\/li>\n<li data-start=\"3784\" data-end=\"3874\"><strong data-start=\"3786\" data-end=\"3805\">Horts urbans<\/strong><\/li>\n<li data-start=\"3784\" data-end=\"3874\"><strong>Plaques solars<\/strong><\/li>\n<\/ul>\n<p><img loading=\"lazy\" decoding=\"async\" class=\"alignnone  wp-image-38873\" src=\"https:\/\/www.amatimmobiliaris.com\/w\/wp-content\/uploads\/2025\/03\/Abans-Despres-Vinyes4-AMATZONIA-1-1024x768.jpg\" alt=\"\" width=\"1845\" height=\"1384\" srcset=\"https:\/\/www.amatimmobiliaris.com\/w\/wp-content\/uploads\/2025\/03\/Abans-Despres-Vinyes4-AMATZONIA-1-1024x768.jpg 1024w, https:\/\/www.amatimmobiliaris.com\/w\/wp-content\/uploads\/2025\/03\/Abans-Despres-Vinyes4-AMATZONIA-1-300x225.jpg 300w, https:\/\/www.amatimmobiliaris.com\/w\/wp-content\/uploads\/2025\/03\/Abans-Despres-Vinyes4-AMATZONIA-1-768x576.jpg 768w, https:\/\/www.amatimmobiliaris.com\/w\/wp-content\/uploads\/2025\/03\/Abans-Despres-Vinyes4-AMATZONIA-1-1536x1152.jpg 1536w, https:\/\/www.amatimmobiliaris.com\/w\/wp-content\/uploads\/2025\/03\/Abans-Despres-Vinyes4-AMATZONIA-1.jpg 2000w\" sizes=\"(max-width: 1845px) 100vw, 1845px\" \/><\/p>\n<p data-start=\"3876\" data-end=\"4073\">A Amat, comptem amb el nostre servei d&#8217;edificis eficients (AmatZonia). Apostem per un parc immobiliari m\u00e9s eficient i sostenible per a tothom. Som conscients que l\u2019efici\u00e8ncia dels edificis \u00e9s un factor clau en el valor patrimonial de qualsevol immoble. Per aix\u00f2, hem dissenyat el servei <a href=\"https:\/\/www.amatimmobiliaris.com\/w\/serveis\/amatzonia\/\"><strong>AmatZonia<\/strong><\/a>, un programa d\u2019assessorament espec\u00edfic dedicat a millorar l\u2019efici\u00e8ncia energ\u00e8tica dels edificis. La sostenibilitat no \u00e9s nom\u00e9s una responsabilitat ambiental, sin\u00f3 tamb\u00e9 una inversi\u00f3 intel\u00b7ligent que pot augmentar el valor de la teva propietat.<\/p>\n<h4 data-start=\"4633\" data-end=\"4675\"><strong data-start=\"4637\" data-end=\"4673\">Constru\u00efm un Futur M\u00e9s Verd<\/strong><\/h4>\n<p class=\"\" data-start=\"4676\" data-end=\"4944\">El canvi clim\u00e0tic \u00e9s un desafiament global, per\u00f2 tamb\u00e9 \u00e9s una oportunitat per crear un m\u00f3n millor. Cada decisi\u00f3 compta, i a Amat Immobiliaris, estem aqu\u00ed per ajudar-te a prendre decisions immobili\u00e0ries que benefici\u00efn tant la teva vida com el medi ambient, perqu\u00e8 a Amat, hi som sempre.<\/p>\n<p class=\"\" data-start=\"4946\" data-end=\"5213\">Avui \u00e9s el Dia Mundial del Clima, per\u00f2 cada dia \u00e9s una nova oportunitat per construir un futur m\u00e9s sostenible. Si est\u00e0s interessat a con\u00e8ixer m\u00e9s sobre edificis eficients per combatre el canvi clim\u00e0tic, propietats eficients, projectes sostenibles o com invertir de manera responsable, <strong data-start=\"5185\" data-end=\"5210\">contacta\u2019ns avui mateix<\/strong>.<\/p>\n<p class=\"\" data-start=\"5215\" data-end=\"5251\"><strong data-start=\"5215\" data-end=\"5249\">Fem la difer\u00e8ncia junts!<\/strong><\/p>\n<h5><strong><a href=\"https:\/\/www.amatimmobiliaris.com\/es\/obra-nueva\/chalets-adosados\/barcelona\/ametlla-del-valles-l\/jardins-de-lametlla\" target=\"_blank\" rel=\"noopener nofollow\" class=\"broken_link\">1. Ref. 50351-Jardins de l&#8217;Ametlla \u00b7 Ametlla del Vall\u00e8s<\/a><\/strong><\/h5>\n<table style=\"border: 0px solid #da291c; position: relative;\" width=\"100%\">\n<tbody>\n<tr>\n<td colspan=\"3\"><img loading=\"lazy\" decoding=\"async\" class=\"aligncenter\" src=\"https:\/\/www.amatimmobiliaris.com\/assets\/image\/promotion\/50351\/large_50351_1.jpg\" width=\"1458\" height=\"1094\" \/><\/td>\n<\/tr>\n<tr style=\"position: absolute; background-color: rgba(255, 255, 255, 0.4); bottom: 0; right: 0; padding-bottom: 5px; text-align: right;\">\n<td style=\"border: 0px solid white; padding-left: 15px; padding-right: 15px;\"><strong>Ametlla del Vall\u00e8s<\/strong><\/td>\n<td style=\"border: 0px solid white padding-left: 15px; padding-right: 15px;\"><strong>?\ufe0fDes de 419.500 \u20ac<\/strong><\/td>\n<td style=\"background-color: white; color: white; border: 2px solid white; padding-left: 15px; padding-right: 15px;\"><a href=\"https:\/\/www.amatimmobiliaris.com\/es\/obra-nueva\/chalets-adosados\/barcelona\/ametlla-del-valles-l\/jardins-de-lametlla\" target=\"_blank\" rel=\"noopener nofollow\" class=\"broken_link\"><strong>M\u00e9s informaci\u00f3<\/strong><\/a><\/td>\n<\/tr>\n<\/tbody>\n<\/table>\n<p>&nbsp;<\/p>\n<h5><strong><a href=\"https:\/\/www.amatimmobiliaris.com\/es\/obra-nueva\/pisos\/barcelona\/sant-just-desvern\/can-melich\/els-garrofers\" target=\"_blank\" rel=\"noopener nofollow\" class=\"broken_link\">2. Ref. 50349 &#8211; Els Garrofers \u00b7 Sant Just Desvern<\/a><\/strong><\/h5>\n<table style=\"border: 0px solid #da291c; position: relative;\" width=\"100%\">\n<tbody>\n<tr>\n<td colspan=\"3\"><img loading=\"lazy\" decoding=\"async\" class=\"aligncenter\" src=\"https:\/\/www.amatimmobiliaris.com\/assets\/image\/promotion\/50349\/large_50349_1.jpg\" width=\"1461\" height=\"1088\" \/><\/td>\n<\/tr>\n<tr style=\"position: absolute; background-color: rgba(255, 255, 255, 0.4); bottom: 0; right: 0; padding-bottom: 5px; text-align: right;\">\n<td style=\"border: 0px solid white; padding-left: 15px; padding-right: 15px;\"><strong>?Sant Just Desvern<\/strong><\/td>\n<td style=\"border: 0px solid white padding-left: 15px; padding-right: 15px;\"><strong>?\ufe0f Des de 1.050.000 \u20ac<\/strong><\/td>\n<td style=\"background-color: white; color: white; border: 2px solid white; padding-left: 15px; padding-right: 15px;\"><a href=\"https:\/\/www.amatimmobiliaris.com\/es\/obra-nueva\/pisos\/barcelona\/sant-just-desvern\/can-melich\/els-garrofers\" target=\"_blank\" rel=\"noopener nofollow\" class=\"broken_link\"><strong>M\u00e9s informaci\u00f3<\/strong><\/a><\/td>\n<\/tr>\n<\/tbody>\n<\/table>\n<p>&nbsp;<\/p>\n<h5><\/h5>\n<h5><strong><a href=\"https:\/\/www.amatimmobiliaris.com\/es\/obra-nueva\/pisos\/barcelona\/tiana\/jardins-de-can-matas\" target=\"_blank\" rel=\"noopener nofollow\" class=\"broken_link\">3. Ref. 50336 &#8211; Jardins de Can Matas \u00b7 Tiana<\/a><\/strong><\/h5>\n<table style=\"border: 0px solid #da291c; position: relative;\" width=\"100%\">\n<tbody>\n<tr>\n<td colspan=\"3\"><img loading=\"lazy\" decoding=\"async\" class=\"aligncenter\" src=\"https:\/\/www.amatimmobiliaris.com\/assets\/image\/promotion\/50336\/large_50336_1.jpg\" width=\"1497\" height=\"997\" \/><\/td>\n<\/tr>\n<tr style=\"position: absolute; background-color: rgba(255, 255, 255, 0.4); bottom: 0; right: 0; padding-bottom: 5px; text-align: right;\">\n<td style=\"border: 0px solid white; padding-left: 15px; padding-right: 15px;\"><strong>? Tiana<\/strong><\/td>\n<td style=\"border: 0px solid white padding-left: 15px; padding-right: 15px;\"><strong>?\ufe0f Des de 450.000 \u20ac<\/strong><\/td>\n<td style=\"background-color: white; color: white; border: 2px solid white; padding-left: 15px; padding-right: 15px;\"><a href=\"https:\/\/www.amatimmobiliaris.com\/es\/obra-nueva\/pisos\/barcelona\/tiana\/jardins-de-can-matas\" target=\"_blank\" rel=\"noopener nofollow\" class=\"broken_link\"><strong>M\u00e9s informaci\u00f3<\/strong><\/a><\/td>\n<\/tr>\n<\/tbody>\n<\/table>\n<p>&nbsp;<\/p>\n<h5><strong><b>Qu\u00e8 t&#8217;han semblat aquests consells sobre sostenibilitat per a la teva llar?<\/b><\/strong><\/h5>\n<p>&nbsp;<\/p>\n<p style=\"text-align: justify;\">Per qualsevol dubte, o si vols m\u00e9s informaci\u00f3, pots contactar amb nosaltres a trav\u00e9s de <span style=\"color: #0000ff;\"><a style=\"color: #0000ff;\" href=\"mailto:info@amatimmo.cat\">info@amatimmo.cat<\/a><\/span> o trucar-nos al (+34) 934 803 400.<\/p>\n<p>&nbsp;<\/p>\n<p style=\"text-align: justify;\">Si cap d&#8217;aquests immobles t&#8217;ha conven\u00e7ut, pots veure&#8217;n m\u00e9s <a href=\"https:\/\/www.amatimmobiliaris.com\/ca\/immobles-en-venda\" target=\"_blank\" rel=\"noopener\">aqu\u00ed<\/a>!<\/p>\n<p>&nbsp;<\/p>\n<p style=\"text-align: justify;\"><em><strong>Si est\u00e0s pensant a rehabilitar la comunitat, estarem encantats d&#8217;assessorar-te des d&#8217;Amatzonia: Edificis eficients.<\/strong><\/em><\/p>\n<h5><strong>T&#8217;ha agradat l&#8217;article? <b>Comparteix-lo!<\/b><\/strong><\/h5>\n<p><a href=\"https:\/\/www.facebook.com\/sharer\/sharer.php?u=https%3A%2F%2Fwww.amatimmobiliaris.com%2Fw%2Fca%2F2024%2F02%2Fhabitatges-que-enamoren%2F\" class=\"broken_link\" rel=\"nofollow\"><img loading=\"lazy\" decoding=\"async\" class=\"alignnone wp-image-19024 size-full\" src=\"https:\/\/www.amatimmobiliaris.com\/w\/wp-content\/uploads\/2021\/11\/fb.png\" alt=\"\" width=\"12\" height=\"24\" \/><\/a><a href=\"https:\/\/www.linkedin.com\/sharing\/share-offsite\/?url=https%3A%2F%2Fwww.amatimmobiliaris.com%2Fw%2Fca%2F2024%2F02%2Fhabitatges-que-enamoren%2F\"><img loading=\"lazy\" decoding=\"async\" class=\"alignnone wp-image-19028 size-full\" src=\"https:\/\/www.amatimmobiliaris.com\/w\/wp-content\/uploads\/2021\/11\/linkedin.png\" alt=\"\" width=\"25\" height=\"25\" \/><\/a><\/p>\n","protected":false},"excerpt":{"rendered":"<p>Edificis eficients: la clau per combatre el canvi clim\u00e0tic. &nbsp; El Dia Mundial del Clima ens convida a reflexionar sobre la import\u00e0ncia de cuidar el nostre planeta i com les nostres accions di\u00e0ries afecten el medi ambient. En un m\u00f3n on els efectes del canvi clim\u00e0tic s\u00f3n cada cop m\u00e9s evidents, la sostenibilitat s\u2019ha convertit [&hellip;]<\/p>\n","protected":false},"author":4,"featured_media":38735,"comment_status":"closed","ping_status":"closed","sticky":false,"template":"","format":"standard","meta":{"content-type":"","footnotes":""},"categories":[1624,1151,1153,1168,1635,1158],"tags":[697,1681,342,2057,2079],"yoast_head":"<!-- This site is optimized with the Yoast SEO plugin v23.9 - https:\/\/yoast.com\/wordpress\/plugins\/seo\/ -->\n<title>Construint un Futur Sostenible: L&#039;Impacte del Clima en el Sector Immobiliari | Amat Immobiliaris<\/title>\n<meta name=\"description\" content=\"Descobreix com combatre el canvi clim\u00e0tic a trav\u00e9s d&#039;Amat Immobiliaris, promovent un futur m\u00e9s verd.\" \/>\n<meta name=\"robots\" content=\"index, follow, max-snippet:-1, max-image-preview:large, max-video-preview:-1\" \/>\n<link rel=\"canonical\" href=\"https:\/\/www.amatimmobiliaris.com\/w\/ca\/edificis-eficients-canvi-climatic\" \/>\n<meta property=\"og:locale\" content=\"ca_ES\" \/>\n<meta property=\"og:type\" content=\"article\" \/>\n<meta property=\"og:title\" content=\"Habitatges que enamoren\" \/>\n<meta property=\"og:description\" content=\"Descobreix habitatges que enamoren i que conquisten als compradors! Com s&#039;aconsegueix aquesta atracci\u00f3? T&#039;ho expliquem!\" \/>\n<meta property=\"og:url\" content=\"https:\/\/www.amatimmobiliaris.com\/w\/ca\/edificis-eficients-canvi-climatic\" \/>\n<meta property=\"og:site_name\" content=\"Amat Immobiliaris\" \/>\n<meta property=\"article:publisher\" content=\"https:\/\/www.facebook.com\/amatimmobiliaris\" \/>\n<meta property=\"article:published_time\" content=\"2025-03-24T15:37:33+00:00\" \/>\n<meta property=\"article:modified_time\" content=\"2025-03-27T15:58:21+00:00\" \/>\n<meta property=\"og:image\" content=\"https:\/\/www.amatimmobiliaris.com\/w\/wp-content\/uploads\/2024\/02\/1.facana-2-1024x682.jpg\" \/>\n\t<meta property=\"og:image:width\" content=\"1024\" \/>\n\t<meta property=\"og:image:height\" content=\"682\" \/>\n\t<meta property=\"og:image:type\" content=\"image\/jpeg\" \/>\n<meta name=\"author\" content=\"Marina Payan\" \/>\n<meta name=\"twitter:card\" content=\"summary_large_image\" \/>\n<meta name=\"twitter:title\" content=\"5 sales-menjadors impressionants\" \/>\n<meta name=\"twitter:description\" content=\"Cases i pisos amb #menjadors impressionats a la #venda @amat_immo\" \/>\n<meta name=\"twitter:image\" content=\"https:\/\/www.amatimmobiliaris.com\/w\/wp-content\/uploads\/2017\/08\/3-salo-menjador.jpg\" \/>\n<meta name=\"twitter:creator\" content=\"@amat_cat\" \/>\n<meta name=\"twitter:site\" content=\"@amat_cat\" \/>\n<meta name=\"twitter:label1\" content=\"Escrit per\" \/>\n\t<meta name=\"twitter:data1\" content=\"Marina Payan\" \/>\n\t<meta name=\"twitter:label2\" content=\"Temps estimat de lectura\" \/>\n\t<meta name=\"twitter:data2\" content=\"5 minuts\" \/>\n<script type=\"application\/ld+json\" class=\"yoast-schema-graph\">{\"@context\":\"https:\/\/schema.org\",\"@graph\":[{\"@type\":[\"Article\",\"BlogPosting\"],\"@id\":\"https:\/\/www.amatimmobiliaris.com\/w\/ca\/edificis-eficients-canvi-climatic#article\",\"isPartOf\":{\"@id\":\"https:\/\/www.amatimmobiliaris.com\/w\/ca\/2025\/03\/edificis-eficient-canvi-climatic\/\"},\"author\":{\"name\":\"Marina Payan\",\"@id\":\"https:\/\/www.amatimmobiliaris.com\/w\/#\/schema\/person\/d62b55fd12a2bc4550743759f52bdc8f\"},\"headline\":\"Construint un Futur Sostenible: L&#8217;Impacte del Clima en el Sector Immobiliari\",\"datePublished\":\"2025-03-24T15:37:33+00:00\",\"dateModified\":\"2025-03-27T15:58:21+00:00\",\"mainEntityOfPage\":{\"@id\":\"https:\/\/www.amatimmobiliaris.com\/w\/ca\/2025\/03\/edificis-eficient-canvi-climatic\/\"},\"wordCount\":853,\"publisher\":{\"@id\":\"https:\/\/www.amatimmobiliaris.com\/w\/#organization\"},\"image\":{\"@id\":\"https:\/\/www.amatimmobiliaris.com\/w\/ca\/edificis-eficients-canvi-climatic#primaryimage\"},\"thumbnailUrl\":\"https:\/\/www.amatimmobiliaris.com\/w\/wp-content\/uploads\/2025\/03\/AMATZONIA.jpg\",\"keywords\":[\"Casa\",\"Habitatge\",\"Immobiliaria\",\"Pisos\",\"sant valenti\"],\"articleSection\":[\"Actualitat\",\"Arquitectura i decoraci\u00f3\",\"Consells\",\"Efici\u00e8ncia energ\u00e8tica\",\"mensual\",\"Pisos destacats\"],\"inLanguage\":\"ca\"},{\"@type\":\"WebPage\",\"@id\":\"https:\/\/www.amatimmobiliaris.com\/w\/ca\/2025\/03\/edificis-eficient-canvi-climatic\/\",\"url\":\"https:\/\/www.amatimmobiliaris.com\/w\/ca\/edificis-eficients-canvi-climatic\",\"name\":\"Construint un Futur Sostenible: L'Impacte del Clima en el Sector Immobiliari | Amat Immobiliaris\",\"isPartOf\":{\"@id\":\"https:\/\/www.amatimmobiliaris.com\/w\/#website\"},\"primaryImageOfPage\":{\"@id\":\"https:\/\/www.amatimmobiliaris.com\/w\/ca\/edificis-eficients-canvi-climatic#primaryimage\"},\"image\":{\"@id\":\"https:\/\/www.amatimmobiliaris.com\/w\/ca\/edificis-eficients-canvi-climatic#primaryimage\"},\"thumbnailUrl\":\"https:\/\/www.amatimmobiliaris.com\/w\/wp-content\/uploads\/2025\/03\/AMATZONIA.jpg\",\"datePublished\":\"2025-03-24T15:37:33+00:00\",\"dateModified\":\"2025-03-27T15:58:21+00:00\",\"description\":\"Descobreix com combatre el canvi clim\u00e0tic a trav\u00e9s d'Amat Immobiliaris, promovent un futur m\u00e9s verd.\",\"breadcrumb\":{\"@id\":\"https:\/\/www.amatimmobiliaris.com\/w\/ca\/edificis-eficients-canvi-climatic#breadcrumb\"},\"inLanguage\":\"ca\",\"potentialAction\":[{\"@type\":\"ReadAction\",\"target\":[\"https:\/\/www.amatimmobiliaris.com\/w\/ca\/edificis-eficients-canvi-climatic\"]}]},{\"@type\":\"ImageObject\",\"inLanguage\":\"ca\",\"@id\":\"https:\/\/www.amatimmobiliaris.com\/w\/ca\/edificis-eficients-canvi-climatic#primaryimage\",\"url\":\"https:\/\/www.amatimmobiliaris.com\/w\/wp-content\/uploads\/2025\/03\/AMATZONIA.jpg\",\"contentUrl\":\"https:\/\/www.amatimmobiliaris.com\/w\/wp-content\/uploads\/2025\/03\/AMATZONIA.jpg\",\"width\":2000,\"height\":1500,\"caption\":\"Edificios eficientes y sostenibles\"},{\"@type\":\"BreadcrumbList\",\"@id\":\"https:\/\/www.amatimmobiliaris.com\/w\/ca\/edificis-eficients-canvi-climatic#breadcrumb\",\"itemListElement\":[{\"@type\":\"ListItem\",\"position\":1,\"name\":\"Home\",\"item\":\"https:\/\/www.amatimmobiliaris.com\/w\/ca\/\"},{\"@type\":\"ListItem\",\"position\":2,\"name\":\"Not\u00edcies\",\"item\":\"https:\/\/www.amatimmobiliaris.com\/w\/ca\/categoria-ca\/noticies-ca\/\"},{\"@type\":\"ListItem\",\"position\":3,\"name\":\"Actualitat\",\"item\":\"https:\/\/www.amatimmobiliaris.com\/w\/ca\/categoria-ca\/noticies-ca\/actualitat-ca\/\"},{\"@type\":\"ListItem\",\"position\":4,\"name\":\"Construint un Futur Sostenible: L&#8217;Impacte del Clima en el Sector Immobiliari\"}]},{\"@type\":\"WebSite\",\"@id\":\"https:\/\/www.amatimmobiliaris.com\/w\/#website\",\"url\":\"https:\/\/www.amatimmobiliaris.com\/w\/\",\"name\":\"Amat Immobiliaris\",\"description\":\"Empresa familiar del sector inmobiliario con oficinas en Barcelona, Sant Cugat del Vall\u00e9s y Sant Just Desvern. Te ayudamos a comprar, alquilar o vender tu casa o piso. Somos un equipo coherente con una cultura de empresa honesta, innovadora y eficaz. Tambi\u00e9n en www.amatluxury.com\",\"publisher\":{\"@id\":\"https:\/\/www.amatimmobiliaris.com\/w\/#organization\"},\"alternateName\":\"AmatImmo\",\"potentialAction\":[{\"@type\":\"SearchAction\",\"target\":{\"@type\":\"EntryPoint\",\"urlTemplate\":\"https:\/\/www.amatimmobiliaris.com\/w\/?s={search_term_string}\"},\"query-input\":{\"@type\":\"PropertyValueSpecification\",\"valueRequired\":true,\"valueName\":\"search_term_string\"}}],\"inLanguage\":\"ca\"},{\"@type\":\"Organization\",\"@id\":\"https:\/\/www.amatimmobiliaris.com\/w\/#organization\",\"name\":\"Amat Immobiliaris\",\"url\":\"https:\/\/www.amatimmobiliaris.com\/w\/\",\"logo\":{\"@type\":\"ImageObject\",\"inLanguage\":\"ca\",\"@id\":\"https:\/\/www.amatimmobiliaris.com\/w\/#\/schema\/logo\/image\/\",\"url\":\"https:\/\/www.amatimmobiliaris.com\/w\/wp-content\/uploads\/2022\/10\/amat-logo.jpg\",\"contentUrl\":\"https:\/\/www.amatimmobiliaris.com\/w\/wp-content\/uploads\/2022\/10\/amat-logo.jpg\",\"width\":900,\"height\":900,\"caption\":\"Amat Immobiliaris\"},\"image\":{\"@id\":\"https:\/\/www.amatimmobiliaris.com\/w\/#\/schema\/logo\/image\/\"},\"sameAs\":[\"https:\/\/www.facebook.com\/amatimmobiliaris\",\"https:\/\/x.com\/amat_cat\",\"https:\/\/www.instagram.com\/amat_immo\/\",\"https:\/\/www.linkedin.com\/company\/amat-finques\/\",\"https:\/\/www.youtube.com\/@amatimmobiliaris\"]},{\"@type\":\"Person\",\"@id\":\"https:\/\/www.amatimmobiliaris.com\/w\/#\/schema\/person\/d62b55fd12a2bc4550743759f52bdc8f\",\"name\":\"Marina Payan\"}]}<\/script>\n<!-- \/ Yoast SEO plugin. -->","yoast_head_json":{"title":"Construint un Futur Sostenible: L'Impacte del Clima en el Sector Immobiliari | Amat Immobiliaris","description":"Descobreix com combatre el canvi clim\u00e0tic a trav\u00e9s d'Amat Immobiliaris, promovent un futur m\u00e9s verd.","robots":{"index":"index","follow":"follow","max-snippet":"max-snippet:-1","max-image-preview":"max-image-preview:large","max-video-preview":"max-video-preview:-1"},"canonical":"https:\/\/www.amatimmobiliaris.com\/w\/ca\/edificis-eficients-canvi-climatic","og_locale":"ca_ES","og_type":"article","og_title":"Habitatges que enamoren","og_description":"Descobreix habitatges que enamoren i que conquisten als compradors! Com s'aconsegueix aquesta atracci\u00f3? T'ho expliquem!","og_url":"https:\/\/www.amatimmobiliaris.com\/w\/ca\/edificis-eficients-canvi-climatic","og_site_name":"Amat Immobiliaris","article_publisher":"https:\/\/www.facebook.com\/amatimmobiliaris","article_published_time":"2025-03-24T15:37:33+00:00","article_modified_time":"2025-03-27T15:58:21+00:00","og_image":[{"width":1024,"height":682,"url":"https:\/\/www.amatimmobiliaris.com\/w\/wp-content\/uploads\/2024\/02\/1.facana-2-1024x682.jpg","type":"image\/jpeg"}],"author":"Marina Payan","twitter_card":"summary_large_image","twitter_title":"5 sales-menjadors impressionants","twitter_description":"Cases i pisos amb #menjadors impressionats a la #venda @amat_immo","twitter_image":"https:\/\/www.amatimmobiliaris.com\/w\/wp-content\/uploads\/2017\/08\/3-salo-menjador.jpg","twitter_creator":"@amat_cat","twitter_site":"@amat_cat","twitter_misc":{"Escrit per":"Marina Payan","Temps estimat de lectura":"5 minuts"},"schema":{"@context":"https:\/\/schema.org","@graph":[{"@type":["Article","BlogPosting"],"@id":"https:\/\/www.amatimmobiliaris.com\/w\/ca\/edificis-eficients-canvi-climatic#article","isPartOf":{"@id":"https:\/\/www.amatimmobiliaris.com\/w\/ca\/2025\/03\/edificis-eficient-canvi-climatic\/"},"author":{"name":"Marina Payan","@id":"https:\/\/www.amatimmobiliaris.com\/w\/#\/schema\/person\/d62b55fd12a2bc4550743759f52bdc8f"},"headline":"Construint un Futur Sostenible: L&#8217;Impacte del Clima en el Sector Immobiliari","datePublished":"2025-03-24T15:37:33+00:00","dateModified":"2025-03-27T15:58:21+00:00","mainEntityOfPage":{"@id":"https:\/\/www.amatimmobiliaris.com\/w\/ca\/2025\/03\/edificis-eficient-canvi-climatic\/"},"wordCount":853,"publisher":{"@id":"https:\/\/www.amatimmobiliaris.com\/w\/#organization"},"image":{"@id":"https:\/\/www.amatimmobiliaris.com\/w\/ca\/edificis-eficients-canvi-climatic#primaryimage"},"thumbnailUrl":"https:\/\/www.amatimmobiliaris.com\/w\/wp-content\/uploads\/2025\/03\/AMATZONIA.jpg","keywords":["Casa","Habitatge","Immobiliaria","Pisos","sant valenti"],"articleSection":["Actualitat","Arquitectura i decoraci\u00f3","Consells","Efici\u00e8ncia energ\u00e8tica","mensual","Pisos destacats"],"inLanguage":"ca"},{"@type":"WebPage","@id":"https:\/\/www.amatimmobiliaris.com\/w\/ca\/2025\/03\/edificis-eficient-canvi-climatic\/","url":"https:\/\/www.amatimmobiliaris.com\/w\/ca\/edificis-eficients-canvi-climatic","name":"Construint un Futur Sostenible: L'Impacte del Clima en el Sector Immobiliari | Amat Immobiliaris","isPartOf":{"@id":"https:\/\/www.amatimmobiliaris.com\/w\/#website"},"primaryImageOfPage":{"@id":"https:\/\/www.amatimmobiliaris.com\/w\/ca\/edificis-eficients-canvi-climatic#primaryimage"},"image":{"@id":"https:\/\/www.amatimmobiliaris.com\/w\/ca\/edificis-eficients-canvi-climatic#primaryimage"},"thumbnailUrl":"https:\/\/www.amatimmobiliaris.com\/w\/wp-content\/uploads\/2025\/03\/AMATZONIA.jpg","datePublished":"2025-03-24T15:37:33+00:00","dateModified":"2025-03-27T15:58:21+00:00","description":"Descobreix com combatre el canvi clim\u00e0tic a trav\u00e9s d'Amat Immobiliaris, promovent un futur m\u00e9s verd.","breadcrumb":{"@id":"https:\/\/www.amatimmobiliaris.com\/w\/ca\/edificis-eficients-canvi-climatic#breadcrumb"},"inLanguage":"ca","potentialAction":[{"@type":"ReadAction","target":["https:\/\/www.amatimmobiliaris.com\/w\/ca\/edificis-eficients-canvi-climatic"]}]},{"@type":"ImageObject","inLanguage":"ca","@id":"https:\/\/www.amatimmobiliaris.com\/w\/ca\/edificis-eficients-canvi-climatic#primaryimage","url":"https:\/\/www.amatimmobiliaris.com\/w\/wp-content\/uploads\/2025\/03\/AMATZONIA.jpg","contentUrl":"https:\/\/www.amatimmobiliaris.com\/w\/wp-content\/uploads\/2025\/03\/AMATZONIA.jpg","width":2000,"height":1500,"caption":"Edificios eficientes y sostenibles"},{"@type":"BreadcrumbList","@id":"https:\/\/www.amatimmobiliaris.com\/w\/ca\/edificis-eficients-canvi-climatic#breadcrumb","itemListElement":[{"@type":"ListItem","position":1,"name":"Home","item":"https:\/\/www.amatimmobiliaris.com\/w\/ca\/"},{"@type":"ListItem","position":2,"name":"Not\u00edcies","item":"https:\/\/www.amatimmobiliaris.com\/w\/ca\/categoria-ca\/noticies-ca\/"},{"@type":"ListItem","position":3,"name":"Actualitat","item":"https:\/\/www.amatimmobiliaris.com\/w\/ca\/categoria-ca\/noticies-ca\/actualitat-ca\/"},{"@type":"ListItem","position":4,"name":"Construint un Futur Sostenible: L&#8217;Impacte del Clima en el Sector Immobiliari"}]},{"@type":"WebSite","@id":"https:\/\/www.amatimmobiliaris.com\/w\/#website","url":"https:\/\/www.amatimmobiliaris.com\/w\/","name":"Amat Immobiliaris","description":"Empresa familiar del sector inmobiliario con oficinas en Barcelona, Sant Cugat del Vall\u00e9s y Sant Just Desvern. Te ayudamos a comprar, alquilar o vender tu casa o piso. Somos un equipo coherente con una cultura de empresa honesta, innovadora y eficaz. Tambi\u00e9n en www.amatluxury.com","publisher":{"@id":"https:\/\/www.amatimmobiliaris.com\/w\/#organization"},"alternateName":"AmatImmo","potentialAction":[{"@type":"SearchAction","target":{"@type":"EntryPoint","urlTemplate":"https:\/\/www.amatimmobiliaris.com\/w\/?s={search_term_string}"},"query-input":{"@type":"PropertyValueSpecification","valueRequired":true,"valueName":"search_term_string"}}],"inLanguage":"ca"},{"@type":"Organization","@id":"https:\/\/www.amatimmobiliaris.com\/w\/#organization","name":"Amat Immobiliaris","url":"https:\/\/www.amatimmobiliaris.com\/w\/","logo":{"@type":"ImageObject","inLanguage":"ca","@id":"https:\/\/www.amatimmobiliaris.com\/w\/#\/schema\/logo\/image\/","url":"https:\/\/www.amatimmobiliaris.com\/w\/wp-content\/uploads\/2022\/10\/amat-logo.jpg","contentUrl":"https:\/\/www.amatimmobiliaris.com\/w\/wp-content\/uploads\/2022\/10\/amat-logo.jpg","width":900,"height":900,"caption":"Amat Immobiliaris"},"image":{"@id":"https:\/\/www.amatimmobiliaris.com\/w\/#\/schema\/logo\/image\/"},"sameAs":["https:\/\/www.facebook.com\/amatimmobiliaris","https:\/\/x.com\/amat_cat","https:\/\/www.instagram.com\/amat_immo\/","https:\/\/www.linkedin.com\/company\/amat-finques\/","https:\/\/www.youtube.com\/@amatimmobiliaris"]},{"@type":"Person","@id":"https:\/\/www.amatimmobiliaris.com\/w\/#\/schema\/person\/d62b55fd12a2bc4550743759f52bdc8f","name":"Marina Payan"}]}},"_links":{"self":[{"href":"https:\/\/www.amatimmobiliaris.com\/w\/ca\/wp-json\/wp\/v2\/posts\/38699"}],"collection":[{"href":"https:\/\/www.amatimmobiliaris.com\/w\/ca\/wp-json\/wp\/v2\/posts"}],"about":[{"href":"https:\/\/www.amatimmobiliaris.com\/w\/ca\/wp-json\/wp\/v2\/types\/post"}],"author":[{"embeddable":true,"href":"https:\/\/www.amatimmobiliaris.com\/w\/ca\/wp-json\/wp\/v2\/users\/4"}],"replies":[{"embeddable":true,"href":"https:\/\/www.amatimmobiliaris.com\/w\/ca\/wp-json\/wp\/v2\/comments?post=38699"}],"version-history":[{"count":6,"href":"https:\/\/www.amatimmobiliaris.com\/w\/ca\/wp-json\/wp\/v2\/posts\/38699\/revisions"}],"predecessor-version":[{"id":38876,"href":"https:\/\/www.amatimmobiliaris.com\/w\/ca\/wp-json\/wp\/v2\/posts\/38699\/revisions\/38876"}],"wp:featuredmedia":[{"embeddable":true,"href":"https:\/\/www.amatimmobiliaris.com\/w\/ca\/wp-json\/wp\/v2\/media\/38735"}],"wp:attachment":[{"href":"https:\/\/www.amatimmobiliaris.com\/w\/ca\/wp-json\/wp\/v2\/media?parent=38699"}],"wp:term":[{"taxonomy":"category","embeddable":true,"href":"https:\/\/www.amatimmobiliaris.com\/w\/ca\/wp-json\/wp\/v2\/categories?post=38699"},{"taxonomy":"post_tag","embeddable":true,"href":"https:\/\/www.amatimmobiliaris.com\/w\/ca\/wp-json\/wp\/v2\/tags?post=38699"}],"curies":[{"name":"wp","href":"https:\/\/api.w.org\/{rel}","templated":true}]}}