{"id":37867,"date":"2025-01-31T10:01:11","date_gmt":"2025-01-31T10:01:11","guid":{"rendered":"https:\/\/www.amatimmobiliaris.com\/w\/?p=37867"},"modified":"2025-01-31T10:01:42","modified_gmt":"2025-01-31T10:01:42","slug":"ajustar-el-focus-diari-del-canvi-no105","status":"publish","type":"post","link":"https:\/\/www.amatimmobiliaris.com\/w\/ca\/2025\/01\/ajustar-el-focus-diari-del-canvi-no105\/","title":{"rendered":"Ajustar el focus &#8211; Diari del Canvi N\u00ba105"},"content":{"rendered":"<h3 style=\"text-align: justify;\">En el n\u00famero 105 del Diari del Canvi, parlem dels trets m\u00e9s destacats en l&#8217;\u00e0mbit immobiliari de l&#8217;\u00faltim any.<\/h3>\n<p>&nbsp;<\/p>\n<p>Per comen\u00e7ar l&#8217;any, sempre ens agrada fer un Diari resumint els <strong style=\"color: #da291c;\">trets m\u00e9s destacats a nivell immobiliari<\/strong>. Un any segurament marcat pel <strong style=\"color: #da291c;\">gran vigor de la demanda,<\/strong> ja sigui en lloguer com en venda.<\/p>\n<p>Aquest context amb una forta demanda ha estat impulsat per moltes variables, des de la demografia fins a la baixada de tipus d&#8217;inter\u00e8s i la conseg\u00fcent millora de les condicions hipotec\u00e0ries, passant per l&#8217;atractiu de Barcelona i el seu entorn com a destinaci\u00f3 per viure i treballar. Per\u00f2 ha topat de front amb l&#8217;<u>escassetat d&#8217;oferta, poca de privada, i nul\u00b7la de p\u00fablica o concertada<\/u>. Especialment en el <strong style=\"color: #da291c;\">m\u00f3n del lloguer<\/strong>.<\/p>\n<p>&nbsp;<\/p>\n<p style=\"text-align: justify;\">Ens trobem davant d&#8217;un trencaclosques dif\u00edcil d&#8217;encaixar. Espai limitat i poblaci\u00f3 creixent. L&#8217;espai dif\u00edcilment el canviarem, i en un m\u00f3n global dominat per grans ciutats segurament atraur\u00e0 encara m\u00e9s poblaci\u00f3 cap a Barcelona i el seu entorn. Enfrontar la problem\u00e0tica nom\u00e9s des del punt de vista de l&#8217;habitatge no ser\u00e0 suficient, cal vincular-ho amb <strong style=\"color: #da291c;\">pol\u00edtiques coherents de territori i mobilitat<\/strong>. <u>Sense una visi\u00f3 global mai podrem trobar les millors solucions, per\u00f2 cal tenir clar una cosa, tots no cabrem si no aixequem la mirada i constru\u00efm pol\u00edtiques d&#8217;habitatge, pol\u00edtiques de mobilitat, pol\u00edtiques d&#8217;equipament i de teixit econ\u00f2mic partint de la regi\u00f3 metropolitana de Barcelona.<\/u><\/p>\n<p>&nbsp;<\/p>\n<p>A <strong style=\"color: #da291c;\">nivell pol\u00edtic i medi\u00e0tic,<\/strong> en els \u00faltims anys no hi ha hagut visi\u00f3 global, b\u00e0sicament es parla d&#8217;habitatge. Molt important que aix\u00ed sigui, per\u00f2 ens quedarem curts nom\u00e9s seguint aquest cam\u00ed.<\/p>\n<p>I en parlar d&#8217;habitatge, centrant el focus en el lloguer com a principal opci\u00f3 d&#8217;acc\u00e9s per a gran part de la poblaci\u00f3, <u>s&#8217;ha posat i es posa el focus constantment en els propietaris privats, i aquesta \u00e9s l&#8217;anomalia, on \u00e9s el parc p\u00fablic d&#8217;habitatge?<\/u> Nom\u00e9s hi haur\u00e0 un canvi significatiu en les possibilitats d&#8217;acc\u00e9s a l&#8217;habitatge si l&#8217;Administraci\u00f3 P\u00fablica exerceix d&#8217;una vegada la seva funci\u00f3, que \u00e9s la de <u>crear i\/o facilitar la creaci\u00f3 d&#8217;un parc p\u00fablic i concertat d&#8217;habitatge<\/u> en un volum significatiu. Mentrestant aix\u00f2 no passi, la resta de mesures o s\u00f3n contraproduents o s\u00f3n simples brindis al sol per desviar l&#8217;atenci\u00f3 de les seves responsabilitats.<\/p>\n<p>&nbsp;<\/p>\n<p>Les decisions del passat ens han portat a aquest abisme, per\u00f2 si avui no prenem les decisions correctes, i sobretot, si els anuncis no es converteixen en realitats, <u>estarem anys al fons del precipici.<\/u><\/p>\n<p>Al contrari del que passa, qui <strong style=\"color: #da291c;\">a nivell privat<\/strong> aposti dins de la complexitat actual amb visi\u00f3 a llarg termini en aportar oferta de lloguer, almenys <u>hauria de ser considerat com a part activa de la soluci\u00f3.<\/u><\/p>\n<p>&nbsp;<\/p>\n<p>&nbsp;<\/p>\n<p style=\"text-align: right;\"><span style=\"color: #da291c;\"><strong><i>Guifr\u00e9 Homedes | Director General<\/i><\/strong><\/span><\/p>\n<h5 style=\"text-align: justify;\"><strong>T&#8217;ha agradat aquesta reflexi\u00f3? <b>\u00a1Comparteix-la!<\/b><\/strong><\/h5>\n<p><a href=\"https:\/\/twitter.com\/intent\/tweet?text=Un%20rep\u00e0s%20r\u00e0pid%20del%202023%20-%20Diari%20del%20Canvi%20N\u00ba101%0A%0A%40amat_cat%0A&amp;url=https%3A%2F%2Fwww.amatimmobiliaris.com%2Fw%2Fca%2F2024%2F01%2F11un-repas-rapid-del-2023-diari-del-canvi-no101%2F\" target=\"_blank\" rel=\"noopener\"><img loading=\"lazy\" decoding=\"async\" class=\"alignnone wp-image-35972\" src=\"https:\/\/www.amatimmobiliaris.com\/w\/wp-content\/uploads\/2024\/07\/gorjeo.png\" alt=\"\" width=\"21\" height=\"21\" srcset=\"https:\/\/www.amatimmobiliaris.com\/w\/wp-content\/uploads\/2024\/07\/gorjeo.png 512w, https:\/\/www.amatimmobiliaris.com\/w\/wp-content\/uploads\/2024\/07\/gorjeo-300x300.png 300w, https:\/\/www.amatimmobiliaris.com\/w\/wp-content\/uploads\/2024\/07\/gorjeo-150x150.png 150w\" sizes=\"(max-width: 21px) 100vw, 21px\" \/><\/a><br \/>\n<a href=\"https:\/\/www.facebook.com\/sharer\/sharer.php?u=https%3A%2F%2Fwww.amatimmobiliaris.com%2Fw%2Fca%2F2024%2F01%2F11un-repas-rapid-del-2023-diari-del-canvi-no101%2F\" class=\"broken_link\" rel=\"nofollow\"><img loading=\"lazy\" decoding=\"async\" class=\"alignnone size-full wp-image-19024\" src=\"https:\/\/www.amatimmobiliaris.com\/w\/wp-content\/uploads\/2021\/11\/fb.png\" alt=\"\" width=\"12\" height=\"24\" \/><\/a><br \/>\n<a href=\"https:\/\/www.linkedin.com\/sharing\/share-offsite\/?url=https%3A%2F%2Fwww.amatimmobiliaris.com%2Fw%2Fca%2F2024%2F01%2F11un-repas-rapid-del-2023-diari-del-canvi-no101%2F\"><img loading=\"lazy\" decoding=\"async\" class=\"alignnone size-full wp-image-19028\" src=\"https:\/\/www.amatimmobiliaris.com\/w\/wp-content\/uploads\/2021\/11\/linkedin.png\" alt=\"\" width=\"25\" height=\"25\" \/><\/a><\/p>\n<h5 style=\"text-align: justify;\"><strong>Llegeix m\u00e9s reflexions al<a href=\"https:\/\/issuu.com\/amatimmobiliaris\/docs\/diari_del_canvi\"> \u201cDiari del Canvi\u201d<\/a> d&#8217;Immaculada Amat<\/strong><\/h5>\n<p style=\"text-align: justify;\"><em>El Diari del Canvi \u00e9s una iniciativa d&#8217;Amat que va sorgir en resposta a la crisi financera que va esclatar a l&#8217;estiu de 2008 i que va tenir un gran impacte en el mercat immobiliari. En aquell moment d&#8217;incertesa, Amat va sentir la necessitat i la convicci\u00f3 d&#8217;informar els seus clients, col\u00b7laboradors i contactes sobre els esdeveniments i canvis que estaven succeint i que afectaven a tots.<\/em><\/p>\n","protected":false},"excerpt":{"rendered":"<p>En el n\u00famero 105 del Diari del Canvi, parlem dels trets m\u00e9s destacats en l&#8217;\u00e0mbit immobiliari de l&#8217;\u00faltim any. &nbsp; Per comen\u00e7ar l&#8217;any, sempre ens agrada fer un Diari resumint els trets m\u00e9s destacats a nivell immobiliari. Un any segurament marcat pel gran vigor de la demanda, ja sigui en lloguer com en venda. Aquest [&hellip;]<\/p>\n","protected":false},"author":4,"featured_media":37873,"comment_status":"closed","ping_status":"closed","sticky":false,"template":"","format":"standard","meta":{"content-type":"","footnotes":""},"categories":[1147,1159],"tags":[85,1680],"yoast_head":"<!-- This site is optimized with the Yoast SEO plugin v23.9 - https:\/\/yoast.com\/wordpress\/plugins\/seo\/ -->\n<title>Ajustar el focus - Diari del Canvi N\u00ba105 | Amat Immobiliaris<\/title>\n<meta name=\"description\" content=\"Al n\u00famero 105 del Diari de Canvi, parlem dels trets m\u00e9s destacats en l&#039;\u00e0mbit immobiliari de l&#039;\u00faltim any.\" \/>\n<meta name=\"robots\" content=\"index, follow, max-snippet:-1, max-image-preview:large, max-video-preview:-1\" \/>\n<link rel=\"canonical\" href=\"https:\/\/www.amatimmobiliaris.com\/ajustar-el-focus-diari-del-canvi-no105\" \/>\n<meta property=\"og:locale\" content=\"ca_ES\" \/>\n<meta property=\"og:type\" content=\"article\" \/>\n<meta property=\"og:title\" content=\"Ajustar el focus - Diari del Canvi N\u00ba105 | Amat Immobiliaris\" \/>\n<meta property=\"og:description\" content=\"Al n\u00famero 105 del Diari de Canvi, parlem dels trets m\u00e9s destacats en l&#039;\u00e0mbit immobiliari de l&#039;\u00faltim any.\" \/>\n<meta property=\"og:url\" content=\"https:\/\/www.amatimmobiliaris.com\/ajustar-el-focus-diari-del-canvi-no105\" \/>\n<meta property=\"og:site_name\" content=\"Amat Immobiliaris\" \/>\n<meta property=\"article:publisher\" content=\"https:\/\/www.facebook.com\/amatimmobiliaris\" \/>\n<meta property=\"article:published_time\" content=\"2025-01-31T10:01:11+00:00\" \/>\n<meta property=\"article:modified_time\" content=\"2025-01-31T10:01:42+00:00\" \/>\n<meta property=\"og:image\" content=\"https:\/\/www.amatimmobiliaris.com\/w\/wp-content\/uploads\/2025\/01\/diari-canvi-cat-105.jpg\" \/>\n\t<meta property=\"og:image:width\" content=\"1080\" \/>\n\t<meta property=\"og:image:height\" content=\"1920\" \/>\n\t<meta property=\"og:image:type\" content=\"image\/jpeg\" \/>\n<meta name=\"author\" content=\"Marina Payan\" \/>\n<meta name=\"twitter:card\" content=\"summary_large_image\" \/>\n<meta name=\"twitter:creator\" content=\"@amat_cat\" \/>\n<meta name=\"twitter:site\" content=\"@amat_cat\" \/>\n<meta name=\"twitter:label1\" content=\"Escrit per\" \/>\n\t<meta name=\"twitter:data1\" content=\"Marina Payan\" \/>\n\t<meta name=\"twitter:label2\" content=\"Temps estimat de lectura\" \/>\n\t<meta name=\"twitter:data2\" content=\"4 minuts\" \/>\n<script type=\"application\/ld+json\" class=\"yoast-schema-graph\">{\"@context\":\"https:\/\/schema.org\",\"@graph\":[{\"@type\":\"Article\",\"@id\":\"https:\/\/www.amatimmobiliaris.com\/ajustar-el-focus-diari-del-canvi-no105#article\",\"isPartOf\":{\"@id\":\"https:\/\/www.amatimmobiliaris.com\/w\/ca\/2025\/01\/ajustar-el-focus-diari-del-canvi-no105\/\"},\"author\":{\"name\":\"Marina Payan\",\"@id\":\"https:\/\/www.amatimmobiliaris.com\/w\/#\/schema\/person\/d62b55fd12a2bc4550743759f52bdc8f\"},\"headline\":\"Ajustar el focus &#8211; Diari del Canvi N\u00ba105\",\"datePublished\":\"2025-01-31T10:01:11+00:00\",\"dateModified\":\"2025-01-31T10:01:42+00:00\",\"mainEntityOfPage\":{\"@id\":\"https:\/\/www.amatimmobiliaris.com\/w\/ca\/2025\/01\/ajustar-el-focus-diari-del-canvi-no105\/\"},\"wordCount\":574,\"publisher\":{\"@id\":\"https:\/\/www.amatimmobiliaris.com\/w\/#organization\"},\"image\":{\"@id\":\"https:\/\/www.amatimmobiliaris.com\/ajustar-el-focus-diari-del-canvi-no105#primaryimage\"},\"thumbnailUrl\":\"https:\/\/www.amatimmobiliaris.com\/w\/wp-content\/uploads\/2025\/01\/diari-canvi-cat-105.jpg\",\"keywords\":[\"Diari del canvi\",\"Guifre Homedes\"],\"articleSection\":[\"El m\u00f3n Amat\",\"Reflexions\"],\"inLanguage\":\"ca\"},{\"@type\":\"WebPage\",\"@id\":\"https:\/\/www.amatimmobiliaris.com\/w\/ca\/2025\/01\/ajustar-el-focus-diari-del-canvi-no105\/\",\"url\":\"https:\/\/www.amatimmobiliaris.com\/ajustar-el-focus-diari-del-canvi-no105\",\"name\":\"Ajustar el focus - Diari del Canvi N\u00ba105 | Amat Immobiliaris\",\"isPartOf\":{\"@id\":\"https:\/\/www.amatimmobiliaris.com\/w\/#website\"},\"primaryImageOfPage\":{\"@id\":\"https:\/\/www.amatimmobiliaris.com\/ajustar-el-focus-diari-del-canvi-no105#primaryimage\"},\"image\":{\"@id\":\"https:\/\/www.amatimmobiliaris.com\/ajustar-el-focus-diari-del-canvi-no105#primaryimage\"},\"thumbnailUrl\":\"https:\/\/www.amatimmobiliaris.com\/w\/wp-content\/uploads\/2025\/01\/diari-canvi-cat-105.jpg\",\"datePublished\":\"2025-01-31T10:01:11+00:00\",\"dateModified\":\"2025-01-31T10:01:42+00:00\",\"description\":\"Al n\u00famero 105 del Diari de Canvi, parlem dels trets m\u00e9s destacats en l'\u00e0mbit immobiliari de l'\u00faltim any.\",\"breadcrumb\":{\"@id\":\"https:\/\/www.amatimmobiliaris.com\/ajustar-el-focus-diari-del-canvi-no105#breadcrumb\"},\"inLanguage\":\"ca\",\"potentialAction\":[{\"@type\":\"ReadAction\",\"target\":[\"https:\/\/www.amatimmobiliaris.com\/ajustar-el-focus-diari-del-canvi-no105\"]}]},{\"@type\":\"ImageObject\",\"inLanguage\":\"ca\",\"@id\":\"https:\/\/www.amatimmobiliaris.com\/ajustar-el-focus-diari-del-canvi-no105#primaryimage\",\"url\":\"https:\/\/www.amatimmobiliaris.com\/w\/wp-content\/uploads\/2025\/01\/diari-canvi-cat-105.jpg\",\"contentUrl\":\"https:\/\/www.amatimmobiliaris.com\/w\/wp-content\/uploads\/2025\/01\/diari-canvi-cat-105.jpg\",\"width\":1080,\"height\":1920,\"caption\":\"diari canvi 105 ajustar el focus\"},{\"@type\":\"BreadcrumbList\",\"@id\":\"https:\/\/www.amatimmobiliaris.com\/ajustar-el-focus-diari-del-canvi-no105#breadcrumb\",\"itemListElement\":[{\"@type\":\"ListItem\",\"position\":1,\"name\":\"Home\",\"item\":\"https:\/\/www.amatimmobiliaris.com\/w\/ca\/\"},{\"@type\":\"ListItem\",\"position\":2,\"name\":\"El m\u00f3n Amat\",\"item\":\"https:\/\/www.amatimmobiliaris.com\/w\/ca\/categoria-ca\/el-mon-amat-ca\/\"},{\"@type\":\"ListItem\",\"position\":3,\"name\":\"Ajustar el focus &#8211; Diari del Canvi N\u00ba105\"}]},{\"@type\":\"WebSite\",\"@id\":\"https:\/\/www.amatimmobiliaris.com\/w\/#website\",\"url\":\"https:\/\/www.amatimmobiliaris.com\/w\/\",\"name\":\"Amat Immobiliaris\",\"description\":\"Empresa familiar del sector inmobiliario con oficinas en Barcelona, Sant Cugat del Vall\u00e9s y Sant Just Desvern. Te ayudamos a comprar, alquilar o vender tu casa o piso. Somos un equipo coherente con una cultura de empresa honesta, innovadora y eficaz. Tambi\u00e9n en www.amatluxury.com\",\"publisher\":{\"@id\":\"https:\/\/www.amatimmobiliaris.com\/w\/#organization\"},\"alternateName\":\"AmatImmo\",\"potentialAction\":[{\"@type\":\"SearchAction\",\"target\":{\"@type\":\"EntryPoint\",\"urlTemplate\":\"https:\/\/www.amatimmobiliaris.com\/w\/?s={search_term_string}\"},\"query-input\":{\"@type\":\"PropertyValueSpecification\",\"valueRequired\":true,\"valueName\":\"search_term_string\"}}],\"inLanguage\":\"ca\"},{\"@type\":\"Organization\",\"@id\":\"https:\/\/www.amatimmobiliaris.com\/w\/#organization\",\"name\":\"Amat Immobiliaris\",\"url\":\"https:\/\/www.amatimmobiliaris.com\/w\/\",\"logo\":{\"@type\":\"ImageObject\",\"inLanguage\":\"ca\",\"@id\":\"https:\/\/www.amatimmobiliaris.com\/w\/#\/schema\/logo\/image\/\",\"url\":\"https:\/\/www.amatimmobiliaris.com\/w\/wp-content\/uploads\/2022\/10\/amat-logo.jpg\",\"contentUrl\":\"https:\/\/www.amatimmobiliaris.com\/w\/wp-content\/uploads\/2022\/10\/amat-logo.jpg\",\"width\":900,\"height\":900,\"caption\":\"Amat Immobiliaris\"},\"image\":{\"@id\":\"https:\/\/www.amatimmobiliaris.com\/w\/#\/schema\/logo\/image\/\"},\"sameAs\":[\"https:\/\/www.facebook.com\/amatimmobiliaris\",\"https:\/\/x.com\/amat_cat\",\"https:\/\/www.instagram.com\/amat_immo\/\",\"https:\/\/www.linkedin.com\/company\/amat-finques\/\",\"https:\/\/www.youtube.com\/@amatimmobiliaris\"]},{\"@type\":\"Person\",\"@id\":\"https:\/\/www.amatimmobiliaris.com\/w\/#\/schema\/person\/d62b55fd12a2bc4550743759f52bdc8f\",\"name\":\"Marina Payan\"}]}<\/script>\n<!-- \/ Yoast SEO plugin. -->","yoast_head_json":{"title":"Ajustar el focus - Diari del Canvi N\u00ba105 | Amat Immobiliaris","description":"Al n\u00famero 105 del Diari de Canvi, parlem dels trets m\u00e9s destacats en l'\u00e0mbit immobiliari de l'\u00faltim any.","robots":{"index":"index","follow":"follow","max-snippet":"max-snippet:-1","max-image-preview":"max-image-preview:large","max-video-preview":"max-video-preview:-1"},"canonical":"https:\/\/www.amatimmobiliaris.com\/ajustar-el-focus-diari-del-canvi-no105","og_locale":"ca_ES","og_type":"article","og_title":"Ajustar el focus - Diari del Canvi N\u00ba105 | Amat Immobiliaris","og_description":"Al n\u00famero 105 del Diari de Canvi, parlem dels trets m\u00e9s destacats en l'\u00e0mbit immobiliari de l'\u00faltim any.","og_url":"https:\/\/www.amatimmobiliaris.com\/ajustar-el-focus-diari-del-canvi-no105","og_site_name":"Amat Immobiliaris","article_publisher":"https:\/\/www.facebook.com\/amatimmobiliaris","article_published_time":"2025-01-31T10:01:11+00:00","article_modified_time":"2025-01-31T10:01:42+00:00","og_image":[{"width":1080,"height":1920,"url":"https:\/\/www.amatimmobiliaris.com\/w\/wp-content\/uploads\/2025\/01\/diari-canvi-cat-105.jpg","type":"image\/jpeg"}],"author":"Marina Payan","twitter_card":"summary_large_image","twitter_creator":"@amat_cat","twitter_site":"@amat_cat","twitter_misc":{"Escrit per":"Marina Payan","Temps estimat de lectura":"4 minuts"},"schema":{"@context":"https:\/\/schema.org","@graph":[{"@type":"Article","@id":"https:\/\/www.amatimmobiliaris.com\/ajustar-el-focus-diari-del-canvi-no105#article","isPartOf":{"@id":"https:\/\/www.amatimmobiliaris.com\/w\/ca\/2025\/01\/ajustar-el-focus-diari-del-canvi-no105\/"},"author":{"name":"Marina Payan","@id":"https:\/\/www.amatimmobiliaris.com\/w\/#\/schema\/person\/d62b55fd12a2bc4550743759f52bdc8f"},"headline":"Ajustar el focus &#8211; Diari del Canvi N\u00ba105","datePublished":"2025-01-31T10:01:11+00:00","dateModified":"2025-01-31T10:01:42+00:00","mainEntityOfPage":{"@id":"https:\/\/www.amatimmobiliaris.com\/w\/ca\/2025\/01\/ajustar-el-focus-diari-del-canvi-no105\/"},"wordCount":574,"publisher":{"@id":"https:\/\/www.amatimmobiliaris.com\/w\/#organization"},"image":{"@id":"https:\/\/www.amatimmobiliaris.com\/ajustar-el-focus-diari-del-canvi-no105#primaryimage"},"thumbnailUrl":"https:\/\/www.amatimmobiliaris.com\/w\/wp-content\/uploads\/2025\/01\/diari-canvi-cat-105.jpg","keywords":["Diari del canvi","Guifre Homedes"],"articleSection":["El m\u00f3n Amat","Reflexions"],"inLanguage":"ca"},{"@type":"WebPage","@id":"https:\/\/www.amatimmobiliaris.com\/w\/ca\/2025\/01\/ajustar-el-focus-diari-del-canvi-no105\/","url":"https:\/\/www.amatimmobiliaris.com\/ajustar-el-focus-diari-del-canvi-no105","name":"Ajustar el focus - Diari del Canvi N\u00ba105 | Amat Immobiliaris","isPartOf":{"@id":"https:\/\/www.amatimmobiliaris.com\/w\/#website"},"primaryImageOfPage":{"@id":"https:\/\/www.amatimmobiliaris.com\/ajustar-el-focus-diari-del-canvi-no105#primaryimage"},"image":{"@id":"https:\/\/www.amatimmobiliaris.com\/ajustar-el-focus-diari-del-canvi-no105#primaryimage"},"thumbnailUrl":"https:\/\/www.amatimmobiliaris.com\/w\/wp-content\/uploads\/2025\/01\/diari-canvi-cat-105.jpg","datePublished":"2025-01-31T10:01:11+00:00","dateModified":"2025-01-31T10:01:42+00:00","description":"Al n\u00famero 105 del Diari de Canvi, parlem dels trets m\u00e9s destacats en l'\u00e0mbit immobiliari de l'\u00faltim any.","breadcrumb":{"@id":"https:\/\/www.amatimmobiliaris.com\/ajustar-el-focus-diari-del-canvi-no105#breadcrumb"},"inLanguage":"ca","potentialAction":[{"@type":"ReadAction","target":["https:\/\/www.amatimmobiliaris.com\/ajustar-el-focus-diari-del-canvi-no105"]}]},{"@type":"ImageObject","inLanguage":"ca","@id":"https:\/\/www.amatimmobiliaris.com\/ajustar-el-focus-diari-del-canvi-no105#primaryimage","url":"https:\/\/www.amatimmobiliaris.com\/w\/wp-content\/uploads\/2025\/01\/diari-canvi-cat-105.jpg","contentUrl":"https:\/\/www.amatimmobiliaris.com\/w\/wp-content\/uploads\/2025\/01\/diari-canvi-cat-105.jpg","width":1080,"height":1920,"caption":"diari canvi 105 ajustar el focus"},{"@type":"BreadcrumbList","@id":"https:\/\/www.amatimmobiliaris.com\/ajustar-el-focus-diari-del-canvi-no105#breadcrumb","itemListElement":[{"@type":"ListItem","position":1,"name":"Home","item":"https:\/\/www.amatimmobiliaris.com\/w\/ca\/"},{"@type":"ListItem","position":2,"name":"El m\u00f3n Amat","item":"https:\/\/www.amatimmobiliaris.com\/w\/ca\/categoria-ca\/el-mon-amat-ca\/"},{"@type":"ListItem","position":3,"name":"Ajustar el focus &#8211; Diari del Canvi N\u00ba105"}]},{"@type":"WebSite","@id":"https:\/\/www.amatimmobiliaris.com\/w\/#website","url":"https:\/\/www.amatimmobiliaris.com\/w\/","name":"Amat Immobiliaris","description":"Empresa familiar del sector inmobiliario con oficinas en Barcelona, Sant Cugat del Vall\u00e9s y Sant Just Desvern. Te ayudamos a comprar, alquilar o vender tu casa o piso. Somos un equipo coherente con una cultura de empresa honesta, innovadora y eficaz. Tambi\u00e9n en www.amatluxury.com","publisher":{"@id":"https:\/\/www.amatimmobiliaris.com\/w\/#organization"},"alternateName":"AmatImmo","potentialAction":[{"@type":"SearchAction","target":{"@type":"EntryPoint","urlTemplate":"https:\/\/www.amatimmobiliaris.com\/w\/?s={search_term_string}"},"query-input":{"@type":"PropertyValueSpecification","valueRequired":true,"valueName":"search_term_string"}}],"inLanguage":"ca"},{"@type":"Organization","@id":"https:\/\/www.amatimmobiliaris.com\/w\/#organization","name":"Amat Immobiliaris","url":"https:\/\/www.amatimmobiliaris.com\/w\/","logo":{"@type":"ImageObject","inLanguage":"ca","@id":"https:\/\/www.amatimmobiliaris.com\/w\/#\/schema\/logo\/image\/","url":"https:\/\/www.amatimmobiliaris.com\/w\/wp-content\/uploads\/2022\/10\/amat-logo.jpg","contentUrl":"https:\/\/www.amatimmobiliaris.com\/w\/wp-content\/uploads\/2022\/10\/amat-logo.jpg","width":900,"height":900,"caption":"Amat Immobiliaris"},"image":{"@id":"https:\/\/www.amatimmobiliaris.com\/w\/#\/schema\/logo\/image\/"},"sameAs":["https:\/\/www.facebook.com\/amatimmobiliaris","https:\/\/x.com\/amat_cat","https:\/\/www.instagram.com\/amat_immo\/","https:\/\/www.linkedin.com\/company\/amat-finques\/","https:\/\/www.youtube.com\/@amatimmobiliaris"]},{"@type":"Person","@id":"https:\/\/www.amatimmobiliaris.com\/w\/#\/schema\/person\/d62b55fd12a2bc4550743759f52bdc8f","name":"Marina Payan"}]}},"_links":{"self":[{"href":"https:\/\/www.amatimmobiliaris.com\/w\/ca\/wp-json\/wp\/v2\/posts\/37867"}],"collection":[{"href":"https:\/\/www.amatimmobiliaris.com\/w\/ca\/wp-json\/wp\/v2\/posts"}],"about":[{"href":"https:\/\/www.amatimmobiliaris.com\/w\/ca\/wp-json\/wp\/v2\/types\/post"}],"author":[{"embeddable":true,"href":"https:\/\/www.amatimmobiliaris.com\/w\/ca\/wp-json\/wp\/v2\/users\/4"}],"replies":[{"embeddable":true,"href":"https:\/\/www.amatimmobiliaris.com\/w\/ca\/wp-json\/wp\/v2\/comments?post=37867"}],"version-history":[{"count":1,"href":"https:\/\/www.amatimmobiliaris.com\/w\/ca\/wp-json\/wp\/v2\/posts\/37867\/revisions"}],"predecessor-version":[{"id":37872,"href":"https:\/\/www.amatimmobiliaris.com\/w\/ca\/wp-json\/wp\/v2\/posts\/37867\/revisions\/37872"}],"wp:featuredmedia":[{"embeddable":true,"href":"https:\/\/www.amatimmobiliaris.com\/w\/ca\/wp-json\/wp\/v2\/media\/37873"}],"wp:attachment":[{"href":"https:\/\/www.amatimmobiliaris.com\/w\/ca\/wp-json\/wp\/v2\/media?parent=37867"}],"wp:term":[{"taxonomy":"category","embeddable":true,"href":"https:\/\/www.amatimmobiliaris.com\/w\/ca\/wp-json\/wp\/v2\/categories?post=37867"},{"taxonomy":"post_tag","embeddable":true,"href":"https:\/\/www.amatimmobiliaris.com\/w\/ca\/wp-json\/wp\/v2\/tags?post=37867"}],"curies":[{"name":"wp","href":"https:\/\/api.w.org\/{rel}","templated":true}]}}