{"id":3721,"date":"2018-03-15T11:34:26","date_gmt":"2018-03-15T11:34:26","guid":{"rendered":"https:\/\/amat-inmo-wp.localhost\/2018\/03\/15\/comfort-viure-al-tranquil-centre-sant-just\/"},"modified":"2023-04-18T15:33:28","modified_gmt":"2023-04-18T15:33:28","slug":"comfort-viure-al-tranquil-centre-sant-just","status":"publish","type":"post","link":"https:\/\/www.amatimmobiliaris.com\/w\/ca\/2018\/03\/comfort-viure-al-tranquil-centre-sant-just\/","title":{"rendered":"VENUT: El comfort de viure al tranquil centre de Sant Just"},"content":{"rendered":"<p>El privilegi de viure en una zona tranquil\u00b7la i<strong> al centre de la poblaci\u00f3<\/strong>, a nom\u00e9s 15 minuts de Barcelona i amb acc\u00e9s a tot tipus de serveis -sanitaris, educatius, esportius i comercials- \u00e9s una de les primera exig\u00e8ncies de qualsevol persona que vol comprar un habitatge.\u00a0La seg\u00fcent\u00a0propietat, doncs, \u00e9s perfecta per aquelles families que tenen aquesta premissa com a imprescindible. Aquest pis, molt ben distribuit, es troba <strong>a Sant Just<\/strong> i respon a les necessitats del m\u00e9s exigent.<\/p>\n<p><img loading=\"lazy\" decoding=\"async\" class=\"aligncenter size-full wp-image-10502\" src=\"https:\/\/www.amatimmobiliaris.com\/w\/wp-content\/uploads\/2022\/01\/sant-just-oficines.jpg\" alt=\"\" width=\"960\" height=\"228\" \/><\/p>\n<p>La propietat, de\u00a0<strong>85 m2<\/strong>, es distribueix a partir d&#8217;un rebedor d\u2019entrada\u00a0que dona acc\u00e9s a una cuina-office amb sortida a un safareig exterior i una sala d\u2019estar-menjador amplia i lluminosa de 23m\u00b2 amb sortida a balc\u00f3.<\/p>\n<div id='gallery-1' class='gallery galleryid-3721 gallery-columns-2 gallery-size-medium'><figure class='gallery-item'>\n\t\t\t<div class='gallery-icon landscape'>\n\t\t\t\t<a href='https:\/\/www.amatimmobiliaris.com\/w\/ca\/2018\/03\/comfort-viure-al-tranquil-centre-sant-just\/dsc03780\/'><img loading=\"lazy\" decoding=\"async\" width=\"300\" height=\"225\" src=\"https:\/\/www.amatimmobiliaris.com\/w\/wp-content\/uploads\/2022\/01\/dsc03780-300x225.jpg\" class=\"attachment-medium size-medium\" alt=\"\" srcset=\"https:\/\/www.amatimmobiliaris.com\/w\/wp-content\/uploads\/2022\/01\/dsc03780-300x225.jpg 300w, https:\/\/www.amatimmobiliaris.com\/w\/wp-content\/uploads\/2022\/01\/dsc03780-1024x768.jpg 1024w, https:\/\/www.amatimmobiliaris.com\/w\/wp-content\/uploads\/2022\/01\/dsc03780-768x576.jpg 768w, https:\/\/www.amatimmobiliaris.com\/w\/wp-content\/uploads\/2022\/01\/dsc03780-1536x1152.jpg 1536w, https:\/\/www.amatimmobiliaris.com\/w\/wp-content\/uploads\/2022\/01\/dsc03780-2048x1536.jpg 2048w\" sizes=\"(max-width: 300px) 100vw, 300px\" \/><\/a>\n\t\t\t<\/div><\/figure><figure class='gallery-item'>\n\t\t\t<div class='gallery-icon landscape'>\n\t\t\t\t<a href='https:\/\/www.amatimmobiliaris.com\/w\/ca\/2018\/03\/comfort-viure-al-tranquil-centre-sant-just\/dsc03776\/'><img loading=\"lazy\" decoding=\"async\" width=\"300\" height=\"225\" src=\"https:\/\/www.amatimmobiliaris.com\/w\/wp-content\/uploads\/2022\/01\/dsc03776-300x225.jpg\" class=\"attachment-medium size-medium\" alt=\"\" srcset=\"https:\/\/www.amatimmobiliaris.com\/w\/wp-content\/uploads\/2022\/01\/dsc03776-300x225.jpg 300w, https:\/\/www.amatimmobiliaris.com\/w\/wp-content\/uploads\/2022\/01\/dsc03776-1024x768.jpg 1024w, https:\/\/www.amatimmobiliaris.com\/w\/wp-content\/uploads\/2022\/01\/dsc03776-768x576.jpg 768w, https:\/\/www.amatimmobiliaris.com\/w\/wp-content\/uploads\/2022\/01\/dsc03776-1536x1152.jpg 1536w, https:\/\/www.amatimmobiliaris.com\/w\/wp-content\/uploads\/2022\/01\/dsc03776-2048x1536.jpg 2048w\" sizes=\"(max-width: 300px) 100vw, 300px\" \/><\/a>\n\t\t\t<\/div><\/figure><figure class='gallery-item'>\n\t\t\t<div class='gallery-icon landscape'>\n\t\t\t\t<a href='https:\/\/www.amatimmobiliaris.com\/w\/ca\/2018\/03\/comfort-viure-al-tranquil-centre-sant-just\/dsc03768\/'><img loading=\"lazy\" decoding=\"async\" width=\"300\" height=\"225\" src=\"https:\/\/www.amatimmobiliaris.com\/w\/wp-content\/uploads\/2022\/01\/dsc03768-300x225.jpg\" class=\"attachment-medium size-medium\" alt=\"\" srcset=\"https:\/\/www.amatimmobiliaris.com\/w\/wp-content\/uploads\/2022\/01\/dsc03768-300x225.jpg 300w, https:\/\/www.amatimmobiliaris.com\/w\/wp-content\/uploads\/2022\/01\/dsc03768-1024x768.jpg 1024w, https:\/\/www.amatimmobiliaris.com\/w\/wp-content\/uploads\/2022\/01\/dsc03768-768x576.jpg 768w, https:\/\/www.amatimmobiliaris.com\/w\/wp-content\/uploads\/2022\/01\/dsc03768-1536x1152.jpg 1536w, https:\/\/www.amatimmobiliaris.com\/w\/wp-content\/uploads\/2022\/01\/dsc03768-2048x1536.jpg 2048w\" sizes=\"(max-width: 300px) 100vw, 300px\" \/><\/a>\n\t\t\t<\/div><\/figure><figure class='gallery-item'>\n\t\t\t<div class='gallery-icon landscape'>\n\t\t\t\t<a href='https:\/\/www.amatimmobiliaris.com\/w\/ca\/2018\/03\/comfort-viure-al-tranquil-centre-sant-just\/dsc03771\/'><img loading=\"lazy\" decoding=\"async\" width=\"300\" height=\"225\" src=\"https:\/\/www.amatimmobiliaris.com\/w\/wp-content\/uploads\/2022\/01\/dsc03771-300x225.jpg\" class=\"attachment-medium size-medium\" alt=\"\" srcset=\"https:\/\/www.amatimmobiliaris.com\/w\/wp-content\/uploads\/2022\/01\/dsc03771-300x225.jpg 300w, https:\/\/www.amatimmobiliaris.com\/w\/wp-content\/uploads\/2022\/01\/dsc03771-1024x768.jpg 1024w, https:\/\/www.amatimmobiliaris.com\/w\/wp-content\/uploads\/2022\/01\/dsc03771-768x576.jpg 768w, https:\/\/www.amatimmobiliaris.com\/w\/wp-content\/uploads\/2022\/01\/dsc03771-1536x1152.jpg 1536w, https:\/\/www.amatimmobiliaris.com\/w\/wp-content\/uploads\/2022\/01\/dsc03771-2048x1536.jpg 2048w\" sizes=\"(max-width: 300px) 100vw, 300px\" \/><\/a>\n\t\t\t<\/div><\/figure>\n\t\t<\/div>\n\n<p>&nbsp;<\/p>\n<p>La zona de nit consta de 2 dormitoris, un d\u2019ells doble i exterior amb mobiliari fet a mida i vestidor integrat, i un individual interior i bany complet totalment reformat.<\/p>\n<div id='gallery-2' class='gallery galleryid-3721 gallery-columns-2 gallery-size-medium'><figure class='gallery-item'>\n\t\t\t<div class='gallery-icon landscape'>\n\t\t\t\t<a href='https:\/\/www.amatimmobiliaris.com\/w\/ca\/2018\/03\/comfort-viure-al-tranquil-centre-sant-just\/dsc03793\/'><img loading=\"lazy\" decoding=\"async\" width=\"300\" height=\"225\" src=\"https:\/\/www.amatimmobiliaris.com\/w\/wp-content\/uploads\/2022\/01\/dsc03793-300x225.jpg\" class=\"attachment-medium size-medium\" alt=\"\" srcset=\"https:\/\/www.amatimmobiliaris.com\/w\/wp-content\/uploads\/2022\/01\/dsc03793-300x225.jpg 300w, https:\/\/www.amatimmobiliaris.com\/w\/wp-content\/uploads\/2022\/01\/dsc03793-1024x768.jpg 1024w, https:\/\/www.amatimmobiliaris.com\/w\/wp-content\/uploads\/2022\/01\/dsc03793-768x576.jpg 768w, https:\/\/www.amatimmobiliaris.com\/w\/wp-content\/uploads\/2022\/01\/dsc03793-1536x1152.jpg 1536w, https:\/\/www.amatimmobiliaris.com\/w\/wp-content\/uploads\/2022\/01\/dsc03793-2048x1536.jpg 2048w\" sizes=\"(max-width: 300px) 100vw, 300px\" \/><\/a>\n\t\t\t<\/div><\/figure><figure class='gallery-item'>\n\t\t\t<div class='gallery-icon landscape'>\n\t\t\t\t<a href='https:\/\/www.amatimmobiliaris.com\/w\/ca\/2018\/03\/comfort-viure-al-tranquil-centre-sant-just\/dsc03794\/'><img loading=\"lazy\" decoding=\"async\" width=\"300\" height=\"225\" src=\"https:\/\/www.amatimmobiliaris.com\/w\/wp-content\/uploads\/2022\/01\/dsc03794-300x225.jpg\" class=\"attachment-medium size-medium\" alt=\"\" srcset=\"https:\/\/www.amatimmobiliaris.com\/w\/wp-content\/uploads\/2022\/01\/dsc03794-300x225.jpg 300w, https:\/\/www.amatimmobiliaris.com\/w\/wp-content\/uploads\/2022\/01\/dsc03794-1024x768.jpg 1024w, https:\/\/www.amatimmobiliaris.com\/w\/wp-content\/uploads\/2022\/01\/dsc03794-768x576.jpg 768w, https:\/\/www.amatimmobiliaris.com\/w\/wp-content\/uploads\/2022\/01\/dsc03794-1536x1152.jpg 1536w, https:\/\/www.amatimmobiliaris.com\/w\/wp-content\/uploads\/2022\/01\/dsc03794-2048x1536.jpg 2048w\" sizes=\"(max-width: 300px) 100vw, 300px\" \/><\/a>\n\t\t\t<\/div><\/figure>\n\t\t<\/div>\n\n<p>&nbsp;<\/p>\n<p>El pis destaca tamb\u00e9 pels seus acabats de qualitat, amb alumini blanc de doble vidre, calefacci\u00f3 per conducte i parquet.\u00a0A m\u00e9s de la tranquil\u00b7litat de la poblaci\u00f3, el pis es troba en un carrer poc transitat, al costat de l\u2019Ajuntament.<\/p>\n<p>En definitiva, una propietat perfecta per families o parelles joves que en volen formar una.<\/p>\n<p><strong>Ref. 23863 &#8211; VENUT<\/strong><\/p>\n<p><a href=\"https:\/\/www.amatimmobiliaris.com\/w\/home-block\/\" target=\"_blank\" rel=\"noopener\">Veure m\u00e9s propietats<\/a><\/p>\n","protected":false},"excerpt":{"rendered":"<p>El privilegi de viure en una zona tranquil\u00b7la i al centre de la poblaci\u00f3, a nom\u00e9s 15 minuts de Barcelona i amb acc\u00e9s a tot tipus de serveis -sanitaris, educatius, esportius i comercials- \u00e9s una de les primera exig\u00e8ncies de qualsevol persona que vol comprar un habitatge.\u00a0La seg\u00fcent\u00a0propietat, doncs, \u00e9s perfecta per aquelles families que [&hellip;]<\/p>\n","protected":false},"author":1,"featured_media":3722,"comment_status":"closed","ping_status":"closed","sticky":false,"template":"","format":"standard","meta":{"content-type":"","footnotes":""},"categories":[1158],"tags":[],"yoast_head":"<!-- This site is optimized with the Yoast SEO plugin v23.9 - https:\/\/yoast.com\/wordpress\/plugins\/seo\/ -->\n<title>VENUT: El comfort de viure al tranquil centre de Sant Just | Amat Immobiliaris<\/title>\n<meta name=\"robots\" content=\"index, follow, max-snippet:-1, max-image-preview:large, max-video-preview:-1\" \/>\n<link rel=\"canonical\" href=\"https:\/\/www.amatimmobiliaris.com\/w\/ca\/2018\/03\/comfort-viure-al-tranquil-centre-sant-just\/\" \/>\n<meta property=\"og:locale\" content=\"ca_ES\" \/>\n<meta property=\"og:type\" content=\"article\" \/>\n<meta property=\"og:title\" content=\"VENUT: El comfort de viure al tranquil centre de Sant Just | Amat Immobiliaris\" \/>\n<meta property=\"og:description\" content=\"El privilegi de viure en una zona tranquil\u00b7la i al centre de la poblaci\u00f3, a nom\u00e9s 15 minuts de Barcelona i amb acc\u00e9s a tot tipus de serveis -sanitaris, educatius, esportius i comercials- \u00e9s una de les primera exig\u00e8ncies de qualsevol persona que vol comprar un habitatge.\u00a0La seg\u00fcent\u00a0propietat, doncs, \u00e9s perfecta per aquelles families que [&hellip;]\" \/>\n<meta property=\"og:url\" content=\"https:\/\/www.amatimmobiliaris.com\/w\/ca\/2018\/03\/comfort-viure-al-tranquil-centre-sant-just\/\" \/>\n<meta property=\"og:site_name\" content=\"Amat Immobiliaris\" \/>\n<meta property=\"article:publisher\" content=\"https:\/\/www.facebook.com\/amatimmobiliaris\" \/>\n<meta property=\"article:published_time\" content=\"2018-03-15T11:34:26+00:00\" \/>\n<meta property=\"article:modified_time\" content=\"2023-04-18T15:33:28+00:00\" \/>\n<meta property=\"og:image\" content=\"https:\/\/www.amatimmobiliaris.com\/w\/wp-content\/uploads\/2022\/01\/dsc03780-scaled.jpg\" \/>\n\t<meta property=\"og:image:width\" content=\"2560\" \/>\n\t<meta property=\"og:image:height\" content=\"1920\" \/>\n\t<meta property=\"og:image:type\" content=\"image\/jpeg\" \/>\n<meta name=\"author\" content=\"Amat Immobiliaris\" \/>\n<meta name=\"twitter:card\" content=\"summary_large_image\" \/>\n<meta name=\"twitter:creator\" content=\"@amat_cat\" \/>\n<meta name=\"twitter:site\" content=\"@amat_cat\" \/>\n<meta name=\"twitter:label1\" content=\"Escrit per\" \/>\n\t<meta name=\"twitter:data1\" content=\"Amat Immobiliaris\" \/>\n\t<meta name=\"twitter:label2\" content=\"Temps estimat de lectura\" \/>\n\t<meta name=\"twitter:data2\" content=\"2 minuts\" \/>\n<script type=\"application\/ld+json\" class=\"yoast-schema-graph\">{\"@context\":\"https:\/\/schema.org\",\"@graph\":[{\"@type\":\"Article\",\"@id\":\"https:\/\/www.amatimmobiliaris.com\/w\/ca\/2018\/03\/comfort-viure-al-tranquil-centre-sant-just\/#article\",\"isPartOf\":{\"@id\":\"https:\/\/www.amatimmobiliaris.com\/w\/ca\/2018\/03\/comfort-viure-al-tranquil-centre-sant-just\/\"},\"author\":{\"name\":\"Amat Immobiliaris\",\"@id\":\"https:\/\/www.amatimmobiliaris.com\/w\/#\/schema\/person\/c880da71d1e156e7ea6774ffb445e034\"},\"headline\":\"VENUT: El comfort de viure al tranquil centre de Sant Just\",\"datePublished\":\"2018-03-15T11:34:26+00:00\",\"dateModified\":\"2023-04-18T15:33:28+00:00\",\"mainEntityOfPage\":{\"@id\":\"https:\/\/www.amatimmobiliaris.com\/w\/ca\/2018\/03\/comfort-viure-al-tranquil-centre-sant-just\/\"},\"wordCount\":244,\"publisher\":{\"@id\":\"https:\/\/www.amatimmobiliaris.com\/w\/#organization\"},\"image\":{\"@id\":\"https:\/\/www.amatimmobiliaris.com\/w\/ca\/2018\/03\/comfort-viure-al-tranquil-centre-sant-just\/#primaryimage\"},\"thumbnailUrl\":\"https:\/\/www.amatimmobiliaris.com\/w\/wp-content\/uploads\/2022\/01\/dsc03780-scaled.jpg\",\"articleSection\":[\"Pisos destacats\"],\"inLanguage\":\"ca\"},{\"@type\":\"WebPage\",\"@id\":\"https:\/\/www.amatimmobiliaris.com\/w\/ca\/2018\/03\/comfort-viure-al-tranquil-centre-sant-just\/\",\"url\":\"https:\/\/www.amatimmobiliaris.com\/w\/ca\/2018\/03\/comfort-viure-al-tranquil-centre-sant-just\/\",\"name\":\"VENUT: El comfort de viure al tranquil centre de Sant Just | Amat Immobiliaris\",\"isPartOf\":{\"@id\":\"https:\/\/www.amatimmobiliaris.com\/w\/#website\"},\"primaryImageOfPage\":{\"@id\":\"https:\/\/www.amatimmobiliaris.com\/w\/ca\/2018\/03\/comfort-viure-al-tranquil-centre-sant-just\/#primaryimage\"},\"image\":{\"@id\":\"https:\/\/www.amatimmobiliaris.com\/w\/ca\/2018\/03\/comfort-viure-al-tranquil-centre-sant-just\/#primaryimage\"},\"thumbnailUrl\":\"https:\/\/www.amatimmobiliaris.com\/w\/wp-content\/uploads\/2022\/01\/dsc03780-scaled.jpg\",\"datePublished\":\"2018-03-15T11:34:26+00:00\",\"dateModified\":\"2023-04-18T15:33:28+00:00\",\"breadcrumb\":{\"@id\":\"https:\/\/www.amatimmobiliaris.com\/w\/ca\/2018\/03\/comfort-viure-al-tranquil-centre-sant-just\/#breadcrumb\"},\"inLanguage\":\"ca\",\"potentialAction\":[{\"@type\":\"ReadAction\",\"target\":[\"https:\/\/www.amatimmobiliaris.com\/w\/ca\/2018\/03\/comfort-viure-al-tranquil-centre-sant-just\/\"]}]},{\"@type\":\"ImageObject\",\"inLanguage\":\"ca\",\"@id\":\"https:\/\/www.amatimmobiliaris.com\/w\/ca\/2018\/03\/comfort-viure-al-tranquil-centre-sant-just\/#primaryimage\",\"url\":\"https:\/\/www.amatimmobiliaris.com\/w\/wp-content\/uploads\/2022\/01\/dsc03780-scaled.jpg\",\"contentUrl\":\"https:\/\/www.amatimmobiliaris.com\/w\/wp-content\/uploads\/2022\/01\/dsc03780-scaled.jpg\",\"width\":2560,\"height\":1920},{\"@type\":\"BreadcrumbList\",\"@id\":\"https:\/\/www.amatimmobiliaris.com\/w\/ca\/2018\/03\/comfort-viure-al-tranquil-centre-sant-just\/#breadcrumb\",\"itemListElement\":[{\"@type\":\"ListItem\",\"position\":1,\"name\":\"Home\",\"item\":\"https:\/\/www.amatimmobiliaris.com\/w\/ca\/\"},{\"@type\":\"ListItem\",\"position\":2,\"name\":\"Pisos destacats\",\"item\":\"https:\/\/www.amatimmobiliaris.com\/w\/ca\/categoria-ca\/pisos-destacats-ca\/\"},{\"@type\":\"ListItem\",\"position\":3,\"name\":\"VENUT: El comfort de viure al tranquil centre de Sant Just\"}]},{\"@type\":\"WebSite\",\"@id\":\"https:\/\/www.amatimmobiliaris.com\/w\/#website\",\"url\":\"https:\/\/www.amatimmobiliaris.com\/w\/\",\"name\":\"Amat Immobiliaris\",\"description\":\"Empresa familiar del sector inmobiliario con oficinas en Barcelona, Sant Cugat del Vall\u00e9s y Sant Just Desvern. Te ayudamos a comprar, alquilar o vender tu casa o piso. Somos un equipo coherente con una cultura de empresa honesta, innovadora y eficaz. Tambi\u00e9n en www.amatluxury.com\",\"publisher\":{\"@id\":\"https:\/\/www.amatimmobiliaris.com\/w\/#organization\"},\"alternateName\":\"AmatImmo\",\"potentialAction\":[{\"@type\":\"SearchAction\",\"target\":{\"@type\":\"EntryPoint\",\"urlTemplate\":\"https:\/\/www.amatimmobiliaris.com\/w\/?s={search_term_string}\"},\"query-input\":{\"@type\":\"PropertyValueSpecification\",\"valueRequired\":true,\"valueName\":\"search_term_string\"}}],\"inLanguage\":\"ca\"},{\"@type\":\"Organization\",\"@id\":\"https:\/\/www.amatimmobiliaris.com\/w\/#organization\",\"name\":\"Amat Immobiliaris\",\"url\":\"https:\/\/www.amatimmobiliaris.com\/w\/\",\"logo\":{\"@type\":\"ImageObject\",\"inLanguage\":\"ca\",\"@id\":\"https:\/\/www.amatimmobiliaris.com\/w\/#\/schema\/logo\/image\/\",\"url\":\"https:\/\/www.amatimmobiliaris.com\/w\/wp-content\/uploads\/2022\/10\/amat-logo.jpg\",\"contentUrl\":\"https:\/\/www.amatimmobiliaris.com\/w\/wp-content\/uploads\/2022\/10\/amat-logo.jpg\",\"width\":900,\"height\":900,\"caption\":\"Amat Immobiliaris\"},\"image\":{\"@id\":\"https:\/\/www.amatimmobiliaris.com\/w\/#\/schema\/logo\/image\/\"},\"sameAs\":[\"https:\/\/www.facebook.com\/amatimmobiliaris\",\"https:\/\/x.com\/amat_cat\",\"https:\/\/www.instagram.com\/amat_immo\/\",\"https:\/\/www.linkedin.com\/company\/amat-finques\/\",\"https:\/\/www.youtube.com\/@amatimmobiliaris\"]},{\"@type\":\"Person\",\"@id\":\"https:\/\/www.amatimmobiliaris.com\/w\/#\/schema\/person\/c880da71d1e156e7ea6774ffb445e034\",\"name\":\"Amat Immobiliaris\",\"sameAs\":[\"http:\/\/amat-inmo-wp.localhost\"]}]}<\/script>\n<!-- \/ Yoast SEO plugin. -->","yoast_head_json":{"title":"VENUT: El comfort de viure al tranquil centre de Sant Just | Amat Immobiliaris","robots":{"index":"index","follow":"follow","max-snippet":"max-snippet:-1","max-image-preview":"max-image-preview:large","max-video-preview":"max-video-preview:-1"},"canonical":"https:\/\/www.amatimmobiliaris.com\/w\/ca\/2018\/03\/comfort-viure-al-tranquil-centre-sant-just\/","og_locale":"ca_ES","og_type":"article","og_title":"VENUT: El comfort de viure al tranquil centre de Sant Just | Amat Immobiliaris","og_description":"El privilegi de viure en una zona tranquil\u00b7la i al centre de la poblaci\u00f3, a nom\u00e9s 15 minuts de Barcelona i amb acc\u00e9s a tot tipus de serveis -sanitaris, educatius, esportius i comercials- \u00e9s una de les primera exig\u00e8ncies de qualsevol persona que vol comprar un habitatge.\u00a0La seg\u00fcent\u00a0propietat, doncs, \u00e9s perfecta per aquelles families que [&hellip;]","og_url":"https:\/\/www.amatimmobiliaris.com\/w\/ca\/2018\/03\/comfort-viure-al-tranquil-centre-sant-just\/","og_site_name":"Amat Immobiliaris","article_publisher":"https:\/\/www.facebook.com\/amatimmobiliaris","article_published_time":"2018-03-15T11:34:26+00:00","article_modified_time":"2023-04-18T15:33:28+00:00","og_image":[{"width":2560,"height":1920,"url":"https:\/\/www.amatimmobiliaris.com\/w\/wp-content\/uploads\/2022\/01\/dsc03780-scaled.jpg","type":"image\/jpeg"}],"author":"Amat Immobiliaris","twitter_card":"summary_large_image","twitter_creator":"@amat_cat","twitter_site":"@amat_cat","twitter_misc":{"Escrit per":"Amat Immobiliaris","Temps estimat de lectura":"2 minuts"},"schema":{"@context":"https:\/\/schema.org","@graph":[{"@type":"Article","@id":"https:\/\/www.amatimmobiliaris.com\/w\/ca\/2018\/03\/comfort-viure-al-tranquil-centre-sant-just\/#article","isPartOf":{"@id":"https:\/\/www.amatimmobiliaris.com\/w\/ca\/2018\/03\/comfort-viure-al-tranquil-centre-sant-just\/"},"author":{"name":"Amat Immobiliaris","@id":"https:\/\/www.amatimmobiliaris.com\/w\/#\/schema\/person\/c880da71d1e156e7ea6774ffb445e034"},"headline":"VENUT: El comfort de viure al tranquil centre de Sant Just","datePublished":"2018-03-15T11:34:26+00:00","dateModified":"2023-04-18T15:33:28+00:00","mainEntityOfPage":{"@id":"https:\/\/www.amatimmobiliaris.com\/w\/ca\/2018\/03\/comfort-viure-al-tranquil-centre-sant-just\/"},"wordCount":244,"publisher":{"@id":"https:\/\/www.amatimmobiliaris.com\/w\/#organization"},"image":{"@id":"https:\/\/www.amatimmobiliaris.com\/w\/ca\/2018\/03\/comfort-viure-al-tranquil-centre-sant-just\/#primaryimage"},"thumbnailUrl":"https:\/\/www.amatimmobiliaris.com\/w\/wp-content\/uploads\/2022\/01\/dsc03780-scaled.jpg","articleSection":["Pisos destacats"],"inLanguage":"ca"},{"@type":"WebPage","@id":"https:\/\/www.amatimmobiliaris.com\/w\/ca\/2018\/03\/comfort-viure-al-tranquil-centre-sant-just\/","url":"https:\/\/www.amatimmobiliaris.com\/w\/ca\/2018\/03\/comfort-viure-al-tranquil-centre-sant-just\/","name":"VENUT: El comfort de viure al tranquil centre de Sant Just | Amat Immobiliaris","isPartOf":{"@id":"https:\/\/www.amatimmobiliaris.com\/w\/#website"},"primaryImageOfPage":{"@id":"https:\/\/www.amatimmobiliaris.com\/w\/ca\/2018\/03\/comfort-viure-al-tranquil-centre-sant-just\/#primaryimage"},"image":{"@id":"https:\/\/www.amatimmobiliaris.com\/w\/ca\/2018\/03\/comfort-viure-al-tranquil-centre-sant-just\/#primaryimage"},"thumbnailUrl":"https:\/\/www.amatimmobiliaris.com\/w\/wp-content\/uploads\/2022\/01\/dsc03780-scaled.jpg","datePublished":"2018-03-15T11:34:26+00:00","dateModified":"2023-04-18T15:33:28+00:00","breadcrumb":{"@id":"https:\/\/www.amatimmobiliaris.com\/w\/ca\/2018\/03\/comfort-viure-al-tranquil-centre-sant-just\/#breadcrumb"},"inLanguage":"ca","potentialAction":[{"@type":"ReadAction","target":["https:\/\/www.amatimmobiliaris.com\/w\/ca\/2018\/03\/comfort-viure-al-tranquil-centre-sant-just\/"]}]},{"@type":"ImageObject","inLanguage":"ca","@id":"https:\/\/www.amatimmobiliaris.com\/w\/ca\/2018\/03\/comfort-viure-al-tranquil-centre-sant-just\/#primaryimage","url":"https:\/\/www.amatimmobiliaris.com\/w\/wp-content\/uploads\/2022\/01\/dsc03780-scaled.jpg","contentUrl":"https:\/\/www.amatimmobiliaris.com\/w\/wp-content\/uploads\/2022\/01\/dsc03780-scaled.jpg","width":2560,"height":1920},{"@type":"BreadcrumbList","@id":"https:\/\/www.amatimmobiliaris.com\/w\/ca\/2018\/03\/comfort-viure-al-tranquil-centre-sant-just\/#breadcrumb","itemListElement":[{"@type":"ListItem","position":1,"name":"Home","item":"https:\/\/www.amatimmobiliaris.com\/w\/ca\/"},{"@type":"ListItem","position":2,"name":"Pisos destacats","item":"https:\/\/www.amatimmobiliaris.com\/w\/ca\/categoria-ca\/pisos-destacats-ca\/"},{"@type":"ListItem","position":3,"name":"VENUT: El comfort de viure al tranquil centre de Sant Just"}]},{"@type":"WebSite","@id":"https:\/\/www.amatimmobiliaris.com\/w\/#website","url":"https:\/\/www.amatimmobiliaris.com\/w\/","name":"Amat Immobiliaris","description":"Empresa familiar del sector inmobiliario con oficinas en Barcelona, Sant Cugat del Vall\u00e9s y Sant Just Desvern. Te ayudamos a comprar, alquilar o vender tu casa o piso. Somos un equipo coherente con una cultura de empresa honesta, innovadora y eficaz. Tambi\u00e9n en www.amatluxury.com","publisher":{"@id":"https:\/\/www.amatimmobiliaris.com\/w\/#organization"},"alternateName":"AmatImmo","potentialAction":[{"@type":"SearchAction","target":{"@type":"EntryPoint","urlTemplate":"https:\/\/www.amatimmobiliaris.com\/w\/?s={search_term_string}"},"query-input":{"@type":"PropertyValueSpecification","valueRequired":true,"valueName":"search_term_string"}}],"inLanguage":"ca"},{"@type":"Organization","@id":"https:\/\/www.amatimmobiliaris.com\/w\/#organization","name":"Amat Immobiliaris","url":"https:\/\/www.amatimmobiliaris.com\/w\/","logo":{"@type":"ImageObject","inLanguage":"ca","@id":"https:\/\/www.amatimmobiliaris.com\/w\/#\/schema\/logo\/image\/","url":"https:\/\/www.amatimmobiliaris.com\/w\/wp-content\/uploads\/2022\/10\/amat-logo.jpg","contentUrl":"https:\/\/www.amatimmobiliaris.com\/w\/wp-content\/uploads\/2022\/10\/amat-logo.jpg","width":900,"height":900,"caption":"Amat Immobiliaris"},"image":{"@id":"https:\/\/www.amatimmobiliaris.com\/w\/#\/schema\/logo\/image\/"},"sameAs":["https:\/\/www.facebook.com\/amatimmobiliaris","https:\/\/x.com\/amat_cat","https:\/\/www.instagram.com\/amat_immo\/","https:\/\/www.linkedin.com\/company\/amat-finques\/","https:\/\/www.youtube.com\/@amatimmobiliaris"]},{"@type":"Person","@id":"https:\/\/www.amatimmobiliaris.com\/w\/#\/schema\/person\/c880da71d1e156e7ea6774ffb445e034","name":"Amat Immobiliaris","sameAs":["http:\/\/amat-inmo-wp.localhost"]}]}},"_links":{"self":[{"href":"https:\/\/www.amatimmobiliaris.com\/w\/ca\/wp-json\/wp\/v2\/posts\/3721"}],"collection":[{"href":"https:\/\/www.amatimmobiliaris.com\/w\/ca\/wp-json\/wp\/v2\/posts"}],"about":[{"href":"https:\/\/www.amatimmobiliaris.com\/w\/ca\/wp-json\/wp\/v2\/types\/post"}],"author":[{"embeddable":true,"href":"https:\/\/www.amatimmobiliaris.com\/w\/ca\/wp-json\/wp\/v2\/users\/1"}],"replies":[{"embeddable":true,"href":"https:\/\/www.amatimmobiliaris.com\/w\/ca\/wp-json\/wp\/v2\/comments?post=3721"}],"version-history":[{"count":2,"href":"https:\/\/www.amatimmobiliaris.com\/w\/ca\/wp-json\/wp\/v2\/posts\/3721\/revisions"}],"predecessor-version":[{"id":24692,"href":"https:\/\/www.amatimmobiliaris.com\/w\/ca\/wp-json\/wp\/v2\/posts\/3721\/revisions\/24692"}],"wp:featuredmedia":[{"embeddable":true,"href":"https:\/\/www.amatimmobiliaris.com\/w\/ca\/wp-json\/wp\/v2\/media\/3722"}],"wp:attachment":[{"href":"https:\/\/www.amatimmobiliaris.com\/w\/ca\/wp-json\/wp\/v2\/media?parent=3721"}],"wp:term":[{"taxonomy":"category","embeddable":true,"href":"https:\/\/www.amatimmobiliaris.com\/w\/ca\/wp-json\/wp\/v2\/categories?post=3721"},{"taxonomy":"post_tag","embeddable":true,"href":"https:\/\/www.amatimmobiliaris.com\/w\/ca\/wp-json\/wp\/v2\/tags?post=3721"}],"curies":[{"name":"wp","href":"https:\/\/api.w.org\/{rel}","templated":true}]}}