{"id":36332,"date":"2024-09-18T09:42:25","date_gmt":"2024-09-18T09:42:25","guid":{"rendered":"https:\/\/www.amatimmobiliaris.com\/w\/?p=36332"},"modified":"2024-10-11T11:04:57","modified_gmt":"2024-10-11T11:04:57","slug":"transformar-la-teva-llar-mes-sostenible","status":"publish","type":"post","link":"https:\/\/www.amatimmobiliaris.com\/w\/ca\/2024\/09\/transformar-la-teva-llar-mes-sostenible\/","title":{"rendered":"Cases sostenibles: Com adaptar la teva llar per ser m\u00e9s sostenible"},"content":{"rendered":"<h2 style=\"text-align: justify;\">Com fer la teva llar m\u00e9s ecol\u00f2gica en el 2024? Transformar la teva llar en una casa m\u00e9s sostenible<\/h2>\n<p>&nbsp;<\/p>\n<p>Aquest any 2024, l&#8217;inter\u00e8s per les <strong>llars sostenibles<\/strong> continua creixent a mesura que m\u00e9s persones prenen consci\u00e8ncia de la import\u00e0ncia de cuidar el medi ambient i reduir la seva petjada de carboni. Adaptar la teva llar per fer-la m\u00e9s ecol\u00f2gica no nom\u00e9s <strong>beneficia el planeta<\/strong>, sin\u00f3 que tamb\u00e9 pot generar <strong>estalvis significatius<\/strong> a llarg termini. A continuaci\u00f3, et presentem algunes idees clau per transformar la teva llar en una casa m\u00e9s sostenible.<\/p>\n<p>&nbsp;<\/p>\n<p>&nbsp;<\/p>\n<h5 style=\"text-align: justify;\"><span style=\"color: #923d43;\"><strong><b>1. Optimitza l&#8217;a\u00efllament t\u00e8rmic\u00a0<\/b><\/strong><\/span><\/h5>\n<p style=\"text-align: justify;\">Un a\u00efllament adequat \u00e9s clau per mantenir el confort a casa i reduir el consum d&#8217;energia. En millorar l&#8217;<strong>a\u00efllament de parets, sostres i finestres<\/strong>, la teva llar necessitar\u00e0 menys calefacci\u00f3 a l\u2019hivern i menys aire condicionat a l\u2019estiu. Materials ecol\u00f2gics com la llana d&#8217;ovella o el suro s\u00f3n excel\u00b7lents opcions sostenibles.<\/p>\n<p>&nbsp;<\/p>\n<p><img loading=\"lazy\" decoding=\"async\" class=\"alignnone wp-image-36337 \" src=\"https:\/\/www.amatimmobiliaris.com\/w\/wp-content\/uploads\/2024\/09\/aislante-termic-scaled.jpg\" alt=\"\" width=\"720\" height=\"480\" srcset=\"https:\/\/www.amatimmobiliaris.com\/w\/wp-content\/uploads\/2024\/09\/aislante-termic-scaled.jpg 2560w, https:\/\/www.amatimmobiliaris.com\/w\/wp-content\/uploads\/2024\/09\/aislante-termic-300x200.jpg 300w, https:\/\/www.amatimmobiliaris.com\/w\/wp-content\/uploads\/2024\/09\/aislante-termic-1024x683.jpg 1024w, https:\/\/www.amatimmobiliaris.com\/w\/wp-content\/uploads\/2024\/09\/aislante-termic-768x512.jpg 768w, https:\/\/www.amatimmobiliaris.com\/w\/wp-content\/uploads\/2024\/09\/aislante-termic-1536x1024.jpg 1536w, https:\/\/www.amatimmobiliaris.com\/w\/wp-content\/uploads\/2024\/09\/aislante-termic-2048x1365.jpg 2048w\" sizes=\"(max-width: 720px) 100vw, 720px\" \/><\/p>\n<h5><\/h5>\n<h5 style=\"text-align: justify;\"><span style=\"color: #923d43;\"><strong><b>2. Instal\u00b7la panells solars <\/b><\/strong><\/span><\/h5>\n<p style=\"text-align: justify;\">L&#8217;energia solar s&#8217;ha convertit en una de les fonts m\u00e9s viables i assequibles d&#8217;energia renovable i una de les formes m\u00e9s efectives de reduir el consum d&#8217;electricitat convencional. L&#8217;any 2024, els <strong>preus dels panells solars<\/strong> han disminu\u00eft considerablement. I<strong>\u00a0<\/strong>A llarg termini, la inversi\u00f3 inicial es compensa amb una factura el\u00e8ctrica m\u00e9s baixa o fins i tot nul\u00b7la, i un<strong> augment del valor de la teva propietat.<\/strong><\/p>\n<p>&nbsp;<\/p>\n<p><img loading=\"lazy\" decoding=\"async\" class=\"wp-image-36340 \" src=\"https:\/\/www.amatimmobiliaris.com\/w\/wp-content\/uploads\/2024\/09\/placas-solares-scaled.jpg\" alt=\"\" width=\"719\" height=\"405\" srcset=\"https:\/\/www.amatimmobiliaris.com\/w\/wp-content\/uploads\/2024\/09\/placas-solares-scaled.jpg 2560w, https:\/\/www.amatimmobiliaris.com\/w\/wp-content\/uploads\/2024\/09\/placas-solares-300x169.jpg 300w, https:\/\/www.amatimmobiliaris.com\/w\/wp-content\/uploads\/2024\/09\/placas-solares-1024x576.jpg 1024w, https:\/\/www.amatimmobiliaris.com\/w\/wp-content\/uploads\/2024\/09\/placas-solares-768x432.jpg 768w, https:\/\/www.amatimmobiliaris.com\/w\/wp-content\/uploads\/2024\/09\/placas-solares-1536x864.jpg 1536w, https:\/\/www.amatimmobiliaris.com\/w\/wp-content\/uploads\/2024\/09\/placas-solares-2048x1152.jpg 2048w\" sizes=\"(max-width: 719px) 100vw, 719px\" \/><\/p>\n<p>&nbsp;<\/p>\n<h5 style=\"text-align: justify;\"><span style=\"color: #923d43;\"><strong><b>3. Sistemes de recollida d&#8217;aigua de pluja<\/b><\/strong><\/span><\/h5>\n<p>En algunes regions, l&#8217;aigua \u00e9s un recurs cada vegada m\u00e9s esc\u00e0s. Instal\u00b7lar un sistema de<strong> recollida d&#8217;aigua de pluja<\/strong> pot ajudar-te a reutilitzar aquest recurs natural per a tasques com regar el jard\u00ed, rentar el cotxe o fins i tot, amb un sistema de filtratge adequat, utilitzar-la per al consum a casa.<\/p>\n<p>&nbsp;<\/p>\n<p><img loading=\"lazy\" decoding=\"async\" class=\"alignnone wp-image-36343 \" src=\"https:\/\/www.amatimmobiliaris.com\/w\/wp-content\/uploads\/2024\/09\/vertical-closeup-roof-drain-pipe-scaled.jpg\" alt=\"\" width=\"708\" height=\"1014\" srcset=\"https:\/\/www.amatimmobiliaris.com\/w\/wp-content\/uploads\/2024\/09\/vertical-closeup-roof-drain-pipe-scaled.jpg 1787w, https:\/\/www.amatimmobiliaris.com\/w\/wp-content\/uploads\/2024\/09\/vertical-closeup-roof-drain-pipe-209x300.jpg 209w, https:\/\/www.amatimmobiliaris.com\/w\/wp-content\/uploads\/2024\/09\/vertical-closeup-roof-drain-pipe-715x1024.jpg 715w, https:\/\/www.amatimmobiliaris.com\/w\/wp-content\/uploads\/2024\/09\/vertical-closeup-roof-drain-pipe-768x1100.jpg 768w, https:\/\/www.amatimmobiliaris.com\/w\/wp-content\/uploads\/2024\/09\/vertical-closeup-roof-drain-pipe-1072x1536.jpg 1072w, https:\/\/www.amatimmobiliaris.com\/w\/wp-content\/uploads\/2024\/09\/vertical-closeup-roof-drain-pipe-1430x2048.jpg 1430w\" sizes=\"(max-width: 708px) 100vw, 708px\" \/><\/p>\n<p>&nbsp;<\/p>\n<h5 style=\"text-align: justify;\"><span style=\"color: #923d43;\"><strong><b>4. Electrodom\u00e8stics eficients<\/b><\/strong><\/span><\/h5>\n<p style=\"text-align: justify;\">Els electrodom\u00e8stics eficients s\u00f3n una inversi\u00f3 important per reduir el consum d&#8217;energia. Busca aquells amb <strong>etiquetes d&#8217;efici\u00e8ncia energ\u00e8tica<\/strong> de classe A+++ o equivalents. A m\u00e9s, les noves tecnologies permeten un \u00fas m\u00e9s intel\u00b7ligent de l&#8217;energia, com rentadores que ajusten el consum segons la c\u00e0rrega o neveres que optimitzen la temperatura autom\u00e0ticament.<\/p>\n<p>&nbsp;<\/p>\n<p><img loading=\"lazy\" decoding=\"async\" class=\"alignnone wp-image-36346 \" src=\"https:\/\/www.amatimmobiliaris.com\/w\/wp-content\/uploads\/2024\/09\/side-view-hand-touching-washing-machine-scaled.jpg\" alt=\"\" width=\"713\" height=\"476\" srcset=\"https:\/\/www.amatimmobiliaris.com\/w\/wp-content\/uploads\/2024\/09\/side-view-hand-touching-washing-machine-scaled.jpg 2560w, https:\/\/www.amatimmobiliaris.com\/w\/wp-content\/uploads\/2024\/09\/side-view-hand-touching-washing-machine-300x200.jpg 300w, https:\/\/www.amatimmobiliaris.com\/w\/wp-content\/uploads\/2024\/09\/side-view-hand-touching-washing-machine-1024x683.jpg 1024w, https:\/\/www.amatimmobiliaris.com\/w\/wp-content\/uploads\/2024\/09\/side-view-hand-touching-washing-machine-768x512.jpg 768w, https:\/\/www.amatimmobiliaris.com\/w\/wp-content\/uploads\/2024\/09\/side-view-hand-touching-washing-machine-1536x1025.jpg 1536w, https:\/\/www.amatimmobiliaris.com\/w\/wp-content\/uploads\/2024\/09\/side-view-hand-touching-washing-machine-2048x1366.jpg 2048w\" sizes=\"(max-width: 713px) 100vw, 713px\" \/><\/p>\n<p>&nbsp;<\/p>\n<h5 style=\"text-align: justify;\"><span style=\"color: #923d43;\"><strong><b>5. Sistemes de calefacci\u00f3 i refrigeraci\u00f3 intel\u00b7ligents<\/b><\/strong><\/span><\/h5>\n<p style=\"text-align: justify;\">En l&#8217;actualitat,els sistemes de calefacci\u00f3 i aire condicionat intel\u00b7ligents estan en auge. Aquests dispositius <strong>aprenen els teus h\u00e0bits i ajusten la temperatura autom\u00e0ticament<\/strong> per garantir el confort amb el menor consum energ\u00e8tic possible. A m\u00e9s, els pots controlar des del teu tel\u00e8fon intel\u00b7ligent, cosa que et permet optimitzar-ne l&#8217;\u00fas fins i tot quan no ets a casa.<\/p>\n<p>&nbsp;<\/p>\n<p><img loading=\"lazy\" decoding=\"async\" class=\"alignnone wp-image-36349 \" src=\"https:\/\/www.amatimmobiliaris.com\/w\/wp-content\/uploads\/2024\/09\/phone-with-kitchen-control-close-up-scaled.jpg\" alt=\"\" width=\"631\" height=\"949\" srcset=\"https:\/\/www.amatimmobiliaris.com\/w\/wp-content\/uploads\/2024\/09\/phone-with-kitchen-control-close-up-scaled.jpg 1703w, https:\/\/www.amatimmobiliaris.com\/w\/wp-content\/uploads\/2024\/09\/phone-with-kitchen-control-close-up-200x300.jpg 200w, https:\/\/www.amatimmobiliaris.com\/w\/wp-content\/uploads\/2024\/09\/phone-with-kitchen-control-close-up-681x1024.jpg 681w, https:\/\/www.amatimmobiliaris.com\/w\/wp-content\/uploads\/2024\/09\/phone-with-kitchen-control-close-up-768x1154.jpg 768w, https:\/\/www.amatimmobiliaris.com\/w\/wp-content\/uploads\/2024\/09\/phone-with-kitchen-control-close-up-1022x1536.jpg 1022w, https:\/\/www.amatimmobiliaris.com\/w\/wp-content\/uploads\/2024\/09\/phone-with-kitchen-control-close-up-1363x2048.jpg 1363w\" sizes=\"(max-width: 631px) 100vw, 631px\" \/><\/p>\n<h5><\/h5>\n<h5 style=\"text-align: justify;\"><span style=\"color: #923d43;\"><strong><b>6. Materials de construcci\u00f3 sostenibles<\/b><\/strong><\/span><\/h5>\n<p style=\"text-align: justify;\">Si est\u00e0s pensant en una reforma, tria materials sostenibles per a la teva llar. El bamb\u00fa, la fusta reciclada i els maons ecol\u00f2gics s\u00f3n o<strong>pcions que minimitzen l&#8217;impacte<\/strong> ambiental. Aquests materials s\u00f3n m\u00e9s duradors i sovint tenen una petjada de carboni menor en la seva fabricaci\u00f3.<\/p>\n<p>&nbsp;<\/p>\n<p><img loading=\"lazy\" decoding=\"async\" class=\"alignnone wp-image-36352 \" src=\"https:\/\/www.amatimmobiliaris.com\/w\/wp-content\/uploads\/2024\/09\/town-made-with-different-type-paper-brown-backdrop-scaled.jpg\" alt=\"\" width=\"703\" height=\"469\" srcset=\"https:\/\/www.amatimmobiliaris.com\/w\/wp-content\/uploads\/2024\/09\/town-made-with-different-type-paper-brown-backdrop-scaled.jpg 2560w, https:\/\/www.amatimmobiliaris.com\/w\/wp-content\/uploads\/2024\/09\/town-made-with-different-type-paper-brown-backdrop-300x200.jpg 300w, https:\/\/www.amatimmobiliaris.com\/w\/wp-content\/uploads\/2024\/09\/town-made-with-different-type-paper-brown-backdrop-1024x683.jpg 1024w, https:\/\/www.amatimmobiliaris.com\/w\/wp-content\/uploads\/2024\/09\/town-made-with-different-type-paper-brown-backdrop-768x513.jpg 768w, https:\/\/www.amatimmobiliaris.com\/w\/wp-content\/uploads\/2024\/09\/town-made-with-different-type-paper-brown-backdrop-1536x1025.jpg 1536w, https:\/\/www.amatimmobiliaris.com\/w\/wp-content\/uploads\/2024\/09\/town-made-with-different-type-paper-brown-backdrop-2048x1367.jpg 2048w\" sizes=\"(max-width: 703px) 100vw, 703px\" \/><\/p>\n<h5><\/h5>\n<h5 style=\"text-align: justify;\"><span style=\"color: #923d43;\"><strong><b>7. Jardins verticals\u00a0<\/b><\/strong><\/span><\/h5>\n<p style=\"text-align: justify;\">Incorporar plantes i jardins verticals a la teva llar no nom\u00e9s millora la qualitat de l&#8217;aire, sin\u00f3 que tamb\u00e9 pot ajudar-te a reduir la temperatura a l&#8217;estiu actuant com a <strong>barreres naturals<\/strong> contra la calor.<\/p>\n<p>&nbsp;<\/p>\n<p>&nbsp;<\/p>\n<p><img loading=\"lazy\" decoding=\"async\" class=\"alignnone wp-image-36355 \" src=\"https:\/\/www.amatimmobiliaris.com\/w\/wp-content\/uploads\/2024\/09\/31961-44.jpg\" alt=\"\" width=\"695\" height=\"463\" srcset=\"https:\/\/www.amatimmobiliaris.com\/w\/wp-content\/uploads\/2024\/09\/31961-44.jpg 1920w, https:\/\/www.amatimmobiliaris.com\/w\/wp-content\/uploads\/2024\/09\/31961-44-300x200.jpg 300w, https:\/\/www.amatimmobiliaris.com\/w\/wp-content\/uploads\/2024\/09\/31961-44-1024x683.jpg 1024w, https:\/\/www.amatimmobiliaris.com\/w\/wp-content\/uploads\/2024\/09\/31961-44-768x512.jpg 768w, https:\/\/www.amatimmobiliaris.com\/w\/wp-content\/uploads\/2024\/09\/31961-44-1536x1024.jpg 1536w\" sizes=\"(max-width: 695px) 100vw, 695px\" \/><\/p>\n<p>&nbsp;<\/p>\n<p>&nbsp;<\/p>\n<p style=\"text-align: justify;\">A m\u00e9s de contribuir a un <strong>m\u00f3n m\u00e9s sostenible<\/strong>, les llars ecol\u00f2giques s\u00f3n cada vegada <strong>m\u00e9s valorades al mercat<\/strong> immobiliari. Segons estudis recents, les llars sostenibles poden augmentar el seu valor de revenda en fins a un 10%. A m\u00e9s, aquestes millores solen traduir-se en estalvis considerables en energia, aigua i manteniment a llarg termini, cosa que compensa r\u00e0pidament la inversi\u00f3 inicial. Es per tot aix\u00f2, que cal pendre consciencia i comen\u00e7ar a transformar la teva llar en una casa m\u00e9s sostenible.<\/p>\n<p>&nbsp;<\/p>\n<h3><\/h3>\n<h3 style=\"text-align: justify;\"><span style=\"color: #99cc00;\">AmatZonia: Edificis eficients<\/span><\/h3>\n<p>&nbsp;<\/p>\n<p style=\"text-align: justify;\">Des de <a href=\"https:\/\/www.amatimmobiliaris.com\/w\/ca\/serveis\/#Amatzonia\" target=\"_blank\" rel=\"noopener\">AmatZonia<\/a>, aspirem a proporcionar una guia completa per a propietaris i administradors de comunitats que vulguin prendre mesures cap a una infraestructura de c\u00e0rrega el\u00e8ctrica <strong>m\u00e9s sostenible i legalment s\u00f2lida.<\/strong><\/p>\n<p>&nbsp;<\/p>\n<p><a href=\"https:\/\/www.amatimmobiliaris.com\/w\/ca\/serveis\/#Amatzonia\"><img loading=\"lazy\" decoding=\"async\" class=\"aligncenter wp-image-32881 size-full\" src=\"https:\/\/www.amatimmobiliaris.com\/w\/wp-content\/uploads\/2024\/01\/Sostenibilidad-en-comunidad_CAT.jpg\" alt=\"beneficis dels carregadors electrics\" width=\"800\" height=\"200\" srcset=\"https:\/\/www.amatimmobiliaris.com\/w\/wp-content\/uploads\/2024\/01\/Sostenibilidad-en-comunidad_CAT.jpg 800w, https:\/\/www.amatimmobiliaris.com\/w\/wp-content\/uploads\/2024\/01\/Sostenibilidad-en-comunidad_CAT-300x75.jpg 300w, https:\/\/www.amatimmobiliaris.com\/w\/wp-content\/uploads\/2024\/01\/Sostenibilidad-en-comunidad_CAT-768x192.jpg 768w\" sizes=\"(max-width: 800px) 100vw, 800px\" \/><\/a><\/p>\n<p>&nbsp;<\/p>\n<p>&nbsp;<\/p>\n<p style=\"text-align: justify;\">A <a href=\"https:\/\/www.amatimmobiliaris.cat\/\" target=\"_blank\" rel=\"noopener nofollow\" class=\"broken_link\">Amat Immobiliaris<\/a>, estem compromesos perqu\u00e8 les comunitats avancin cap a un futur m\u00e9s sostenible i innovador.<\/p>\n<p>&nbsp;<\/p>\n<p style=\"text-align: justify;\">Per qualsevol dubte, o si vols informaci\u00f3, pots contactar amb nosaltres a trav\u00e9s d&#8217;<span style=\"color: #0000ff;\"><a style=\"color: # 0000ff;\" href=\"mailto:info@amatimmo.cat\">info@amatimmo.cat<\/a><\/span> o trucant-nos al (+34) 934 803 400.<\/p>\n<p>&nbsp;<\/p>\n<h5><strong>T&#8217;ha agradat l&#8217;article? <b>Comparteix!<\/b><\/strong><\/h5>\n<p><a href=\"https:\/\/twitter.com\/intent\/tweet?text=Descobreix l'\u00fas del %23carregador%20 %23el\u00e8ctric%20 en %23comunitats%20 i edificis. %40amat_cat t'assessorar\u00e0 en la transici\u00f3 %23sostenible%20.%0A &amp;url=https:\/\/www.amatimmobiliaris.com\/w\/ca\/2024\/01\/carregador-electrics-en-comunitats\/\" target=\"_blank\" rel=\"noopener\"><img loading=\"lazy\" decoding=\"async\" class=\"alignnone wp-image-19030 size-full\" src=\"https:\/\/www.amatimmobiliaris.com\/w\/wp-content\/uploads\/2021\/11\/twitter.png\" alt=\"\" width=\"25\" height=\"20\" \/><\/a><a href=\"https:\/\/www.facebook.com\/sharer\/sharer.php?u=https%3A%2F%2Fwww.amatimmobiliaris.com%2Fw%2Fca%2F2024%2F01%2Fcarregador-electrics-en-comunitats%2F\" class=\"broken_link\" rel=\"nofollow\"><img loading=\"lazy\" decoding=\"async\" class=\"alignnone size-full wp-image-19024\" src=\"https:\/\/www.amatimmobiliaris.com\/w\/wp-content\/uploads\/2021\/11\/fb.png\" alt=\"\" width=\"12\" height=\"24\" \/><\/a><a href=\"https:\/\/www.linkedin.com\/sharing\/share-offsite\/?url=https%3A%2F%2Fwww.amatimmobiliaris.com%2Fw%2Fca%2F2024%2F01%2Fcarregador-electrics-en-comunitats%2F\"><img loading=\"lazy\" decoding=\"async\" class=\"alignnone size-full wp-image-19028\" src=\"https:\/\/www.amatimmobiliaris.com\/w\/wp-content\/uploads\/2021\/11\/linkedin.png\" alt=\"\" width=\"25\" height=\"25\" \/><\/a><\/p>\n","protected":false},"excerpt":{"rendered":"<p>Com fer la teva llar m\u00e9s ecol\u00f2gica en el 2024? Transformar la teva llar en una casa m\u00e9s sostenible &nbsp; Aquest any 2024, l&#8217;inter\u00e8s per les llars sostenibles continua creixent a mesura que m\u00e9s persones prenen consci\u00e8ncia de la import\u00e0ncia de cuidar el medi ambient i reduir la seva petjada de carboni. Adaptar la teva [&hellip;]<\/p>\n","protected":false},"author":1,"featured_media":36352,"comment_status":"closed","ping_status":"closed","sticky":false,"template":"","format":"standard","meta":{"content-type":"","footnotes":""},"categories":[1624,1151,1168,1156,1154,1157],"tags":[573,537,1696,1681,1558,2112,89,1728,734],"yoast_head":"<!-- This site is optimized with the Yoast SEO plugin v23.9 - https:\/\/yoast.com\/wordpress\/plugins\/seo\/ -->\n<title>Cases sostenibles: Com adaptar la teva llar per ser m\u00e9s sostenible | Amat Immobiliaris<\/title>\n<meta name=\"description\" content=\"Descobreix com transformar la teva llar en una casa m\u00e9s sostenible.\" \/>\n<meta name=\"robots\" content=\"index, follow, max-snippet:-1, max-image-preview:large, max-video-preview:-1\" \/>\n<link rel=\"canonical\" href=\"https:\/\/www.amatimmobiliaris.com\/w\/en\/2024\/09\/transform-your-home-to-be-more-sustainable\/\" \/>\n<meta property=\"og:locale\" content=\"ca_ES\" \/>\n<meta property=\"og:type\" content=\"article\" \/>\n<meta property=\"og:title\" content=\"Cases sostenibles: Com adaptar la teva llar per ser m\u00e9s sostenible | Amat Immobiliaris\" \/>\n<meta property=\"og:description\" content=\"Descobreix com transformar la teva llar en una casa m\u00e9s sostenible.\" \/>\n<meta property=\"og:url\" content=\"https:\/\/www.amatimmobiliaris.com\/w\/en\/2024\/09\/transform-your-home-to-be-more-sustainable\/\" \/>\n<meta property=\"og:site_name\" content=\"Amat Immobiliaris\" \/>\n<meta property=\"article:publisher\" content=\"https:\/\/www.facebook.com\/amatimmobiliaris\" \/>\n<meta property=\"article:published_time\" content=\"2024-09-18T09:42:25+00:00\" \/>\n<meta property=\"article:modified_time\" content=\"2024-10-11T11:04:57+00:00\" \/>\n<meta property=\"og:image\" content=\"https:\/\/www.amatimmobiliaris.com\/w\/wp-content\/uploads\/2024\/09\/town-made-with-different-type-paper-brown-backdrop-scaled.jpg\" \/>\n\t<meta property=\"og:image:width\" content=\"2560\" \/>\n\t<meta property=\"og:image:height\" content=\"1709\" \/>\n\t<meta property=\"og:image:type\" content=\"image\/jpeg\" \/>\n<meta name=\"author\" content=\"Amat Immobiliaris\" \/>\n<meta name=\"twitter:card\" content=\"summary_large_image\" \/>\n<meta name=\"twitter:creator\" content=\"@amat_cat\" \/>\n<meta name=\"twitter:site\" content=\"@amat_cat\" \/>\n<meta name=\"twitter:label1\" content=\"Escrit per\" \/>\n\t<meta name=\"twitter:data1\" content=\"Amat Immobiliaris\" \/>\n\t<meta name=\"twitter:label2\" content=\"Temps estimat de lectura\" \/>\n\t<meta name=\"twitter:data2\" content=\"6 minuts\" \/>\n<script type=\"application\/ld+json\" class=\"yoast-schema-graph\">{\"@context\":\"https:\/\/schema.org\",\"@graph\":[{\"@type\":\"Article\",\"@id\":\"https:\/\/www.amatimmobiliaris.com\/w\/en\/2024\/09\/transform-your-home-to-be-more-sustainable\/#article\",\"isPartOf\":{\"@id\":\"https:\/\/www.amatimmobiliaris.com\/w\/ca\/2024\/09\/transformar-la-teva-llar-mes-sostenible\/\"},\"author\":{\"name\":\"Amat Immobiliaris\",\"@id\":\"https:\/\/www.amatimmobiliaris.com\/w\/#\/schema\/person\/c880da71d1e156e7ea6774ffb445e034\"},\"headline\":\"Cases sostenibles: Com adaptar la teva llar per ser m\u00e9s sostenible\",\"datePublished\":\"2024-09-18T09:42:25+00:00\",\"dateModified\":\"2024-10-11T11:04:57+00:00\",\"mainEntityOfPage\":{\"@id\":\"https:\/\/www.amatimmobiliaris.com\/w\/ca\/2024\/09\/transformar-la-teva-llar-mes-sostenible\/\"},\"wordCount\":737,\"publisher\":{\"@id\":\"https:\/\/www.amatimmobiliaris.com\/w\/#organization\"},\"image\":{\"@id\":\"https:\/\/www.amatimmobiliaris.com\/w\/en\/2024\/09\/transform-your-home-to-be-more-sustainable\/#primaryimage\"},\"thumbnailUrl\":\"https:\/\/www.amatimmobiliaris.com\/w\/wp-content\/uploads\/2024\/09\/town-made-with-different-type-paper-brown-backdrop-scaled.jpg\",\"keywords\":[\"Arquitectura\",\"Beneficis\",\"Comunitat\",\"Habitatge\",\"Lloguer\",\"normativa\",\"Sector immobiliari\",\"Sostenibilitat\",\"Sostenible\"],\"articleSection\":[\"Actualitat\",\"Arquitectura i decoraci\u00f3\",\"Efici\u00e8ncia energ\u00e8tica\",\"Fiscalitat\",\"L'usuari pregunta\",\"Not\u00edcies\"],\"inLanguage\":\"ca\"},{\"@type\":\"WebPage\",\"@id\":\"https:\/\/www.amatimmobiliaris.com\/w\/ca\/2024\/09\/transformar-la-teva-llar-mes-sostenible\/\",\"url\":\"https:\/\/www.amatimmobiliaris.com\/w\/en\/2024\/09\/transform-your-home-to-be-more-sustainable\/\",\"name\":\"Cases sostenibles: Com adaptar la teva llar per ser m\u00e9s sostenible | Amat Immobiliaris\",\"isPartOf\":{\"@id\":\"https:\/\/www.amatimmobiliaris.com\/w\/#website\"},\"primaryImageOfPage\":{\"@id\":\"https:\/\/www.amatimmobiliaris.com\/w\/en\/2024\/09\/transform-your-home-to-be-more-sustainable\/#primaryimage\"},\"image\":{\"@id\":\"https:\/\/www.amatimmobiliaris.com\/w\/en\/2024\/09\/transform-your-home-to-be-more-sustainable\/#primaryimage\"},\"thumbnailUrl\":\"https:\/\/www.amatimmobiliaris.com\/w\/wp-content\/uploads\/2024\/09\/town-made-with-different-type-paper-brown-backdrop-scaled.jpg\",\"datePublished\":\"2024-09-18T09:42:25+00:00\",\"dateModified\":\"2024-10-11T11:04:57+00:00\",\"description\":\"Descobreix com transformar la teva llar en una casa m\u00e9s sostenible.\",\"breadcrumb\":{\"@id\":\"https:\/\/www.amatimmobiliaris.com\/w\/en\/2024\/09\/transform-your-home-to-be-more-sustainable\/#breadcrumb\"},\"inLanguage\":\"ca\",\"potentialAction\":[{\"@type\":\"ReadAction\",\"target\":[\"https:\/\/www.amatimmobiliaris.com\/w\/en\/2024\/09\/transform-your-home-to-be-more-sustainable\/\"]}]},{\"@type\":\"ImageObject\",\"inLanguage\":\"ca\",\"@id\":\"https:\/\/www.amatimmobiliaris.com\/w\/en\/2024\/09\/transform-your-home-to-be-more-sustainable\/#primaryimage\",\"url\":\"https:\/\/www.amatimmobiliaris.com\/w\/wp-content\/uploads\/2024\/09\/town-made-with-different-type-paper-brown-backdrop-scaled.jpg\",\"contentUrl\":\"https:\/\/www.amatimmobiliaris.com\/w\/wp-content\/uploads\/2024\/09\/town-made-with-different-type-paper-brown-backdrop-scaled.jpg\",\"width\":2560,\"height\":1709},{\"@type\":\"BreadcrumbList\",\"@id\":\"https:\/\/www.amatimmobiliaris.com\/w\/en\/2024\/09\/transform-your-home-to-be-more-sustainable\/#breadcrumb\",\"itemListElement\":[{\"@type\":\"ListItem\",\"position\":1,\"name\":\"Home\",\"item\":\"https:\/\/www.amatimmobiliaris.com\/w\/ca\/\"},{\"@type\":\"ListItem\",\"position\":2,\"name\":\"Arquitectura i decoraci\u00f3\",\"item\":\"https:\/\/www.amatimmobiliaris.com\/w\/ca\/categoria-ca\/arquitectura-i-decoracio-ca\/\"},{\"@type\":\"ListItem\",\"position\":3,\"name\":\"Cases sostenibles: Com adaptar la teva llar per ser m\u00e9s sostenible\"}]},{\"@type\":\"WebSite\",\"@id\":\"https:\/\/www.amatimmobiliaris.com\/w\/#website\",\"url\":\"https:\/\/www.amatimmobiliaris.com\/w\/\",\"name\":\"Amat Immobiliaris\",\"description\":\"Empresa familiar del sector inmobiliario con oficinas en Barcelona, Sant Cugat del Vall\u00e9s y Sant Just Desvern. Te ayudamos a comprar, alquilar o vender tu casa o piso. Somos un equipo coherente con una cultura de empresa honesta, innovadora y eficaz. Tambi\u00e9n en www.amatluxury.com\",\"publisher\":{\"@id\":\"https:\/\/www.amatimmobiliaris.com\/w\/#organization\"},\"alternateName\":\"AmatImmo\",\"potentialAction\":[{\"@type\":\"SearchAction\",\"target\":{\"@type\":\"EntryPoint\",\"urlTemplate\":\"https:\/\/www.amatimmobiliaris.com\/w\/?s={search_term_string}\"},\"query-input\":{\"@type\":\"PropertyValueSpecification\",\"valueRequired\":true,\"valueName\":\"search_term_string\"}}],\"inLanguage\":\"ca\"},{\"@type\":\"Organization\",\"@id\":\"https:\/\/www.amatimmobiliaris.com\/w\/#organization\",\"name\":\"Amat Immobiliaris\",\"url\":\"https:\/\/www.amatimmobiliaris.com\/w\/\",\"logo\":{\"@type\":\"ImageObject\",\"inLanguage\":\"ca\",\"@id\":\"https:\/\/www.amatimmobiliaris.com\/w\/#\/schema\/logo\/image\/\",\"url\":\"https:\/\/www.amatimmobiliaris.com\/w\/wp-content\/uploads\/2022\/10\/amat-logo.jpg\",\"contentUrl\":\"https:\/\/www.amatimmobiliaris.com\/w\/wp-content\/uploads\/2022\/10\/amat-logo.jpg\",\"width\":900,\"height\":900,\"caption\":\"Amat Immobiliaris\"},\"image\":{\"@id\":\"https:\/\/www.amatimmobiliaris.com\/w\/#\/schema\/logo\/image\/\"},\"sameAs\":[\"https:\/\/www.facebook.com\/amatimmobiliaris\",\"https:\/\/x.com\/amat_cat\",\"https:\/\/www.instagram.com\/amat_immo\/\",\"https:\/\/www.linkedin.com\/company\/amat-finques\/\",\"https:\/\/www.youtube.com\/@amatimmobiliaris\"]},{\"@type\":\"Person\",\"@id\":\"https:\/\/www.amatimmobiliaris.com\/w\/#\/schema\/person\/c880da71d1e156e7ea6774ffb445e034\",\"name\":\"Amat Immobiliaris\",\"sameAs\":[\"http:\/\/amat-inmo-wp.localhost\"]}]}<\/script>\n<!-- \/ Yoast SEO plugin. -->","yoast_head_json":{"title":"Cases sostenibles: Com adaptar la teva llar per ser m\u00e9s sostenible | Amat Immobiliaris","description":"Descobreix com transformar la teva llar en una casa m\u00e9s sostenible.","robots":{"index":"index","follow":"follow","max-snippet":"max-snippet:-1","max-image-preview":"max-image-preview:large","max-video-preview":"max-video-preview:-1"},"canonical":"https:\/\/www.amatimmobiliaris.com\/w\/en\/2024\/09\/transform-your-home-to-be-more-sustainable\/","og_locale":"ca_ES","og_type":"article","og_title":"Cases sostenibles: Com adaptar la teva llar per ser m\u00e9s sostenible | Amat Immobiliaris","og_description":"Descobreix com transformar la teva llar en una casa m\u00e9s sostenible.","og_url":"https:\/\/www.amatimmobiliaris.com\/w\/en\/2024\/09\/transform-your-home-to-be-more-sustainable\/","og_site_name":"Amat Immobiliaris","article_publisher":"https:\/\/www.facebook.com\/amatimmobiliaris","article_published_time":"2024-09-18T09:42:25+00:00","article_modified_time":"2024-10-11T11:04:57+00:00","og_image":[{"width":2560,"height":1709,"url":"https:\/\/www.amatimmobiliaris.com\/w\/wp-content\/uploads\/2024\/09\/town-made-with-different-type-paper-brown-backdrop-scaled.jpg","type":"image\/jpeg"}],"author":"Amat Immobiliaris","twitter_card":"summary_large_image","twitter_creator":"@amat_cat","twitter_site":"@amat_cat","twitter_misc":{"Escrit per":"Amat Immobiliaris","Temps estimat de lectura":"6 minuts"},"schema":{"@context":"https:\/\/schema.org","@graph":[{"@type":"Article","@id":"https:\/\/www.amatimmobiliaris.com\/w\/en\/2024\/09\/transform-your-home-to-be-more-sustainable\/#article","isPartOf":{"@id":"https:\/\/www.amatimmobiliaris.com\/w\/ca\/2024\/09\/transformar-la-teva-llar-mes-sostenible\/"},"author":{"name":"Amat Immobiliaris","@id":"https:\/\/www.amatimmobiliaris.com\/w\/#\/schema\/person\/c880da71d1e156e7ea6774ffb445e034"},"headline":"Cases sostenibles: Com adaptar la teva llar per ser m\u00e9s sostenible","datePublished":"2024-09-18T09:42:25+00:00","dateModified":"2024-10-11T11:04:57+00:00","mainEntityOfPage":{"@id":"https:\/\/www.amatimmobiliaris.com\/w\/ca\/2024\/09\/transformar-la-teva-llar-mes-sostenible\/"},"wordCount":737,"publisher":{"@id":"https:\/\/www.amatimmobiliaris.com\/w\/#organization"},"image":{"@id":"https:\/\/www.amatimmobiliaris.com\/w\/en\/2024\/09\/transform-your-home-to-be-more-sustainable\/#primaryimage"},"thumbnailUrl":"https:\/\/www.amatimmobiliaris.com\/w\/wp-content\/uploads\/2024\/09\/town-made-with-different-type-paper-brown-backdrop-scaled.jpg","keywords":["Arquitectura","Beneficis","Comunitat","Habitatge","Lloguer","normativa","Sector immobiliari","Sostenibilitat","Sostenible"],"articleSection":["Actualitat","Arquitectura i decoraci\u00f3","Efici\u00e8ncia energ\u00e8tica","Fiscalitat","L'usuari pregunta","Not\u00edcies"],"inLanguage":"ca"},{"@type":"WebPage","@id":"https:\/\/www.amatimmobiliaris.com\/w\/ca\/2024\/09\/transformar-la-teva-llar-mes-sostenible\/","url":"https:\/\/www.amatimmobiliaris.com\/w\/en\/2024\/09\/transform-your-home-to-be-more-sustainable\/","name":"Cases sostenibles: Com adaptar la teva llar per ser m\u00e9s sostenible | Amat Immobiliaris","isPartOf":{"@id":"https:\/\/www.amatimmobiliaris.com\/w\/#website"},"primaryImageOfPage":{"@id":"https:\/\/www.amatimmobiliaris.com\/w\/en\/2024\/09\/transform-your-home-to-be-more-sustainable\/#primaryimage"},"image":{"@id":"https:\/\/www.amatimmobiliaris.com\/w\/en\/2024\/09\/transform-your-home-to-be-more-sustainable\/#primaryimage"},"thumbnailUrl":"https:\/\/www.amatimmobiliaris.com\/w\/wp-content\/uploads\/2024\/09\/town-made-with-different-type-paper-brown-backdrop-scaled.jpg","datePublished":"2024-09-18T09:42:25+00:00","dateModified":"2024-10-11T11:04:57+00:00","description":"Descobreix com transformar la teva llar en una casa m\u00e9s sostenible.","breadcrumb":{"@id":"https:\/\/www.amatimmobiliaris.com\/w\/en\/2024\/09\/transform-your-home-to-be-more-sustainable\/#breadcrumb"},"inLanguage":"ca","potentialAction":[{"@type":"ReadAction","target":["https:\/\/www.amatimmobiliaris.com\/w\/en\/2024\/09\/transform-your-home-to-be-more-sustainable\/"]}]},{"@type":"ImageObject","inLanguage":"ca","@id":"https:\/\/www.amatimmobiliaris.com\/w\/en\/2024\/09\/transform-your-home-to-be-more-sustainable\/#primaryimage","url":"https:\/\/www.amatimmobiliaris.com\/w\/wp-content\/uploads\/2024\/09\/town-made-with-different-type-paper-brown-backdrop-scaled.jpg","contentUrl":"https:\/\/www.amatimmobiliaris.com\/w\/wp-content\/uploads\/2024\/09\/town-made-with-different-type-paper-brown-backdrop-scaled.jpg","width":2560,"height":1709},{"@type":"BreadcrumbList","@id":"https:\/\/www.amatimmobiliaris.com\/w\/en\/2024\/09\/transform-your-home-to-be-more-sustainable\/#breadcrumb","itemListElement":[{"@type":"ListItem","position":1,"name":"Home","item":"https:\/\/www.amatimmobiliaris.com\/w\/ca\/"},{"@type":"ListItem","position":2,"name":"Arquitectura i decoraci\u00f3","item":"https:\/\/www.amatimmobiliaris.com\/w\/ca\/categoria-ca\/arquitectura-i-decoracio-ca\/"},{"@type":"ListItem","position":3,"name":"Cases sostenibles: Com adaptar la teva llar per ser m\u00e9s sostenible"}]},{"@type":"WebSite","@id":"https:\/\/www.amatimmobiliaris.com\/w\/#website","url":"https:\/\/www.amatimmobiliaris.com\/w\/","name":"Amat Immobiliaris","description":"Empresa familiar del sector inmobiliario con oficinas en Barcelona, Sant Cugat del Vall\u00e9s y Sant Just Desvern. Te ayudamos a comprar, alquilar o vender tu casa o piso. Somos un equipo coherente con una cultura de empresa honesta, innovadora y eficaz. Tambi\u00e9n en www.amatluxury.com","publisher":{"@id":"https:\/\/www.amatimmobiliaris.com\/w\/#organization"},"alternateName":"AmatImmo","potentialAction":[{"@type":"SearchAction","target":{"@type":"EntryPoint","urlTemplate":"https:\/\/www.amatimmobiliaris.com\/w\/?s={search_term_string}"},"query-input":{"@type":"PropertyValueSpecification","valueRequired":true,"valueName":"search_term_string"}}],"inLanguage":"ca"},{"@type":"Organization","@id":"https:\/\/www.amatimmobiliaris.com\/w\/#organization","name":"Amat Immobiliaris","url":"https:\/\/www.amatimmobiliaris.com\/w\/","logo":{"@type":"ImageObject","inLanguage":"ca","@id":"https:\/\/www.amatimmobiliaris.com\/w\/#\/schema\/logo\/image\/","url":"https:\/\/www.amatimmobiliaris.com\/w\/wp-content\/uploads\/2022\/10\/amat-logo.jpg","contentUrl":"https:\/\/www.amatimmobiliaris.com\/w\/wp-content\/uploads\/2022\/10\/amat-logo.jpg","width":900,"height":900,"caption":"Amat Immobiliaris"},"image":{"@id":"https:\/\/www.amatimmobiliaris.com\/w\/#\/schema\/logo\/image\/"},"sameAs":["https:\/\/www.facebook.com\/amatimmobiliaris","https:\/\/x.com\/amat_cat","https:\/\/www.instagram.com\/amat_immo\/","https:\/\/www.linkedin.com\/company\/amat-finques\/","https:\/\/www.youtube.com\/@amatimmobiliaris"]},{"@type":"Person","@id":"https:\/\/www.amatimmobiliaris.com\/w\/#\/schema\/person\/c880da71d1e156e7ea6774ffb445e034","name":"Amat Immobiliaris","sameAs":["http:\/\/amat-inmo-wp.localhost"]}]}},"_links":{"self":[{"href":"https:\/\/www.amatimmobiliaris.com\/w\/ca\/wp-json\/wp\/v2\/posts\/36332"}],"collection":[{"href":"https:\/\/www.amatimmobiliaris.com\/w\/ca\/wp-json\/wp\/v2\/posts"}],"about":[{"href":"https:\/\/www.amatimmobiliaris.com\/w\/ca\/wp-json\/wp\/v2\/types\/post"}],"author":[{"embeddable":true,"href":"https:\/\/www.amatimmobiliaris.com\/w\/ca\/wp-json\/wp\/v2\/users\/1"}],"replies":[{"embeddable":true,"href":"https:\/\/www.amatimmobiliaris.com\/w\/ca\/wp-json\/wp\/v2\/comments?post=36332"}],"version-history":[{"count":10,"href":"https:\/\/www.amatimmobiliaris.com\/w\/ca\/wp-json\/wp\/v2\/posts\/36332\/revisions"}],"predecessor-version":[{"id":36367,"href":"https:\/\/www.amatimmobiliaris.com\/w\/ca\/wp-json\/wp\/v2\/posts\/36332\/revisions\/36367"}],"wp:featuredmedia":[{"embeddable":true,"href":"https:\/\/www.amatimmobiliaris.com\/w\/ca\/wp-json\/wp\/v2\/media\/36352"}],"wp:attachment":[{"href":"https:\/\/www.amatimmobiliaris.com\/w\/ca\/wp-json\/wp\/v2\/media?parent=36332"}],"wp:term":[{"taxonomy":"category","embeddable":true,"href":"https:\/\/www.amatimmobiliaris.com\/w\/ca\/wp-json\/wp\/v2\/categories?post=36332"},{"taxonomy":"post_tag","embeddable":true,"href":"https:\/\/www.amatimmobiliaris.com\/w\/ca\/wp-json\/wp\/v2\/tags?post=36332"}],"curies":[{"name":"wp","href":"https:\/\/api.w.org\/{rel}","templated":true}]}}