{"id":35920,"date":"2024-07-25T10:24:58","date_gmt":"2024-07-25T10:24:58","guid":{"rendered":"https:\/\/www.amatimmobiliaris.com\/w\/?p=35920"},"modified":"2024-10-11T11:10:59","modified_gmt":"2024-10-11T11:10:59","slug":"idees-per-decorar-la-teva-casa-de-la-platja","status":"publish","type":"post","link":"https:\/\/www.amatimmobiliaris.com\/w\/ca\/2024\/07\/idees-per-decorar-la-teva-casa-de-la-platja\/","title":{"rendered":"Inspiraci\u00f3 Mediterr\u00e0nia: Idees per decorar la teva casa de la platja"},"content":{"rendered":"<h2 style=\"text-align: justify;\">Com transformar la teva casa de la platja amb les \u00faltimes tend\u00e8ncies?<\/h2>\n<p>&nbsp;<\/p>\n<p>Amb l&#8217;arribada de les vacances a tocar, et volem donar idees per decorar la teva casa de la platja. Si t&#8217;interessa, et recomanem que continu\u00efs llegint!<\/p>\n<p>Les cases a la platja ofereixen un ambient \u00fanic i d&#8217;inspiraci\u00f3 mediterr\u00e0nia: remarquen a crits la paraula &#8220;<strong>vacances<\/strong>&#8220;, la <strong>brisa marina<\/strong> i les vistes es converteixen en part de la decoraci\u00f3 i transmeten una sensaci\u00f3 de <strong>parad\u00eds i benestar<\/strong>. La seva decoraci\u00f3 ens sedueix amb el seu encant i <strong>estil delicat i fresc.<\/strong> No obstant aix\u00f2, l&#8217;estil &#8216;<strong><em>&#8216;beach cottage&#8221;<\/em><\/strong> no \u00e9s nom\u00e9s per a l&#8217;estiu; podem gaudir d&#8217;un ambient estiuenc, acollidor i elegant durant tot l&#8217;any.<\/p>\n<p>Quan es tracta de decorar una segona resid\u00e8ncia, sovint sorgeixen dubtes, especialment quan es tracta d&#8217;invertir en decoraci\u00f3. \u00c9s per aix\u00f2, que en aquest post, us volem oferir alguns consells per integrar aquest estil de manera harm\u00f2nica a les nostres llars. Tant si tens un petit apartament com una casa completa, aqu\u00ed trobar\u00e0s idees per decorar la teva casa de la platja amb les <strong>\u00faltimes tend\u00e8ncies<\/strong> en llar i decoraci\u00f3.<\/p>\n<p>&nbsp;<\/p>\n<h5 style=\"text-align: justify;\"><span style=\"color: #923d43;\"><strong><b>1. Paleta de colors neutres<\/b><\/strong><\/span><\/h5>\n<p>&nbsp;<\/p>\n<p style=\"text-align: justify;\">Una de les tend\u00e8ncies m\u00e9s populars en decoraci\u00f3 de cases a la platja \u00e9s l&#8217;\u00fas de <strong>colors neutres i naturals<\/strong>. Tons com el blanc, el beix, el gris i blau cel i els tons terra ajuden a crear un ambient relaxant i airejat, perfectament harmonitzat amb l&#8217;entorn costaner.<\/p>\n<p style=\"text-align: justify;\">Aquests colors, a m\u00e9s, permeten que els <strong>elements naturals<\/strong> com la fusta i el mimbre es destaquin, afegint calidesa i textura a l&#8217;espai.<\/p>\n<p>&nbsp;<\/p>\n<p><img loading=\"lazy\" decoding=\"async\" class=\"alignnone wp-image-36029 \" src=\"https:\/\/www.amatimmobiliaris.com\/w\/wp-content\/uploads\/2024\/07\/creative-fengshui-practice-living-room-arrangement-1-scaled.jpg\" alt=\"Decoraci\u00f3 casa de la platja\" width=\"876\" height=\"584\" srcset=\"https:\/\/www.amatimmobiliaris.com\/w\/wp-content\/uploads\/2024\/07\/creative-fengshui-practice-living-room-arrangement-1-scaled.jpg 2560w, https:\/\/www.amatimmobiliaris.com\/w\/wp-content\/uploads\/2024\/07\/creative-fengshui-practice-living-room-arrangement-1-300x200.jpg 300w, https:\/\/www.amatimmobiliaris.com\/w\/wp-content\/uploads\/2024\/07\/creative-fengshui-practice-living-room-arrangement-1-1024x683.jpg 1024w, https:\/\/www.amatimmobiliaris.com\/w\/wp-content\/uploads\/2024\/07\/creative-fengshui-practice-living-room-arrangement-1-768x512.jpg 768w, https:\/\/www.amatimmobiliaris.com\/w\/wp-content\/uploads\/2024\/07\/creative-fengshui-practice-living-room-arrangement-1-1536x1024.jpg 1536w, https:\/\/www.amatimmobiliaris.com\/w\/wp-content\/uploads\/2024\/07\/creative-fengshui-practice-living-room-arrangement-1-2048x1365.jpg 2048w\" sizes=\"(max-width: 876px) 100vw, 876px\" \/><\/p>\n<h5><\/h5>\n<h5 style=\"text-align: justify;\"><span style=\"color: #923d43;\"><strong><b>2. Integraci\u00f3 d&#8217;element marins<\/b><\/strong><\/span><\/h5>\n<p>&nbsp;<\/p>\n<p style=\"text-align: justify;\">La decoraci\u00f3 amb <strong>tem\u00e0tica marina<\/strong> \u00e9s una aposta segura per a les cases a la platja. Elements decoratius com <strong>nusos mariners, corals, petxines, estrelles de mar,<\/strong> i obres d&#8217;art amb motius oce\u00e0nics poden afegir un toc de frescor i <strong>connectar visualment<\/strong> l&#8217;interior de la casa amb el paisatge exterior. Aix\u00f2 es pot fer de manera subtil, <strong>evitant excessos,<\/strong> per mantenir un equilibri sofisticat.<\/p>\n<p>&nbsp;<\/p>\n<p><img loading=\"lazy\" decoding=\"async\" class=\"alignnone wp-image-36034 \" src=\"https:\/\/www.amatimmobiliaris.com\/w\/wp-content\/uploads\/2024\/07\/marino.png\" alt=\"Decoraci\u00f3 cases a la platja\" width=\"584\" height=\"875\" srcset=\"https:\/\/www.amatimmobiliaris.com\/w\/wp-content\/uploads\/2024\/07\/marino.png 505w, https:\/\/www.amatimmobiliaris.com\/w\/wp-content\/uploads\/2024\/07\/marino-200x300.png 200w\" sizes=\"(max-width: 584px) 100vw, 584px\" \/><\/p>\n<p>&nbsp;<\/p>\n<h5 style=\"text-align: justify;\"><span style=\"color: #923d43;\"><strong><b>3. Materials ecol\u00f2gics i sostenibles<\/b><\/strong><\/span><\/h5>\n<p>&nbsp;<\/p>\n<p style=\"text-align: justify;\">En l&#8217;actualitat i cada vegada m\u00e9s, la <strong>sostenibilitat<\/strong> es converteix en una part integral del disseny d&#8217;interiors. Utilitzar materials sostenibles com la <strong>fusta reciclada, el bamb\u00fa, el v\u00edmet, el rotang i altres fibres naturals<\/strong> no nom\u00e9s \u00e9s benefici\u00f3s per al medi ambient, sin\u00f3 que tamb\u00e9 aporta un toc org\u00e0nic i aut\u00e8ntic a la decoraci\u00f3. Mobles i accessoris fets amb aquests materials poden transformar qualsevol espai en un refugi acollidor.<\/p>\n<p>&nbsp;<\/p>\n<p><img loading=\"lazy\" decoding=\"async\" class=\"alignnone wp-image-36037 \" src=\"https:\/\/www.amatimmobiliaris.com\/w\/wp-content\/uploads\/2024\/07\/interior-decor-with-potted-plant-wooden-table-scaled.jpg\" alt=\"decoraci\u00f3 cases a la platja\" width=\"595\" height=\"892\" srcset=\"https:\/\/www.amatimmobiliaris.com\/w\/wp-content\/uploads\/2024\/07\/interior-decor-with-potted-plant-wooden-table-scaled.jpg 1707w, https:\/\/www.amatimmobiliaris.com\/w\/wp-content\/uploads\/2024\/07\/interior-decor-with-potted-plant-wooden-table-200x300.jpg 200w, https:\/\/www.amatimmobiliaris.com\/w\/wp-content\/uploads\/2024\/07\/interior-decor-with-potted-plant-wooden-table-683x1024.jpg 683w, https:\/\/www.amatimmobiliaris.com\/w\/wp-content\/uploads\/2024\/07\/interior-decor-with-potted-plant-wooden-table-768x1152.jpg 768w, https:\/\/www.amatimmobiliaris.com\/w\/wp-content\/uploads\/2024\/07\/interior-decor-with-potted-plant-wooden-table-1024x1536.jpg 1024w, https:\/\/www.amatimmobiliaris.com\/w\/wp-content\/uploads\/2024\/07\/interior-decor-with-potted-plant-wooden-table-1365x2048.jpg 1365w\" sizes=\"(max-width: 595px) 100vw, 595px\" \/><\/p>\n<p>&nbsp;<\/p>\n<h5 style=\"text-align: justify;\"><span style=\"color: #923d43;\"><strong><b>4. Il\u00b7luminaci\u00f3 natural<\/b><\/strong><\/span><\/h5>\n<p>&nbsp;<\/p>\n<p style=\"text-align: justify;\">La il\u00b7luminaci\u00f3 \u00e9s clau per a crear una <strong>atmosfera c\u00e0lida i acollidora.<\/strong> Aprofita al m\u00e0xim la llum natural, utilitzant cortines lleugeres o estors que permetin el <strong>pas de la llum<\/strong>.<\/p>\n<p style=\"text-align: justify;\">Per a la il\u00b7luminaci\u00f3 artificial, opta per l\u00e0mpades i llumin\u00e0ries amb dissenys elegants i <strong>materials naturals<\/strong> com la fusta o el metall. La il\u00b7luminaci\u00f3 puntual, com les l\u00e0mpades de peu o de taula, tamb\u00e9 pot ajudar a crear ambients \u00edntims i acollidors.<\/p>\n<p>&nbsp;<\/p>\n<p><img loading=\"lazy\" decoding=\"async\" class=\"alignnone wp-image-36041 \" src=\"https:\/\/www.amatimmobiliaris.com\/w\/wp-content\/uploads\/2024\/07\/contemporary-house-interior-design-scaled.jpg\" alt=\"decoraci\u00f3 cases a la platja\" width=\"854\" height=\"569\" srcset=\"https:\/\/www.amatimmobiliaris.com\/w\/wp-content\/uploads\/2024\/07\/contemporary-house-interior-design-scaled.jpg 2560w, https:\/\/www.amatimmobiliaris.com\/w\/wp-content\/uploads\/2024\/07\/contemporary-house-interior-design-300x200.jpg 300w, https:\/\/www.amatimmobiliaris.com\/w\/wp-content\/uploads\/2024\/07\/contemporary-house-interior-design-1024x683.jpg 1024w, https:\/\/www.amatimmobiliaris.com\/w\/wp-content\/uploads\/2024\/07\/contemporary-house-interior-design-768x512.jpg 768w, https:\/\/www.amatimmobiliaris.com\/w\/wp-content\/uploads\/2024\/07\/contemporary-house-interior-design-1536x1024.jpg 1536w, https:\/\/www.amatimmobiliaris.com\/w\/wp-content\/uploads\/2024\/07\/contemporary-house-interior-design-2048x1365.jpg 2048w\" sizes=\"(max-width: 854px) 100vw, 854px\" \/><\/p>\n<p>&nbsp;<\/p>\n<h5 style=\"text-align: justify;\"><span style=\"color: #923d43;\"><strong><b>5. Textils lleugers i organics<\/b><\/strong><\/span><\/h5>\n<p>&nbsp;<\/p>\n<p style=\"text-align: justify;\">A l&#8217;hora d&#8217;escollir els t\u00e8xtils per a una casa a la platja, opta per <strong>materials lleugers<\/strong>, naturals i org\u00e0nics com el lli o el cot\u00f3, que permeten una bona circulaci\u00f3 de l&#8217;aire i afegeixen un <strong>toc fresc a l&#8217;ambient. <\/strong><\/p>\n<p style=\"text-align: justify;\">Les <strong>cortines lleugere<\/strong>s deixen passar la llum natural, creant un espai llumin\u00f3s i acollidor, mentre que les <strong>catifes de fibres naturals<\/strong> com el jute o el sisal aporten calidesa i textura, refor\u00e7ant la sensaci\u00f3 de connexi\u00f3 amb l&#8217;entorn natural.<\/p>\n<p>&nbsp;<\/p>\n<p><img loading=\"lazy\" decoding=\"async\" class=\"alignnone wp-image-36044 \" src=\"https:\/\/www.amatimmobiliaris.com\/w\/wp-content\/uploads\/2024\/07\/decorative-items-cozy-home-interior-scaled.jpg\" alt=\"decoraci\u00f3 cases a la platja\" width=\"839\" height=\"473\" srcset=\"https:\/\/www.amatimmobiliaris.com\/w\/wp-content\/uploads\/2024\/07\/decorative-items-cozy-home-interior-scaled.jpg 2560w, https:\/\/www.amatimmobiliaris.com\/w\/wp-content\/uploads\/2024\/07\/decorative-items-cozy-home-interior-300x169.jpg 300w, https:\/\/www.amatimmobiliaris.com\/w\/wp-content\/uploads\/2024\/07\/decorative-items-cozy-home-interior-1024x577.jpg 1024w, https:\/\/www.amatimmobiliaris.com\/w\/wp-content\/uploads\/2024\/07\/decorative-items-cozy-home-interior-768x433.jpg 768w, https:\/\/www.amatimmobiliaris.com\/w\/wp-content\/uploads\/2024\/07\/decorative-items-cozy-home-interior-1536x866.jpg 1536w, https:\/\/www.amatimmobiliaris.com\/w\/wp-content\/uploads\/2024\/07\/decorative-items-cozy-home-interior-2048x1155.jpg 2048w\" sizes=\"(max-width: 839px) 100vw, 839px\" \/><\/p>\n<h5><\/h5>\n<h5 style=\"text-align: justify;\"><span style=\"color: #923d43;\"><strong><b>6. Plantes d&#8217;interior<\/b><\/strong><\/span><\/h5>\n<p>&nbsp;<\/p>\n<p style=\"text-align: justify;\">Les plantes d&#8217;interior s\u00f3n essencials per a una casa a la platja, ja que aporten vida, color i un <strong>aire fresc a l&#8217;espai<\/strong>. Opta per <strong>esp\u00e8cies resistents<\/strong> i de baix manteniment, com les palmeres, les sansevi\u00e8ries o les plantes suculentes, que s&#8217;adapten b\u00e9 als ambients amb molta llum.<\/p>\n<p style=\"text-align: justify;\">Col\u00b7loca plantes en tests de <strong>materials naturals<\/strong> com la terracota o el rattan per complementar l&#8217;estil costaner i refor\u00e7ar la sensaci\u00f3 de <strong>connexi\u00f3 amb la natura.<\/strong><\/p>\n<p>&nbsp;<\/p>\n<p><img loading=\"lazy\" decoding=\"async\" class=\"alignnone wp-image-36047 \" src=\"https:\/\/www.amatimmobiliaris.com\/w\/wp-content\/uploads\/2024\/07\/huge-potted-monstera-plant-room-scaled.jpg\" alt=\"decoraci\u00f3 cases a la platja\" width=\"552\" height=\"828\" srcset=\"https:\/\/www.amatimmobiliaris.com\/w\/wp-content\/uploads\/2024\/07\/huge-potted-monstera-plant-room-scaled.jpg 1707w, https:\/\/www.amatimmobiliaris.com\/w\/wp-content\/uploads\/2024\/07\/huge-potted-monstera-plant-room-200x300.jpg 200w, https:\/\/www.amatimmobiliaris.com\/w\/wp-content\/uploads\/2024\/07\/huge-potted-monstera-plant-room-683x1024.jpg 683w, https:\/\/www.amatimmobiliaris.com\/w\/wp-content\/uploads\/2024\/07\/huge-potted-monstera-plant-room-768x1152.jpg 768w, https:\/\/www.amatimmobiliaris.com\/w\/wp-content\/uploads\/2024\/07\/huge-potted-monstera-plant-room-1024x1536.jpg 1024w, https:\/\/www.amatimmobiliaris.com\/w\/wp-content\/uploads\/2024\/07\/huge-potted-monstera-plant-room-1365x2048.jpg 1365w\" sizes=\"(max-width: 552px) 100vw, 552px\" \/><\/p>\n<p>&nbsp;<\/p>\n<p style=\"text-align: justify;\">Adoptant aquestes <strong>tend\u00e8ncies,<\/strong> pots transformar les idees per decorar la teva casa de la platja en un espai elegant, acollidor i en harmonia amb l&#8217;entorn natural. La incorporaci\u00f3 de materials sostenibles, com la fusta reciclada i les fibres naturals, no nom\u00e9s contribueix a un estil est\u00e8tic atractiu, sin\u00f3 que tamb\u00e9 <strong>promou un estil de vida m\u00e9s respectu\u00f3s amb el medi ambient.<\/strong><\/p>\n<p style=\"text-align: justify;\">Els colors neutres i els accents decoratius inspirats en el mar ajuden a <strong>mantenir una atmosfera serena i cohesionada<\/strong>, mentre que els espais exteriors ben dissenyats permeten gaudir del clima i les vistes.<\/p>\n<p style=\"text-align: justify;\">Recorda que la clau per est\u00e0 en crear un <strong>ambient que et faci sentir relaxat i connectat amb el paisatge<\/strong>. Al final, la decoraci\u00f3 de casa teva hauria de reflectir no nom\u00e9s les \u00faltimes tend\u00e8ncies, sin\u00f3 tamb\u00e9 la <strong>teva personalitat<\/strong>. Gaudeix del proc\u00e9s de decoraci\u00f3 i fes que la teva llar sigui un lloc on sempre et sentis a gust.<\/p>\n<p>&nbsp;<\/p>\n<p>Si busques casa o pis de venda a la costa, dona una ullada a la nostra selecci\u00f3 de propietats de\u00a0 <a href=\"https:\/\/www.ceigrup.com\/ca\">CEIGRUP<\/a> de la nostra <a href=\"https:\/\/issuu.com\/amatimmobiliaris\/docs\/2024_7i8_revista_immobles_def\">revista del mes de juliol.<\/a><\/p>\n<p><a href=\"https:\/\/issuu.com\/amatimmobiliaris\/docs\/2024_7i8_revista_immobles_def\"><img loading=\"lazy\" decoding=\"async\" class=\"alignnone wp-image-36051 \" src=\"https:\/\/www.amatimmobiliaris.com\/w\/wp-content\/uploads\/2024\/07\/2024_7i8_Revista-immobles_PORTADA.jpg\" alt=\"\" width=\"475\" height=\"672\" srcset=\"https:\/\/www.amatimmobiliaris.com\/w\/wp-content\/uploads\/2024\/07\/2024_7i8_Revista-immobles_PORTADA.jpg 1224w, https:\/\/www.amatimmobiliaris.com\/w\/wp-content\/uploads\/2024\/07\/2024_7i8_Revista-immobles_PORTADA-212x300.jpg 212w, https:\/\/www.amatimmobiliaris.com\/w\/wp-content\/uploads\/2024\/07\/2024_7i8_Revista-immobles_PORTADA-724x1024.jpg 724w, https:\/\/www.amatimmobiliaris.com\/w\/wp-content\/uploads\/2024\/07\/2024_7i8_Revista-immobles_PORTADA-768x1086.jpg 768w, https:\/\/www.amatimmobiliaris.com\/w\/wp-content\/uploads\/2024\/07\/2024_7i8_Revista-immobles_PORTADA-1086x1536.jpg 1086w\" sizes=\"(max-width: 475px) 100vw, 475px\" \/><\/a><\/p>\n<p>&nbsp;<\/p>\n<p>&nbsp;<\/p>\n<h3 style=\"text-align: justify;\">AmatZonia: Edificis eficients<\/h3>\n<p>&nbsp;<\/p>\n<p style=\"text-align: justify;\">Des de <a href=\"https:\/\/www.amatimmobiliaris.com\/w\/ca\/serveis\/#Amatzonia\" target=\"_blank\" rel=\"noopener\">AmatZonia<\/a>, aspirem a proporcionar una guia completa per a propietaris i administradors de comunitats que vulguin prendre mesures cap a una infraestructura de c\u00e0rrega el\u00e8ctrica m\u00e9s sostenible i legalment s\u00f2lida.<\/p>\n<p><a href=\"https:\/\/www.amatimmobiliaris.com\/w\/ca\/serveis\/#Amatzonia\"><img loading=\"lazy\" decoding=\"async\" class=\"aligncenter wp-image-32881 size-full\" src=\"https:\/\/www.amatimmobiliaris.com\/w\/wp-content\/uploads\/2024\/01\/Sostenibilidad-en-comunidad_CAT.jpg\" alt=\"beneficis dels carregadors electrics\" width=\"800\" height=\"200\" srcset=\"https:\/\/www.amatimmobiliaris.com\/w\/wp-content\/uploads\/2024\/01\/Sostenibilidad-en-comunidad_CAT.jpg 800w, https:\/\/www.amatimmobiliaris.com\/w\/wp-content\/uploads\/2024\/01\/Sostenibilidad-en-comunidad_CAT-300x75.jpg 300w, https:\/\/www.amatimmobiliaris.com\/w\/wp-content\/uploads\/2024\/01\/Sostenibilidad-en-comunidad_CAT-768x192.jpg 768w\" sizes=\"(max-width: 800px) 100vw, 800px\" \/><\/a><\/p>\n<p style=\"text-align: justify;\">Per obtenir m\u00e9s informaci\u00f3 sobre la normativa legal actual, podeu consultar <a href=\"https:\/\/www.gencat.cat\/\" target=\"_blank\" rel=\"noopener noreferrer\">Generalitat de Catalunya<\/a> i <a href=\"https:\/\/www.boe.es\/\" target=\"_blank\" rel=\"noopener noreferrer\">Bolet\u00edn Oficial del Estado<\/a>.<\/p>\n<p>&nbsp;<\/p>\n<p style=\"text-align: justify;\">A <a href=\"https:\/\/www.amatimmobiliaris.cat\/\" target=\"_blank\" rel=\"noopener nofollow\" class=\"broken_link\">Amat Immobiliaris<\/a>, estem compromesos perqu\u00e8 les comunitats avancin cap a un futur m\u00e9s sostenible i innovador.<\/p>\n<p>&nbsp;<\/p>\n<p style=\"text-align: justify;\">Per qualsevol dubte, o si vols informaci\u00f3, pots contactar amb nosaltres a trav\u00e9s d&#8217;<span style=\"color: #0000ff;\"><a style=\"color: # 0000ff;\" href=\"mailto:info@amatimmo.cat\">info@amatimmo.cat<\/a><\/span> o trucant-nos al (+34) 934 803 400.<\/p>\n<p>&nbsp;<\/p>\n<h5><strong>T&#8217;ha agradat l&#8217;article? <b>Comparteix-t&#8217;ho!<\/b><\/strong><\/h5>\n<p><a href=\"https:\/\/twitter.com\/intent\/tweet?text=Descobreix l'\u00fas del %23carregador%20 %23el\u00e8ctric%20 en %23comunitats%20 i edificis. %40amat_cat t'assessorar\u00e0 en la transici\u00f3 %23sostenible%20.%0A &amp;url=https:\/\/www.amatimmobiliaris.com\/w\/ca\/2024\/01\/carregador-electrics-en-comunitats\/\" target=\"_blank\" rel=\"noopener\"><img loading=\"lazy\" decoding=\"async\" class=\"alignnone wp-image-19030 size-full\" src=\"https:\/\/www.amatimmobiliaris.com\/w\/wp-content\/uploads\/2021\/11\/twitter.png\" alt=\"\" width=\"25\" height=\"20\" \/><\/a><a href=\"https:\/\/www.facebook.com\/sharer\/sharer.php?u=https%3A%2F%2Fwww.amatimmobiliaris.com%2Fw%2Fca%2F2024%2F01%2Fcarregador-electrics-en-comunitats%2F\" class=\"broken_link\" rel=\"nofollow\"><img loading=\"lazy\" decoding=\"async\" class=\"alignnone size-full wp-image-19024\" src=\"https:\/\/www.amatimmobiliaris.com\/w\/wp-content\/uploads\/2021\/11\/fb.png\" alt=\"\" width=\"12\" height=\"24\" \/><\/a><a href=\"https:\/\/www.linkedin.com\/sharing\/share-offsite\/?url=https%3A%2F%2Fwww.amatimmobiliaris.com%2Fw%2Fca%2F2024%2F01%2Fcarregador-electrics-en-comunitats%2F\"><img loading=\"lazy\" decoding=\"async\" class=\"alignnone size-full wp-image-19028\" src=\"https:\/\/www.amatimmobiliaris.com\/w\/wp-content\/uploads\/2021\/11\/linkedin.png\" alt=\"\" width=\"25\" height=\"25\" \/><\/a><\/p>\n","protected":false},"excerpt":{"rendered":"<p>Com transformar la teva casa de la platja amb les \u00faltimes tend\u00e8ncies? &nbsp; Amb l&#8217;arribada de les vacances a tocar, et volem donar idees per decorar la teva casa de la platja. Si t&#8217;interessa, et recomanem que continu\u00efs llegint! Les cases a la platja ofereixen un ambient \u00fanic i d&#8217;inspiraci\u00f3 mediterr\u00e0nia: remarquen a crits la [&hellip;]<\/p>\n","protected":false},"author":1,"featured_media":36041,"comment_status":"closed","ping_status":"closed","sticky":false,"template":"","format":"standard","meta":{"content-type":"","footnotes":""},"categories":[1624,1151,1168,1156,1154,1157],"tags":[573,203,537,1696,1681,1558,2112,89,1728,734],"yoast_head":"<!-- This site is optimized with the Yoast SEO plugin v23.9 - https:\/\/yoast.com\/wordpress\/plugins\/seo\/ -->\n<title>Inspiraci\u00f3 Mediterr\u00e0nia: Idees per decorar la teva casa de la platja | Amat Immobiliaris<\/title>\n<meta name=\"description\" content=\"Idees per decorar la teva casa de la platja amb les \u00faltimes novetats en interiorisme\" \/>\n<meta name=\"robots\" content=\"index, follow, max-snippet:-1, max-image-preview:large, max-video-preview:-1\" \/>\n<link rel=\"canonical\" href=\"https:\/\/www.amatimmobiliaris.com\/w\/ca\/2024\/07\/idees-per-decorar-la-teva-casa-de-la-platja\/\" \/>\n<meta property=\"og:locale\" content=\"ca_ES\" \/>\n<meta property=\"og:type\" content=\"article\" \/>\n<meta property=\"og:title\" content=\"Inspiraci\u00f3 Mediterr\u00e0nia: Idees per decorar la teva casa de la platja | Amat Immobiliaris\" \/>\n<meta property=\"og:description\" content=\"Idees per decorar la teva casa de la platja amb les \u00faltimes novetats en interiorisme\" \/>\n<meta property=\"og:url\" content=\"https:\/\/www.amatimmobiliaris.com\/w\/ca\/2024\/07\/idees-per-decorar-la-teva-casa-de-la-platja\/\" \/>\n<meta property=\"og:site_name\" content=\"Amat Immobiliaris\" \/>\n<meta property=\"article:publisher\" content=\"https:\/\/www.facebook.com\/amatimmobiliaris\" \/>\n<meta property=\"article:published_time\" content=\"2024-07-25T10:24:58+00:00\" \/>\n<meta property=\"article:modified_time\" content=\"2024-10-11T11:10:59+00:00\" \/>\n<meta property=\"og:image\" content=\"https:\/\/www.amatimmobiliaris.com\/w\/wp-content\/uploads\/2024\/07\/contemporary-house-interior-design-scaled.jpg\" \/>\n\t<meta property=\"og:image:width\" content=\"2560\" \/>\n\t<meta property=\"og:image:height\" content=\"1707\" \/>\n\t<meta property=\"og:image:type\" content=\"image\/jpeg\" \/>\n<meta name=\"author\" content=\"Amat Immobiliaris\" \/>\n<meta name=\"twitter:card\" content=\"summary_large_image\" \/>\n<meta name=\"twitter:creator\" content=\"@amat_cat\" \/>\n<meta name=\"twitter:site\" content=\"@amat_cat\" \/>\n<meta name=\"twitter:label1\" content=\"Escrit per\" \/>\n\t<meta name=\"twitter:data1\" content=\"Amat Immobiliaris\" \/>\n\t<meta name=\"twitter:label2\" content=\"Temps estimat de lectura\" \/>\n\t<meta name=\"twitter:data2\" content=\"7 minuts\" \/>\n<script type=\"application\/ld+json\" class=\"yoast-schema-graph\">{\"@context\":\"https:\/\/schema.org\",\"@graph\":[{\"@type\":\"Article\",\"@id\":\"https:\/\/www.amatimmobiliaris.com\/w\/ca\/2024\/07\/idees-per-decorar-la-teva-casa-de-la-platja\/#article\",\"isPartOf\":{\"@id\":\"https:\/\/www.amatimmobiliaris.com\/w\/ca\/2024\/07\/idees-per-decorar-la-teva-casa-de-la-platja\/\"},\"author\":{\"name\":\"Amat Immobiliaris\",\"@id\":\"https:\/\/www.amatimmobiliaris.com\/w\/#\/schema\/person\/c880da71d1e156e7ea6774ffb445e034\"},\"headline\":\"Inspiraci\u00f3 Mediterr\u00e0nia: Idees per decorar la teva casa de la platja\",\"datePublished\":\"2024-07-25T10:24:58+00:00\",\"dateModified\":\"2024-10-11T11:10:59+00:00\",\"mainEntityOfPage\":{\"@id\":\"https:\/\/www.amatimmobiliaris.com\/w\/ca\/2024\/07\/idees-per-decorar-la-teva-casa-de-la-platja\/\"},\"wordCount\":1002,\"publisher\":{\"@id\":\"https:\/\/www.amatimmobiliaris.com\/w\/#organization\"},\"image\":{\"@id\":\"https:\/\/www.amatimmobiliaris.com\/w\/ca\/2024\/07\/idees-per-decorar-la-teva-casa-de-la-platja\/#primaryimage\"},\"thumbnailUrl\":\"https:\/\/www.amatimmobiliaris.com\/w\/wp-content\/uploads\/2024\/07\/contemporary-house-interior-design-scaled.jpg\",\"keywords\":[\"Arquitectura\",\"Ascensor\",\"Beneficis\",\"Comunitat\",\"Habitatge\",\"Lloguer\",\"normativa\",\"Sector immobiliari\",\"Sostenibilitat\",\"Sostenible\"],\"articleSection\":[\"Actualitat\",\"Arquitectura i decoraci\u00f3\",\"Efici\u00e8ncia energ\u00e8tica\",\"Fiscalitat\",\"L'usuari pregunta\",\"Not\u00edcies\"],\"inLanguage\":\"ca\"},{\"@type\":\"WebPage\",\"@id\":\"https:\/\/www.amatimmobiliaris.com\/w\/ca\/2024\/07\/idees-per-decorar-la-teva-casa-de-la-platja\/\",\"url\":\"https:\/\/www.amatimmobiliaris.com\/w\/ca\/2024\/07\/idees-per-decorar-la-teva-casa-de-la-platja\/\",\"name\":\"Inspiraci\u00f3 Mediterr\u00e0nia: Idees per decorar la teva casa de la platja | Amat Immobiliaris\",\"isPartOf\":{\"@id\":\"https:\/\/www.amatimmobiliaris.com\/w\/#website\"},\"primaryImageOfPage\":{\"@id\":\"https:\/\/www.amatimmobiliaris.com\/w\/ca\/2024\/07\/idees-per-decorar-la-teva-casa-de-la-platja\/#primaryimage\"},\"image\":{\"@id\":\"https:\/\/www.amatimmobiliaris.com\/w\/ca\/2024\/07\/idees-per-decorar-la-teva-casa-de-la-platja\/#primaryimage\"},\"thumbnailUrl\":\"https:\/\/www.amatimmobiliaris.com\/w\/wp-content\/uploads\/2024\/07\/contemporary-house-interior-design-scaled.jpg\",\"datePublished\":\"2024-07-25T10:24:58+00:00\",\"dateModified\":\"2024-10-11T11:10:59+00:00\",\"description\":\"Idees per decorar la teva casa de la platja amb les \u00faltimes novetats en interiorisme\",\"breadcrumb\":{\"@id\":\"https:\/\/www.amatimmobiliaris.com\/w\/ca\/2024\/07\/idees-per-decorar-la-teva-casa-de-la-platja\/#breadcrumb\"},\"inLanguage\":\"ca\",\"potentialAction\":[{\"@type\":\"ReadAction\",\"target\":[\"https:\/\/www.amatimmobiliaris.com\/w\/ca\/2024\/07\/idees-per-decorar-la-teva-casa-de-la-platja\/\"]}]},{\"@type\":\"ImageObject\",\"inLanguage\":\"ca\",\"@id\":\"https:\/\/www.amatimmobiliaris.com\/w\/ca\/2024\/07\/idees-per-decorar-la-teva-casa-de-la-platja\/#primaryimage\",\"url\":\"https:\/\/www.amatimmobiliaris.com\/w\/wp-content\/uploads\/2024\/07\/contemporary-house-interior-design-scaled.jpg\",\"contentUrl\":\"https:\/\/www.amatimmobiliaris.com\/w\/wp-content\/uploads\/2024\/07\/contemporary-house-interior-design-scaled.jpg\",\"width\":2560,\"height\":1707,\"caption\":\"decoraci\u00f3 cases a la platja\"},{\"@type\":\"BreadcrumbList\",\"@id\":\"https:\/\/www.amatimmobiliaris.com\/w\/ca\/2024\/07\/idees-per-decorar-la-teva-casa-de-la-platja\/#breadcrumb\",\"itemListElement\":[{\"@type\":\"ListItem\",\"position\":1,\"name\":\"Home\",\"item\":\"https:\/\/www.amatimmobiliaris.com\/w\/ca\/\"},{\"@type\":\"ListItem\",\"position\":2,\"name\":\"Arquitectura i decoraci\u00f3\",\"item\":\"https:\/\/www.amatimmobiliaris.com\/w\/ca\/categoria-ca\/arquitectura-i-decoracio-ca\/\"},{\"@type\":\"ListItem\",\"position\":3,\"name\":\"Inspiraci\u00f3 Mediterr\u00e0nia: Idees per decorar la teva casa de la platja\"}]},{\"@type\":\"WebSite\",\"@id\":\"https:\/\/www.amatimmobiliaris.com\/w\/#website\",\"url\":\"https:\/\/www.amatimmobiliaris.com\/w\/\",\"name\":\"Amat Immobiliaris\",\"description\":\"Empresa familiar del sector inmobiliario con oficinas en Barcelona, Sant Cugat del Vall\u00e9s y Sant Just Desvern. Te ayudamos a comprar, alquilar o vender tu casa o piso. Somos un equipo coherente con una cultura de empresa honesta, innovadora y eficaz. Tambi\u00e9n en www.amatluxury.com\",\"publisher\":{\"@id\":\"https:\/\/www.amatimmobiliaris.com\/w\/#organization\"},\"alternateName\":\"AmatImmo\",\"potentialAction\":[{\"@type\":\"SearchAction\",\"target\":{\"@type\":\"EntryPoint\",\"urlTemplate\":\"https:\/\/www.amatimmobiliaris.com\/w\/?s={search_term_string}\"},\"query-input\":{\"@type\":\"PropertyValueSpecification\",\"valueRequired\":true,\"valueName\":\"search_term_string\"}}],\"inLanguage\":\"ca\"},{\"@type\":\"Organization\",\"@id\":\"https:\/\/www.amatimmobiliaris.com\/w\/#organization\",\"name\":\"Amat Immobiliaris\",\"url\":\"https:\/\/www.amatimmobiliaris.com\/w\/\",\"logo\":{\"@type\":\"ImageObject\",\"inLanguage\":\"ca\",\"@id\":\"https:\/\/www.amatimmobiliaris.com\/w\/#\/schema\/logo\/image\/\",\"url\":\"https:\/\/www.amatimmobiliaris.com\/w\/wp-content\/uploads\/2022\/10\/amat-logo.jpg\",\"contentUrl\":\"https:\/\/www.amatimmobiliaris.com\/w\/wp-content\/uploads\/2022\/10\/amat-logo.jpg\",\"width\":900,\"height\":900,\"caption\":\"Amat Immobiliaris\"},\"image\":{\"@id\":\"https:\/\/www.amatimmobiliaris.com\/w\/#\/schema\/logo\/image\/\"},\"sameAs\":[\"https:\/\/www.facebook.com\/amatimmobiliaris\",\"https:\/\/x.com\/amat_cat\",\"https:\/\/www.instagram.com\/amat_immo\/\",\"https:\/\/www.linkedin.com\/company\/amat-finques\/\",\"https:\/\/www.youtube.com\/@amatimmobiliaris\"]},{\"@type\":\"Person\",\"@id\":\"https:\/\/www.amatimmobiliaris.com\/w\/#\/schema\/person\/c880da71d1e156e7ea6774ffb445e034\",\"name\":\"Amat Immobiliaris\",\"sameAs\":[\"http:\/\/amat-inmo-wp.localhost\"]}]}<\/script>\n<!-- \/ Yoast SEO plugin. -->","yoast_head_json":{"title":"Inspiraci\u00f3 Mediterr\u00e0nia: Idees per decorar la teva casa de la platja | Amat Immobiliaris","description":"Idees per decorar la teva casa de la platja amb les \u00faltimes novetats en interiorisme","robots":{"index":"index","follow":"follow","max-snippet":"max-snippet:-1","max-image-preview":"max-image-preview:large","max-video-preview":"max-video-preview:-1"},"canonical":"https:\/\/www.amatimmobiliaris.com\/w\/ca\/2024\/07\/idees-per-decorar-la-teva-casa-de-la-platja\/","og_locale":"ca_ES","og_type":"article","og_title":"Inspiraci\u00f3 Mediterr\u00e0nia: Idees per decorar la teva casa de la platja | Amat Immobiliaris","og_description":"Idees per decorar la teva casa de la platja amb les \u00faltimes novetats en interiorisme","og_url":"https:\/\/www.amatimmobiliaris.com\/w\/ca\/2024\/07\/idees-per-decorar-la-teva-casa-de-la-platja\/","og_site_name":"Amat Immobiliaris","article_publisher":"https:\/\/www.facebook.com\/amatimmobiliaris","article_published_time":"2024-07-25T10:24:58+00:00","article_modified_time":"2024-10-11T11:10:59+00:00","og_image":[{"width":2560,"height":1707,"url":"https:\/\/www.amatimmobiliaris.com\/w\/wp-content\/uploads\/2024\/07\/contemporary-house-interior-design-scaled.jpg","type":"image\/jpeg"}],"author":"Amat Immobiliaris","twitter_card":"summary_large_image","twitter_creator":"@amat_cat","twitter_site":"@amat_cat","twitter_misc":{"Escrit per":"Amat Immobiliaris","Temps estimat de lectura":"7 minuts"},"schema":{"@context":"https:\/\/schema.org","@graph":[{"@type":"Article","@id":"https:\/\/www.amatimmobiliaris.com\/w\/ca\/2024\/07\/idees-per-decorar-la-teva-casa-de-la-platja\/#article","isPartOf":{"@id":"https:\/\/www.amatimmobiliaris.com\/w\/ca\/2024\/07\/idees-per-decorar-la-teva-casa-de-la-platja\/"},"author":{"name":"Amat Immobiliaris","@id":"https:\/\/www.amatimmobiliaris.com\/w\/#\/schema\/person\/c880da71d1e156e7ea6774ffb445e034"},"headline":"Inspiraci\u00f3 Mediterr\u00e0nia: Idees per decorar la teva casa de la platja","datePublished":"2024-07-25T10:24:58+00:00","dateModified":"2024-10-11T11:10:59+00:00","mainEntityOfPage":{"@id":"https:\/\/www.amatimmobiliaris.com\/w\/ca\/2024\/07\/idees-per-decorar-la-teva-casa-de-la-platja\/"},"wordCount":1002,"publisher":{"@id":"https:\/\/www.amatimmobiliaris.com\/w\/#organization"},"image":{"@id":"https:\/\/www.amatimmobiliaris.com\/w\/ca\/2024\/07\/idees-per-decorar-la-teva-casa-de-la-platja\/#primaryimage"},"thumbnailUrl":"https:\/\/www.amatimmobiliaris.com\/w\/wp-content\/uploads\/2024\/07\/contemporary-house-interior-design-scaled.jpg","keywords":["Arquitectura","Ascensor","Beneficis","Comunitat","Habitatge","Lloguer","normativa","Sector immobiliari","Sostenibilitat","Sostenible"],"articleSection":["Actualitat","Arquitectura i decoraci\u00f3","Efici\u00e8ncia energ\u00e8tica","Fiscalitat","L'usuari pregunta","Not\u00edcies"],"inLanguage":"ca"},{"@type":"WebPage","@id":"https:\/\/www.amatimmobiliaris.com\/w\/ca\/2024\/07\/idees-per-decorar-la-teva-casa-de-la-platja\/","url":"https:\/\/www.amatimmobiliaris.com\/w\/ca\/2024\/07\/idees-per-decorar-la-teva-casa-de-la-platja\/","name":"Inspiraci\u00f3 Mediterr\u00e0nia: Idees per decorar la teva casa de la platja | Amat Immobiliaris","isPartOf":{"@id":"https:\/\/www.amatimmobiliaris.com\/w\/#website"},"primaryImageOfPage":{"@id":"https:\/\/www.amatimmobiliaris.com\/w\/ca\/2024\/07\/idees-per-decorar-la-teva-casa-de-la-platja\/#primaryimage"},"image":{"@id":"https:\/\/www.amatimmobiliaris.com\/w\/ca\/2024\/07\/idees-per-decorar-la-teva-casa-de-la-platja\/#primaryimage"},"thumbnailUrl":"https:\/\/www.amatimmobiliaris.com\/w\/wp-content\/uploads\/2024\/07\/contemporary-house-interior-design-scaled.jpg","datePublished":"2024-07-25T10:24:58+00:00","dateModified":"2024-10-11T11:10:59+00:00","description":"Idees per decorar la teva casa de la platja amb les \u00faltimes novetats en interiorisme","breadcrumb":{"@id":"https:\/\/www.amatimmobiliaris.com\/w\/ca\/2024\/07\/idees-per-decorar-la-teva-casa-de-la-platja\/#breadcrumb"},"inLanguage":"ca","potentialAction":[{"@type":"ReadAction","target":["https:\/\/www.amatimmobiliaris.com\/w\/ca\/2024\/07\/idees-per-decorar-la-teva-casa-de-la-platja\/"]}]},{"@type":"ImageObject","inLanguage":"ca","@id":"https:\/\/www.amatimmobiliaris.com\/w\/ca\/2024\/07\/idees-per-decorar-la-teva-casa-de-la-platja\/#primaryimage","url":"https:\/\/www.amatimmobiliaris.com\/w\/wp-content\/uploads\/2024\/07\/contemporary-house-interior-design-scaled.jpg","contentUrl":"https:\/\/www.amatimmobiliaris.com\/w\/wp-content\/uploads\/2024\/07\/contemporary-house-interior-design-scaled.jpg","width":2560,"height":1707,"caption":"decoraci\u00f3 cases a la platja"},{"@type":"BreadcrumbList","@id":"https:\/\/www.amatimmobiliaris.com\/w\/ca\/2024\/07\/idees-per-decorar-la-teva-casa-de-la-platja\/#breadcrumb","itemListElement":[{"@type":"ListItem","position":1,"name":"Home","item":"https:\/\/www.amatimmobiliaris.com\/w\/ca\/"},{"@type":"ListItem","position":2,"name":"Arquitectura i decoraci\u00f3","item":"https:\/\/www.amatimmobiliaris.com\/w\/ca\/categoria-ca\/arquitectura-i-decoracio-ca\/"},{"@type":"ListItem","position":3,"name":"Inspiraci\u00f3 Mediterr\u00e0nia: Idees per decorar la teva casa de la platja"}]},{"@type":"WebSite","@id":"https:\/\/www.amatimmobiliaris.com\/w\/#website","url":"https:\/\/www.amatimmobiliaris.com\/w\/","name":"Amat Immobiliaris","description":"Empresa familiar del sector inmobiliario con oficinas en Barcelona, Sant Cugat del Vall\u00e9s y Sant Just Desvern. Te ayudamos a comprar, alquilar o vender tu casa o piso. Somos un equipo coherente con una cultura de empresa honesta, innovadora y eficaz. Tambi\u00e9n en www.amatluxury.com","publisher":{"@id":"https:\/\/www.amatimmobiliaris.com\/w\/#organization"},"alternateName":"AmatImmo","potentialAction":[{"@type":"SearchAction","target":{"@type":"EntryPoint","urlTemplate":"https:\/\/www.amatimmobiliaris.com\/w\/?s={search_term_string}"},"query-input":{"@type":"PropertyValueSpecification","valueRequired":true,"valueName":"search_term_string"}}],"inLanguage":"ca"},{"@type":"Organization","@id":"https:\/\/www.amatimmobiliaris.com\/w\/#organization","name":"Amat Immobiliaris","url":"https:\/\/www.amatimmobiliaris.com\/w\/","logo":{"@type":"ImageObject","inLanguage":"ca","@id":"https:\/\/www.amatimmobiliaris.com\/w\/#\/schema\/logo\/image\/","url":"https:\/\/www.amatimmobiliaris.com\/w\/wp-content\/uploads\/2022\/10\/amat-logo.jpg","contentUrl":"https:\/\/www.amatimmobiliaris.com\/w\/wp-content\/uploads\/2022\/10\/amat-logo.jpg","width":900,"height":900,"caption":"Amat Immobiliaris"},"image":{"@id":"https:\/\/www.amatimmobiliaris.com\/w\/#\/schema\/logo\/image\/"},"sameAs":["https:\/\/www.facebook.com\/amatimmobiliaris","https:\/\/x.com\/amat_cat","https:\/\/www.instagram.com\/amat_immo\/","https:\/\/www.linkedin.com\/company\/amat-finques\/","https:\/\/www.youtube.com\/@amatimmobiliaris"]},{"@type":"Person","@id":"https:\/\/www.amatimmobiliaris.com\/w\/#\/schema\/person\/c880da71d1e156e7ea6774ffb445e034","name":"Amat Immobiliaris","sameAs":["http:\/\/amat-inmo-wp.localhost"]}]}},"_links":{"self":[{"href":"https:\/\/www.amatimmobiliaris.com\/w\/ca\/wp-json\/wp\/v2\/posts\/35920"}],"collection":[{"href":"https:\/\/www.amatimmobiliaris.com\/w\/ca\/wp-json\/wp\/v2\/posts"}],"about":[{"href":"https:\/\/www.amatimmobiliaris.com\/w\/ca\/wp-json\/wp\/v2\/types\/post"}],"author":[{"embeddable":true,"href":"https:\/\/www.amatimmobiliaris.com\/w\/ca\/wp-json\/wp\/v2\/users\/1"}],"replies":[{"embeddable":true,"href":"https:\/\/www.amatimmobiliaris.com\/w\/ca\/wp-json\/wp\/v2\/comments?post=35920"}],"version-history":[{"count":9,"href":"https:\/\/www.amatimmobiliaris.com\/w\/ca\/wp-json\/wp\/v2\/posts\/35920\/revisions"}],"predecessor-version":[{"id":36057,"href":"https:\/\/www.amatimmobiliaris.com\/w\/ca\/wp-json\/wp\/v2\/posts\/35920\/revisions\/36057"}],"wp:featuredmedia":[{"embeddable":true,"href":"https:\/\/www.amatimmobiliaris.com\/w\/ca\/wp-json\/wp\/v2\/media\/36041"}],"wp:attachment":[{"href":"https:\/\/www.amatimmobiliaris.com\/w\/ca\/wp-json\/wp\/v2\/media?parent=35920"}],"wp:term":[{"taxonomy":"category","embeddable":true,"href":"https:\/\/www.amatimmobiliaris.com\/w\/ca\/wp-json\/wp\/v2\/categories?post=35920"},{"taxonomy":"post_tag","embeddable":true,"href":"https:\/\/www.amatimmobiliaris.com\/w\/ca\/wp-json\/wp\/v2\/tags?post=35920"}],"curies":[{"name":"wp","href":"https:\/\/api.w.org\/{rel}","templated":true}]}}