{"id":35257,"date":"2024-06-10T11:36:41","date_gmt":"2024-06-10T11:36:41","guid":{"rendered":"https:\/\/www.amatimmobiliaris.com\/w\/?p=35257"},"modified":"2024-06-11T14:57:27","modified_gmt":"2024-06-11T14:57:27","slug":"mesures-de-seguretat-en-els-ascensors","status":"publish","type":"post","link":"https:\/\/www.amatimmobiliaris.com\/w\/ca\/2024\/06\/mesures-de-seguretat-en-els-ascensors\/","title":{"rendered":"Noves mesures de seguretat dels ascensors ITC 2024"},"content":{"rendered":"<h2 style=\"text-align: justify;\">Qu\u00e8 cal saber sobre les noves mesures de seguretat dels ascensors?<\/h2>\n<p style=\"text-align: justify;\">El Butllet\u00ed Oficial de l&#8217;Estat (BOE) ha anunciat recentment la publicaci\u00f3 de la Instrucci\u00f3 T\u00e8cnica Complement\u00e0ria ITC\u00a0<span class=\"hiddenSpellError\">AEM<\/span>\u00a01 d&#8217;Ascensors. Aquest nou reglament estableix les bases per a la posada en servei, modificaci\u00f3, manteniment i inspecci\u00f3 dels ascensors a Espanya.\u00a0\u00c9s\u00a0per aix\u00f2, que s&#8217;han establert una\u00a0s\u00e8rie\u00a0de <strong>noves mesures de seguretat dels ascensors<\/strong> que s&#8217;han d&#8217;implementar.<\/p>\n<p>&nbsp;<\/p>\n<p style=\"text-align: justify;\">El <strong>parc nacional d\u2019ascensors<\/strong> requereix <strong>millores en seguretat<\/strong> doncs s\u2019estima que el 50% d\u2019aquest parc t\u00e9 m\u00e9s de 25 anys d\u2019antiguitat. Per aquesta ra\u00f3 el <strong>govern de l\u2019Estat Espanyol<\/strong> ha aprovat el <strong>projecte de la nova ITC d\u2019ascensors 2024.<\/strong><\/p>\n<p>&nbsp;<\/p>\n<p style=\"text-align: justify;\">Descobreix quines s\u00f3n les<strong> 7 mesures principals que han estat aprovades.<\/strong><\/p>\n<p>&nbsp;<\/p>\n<h5 style=\"text-align: justify;\"><span style=\"color: #923d43;\"><strong><b>1. Anivellaci\u00f3 deficient<\/b><\/strong><\/span><\/h5>\n<p style=\"text-align: justify;\">Per corregir la precisi\u00f3 de parada ser\u00e0 necessari<strong> instal\u00b7lar un variador de freq\u00fc\u00e8ncia<\/strong>.<\/p>\n<p style=\"text-align: justify;\">El termini per fer-ho ser\u00e0 d\u20191 any a partir de la inspecci\u00f3 obligat\u00f2ria. Aquest termini es veur\u00e0 redu\u00eft a 6 mesos en cas d\u2019accident per manca d&#8217;anivellaci\u00f3.<\/p>\n<figure id=\"attachment_35283\" aria-describedby=\"caption-attachment-35283\" style=\"width: 290px\" class=\"wp-caption alignnone\"><img loading=\"lazy\" decoding=\"async\" class=\"wp-image-35283\" src=\"https:\/\/www.amatimmobiliaris.com\/w\/wp-content\/uploads\/2024\/06\/Imagenascensors-1.png\" alt=\"Noves mesures de seguretat dels ascensors ITC 2024\" width=\"290\" height=\"389\" srcset=\"https:\/\/www.amatimmobiliaris.com\/w\/wp-content\/uploads\/2024\/06\/Imagenascensors-1.png 225w, https:\/\/www.amatimmobiliaris.com\/w\/wp-content\/uploads\/2024\/06\/Imagenascensors-1-224x300.png 224w\" sizes=\"(max-width: 290px) 100vw, 290px\" \/><figcaption id=\"caption-attachment-35283\" class=\"wp-caption-text\">Imatge cedida per ASZENDE.<\/figcaption><\/figure>\n<h5 style=\"text-align: justify;\"><span style=\"color: #923d43;\"><strong><b>2. Protecci\u00f3 de l&#8217;usuari contra el tancament de portes<\/b><\/strong><\/span><\/h5>\n<p>&nbsp;<\/p>\n<p style=\"text-align: justify;\">Aquesta mesura s\u2019haur\u00e0 d\u2019executar sempre i quan sigui possible i no suposi la substituci\u00f3 de les portes de la cabina. Per garantir aquesta mesura s\u2019haur\u00e0 d\u2019<strong>instal\u00b7lar una cortina fotoel\u00e8ctrica<\/strong>.<\/p>\n<p>&nbsp;<\/p>\n<p style=\"text-align: justify;\">El termini per fer-ho ser\u00e0 d\u20191 any a partir de la inspecci\u00f3 obligat\u00f2ria on es detecti que no hi ha barrera fotoel\u00e8ctrica; aquest termini es veur\u00e0 redu\u00eft a 6 mesos en cas d\u2019accident.<\/p>\n<figure id=\"attachment_35286\" aria-describedby=\"caption-attachment-35286\" style=\"width: 278px\" class=\"wp-caption alignnone\"><img loading=\"lazy\" decoding=\"async\" class=\"wp-image-35286\" src=\"https:\/\/www.amatimmobiliaris.com\/w\/wp-content\/uploads\/2024\/06\/Imagenascensors-2.png\" alt=\"Noves mesures de seguretat dels ascensors ITC 2024\" width=\"278\" height=\"378\" \/><figcaption id=\"caption-attachment-35286\" class=\"wp-caption-text\">Imatge cedida per ASZENDE.<\/figcaption><\/figure>\n<h5 style=\"text-align: justify;\"><span style=\"color: #923d43;\"><strong><b>3. Protecci\u00f3 de l&#8217;usuari contra moviments incontrolats<\/b><\/strong><\/span><\/h5>\n<p>&nbsp;<\/p>\n<p style=\"text-align: justify;\">S\u2019haur\u00e0 d\u2019incorporar un <strong>dispositiu de seguretat<\/strong> en tots els ascensors en el moment en qu\u00e8 simult\u00e0niament es substitueixi el grup tractor i la seva maniobra.<\/p>\n<figure id=\"attachment_35289\" aria-describedby=\"caption-attachment-35289\" style=\"width: 289px\" class=\"wp-caption alignnone\"><img loading=\"lazy\" decoding=\"async\" class=\"wp-image-35289\" src=\"https:\/\/www.amatimmobiliaris.com\/w\/wp-content\/uploads\/2024\/06\/Imagenascensors-3.png\" alt=\"Noves mesures de seguretat dels ascensors ITC 2024\" width=\"289\" height=\"409\" \/><figcaption id=\"caption-attachment-35289\" class=\"wp-caption-text\">Imatge cedida per ASZENDE.<\/figcaption><\/figure>\n<h5 style=\"text-align: justify;\"><span style=\"color: #923d43;\"><strong><b>4. Comunicaci\u00f3 bidireccional: Rescat usuaris atrapats<\/b><\/strong><\/span><\/h5>\n<p>&nbsp;<\/p>\n<p style=\"text-align: justify;\">Per garantir que tots els usuaris atrapats puguin demanar ajut , s\u2019haur\u00e0 d\u2019<strong>instal\u00b7lar un sistema de comunicaci\u00f3 bidireccional<\/strong> que ho garanteixi; aquest sistema haur\u00e0 de ser accessible a persones amb discapacitat f\u00edsica. El termini per fer-ho ser\u00e0 d\u20191 any a partir de la inspecci\u00f3 obligat\u00f2ria.<\/p>\n<figure id=\"attachment_35292\" aria-describedby=\"caption-attachment-35292\" style=\"width: 390px\" class=\"wp-caption alignnone\"><img loading=\"lazy\" decoding=\"async\" class=\"wp-image-35292 size-full\" src=\"https:\/\/www.amatimmobiliaris.com\/w\/wp-content\/uploads\/2024\/06\/Imagenascensors-4.png\" alt=\"Noves mesures de seguretat dels ascensors ITC 2024\" width=\"390\" height=\"378\" srcset=\"https:\/\/www.amatimmobiliaris.com\/w\/wp-content\/uploads\/2024\/06\/Imagenascensors-4.png 390w, https:\/\/www.amatimmobiliaris.com\/w\/wp-content\/uploads\/2024\/06\/Imagenascensors-4-300x291.png 300w\" sizes=\"(max-width: 390px) 100vw, 390px\" \/><figcaption id=\"caption-attachment-35292\" class=\"wp-caption-text\">Imatge cedida per ASZENDE.<\/figcaption><\/figure>\n<h5 style=\"text-align: justify;\"><span style=\"color: #923d43;\"><strong><b>5. Substituci\u00f3 de guies<\/b><\/strong><\/span><\/h5>\n<p>&nbsp;<\/p>\n<p style=\"text-align: justify;\">Els ascensors ja no podran tenir guies de cabina i\/o contrap\u00e8s cil\u00edndriques, de rail o de fusta (excepte els catalogats com a patrimoni hist\u00f2ric).<\/p>\n<ul>\n<li><strong>Ascensors instal\u00b7lats anteriors al 06\/09\/1952.<\/strong><br \/>\nLes guies de fusta i cil\u00edndriques s\u2019hauran de substituir abans de 3 anys. La resta abans de 6 anys.<\/li>\n<li><strong>Ascensors instal\u00b7lats entre el 06\/09\/1952 i 01\/04\/1967.<\/strong><br \/>\nLes guies de fusta i cil\u00edndriques s\u2019hauran de substituir abans de 3 anys. La resta abans de 8 anys.<\/li>\n<li><strong>Ascensors instal\u00b7lats a partir del 01\/04\/1967.<\/strong><br \/>\nLes guies de fusta i cil\u00edndriques s\u2019hauran de substituir abans de 10 anys.<\/li>\n<\/ul>\n<p style=\"text-align: justify;\">En tots els casos el termini comen\u00e7ar\u00e0 a comptar a partir de la pr\u00f2xima inspecci\u00f3 peri\u00f2dica.<\/p>\n<p>&nbsp;<\/p>\n<h5 style=\"text-align: justify;\"><span style=\"color: #923d43;\"><strong><b>6. Dispositiu control de c\u00e0rrega<\/b><\/strong><\/span><\/h5>\n<p>&nbsp;<\/p>\n<p style=\"text-align: justify;\">Amb aquesta mesura el qu\u00e8 es vol \u00e9s impedir la sobrec\u00e0rrega de la cabina, per aix\u00f2 s\u2019haur\u00e0 d\u2019<strong>instal\u00b7lar sempre que sigui t\u00e8cnicament viable i no impliqui canviar el quadre de maniobra<\/strong>. El termini per fer-ho ser\u00e0 d\u20191 any a partir de la inspecci\u00f3 obligat\u00f2ria.<\/p>\n<p>&nbsp;<\/p>\n<p style=\"text-align: justify;\">En el cas dels ascensors catalogats on no es substitueixin les guies, s\u2019haur\u00e0 de reduir la c\u00e0rrega en un 50%<\/p>\n<figure id=\"attachment_35295\" aria-describedby=\"caption-attachment-35295\" style=\"width: 387px\" class=\"wp-caption alignnone\"><img loading=\"lazy\" decoding=\"async\" class=\"wp-image-35295\" src=\"https:\/\/www.amatimmobiliaris.com\/w\/wp-content\/uploads\/2024\/06\/Imagenascensors-5.png\" alt=\"Noves mesures de seguretat dels ascensors ITC 2024\" width=\"387\" height=\"374\" \/><figcaption id=\"caption-attachment-35295\" class=\"wp-caption-text\">Imatge cedida per ASZENDE.<\/figcaption><\/figure>\n<h5 style=\"text-align: justify;\"><span style=\"color: #923d43;\"><strong><b>7. Contrap\u00e8s<\/b><\/strong><\/span><\/h5>\n<p>&nbsp;<\/p>\n<p style=\"text-align: justify;\">Per garantir la seguretat es prendran les mesures necess\u00e0ries perqu\u00e8 els contrapesos i el seu sistema de guiat puguin ser inspeccionats en tot el seu recorregut.<\/p>\n<p>&nbsp;<\/p>\n<ul>\n<li><strong>Ascensors instal\u00b7lats anteriors al 06\/09\/1952.<\/strong><br \/>\nEls que tinguin les guies de fusta i cil\u00edndriques s\u2019hauran de substituir abans de 3 anys. La resta abans de 6 anys.<\/li>\n<li><strong>Ascensors instal\u00b7lats entre el 06\/09\/1952 i 01\/04\/1967.<\/strong><br \/>\nEls que tinguin les guies de fusta i cil\u00edndriques s\u2019hauran de substituir abans de 3 anys. La resta abans de 8 anys.<\/li>\n<li><strong>Ascensors instal\u00b7lats a partir del 01\/04\/1967.<\/strong><br \/>\nAbans de 10 anys.<\/li>\n<\/ul>\n<p style=\"text-align: justify;\">En tots els cassos el termini comen\u00e7ar\u00e0 a comptar a partir de la propera inspecci\u00f3 peri\u00f2dica.<\/p>\n<p>&nbsp;<\/p>\n<p style=\"text-align: justify;\">Com no podia ser d\u2019altre manera es mantenen totes les mesures de seguretat ja introdu\u00efdes pel RD 57\/2005: interruptor de parada al fosso, interrupci\u00f3 d\u2019il\u00b7luminaci\u00f3, protecci\u00f3 politges,etc.<\/p>\n<p>&nbsp;<\/p>\n<h3 style=\"text-align: justify;\">AmatZonia: Edificis eficients<\/h3>\n<p>&nbsp;<\/p>\n<p style=\"text-align: justify;\">Des de <a href=\"https:\/\/www.amatimmobiliaris.com\/w\/ca\/serveis\/#Amatzonia\" target=\"_blank\" rel=\"noopener\">AmatZonia<\/a>, aspirem a proporcionar una guia completa per a propietaris i administradors de comunitats que vulguin prendre mesures cap a una infraestructura de c\u00e0rrega el\u00e8ctrica m\u00e9s sostenible i legalment s\u00f2lida.<\/p>\n<p><a href=\"https:\/\/www.amatimmobiliaris.com\/w\/ca\/serveis\/#Amatzonia\"><img loading=\"lazy\" decoding=\"async\" class=\"aligncenter wp-image-32881 size-full\" src=\"https:\/\/www.amatimmobiliaris.com\/w\/wp-content\/uploads\/2024\/01\/Sostenibilidad-en-comunidad_CAT.jpg\" alt=\"beneficis dels carregadors electrics\" width=\"800\" height=\"200\" srcset=\"https:\/\/www.amatimmobiliaris.com\/w\/wp-content\/uploads\/2024\/01\/Sostenibilidad-en-comunidad_CAT.jpg 800w, https:\/\/www.amatimmobiliaris.com\/w\/wp-content\/uploads\/2024\/01\/Sostenibilidad-en-comunidad_CAT-300x75.jpg 300w, https:\/\/www.amatimmobiliaris.com\/w\/wp-content\/uploads\/2024\/01\/Sostenibilidad-en-comunidad_CAT-768x192.jpg 768w\" sizes=\"(max-width: 800px) 100vw, 800px\" \/><\/a><\/p>\n<p style=\"text-align: justify;\">Per obtenir m\u00e9s informaci\u00f3 sobre la normativa legal actual, podeu consultar <a href=\"https:\/\/www.gencat.cat\/\" target=\"_blank\" rel=\"noopener noreferrer\">Generalitat de Catalunya<\/a> i <a href=\"https:\/\/www.boe.es\/\" target=\"_blank\" rel=\"noopener noreferrer\">Bolet\u00edn Oficial del Estado<\/a>.<\/p>\n<p>&nbsp;<\/p>\n<p style=\"text-align: justify;\">A <a href=\"https:\/\/www.amatimmobiliaris.cat\/\" target=\"_blank\" rel=\"noopener nofollow\" class=\"broken_link\">Amat Immobiliaris<\/a>, estem compromesos perqu\u00e8 les comunitats avancin cap a un futur m\u00e9s sostenible i innovador.<\/p>\n<p>&nbsp;<\/p>\n<p style=\"text-align: justify;\">Per qualsevol dubte, o si vols informaci\u00f3, pots contactar amb nosaltres a trav\u00e9s d&#8217;<span style=\"color: #0000ff;\"><a style=\"color: # 0000ff;\" href=\"mailto:info@amatimmo.cat\">info@amatimmo.cat<\/a><\/span> o trucant-nos al (+34) 934 803 400.<\/p>\n<p>&nbsp;<\/p>\n<h5><strong>T&#8217;ha agradat l&#8217;article? <b>Comparteix-t&#8217;ho!<\/b><\/strong><\/h5>\n<p><a href=\"https:\/\/twitter.com\/intent\/tweet?text=Descobreix l'\u00fas del %23carregador%20 %23el\u00e8ctric%20 en %23comunitats%20 i edificis. %40amat_cat t'assessorar\u00e0 en la transici\u00f3 %23sostenible%20.%0A &amp;url=https:\/\/www.amatimmobiliaris.com\/w\/ca\/2024\/01\/carregador-electrics-en-comunitats\/\" target=\"_blank\" rel=\"noopener\"><img loading=\"lazy\" decoding=\"async\" class=\"alignnone wp-image-19030 size-full\" src=\"https:\/\/www.amatimmobiliaris.com\/w\/wp-content\/uploads\/2021\/11\/twitter.png\" alt=\"\" width=\"25\" height=\"20\" \/><\/a><a href=\"https:\/\/www.facebook.com\/sharer\/sharer.php?u=https%3A%2F%2Fwww.amatimmobiliaris.com%2Fw%2Fca%2F2024%2F01%2Fcarregador-electrics-en-comunitats%2F\" class=\"broken_link\" rel=\"nofollow\"><img loading=\"lazy\" decoding=\"async\" class=\"alignnone size-full wp-image-19024\" src=\"https:\/\/www.amatimmobiliaris.com\/w\/wp-content\/uploads\/2021\/11\/fb.png\" alt=\"\" width=\"12\" height=\"24\" \/><\/a><a href=\"https:\/\/www.linkedin.com\/sharing\/share-offsite\/?url=https%3A%2F%2Fwww.amatimmobiliaris.com%2Fw%2Fca%2F2024%2F01%2Fcarregador-electrics-en-comunitats%2F\"><img loading=\"lazy\" decoding=\"async\" class=\"alignnone size-full wp-image-19028\" src=\"https:\/\/www.amatimmobiliaris.com\/w\/wp-content\/uploads\/2021\/11\/linkedin.png\" alt=\"\" width=\"25\" height=\"25\" \/><\/a><\/p>\n","protected":false},"excerpt":{"rendered":"<p>Qu\u00e8 cal saber sobre les noves mesures de seguretat dels ascensors? El Butllet\u00ed Oficial de l&#8217;Estat (BOE) ha anunciat recentment la publicaci\u00f3 de la Instrucci\u00f3 T\u00e8cnica Complement\u00e0ria ITC\u00a0AEM\u00a01 d&#8217;Ascensors. Aquest nou reglament estableix les bases per a la posada en servei, modificaci\u00f3, manteniment i inspecci\u00f3 dels ascensors a Espanya.\u00a0\u00c9s\u00a0per aix\u00f2, que s&#8217;han establert una\u00a0s\u00e8rie\u00a0de noves [&hellip;]<\/p>\n","protected":false},"author":1,"featured_media":35299,"comment_status":"closed","ping_status":"closed","sticky":false,"template":"","format":"standard","meta":{"content-type":"","footnotes":""},"categories":[1624,1151,1168,1156,1154,1157],"tags":[573,203,537,1696,1681,1558,2112,89,1728,734],"yoast_head":"<!-- This site is optimized with the Yoast SEO plugin v23.9 - https:\/\/yoast.com\/wordpress\/plugins\/seo\/ -->\n<title>Noves mesures de seguretat dels ascensors ITC 2024 | Amat Immobiliaris<\/title>\n<meta name=\"description\" content=\"Qu\u00e8 cal tenir en compte sobre les noves mesures de seguretat dels ascensors ITC 2024? Com podem saber si ens afectar\u00e0?\" \/>\n<meta name=\"robots\" content=\"index, follow, max-snippet:-1, max-image-preview:large, max-video-preview:-1\" \/>\n<link rel=\"canonical\" href=\"https:\/\/www.amatimmobiliaris.com\/w\/ca\/2024\/01\/Mesures-de-seguretat-en-els-ascensors\" \/>\n<meta property=\"og:locale\" content=\"ca_ES\" \/>\n<meta property=\"og:type\" content=\"article\" \/>\n<meta property=\"og:title\" content=\"Noves mesures de seguretat dels ascensors ITC 2024 | Amat Immobiliaris\" \/>\n<meta property=\"og:description\" content=\"Qu\u00e8 cal tenir en compte sobre les noves mesures de seguretat dels ascensors ITC 2024? Com podem saber si ens afectar\u00e0?\" \/>\n<meta property=\"og:url\" content=\"https:\/\/www.amatimmobiliaris.com\/w\/ca\/2024\/01\/Mesures-de-seguretat-en-els-ascensors\" \/>\n<meta property=\"og:site_name\" content=\"Amat Immobiliaris\" \/>\n<meta property=\"article:publisher\" content=\"https:\/\/www.facebook.com\/amatimmobiliaris\" \/>\n<meta property=\"article:published_time\" content=\"2024-06-10T11:36:41+00:00\" \/>\n<meta property=\"article:modified_time\" content=\"2024-06-11T14:57:27+00:00\" \/>\n<meta property=\"og:image\" content=\"https:\/\/www.amatimmobiliaris.com\/w\/wp-content\/uploads\/2024\/06\/delivery-man-with-package-elevator-close-up-scaled.jpg\" \/>\n\t<meta property=\"og:image:width\" content=\"2560\" \/>\n\t<meta property=\"og:image:height\" content=\"1707\" \/>\n\t<meta property=\"og:image:type\" content=\"image\/jpeg\" \/>\n<meta name=\"author\" content=\"Amat Immobiliaris\" \/>\n<meta name=\"twitter:card\" content=\"summary_large_image\" \/>\n<meta name=\"twitter:creator\" content=\"@amat_cat\" \/>\n<meta name=\"twitter:site\" content=\"@amat_cat\" \/>\n<meta name=\"twitter:label1\" content=\"Escrit per\" \/>\n\t<meta name=\"twitter:data1\" content=\"Amat Immobiliaris\" \/>\n\t<meta name=\"twitter:label2\" content=\"Temps estimat de lectura\" \/>\n\t<meta name=\"twitter:data2\" content=\"6 minuts\" \/>\n<script type=\"application\/ld+json\" class=\"yoast-schema-graph\">{\"@context\":\"https:\/\/schema.org\",\"@graph\":[{\"@type\":\"Article\",\"@id\":\"https:\/\/www.amatimmobiliaris.com\/w\/ca\/2024\/01\/Mesures-de-seguretat-en-els-ascensors#article\",\"isPartOf\":{\"@id\":\"https:\/\/www.amatimmobiliaris.com\/w\/ca\/2024\/06\/mesures-de-seguretat-en-els-ascensors\/\"},\"author\":{\"name\":\"Amat Immobiliaris\",\"@id\":\"https:\/\/www.amatimmobiliaris.com\/w\/#\/schema\/person\/c880da71d1e156e7ea6774ffb445e034\"},\"headline\":\"Noves mesures de seguretat dels ascensors ITC 2024\",\"datePublished\":\"2024-06-10T11:36:41+00:00\",\"dateModified\":\"2024-06-11T14:57:27+00:00\",\"mainEntityOfPage\":{\"@id\":\"https:\/\/www.amatimmobiliaris.com\/w\/ca\/2024\/06\/mesures-de-seguretat-en-els-ascensors\/\"},\"wordCount\":859,\"publisher\":{\"@id\":\"https:\/\/www.amatimmobiliaris.com\/w\/#organization\"},\"image\":{\"@id\":\"https:\/\/www.amatimmobiliaris.com\/w\/ca\/2024\/01\/Mesures-de-seguretat-en-els-ascensors#primaryimage\"},\"thumbnailUrl\":\"https:\/\/www.amatimmobiliaris.com\/w\/wp-content\/uploads\/2024\/06\/delivery-man-with-package-elevator-close-up-scaled.jpg\",\"keywords\":[\"Arquitectura\",\"Ascensor\",\"Beneficis\",\"Comunitat\",\"Habitatge\",\"Lloguer\",\"normativa\",\"Sector immobiliari\",\"Sostenibilitat\",\"Sostenible\"],\"articleSection\":[\"Actualitat\",\"Arquitectura i decoraci\u00f3\",\"Efici\u00e8ncia energ\u00e8tica\",\"Fiscalitat\",\"L'usuari pregunta\",\"Not\u00edcies\"],\"inLanguage\":\"ca\"},{\"@type\":\"WebPage\",\"@id\":\"https:\/\/www.amatimmobiliaris.com\/w\/ca\/2024\/06\/mesures-de-seguretat-en-els-ascensors\/\",\"url\":\"https:\/\/www.amatimmobiliaris.com\/w\/ca\/2024\/01\/Mesures-de-seguretat-en-els-ascensors\",\"name\":\"Noves mesures de seguretat dels ascensors ITC 2024 | Amat Immobiliaris\",\"isPartOf\":{\"@id\":\"https:\/\/www.amatimmobiliaris.com\/w\/#website\"},\"primaryImageOfPage\":{\"@id\":\"https:\/\/www.amatimmobiliaris.com\/w\/ca\/2024\/01\/Mesures-de-seguretat-en-els-ascensors#primaryimage\"},\"image\":{\"@id\":\"https:\/\/www.amatimmobiliaris.com\/w\/ca\/2024\/01\/Mesures-de-seguretat-en-els-ascensors#primaryimage\"},\"thumbnailUrl\":\"https:\/\/www.amatimmobiliaris.com\/w\/wp-content\/uploads\/2024\/06\/delivery-man-with-package-elevator-close-up-scaled.jpg\",\"datePublished\":\"2024-06-10T11:36:41+00:00\",\"dateModified\":\"2024-06-11T14:57:27+00:00\",\"description\":\"Qu\u00e8 cal tenir en compte sobre les noves mesures de seguretat dels ascensors ITC 2024? Com podem saber si ens afectar\u00e0?\",\"breadcrumb\":{\"@id\":\"https:\/\/www.amatimmobiliaris.com\/w\/ca\/2024\/01\/Mesures-de-seguretat-en-els-ascensors#breadcrumb\"},\"inLanguage\":\"ca\",\"potentialAction\":[{\"@type\":\"ReadAction\",\"target\":[\"https:\/\/www.amatimmobiliaris.com\/w\/ca\/2024\/01\/Mesures-de-seguretat-en-els-ascensors\"]}]},{\"@type\":\"ImageObject\",\"inLanguage\":\"ca\",\"@id\":\"https:\/\/www.amatimmobiliaris.com\/w\/ca\/2024\/01\/Mesures-de-seguretat-en-els-ascensors#primaryimage\",\"url\":\"https:\/\/www.amatimmobiliaris.com\/w\/wp-content\/uploads\/2024\/06\/delivery-man-with-package-elevator-close-up-scaled.jpg\",\"contentUrl\":\"https:\/\/www.amatimmobiliaris.com\/w\/wp-content\/uploads\/2024\/06\/delivery-man-with-package-elevator-close-up-scaled.jpg\",\"width\":2560,\"height\":1707,\"caption\":\"Noves mesures de seguretat ascensors\"},{\"@type\":\"BreadcrumbList\",\"@id\":\"https:\/\/www.amatimmobiliaris.com\/w\/ca\/2024\/01\/Mesures-de-seguretat-en-els-ascensors#breadcrumb\",\"itemListElement\":[{\"@type\":\"ListItem\",\"position\":1,\"name\":\"Home\",\"item\":\"https:\/\/www.amatimmobiliaris.com\/w\/ca\/\"},{\"@type\":\"ListItem\",\"position\":2,\"name\":\"Arquitectura i decoraci\u00f3\",\"item\":\"https:\/\/www.amatimmobiliaris.com\/w\/ca\/categoria-ca\/arquitectura-i-decoracio-ca\/\"},{\"@type\":\"ListItem\",\"position\":3,\"name\":\"Noves mesures de seguretat dels ascensors ITC 2024\"}]},{\"@type\":\"WebSite\",\"@id\":\"https:\/\/www.amatimmobiliaris.com\/w\/#website\",\"url\":\"https:\/\/www.amatimmobiliaris.com\/w\/\",\"name\":\"Amat Immobiliaris\",\"description\":\"Empresa familiar del sector inmobiliario con oficinas en Barcelona, Sant Cugat del Vall\u00e9s y Sant Just Desvern. Te ayudamos a comprar, alquilar o vender tu casa o piso. Somos un equipo coherente con una cultura de empresa honesta, innovadora y eficaz. Tambi\u00e9n en www.amatluxury.com\",\"publisher\":{\"@id\":\"https:\/\/www.amatimmobiliaris.com\/w\/#organization\"},\"alternateName\":\"AmatImmo\",\"potentialAction\":[{\"@type\":\"SearchAction\",\"target\":{\"@type\":\"EntryPoint\",\"urlTemplate\":\"https:\/\/www.amatimmobiliaris.com\/w\/?s={search_term_string}\"},\"query-input\":{\"@type\":\"PropertyValueSpecification\",\"valueRequired\":true,\"valueName\":\"search_term_string\"}}],\"inLanguage\":\"ca\"},{\"@type\":\"Organization\",\"@id\":\"https:\/\/www.amatimmobiliaris.com\/w\/#organization\",\"name\":\"Amat Immobiliaris\",\"url\":\"https:\/\/www.amatimmobiliaris.com\/w\/\",\"logo\":{\"@type\":\"ImageObject\",\"inLanguage\":\"ca\",\"@id\":\"https:\/\/www.amatimmobiliaris.com\/w\/#\/schema\/logo\/image\/\",\"url\":\"https:\/\/www.amatimmobiliaris.com\/w\/wp-content\/uploads\/2022\/10\/amat-logo.jpg\",\"contentUrl\":\"https:\/\/www.amatimmobiliaris.com\/w\/wp-content\/uploads\/2022\/10\/amat-logo.jpg\",\"width\":900,\"height\":900,\"caption\":\"Amat Immobiliaris\"},\"image\":{\"@id\":\"https:\/\/www.amatimmobiliaris.com\/w\/#\/schema\/logo\/image\/\"},\"sameAs\":[\"https:\/\/www.facebook.com\/amatimmobiliaris\",\"https:\/\/x.com\/amat_cat\",\"https:\/\/www.instagram.com\/amat_immo\/\",\"https:\/\/www.linkedin.com\/company\/amat-finques\/\",\"https:\/\/www.youtube.com\/@amatimmobiliaris\"]},{\"@type\":\"Person\",\"@id\":\"https:\/\/www.amatimmobiliaris.com\/w\/#\/schema\/person\/c880da71d1e156e7ea6774ffb445e034\",\"name\":\"Amat Immobiliaris\",\"sameAs\":[\"http:\/\/amat-inmo-wp.localhost\"]}]}<\/script>\n<!-- \/ Yoast SEO plugin. -->","yoast_head_json":{"title":"Noves mesures de seguretat dels ascensors ITC 2024 | Amat Immobiliaris","description":"Qu\u00e8 cal tenir en compte sobre les noves mesures de seguretat dels ascensors ITC 2024? Com podem saber si ens afectar\u00e0?","robots":{"index":"index","follow":"follow","max-snippet":"max-snippet:-1","max-image-preview":"max-image-preview:large","max-video-preview":"max-video-preview:-1"},"canonical":"https:\/\/www.amatimmobiliaris.com\/w\/ca\/2024\/01\/Mesures-de-seguretat-en-els-ascensors","og_locale":"ca_ES","og_type":"article","og_title":"Noves mesures de seguretat dels ascensors ITC 2024 | Amat Immobiliaris","og_description":"Qu\u00e8 cal tenir en compte sobre les noves mesures de seguretat dels ascensors ITC 2024? Com podem saber si ens afectar\u00e0?","og_url":"https:\/\/www.amatimmobiliaris.com\/w\/ca\/2024\/01\/Mesures-de-seguretat-en-els-ascensors","og_site_name":"Amat Immobiliaris","article_publisher":"https:\/\/www.facebook.com\/amatimmobiliaris","article_published_time":"2024-06-10T11:36:41+00:00","article_modified_time":"2024-06-11T14:57:27+00:00","og_image":[{"width":2560,"height":1707,"url":"https:\/\/www.amatimmobiliaris.com\/w\/wp-content\/uploads\/2024\/06\/delivery-man-with-package-elevator-close-up-scaled.jpg","type":"image\/jpeg"}],"author":"Amat Immobiliaris","twitter_card":"summary_large_image","twitter_creator":"@amat_cat","twitter_site":"@amat_cat","twitter_misc":{"Escrit per":"Amat Immobiliaris","Temps estimat de lectura":"6 minuts"},"schema":{"@context":"https:\/\/schema.org","@graph":[{"@type":"Article","@id":"https:\/\/www.amatimmobiliaris.com\/w\/ca\/2024\/01\/Mesures-de-seguretat-en-els-ascensors#article","isPartOf":{"@id":"https:\/\/www.amatimmobiliaris.com\/w\/ca\/2024\/06\/mesures-de-seguretat-en-els-ascensors\/"},"author":{"name":"Amat Immobiliaris","@id":"https:\/\/www.amatimmobiliaris.com\/w\/#\/schema\/person\/c880da71d1e156e7ea6774ffb445e034"},"headline":"Noves mesures de seguretat dels ascensors ITC 2024","datePublished":"2024-06-10T11:36:41+00:00","dateModified":"2024-06-11T14:57:27+00:00","mainEntityOfPage":{"@id":"https:\/\/www.amatimmobiliaris.com\/w\/ca\/2024\/06\/mesures-de-seguretat-en-els-ascensors\/"},"wordCount":859,"publisher":{"@id":"https:\/\/www.amatimmobiliaris.com\/w\/#organization"},"image":{"@id":"https:\/\/www.amatimmobiliaris.com\/w\/ca\/2024\/01\/Mesures-de-seguretat-en-els-ascensors#primaryimage"},"thumbnailUrl":"https:\/\/www.amatimmobiliaris.com\/w\/wp-content\/uploads\/2024\/06\/delivery-man-with-package-elevator-close-up-scaled.jpg","keywords":["Arquitectura","Ascensor","Beneficis","Comunitat","Habitatge","Lloguer","normativa","Sector immobiliari","Sostenibilitat","Sostenible"],"articleSection":["Actualitat","Arquitectura i decoraci\u00f3","Efici\u00e8ncia energ\u00e8tica","Fiscalitat","L'usuari pregunta","Not\u00edcies"],"inLanguage":"ca"},{"@type":"WebPage","@id":"https:\/\/www.amatimmobiliaris.com\/w\/ca\/2024\/06\/mesures-de-seguretat-en-els-ascensors\/","url":"https:\/\/www.amatimmobiliaris.com\/w\/ca\/2024\/01\/Mesures-de-seguretat-en-els-ascensors","name":"Noves mesures de seguretat dels ascensors ITC 2024 | Amat Immobiliaris","isPartOf":{"@id":"https:\/\/www.amatimmobiliaris.com\/w\/#website"},"primaryImageOfPage":{"@id":"https:\/\/www.amatimmobiliaris.com\/w\/ca\/2024\/01\/Mesures-de-seguretat-en-els-ascensors#primaryimage"},"image":{"@id":"https:\/\/www.amatimmobiliaris.com\/w\/ca\/2024\/01\/Mesures-de-seguretat-en-els-ascensors#primaryimage"},"thumbnailUrl":"https:\/\/www.amatimmobiliaris.com\/w\/wp-content\/uploads\/2024\/06\/delivery-man-with-package-elevator-close-up-scaled.jpg","datePublished":"2024-06-10T11:36:41+00:00","dateModified":"2024-06-11T14:57:27+00:00","description":"Qu\u00e8 cal tenir en compte sobre les noves mesures de seguretat dels ascensors ITC 2024? Com podem saber si ens afectar\u00e0?","breadcrumb":{"@id":"https:\/\/www.amatimmobiliaris.com\/w\/ca\/2024\/01\/Mesures-de-seguretat-en-els-ascensors#breadcrumb"},"inLanguage":"ca","potentialAction":[{"@type":"ReadAction","target":["https:\/\/www.amatimmobiliaris.com\/w\/ca\/2024\/01\/Mesures-de-seguretat-en-els-ascensors"]}]},{"@type":"ImageObject","inLanguage":"ca","@id":"https:\/\/www.amatimmobiliaris.com\/w\/ca\/2024\/01\/Mesures-de-seguretat-en-els-ascensors#primaryimage","url":"https:\/\/www.amatimmobiliaris.com\/w\/wp-content\/uploads\/2024\/06\/delivery-man-with-package-elevator-close-up-scaled.jpg","contentUrl":"https:\/\/www.amatimmobiliaris.com\/w\/wp-content\/uploads\/2024\/06\/delivery-man-with-package-elevator-close-up-scaled.jpg","width":2560,"height":1707,"caption":"Noves mesures de seguretat ascensors"},{"@type":"BreadcrumbList","@id":"https:\/\/www.amatimmobiliaris.com\/w\/ca\/2024\/01\/Mesures-de-seguretat-en-els-ascensors#breadcrumb","itemListElement":[{"@type":"ListItem","position":1,"name":"Home","item":"https:\/\/www.amatimmobiliaris.com\/w\/ca\/"},{"@type":"ListItem","position":2,"name":"Arquitectura i decoraci\u00f3","item":"https:\/\/www.amatimmobiliaris.com\/w\/ca\/categoria-ca\/arquitectura-i-decoracio-ca\/"},{"@type":"ListItem","position":3,"name":"Noves mesures de seguretat dels ascensors ITC 2024"}]},{"@type":"WebSite","@id":"https:\/\/www.amatimmobiliaris.com\/w\/#website","url":"https:\/\/www.amatimmobiliaris.com\/w\/","name":"Amat Immobiliaris","description":"Empresa familiar del sector inmobiliario con oficinas en Barcelona, Sant Cugat del Vall\u00e9s y Sant Just Desvern. Te ayudamos a comprar, alquilar o vender tu casa o piso. Somos un equipo coherente con una cultura de empresa honesta, innovadora y eficaz. Tambi\u00e9n en www.amatluxury.com","publisher":{"@id":"https:\/\/www.amatimmobiliaris.com\/w\/#organization"},"alternateName":"AmatImmo","potentialAction":[{"@type":"SearchAction","target":{"@type":"EntryPoint","urlTemplate":"https:\/\/www.amatimmobiliaris.com\/w\/?s={search_term_string}"},"query-input":{"@type":"PropertyValueSpecification","valueRequired":true,"valueName":"search_term_string"}}],"inLanguage":"ca"},{"@type":"Organization","@id":"https:\/\/www.amatimmobiliaris.com\/w\/#organization","name":"Amat Immobiliaris","url":"https:\/\/www.amatimmobiliaris.com\/w\/","logo":{"@type":"ImageObject","inLanguage":"ca","@id":"https:\/\/www.amatimmobiliaris.com\/w\/#\/schema\/logo\/image\/","url":"https:\/\/www.amatimmobiliaris.com\/w\/wp-content\/uploads\/2022\/10\/amat-logo.jpg","contentUrl":"https:\/\/www.amatimmobiliaris.com\/w\/wp-content\/uploads\/2022\/10\/amat-logo.jpg","width":900,"height":900,"caption":"Amat Immobiliaris"},"image":{"@id":"https:\/\/www.amatimmobiliaris.com\/w\/#\/schema\/logo\/image\/"},"sameAs":["https:\/\/www.facebook.com\/amatimmobiliaris","https:\/\/x.com\/amat_cat","https:\/\/www.instagram.com\/amat_immo\/","https:\/\/www.linkedin.com\/company\/amat-finques\/","https:\/\/www.youtube.com\/@amatimmobiliaris"]},{"@type":"Person","@id":"https:\/\/www.amatimmobiliaris.com\/w\/#\/schema\/person\/c880da71d1e156e7ea6774ffb445e034","name":"Amat Immobiliaris","sameAs":["http:\/\/amat-inmo-wp.localhost"]}]}},"_links":{"self":[{"href":"https:\/\/www.amatimmobiliaris.com\/w\/ca\/wp-json\/wp\/v2\/posts\/35257"}],"collection":[{"href":"https:\/\/www.amatimmobiliaris.com\/w\/ca\/wp-json\/wp\/v2\/posts"}],"about":[{"href":"https:\/\/www.amatimmobiliaris.com\/w\/ca\/wp-json\/wp\/v2\/types\/post"}],"author":[{"embeddable":true,"href":"https:\/\/www.amatimmobiliaris.com\/w\/ca\/wp-json\/wp\/v2\/users\/1"}],"replies":[{"embeddable":true,"href":"https:\/\/www.amatimmobiliaris.com\/w\/ca\/wp-json\/wp\/v2\/comments?post=35257"}],"version-history":[{"count":10,"href":"https:\/\/www.amatimmobiliaris.com\/w\/ca\/wp-json\/wp\/v2\/posts\/35257\/revisions"}],"predecessor-version":[{"id":35376,"href":"https:\/\/www.amatimmobiliaris.com\/w\/ca\/wp-json\/wp\/v2\/posts\/35257\/revisions\/35376"}],"wp:featuredmedia":[{"embeddable":true,"href":"https:\/\/www.amatimmobiliaris.com\/w\/ca\/wp-json\/wp\/v2\/media\/35299"}],"wp:attachment":[{"href":"https:\/\/www.amatimmobiliaris.com\/w\/ca\/wp-json\/wp\/v2\/media?parent=35257"}],"wp:term":[{"taxonomy":"category","embeddable":true,"href":"https:\/\/www.amatimmobiliaris.com\/w\/ca\/wp-json\/wp\/v2\/categories?post=35257"},{"taxonomy":"post_tag","embeddable":true,"href":"https:\/\/www.amatimmobiliaris.com\/w\/ca\/wp-json\/wp\/v2\/tags?post=35257"}],"curies":[{"name":"wp","href":"https:\/\/api.w.org\/{rel}","templated":true}]}}