{"id":3464,"date":"2017-12-04T12:56:07","date_gmt":"2017-12-04T12:56:07","guid":{"rendered":"https:\/\/amat-inmo-wp.localhost\/2017\/12\/04\/la-rsc-a-les-empreses-i-la-seva-importancia-a-la-societat\/"},"modified":"2023-04-27T14:20:15","modified_gmt":"2023-04-27T14:20:15","slug":"la-rsc-a-les-empreses-i-la-seva-importancia-a-la-societat","status":"publish","type":"post","link":"https:\/\/www.amatimmobiliaris.com\/w\/ca\/2017\/12\/la-rsc-a-les-empreses-i-la-seva-importancia-a-la-societat\/","title":{"rendered":"La RSC a les empreses i la seva import\u00e0ncia a la societat"},"content":{"rendered":"<blockquote>\n<h6><em>La Responsabilitat Social Corporativa (RSC), tamb\u00e9 anomenada Responsabilitat Social de les Empreses (RSE), \u00e9s el comprom\u00eds de l&#8217;organitzaci\u00f3 envers les necessitats dels seus grups d&#8217;inter\u00e8s en els diferents \u00e0mbits (laboral, acci\u00f3 social, medi ambient, clientela i entitats prove\u00efdores, i bon govern i transpar\u00e8ncia), per mitj\u00e0 d&#8217;una implicaci\u00f3 volunt\u00e0ria i solid\u00e0ria m\u00e9s enll\u00e0 del que estableix la legislaci\u00f3 vigent. Viquip\u00e8dia\u00a0<\/em><\/h6>\n<\/blockquote>\n<p>La <strong>RSC<\/strong> o RSE (Responsabilitat Social Corporativa o Empresarial) \u00e9s un comprom\u00eds que des d&#8217;Amat potenciem des de fa molts anys col\u00b7laborant amb diferents organitzacions que beneficien la societat a partir de les nostres accions.<\/p>\n<p>La nostra implicaci\u00f3 ve guiada per\u00a0<strong><a href=\"https:\/\/respon.cat\/\">Respon.c<\/a><a href=\"https:\/\/respon.cat\/\">a<\/a>t, <\/strong>un organisme comprom\u00e8s amb la RSC que vol implicar les empreses i organitzacions sensibilitzades amb la responsabilitat social. El seu objectiu \u00e9s <strong>&#8220;promoure un salt qualitatiu i quantitatiu&#8221;<\/strong> de la RSC a Catalunya com a &#8220;factor estrat\u00e8gic i cultural de les empreses&#8221;. En aquest espai de trobada, les organitzacions cerquem la col\u00b7laboraci\u00f3 entre empreses per generar una RSC \u00f2ptima en cadascun dels sectors en qu\u00e8 ens desenvolupem per tal de desenvolupar projectes socials el m\u00e9s idonis possibles per a la societat i realitat catalana.<\/p>\n<p>Un cop identificats els grups d\u2019inter\u00e8s on aplicar la Responsabilitat Social, repercutint tant als treballadors, clients, prove\u00efdors, el sector o la societat en el seu conjunt, podem <strong>desenvolupar pol\u00edtiques que aportin valor<\/strong> en\u00a0diferents \u00e0mbits. Per exemple,\u00a0com explica la Martina, responsable de l&#8217;estrat\u00e8gia de RSC a Amat &#8220;ara \u00e9s un moment idoni aprofitant el relleu generacional d&#8217;Amat per adoptar un nou model de lideratge adaptat a la nova manera d&#8217;entendre la realitat (econ\u00f2mica, social, pol\u00edtica, etc) d&#8217;avui en dia.&#8221;<\/p>\n<p>Volem continuar apostant per:<\/p>\n<ul>\n<li>La<strong> innovaci\u00f3<\/strong> amb l\u2019objectiu final de diferenciaci\u00f3 de l\u2019empresa respecte les empreses del sector, sempre d\u2019acord amb els nostres valors, tant en la vesant d\u2019atenci\u00f3 a les persones com en la vessant pr\u00f2pia del negoci.<\/li>\n<li><strong>Millorar<\/strong> les eines tecnol\u00f2giques amb la voluntat de continuar apostant per la transpar\u00e8ncia i millorar la informaci\u00f3 disponible i l&#8217;atenci\u00f3 tant al client com als prove\u00efdors.<\/li>\n<li>Potenciar el<strong> bon clima laboral<\/strong> i la participaci\u00f3 dels empleats.<\/li>\n<li>Transmetre i avaluar els <strong>valors de l&#8217;organitzaci\u00f3<\/strong> aix\u00ed com continuar apostant per la conciliaci\u00f3 laboral i impulsar les capacitats humanes en el lloc de treball.<\/li>\n<\/ul>\n<p>Per altra banda, volem\u00a0seguir amb la\u00a0participaci\u00f3 activa en la comunitat donant suport a institucions i grups de la societat civil de les \u00e0rees geogr\u00e0fiques en qu\u00e8 tenim pres\u00e8ncia, aix\u00ed com promoure la cultura entre els diferents grups d&#8217;inter\u00e8s. Per aix\u00f2 col\u00b7laborem activament amb diverses organitzacions:<\/p>\n<ul>\n<li><strong><a href=\"https:\/\/www.aurafundacio.org\/\">Aura Fundaci\u00f3\u00a0<\/a>,<\/strong> per a la inclusi\u00f3 a la societat de les persones amb discapacitat intel\u00b7lectual.<\/li>\n<li><strong><a href=\"https:\/\/www.aprenemautisme.org\/\">Associaci\u00f3 Aprenem<\/a>, <\/strong>per a la inclusi\u00f3 de persones amb Transtorn de l&#8217;Aspectre Autista.<\/li>\n<li><strong>Fundaci\u00f3 Seur\u00a0<a href=\"https:\/\/www.fundacionseur.org\/\">Recollida taps<\/a><\/strong>, per ajudar a nens mitjan\u00e7ant el reciclatge de taps de pl\u00e0stic.<\/li>\n<li><strong>Creu Roja Juventut\u00a0<a href=\"https:\/\/www2.cruzroja.es\/web\/creu-roja\/joguina-educativa\">Recollida joguines<\/a>, <\/strong>cap nen sense joguina durant el Nadal i Reis.<\/li>\n<li><strong><a href=\"https:\/\/www.contraelcancer.es\/es\/sobre-nosotros\">Q\u00fcestaci\u00f3 AECC<\/a>, <\/strong>amb la instal\u00b7laci\u00f3 de taules al carrer per la recollida de donacions.<\/li>\n<li><strong><a href=\"https:\/\/territorispecialsantjustblog.wordpress.com\/\">Territori Special<\/a>,<\/strong> patrocinant l&#8217;esdeveniment esportiu a Sant Just el 2017.<\/li>\n<\/ul>\n","protected":false},"excerpt":{"rendered":"<p>La Responsabilitat Social Corporativa (RSC), tamb\u00e9 anomenada Responsabilitat Social de les Empreses (RSE), \u00e9s el comprom\u00eds de l&#8217;organitzaci\u00f3 envers les necessitats dels seus grups d&#8217;inter\u00e8s en els diferents \u00e0mbits (laboral, acci\u00f3 social, medi ambient, clientela i entitats prove\u00efdores, i bon govern i transpar\u00e8ncia), per mitj\u00e0 d&#8217;una implicaci\u00f3 volunt\u00e0ria i solid\u00e0ria m\u00e9s enll\u00e0 del que estableix [&hellip;]<\/p>\n","protected":false},"author":1,"featured_media":0,"comment_status":"closed","ping_status":"open","sticky":false,"template":"","format":"standard","meta":{"content-type":"","footnotes":""},"categories":[741],"tags":[],"yoast_head":"<!-- This site is optimized with the Yoast SEO plugin v23.9 - https:\/\/yoast.com\/wordpress\/plugins\/seo\/ -->\n<title>La RSC a les empreses i la seva import\u00e0ncia a la societat | Amat Immobiliaris<\/title>\n<meta name=\"robots\" content=\"index, follow, max-snippet:-1, max-image-preview:large, max-video-preview:-1\" \/>\n<link rel=\"canonical\" href=\"https:\/\/www.amatimmobiliaris.com\/w\/ca\/2017\/12\/la-rsc-a-les-empreses-i-la-seva-importancia-a-la-societat\/\" \/>\n<meta property=\"og:locale\" content=\"ca_ES\" \/>\n<meta property=\"og:type\" content=\"article\" \/>\n<meta property=\"og:title\" content=\"La RSC a les empreses i la seva import\u00e0ncia a la societat | Amat Immobiliaris\" \/>\n<meta property=\"og:description\" content=\"La Responsabilitat Social Corporativa (RSC), tamb\u00e9 anomenada Responsabilitat Social de les Empreses (RSE), \u00e9s el comprom\u00eds de l&#8217;organitzaci\u00f3 envers les necessitats dels seus grups d&#8217;inter\u00e8s en els diferents \u00e0mbits (laboral, acci\u00f3 social, medi ambient, clientela i entitats prove\u00efdores, i bon govern i transpar\u00e8ncia), per mitj\u00e0 d&#8217;una implicaci\u00f3 volunt\u00e0ria i solid\u00e0ria m\u00e9s enll\u00e0 del que estableix [&hellip;]\" \/>\n<meta property=\"og:url\" content=\"https:\/\/www.amatimmobiliaris.com\/w\/ca\/2017\/12\/la-rsc-a-les-empreses-i-la-seva-importancia-a-la-societat\/\" \/>\n<meta property=\"og:site_name\" content=\"Amat Immobiliaris\" \/>\n<meta property=\"article:publisher\" content=\"https:\/\/www.facebook.com\/amatimmobiliaris\" \/>\n<meta property=\"article:published_time\" content=\"2017-12-04T12:56:07+00:00\" \/>\n<meta property=\"article:modified_time\" content=\"2023-04-27T14:20:15+00:00\" \/>\n<meta property=\"og:image\" content=\"https:\/\/www.amatimmobiliaris.com\/w\/wp-content\/uploads\/2022\/01\/2014-Saga-familiar-Amat-dw-1-1024x683.jpg\" \/>\n\t<meta property=\"og:image:width\" content=\"1024\" \/>\n\t<meta property=\"og:image:height\" content=\"683\" \/>\n\t<meta property=\"og:image:type\" content=\"image\/jpeg\" \/>\n<meta name=\"author\" content=\"Amat Immobiliaris\" \/>\n<meta name=\"twitter:card\" content=\"summary_large_image\" \/>\n<meta name=\"twitter:creator\" content=\"@amat_cat\" \/>\n<meta name=\"twitter:site\" content=\"@amat_cat\" \/>\n<meta name=\"twitter:label1\" content=\"Escrit per\" \/>\n\t<meta name=\"twitter:data1\" content=\"Amat Immobiliaris\" \/>\n\t<meta name=\"twitter:label2\" content=\"Temps estimat de lectura\" \/>\n\t<meta name=\"twitter:data2\" content=\"3 minuts\" \/>\n<script type=\"application\/ld+json\" class=\"yoast-schema-graph\">{\"@context\":\"https:\/\/schema.org\",\"@graph\":[{\"@type\":\"Article\",\"@id\":\"https:\/\/www.amatimmobiliaris.com\/w\/ca\/2017\/12\/la-rsc-a-les-empreses-i-la-seva-importancia-a-la-societat\/#article\",\"isPartOf\":{\"@id\":\"https:\/\/www.amatimmobiliaris.com\/w\/ca\/2017\/12\/la-rsc-a-les-empreses-i-la-seva-importancia-a-la-societat\/\"},\"author\":{\"name\":\"Amat Immobiliaris\",\"@id\":\"https:\/\/www.amatimmobiliaris.com\/w\/#\/schema\/person\/c880da71d1e156e7ea6774ffb445e034\"},\"headline\":\"La RSC a les empreses i la seva import\u00e0ncia a la societat\",\"datePublished\":\"2017-12-04T12:56:07+00:00\",\"dateModified\":\"2023-04-27T14:20:15+00:00\",\"mainEntityOfPage\":{\"@id\":\"https:\/\/www.amatimmobiliaris.com\/w\/ca\/2017\/12\/la-rsc-a-les-empreses-i-la-seva-importancia-a-la-societat\/\"},\"wordCount\":545,\"publisher\":{\"@id\":\"https:\/\/www.amatimmobiliaris.com\/w\/#organization\"},\"articleSection\":[\"El mundo Amat\"],\"inLanguage\":\"ca\"},{\"@type\":\"WebPage\",\"@id\":\"https:\/\/www.amatimmobiliaris.com\/w\/ca\/2017\/12\/la-rsc-a-les-empreses-i-la-seva-importancia-a-la-societat\/\",\"url\":\"https:\/\/www.amatimmobiliaris.com\/w\/ca\/2017\/12\/la-rsc-a-les-empreses-i-la-seva-importancia-a-la-societat\/\",\"name\":\"La RSC a les empreses i la seva import\u00e0ncia a la societat | Amat Immobiliaris\",\"isPartOf\":{\"@id\":\"https:\/\/www.amatimmobiliaris.com\/w\/#website\"},\"datePublished\":\"2017-12-04T12:56:07+00:00\",\"dateModified\":\"2023-04-27T14:20:15+00:00\",\"breadcrumb\":{\"@id\":\"https:\/\/www.amatimmobiliaris.com\/w\/ca\/2017\/12\/la-rsc-a-les-empreses-i-la-seva-importancia-a-la-societat\/#breadcrumb\"},\"inLanguage\":\"ca\",\"potentialAction\":[{\"@type\":\"ReadAction\",\"target\":[\"https:\/\/www.amatimmobiliaris.com\/w\/ca\/2017\/12\/la-rsc-a-les-empreses-i-la-seva-importancia-a-la-societat\/\"]}]},{\"@type\":\"BreadcrumbList\",\"@id\":\"https:\/\/www.amatimmobiliaris.com\/w\/ca\/2017\/12\/la-rsc-a-les-empreses-i-la-seva-importancia-a-la-societat\/#breadcrumb\",\"itemListElement\":[{\"@type\":\"ListItem\",\"position\":1,\"name\":\"Home\",\"item\":\"https:\/\/www.amatimmobiliaris.com\/w\/ca\/\"},{\"@type\":\"ListItem\",\"position\":2,\"name\":\"El mundo Amat\",\"item\":\"https:\/\/www.amatimmobiliaris.com\/w\/category\/el-mundo-amat\/\"},{\"@type\":\"ListItem\",\"position\":3,\"name\":\"La RSC a les empreses i la seva import\u00e0ncia a la societat\"}]},{\"@type\":\"WebSite\",\"@id\":\"https:\/\/www.amatimmobiliaris.com\/w\/#website\",\"url\":\"https:\/\/www.amatimmobiliaris.com\/w\/\",\"name\":\"Amat Immobiliaris\",\"description\":\"Empresa familiar del sector inmobiliario con oficinas en Barcelona, Sant Cugat del Vall\u00e9s y Sant Just Desvern. Te ayudamos a comprar, alquilar o vender tu casa o piso. Somos un equipo coherente con una cultura de empresa honesta, innovadora y eficaz. Tambi\u00e9n en www.amatluxury.com\",\"publisher\":{\"@id\":\"https:\/\/www.amatimmobiliaris.com\/w\/#organization\"},\"alternateName\":\"AmatImmo\",\"potentialAction\":[{\"@type\":\"SearchAction\",\"target\":{\"@type\":\"EntryPoint\",\"urlTemplate\":\"https:\/\/www.amatimmobiliaris.com\/w\/?s={search_term_string}\"},\"query-input\":{\"@type\":\"PropertyValueSpecification\",\"valueRequired\":true,\"valueName\":\"search_term_string\"}}],\"inLanguage\":\"ca\"},{\"@type\":\"Organization\",\"@id\":\"https:\/\/www.amatimmobiliaris.com\/w\/#organization\",\"name\":\"Amat Immobiliaris\",\"url\":\"https:\/\/www.amatimmobiliaris.com\/w\/\",\"logo\":{\"@type\":\"ImageObject\",\"inLanguage\":\"ca\",\"@id\":\"https:\/\/www.amatimmobiliaris.com\/w\/#\/schema\/logo\/image\/\",\"url\":\"https:\/\/www.amatimmobiliaris.com\/w\/wp-content\/uploads\/2022\/10\/amat-logo.jpg\",\"contentUrl\":\"https:\/\/www.amatimmobiliaris.com\/w\/wp-content\/uploads\/2022\/10\/amat-logo.jpg\",\"width\":900,\"height\":900,\"caption\":\"Amat Immobiliaris\"},\"image\":{\"@id\":\"https:\/\/www.amatimmobiliaris.com\/w\/#\/schema\/logo\/image\/\"},\"sameAs\":[\"https:\/\/www.facebook.com\/amatimmobiliaris\",\"https:\/\/x.com\/amat_cat\",\"https:\/\/www.instagram.com\/amat_immo\/\",\"https:\/\/www.linkedin.com\/company\/amat-finques\/\",\"https:\/\/www.youtube.com\/@amatimmobiliaris\"]},{\"@type\":\"Person\",\"@id\":\"https:\/\/www.amatimmobiliaris.com\/w\/#\/schema\/person\/c880da71d1e156e7ea6774ffb445e034\",\"name\":\"Amat Immobiliaris\",\"sameAs\":[\"http:\/\/amat-inmo-wp.localhost\"]}]}<\/script>\n<!-- \/ Yoast SEO plugin. -->","yoast_head_json":{"title":"La RSC a les empreses i la seva import\u00e0ncia a la societat | Amat Immobiliaris","robots":{"index":"index","follow":"follow","max-snippet":"max-snippet:-1","max-image-preview":"max-image-preview:large","max-video-preview":"max-video-preview:-1"},"canonical":"https:\/\/www.amatimmobiliaris.com\/w\/ca\/2017\/12\/la-rsc-a-les-empreses-i-la-seva-importancia-a-la-societat\/","og_locale":"ca_ES","og_type":"article","og_title":"La RSC a les empreses i la seva import\u00e0ncia a la societat | Amat Immobiliaris","og_description":"La Responsabilitat Social Corporativa (RSC), tamb\u00e9 anomenada Responsabilitat Social de les Empreses (RSE), \u00e9s el comprom\u00eds de l&#8217;organitzaci\u00f3 envers les necessitats dels seus grups d&#8217;inter\u00e8s en els diferents \u00e0mbits (laboral, acci\u00f3 social, medi ambient, clientela i entitats prove\u00efdores, i bon govern i transpar\u00e8ncia), per mitj\u00e0 d&#8217;una implicaci\u00f3 volunt\u00e0ria i solid\u00e0ria m\u00e9s enll\u00e0 del que estableix [&hellip;]","og_url":"https:\/\/www.amatimmobiliaris.com\/w\/ca\/2017\/12\/la-rsc-a-les-empreses-i-la-seva-importancia-a-la-societat\/","og_site_name":"Amat Immobiliaris","article_publisher":"https:\/\/www.facebook.com\/amatimmobiliaris","article_published_time":"2017-12-04T12:56:07+00:00","article_modified_time":"2023-04-27T14:20:15+00:00","og_image":[{"width":1024,"height":683,"url":"https:\/\/www.amatimmobiliaris.com\/w\/wp-content\/uploads\/2022\/01\/2014-Saga-familiar-Amat-dw-1-1024x683.jpg","type":"image\/jpeg"}],"author":"Amat Immobiliaris","twitter_card":"summary_large_image","twitter_creator":"@amat_cat","twitter_site":"@amat_cat","twitter_misc":{"Escrit per":"Amat Immobiliaris","Temps estimat de lectura":"3 minuts"},"schema":{"@context":"https:\/\/schema.org","@graph":[{"@type":"Article","@id":"https:\/\/www.amatimmobiliaris.com\/w\/ca\/2017\/12\/la-rsc-a-les-empreses-i-la-seva-importancia-a-la-societat\/#article","isPartOf":{"@id":"https:\/\/www.amatimmobiliaris.com\/w\/ca\/2017\/12\/la-rsc-a-les-empreses-i-la-seva-importancia-a-la-societat\/"},"author":{"name":"Amat Immobiliaris","@id":"https:\/\/www.amatimmobiliaris.com\/w\/#\/schema\/person\/c880da71d1e156e7ea6774ffb445e034"},"headline":"La RSC a les empreses i la seva import\u00e0ncia a la societat","datePublished":"2017-12-04T12:56:07+00:00","dateModified":"2023-04-27T14:20:15+00:00","mainEntityOfPage":{"@id":"https:\/\/www.amatimmobiliaris.com\/w\/ca\/2017\/12\/la-rsc-a-les-empreses-i-la-seva-importancia-a-la-societat\/"},"wordCount":545,"publisher":{"@id":"https:\/\/www.amatimmobiliaris.com\/w\/#organization"},"articleSection":["El mundo Amat"],"inLanguage":"ca"},{"@type":"WebPage","@id":"https:\/\/www.amatimmobiliaris.com\/w\/ca\/2017\/12\/la-rsc-a-les-empreses-i-la-seva-importancia-a-la-societat\/","url":"https:\/\/www.amatimmobiliaris.com\/w\/ca\/2017\/12\/la-rsc-a-les-empreses-i-la-seva-importancia-a-la-societat\/","name":"La RSC a les empreses i la seva import\u00e0ncia a la societat | Amat Immobiliaris","isPartOf":{"@id":"https:\/\/www.amatimmobiliaris.com\/w\/#website"},"datePublished":"2017-12-04T12:56:07+00:00","dateModified":"2023-04-27T14:20:15+00:00","breadcrumb":{"@id":"https:\/\/www.amatimmobiliaris.com\/w\/ca\/2017\/12\/la-rsc-a-les-empreses-i-la-seva-importancia-a-la-societat\/#breadcrumb"},"inLanguage":"ca","potentialAction":[{"@type":"ReadAction","target":["https:\/\/www.amatimmobiliaris.com\/w\/ca\/2017\/12\/la-rsc-a-les-empreses-i-la-seva-importancia-a-la-societat\/"]}]},{"@type":"BreadcrumbList","@id":"https:\/\/www.amatimmobiliaris.com\/w\/ca\/2017\/12\/la-rsc-a-les-empreses-i-la-seva-importancia-a-la-societat\/#breadcrumb","itemListElement":[{"@type":"ListItem","position":1,"name":"Home","item":"https:\/\/www.amatimmobiliaris.com\/w\/ca\/"},{"@type":"ListItem","position":2,"name":"El mundo Amat","item":"https:\/\/www.amatimmobiliaris.com\/w\/category\/el-mundo-amat\/"},{"@type":"ListItem","position":3,"name":"La RSC a les empreses i la seva import\u00e0ncia a la societat"}]},{"@type":"WebSite","@id":"https:\/\/www.amatimmobiliaris.com\/w\/#website","url":"https:\/\/www.amatimmobiliaris.com\/w\/","name":"Amat Immobiliaris","description":"Empresa familiar del sector inmobiliario con oficinas en Barcelona, Sant Cugat del Vall\u00e9s y Sant Just Desvern. Te ayudamos a comprar, alquilar o vender tu casa o piso. Somos un equipo coherente con una cultura de empresa honesta, innovadora y eficaz. Tambi\u00e9n en www.amatluxury.com","publisher":{"@id":"https:\/\/www.amatimmobiliaris.com\/w\/#organization"},"alternateName":"AmatImmo","potentialAction":[{"@type":"SearchAction","target":{"@type":"EntryPoint","urlTemplate":"https:\/\/www.amatimmobiliaris.com\/w\/?s={search_term_string}"},"query-input":{"@type":"PropertyValueSpecification","valueRequired":true,"valueName":"search_term_string"}}],"inLanguage":"ca"},{"@type":"Organization","@id":"https:\/\/www.amatimmobiliaris.com\/w\/#organization","name":"Amat Immobiliaris","url":"https:\/\/www.amatimmobiliaris.com\/w\/","logo":{"@type":"ImageObject","inLanguage":"ca","@id":"https:\/\/www.amatimmobiliaris.com\/w\/#\/schema\/logo\/image\/","url":"https:\/\/www.amatimmobiliaris.com\/w\/wp-content\/uploads\/2022\/10\/amat-logo.jpg","contentUrl":"https:\/\/www.amatimmobiliaris.com\/w\/wp-content\/uploads\/2022\/10\/amat-logo.jpg","width":900,"height":900,"caption":"Amat Immobiliaris"},"image":{"@id":"https:\/\/www.amatimmobiliaris.com\/w\/#\/schema\/logo\/image\/"},"sameAs":["https:\/\/www.facebook.com\/amatimmobiliaris","https:\/\/x.com\/amat_cat","https:\/\/www.instagram.com\/amat_immo\/","https:\/\/www.linkedin.com\/company\/amat-finques\/","https:\/\/www.youtube.com\/@amatimmobiliaris"]},{"@type":"Person","@id":"https:\/\/www.amatimmobiliaris.com\/w\/#\/schema\/person\/c880da71d1e156e7ea6774ffb445e034","name":"Amat Immobiliaris","sameAs":["http:\/\/amat-inmo-wp.localhost"]}]}},"_links":{"self":[{"href":"https:\/\/www.amatimmobiliaris.com\/w\/ca\/wp-json\/wp\/v2\/posts\/3464"}],"collection":[{"href":"https:\/\/www.amatimmobiliaris.com\/w\/ca\/wp-json\/wp\/v2\/posts"}],"about":[{"href":"https:\/\/www.amatimmobiliaris.com\/w\/ca\/wp-json\/wp\/v2\/types\/post"}],"author":[{"embeddable":true,"href":"https:\/\/www.amatimmobiliaris.com\/w\/ca\/wp-json\/wp\/v2\/users\/1"}],"replies":[{"embeddable":true,"href":"https:\/\/www.amatimmobiliaris.com\/w\/ca\/wp-json\/wp\/v2\/comments?post=3464"}],"version-history":[{"count":7,"href":"https:\/\/www.amatimmobiliaris.com\/w\/ca\/wp-json\/wp\/v2\/posts\/3464\/revisions"}],"predecessor-version":[{"id":26977,"href":"https:\/\/www.amatimmobiliaris.com\/w\/ca\/wp-json\/wp\/v2\/posts\/3464\/revisions\/26977"}],"wp:attachment":[{"href":"https:\/\/www.amatimmobiliaris.com\/w\/ca\/wp-json\/wp\/v2\/media?parent=3464"}],"wp:term":[{"taxonomy":"category","embeddable":true,"href":"https:\/\/www.amatimmobiliaris.com\/w\/ca\/wp-json\/wp\/v2\/categories?post=3464"},{"taxonomy":"post_tag","embeddable":true,"href":"https:\/\/www.amatimmobiliaris.com\/w\/ca\/wp-json\/wp\/v2\/tags?post=3464"}],"curies":[{"name":"wp","href":"https:\/\/api.w.org\/{rel}","templated":true}]}}