{"id":32606,"date":"2024-02-13T07:00:18","date_gmt":"2024-02-13T07:00:18","guid":{"rendered":"https:\/\/www.amatimmobiliaris.com\/w\/?p=32606"},"modified":"2024-02-14T11:52:05","modified_gmt":"2024-02-14T11:52:05","slug":"habitatges-que-enamoren","status":"publish","type":"post","link":"https:\/\/www.amatimmobiliaris.com\/w\/ca\/2024\/02\/habitatges-que-enamoren\/","title":{"rendered":"Habitatges que enamoren"},"content":{"rendered":"<h3>El secret per conquistar compradors<\/h3>\n<p>&nbsp;<\/p>\n<p style=\"text-align: justify;\">Dimecres \u00e9s el <strong>dia dels enamorats<\/strong> o m\u00e9s conegut com a <strong>Sant Valent\u00ed<\/strong>. \u00c9s el dia de l&#8217;any en qu\u00e8 les parelles surten al carrer a celebrar el seu amor. Per\u00f2 amor i enamorar poden significar moltes altres coses a part de la teva parella, perqu\u00e8 cadasc\u00fa ho viu a la seva manera i amb qui vol. Ens poden enamorar els fills, la fam\u00edlia, el teu gos, un objecte que li tinguis molt afecte o fins i tot la teva llar. \u00c9s per aix\u00f2, que avui us volem parlar d&#8217;habitatges que enamoren i que conquisten als compradors, per\u00f2 com s&#8217;aconsegueix aquesta atracci\u00f3? Parlem-ne.<\/p>\n<p>&nbsp;<\/p>\n<p style=\"text-align: justify;\">Tots tenim clar que a l&#8217;hora de comprar un nou habitatge el m\u00e9s important \u00e9s l&#8217;atracci\u00f3 f\u00edsica. Enamorar un comprador d&#8217;un habitatge implica destacar les caracter\u00edstiques i qualitats que fan que la propietat sigui atractiva i especial, destacant els seus punts m\u00e9s forts. A continuaci\u00f3 us deixem amb alguns dels que creiem que poden ser de profit i poden ajudar a la decisi\u00f3 final a l&#8217;hora de comprar.<\/p>\n<p>&nbsp;<\/p>\n<h5><strong>UBICACI\u00d3<\/strong><\/h5>\n<p style=\"text-align: justify;\">Si ens posem en la ment d&#8217;un comprador, el que m\u00e9s interessa des del principi \u00e9s la localitzaci\u00f3 d&#8217;on es trobar\u00e0 l&#8217;habitatge. En aquest cas, la<strong> ubicaci\u00f3<\/strong> \u00e9s el primer filtre per decidir si interessar\u00e0 o no.<\/p>\n<ul>\n<li>L&#8217;entorn ha de proporcionar f\u00e0cil acc\u00e9s i proximitat a <strong>serveis essencials<\/strong> com hospitals, centres de salut, supermercats, escoles i altres establiments necessaris per al dia a dia dels residents.<\/li>\n<li>La <strong>proximitat d&#8217;estacions de transport p\u00fablic<\/strong>, com ara estacions d&#8217;autobusos o parades de metro, facilita la mobilitat dels habitants i afavoreix aquells que prefereixen viatjar sense cotxe.<\/li>\n<\/ul>\n<p style=\"text-align: justify;\">La<strong> seguretat, la tranquil\u00b7litat i l&#8217;entorn <\/strong>tamb\u00e9 \u00e9s un component essencial per la presa de decisi\u00f3 a l&#8217;hora de conquistar els futurs compradors.<\/p>\n<ul>\n<li>Un barri amb <strong>baixos nivells de criminalitat<\/strong> \u00e9s una prioritat per a molts compradors. La sensaci\u00f3 de seguretat \u00e9s fonamental per a crear un entorn positiu i agradable.<\/li>\n<li>Carrers ben<strong> il\u00b7luminats<\/strong> contribueixen a una sensaci\u00f3 de seguretat i tamb\u00e9 milloren l&#8217;atractiu visual del barri.<\/li>\n<li>La pres\u00e8ncia de <strong>parcs o zones verdes<\/strong> no nom\u00e9s afavoreix la tranquil\u00b7litat, sin\u00f3 que tamb\u00e9 crea espais per a l&#8217;esbarjo i la interacci\u00f3 comunit\u00e0ria, fomentant la socialitzaci\u00f3.<\/li>\n<\/ul>\n<p>&nbsp;<\/p>\n<h5>DISSENY \/ORGANITZACI\u00d3 I MANTENIMENT<\/h5>\n<p style=\"text-align: justify;\">Una de les altres caracter\u00edstiques que tot comprador t\u00e9 en compte, \u00e9s el <strong>disseny i la distribuci\u00f3<\/strong> de l&#8217;habitatge. La fixaci\u00f3 per espais ben distribu\u00efts i que siguin <strong>funcionals<\/strong>, amb un <strong>disseny modern<\/strong> o amb encant, per\u00f2 sobretot, i una de les m\u00e9s importants, \u00e9s l&#8217;entrada de <strong>llum natural.<\/strong> A tots ens agrada gaudir de la llum natural durant quasi totes les hores del dia, sense la necessitat d&#8217;haver de dependre de l&#8217;electricitat. \u00c9s per aix\u00f2, que com m\u00e9s finestres i vidres, m\u00e9s valor afegit tindr\u00e0 la teva casa.<\/p>\n<p>&nbsp;<\/p>\n<p style=\"text-align: justify;\">L&#8217;<strong>estat de conservaci\u00f3<\/strong> de l&#8217;habitatge tamb\u00e9 \u00e9s un punt clau. L&#8217;\u00fas de materials d&#8217;alta qualitat no nom\u00e9s contribueixen al valor est\u00e8tic de la propietat, sin\u00f3 que tamb\u00e9 ofereixen als compradors la confian\u00e7a que la casa est\u00e0 ben mantinguda i que les possibles despeses de reparaci\u00f3 es poden minimitzar. Aquesta combinaci\u00f3 crea un entorn habitable i confortable, augmentant la satisfacci\u00f3 dels residents i mantenint l&#8217;atractiu de la propietat en el mercat immobiliari.<\/p>\n<ul>\n<li>Un manteniment impecable de <strong>l&#8217;exterior<\/strong> de la propietat \u00e9s cr\u00edtic per a la primera impressi\u00f3. Aix\u00f2 inclou la pintura, el sostre, les finestres i altres elements visibles des de l&#8217;exterior.<\/li>\n<li>Els acabats <strong>interiors<\/strong>, com ara parets, sostres, paviments i tots els components estructurals, han de ser mantinguts en estat \u00f2ptim. Aix\u00f2 demostra que la propietat ha estat cuidada amb atenci\u00f3 i dedicaci\u00f3.<\/li>\n<\/ul>\n<p>&nbsp;<\/p>\n<h5>EFICI\u00c8NCIA ENERG\u00c8TICA<\/h5>\n<p style=\"text-align: justify;\">Tal com ens trobem en l&#8217;actualitat, un dels elements que m\u00e9s estem escoltant cont\u00ednuament \u00e9s el cas de l&#8217;<strong>efici\u00e8ncia energ\u00e8tica<\/strong> del teu habitatge. Per tant, un <strong>a\u00efllament t\u00e8rmic i ac\u00fastic correcte<\/strong> i una bona<a href=\"https:\/\/www.amatimmobiliaris.com\/w\/ca\/2021\/06\/els-beneficis-les-cobertes-verdes-edificis\/\"><strong> instal\u00b7laci\u00f3 d&#8217;aparells i sistemes eficients<\/strong><\/a>, no nom\u00e9s redueix el consum d&#8217;energia, sin\u00f3 que tamb\u00e9 pot representar un estalvi econ\u00f2mic per als residents i millorar el confort.<\/p>\n<p>&nbsp;<\/p>\n<h5>PREU<\/h5>\n<p style=\"text-align: justify;\">Un altre cas d&#8217;\u00e8xit segur per fer que s&#8217;enamorin del teu habitatge, i el m\u00e9s important, \u00e9s el <strong>preu<\/strong>. \u00a0La import\u00e0ncia d&#8217;establir un preu per a la propietat que sigui <strong>competitiu i just<\/strong> en comparaci\u00f3 amb altres propietats semblants a la mateixa \u00e0rea geogr\u00e0fica,\u00a0\u00e9s el que far\u00e0 decidir-se.<\/p>\n<ul>\n<li>Establir un preu que<strong> reflecteixi el valor real<\/strong> de la propietat i que sigui atractiu per als possibles compradors.<\/li>\n<li>Evitar fixar un preu massa alt, el que podria allunyar els compradors, o un preu massa baix, el que podria generar desconfian\u00e7a respecte a la qualitat de la propietat.<\/li>\n<\/ul>\n<p style=\"text-align: justify;\">Trobar un equilibri entre el valor real de la propietat i el seu preu de mercat, considerant amb cura la compet\u00e8ncia a la zona, no nom\u00e9s atreure potencials compradors, sin\u00f3 que tamb\u00e9 facilitar\u00e0 el <strong>proc\u00e9s de negociaci\u00f3<\/strong> i tancament de la transacci\u00f3.<\/p>\n<p>&nbsp;<\/p>\n<h5>ZONA EN EXPANSI\u00d3<\/h5>\n<p style=\"text-align: justify;\">Per altra banda, la perspectiva i les oportunitats que ofereix una <strong>ubicaci\u00f3 espec\u00edfica<\/strong> per cr\u00e9ixer i evolucionar en el futur, \u00e9s essencial. Quants cops ens hem fixat en habitatges que ens agradaven, per\u00f2 no ens convencien per la zona perqu\u00e8 semblava que estava al mig del no res? \u00c9s per aix\u00f2, que cal tenir en compte les <strong>\u00e0rees amb potencial d&#8217;expansi\u00f3<\/strong> o desenvolupament en un futur.<\/p>\n<ul>\n<li>Valorar i <strong>consultar als experts<\/strong> la disponibilitat de terrenys per a nous <strong>desenvolupaments o ampliacions d&#8217;infraestructures<\/strong> com ara carreteres, parcs i serveis p\u00fablics.<\/li>\n<li><strong>Investigar les tend\u00e8ncies econ\u00f2miques i empresarials<\/strong> a la zona per preveure un creixement en l&#8217;activitat comercial.<\/li>\n<li><strong>Considerar factors<\/strong> com ara l&#8217;atractiu per a joves professionals, fam\u00edlies o altres grups demogr\u00e0fics rellevants.<\/li>\n<li>Valorar les <strong>iniciatives de sostenibilitat ambiental<\/strong> i les pr\u00e0ctiques de construcci\u00f3 ecol\u00f2gica que podrien influir en la demanda futura de propietats.<\/li>\n<\/ul>\n<p>&nbsp;<\/p>\n<h5>EXTRES<\/h5>\n<p style=\"text-align: justify;\">Els <strong>extres<\/strong> que puguin afegir-se a la propietat, seran un plus per al possible comprador.<\/p>\n<ul>\n<li>Sistemes moderns, com ara <strong>seguretat intel\u00b7ligent o dom\u00f2tica<\/strong>, afegeixen comoditat i efici\u00e8ncia.<\/li>\n<li><strong>Aparcament privat, piscina, jard\u00ed ben cuidat, gimn\u00e0s, etc, <\/strong>poden ser factors decisius.<\/li>\n<\/ul>\n<p>&nbsp;<\/p>\n<h5>CONFIAN\u00c7A<\/h5>\n<p style=\"text-align: justify;\">I finalment, les<strong> facilitats i confian\u00e7a a l&#8217;hora de la transacci\u00f3<\/strong>, proporcionant informaci\u00f3 clara sobre el proc\u00e9s de compra i estant disponible per respondre preguntes, ofereix confian\u00e7a als compradors potencials.<\/p>\n<p>&nbsp;<\/p>\n<p style=\"text-align: justify;\">Un <strong>bon historial<\/strong> de la propietat, \u00e9s una caracter\u00edstica important. En molts casos, si coneixem una hist\u00f2ria turbulenta que sapiguem que ha passat en aquell immoble, ens fa fer un pas enrere a l&#8217;hora d&#8217;escollir-lo. \u00c9s per aix\u00f2, que si tenim l&#8217;oportunitat cal crear una <strong>connexi\u00f3 emocional<\/strong> mitjan\u00e7ant detalls \u00fanics o hist\u00f2ries boniques perqu\u00e8 la propietat sigui inoblidable. Sempre s&#8217;ha d&#8217;aconseguir saber la m\u00e0xima informaci\u00f3 sobre la propietat i sobre la <strong>construcci\u00f3<\/strong>. Per tant, un <strong>historial positiu<\/strong> indica que el constructor ha completat amb \u00e8xit projectes anteriors i ha mantingut la satisfacci\u00f3 dels clients i una<strong> bona reputaci\u00f3<\/strong>, gr\u00e0cies als materials utilitzats i els est\u00e0ndards de construcci\u00f3 que defineixen la <strong>fiabilitat i durabilitat<\/strong> de la propietat.<\/p>\n<p>&nbsp;<\/p>\n<p style=\"text-align: justify;\">Totes aquestes qualitats provoquen la conquista del possible nou comprador. I \u00e9s per tot aix\u00f2, que avui us volem deixar amb una selecci\u00f3 del nostre cat\u00e0leg d&#8217;habitatges que us poden enamorar.<\/p>\n<p>&nbsp;<\/p>\n<p><strong>ADVERT\u00c8NCIA! NO ENS FEM RESPONSABLES DEL GRAU D&#8217;ENAMORAMENT QUE PUGUI PRODUIR.<\/strong><\/p>\n<p>&nbsp;<\/p>\n<h5><strong><a href=\"https:\/\/www.amatimmobiliaris.com\/ca\/venda\/apartament-pis\/barcelona\/barcelona\/baix-duplex-a-la-venda-a-sant-gervasi\" target=\"_blank\" rel=\"noopener nofollow\" class=\"broken_link\">1. Ref. 30919<\/a><\/strong><\/h5>\n<table style=\"border: 0px solid #da291c; position: relative;\" width=\"100%\">\n<tbody>\n<tr>\n<td colspan=\"3\"><img decoding=\"async\" class=\"aligncenter\" src=\"https:\/\/www.amatimmobiliaris.com\/assets\/image\/product\/30919\/large_30919_1.jpg\" alt=\"\" width=\"100%\" \/><\/td>\n<\/tr>\n<tr style=\"position: absolute; background-color: rgba(255, 255, 255, 0.4); bottom: 0; right: 0; padding-bottom: 5px; text-align: right;\">\n<td style=\"border: 0px solid white; padding-left: 15px; padding-right: 15px;\"><strong>? Barcelona<\/strong><\/td>\n<td style=\"border: 0px solid white padding-left: 15px; padding-right: 15px;\"><strong>?\ufe0f 465.500 \u20ac<\/strong><\/td>\n<td style=\"background-color: white; color: white; border: 2px solid white; padding-left: 15px; padding-right: 15px;\"><a href=\"https:\/\/www.amatimmobiliaris.com\/ca\/venda\/apartament-pis\/barcelona\/barcelona\/baix-duplex-a-la-venda-a-sant-gervasi\" target=\"_blank\" rel=\"noopener nofollow\" class=\"broken_link\"><strong>M\u00e9s informaci\u00f3<\/strong><\/a><\/td>\n<\/tr>\n<\/tbody>\n<\/table>\n<p>&nbsp;<\/p>\n<h5><strong><a href=\"https:\/\/www.amatimmobiliaris.com\/ca\/venda\/casa\/barcelona\/sant-cugat-del-valles\/fantastica-casa-unifamiliar-totalment-reformada-a-mirasol\" target=\"_blank\" rel=\"noopener nofollow\" class=\"broken_link\">2. Ref. 31303<\/a><\/strong><\/h5>\n<table style=\"border: 0px solid #da291c; position: relative;\" width=\"100%\">\n<tbody>\n<tr>\n<td colspan=\"3\"><img loading=\"lazy\" decoding=\"async\" class=\"aligncenter\" src=\"https:\/\/www.amatimmobiliaris.com\/assets\/image\/product\/31303\/large_31303_1.jpg\" width=\"1089\" height=\"725\" \/><\/td>\n<\/tr>\n<tr style=\"position: absolute; background-color: rgba(255, 255, 255, 0.4); bottom: 0; right: 0; padding-bottom: 5px; text-align: right;\">\n<td style=\"border: 0px solid white; padding-left: 15px; padding-right: 15px;\"><strong>? Sant Cugat<\/strong><\/td>\n<td style=\"border: 0px solid white padding-left: 15px; padding-right: 15px;\"><strong>?\ufe0f 950.000 \u20ac<\/strong><\/td>\n<td style=\"background-color: white; color: white; border: 2px solid white; padding-left: 15px; padding-right: 15px;\"><a href=\"https:\/\/www.amatimmobiliaris.com\/ca\/venda\/casa\/barcelona\/sant-cugat-del-valles\/fantastica-casa-unifamiliar-totalment-reformada-a-mirasol\" target=\"_blank\" rel=\"noopener nofollow\" class=\"broken_link\"><strong>M\u00e9s informaci\u00f3<\/strong><\/a><\/td>\n<\/tr>\n<\/tbody>\n<\/table>\n<p>&nbsp;<\/p>\n<h5><strong><a href=\"https:\/\/amatluxury.com\/ca\/venda\/casa\/barcelona\/sant-cugat-del-valles\/casa-de-disseny-a-valldoreix-amb-vistes-espectaculars\" target=\"_blank\" rel=\"noopener nofollow\" class=\"broken_link\">3. Ref. 27529<\/a><\/strong><\/h5>\n<table style=\"border: 0px solid #da291c; position: relative;\" width=\"100%\">\n<tbody>\n<tr>\n<td colspan=\"3\"><img loading=\"lazy\" decoding=\"async\" class=\"aligncenter\" src=\"https:\/\/www.amatimmobiliaris.com\/assets\/image\/product\/27529\/large_27529_1.jpg\" width=\"1083\" height=\"721\" \/><\/td>\n<\/tr>\n<tr style=\"position: absolute; background-color: rgba(255, 255, 255, 0.4); bottom: 0; right: 0; padding-bottom: 5px; text-align: right;\">\n<td style=\"border: 0px solid white; padding-left: 15px; padding-right: 15px;\"><strong>? Sant Cugat del Vall\u00e8s<\/strong><\/td>\n<td style=\"border: 0px solid white padding-left: 15px; padding-right: 15px;\"><strong>?\ufe0f2.750.000 \u20ac<\/strong><\/td>\n<td style=\"background-color: white; color: white; border: 2px solid white; padding-left: 15px; padding-right: 15px;\"><a href=\"https:\/\/amatluxury.com\/ca\/venda\/casa\/barcelona\/sant-cugat-del-valles\/casa-de-disseny-a-valldoreix-amb-vistes-espectaculars\" target=\"_blank\" rel=\"noopener nofollow\" class=\"broken_link\"><strong>M\u00e9s informaci\u00f3<\/strong><\/a><\/td>\n<\/tr>\n<\/tbody>\n<\/table>\n<p>&nbsp;<\/p>\n<h5><strong><a href=\"https:\/\/amatluxury.com\/ca\/venda\/casa\/barcelona\/sant-cugat-del-valles\/en-venda-finca-unica-en-un-entorn-excepcional-de-sant\" target=\"_blank\" rel=\"noopener nofollow\" class=\"broken_link\">4. Ref. 30806<\/a><\/strong><\/h5>\n<table style=\"border: 0px solid #da291c; position: relative;\" width=\"100%\">\n<tbody>\n<tr>\n<td colspan=\"3\"><img loading=\"lazy\" decoding=\"async\" class=\"aligncenter\" src=\"https:\/\/www.amatimmobiliaris.com\/assets\/image\/product\/30806\/large_30806_2.jpg\" width=\"1377\" height=\"1033\" \/><\/td>\n<\/tr>\n<tr style=\"position: absolute; background-color: rgba(255, 255, 255, 0.4); bottom: 0; right: 0; padding-bottom: 5px; text-align: right;\">\n<td style=\"border: 0px solid white; padding-left: 15px; padding-right: 15px;\"><strong>? Sant Cugat del Vall\u00e8s<\/strong><\/td>\n<td style=\"border: 0px solid white padding-left: 15px; padding-right: 15px;\"><strong>?\ufe0f 2.900.000 \u20ac<\/strong><\/td>\n<td style=\"background-color: white; color: white; border: 2px solid white; padding-left: 15px; padding-right: 15px;\"><a href=\"https:\/\/amatluxury.com\/ca\/venda\/casa\/barcelona\/sant-cugat-del-valles\/en-venda-finca-unica-en-un-entorn-excepcional-de-sant\" target=\"_blank\" rel=\"noopener nofollow\" class=\"broken_link\"><strong>M\u00e9s informaci\u00f3<\/strong><\/a><\/td>\n<\/tr>\n<\/tbody>\n<\/table>\n<h5><strong><a href=\"https:\/\/amatluxury.com\/ca\/venda\/casa\/barcelona\/esplugues-de-llobregat\/exclusiva-propietat-de-disseny-a-ciutat-diagonal\" target=\"_blank\" rel=\"noopener nofollow\" class=\"broken_link\">5. Ref. 30261<\/a><\/strong><\/h5>\n<table style=\"border: 0px solid #da291c; position: relative;\" width=\"100%\">\n<tbody>\n<tr>\n<td colspan=\"3\"><img loading=\"lazy\" decoding=\"async\" class=\"aligncenter\" src=\"https:\/\/www.amatimmobiliaris.com\/assets\/image\/product\/30261\/large_30261_1.jpg\" width=\"1378\" height=\"918\" \/><\/td>\n<\/tr>\n<tr style=\"position: absolute; background-color: rgba(255, 255, 255, 0.4); bottom: 0; right: 0; padding-bottom: 5px; text-align: right;\">\n<td style=\"border: 0px solid white; padding-left: 15px; padding-right: 15px;\"><strong>?Esplugues de Llobregat<\/strong><\/td>\n<td style=\"border: 0px solid white padding-left: 15px; padding-right: 15px;\"><strong>?\ufe0f 5.650.000 \u20ac<\/strong><\/td>\n<td style=\"background-color: white; color: white; border: 2px solid white; padding-left: 15px; padding-right: 15px;\"><a href=\"https:\/\/amatluxury.com\/ca\/venda\/casa\/barcelona\/esplugues-de-llobregat\/exclusiva-propietat-de-disseny-a-ciutat-diagonal\" target=\"_blank\" rel=\"noopener nofollow\" class=\"broken_link\"><strong>M\u00e9s informaci\u00f3<\/strong><\/a><\/td>\n<\/tr>\n<\/tbody>\n<\/table>\n<h5><\/h5>\n<h5><strong><a href=\"https:\/\/amatluxury.com\/ca\/venda\/casa\/barcelona\/sant-cugat-del-valles\/extraordinaria-casa-de-luxe-a-la-zona-rossinyol-de-sant\" target=\"_blank\" rel=\"noopener nofollow\" class=\"broken_link\">6. Ref. 31145<\/a><\/strong><\/h5>\n<table style=\"border: 0px solid #da291c; position: relative;\" width=\"100%\">\n<tbody>\n<tr>\n<td colspan=\"3\"><img loading=\"lazy\" decoding=\"async\" class=\"aligncenter\" src=\"https:\/\/www.amatimmobiliaris.com\/assets\/image\/product\/31145\/large_31145_1.jpg\" width=\"1378\" height=\"918\" \/><\/td>\n<\/tr>\n<tr style=\"position: absolute; background-color: rgba(255, 255, 255, 0.4); bottom: 0; right: 0; padding-bottom: 5px; text-align: right;\">\n<td style=\"border: 0px solid white; padding-left: 15px; padding-right: 15px;\"><strong>? Sant Cugat del Vall\u00e8s<\/strong><\/td>\n<td style=\"border: 0px solid white padding-left: 15px; padding-right: 15px;\"><strong>?\ufe0f 2.150.000 \u20ac<\/strong><\/td>\n<td style=\"background-color: white; color: white; border: 2px solid white; padding-left: 15px; padding-right: 15px;\"><a href=\"https:\/\/amatluxury.com\/ca\/venda\/casa\/barcelona\/sant-cugat-del-valles\/extraordinaria-casa-de-luxe-a-la-zona-rossinyol-de-sant\" target=\"_blank\" rel=\"noopener nofollow\" class=\"broken_link\"><strong>M\u00e9s informaci\u00f3<\/strong><\/a><\/td>\n<\/tr>\n<\/tbody>\n<\/table>\n<p>&nbsp;<\/p>\n<h5><strong><b>Qu\u00e8 t&#8217;han semblat aquests consells per enamorar al teu futur comprador?<\/b><\/strong><\/h5>\n<p>&nbsp;<\/p>\n<p style=\"text-align: justify;\">Per qualsevol dubte, o si vols informaci\u00f3, pots contactar amb nosaltres a trav\u00e9s d&#8217;<span style=\"color: #0000ff;\"><a style=\"color: # 0000ff;\" href=\"mailto:info@amatimmo.cat\">info@amatimmo.cat<\/a><\/span> o trucant-nos al (+34) 934 803 400.<\/p>\n<p>&nbsp;<\/p>\n<p style=\"text-align: justify;\">Si cap d&#8217;aquests immobles t&#8217;ha acabat d&#8217;agradar, pots veure m\u00e9s <a href=\"https:\/\/www.amatimmobiliaris.com\/ca\/immobles-en-venda\" target=\"_blank\" rel=\"noopener\">aqu\u00ed<\/a>!<\/p>\n<p>&nbsp;<\/p>\n<p style=\"text-align: justify;\"><em><strong>Has sentit alguna fletxada? S\u00ed no pots deixar de pensar en algun dels nostres pisos, contacta amb nosaltres!<\/strong><\/em><\/p>\n<h5><strong>T&#8217;ha agradat l&#8217;article? <b>Comparteix-t&#8217;ho!<\/b><\/strong><\/h5>\n<p><a href=\"https:\/\/twitter.com\/intent\/tweet?text=Descobreix habitatges que #enamoren i que conquisten als compradors! Com s'aconsegueix aquesta atracci\u00f3? T'ho expliquem!0A%40amat_cat%0A&amp;url=https%3A%2F%2Fwww.amatimmobiliaris.com%2Fw%2Fca%2F2024%2F02%2Fhabitatges-que-enamoren%2F\" target=\"_blank\" rel=\"noopener\"><img loading=\"lazy\" decoding=\"async\" class=\"alignnone wp-image-19030 size-full\" src=\"https:\/\/www.amatimmobiliaris.com\/w\/wp-content\/uploads\/2021\/11\/twitter.png\" alt=\"\" width=\"25\" height=\"20\" \/><\/a><a href=\"https:\/\/www.facebook.com\/sharer\/sharer.php?u=https%3A%2F%2Fwww.amatimmobiliaris.com%2Fw%2Fca%2F2024%2F02%2Fhabitatges-que-enamoren%2F\" class=\"broken_link\" rel=\"nofollow\"><img loading=\"lazy\" decoding=\"async\" class=\"alignnone wp-image-19024 size-full\" src=\"https:\/\/www.amatimmobiliaris.com\/w\/wp-content\/uploads\/2021\/11\/fb.png\" alt=\"\" width=\"12\" height=\"24\" \/><\/a><a href=\"https:\/\/www.linkedin.com\/sharing\/share-offsite\/?url=https%3A%2F%2Fwww.amatimmobiliaris.com%2Fw%2Fca%2F2024%2F02%2Fhabitatges-que-enamoren%2F\"><img loading=\"lazy\" decoding=\"async\" class=\"alignnone wp-image-19028 size-full\" src=\"https:\/\/www.amatimmobiliaris.com\/w\/wp-content\/uploads\/2021\/11\/linkedin.png\" alt=\"\" width=\"25\" height=\"25\" \/><\/a><\/p>\n","protected":false},"excerpt":{"rendered":"<p>El secret per conquistar compradors &nbsp; Dimecres \u00e9s el dia dels enamorats o m\u00e9s conegut com a Sant Valent\u00ed. \u00c9s el dia de l&#8217;any en qu\u00e8 les parelles surten al carrer a celebrar el seu amor. Per\u00f2 amor i enamorar poden significar moltes altres coses a part de la teva parella, perqu\u00e8 cadasc\u00fa ho viu [&hellip;]<\/p>\n","protected":false},"author":1,"featured_media":33065,"comment_status":"closed","ping_status":"closed","sticky":false,"template":"","format":"standard","meta":{"content-type":"","footnotes":""},"categories":[1624,1151,1153,1168,1635,1158],"tags":[697,1681,342,2057,2079],"yoast_head":"<!-- This site is optimized with the Yoast SEO plugin v23.9 - https:\/\/yoast.com\/wordpress\/plugins\/seo\/ -->\n<title>Habitatges que enamoren | Amat Immobiliaris<\/title>\n<meta name=\"description\" content=\"Descobreix habitatges que enamoren i que conquisten als compradors! Com s&#039;aconsegueix aquesta atracci\u00f3? T&#039;ho expliquem!\" \/>\n<meta name=\"robots\" content=\"index, follow, max-snippet:-1, max-image-preview:large, max-video-preview:-1\" \/>\n<link rel=\"canonical\" href=\"https:\/\/www.amatimmobiliaris.com\/w\/ca\/2024\/02\/habitatges-que-enamoren\/\" \/>\n<meta property=\"og:locale\" content=\"ca_ES\" \/>\n<meta property=\"og:type\" content=\"article\" \/>\n<meta property=\"og:title\" content=\"Habitatges que enamoren\" \/>\n<meta property=\"og:description\" content=\"Descobreix habitatges que enamoren i que conquisten als compradors! Com s&#039;aconsegueix aquesta atracci\u00f3? T&#039;ho expliquem!\" \/>\n<meta property=\"og:url\" content=\"https:\/\/www.amatimmobiliaris.com\/w\/ca\/2024\/02\/habitatges-que-enamoren\/\" \/>\n<meta property=\"og:site_name\" content=\"Amat Immobiliaris\" \/>\n<meta property=\"article:publisher\" content=\"https:\/\/www.facebook.com\/amatimmobiliaris\" \/>\n<meta property=\"article:published_time\" content=\"2024-02-13T07:00:18+00:00\" \/>\n<meta property=\"article:modified_time\" content=\"2024-02-14T11:52:05+00:00\" \/>\n<meta property=\"og:image\" content=\"https:\/\/www.amatimmobiliaris.com\/w\/wp-content\/uploads\/2024\/02\/1.facana-2-1024x682.jpg\" \/>\n\t<meta property=\"og:image:width\" content=\"1024\" \/>\n\t<meta property=\"og:image:height\" content=\"682\" \/>\n\t<meta property=\"og:image:type\" content=\"image\/jpeg\" \/>\n<meta name=\"author\" content=\"Amat Immobiliaris\" \/>\n<meta name=\"twitter:card\" content=\"summary_large_image\" \/>\n<meta name=\"twitter:title\" content=\"5 sales-menjadors impressionants\" \/>\n<meta name=\"twitter:description\" content=\"Cases i pisos amb #menjadors impressionats a la #venda @amat_immo\" \/>\n<meta name=\"twitter:image\" content=\"https:\/\/www.amatimmobiliaris.com\/w\/wp-content\/uploads\/2017\/08\/3-salo-menjador.jpg\" \/>\n<meta name=\"twitter:creator\" content=\"@amat_cat\" \/>\n<meta name=\"twitter:site\" content=\"@amat_cat\" \/>\n<meta name=\"twitter:label1\" content=\"Escrit per\" \/>\n\t<meta name=\"twitter:data1\" content=\"Amat Immobiliaris\" \/>\n\t<meta name=\"twitter:label2\" content=\"Temps estimat de lectura\" \/>\n\t<meta name=\"twitter:data2\" content=\"8 minuts\" \/>\n<script type=\"application\/ld+json\" class=\"yoast-schema-graph\">{\"@context\":\"https:\/\/schema.org\",\"@graph\":[{\"@type\":[\"Article\",\"BlogPosting\"],\"@id\":\"https:\/\/www.amatimmobiliaris.com\/w\/ca\/2024\/02\/habitatges-que-enamoren\/#article\",\"isPartOf\":{\"@id\":\"https:\/\/www.amatimmobiliaris.com\/w\/ca\/2024\/02\/habitatges-que-enamoren\/\"},\"author\":{\"name\":\"Amat Immobiliaris\",\"@id\":\"https:\/\/www.amatimmobiliaris.com\/w\/#\/schema\/person\/c880da71d1e156e7ea6774ffb445e034\"},\"headline\":\"Habitatges que enamoren\",\"datePublished\":\"2024-02-13T07:00:18+00:00\",\"dateModified\":\"2024-02-14T11:52:05+00:00\",\"mainEntityOfPage\":{\"@id\":\"https:\/\/www.amatimmobiliaris.com\/w\/ca\/2024\/02\/habitatges-que-enamoren\/\"},\"wordCount\":1372,\"publisher\":{\"@id\":\"https:\/\/www.amatimmobiliaris.com\/w\/#organization\"},\"image\":{\"@id\":\"https:\/\/www.amatimmobiliaris.com\/w\/ca\/2024\/02\/habitatges-que-enamoren\/#primaryimage\"},\"thumbnailUrl\":\"https:\/\/www.amatimmobiliaris.com\/w\/wp-content\/uploads\/2024\/02\/1.facana-2.jpg\",\"keywords\":[\"Casa\",\"Habitatge\",\"Immobiliaria\",\"Pisos\",\"sant valenti\"],\"articleSection\":[\"Actualitat\",\"Arquitectura i decoraci\u00f3\",\"Consells\",\"Efici\u00e8ncia energ\u00e8tica\",\"mensual\",\"Pisos destacats\"],\"inLanguage\":\"ca\"},{\"@type\":\"WebPage\",\"@id\":\"https:\/\/www.amatimmobiliaris.com\/w\/ca\/2024\/02\/habitatges-que-enamoren\/\",\"url\":\"https:\/\/www.amatimmobiliaris.com\/w\/ca\/2024\/02\/habitatges-que-enamoren\/\",\"name\":\"Habitatges que enamoren | Amat Immobiliaris\",\"isPartOf\":{\"@id\":\"https:\/\/www.amatimmobiliaris.com\/w\/#website\"},\"primaryImageOfPage\":{\"@id\":\"https:\/\/www.amatimmobiliaris.com\/w\/ca\/2024\/02\/habitatges-que-enamoren\/#primaryimage\"},\"image\":{\"@id\":\"https:\/\/www.amatimmobiliaris.com\/w\/ca\/2024\/02\/habitatges-que-enamoren\/#primaryimage\"},\"thumbnailUrl\":\"https:\/\/www.amatimmobiliaris.com\/w\/wp-content\/uploads\/2024\/02\/1.facana-2.jpg\",\"datePublished\":\"2024-02-13T07:00:18+00:00\",\"dateModified\":\"2024-02-14T11:52:05+00:00\",\"description\":\"Descobreix habitatges que enamoren i que conquisten als compradors! Com s'aconsegueix aquesta atracci\u00f3? T'ho expliquem!\",\"breadcrumb\":{\"@id\":\"https:\/\/www.amatimmobiliaris.com\/w\/ca\/2024\/02\/habitatges-que-enamoren\/#breadcrumb\"},\"inLanguage\":\"ca\",\"potentialAction\":[{\"@type\":\"ReadAction\",\"target\":[\"https:\/\/www.amatimmobiliaris.com\/w\/ca\/2024\/02\/habitatges-que-enamoren\/\"]}]},{\"@type\":\"ImageObject\",\"inLanguage\":\"ca\",\"@id\":\"https:\/\/www.amatimmobiliaris.com\/w\/ca\/2024\/02\/habitatges-que-enamoren\/#primaryimage\",\"url\":\"https:\/\/www.amatimmobiliaris.com\/w\/wp-content\/uploads\/2024\/02\/1.facana-2.jpg\",\"contentUrl\":\"https:\/\/www.amatimmobiliaris.com\/w\/wp-content\/uploads\/2024\/02\/1.facana-2.jpg\",\"width\":2000,\"height\":1333,\"caption\":\"Habitatges que enamoren Amat.Blog Fa\u00e7ana Casa Amat Immobiliaris Sant Cugat\"},{\"@type\":\"BreadcrumbList\",\"@id\":\"https:\/\/www.amatimmobiliaris.com\/w\/ca\/2024\/02\/habitatges-que-enamoren\/#breadcrumb\",\"itemListElement\":[{\"@type\":\"ListItem\",\"position\":1,\"name\":\"Home\",\"item\":\"https:\/\/www.amatimmobiliaris.com\/w\/ca\/\"},{\"@type\":\"ListItem\",\"position\":2,\"name\":\"Pisos destacats\",\"item\":\"https:\/\/www.amatimmobiliaris.com\/w\/ca\/categoria-ca\/pisos-destacats-ca\/\"},{\"@type\":\"ListItem\",\"position\":3,\"name\":\"Habitatges que enamoren\"}]},{\"@type\":\"WebSite\",\"@id\":\"https:\/\/www.amatimmobiliaris.com\/w\/#website\",\"url\":\"https:\/\/www.amatimmobiliaris.com\/w\/\",\"name\":\"Amat Immobiliaris\",\"description\":\"Empresa familiar del sector inmobiliario con oficinas en Barcelona, Sant Cugat del Vall\u00e9s y Sant Just Desvern. Te ayudamos a comprar, alquilar o vender tu casa o piso. Somos un equipo coherente con una cultura de empresa honesta, innovadora y eficaz. Tambi\u00e9n en www.amatluxury.com\",\"publisher\":{\"@id\":\"https:\/\/www.amatimmobiliaris.com\/w\/#organization\"},\"alternateName\":\"AmatImmo\",\"potentialAction\":[{\"@type\":\"SearchAction\",\"target\":{\"@type\":\"EntryPoint\",\"urlTemplate\":\"https:\/\/www.amatimmobiliaris.com\/w\/?s={search_term_string}\"},\"query-input\":{\"@type\":\"PropertyValueSpecification\",\"valueRequired\":true,\"valueName\":\"search_term_string\"}}],\"inLanguage\":\"ca\"},{\"@type\":\"Organization\",\"@id\":\"https:\/\/www.amatimmobiliaris.com\/w\/#organization\",\"name\":\"Amat Immobiliaris\",\"url\":\"https:\/\/www.amatimmobiliaris.com\/w\/\",\"logo\":{\"@type\":\"ImageObject\",\"inLanguage\":\"ca\",\"@id\":\"https:\/\/www.amatimmobiliaris.com\/w\/#\/schema\/logo\/image\/\",\"url\":\"https:\/\/www.amatimmobiliaris.com\/w\/wp-content\/uploads\/2022\/10\/amat-logo.jpg\",\"contentUrl\":\"https:\/\/www.amatimmobiliaris.com\/w\/wp-content\/uploads\/2022\/10\/amat-logo.jpg\",\"width\":900,\"height\":900,\"caption\":\"Amat Immobiliaris\"},\"image\":{\"@id\":\"https:\/\/www.amatimmobiliaris.com\/w\/#\/schema\/logo\/image\/\"},\"sameAs\":[\"https:\/\/www.facebook.com\/amatimmobiliaris\",\"https:\/\/x.com\/amat_cat\",\"https:\/\/www.instagram.com\/amat_immo\/\",\"https:\/\/www.linkedin.com\/company\/amat-finques\/\",\"https:\/\/www.youtube.com\/@amatimmobiliaris\"]},{\"@type\":\"Person\",\"@id\":\"https:\/\/www.amatimmobiliaris.com\/w\/#\/schema\/person\/c880da71d1e156e7ea6774ffb445e034\",\"name\":\"Amat Immobiliaris\",\"sameAs\":[\"http:\/\/amat-inmo-wp.localhost\"]}]}<\/script>\n<!-- \/ Yoast SEO plugin. -->","yoast_head_json":{"title":"Habitatges que enamoren | Amat Immobiliaris","description":"Descobreix habitatges que enamoren i que conquisten als compradors! Com s'aconsegueix aquesta atracci\u00f3? T'ho expliquem!","robots":{"index":"index","follow":"follow","max-snippet":"max-snippet:-1","max-image-preview":"max-image-preview:large","max-video-preview":"max-video-preview:-1"},"canonical":"https:\/\/www.amatimmobiliaris.com\/w\/ca\/2024\/02\/habitatges-que-enamoren\/","og_locale":"ca_ES","og_type":"article","og_title":"Habitatges que enamoren","og_description":"Descobreix habitatges que enamoren i que conquisten als compradors! Com s'aconsegueix aquesta atracci\u00f3? T'ho expliquem!","og_url":"https:\/\/www.amatimmobiliaris.com\/w\/ca\/2024\/02\/habitatges-que-enamoren\/","og_site_name":"Amat Immobiliaris","article_publisher":"https:\/\/www.facebook.com\/amatimmobiliaris","article_published_time":"2024-02-13T07:00:18+00:00","article_modified_time":"2024-02-14T11:52:05+00:00","og_image":[{"width":1024,"height":682,"url":"https:\/\/www.amatimmobiliaris.com\/w\/wp-content\/uploads\/2024\/02\/1.facana-2-1024x682.jpg","type":"image\/jpeg"}],"author":"Amat Immobiliaris","twitter_card":"summary_large_image","twitter_title":"5 sales-menjadors impressionants","twitter_description":"Cases i pisos amb #menjadors impressionats a la #venda @amat_immo","twitter_image":"https:\/\/www.amatimmobiliaris.com\/w\/wp-content\/uploads\/2017\/08\/3-salo-menjador.jpg","twitter_creator":"@amat_cat","twitter_site":"@amat_cat","twitter_misc":{"Escrit per":"Amat Immobiliaris","Temps estimat de lectura":"8 minuts"},"schema":{"@context":"https:\/\/schema.org","@graph":[{"@type":["Article","BlogPosting"],"@id":"https:\/\/www.amatimmobiliaris.com\/w\/ca\/2024\/02\/habitatges-que-enamoren\/#article","isPartOf":{"@id":"https:\/\/www.amatimmobiliaris.com\/w\/ca\/2024\/02\/habitatges-que-enamoren\/"},"author":{"name":"Amat Immobiliaris","@id":"https:\/\/www.amatimmobiliaris.com\/w\/#\/schema\/person\/c880da71d1e156e7ea6774ffb445e034"},"headline":"Habitatges que enamoren","datePublished":"2024-02-13T07:00:18+00:00","dateModified":"2024-02-14T11:52:05+00:00","mainEntityOfPage":{"@id":"https:\/\/www.amatimmobiliaris.com\/w\/ca\/2024\/02\/habitatges-que-enamoren\/"},"wordCount":1372,"publisher":{"@id":"https:\/\/www.amatimmobiliaris.com\/w\/#organization"},"image":{"@id":"https:\/\/www.amatimmobiliaris.com\/w\/ca\/2024\/02\/habitatges-que-enamoren\/#primaryimage"},"thumbnailUrl":"https:\/\/www.amatimmobiliaris.com\/w\/wp-content\/uploads\/2024\/02\/1.facana-2.jpg","keywords":["Casa","Habitatge","Immobiliaria","Pisos","sant valenti"],"articleSection":["Actualitat","Arquitectura i decoraci\u00f3","Consells","Efici\u00e8ncia energ\u00e8tica","mensual","Pisos destacats"],"inLanguage":"ca"},{"@type":"WebPage","@id":"https:\/\/www.amatimmobiliaris.com\/w\/ca\/2024\/02\/habitatges-que-enamoren\/","url":"https:\/\/www.amatimmobiliaris.com\/w\/ca\/2024\/02\/habitatges-que-enamoren\/","name":"Habitatges que enamoren | Amat Immobiliaris","isPartOf":{"@id":"https:\/\/www.amatimmobiliaris.com\/w\/#website"},"primaryImageOfPage":{"@id":"https:\/\/www.amatimmobiliaris.com\/w\/ca\/2024\/02\/habitatges-que-enamoren\/#primaryimage"},"image":{"@id":"https:\/\/www.amatimmobiliaris.com\/w\/ca\/2024\/02\/habitatges-que-enamoren\/#primaryimage"},"thumbnailUrl":"https:\/\/www.amatimmobiliaris.com\/w\/wp-content\/uploads\/2024\/02\/1.facana-2.jpg","datePublished":"2024-02-13T07:00:18+00:00","dateModified":"2024-02-14T11:52:05+00:00","description":"Descobreix habitatges que enamoren i que conquisten als compradors! Com s'aconsegueix aquesta atracci\u00f3? T'ho expliquem!","breadcrumb":{"@id":"https:\/\/www.amatimmobiliaris.com\/w\/ca\/2024\/02\/habitatges-que-enamoren\/#breadcrumb"},"inLanguage":"ca","potentialAction":[{"@type":"ReadAction","target":["https:\/\/www.amatimmobiliaris.com\/w\/ca\/2024\/02\/habitatges-que-enamoren\/"]}]},{"@type":"ImageObject","inLanguage":"ca","@id":"https:\/\/www.amatimmobiliaris.com\/w\/ca\/2024\/02\/habitatges-que-enamoren\/#primaryimage","url":"https:\/\/www.amatimmobiliaris.com\/w\/wp-content\/uploads\/2024\/02\/1.facana-2.jpg","contentUrl":"https:\/\/www.amatimmobiliaris.com\/w\/wp-content\/uploads\/2024\/02\/1.facana-2.jpg","width":2000,"height":1333,"caption":"Habitatges que enamoren Amat.Blog Fa\u00e7ana Casa Amat Immobiliaris Sant Cugat"},{"@type":"BreadcrumbList","@id":"https:\/\/www.amatimmobiliaris.com\/w\/ca\/2024\/02\/habitatges-que-enamoren\/#breadcrumb","itemListElement":[{"@type":"ListItem","position":1,"name":"Home","item":"https:\/\/www.amatimmobiliaris.com\/w\/ca\/"},{"@type":"ListItem","position":2,"name":"Pisos destacats","item":"https:\/\/www.amatimmobiliaris.com\/w\/ca\/categoria-ca\/pisos-destacats-ca\/"},{"@type":"ListItem","position":3,"name":"Habitatges que enamoren"}]},{"@type":"WebSite","@id":"https:\/\/www.amatimmobiliaris.com\/w\/#website","url":"https:\/\/www.amatimmobiliaris.com\/w\/","name":"Amat Immobiliaris","description":"Empresa familiar del sector inmobiliario con oficinas en Barcelona, Sant Cugat del Vall\u00e9s y Sant Just Desvern. Te ayudamos a comprar, alquilar o vender tu casa o piso. Somos un equipo coherente con una cultura de empresa honesta, innovadora y eficaz. Tambi\u00e9n en www.amatluxury.com","publisher":{"@id":"https:\/\/www.amatimmobiliaris.com\/w\/#organization"},"alternateName":"AmatImmo","potentialAction":[{"@type":"SearchAction","target":{"@type":"EntryPoint","urlTemplate":"https:\/\/www.amatimmobiliaris.com\/w\/?s={search_term_string}"},"query-input":{"@type":"PropertyValueSpecification","valueRequired":true,"valueName":"search_term_string"}}],"inLanguage":"ca"},{"@type":"Organization","@id":"https:\/\/www.amatimmobiliaris.com\/w\/#organization","name":"Amat Immobiliaris","url":"https:\/\/www.amatimmobiliaris.com\/w\/","logo":{"@type":"ImageObject","inLanguage":"ca","@id":"https:\/\/www.amatimmobiliaris.com\/w\/#\/schema\/logo\/image\/","url":"https:\/\/www.amatimmobiliaris.com\/w\/wp-content\/uploads\/2022\/10\/amat-logo.jpg","contentUrl":"https:\/\/www.amatimmobiliaris.com\/w\/wp-content\/uploads\/2022\/10\/amat-logo.jpg","width":900,"height":900,"caption":"Amat Immobiliaris"},"image":{"@id":"https:\/\/www.amatimmobiliaris.com\/w\/#\/schema\/logo\/image\/"},"sameAs":["https:\/\/www.facebook.com\/amatimmobiliaris","https:\/\/x.com\/amat_cat","https:\/\/www.instagram.com\/amat_immo\/","https:\/\/www.linkedin.com\/company\/amat-finques\/","https:\/\/www.youtube.com\/@amatimmobiliaris"]},{"@type":"Person","@id":"https:\/\/www.amatimmobiliaris.com\/w\/#\/schema\/person\/c880da71d1e156e7ea6774ffb445e034","name":"Amat Immobiliaris","sameAs":["http:\/\/amat-inmo-wp.localhost"]}]}},"_links":{"self":[{"href":"https:\/\/www.amatimmobiliaris.com\/w\/ca\/wp-json\/wp\/v2\/posts\/32606"}],"collection":[{"href":"https:\/\/www.amatimmobiliaris.com\/w\/ca\/wp-json\/wp\/v2\/posts"}],"about":[{"href":"https:\/\/www.amatimmobiliaris.com\/w\/ca\/wp-json\/wp\/v2\/types\/post"}],"author":[{"embeddable":true,"href":"https:\/\/www.amatimmobiliaris.com\/w\/ca\/wp-json\/wp\/v2\/users\/1"}],"replies":[{"embeddable":true,"href":"https:\/\/www.amatimmobiliaris.com\/w\/ca\/wp-json\/wp\/v2\/comments?post=32606"}],"version-history":[{"count":24,"href":"https:\/\/www.amatimmobiliaris.com\/w\/ca\/wp-json\/wp\/v2\/posts\/32606\/revisions"}],"predecessor-version":[{"id":33262,"href":"https:\/\/www.amatimmobiliaris.com\/w\/ca\/wp-json\/wp\/v2\/posts\/32606\/revisions\/33262"}],"wp:featuredmedia":[{"embeddable":true,"href":"https:\/\/www.amatimmobiliaris.com\/w\/ca\/wp-json\/wp\/v2\/media\/33065"}],"wp:attachment":[{"href":"https:\/\/www.amatimmobiliaris.com\/w\/ca\/wp-json\/wp\/v2\/media?parent=32606"}],"wp:term":[{"taxonomy":"category","embeddable":true,"href":"https:\/\/www.amatimmobiliaris.com\/w\/ca\/wp-json\/wp\/v2\/categories?post=32606"},{"taxonomy":"post_tag","embeddable":true,"href":"https:\/\/www.amatimmobiliaris.com\/w\/ca\/wp-json\/wp\/v2\/tags?post=32606"}],"curies":[{"name":"wp","href":"https:\/\/api.w.org\/{rel}","templated":true}]}}