{"id":31631,"date":"2023-11-29T08:00:31","date_gmt":"2023-11-29T08:00:31","guid":{"rendered":"https:\/\/www.amatimmobiliaris.com\/w\/?p=31631"},"modified":"2023-11-29T10:07:23","modified_gmt":"2023-11-29T10:07:23","slug":"els-drets-tambe-comporten-deures-diari-del-canvi-no100","status":"publish","type":"post","link":"https:\/\/www.amatimmobiliaris.com\/w\/ca\/2023\/11\/els-drets-tambe-comporten-deures-diari-del-canvi-no100\/","title":{"rendered":"Els Drets tamb\u00e9 comporten deures &#8211; Diari del Canvi N\u00ba100"},"content":{"rendered":"<h3>Al n\u00famero 100 del Diari de Canvi, reflexionem un cop m\u00e9s sobre el mercat del lloguer, aix\u00ed com sobre els drets que comporten deures i que no podem ignorar si volem avan\u00e7ar.<\/h3>\n<p>&nbsp;<\/p>\n<p style=\"text-align: justify;\">Aquestes l\u00ednies representen el <strong>Diari n\u00famero 100 &#8211; Els drets tamb\u00e9 comporten deures.<\/strong> Un <strong>espai de reflexi\u00f3 que es va iniciar el juliol de 2008.<\/strong> Rellegint el primer diari que vam enviar, podr\u00edem <strong>apropiar-nos d&#8217;algunes frases que encara avui s\u00f3n aplicables, tot i que el context actual i les causes de la situaci\u00f3 s\u00f3n totalment diferents.<\/strong><\/p>\n<p>&nbsp;<\/p>\n<h5><span style=\"color: #da291c;\"><strong><b>El mercat de lloguer cada cop est\u00e0 pitjor<\/b><\/strong><\/span><\/h5>\n<p style=\"text-align: justify;\">Exactament de\u00edem&#8230; &#8220;<em>malgrat que hi ha una demanda real, aquesta no pot ser satisfera amb els preus i condicions actuals del mercat<\/em>&#8220;. En <strong>aquell moment parl\u00e0vem del mercat de venda, avui ho enmarcar\u00edem en el terreny del lloguer.<\/strong> S\u00ed, una altra vegada parlant del lloguer. Nosaltres mateixos considerem que estem &#8220;en bucle&#8221;. En els nostres propis articles, col\u00b7laboracions amb mitjans de comunicaci\u00f3 i taules rodones, <strong>repetim constantment les discussions sobre el mercat de lloguer.<\/strong> La preocupaci\u00f3 augmenta en observar que, cada vegada que ho abordem, <strong>la situaci\u00f3 empitjora respecte a l&#8217;ocasi\u00f3 anterior.<\/strong><\/p>\n<p>&nbsp;<\/p>\n<p style=\"text-align: justify;\"><strong>L&#8217;acc\u00e9s a l&#8217;habitatge<\/strong> per a una part cada vegada m\u00e9s gran de la societat <strong>es torna<\/strong><strong> impossible <\/strong>si es vol fer dins la gran Barcelona. I aix\u00f2 condiciona tota una societat.<\/p>\n<p>&nbsp;<\/p>\n<h5><span style=\"color: #da291c;\"><strong><b>Responsabilitat compartida<\/b><\/strong><\/span><\/h5>\n<p style=\"text-align: justify;\">Aix\u00f2 s\u00ed,\u00a0<strong>qui t\u00e9 les eines i hauria de posar les bases per millorar la situaci\u00f3 ni que sigui a mig termini<\/strong>\u00a0segueix posant tots els propietaris al mateix sac i tractant-los en general d\u2019especuladors, a la vegada dubten de la seva \u00e8tica i moralitat, i conclouen dient que l\u2019habitatge \u00e9s un dret constitucional. Sempre repetim que la gran majoria dels propietaris ho s\u00f3n fruit del seu estalvi o fruit de l\u2019estalvi de les seves generacions precedents (her\u00e8ncia).<\/p>\n<p>&nbsp;<\/p>\n<p style=\"text-align: justify;\">Avui\u00a0<strong>posem uns exemples<\/strong>, que no s\u00f3n generalitzables, per\u00f2 que si ens han passat els \u00faltims mesos, on la possible especulaci\u00f3 i dubtosa moralitat la podem posar pel cant\u00f3 de la demanda.<\/p>\n<p>&nbsp;<\/p>\n<p style=\"text-align: justify;\">Per una banda\u00a0<strong>comercialitzem una promoci\u00f3 d\u2019obra nova en r\u00e8gim d\u2019HPO en venda<\/strong>. Un projecte que havia estat congelat des d\u2019aquell llunya 2008. Conceptualment entre tots, la societat en general, hem contribu\u00eft a que unes determinades persones que compleixen uns requisits determinats (algun dia cal tamb\u00e9 una reflexi\u00f3 a part sobre aquestes llistes i requisits),\u00a0<strong>poden accedir a un preu accessible i competitiu a comprar un habitatge<\/strong>. Un cop publicada tota la informaci\u00f3 i seguint l\u2019ordre estricte de la llista p\u00fablica per accedir a aquests immobles comencen uns dies de nervis per assegurar-se que poden escollir el millor habitatge. Aquesta \u201cpressi\u00f3\u201d comporta cert estr\u00e9s organitzatiu i de gesti\u00f3 amb tots els interessats. La sorpresa \u00e9s que un cop ja baixa la tensi\u00f3, s\u2019ha escollit un immoble i es miren les condicions en detall, de tots els que tenien tanta pressa, bastants m\u00e9s de la meitat\u00a0<strong>no volen formalitzar la compra perqu\u00e8 no havien vist que la protecci\u00f3 era perp\u00e8tua!<\/strong> En resum, que em vull beneficiar d\u2019un preu p\u00fablic per m\u00e9s endavant rebre una bona plus-v\u00e0lua.<\/p>\n<p>&nbsp;<\/p>\n<p style=\"text-align: justify;\">Altre cas tamb\u00e9 d\u2019aquest any, un\u00a0<strong>propietari decideix esbrinar a fons una situaci\u00f3 sospitosa amb un contracte de lloguer indefinit.<\/strong>\u00a0La sorpresa ve quan la unitat familiar beneficiaria d\u2019aquest lloguer indefinit t\u00e9 un immoble en propietat a la finca del costat, on realment viu, i\u00a0<strong>utilitza l\u2019habitatge llogat com a biblioteca personal<\/strong>. Segur que complien els requisits del lloguer indefinit, per\u00f2 no hi podien haver renunciat?<\/p>\n<p>&nbsp;<\/p>\n<h5><span style=\"color: #da291c;\"><strong><b>Els drets tamb\u00e9 comporten deures.<\/b><\/strong><\/span><\/h5>\n<p style=\"text-align: justify;\">En resum, el\u00a0<strong>problema \u00e9s evident i molt preocupant<\/strong>, per\u00f2 no haur\u00edem de fer recaure tota la responsabilitat a una banda, sobretot si \u00e9s la banda que m\u00e9s eficientment pot aportar solucions. I ja de forma gen\u00e8rica i aplicable a qualsevol \u00e0mbit,\u00a0<strong>cap societat ser\u00e0 equilibrada si no es contraposen drets i deures<\/strong>. Si nom\u00e9s parlem de drets i oblidem els deures mai ens en sortirem.<\/p>\n<p>&nbsp;<br \/>\n<span style=\"color: #da291c;\"><strong><i>Guifr\u00e9 Homedes |\u00a0Director General<\/i><\/strong><\/span><br \/>\n&nbsp;<\/p>\n<h5><strong>T&#8217;ha agradat aquesta reflexi\u00f3? <b>Comparteix-la!<\/b><\/strong><\/h5>\n<p><a href=\"https:\/\/twitter.com\/intent\/tweet?text=Els%20drets%20comportan%20deures%20-%20Diari%20del%20Canvi%20N\u00ba100%0A%0A%40amat_cat%0A&amp;url=https%3A%2F%2Fwww.amatimmobiliaris.com%2Fw%2Fca%2F2023%2F11%2F11els-drets-tambe-comporten-deures-diari-del-canvi-no100%2F\" target=\"_blank\" rel=\"noopener\"><img loading=\"lazy\" decoding=\"async\" class=\"alignnone wp-image-19030 size-full\" src=\"https:\/\/www.amatimmobiliaris.com\/w\/wp-content\/uploads\/2021\/11\/twitter.png\" alt=\"\" width=\"25\" height=\"20\" \/><\/a><a href=\"https:\/\/www.facebook.com\/sharer\/sharer.php?u=https%3A%2F%2Fwww.amatimmobiliaris.com%2Fw%2Fca%2F2023%2F11%2F11els-drets-tambe-comporten-deures-diari-del-canvi-no100%2F\" class=\"broken_link\" rel=\"nofollow\"><img loading=\"lazy\" decoding=\"async\" class=\"alignnone size-full wp-image-19024\" src=\"https:\/\/www.amatimmobiliaris.com\/w\/wp-content\/uploads\/2021\/11\/fb.png\" alt=\"\" width=\"12\" height=\"24\" \/><\/a><a href=\"https:\/\/www.linkedin.com\/sharing\/share-offsite\/?url=https%3A%2F%2Fwww.amatimmobiliaris.com%2Fw%2Fca%2F2023%2F11%2F11els-drets-tambe-comporten-deures-diari-del-canvi-no100%2F\"><img loading=\"lazy\" decoding=\"async\" class=\"alignnone size-full wp-image-19028\" src=\"https:\/\/www.amatimmobiliaris.com\/w\/wp-content\/uploads\/2021\/11\/linkedin.png\" alt=\"\" width=\"25\" height=\"25\" \/><\/a><\/p>\n<h5 style=\"text-align: justify;\"><strong>Llegeix m\u00e9s reflexions al<a href=\"https:\/\/issuu.com\/amatimmobiliaris\/docs\/diari_del_canvi\">\u00a0\u201cDiari del Canvi\u201d<\/a>\u00a0per Immaculada Amat<\/strong><\/h5>\n<p style=\"text-align: justify;\"><em>El Diari del Canvi \u00e9s una iniciativa d&#8217;Amat que va sorgir en resposta a la crisi financera que va esclatar a l&#8217;estiu de 2008 i que va tenir un gran impacte en el mercat immobiliari. En aquell moment d&#8217;incertesa, Amat va sentir la necessitat i la convicci\u00f3 d&#8217;informar els seus clients, col\u00b7laboradors i contactes sobre els esdeveniments i canvis que estaven succeint i que afectaven a tothom.<\/em><\/p>\n","protected":false},"excerpt":{"rendered":"<p>Al n\u00famero 100 del Diari de Canvi, reflexionem un cop m\u00e9s sobre el mercat del lloguer, aix\u00ed com sobre els drets que comporten deures i que no podem ignorar si volem avan\u00e7ar. &nbsp; Aquestes l\u00ednies representen el Diari n\u00famero 100 &#8211; Els drets tamb\u00e9 comporten deures. Un espai de reflexi\u00f3 que es va iniciar el [&hellip;]<\/p>\n","protected":false},"author":1,"featured_media":18709,"comment_status":"closed","ping_status":"closed","sticky":false,"template":"","format":"standard","meta":{"content-type":"","footnotes":""},"categories":[1147,1159],"tags":[85,1680],"yoast_head":"<!-- This site is optimized with the Yoast SEO plugin v23.9 - https:\/\/yoast.com\/wordpress\/plugins\/seo\/ -->\n<title>Els Drets tamb\u00e9 comporten deures - Diari del Canvi N\u00ba100 | Amat Immobiliaris<\/title>\n<meta name=\"description\" content=\"Al n\u00famero 100 del Diari de Canvi, reflexionem sobre el lloguer, i sobre com els drets comporten deures.\" \/>\n<meta name=\"robots\" content=\"index, follow, max-snippet:-1, max-image-preview:large, max-video-preview:-1\" \/>\n<link rel=\"canonical\" href=\"https:\/\/www.amatimmobiliaris.com\/w\/ca\/2023\/11\/els-drets-tambe-comporten-deures-diari-del-canvi-no100\/\" \/>\n<meta property=\"og:locale\" content=\"ca_ES\" \/>\n<meta property=\"og:type\" content=\"article\" \/>\n<meta property=\"og:title\" content=\"Els Drets tamb\u00e9 comporten deures - Diari del Canvi N\u00ba100 | Amat Immobiliaris\" \/>\n<meta property=\"og:description\" content=\"Al n\u00famero 100 del Diari de Canvi, reflexionem sobre el lloguer, i sobre com els drets comporten deures.\" \/>\n<meta property=\"og:url\" content=\"https:\/\/www.amatimmobiliaris.com\/w\/ca\/2023\/11\/els-drets-tambe-comporten-deures-diari-del-canvi-no100\/\" \/>\n<meta property=\"og:site_name\" content=\"Amat Immobiliaris\" \/>\n<meta property=\"article:publisher\" content=\"https:\/\/www.facebook.com\/amatimmobiliaris\" \/>\n<meta property=\"article:published_time\" content=\"2023-11-29T08:00:31+00:00\" \/>\n<meta property=\"article:modified_time\" content=\"2023-11-29T10:07:23+00:00\" \/>\n<meta property=\"og:image\" content=\"https:\/\/www.amatimmobiliaris.com\/w\/wp-content\/uploads\/2022\/11\/97.LLIBRE_DIARI_DEL_CANVI-1.jpg\" \/>\n\t<meta property=\"og:image:width\" content=\"595\" \/>\n\t<meta property=\"og:image:height\" content=\"841\" \/>\n\t<meta property=\"og:image:type\" content=\"image\/jpeg\" \/>\n<meta name=\"author\" content=\"Amat Immobiliaris\" \/>\n<meta name=\"twitter:card\" content=\"summary_large_image\" \/>\n<meta name=\"twitter:creator\" content=\"@amat_cat\" \/>\n<meta name=\"twitter:site\" content=\"@amat_cat\" \/>\n<meta name=\"twitter:label1\" content=\"Escrit per\" \/>\n\t<meta name=\"twitter:data1\" content=\"Amat Immobiliaris\" \/>\n\t<meta name=\"twitter:label2\" content=\"Temps estimat de lectura\" \/>\n\t<meta name=\"twitter:data2\" content=\"4 minuts\" \/>\n<script type=\"application\/ld+json\" class=\"yoast-schema-graph\">{\"@context\":\"https:\/\/schema.org\",\"@graph\":[{\"@type\":\"Article\",\"@id\":\"https:\/\/www.amatimmobiliaris.com\/w\/ca\/2023\/11\/els-drets-tambe-comporten-deures-diari-del-canvi-no100\/#article\",\"isPartOf\":{\"@id\":\"https:\/\/www.amatimmobiliaris.com\/w\/ca\/2023\/11\/els-drets-tambe-comporten-deures-diari-del-canvi-no100\/\"},\"author\":{\"name\":\"Amat Immobiliaris\",\"@id\":\"https:\/\/www.amatimmobiliaris.com\/w\/#\/schema\/person\/c880da71d1e156e7ea6774ffb445e034\"},\"headline\":\"Els Drets tamb\u00e9 comporten deures &#8211; Diari del Canvi N\u00ba100\",\"datePublished\":\"2023-11-29T08:00:31+00:00\",\"dateModified\":\"2023-11-29T10:07:23+00:00\",\"mainEntityOfPage\":{\"@id\":\"https:\/\/www.amatimmobiliaris.com\/w\/ca\/2023\/11\/els-drets-tambe-comporten-deures-diari-del-canvi-no100\/\"},\"wordCount\":788,\"publisher\":{\"@id\":\"https:\/\/www.amatimmobiliaris.com\/w\/#organization\"},\"image\":{\"@id\":\"https:\/\/www.amatimmobiliaris.com\/w\/ca\/2023\/11\/els-drets-tambe-comporten-deures-diari-del-canvi-no100\/#primaryimage\"},\"thumbnailUrl\":\"https:\/\/www.amatimmobiliaris.com\/w\/wp-content\/uploads\/2022\/11\/97.LLIBRE_DIARI_DEL_CANVI-1.jpg\",\"keywords\":[\"Diari del canvi\",\"Guifre Homedes\"],\"articleSection\":[\"El m\u00f3n Amat\",\"Reflexions\"],\"inLanguage\":\"ca\"},{\"@type\":\"WebPage\",\"@id\":\"https:\/\/www.amatimmobiliaris.com\/w\/ca\/2023\/11\/els-drets-tambe-comporten-deures-diari-del-canvi-no100\/\",\"url\":\"https:\/\/www.amatimmobiliaris.com\/w\/ca\/2023\/11\/els-drets-tambe-comporten-deures-diari-del-canvi-no100\/\",\"name\":\"Els Drets tamb\u00e9 comporten deures - Diari del Canvi N\u00ba100 | Amat Immobiliaris\",\"isPartOf\":{\"@id\":\"https:\/\/www.amatimmobiliaris.com\/w\/#website\"},\"primaryImageOfPage\":{\"@id\":\"https:\/\/www.amatimmobiliaris.com\/w\/ca\/2023\/11\/els-drets-tambe-comporten-deures-diari-del-canvi-no100\/#primaryimage\"},\"image\":{\"@id\":\"https:\/\/www.amatimmobiliaris.com\/w\/ca\/2023\/11\/els-drets-tambe-comporten-deures-diari-del-canvi-no100\/#primaryimage\"},\"thumbnailUrl\":\"https:\/\/www.amatimmobiliaris.com\/w\/wp-content\/uploads\/2022\/11\/97.LLIBRE_DIARI_DEL_CANVI-1.jpg\",\"datePublished\":\"2023-11-29T08:00:31+00:00\",\"dateModified\":\"2023-11-29T10:07:23+00:00\",\"description\":\"Al n\u00famero 100 del Diari de Canvi, reflexionem sobre el lloguer, i sobre com els drets comporten deures.\",\"breadcrumb\":{\"@id\":\"https:\/\/www.amatimmobiliaris.com\/w\/ca\/2023\/11\/els-drets-tambe-comporten-deures-diari-del-canvi-no100\/#breadcrumb\"},\"inLanguage\":\"ca\",\"potentialAction\":[{\"@type\":\"ReadAction\",\"target\":[\"https:\/\/www.amatimmobiliaris.com\/w\/ca\/2023\/11\/els-drets-tambe-comporten-deures-diari-del-canvi-no100\/\"]}]},{\"@type\":\"ImageObject\",\"inLanguage\":\"ca\",\"@id\":\"https:\/\/www.amatimmobiliaris.com\/w\/ca\/2023\/11\/els-drets-tambe-comporten-deures-diari-del-canvi-no100\/#primaryimage\",\"url\":\"https:\/\/www.amatimmobiliaris.com\/w\/wp-content\/uploads\/2022\/11\/97.LLIBRE_DIARI_DEL_CANVI-1.jpg\",\"contentUrl\":\"https:\/\/www.amatimmobiliaris.com\/w\/wp-content\/uploads\/2022\/11\/97.LLIBRE_DIARI_DEL_CANVI-1.jpg\",\"width\":595,\"height\":841,\"caption\":\"Jugadors titulars de venda i lloguer\"},{\"@type\":\"BreadcrumbList\",\"@id\":\"https:\/\/www.amatimmobiliaris.com\/w\/ca\/2023\/11\/els-drets-tambe-comporten-deures-diari-del-canvi-no100\/#breadcrumb\",\"itemListElement\":[{\"@type\":\"ListItem\",\"position\":1,\"name\":\"Home\",\"item\":\"https:\/\/www.amatimmobiliaris.com\/w\/ca\/\"},{\"@type\":\"ListItem\",\"position\":2,\"name\":\"El m\u00f3n Amat\",\"item\":\"https:\/\/www.amatimmobiliaris.com\/w\/ca\/categoria-ca\/el-mon-amat-ca\/\"},{\"@type\":\"ListItem\",\"position\":3,\"name\":\"Els Drets tamb\u00e9 comporten deures &#8211; Diari del Canvi N\u00ba100\"}]},{\"@type\":\"WebSite\",\"@id\":\"https:\/\/www.amatimmobiliaris.com\/w\/#website\",\"url\":\"https:\/\/www.amatimmobiliaris.com\/w\/\",\"name\":\"Amat Immobiliaris\",\"description\":\"Empresa familiar del sector inmobiliario con oficinas en Barcelona, Sant Cugat del Vall\u00e9s y Sant Just Desvern. Te ayudamos a comprar, alquilar o vender tu casa o piso. Somos un equipo coherente con una cultura de empresa honesta, innovadora y eficaz. Tambi\u00e9n en www.amatluxury.com\",\"publisher\":{\"@id\":\"https:\/\/www.amatimmobiliaris.com\/w\/#organization\"},\"alternateName\":\"AmatImmo\",\"potentialAction\":[{\"@type\":\"SearchAction\",\"target\":{\"@type\":\"EntryPoint\",\"urlTemplate\":\"https:\/\/www.amatimmobiliaris.com\/w\/?s={search_term_string}\"},\"query-input\":{\"@type\":\"PropertyValueSpecification\",\"valueRequired\":true,\"valueName\":\"search_term_string\"}}],\"inLanguage\":\"ca\"},{\"@type\":\"Organization\",\"@id\":\"https:\/\/www.amatimmobiliaris.com\/w\/#organization\",\"name\":\"Amat Immobiliaris\",\"url\":\"https:\/\/www.amatimmobiliaris.com\/w\/\",\"logo\":{\"@type\":\"ImageObject\",\"inLanguage\":\"ca\",\"@id\":\"https:\/\/www.amatimmobiliaris.com\/w\/#\/schema\/logo\/image\/\",\"url\":\"https:\/\/www.amatimmobiliaris.com\/w\/wp-content\/uploads\/2022\/10\/amat-logo.jpg\",\"contentUrl\":\"https:\/\/www.amatimmobiliaris.com\/w\/wp-content\/uploads\/2022\/10\/amat-logo.jpg\",\"width\":900,\"height\":900,\"caption\":\"Amat Immobiliaris\"},\"image\":{\"@id\":\"https:\/\/www.amatimmobiliaris.com\/w\/#\/schema\/logo\/image\/\"},\"sameAs\":[\"https:\/\/www.facebook.com\/amatimmobiliaris\",\"https:\/\/x.com\/amat_cat\",\"https:\/\/www.instagram.com\/amat_immo\/\",\"https:\/\/www.linkedin.com\/company\/amat-finques\/\",\"https:\/\/www.youtube.com\/@amatimmobiliaris\"]},{\"@type\":\"Person\",\"@id\":\"https:\/\/www.amatimmobiliaris.com\/w\/#\/schema\/person\/c880da71d1e156e7ea6774ffb445e034\",\"name\":\"Amat Immobiliaris\",\"sameAs\":[\"http:\/\/amat-inmo-wp.localhost\"]}]}<\/script>\n<!-- \/ Yoast SEO plugin. -->","yoast_head_json":{"title":"Els Drets tamb\u00e9 comporten deures - Diari del Canvi N\u00ba100 | Amat Immobiliaris","description":"Al n\u00famero 100 del Diari de Canvi, reflexionem sobre el lloguer, i sobre com els drets comporten deures.","robots":{"index":"index","follow":"follow","max-snippet":"max-snippet:-1","max-image-preview":"max-image-preview:large","max-video-preview":"max-video-preview:-1"},"canonical":"https:\/\/www.amatimmobiliaris.com\/w\/ca\/2023\/11\/els-drets-tambe-comporten-deures-diari-del-canvi-no100\/","og_locale":"ca_ES","og_type":"article","og_title":"Els Drets tamb\u00e9 comporten deures - Diari del Canvi N\u00ba100 | Amat Immobiliaris","og_description":"Al n\u00famero 100 del Diari de Canvi, reflexionem sobre el lloguer, i sobre com els drets comporten deures.","og_url":"https:\/\/www.amatimmobiliaris.com\/w\/ca\/2023\/11\/els-drets-tambe-comporten-deures-diari-del-canvi-no100\/","og_site_name":"Amat Immobiliaris","article_publisher":"https:\/\/www.facebook.com\/amatimmobiliaris","article_published_time":"2023-11-29T08:00:31+00:00","article_modified_time":"2023-11-29T10:07:23+00:00","og_image":[{"width":595,"height":841,"url":"https:\/\/www.amatimmobiliaris.com\/w\/wp-content\/uploads\/2022\/11\/97.LLIBRE_DIARI_DEL_CANVI-1.jpg","type":"image\/jpeg"}],"author":"Amat Immobiliaris","twitter_card":"summary_large_image","twitter_creator":"@amat_cat","twitter_site":"@amat_cat","twitter_misc":{"Escrit per":"Amat Immobiliaris","Temps estimat de lectura":"4 minuts"},"schema":{"@context":"https:\/\/schema.org","@graph":[{"@type":"Article","@id":"https:\/\/www.amatimmobiliaris.com\/w\/ca\/2023\/11\/els-drets-tambe-comporten-deures-diari-del-canvi-no100\/#article","isPartOf":{"@id":"https:\/\/www.amatimmobiliaris.com\/w\/ca\/2023\/11\/els-drets-tambe-comporten-deures-diari-del-canvi-no100\/"},"author":{"name":"Amat Immobiliaris","@id":"https:\/\/www.amatimmobiliaris.com\/w\/#\/schema\/person\/c880da71d1e156e7ea6774ffb445e034"},"headline":"Els Drets tamb\u00e9 comporten deures &#8211; Diari del Canvi N\u00ba100","datePublished":"2023-11-29T08:00:31+00:00","dateModified":"2023-11-29T10:07:23+00:00","mainEntityOfPage":{"@id":"https:\/\/www.amatimmobiliaris.com\/w\/ca\/2023\/11\/els-drets-tambe-comporten-deures-diari-del-canvi-no100\/"},"wordCount":788,"publisher":{"@id":"https:\/\/www.amatimmobiliaris.com\/w\/#organization"},"image":{"@id":"https:\/\/www.amatimmobiliaris.com\/w\/ca\/2023\/11\/els-drets-tambe-comporten-deures-diari-del-canvi-no100\/#primaryimage"},"thumbnailUrl":"https:\/\/www.amatimmobiliaris.com\/w\/wp-content\/uploads\/2022\/11\/97.LLIBRE_DIARI_DEL_CANVI-1.jpg","keywords":["Diari del canvi","Guifre Homedes"],"articleSection":["El m\u00f3n Amat","Reflexions"],"inLanguage":"ca"},{"@type":"WebPage","@id":"https:\/\/www.amatimmobiliaris.com\/w\/ca\/2023\/11\/els-drets-tambe-comporten-deures-diari-del-canvi-no100\/","url":"https:\/\/www.amatimmobiliaris.com\/w\/ca\/2023\/11\/els-drets-tambe-comporten-deures-diari-del-canvi-no100\/","name":"Els Drets tamb\u00e9 comporten deures - Diari del Canvi N\u00ba100 | Amat Immobiliaris","isPartOf":{"@id":"https:\/\/www.amatimmobiliaris.com\/w\/#website"},"primaryImageOfPage":{"@id":"https:\/\/www.amatimmobiliaris.com\/w\/ca\/2023\/11\/els-drets-tambe-comporten-deures-diari-del-canvi-no100\/#primaryimage"},"image":{"@id":"https:\/\/www.amatimmobiliaris.com\/w\/ca\/2023\/11\/els-drets-tambe-comporten-deures-diari-del-canvi-no100\/#primaryimage"},"thumbnailUrl":"https:\/\/www.amatimmobiliaris.com\/w\/wp-content\/uploads\/2022\/11\/97.LLIBRE_DIARI_DEL_CANVI-1.jpg","datePublished":"2023-11-29T08:00:31+00:00","dateModified":"2023-11-29T10:07:23+00:00","description":"Al n\u00famero 100 del Diari de Canvi, reflexionem sobre el lloguer, i sobre com els drets comporten deures.","breadcrumb":{"@id":"https:\/\/www.amatimmobiliaris.com\/w\/ca\/2023\/11\/els-drets-tambe-comporten-deures-diari-del-canvi-no100\/#breadcrumb"},"inLanguage":"ca","potentialAction":[{"@type":"ReadAction","target":["https:\/\/www.amatimmobiliaris.com\/w\/ca\/2023\/11\/els-drets-tambe-comporten-deures-diari-del-canvi-no100\/"]}]},{"@type":"ImageObject","inLanguage":"ca","@id":"https:\/\/www.amatimmobiliaris.com\/w\/ca\/2023\/11\/els-drets-tambe-comporten-deures-diari-del-canvi-no100\/#primaryimage","url":"https:\/\/www.amatimmobiliaris.com\/w\/wp-content\/uploads\/2022\/11\/97.LLIBRE_DIARI_DEL_CANVI-1.jpg","contentUrl":"https:\/\/www.amatimmobiliaris.com\/w\/wp-content\/uploads\/2022\/11\/97.LLIBRE_DIARI_DEL_CANVI-1.jpg","width":595,"height":841,"caption":"Jugadors titulars de venda i lloguer"},{"@type":"BreadcrumbList","@id":"https:\/\/www.amatimmobiliaris.com\/w\/ca\/2023\/11\/els-drets-tambe-comporten-deures-diari-del-canvi-no100\/#breadcrumb","itemListElement":[{"@type":"ListItem","position":1,"name":"Home","item":"https:\/\/www.amatimmobiliaris.com\/w\/ca\/"},{"@type":"ListItem","position":2,"name":"El m\u00f3n Amat","item":"https:\/\/www.amatimmobiliaris.com\/w\/ca\/categoria-ca\/el-mon-amat-ca\/"},{"@type":"ListItem","position":3,"name":"Els Drets tamb\u00e9 comporten deures &#8211; Diari del Canvi N\u00ba100"}]},{"@type":"WebSite","@id":"https:\/\/www.amatimmobiliaris.com\/w\/#website","url":"https:\/\/www.amatimmobiliaris.com\/w\/","name":"Amat Immobiliaris","description":"Empresa familiar del sector inmobiliario con oficinas en Barcelona, Sant Cugat del Vall\u00e9s y Sant Just Desvern. Te ayudamos a comprar, alquilar o vender tu casa o piso. Somos un equipo coherente con una cultura de empresa honesta, innovadora y eficaz. Tambi\u00e9n en www.amatluxury.com","publisher":{"@id":"https:\/\/www.amatimmobiliaris.com\/w\/#organization"},"alternateName":"AmatImmo","potentialAction":[{"@type":"SearchAction","target":{"@type":"EntryPoint","urlTemplate":"https:\/\/www.amatimmobiliaris.com\/w\/?s={search_term_string}"},"query-input":{"@type":"PropertyValueSpecification","valueRequired":true,"valueName":"search_term_string"}}],"inLanguage":"ca"},{"@type":"Organization","@id":"https:\/\/www.amatimmobiliaris.com\/w\/#organization","name":"Amat Immobiliaris","url":"https:\/\/www.amatimmobiliaris.com\/w\/","logo":{"@type":"ImageObject","inLanguage":"ca","@id":"https:\/\/www.amatimmobiliaris.com\/w\/#\/schema\/logo\/image\/","url":"https:\/\/www.amatimmobiliaris.com\/w\/wp-content\/uploads\/2022\/10\/amat-logo.jpg","contentUrl":"https:\/\/www.amatimmobiliaris.com\/w\/wp-content\/uploads\/2022\/10\/amat-logo.jpg","width":900,"height":900,"caption":"Amat Immobiliaris"},"image":{"@id":"https:\/\/www.amatimmobiliaris.com\/w\/#\/schema\/logo\/image\/"},"sameAs":["https:\/\/www.facebook.com\/amatimmobiliaris","https:\/\/x.com\/amat_cat","https:\/\/www.instagram.com\/amat_immo\/","https:\/\/www.linkedin.com\/company\/amat-finques\/","https:\/\/www.youtube.com\/@amatimmobiliaris"]},{"@type":"Person","@id":"https:\/\/www.amatimmobiliaris.com\/w\/#\/schema\/person\/c880da71d1e156e7ea6774ffb445e034","name":"Amat Immobiliaris","sameAs":["http:\/\/amat-inmo-wp.localhost"]}]}},"_links":{"self":[{"href":"https:\/\/www.amatimmobiliaris.com\/w\/ca\/wp-json\/wp\/v2\/posts\/31631"}],"collection":[{"href":"https:\/\/www.amatimmobiliaris.com\/w\/ca\/wp-json\/wp\/v2\/posts"}],"about":[{"href":"https:\/\/www.amatimmobiliaris.com\/w\/ca\/wp-json\/wp\/v2\/types\/post"}],"author":[{"embeddable":true,"href":"https:\/\/www.amatimmobiliaris.com\/w\/ca\/wp-json\/wp\/v2\/users\/1"}],"replies":[{"embeddable":true,"href":"https:\/\/www.amatimmobiliaris.com\/w\/ca\/wp-json\/wp\/v2\/comments?post=31631"}],"version-history":[{"count":4,"href":"https:\/\/www.amatimmobiliaris.com\/w\/ca\/wp-json\/wp\/v2\/posts\/31631\/revisions"}],"predecessor-version":[{"id":31640,"href":"https:\/\/www.amatimmobiliaris.com\/w\/ca\/wp-json\/wp\/v2\/posts\/31631\/revisions\/31640"}],"wp:featuredmedia":[{"embeddable":true,"href":"https:\/\/www.amatimmobiliaris.com\/w\/ca\/wp-json\/wp\/v2\/media\/18709"}],"wp:attachment":[{"href":"https:\/\/www.amatimmobiliaris.com\/w\/ca\/wp-json\/wp\/v2\/media?parent=31631"}],"wp:term":[{"taxonomy":"category","embeddable":true,"href":"https:\/\/www.amatimmobiliaris.com\/w\/ca\/wp-json\/wp\/v2\/categories?post=31631"},{"taxonomy":"post_tag","embeddable":true,"href":"https:\/\/www.amatimmobiliaris.com\/w\/ca\/wp-json\/wp\/v2\/tags?post=31631"}],"curies":[{"name":"wp","href":"https:\/\/api.w.org\/{rel}","templated":true}]}}