{"id":3059,"date":"2017-07-24T09:40:26","date_gmt":"2017-07-24T09:40:26","guid":{"rendered":"https:\/\/amat-inmo-wp.localhost\/2017\/07\/24\/5-idees-per-decorar-una-paret-avorrida\/"},"modified":"2023-04-19T13:48:47","modified_gmt":"2023-04-19T13:48:47","slug":"5-idees-per-decorar-una-paret-avorrida","status":"publish","type":"post","link":"https:\/\/www.amatimmobiliaris.com\/w\/ca\/2017\/07\/5-idees-per-decorar-una-paret-avorrida\/","title":{"rendered":"5 idees per decorar una paret avorrida"},"content":{"rendered":"<p style=\"text-align: justify;\">Decorar un immoble no significa necess\u00e0riament invertir una gran quantitat de diners o comprar nous mobles. Una simple acci\u00f3, com <strong>decorar<\/strong> una paret pot ajudar, i molt, a canviar l&#8217;aspecte d&#8217;una habitaci\u00f3, del menjador o, fins i tot, d&#8217;un bany!<\/p>\n<p style=\"text-align: justify;\">Aqu\u00ed et mostrem 5 idees f\u00e0cils i r\u00e0pides per donar un nou aire a la teva llar. Mira!<\/p>\n<p style=\"text-align: justify;\"><strong>1 &#8211; Miralls per donar\u00a0<\/strong><b>amplitud<\/b><\/p>\n<p style=\"text-align: justify;\">Aquesta \u00e9s una <strong>tend\u00e8ncia actual<\/strong> que s&#8217;ha est\u00e8s a moltes llars. \u00a0Com els immobles cada vegada s\u00f3n m\u00e9s petits, col\u00b7locar un mirall en una de les parets de l&#8217;estan\u00e7a dona la <strong>sensaci\u00f3 d&#8217;amplitud<\/strong>. A m\u00e9s, \u00e9s una manera original de decorar si escollim un marc maco i original. Tamb\u00e9 influiran les mides del mirall i la seva silueta. No cal que sigui quadrat o rectangular, i si t&#8217;atreveixes amb alguna forma indefinida?<\/p>\n<h5 style=\"text-align: center;\"><img loading=\"lazy\" decoding=\"async\" class=\"aligncenter size-full wp-image-8457\" src=\"https:\/\/www.amatimmobiliaris.com\/w\/wp-content\/uploads\/2022\/01\/1-3.jpg\" alt=\"\" width=\"515\" height=\"768\" \/><span style=\"color: #ff0000;\"><a style=\"color: #ff0000;\" href=\"https:\/\/es.pinterest.com\/pin\/501307002242669422\/\">Font: Pinterest<\/a><\/span><\/h5>\n<p style=\"text-align: justify;\"><strong>2 &#8211; Vinils amb frases originals<\/strong><\/p>\n<p style=\"text-align: justify;\">Sobre tot a les habitacions infantils, els vinils s\u00f3n un recurs molt bo. Dibuixos, colors, lletres, frases,&#8230; s\u00f3n algunes de les opcions que aquest material ofereix per poder millorar la decoraci\u00f3 de la paret. Tot i que <strong>sembla un proc\u00e9s f\u00e0cil<\/strong> de col\u00b7locaci\u00f3, s&#8217;ha de fer amb molta cura i paci\u00e8ncia ja que \u00e9s important que quedi ben col\u00b7locat, evitant arrugues, recte i alineat. Per treure&#8217;l ja \u00e9s un altre tema!<\/p>\n<h5 style=\"text-align: center;\"><img loading=\"lazy\" decoding=\"async\" class=\"aligncenter size-full wp-image-8458\" src=\"https:\/\/www.amatimmobiliaris.com\/w\/wp-content\/uploads\/2022\/01\/vinilos.jpg\" alt=\"\" width=\"564\" height=\"527\" \/><span style=\"color: #ff0000;\">Fo<a style=\"color: #ff0000;\" href=\"https:\/\/es.pinterest.com\/pin\/405253666455861415\/\">nt: Pinterest<\/a><\/span><\/h5>\n<p><strong>3 &#8211; Paper de paret<\/strong><\/p>\n<p style=\"text-align: justify;\">Fa anys totes les habitacions s&#8217;havien d&#8217;empaperar. Ara, torna la moda i, per sort, tenim <strong>milers d&#8217;opcions per escollir<\/strong>. En aquest cas, hem escollit un paper amb el mapamundi com a motiu, que encaixa molt b\u00e9 en una habitaci\u00f3 d&#8217;adolescent, per exemple. Tamb\u00e9 hi ha de relleu, textures i tots els color imaginables. Per la seva col\u00b7locaci\u00f3 seria important <strong>comptar amb ajuda<\/strong> d&#8217;alguna persona que en s\u00e0piga. No volem fer malb\u00e9 el paper o que quedi malament!<\/p>\n<h5 style=\"text-align: center;\"><img loading=\"lazy\" decoding=\"async\" class=\"aligncenter size-full wp-image-8460\" src=\"https:\/\/www.amatimmobiliaris.com\/w\/wp-content\/uploads\/2022\/01\/mapamundi.jpg\" alt=\"\" width=\"474\" height=\"720\" \/><span style=\"color: #ff0000;\"><a style=\"color: #ff0000;\" href=\"https:\/\/es.pinterest.com\/pin\/501658845976992617\/\">Font: Pinterest<\/a><\/span><\/h5>\n<p>&nbsp;<\/p>\n<p><strong>4 &#8211; Quadres i fotografies\u00a0<\/strong><\/p>\n<p>Aquest \u00e9s un recurs que <strong>ofereix moltes possibilitats<\/strong> i on\u00a0l&#8217;aspecte final dependr\u00e0 de l&#8217;estil de cada persona. En aquest cas, el gust personal influir\u00e0 de prop en la decoraci\u00f3 de l&#8217;habitaci\u00f3 donant un aspecte m\u00e9s seri\u00f3s, familiar o modern. Es poden escollir <strong>quadres o marcs de diferents mides<\/strong>, fotografies en blanc i negre, en color, de la fam\u00edlia o de diferents motius. Es pot jugar amb la simetria o amb el desordre per aconseguir un ambient determinat.<\/p>\n<h5 style=\"text-align: center;\"><img loading=\"lazy\" decoding=\"async\" class=\"aligncenter size-full wp-image-8461\" src=\"https:\/\/www.amatimmobiliaris.com\/w\/wp-content\/uploads\/2022\/01\/fotos.jpg\" alt=\"\" width=\"440\" height=\"600\" \/><a href=\"https:\/\/es.pinterest.com\/pin\/345018021425677603\/\"><span style=\"color: #ff0000;\">Font: Pinterest<\/span><\/a><\/h5>\n<p><strong>5 &#8211; Plats o estovalles individuals rodones<\/strong><\/p>\n<p>Com amb els marcs de fotografies, la decoraci\u00f3 amb aquests elements t\u00e9 <strong>moltes possibilitats<\/strong>. Tot dependr\u00e0 de la mida, el color, la textura, el material i la disposici\u00f3 dels plats o estovalles individuals. Aix\u00f2 s\u00ed, haur\u00e0 d&#8217;haver un motiu en com\u00fa per tal que el conjunt estigui harmonitzat!<\/p>\n<h5 style=\"text-align: center;\"><img loading=\"lazy\" decoding=\"async\" class=\"aligncenter size-full wp-image-8463\" src=\"https:\/\/www.amatimmobiliaris.com\/w\/wp-content\/uploads\/2022\/01\/circulos.jpg\" alt=\"\" width=\"564\" height=\"751\" \/><a href=\"https:\/\/es.pinterest.com\/pin\/486670303473439425\/\"><span style=\"color: #ff0000;\">Font: Pinterest<\/span><\/a><\/h5>\n<p>&nbsp;<\/p>\n<p>&nbsp;<\/p>\n","protected":false},"excerpt":{"rendered":"<p>Decorar un immoble no significa necess\u00e0riament invertir una gran quantitat de diners o comprar nous mobles. Una simple acci\u00f3, com decorar una paret pot ajudar, i molt, a canviar l&#8217;aspecte d&#8217;una habitaci\u00f3, del menjador o, fins i tot, d&#8217;un bany! Aqu\u00ed et mostrem 5 idees f\u00e0cils i r\u00e0pides per donar un nou aire a la [&hellip;]<\/p>\n","protected":false},"author":1,"featured_media":3060,"comment_status":"closed","ping_status":"open","sticky":false,"template":"","format":"standard","meta":{"content-type":"","footnotes":""},"categories":[1151,1153],"tags":[],"yoast_head":"<!-- This site is optimized with the Yoast SEO plugin v23.9 - https:\/\/yoast.com\/wordpress\/plugins\/seo\/ -->\n<title>5 idees per decorar una paret avorrida | Amat Immobiliaris<\/title>\n<meta name=\"robots\" content=\"index, follow, max-snippet:-1, max-image-preview:large, max-video-preview:-1\" \/>\n<link rel=\"canonical\" href=\"https:\/\/www.amatimmobiliaris.com\/w\/ca\/2017\/07\/5-idees-per-decorar-una-paret-avorrida\/\" \/>\n<meta property=\"og:locale\" content=\"ca_ES\" \/>\n<meta property=\"og:type\" content=\"article\" \/>\n<meta property=\"og:title\" content=\"5 idees per decorar una paret avorrida | Amat Immobiliaris\" \/>\n<meta property=\"og:description\" content=\"Decorar un immoble no significa necess\u00e0riament invertir una gran quantitat de diners o comprar nous mobles. Una simple acci\u00f3, com decorar una paret pot ajudar, i molt, a canviar l&#8217;aspecte d&#8217;una habitaci\u00f3, del menjador o, fins i tot, d&#8217;un bany! Aqu\u00ed et mostrem 5 idees f\u00e0cils i r\u00e0pides per donar un nou aire a la [&hellip;]\" \/>\n<meta property=\"og:url\" content=\"https:\/\/www.amatimmobiliaris.com\/w\/ca\/2017\/07\/5-idees-per-decorar-una-paret-avorrida\/\" \/>\n<meta property=\"og:site_name\" content=\"Amat Immobiliaris\" \/>\n<meta property=\"article:publisher\" content=\"https:\/\/www.facebook.com\/amatimmobiliaris\" \/>\n<meta property=\"article:published_time\" content=\"2017-07-24T09:40:26+00:00\" \/>\n<meta property=\"article:modified_time\" content=\"2023-04-19T13:48:47+00:00\" \/>\n<meta property=\"og:image\" content=\"https:\/\/www.amatimmobiliaris.com\/w\/wp-content\/uploads\/2022\/01\/1-3.jpg\" \/>\n\t<meta property=\"og:image:width\" content=\"515\" \/>\n\t<meta property=\"og:image:height\" content=\"768\" \/>\n\t<meta property=\"og:image:type\" content=\"image\/jpeg\" \/>\n<meta name=\"author\" content=\"Amat Immobiliaris\" \/>\n<meta name=\"twitter:card\" content=\"summary_large_image\" \/>\n<meta name=\"twitter:creator\" content=\"@amat_cat\" \/>\n<meta name=\"twitter:site\" content=\"@amat_cat\" \/>\n<meta name=\"twitter:label1\" content=\"Escrit per\" \/>\n\t<meta name=\"twitter:data1\" content=\"Amat Immobiliaris\" \/>\n\t<meta name=\"twitter:label2\" content=\"Temps estimat de lectura\" \/>\n\t<meta name=\"twitter:data2\" content=\"2 minuts\" \/>\n<script type=\"application\/ld+json\" class=\"yoast-schema-graph\">{\"@context\":\"https:\/\/schema.org\",\"@graph\":[{\"@type\":\"Article\",\"@id\":\"https:\/\/www.amatimmobiliaris.com\/w\/ca\/2017\/07\/5-idees-per-decorar-una-paret-avorrida\/#article\",\"isPartOf\":{\"@id\":\"https:\/\/www.amatimmobiliaris.com\/w\/ca\/2017\/07\/5-idees-per-decorar-una-paret-avorrida\/\"},\"author\":{\"name\":\"Amat Immobiliaris\",\"@id\":\"https:\/\/www.amatimmobiliaris.com\/w\/#\/schema\/person\/c880da71d1e156e7ea6774ffb445e034\"},\"headline\":\"5 idees per decorar una paret avorrida\",\"datePublished\":\"2017-07-24T09:40:26+00:00\",\"dateModified\":\"2023-04-19T13:48:47+00:00\",\"mainEntityOfPage\":{\"@id\":\"https:\/\/www.amatimmobiliaris.com\/w\/ca\/2017\/07\/5-idees-per-decorar-una-paret-avorrida\/\"},\"wordCount\":468,\"publisher\":{\"@id\":\"https:\/\/www.amatimmobiliaris.com\/w\/#organization\"},\"image\":{\"@id\":\"https:\/\/www.amatimmobiliaris.com\/w\/ca\/2017\/07\/5-idees-per-decorar-una-paret-avorrida\/#primaryimage\"},\"thumbnailUrl\":\"https:\/\/www.amatimmobiliaris.com\/w\/wp-content\/uploads\/2022\/01\/1-3.jpg\",\"articleSection\":[\"Arquitectura i decoraci\u00f3\",\"Consells\"],\"inLanguage\":\"ca\"},{\"@type\":\"WebPage\",\"@id\":\"https:\/\/www.amatimmobiliaris.com\/w\/ca\/2017\/07\/5-idees-per-decorar-una-paret-avorrida\/\",\"url\":\"https:\/\/www.amatimmobiliaris.com\/w\/ca\/2017\/07\/5-idees-per-decorar-una-paret-avorrida\/\",\"name\":\"5 idees per decorar una paret avorrida | Amat Immobiliaris\",\"isPartOf\":{\"@id\":\"https:\/\/www.amatimmobiliaris.com\/w\/#website\"},\"primaryImageOfPage\":{\"@id\":\"https:\/\/www.amatimmobiliaris.com\/w\/ca\/2017\/07\/5-idees-per-decorar-una-paret-avorrida\/#primaryimage\"},\"image\":{\"@id\":\"https:\/\/www.amatimmobiliaris.com\/w\/ca\/2017\/07\/5-idees-per-decorar-una-paret-avorrida\/#primaryimage\"},\"thumbnailUrl\":\"https:\/\/www.amatimmobiliaris.com\/w\/wp-content\/uploads\/2022\/01\/1-3.jpg\",\"datePublished\":\"2017-07-24T09:40:26+00:00\",\"dateModified\":\"2023-04-19T13:48:47+00:00\",\"breadcrumb\":{\"@id\":\"https:\/\/www.amatimmobiliaris.com\/w\/ca\/2017\/07\/5-idees-per-decorar-una-paret-avorrida\/#breadcrumb\"},\"inLanguage\":\"ca\",\"potentialAction\":[{\"@type\":\"ReadAction\",\"target\":[\"https:\/\/www.amatimmobiliaris.com\/w\/ca\/2017\/07\/5-idees-per-decorar-una-paret-avorrida\/\"]}]},{\"@type\":\"ImageObject\",\"inLanguage\":\"ca\",\"@id\":\"https:\/\/www.amatimmobiliaris.com\/w\/ca\/2017\/07\/5-idees-per-decorar-una-paret-avorrida\/#primaryimage\",\"url\":\"https:\/\/www.amatimmobiliaris.com\/w\/wp-content\/uploads\/2022\/01\/1-3.jpg\",\"contentUrl\":\"https:\/\/www.amatimmobiliaris.com\/w\/wp-content\/uploads\/2022\/01\/1-3.jpg\",\"width\":515,\"height\":768},{\"@type\":\"BreadcrumbList\",\"@id\":\"https:\/\/www.amatimmobiliaris.com\/w\/ca\/2017\/07\/5-idees-per-decorar-una-paret-avorrida\/#breadcrumb\",\"itemListElement\":[{\"@type\":\"ListItem\",\"position\":1,\"name\":\"Home\",\"item\":\"https:\/\/www.amatimmobiliaris.com\/w\/ca\/\"},{\"@type\":\"ListItem\",\"position\":2,\"name\":\"Arquitectura i decoraci\u00f3\",\"item\":\"https:\/\/www.amatimmobiliaris.com\/w\/ca\/categoria-ca\/arquitectura-i-decoracio-ca\/\"},{\"@type\":\"ListItem\",\"position\":3,\"name\":\"5 idees per decorar una paret avorrida\"}]},{\"@type\":\"WebSite\",\"@id\":\"https:\/\/www.amatimmobiliaris.com\/w\/#website\",\"url\":\"https:\/\/www.amatimmobiliaris.com\/w\/\",\"name\":\"Amat Immobiliaris\",\"description\":\"Empresa familiar del sector inmobiliario con oficinas en Barcelona, Sant Cugat del Vall\u00e9s y Sant Just Desvern. Te ayudamos a comprar, alquilar o vender tu casa o piso. Somos un equipo coherente con una cultura de empresa honesta, innovadora y eficaz. Tambi\u00e9n en www.amatluxury.com\",\"publisher\":{\"@id\":\"https:\/\/www.amatimmobiliaris.com\/w\/#organization\"},\"alternateName\":\"AmatImmo\",\"potentialAction\":[{\"@type\":\"SearchAction\",\"target\":{\"@type\":\"EntryPoint\",\"urlTemplate\":\"https:\/\/www.amatimmobiliaris.com\/w\/?s={search_term_string}\"},\"query-input\":{\"@type\":\"PropertyValueSpecification\",\"valueRequired\":true,\"valueName\":\"search_term_string\"}}],\"inLanguage\":\"ca\"},{\"@type\":\"Organization\",\"@id\":\"https:\/\/www.amatimmobiliaris.com\/w\/#organization\",\"name\":\"Amat Immobiliaris\",\"url\":\"https:\/\/www.amatimmobiliaris.com\/w\/\",\"logo\":{\"@type\":\"ImageObject\",\"inLanguage\":\"ca\",\"@id\":\"https:\/\/www.amatimmobiliaris.com\/w\/#\/schema\/logo\/image\/\",\"url\":\"https:\/\/www.amatimmobiliaris.com\/w\/wp-content\/uploads\/2022\/10\/amat-logo.jpg\",\"contentUrl\":\"https:\/\/www.amatimmobiliaris.com\/w\/wp-content\/uploads\/2022\/10\/amat-logo.jpg\",\"width\":900,\"height\":900,\"caption\":\"Amat Immobiliaris\"},\"image\":{\"@id\":\"https:\/\/www.amatimmobiliaris.com\/w\/#\/schema\/logo\/image\/\"},\"sameAs\":[\"https:\/\/www.facebook.com\/amatimmobiliaris\",\"https:\/\/x.com\/amat_cat\",\"https:\/\/www.instagram.com\/amat_immo\/\",\"https:\/\/www.linkedin.com\/company\/amat-finques\/\",\"https:\/\/www.youtube.com\/@amatimmobiliaris\"]},{\"@type\":\"Person\",\"@id\":\"https:\/\/www.amatimmobiliaris.com\/w\/#\/schema\/person\/c880da71d1e156e7ea6774ffb445e034\",\"name\":\"Amat Immobiliaris\",\"sameAs\":[\"http:\/\/amat-inmo-wp.localhost\"]}]}<\/script>\n<!-- \/ Yoast SEO plugin. -->","yoast_head_json":{"title":"5 idees per decorar una paret avorrida | Amat Immobiliaris","robots":{"index":"index","follow":"follow","max-snippet":"max-snippet:-1","max-image-preview":"max-image-preview:large","max-video-preview":"max-video-preview:-1"},"canonical":"https:\/\/www.amatimmobiliaris.com\/w\/ca\/2017\/07\/5-idees-per-decorar-una-paret-avorrida\/","og_locale":"ca_ES","og_type":"article","og_title":"5 idees per decorar una paret avorrida | Amat Immobiliaris","og_description":"Decorar un immoble no significa necess\u00e0riament invertir una gran quantitat de diners o comprar nous mobles. Una simple acci\u00f3, com decorar una paret pot ajudar, i molt, a canviar l&#8217;aspecte d&#8217;una habitaci\u00f3, del menjador o, fins i tot, d&#8217;un bany! Aqu\u00ed et mostrem 5 idees f\u00e0cils i r\u00e0pides per donar un nou aire a la [&hellip;]","og_url":"https:\/\/www.amatimmobiliaris.com\/w\/ca\/2017\/07\/5-idees-per-decorar-una-paret-avorrida\/","og_site_name":"Amat Immobiliaris","article_publisher":"https:\/\/www.facebook.com\/amatimmobiliaris","article_published_time":"2017-07-24T09:40:26+00:00","article_modified_time":"2023-04-19T13:48:47+00:00","og_image":[{"width":515,"height":768,"url":"https:\/\/www.amatimmobiliaris.com\/w\/wp-content\/uploads\/2022\/01\/1-3.jpg","type":"image\/jpeg"}],"author":"Amat Immobiliaris","twitter_card":"summary_large_image","twitter_creator":"@amat_cat","twitter_site":"@amat_cat","twitter_misc":{"Escrit per":"Amat Immobiliaris","Temps estimat de lectura":"2 minuts"},"schema":{"@context":"https:\/\/schema.org","@graph":[{"@type":"Article","@id":"https:\/\/www.amatimmobiliaris.com\/w\/ca\/2017\/07\/5-idees-per-decorar-una-paret-avorrida\/#article","isPartOf":{"@id":"https:\/\/www.amatimmobiliaris.com\/w\/ca\/2017\/07\/5-idees-per-decorar-una-paret-avorrida\/"},"author":{"name":"Amat Immobiliaris","@id":"https:\/\/www.amatimmobiliaris.com\/w\/#\/schema\/person\/c880da71d1e156e7ea6774ffb445e034"},"headline":"5 idees per decorar una paret avorrida","datePublished":"2017-07-24T09:40:26+00:00","dateModified":"2023-04-19T13:48:47+00:00","mainEntityOfPage":{"@id":"https:\/\/www.amatimmobiliaris.com\/w\/ca\/2017\/07\/5-idees-per-decorar-una-paret-avorrida\/"},"wordCount":468,"publisher":{"@id":"https:\/\/www.amatimmobiliaris.com\/w\/#organization"},"image":{"@id":"https:\/\/www.amatimmobiliaris.com\/w\/ca\/2017\/07\/5-idees-per-decorar-una-paret-avorrida\/#primaryimage"},"thumbnailUrl":"https:\/\/www.amatimmobiliaris.com\/w\/wp-content\/uploads\/2022\/01\/1-3.jpg","articleSection":["Arquitectura i decoraci\u00f3","Consells"],"inLanguage":"ca"},{"@type":"WebPage","@id":"https:\/\/www.amatimmobiliaris.com\/w\/ca\/2017\/07\/5-idees-per-decorar-una-paret-avorrida\/","url":"https:\/\/www.amatimmobiliaris.com\/w\/ca\/2017\/07\/5-idees-per-decorar-una-paret-avorrida\/","name":"5 idees per decorar una paret avorrida | Amat Immobiliaris","isPartOf":{"@id":"https:\/\/www.amatimmobiliaris.com\/w\/#website"},"primaryImageOfPage":{"@id":"https:\/\/www.amatimmobiliaris.com\/w\/ca\/2017\/07\/5-idees-per-decorar-una-paret-avorrida\/#primaryimage"},"image":{"@id":"https:\/\/www.amatimmobiliaris.com\/w\/ca\/2017\/07\/5-idees-per-decorar-una-paret-avorrida\/#primaryimage"},"thumbnailUrl":"https:\/\/www.amatimmobiliaris.com\/w\/wp-content\/uploads\/2022\/01\/1-3.jpg","datePublished":"2017-07-24T09:40:26+00:00","dateModified":"2023-04-19T13:48:47+00:00","breadcrumb":{"@id":"https:\/\/www.amatimmobiliaris.com\/w\/ca\/2017\/07\/5-idees-per-decorar-una-paret-avorrida\/#breadcrumb"},"inLanguage":"ca","potentialAction":[{"@type":"ReadAction","target":["https:\/\/www.amatimmobiliaris.com\/w\/ca\/2017\/07\/5-idees-per-decorar-una-paret-avorrida\/"]}]},{"@type":"ImageObject","inLanguage":"ca","@id":"https:\/\/www.amatimmobiliaris.com\/w\/ca\/2017\/07\/5-idees-per-decorar-una-paret-avorrida\/#primaryimage","url":"https:\/\/www.amatimmobiliaris.com\/w\/wp-content\/uploads\/2022\/01\/1-3.jpg","contentUrl":"https:\/\/www.amatimmobiliaris.com\/w\/wp-content\/uploads\/2022\/01\/1-3.jpg","width":515,"height":768},{"@type":"BreadcrumbList","@id":"https:\/\/www.amatimmobiliaris.com\/w\/ca\/2017\/07\/5-idees-per-decorar-una-paret-avorrida\/#breadcrumb","itemListElement":[{"@type":"ListItem","position":1,"name":"Home","item":"https:\/\/www.amatimmobiliaris.com\/w\/ca\/"},{"@type":"ListItem","position":2,"name":"Arquitectura i decoraci\u00f3","item":"https:\/\/www.amatimmobiliaris.com\/w\/ca\/categoria-ca\/arquitectura-i-decoracio-ca\/"},{"@type":"ListItem","position":3,"name":"5 idees per decorar una paret avorrida"}]},{"@type":"WebSite","@id":"https:\/\/www.amatimmobiliaris.com\/w\/#website","url":"https:\/\/www.amatimmobiliaris.com\/w\/","name":"Amat Immobiliaris","description":"Empresa familiar del sector inmobiliario con oficinas en Barcelona, Sant Cugat del Vall\u00e9s y Sant Just Desvern. Te ayudamos a comprar, alquilar o vender tu casa o piso. Somos un equipo coherente con una cultura de empresa honesta, innovadora y eficaz. Tambi\u00e9n en www.amatluxury.com","publisher":{"@id":"https:\/\/www.amatimmobiliaris.com\/w\/#organization"},"alternateName":"AmatImmo","potentialAction":[{"@type":"SearchAction","target":{"@type":"EntryPoint","urlTemplate":"https:\/\/www.amatimmobiliaris.com\/w\/?s={search_term_string}"},"query-input":{"@type":"PropertyValueSpecification","valueRequired":true,"valueName":"search_term_string"}}],"inLanguage":"ca"},{"@type":"Organization","@id":"https:\/\/www.amatimmobiliaris.com\/w\/#organization","name":"Amat Immobiliaris","url":"https:\/\/www.amatimmobiliaris.com\/w\/","logo":{"@type":"ImageObject","inLanguage":"ca","@id":"https:\/\/www.amatimmobiliaris.com\/w\/#\/schema\/logo\/image\/","url":"https:\/\/www.amatimmobiliaris.com\/w\/wp-content\/uploads\/2022\/10\/amat-logo.jpg","contentUrl":"https:\/\/www.amatimmobiliaris.com\/w\/wp-content\/uploads\/2022\/10\/amat-logo.jpg","width":900,"height":900,"caption":"Amat Immobiliaris"},"image":{"@id":"https:\/\/www.amatimmobiliaris.com\/w\/#\/schema\/logo\/image\/"},"sameAs":["https:\/\/www.facebook.com\/amatimmobiliaris","https:\/\/x.com\/amat_cat","https:\/\/www.instagram.com\/amat_immo\/","https:\/\/www.linkedin.com\/company\/amat-finques\/","https:\/\/www.youtube.com\/@amatimmobiliaris"]},{"@type":"Person","@id":"https:\/\/www.amatimmobiliaris.com\/w\/#\/schema\/person\/c880da71d1e156e7ea6774ffb445e034","name":"Amat Immobiliaris","sameAs":["http:\/\/amat-inmo-wp.localhost"]}]}},"_links":{"self":[{"href":"https:\/\/www.amatimmobiliaris.com\/w\/ca\/wp-json\/wp\/v2\/posts\/3059"}],"collection":[{"href":"https:\/\/www.amatimmobiliaris.com\/w\/ca\/wp-json\/wp\/v2\/posts"}],"about":[{"href":"https:\/\/www.amatimmobiliaris.com\/w\/ca\/wp-json\/wp\/v2\/types\/post"}],"author":[{"embeddable":true,"href":"https:\/\/www.amatimmobiliaris.com\/w\/ca\/wp-json\/wp\/v2\/users\/1"}],"replies":[{"embeddable":true,"href":"https:\/\/www.amatimmobiliaris.com\/w\/ca\/wp-json\/wp\/v2\/comments?post=3059"}],"version-history":[{"count":1,"href":"https:\/\/www.amatimmobiliaris.com\/w\/ca\/wp-json\/wp\/v2\/posts\/3059\/revisions"}],"predecessor-version":[{"id":20215,"href":"https:\/\/www.amatimmobiliaris.com\/w\/ca\/wp-json\/wp\/v2\/posts\/3059\/revisions\/20215"}],"wp:featuredmedia":[{"embeddable":true,"href":"https:\/\/www.amatimmobiliaris.com\/w\/ca\/wp-json\/wp\/v2\/media\/3060"}],"wp:attachment":[{"href":"https:\/\/www.amatimmobiliaris.com\/w\/ca\/wp-json\/wp\/v2\/media?parent=3059"}],"wp:term":[{"taxonomy":"category","embeddable":true,"href":"https:\/\/www.amatimmobiliaris.com\/w\/ca\/wp-json\/wp\/v2\/categories?post=3059"},{"taxonomy":"post_tag","embeddable":true,"href":"https:\/\/www.amatimmobiliaris.com\/w\/ca\/wp-json\/wp\/v2\/tags?post=3059"}],"curies":[{"name":"wp","href":"https:\/\/api.w.org\/{rel}","templated":true}]}}