{"id":2980,"date":"2017-05-31T08:44:35","date_gmt":"2017-05-31T08:44:35","guid":{"rendered":"https:\/\/amat-inmo-wp.localhost\/2017\/05\/31\/experiencia-programa-rse-respon\/"},"modified":"2023-04-27T14:01:26","modified_gmt":"2023-04-27T14:01:26","slug":"experiencia-programa-rse-respon","status":"publish","type":"post","link":"https:\/\/www.amatimmobiliaris.com\/w\/ca\/2017\/05\/experiencia-programa-rse-respon\/","title":{"rendered":"L\u2019experi\u00e8ncia del Programa RSE de Respon.cat"},"content":{"rendered":"<p style=\"text-align: justify;\">Durant el 2016 i el 2017 hem participat al <a href=\"https:\/\/respon.cat\/\"><strong>Programa RSE Pime de Respon.Cat<\/strong> <\/a>que ens ha perm\u00e8s ordenar totes aquelles pr\u00e0ctiques que ven\u00edem duent a terme des de fa temps. El millor, per\u00f2, ha estat que ens ha perm\u00e8s detectar punts de millora que ens ajudaran a implementar la<strong> Responsabilitat Social<\/strong> dins del propi pla estrat\u00e8gic de l&#8217;empresa.<\/p>\n<p style=\"text-align: justify;\">Vam decidir fer el curs perqu\u00e8 <span style=\"text-decoration: underline;\">apostem pel canvi de model cap a una empresa socialment responsable i sostenible, un model equitatiu, integrador, eficient i \u00e8tic.<\/span><\/p>\n<p style=\"text-align: justify;\">Durant el curs hem pogut compartir experi\u00e8ncies en l\u2019\u00e0mbit de Responsabilitat social amb altres empreses i entitats, amb l\u2019objectiu final de\u00a0poder <strong>elaborar el nostre propi Pla d\u2019acci\u00f3 d\u2019RSE,<\/strong> en el que es determinen els nostres grups d\u2019inter\u00e8s, comen\u00e7ant pels propis treballadors i acabant pels clients i la societat en general, i les accions que es duran a terme per satisfer les necessitats dels mateixos.<\/p>\n<p style=\"text-align: justify;\">Ens ha perm\u00e8s analitzar els impactes tant econ\u00f2mics, laborals, ambientals, socials com \u00e8tics que la nostra activitat t\u00e9 ens els diferents grups d\u2019inter\u00e8s, i establir aix\u00ed compromisos per satisfer de manera equilibrada les seves necessitats i expectatives.\u00a0En el nostre pla de RSE establim\u00a0<strong>les l\u00ednies estrat\u00e8giques per tal d\u2019assolir una gesti\u00f3 basada en la RSE<\/strong> aix\u00ed com fomentar la confian\u00e7a dels nostres\u00a0stakeholders amb\u00a0coher\u00e8ncia entre el que es diu i el que es fa.<\/p>\n<p style=\"text-align: justify;\">Les accions van des de mesures per continuar fomentant la <strong>conciliaci\u00f3 laboral<\/strong> amb una progressiva adaptaci\u00f3 a la <strong>reforma hor\u00e0ria<\/strong>, i la col\u00b7laboraci\u00f3 amb empreses del sector com continuar apostant per la <strong>participaci\u00f3 activa<\/strong> en la comunitat donant suport a institucions, amb el <strong>patrocini d\u2019actes solidaris<\/strong>, i grups de la societat civil, aix\u00ed com <strong>promoure la cultura<\/strong> entre els diferents grups d\u2019inter\u00e8s.<\/p>\n<p style=\"text-align: right;\">Martina Homedes Amat<\/p>\n<p style=\"text-align: right;\">Fiscalitat i RSE<\/p>\n<p style=\"text-align: justify;\">\n","protected":false},"excerpt":{"rendered":"<p>Durant el 2016 i el 2017 hem participat al Programa RSE Pime de Respon.Cat que ens ha perm\u00e8s ordenar totes aquelles pr\u00e0ctiques que ven\u00edem duent a terme des de fa temps. El millor, per\u00f2, ha estat que ens ha perm\u00e8s detectar punts de millora que ens ajudaran a implementar la Responsabilitat Social dins del propi [&hellip;]<\/p>\n","protected":false},"author":1,"featured_media":0,"comment_status":"closed","ping_status":"closed","sticky":false,"template":"","format":"standard","meta":{"content-type":"","footnotes":""},"categories":[1147],"tags":[],"yoast_head":"<!-- This site is optimized with the Yoast SEO plugin v23.9 - https:\/\/yoast.com\/wordpress\/plugins\/seo\/ -->\n<title>L\u2019experi\u00e8ncia del Programa RSE de Respon.cat | Amat Immobiliaris<\/title>\n<meta name=\"robots\" content=\"index, follow, max-snippet:-1, max-image-preview:large, max-video-preview:-1\" \/>\n<link rel=\"canonical\" href=\"https:\/\/www.amatimmobiliaris.com\/w\/ca\/2017\/05\/experiencia-programa-rse-respon\/\" \/>\n<meta property=\"og:locale\" content=\"ca_ES\" \/>\n<meta property=\"og:type\" content=\"article\" \/>\n<meta property=\"og:title\" content=\"L\u2019experi\u00e8ncia del Programa RSE de Respon.cat | Amat Immobiliaris\" \/>\n<meta property=\"og:description\" content=\"Durant el 2016 i el 2017 hem participat al Programa RSE Pime de Respon.Cat que ens ha perm\u00e8s ordenar totes aquelles pr\u00e0ctiques que ven\u00edem duent a terme des de fa temps. El millor, per\u00f2, ha estat que ens ha perm\u00e8s detectar punts de millora que ens ajudaran a implementar la Responsabilitat Social dins del propi [&hellip;]\" \/>\n<meta property=\"og:url\" content=\"https:\/\/www.amatimmobiliaris.com\/w\/ca\/2017\/05\/experiencia-programa-rse-respon\/\" \/>\n<meta property=\"og:site_name\" content=\"Amat Immobiliaris\" \/>\n<meta property=\"article:publisher\" content=\"https:\/\/www.facebook.com\/amatimmobiliaris\" \/>\n<meta property=\"article:published_time\" content=\"2017-05-31T08:44:35+00:00\" \/>\n<meta property=\"article:modified_time\" content=\"2023-04-27T14:01:26+00:00\" \/>\n<meta property=\"og:image\" content=\"https:\/\/www.amatimmobiliaris.com\/w\/wp-content\/uploads\/2022\/01\/2014-Saga-familiar-Amat-dw-1-1024x683.jpg\" \/>\n\t<meta property=\"og:image:width\" content=\"1024\" \/>\n\t<meta property=\"og:image:height\" content=\"683\" \/>\n\t<meta property=\"og:image:type\" content=\"image\/jpeg\" \/>\n<meta name=\"author\" content=\"Amat Immobiliaris\" \/>\n<meta name=\"twitter:card\" content=\"summary_large_image\" \/>\n<meta name=\"twitter:creator\" content=\"@amat_cat\" \/>\n<meta name=\"twitter:site\" content=\"@amat_cat\" \/>\n<meta name=\"twitter:label1\" content=\"Escrit per\" \/>\n\t<meta name=\"twitter:data1\" content=\"Amat Immobiliaris\" \/>\n\t<meta name=\"twitter:label2\" content=\"Temps estimat de lectura\" \/>\n\t<meta name=\"twitter:data2\" content=\"2 minuts\" \/>\n<script type=\"application\/ld+json\" class=\"yoast-schema-graph\">{\"@context\":\"https:\/\/schema.org\",\"@graph\":[{\"@type\":\"Article\",\"@id\":\"https:\/\/www.amatimmobiliaris.com\/w\/ca\/2017\/05\/experiencia-programa-rse-respon\/#article\",\"isPartOf\":{\"@id\":\"https:\/\/www.amatimmobiliaris.com\/w\/ca\/2017\/05\/experiencia-programa-rse-respon\/\"},\"author\":{\"name\":\"Amat Immobiliaris\",\"@id\":\"https:\/\/www.amatimmobiliaris.com\/w\/#\/schema\/person\/c880da71d1e156e7ea6774ffb445e034\"},\"headline\":\"L\u2019experi\u00e8ncia del Programa RSE de Respon.cat\",\"datePublished\":\"2017-05-31T08:44:35+00:00\",\"dateModified\":\"2023-04-27T14:01:26+00:00\",\"mainEntityOfPage\":{\"@id\":\"https:\/\/www.amatimmobiliaris.com\/w\/ca\/2017\/05\/experiencia-programa-rse-respon\/\"},\"wordCount\":329,\"publisher\":{\"@id\":\"https:\/\/www.amatimmobiliaris.com\/w\/#organization\"},\"articleSection\":[\"El m\u00f3n Amat\"],\"inLanguage\":\"ca\"},{\"@type\":\"WebPage\",\"@id\":\"https:\/\/www.amatimmobiliaris.com\/w\/ca\/2017\/05\/experiencia-programa-rse-respon\/\",\"url\":\"https:\/\/www.amatimmobiliaris.com\/w\/ca\/2017\/05\/experiencia-programa-rse-respon\/\",\"name\":\"L\u2019experi\u00e8ncia del Programa RSE de Respon.cat | Amat Immobiliaris\",\"isPartOf\":{\"@id\":\"https:\/\/www.amatimmobiliaris.com\/w\/#website\"},\"datePublished\":\"2017-05-31T08:44:35+00:00\",\"dateModified\":\"2023-04-27T14:01:26+00:00\",\"breadcrumb\":{\"@id\":\"https:\/\/www.amatimmobiliaris.com\/w\/ca\/2017\/05\/experiencia-programa-rse-respon\/#breadcrumb\"},\"inLanguage\":\"ca\",\"potentialAction\":[{\"@type\":\"ReadAction\",\"target\":[\"https:\/\/www.amatimmobiliaris.com\/w\/ca\/2017\/05\/experiencia-programa-rse-respon\/\"]}]},{\"@type\":\"BreadcrumbList\",\"@id\":\"https:\/\/www.amatimmobiliaris.com\/w\/ca\/2017\/05\/experiencia-programa-rse-respon\/#breadcrumb\",\"itemListElement\":[{\"@type\":\"ListItem\",\"position\":1,\"name\":\"Home\",\"item\":\"https:\/\/www.amatimmobiliaris.com\/w\/ca\/\"},{\"@type\":\"ListItem\",\"position\":2,\"name\":\"El m\u00f3n Amat\",\"item\":\"https:\/\/www.amatimmobiliaris.com\/w\/ca\/categoria-ca\/el-mon-amat-ca\/\"},{\"@type\":\"ListItem\",\"position\":3,\"name\":\"L\u2019experi\u00e8ncia del Programa RSE de Respon.cat\"}]},{\"@type\":\"WebSite\",\"@id\":\"https:\/\/www.amatimmobiliaris.com\/w\/#website\",\"url\":\"https:\/\/www.amatimmobiliaris.com\/w\/\",\"name\":\"Amat Immobiliaris\",\"description\":\"Empresa familiar del sector inmobiliario con oficinas en Barcelona, Sant Cugat del Vall\u00e9s y Sant Just Desvern. Te ayudamos a comprar, alquilar o vender tu casa o piso. Somos un equipo coherente con una cultura de empresa honesta, innovadora y eficaz. Tambi\u00e9n en www.amatluxury.com\",\"publisher\":{\"@id\":\"https:\/\/www.amatimmobiliaris.com\/w\/#organization\"},\"alternateName\":\"AmatImmo\",\"potentialAction\":[{\"@type\":\"SearchAction\",\"target\":{\"@type\":\"EntryPoint\",\"urlTemplate\":\"https:\/\/www.amatimmobiliaris.com\/w\/?s={search_term_string}\"},\"query-input\":{\"@type\":\"PropertyValueSpecification\",\"valueRequired\":true,\"valueName\":\"search_term_string\"}}],\"inLanguage\":\"ca\"},{\"@type\":\"Organization\",\"@id\":\"https:\/\/www.amatimmobiliaris.com\/w\/#organization\",\"name\":\"Amat Immobiliaris\",\"url\":\"https:\/\/www.amatimmobiliaris.com\/w\/\",\"logo\":{\"@type\":\"ImageObject\",\"inLanguage\":\"ca\",\"@id\":\"https:\/\/www.amatimmobiliaris.com\/w\/#\/schema\/logo\/image\/\",\"url\":\"https:\/\/www.amatimmobiliaris.com\/w\/wp-content\/uploads\/2022\/10\/amat-logo.jpg\",\"contentUrl\":\"https:\/\/www.amatimmobiliaris.com\/w\/wp-content\/uploads\/2022\/10\/amat-logo.jpg\",\"width\":900,\"height\":900,\"caption\":\"Amat Immobiliaris\"},\"image\":{\"@id\":\"https:\/\/www.amatimmobiliaris.com\/w\/#\/schema\/logo\/image\/\"},\"sameAs\":[\"https:\/\/www.facebook.com\/amatimmobiliaris\",\"https:\/\/x.com\/amat_cat\",\"https:\/\/www.instagram.com\/amat_immo\/\",\"https:\/\/www.linkedin.com\/company\/amat-finques\/\",\"https:\/\/www.youtube.com\/@amatimmobiliaris\"]},{\"@type\":\"Person\",\"@id\":\"https:\/\/www.amatimmobiliaris.com\/w\/#\/schema\/person\/c880da71d1e156e7ea6774ffb445e034\",\"name\":\"Amat Immobiliaris\",\"sameAs\":[\"http:\/\/amat-inmo-wp.localhost\"]}]}<\/script>\n<!-- \/ Yoast SEO plugin. -->","yoast_head_json":{"title":"L\u2019experi\u00e8ncia del Programa RSE de Respon.cat | Amat Immobiliaris","robots":{"index":"index","follow":"follow","max-snippet":"max-snippet:-1","max-image-preview":"max-image-preview:large","max-video-preview":"max-video-preview:-1"},"canonical":"https:\/\/www.amatimmobiliaris.com\/w\/ca\/2017\/05\/experiencia-programa-rse-respon\/","og_locale":"ca_ES","og_type":"article","og_title":"L\u2019experi\u00e8ncia del Programa RSE de Respon.cat | Amat Immobiliaris","og_description":"Durant el 2016 i el 2017 hem participat al Programa RSE Pime de Respon.Cat que ens ha perm\u00e8s ordenar totes aquelles pr\u00e0ctiques que ven\u00edem duent a terme des de fa temps. El millor, per\u00f2, ha estat que ens ha perm\u00e8s detectar punts de millora que ens ajudaran a implementar la Responsabilitat Social dins del propi [&hellip;]","og_url":"https:\/\/www.amatimmobiliaris.com\/w\/ca\/2017\/05\/experiencia-programa-rse-respon\/","og_site_name":"Amat Immobiliaris","article_publisher":"https:\/\/www.facebook.com\/amatimmobiliaris","article_published_time":"2017-05-31T08:44:35+00:00","article_modified_time":"2023-04-27T14:01:26+00:00","og_image":[{"width":1024,"height":683,"url":"https:\/\/www.amatimmobiliaris.com\/w\/wp-content\/uploads\/2022\/01\/2014-Saga-familiar-Amat-dw-1-1024x683.jpg","type":"image\/jpeg"}],"author":"Amat Immobiliaris","twitter_card":"summary_large_image","twitter_creator":"@amat_cat","twitter_site":"@amat_cat","twitter_misc":{"Escrit per":"Amat Immobiliaris","Temps estimat de lectura":"2 minuts"},"schema":{"@context":"https:\/\/schema.org","@graph":[{"@type":"Article","@id":"https:\/\/www.amatimmobiliaris.com\/w\/ca\/2017\/05\/experiencia-programa-rse-respon\/#article","isPartOf":{"@id":"https:\/\/www.amatimmobiliaris.com\/w\/ca\/2017\/05\/experiencia-programa-rse-respon\/"},"author":{"name":"Amat Immobiliaris","@id":"https:\/\/www.amatimmobiliaris.com\/w\/#\/schema\/person\/c880da71d1e156e7ea6774ffb445e034"},"headline":"L\u2019experi\u00e8ncia del Programa RSE de Respon.cat","datePublished":"2017-05-31T08:44:35+00:00","dateModified":"2023-04-27T14:01:26+00:00","mainEntityOfPage":{"@id":"https:\/\/www.amatimmobiliaris.com\/w\/ca\/2017\/05\/experiencia-programa-rse-respon\/"},"wordCount":329,"publisher":{"@id":"https:\/\/www.amatimmobiliaris.com\/w\/#organization"},"articleSection":["El m\u00f3n Amat"],"inLanguage":"ca"},{"@type":"WebPage","@id":"https:\/\/www.amatimmobiliaris.com\/w\/ca\/2017\/05\/experiencia-programa-rse-respon\/","url":"https:\/\/www.amatimmobiliaris.com\/w\/ca\/2017\/05\/experiencia-programa-rse-respon\/","name":"L\u2019experi\u00e8ncia del Programa RSE de Respon.cat | Amat Immobiliaris","isPartOf":{"@id":"https:\/\/www.amatimmobiliaris.com\/w\/#website"},"datePublished":"2017-05-31T08:44:35+00:00","dateModified":"2023-04-27T14:01:26+00:00","breadcrumb":{"@id":"https:\/\/www.amatimmobiliaris.com\/w\/ca\/2017\/05\/experiencia-programa-rse-respon\/#breadcrumb"},"inLanguage":"ca","potentialAction":[{"@type":"ReadAction","target":["https:\/\/www.amatimmobiliaris.com\/w\/ca\/2017\/05\/experiencia-programa-rse-respon\/"]}]},{"@type":"BreadcrumbList","@id":"https:\/\/www.amatimmobiliaris.com\/w\/ca\/2017\/05\/experiencia-programa-rse-respon\/#breadcrumb","itemListElement":[{"@type":"ListItem","position":1,"name":"Home","item":"https:\/\/www.amatimmobiliaris.com\/w\/ca\/"},{"@type":"ListItem","position":2,"name":"El m\u00f3n Amat","item":"https:\/\/www.amatimmobiliaris.com\/w\/ca\/categoria-ca\/el-mon-amat-ca\/"},{"@type":"ListItem","position":3,"name":"L\u2019experi\u00e8ncia del Programa RSE de Respon.cat"}]},{"@type":"WebSite","@id":"https:\/\/www.amatimmobiliaris.com\/w\/#website","url":"https:\/\/www.amatimmobiliaris.com\/w\/","name":"Amat Immobiliaris","description":"Empresa familiar del sector inmobiliario con oficinas en Barcelona, Sant Cugat del Vall\u00e9s y Sant Just Desvern. Te ayudamos a comprar, alquilar o vender tu casa o piso. Somos un equipo coherente con una cultura de empresa honesta, innovadora y eficaz. Tambi\u00e9n en www.amatluxury.com","publisher":{"@id":"https:\/\/www.amatimmobiliaris.com\/w\/#organization"},"alternateName":"AmatImmo","potentialAction":[{"@type":"SearchAction","target":{"@type":"EntryPoint","urlTemplate":"https:\/\/www.amatimmobiliaris.com\/w\/?s={search_term_string}"},"query-input":{"@type":"PropertyValueSpecification","valueRequired":true,"valueName":"search_term_string"}}],"inLanguage":"ca"},{"@type":"Organization","@id":"https:\/\/www.amatimmobiliaris.com\/w\/#organization","name":"Amat Immobiliaris","url":"https:\/\/www.amatimmobiliaris.com\/w\/","logo":{"@type":"ImageObject","inLanguage":"ca","@id":"https:\/\/www.amatimmobiliaris.com\/w\/#\/schema\/logo\/image\/","url":"https:\/\/www.amatimmobiliaris.com\/w\/wp-content\/uploads\/2022\/10\/amat-logo.jpg","contentUrl":"https:\/\/www.amatimmobiliaris.com\/w\/wp-content\/uploads\/2022\/10\/amat-logo.jpg","width":900,"height":900,"caption":"Amat Immobiliaris"},"image":{"@id":"https:\/\/www.amatimmobiliaris.com\/w\/#\/schema\/logo\/image\/"},"sameAs":["https:\/\/www.facebook.com\/amatimmobiliaris","https:\/\/x.com\/amat_cat","https:\/\/www.instagram.com\/amat_immo\/","https:\/\/www.linkedin.com\/company\/amat-finques\/","https:\/\/www.youtube.com\/@amatimmobiliaris"]},{"@type":"Person","@id":"https:\/\/www.amatimmobiliaris.com\/w\/#\/schema\/person\/c880da71d1e156e7ea6774ffb445e034","name":"Amat Immobiliaris","sameAs":["http:\/\/amat-inmo-wp.localhost"]}]}},"_links":{"self":[{"href":"https:\/\/www.amatimmobiliaris.com\/w\/ca\/wp-json\/wp\/v2\/posts\/2980"}],"collection":[{"href":"https:\/\/www.amatimmobiliaris.com\/w\/ca\/wp-json\/wp\/v2\/posts"}],"about":[{"href":"https:\/\/www.amatimmobiliaris.com\/w\/ca\/wp-json\/wp\/v2\/types\/post"}],"author":[{"embeddable":true,"href":"https:\/\/www.amatimmobiliaris.com\/w\/ca\/wp-json\/wp\/v2\/users\/1"}],"replies":[{"embeddable":true,"href":"https:\/\/www.amatimmobiliaris.com\/w\/ca\/wp-json\/wp\/v2\/comments?post=2980"}],"version-history":[{"count":2,"href":"https:\/\/www.amatimmobiliaris.com\/w\/ca\/wp-json\/wp\/v2\/posts\/2980\/revisions"}],"predecessor-version":[{"id":26754,"href":"https:\/\/www.amatimmobiliaris.com\/w\/ca\/wp-json\/wp\/v2\/posts\/2980\/revisions\/26754"}],"wp:attachment":[{"href":"https:\/\/www.amatimmobiliaris.com\/w\/ca\/wp-json\/wp\/v2\/media?parent=2980"}],"wp:term":[{"taxonomy":"category","embeddable":true,"href":"https:\/\/www.amatimmobiliaris.com\/w\/ca\/wp-json\/wp\/v2\/categories?post=2980"},{"taxonomy":"post_tag","embeddable":true,"href":"https:\/\/www.amatimmobiliaris.com\/w\/ca\/wp-json\/wp\/v2\/tags?post=2980"}],"curies":[{"name":"wp","href":"https:\/\/api.w.org\/{rel}","templated":true}]}}