{"id":2975,"date":"2017-05-19T10:06:38","date_gmt":"2017-05-19T10:06:38","guid":{"rendered":"https:\/\/amat-inmo-wp.localhost\/2017\/05\/19\/poden-modificar-elements-comuns-acordats-una-obra-nova-ja-venuda\/"},"modified":"2023-05-12T11:57:08","modified_gmt":"2023-05-12T11:57:08","slug":"poden-modificar-elements-comuns-acordats-una-obra-nova-ja-venuda","status":"publish","type":"post","link":"https:\/\/www.amatimmobiliaris.com\/w\/ca\/2017\/05\/poden-modificar-elements-comuns-acordats-una-obra-nova-ja-venuda\/","title":{"rendered":"Es poden modificar elements comuns acordats en una obra nova ja venuda?"},"content":{"rendered":"<div class=\"mk-accordion-tab\"><em><strong>Pot una promotora en el decurs de l&#8217;obra, fer canvis en els elements comuns si ja ha venut departaments amb document privat?\u00a0<\/strong><\/em><\/div>\n<div class=\"mk-accordion-pane\">\n<div id=\"text-block-95\" class=\"mk-text-block \">\n<p style=\"text-align: justify;\">Aquesta pr\u00e0ctica ha estat habitual en els \u00faltims anys en que els pisos es venien sobre pl\u00e0nol, incl\u00fas abans que s&#8217;haguessin decidit tots els detalls, \u00e9s per una altra banda normal que en una obra, com element viu, que en el transcurs de la seva execuci\u00f3 pateixi algunes variacions, generalment per millorar, per molt que se l&#8217;hi hagi dedicat anteriorment a dissenyar-la.<\/p>\n<p style=\"text-align: justify;\">Per\u00f2, qu\u00e8 succeeix si els canvis es realitzen en els elements comuns?<\/p>\n<p style=\"text-align: justify;\">En principi, i aix\u00ed ho determinen diverses sent\u00e8ncies, si els canvis no afecten a la descricpi\u00f3 ni a la quota dels departaments venuts, no poden ser objecte de reclamaci\u00f3. Tot i aix\u00ed, i per a m\u00e9s seguretat, \u00e9s una pr\u00e0ctica habitual fer constar als documents privats una cl\u00e0usula on s&#8217;autoritza a la promotos a realitzar modificacions en l&#8217;escriptura d&#8217;obra nova i divisi\u00f3 i a redactar als estatus de la comunitat, o b\u00e9 a modificar-los si ja estaven redactats en el moment del document privat.<\/p>\n<p style=\"text-align: justify;\"><a href=\"https:\/\/www.amatimmobiliaris.com\/w\/servicios\/#AsesoriamientoFiscal\">M\u00e9s preguntes i respostes<\/a><\/p>\n<\/div>\n<\/div>\n","protected":false},"excerpt":{"rendered":"<p>Pot una promotora en el decurs de l&#8217;obra, fer canvis en els elements comuns si ja ha venut departaments amb document privat?\u00a0 Aquesta pr\u00e0ctica ha estat habitual en els \u00faltims anys en que els pisos es venien sobre pl\u00e0nol, incl\u00fas abans que s&#8217;haguessin decidit tots els detalls, \u00e9s per una altra banda normal que en [&hellip;]<\/p>\n","protected":false},"author":1,"featured_media":0,"comment_status":"closed","ping_status":"closed","sticky":false,"template":"","format":"standard","meta":{"content-type":"","footnotes":""},"categories":[1154],"tags":[697,1696,1681,342,312,1350,339,2018],"yoast_head":"<!-- This site is optimized with the Yoast SEO plugin v23.9 - https:\/\/yoast.com\/wordpress\/plugins\/seo\/ -->\n<title>Es poden modificar elements comuns acordats en una obra nova ja venuda? | Amat Immobiliaris<\/title>\n<meta name=\"robots\" content=\"noindex, follow\" \/>\n<meta property=\"og:locale\" content=\"ca_ES\" \/>\n<meta property=\"og:type\" content=\"article\" \/>\n<meta property=\"og:title\" content=\"Es poden modificar elements comuns acordats en una obra nova ja venuda? | Amat Immobiliaris\" \/>\n<meta property=\"og:description\" content=\"Pot una promotora en el decurs de l&#8217;obra, fer canvis en els elements comuns si ja ha venut departaments amb document privat?\u00a0 Aquesta pr\u00e0ctica ha estat habitual en els \u00faltims anys en que els pisos es venien sobre pl\u00e0nol, incl\u00fas abans que s&#8217;haguessin decidit tots els detalls, \u00e9s per una altra banda normal que en [&hellip;]\" \/>\n<meta property=\"og:url\" content=\"https:\/\/www.amatimmobiliaris.com\/w\/ca\/2017\/05\/poden-modificar-elements-comuns-acordats-una-obra-nova-ja-venuda\/\" \/>\n<meta property=\"og:site_name\" content=\"Amat Immobiliaris\" \/>\n<meta property=\"article:publisher\" content=\"https:\/\/www.facebook.com\/amatimmobiliaris\" \/>\n<meta property=\"article:published_time\" content=\"2017-05-19T10:06:38+00:00\" \/>\n<meta property=\"article:modified_time\" content=\"2023-05-12T11:57:08+00:00\" \/>\n<meta property=\"og:image\" content=\"https:\/\/www.amatimmobiliaris.com\/w\/wp-content\/uploads\/2022\/01\/2014-Saga-familiar-Amat-dw-1-1024x683.jpg\" \/>\n\t<meta property=\"og:image:width\" content=\"1024\" \/>\n\t<meta property=\"og:image:height\" content=\"683\" \/>\n\t<meta property=\"og:image:type\" content=\"image\/jpeg\" \/>\n<meta name=\"author\" content=\"Amat Immobiliaris\" \/>\n<meta name=\"twitter:card\" content=\"summary_large_image\" \/>\n<meta name=\"twitter:creator\" content=\"@amat_cat\" \/>\n<meta name=\"twitter:site\" content=\"@amat_cat\" \/>\n<meta name=\"twitter:label1\" content=\"Escrit per\" \/>\n\t<meta name=\"twitter:data1\" content=\"Amat Immobiliaris\" \/>\n\t<meta name=\"twitter:label2\" content=\"Temps estimat de lectura\" \/>\n\t<meta name=\"twitter:data2\" content=\"1 minut\" \/>\n<script type=\"application\/ld+json\" class=\"yoast-schema-graph\">{\"@context\":\"https:\/\/schema.org\",\"@graph\":[{\"@type\":\"Article\",\"@id\":\"https:\/\/www.amatimmobiliaris.com\/w\/ca\/2017\/05\/poden-modificar-elements-comuns-acordats-una-obra-nova-ja-venuda\/#article\",\"isPartOf\":{\"@id\":\"https:\/\/www.amatimmobiliaris.com\/w\/ca\/2017\/05\/poden-modificar-elements-comuns-acordats-una-obra-nova-ja-venuda\/\"},\"author\":{\"name\":\"Amat Immobiliaris\",\"@id\":\"https:\/\/www.amatimmobiliaris.com\/w\/#\/schema\/person\/c880da71d1e156e7ea6774ffb445e034\"},\"headline\":\"Es poden modificar elements comuns acordats en una obra nova ja venuda?\",\"datePublished\":\"2017-05-19T10:06:38+00:00\",\"dateModified\":\"2023-05-12T11:57:08+00:00\",\"mainEntityOfPage\":{\"@id\":\"https:\/\/www.amatimmobiliaris.com\/w\/ca\/2017\/05\/poden-modificar-elements-comuns-acordats-una-obra-nova-ja-venuda\/\"},\"wordCount\":204,\"publisher\":{\"@id\":\"https:\/\/www.amatimmobiliaris.com\/w\/#organization\"},\"keywords\":[\"Casa\",\"Comunitat\",\"Habitatge\",\"Immobiliaria\",\"Immoble\",\"Obra nova\",\"Pis\",\"Ve\u00efns\"],\"articleSection\":[\"L'usuari pregunta\"],\"inLanguage\":\"ca\"},{\"@type\":\"WebPage\",\"@id\":\"https:\/\/www.amatimmobiliaris.com\/w\/ca\/2017\/05\/poden-modificar-elements-comuns-acordats-una-obra-nova-ja-venuda\/\",\"url\":\"https:\/\/www.amatimmobiliaris.com\/w\/ca\/2017\/05\/poden-modificar-elements-comuns-acordats-una-obra-nova-ja-venuda\/\",\"name\":\"Es poden modificar elements comuns acordats en una obra nova ja venuda? | Amat Immobiliaris\",\"isPartOf\":{\"@id\":\"https:\/\/www.amatimmobiliaris.com\/w\/#website\"},\"datePublished\":\"2017-05-19T10:06:38+00:00\",\"dateModified\":\"2023-05-12T11:57:08+00:00\",\"breadcrumb\":{\"@id\":\"https:\/\/www.amatimmobiliaris.com\/w\/ca\/2017\/05\/poden-modificar-elements-comuns-acordats-una-obra-nova-ja-venuda\/#breadcrumb\"},\"inLanguage\":\"ca\",\"potentialAction\":[{\"@type\":\"ReadAction\",\"target\":[\"https:\/\/www.amatimmobiliaris.com\/w\/ca\/2017\/05\/poden-modificar-elements-comuns-acordats-una-obra-nova-ja-venuda\/\"]}]},{\"@type\":\"BreadcrumbList\",\"@id\":\"https:\/\/www.amatimmobiliaris.com\/w\/ca\/2017\/05\/poden-modificar-elements-comuns-acordats-una-obra-nova-ja-venuda\/#breadcrumb\",\"itemListElement\":[{\"@type\":\"ListItem\",\"position\":1,\"name\":\"Home\",\"item\":\"https:\/\/www.amatimmobiliaris.com\/w\/ca\/\"},{\"@type\":\"ListItem\",\"position\":2,\"name\":\"Consells\",\"item\":\"https:\/\/www.amatimmobiliaris.com\/w\/ca\/categoria-ca\/consells-ca\/\"},{\"@type\":\"ListItem\",\"position\":3,\"name\":\"L'usuari pregunta\",\"item\":\"https:\/\/www.amatimmobiliaris.com\/w\/ca\/categoria-ca\/consells-ca\/usuari-pregunta-ca\/\"},{\"@type\":\"ListItem\",\"position\":4,\"name\":\"Es poden modificar elements comuns acordats en una obra nova ja venuda?\"}]},{\"@type\":\"WebSite\",\"@id\":\"https:\/\/www.amatimmobiliaris.com\/w\/#website\",\"url\":\"https:\/\/www.amatimmobiliaris.com\/w\/\",\"name\":\"Amat Immobiliaris\",\"description\":\"Empresa familiar del sector inmobiliario con oficinas en Barcelona, Sant Cugat del Vall\u00e9s y Sant Just Desvern. Te ayudamos a comprar, alquilar o vender tu casa o piso. Somos un equipo coherente con una cultura de empresa honesta, innovadora y eficaz. Tambi\u00e9n en www.amatluxury.com\",\"publisher\":{\"@id\":\"https:\/\/www.amatimmobiliaris.com\/w\/#organization\"},\"alternateName\":\"AmatImmo\",\"potentialAction\":[{\"@type\":\"SearchAction\",\"target\":{\"@type\":\"EntryPoint\",\"urlTemplate\":\"https:\/\/www.amatimmobiliaris.com\/w\/?s={search_term_string}\"},\"query-input\":{\"@type\":\"PropertyValueSpecification\",\"valueRequired\":true,\"valueName\":\"search_term_string\"}}],\"inLanguage\":\"ca\"},{\"@type\":\"Organization\",\"@id\":\"https:\/\/www.amatimmobiliaris.com\/w\/#organization\",\"name\":\"Amat Immobiliaris\",\"url\":\"https:\/\/www.amatimmobiliaris.com\/w\/\",\"logo\":{\"@type\":\"ImageObject\",\"inLanguage\":\"ca\",\"@id\":\"https:\/\/www.amatimmobiliaris.com\/w\/#\/schema\/logo\/image\/\",\"url\":\"https:\/\/www.amatimmobiliaris.com\/w\/wp-content\/uploads\/2022\/10\/amat-logo.jpg\",\"contentUrl\":\"https:\/\/www.amatimmobiliaris.com\/w\/wp-content\/uploads\/2022\/10\/amat-logo.jpg\",\"width\":900,\"height\":900,\"caption\":\"Amat Immobiliaris\"},\"image\":{\"@id\":\"https:\/\/www.amatimmobiliaris.com\/w\/#\/schema\/logo\/image\/\"},\"sameAs\":[\"https:\/\/www.facebook.com\/amatimmobiliaris\",\"https:\/\/x.com\/amat_cat\",\"https:\/\/www.instagram.com\/amat_immo\/\",\"https:\/\/www.linkedin.com\/company\/amat-finques\/\",\"https:\/\/www.youtube.com\/@amatimmobiliaris\"]},{\"@type\":\"Person\",\"@id\":\"https:\/\/www.amatimmobiliaris.com\/w\/#\/schema\/person\/c880da71d1e156e7ea6774ffb445e034\",\"name\":\"Amat Immobiliaris\",\"sameAs\":[\"http:\/\/amat-inmo-wp.localhost\"]}]}<\/script>\n<!-- \/ Yoast SEO plugin. -->","yoast_head_json":{"title":"Es poden modificar elements comuns acordats en una obra nova ja venuda? | Amat Immobiliaris","robots":{"index":"noindex","follow":"follow"},"og_locale":"ca_ES","og_type":"article","og_title":"Es poden modificar elements comuns acordats en una obra nova ja venuda? | Amat Immobiliaris","og_description":"Pot una promotora en el decurs de l&#8217;obra, fer canvis en els elements comuns si ja ha venut departaments amb document privat?\u00a0 Aquesta pr\u00e0ctica ha estat habitual en els \u00faltims anys en que els pisos es venien sobre pl\u00e0nol, incl\u00fas abans que s&#8217;haguessin decidit tots els detalls, \u00e9s per una altra banda normal que en [&hellip;]","og_url":"https:\/\/www.amatimmobiliaris.com\/w\/ca\/2017\/05\/poden-modificar-elements-comuns-acordats-una-obra-nova-ja-venuda\/","og_site_name":"Amat Immobiliaris","article_publisher":"https:\/\/www.facebook.com\/amatimmobiliaris","article_published_time":"2017-05-19T10:06:38+00:00","article_modified_time":"2023-05-12T11:57:08+00:00","og_image":[{"width":1024,"height":683,"url":"https:\/\/www.amatimmobiliaris.com\/w\/wp-content\/uploads\/2022\/01\/2014-Saga-familiar-Amat-dw-1-1024x683.jpg","type":"image\/jpeg"}],"author":"Amat Immobiliaris","twitter_card":"summary_large_image","twitter_creator":"@amat_cat","twitter_site":"@amat_cat","twitter_misc":{"Escrit per":"Amat Immobiliaris","Temps estimat de lectura":"1 minut"},"schema":{"@context":"https:\/\/schema.org","@graph":[{"@type":"Article","@id":"https:\/\/www.amatimmobiliaris.com\/w\/ca\/2017\/05\/poden-modificar-elements-comuns-acordats-una-obra-nova-ja-venuda\/#article","isPartOf":{"@id":"https:\/\/www.amatimmobiliaris.com\/w\/ca\/2017\/05\/poden-modificar-elements-comuns-acordats-una-obra-nova-ja-venuda\/"},"author":{"name":"Amat Immobiliaris","@id":"https:\/\/www.amatimmobiliaris.com\/w\/#\/schema\/person\/c880da71d1e156e7ea6774ffb445e034"},"headline":"Es poden modificar elements comuns acordats en una obra nova ja venuda?","datePublished":"2017-05-19T10:06:38+00:00","dateModified":"2023-05-12T11:57:08+00:00","mainEntityOfPage":{"@id":"https:\/\/www.amatimmobiliaris.com\/w\/ca\/2017\/05\/poden-modificar-elements-comuns-acordats-una-obra-nova-ja-venuda\/"},"wordCount":204,"publisher":{"@id":"https:\/\/www.amatimmobiliaris.com\/w\/#organization"},"keywords":["Casa","Comunitat","Habitatge","Immobiliaria","Immoble","Obra nova","Pis","Ve\u00efns"],"articleSection":["L'usuari pregunta"],"inLanguage":"ca"},{"@type":"WebPage","@id":"https:\/\/www.amatimmobiliaris.com\/w\/ca\/2017\/05\/poden-modificar-elements-comuns-acordats-una-obra-nova-ja-venuda\/","url":"https:\/\/www.amatimmobiliaris.com\/w\/ca\/2017\/05\/poden-modificar-elements-comuns-acordats-una-obra-nova-ja-venuda\/","name":"Es poden modificar elements comuns acordats en una obra nova ja venuda? | Amat Immobiliaris","isPartOf":{"@id":"https:\/\/www.amatimmobiliaris.com\/w\/#website"},"datePublished":"2017-05-19T10:06:38+00:00","dateModified":"2023-05-12T11:57:08+00:00","breadcrumb":{"@id":"https:\/\/www.amatimmobiliaris.com\/w\/ca\/2017\/05\/poden-modificar-elements-comuns-acordats-una-obra-nova-ja-venuda\/#breadcrumb"},"inLanguage":"ca","potentialAction":[{"@type":"ReadAction","target":["https:\/\/www.amatimmobiliaris.com\/w\/ca\/2017\/05\/poden-modificar-elements-comuns-acordats-una-obra-nova-ja-venuda\/"]}]},{"@type":"BreadcrumbList","@id":"https:\/\/www.amatimmobiliaris.com\/w\/ca\/2017\/05\/poden-modificar-elements-comuns-acordats-una-obra-nova-ja-venuda\/#breadcrumb","itemListElement":[{"@type":"ListItem","position":1,"name":"Home","item":"https:\/\/www.amatimmobiliaris.com\/w\/ca\/"},{"@type":"ListItem","position":2,"name":"Consells","item":"https:\/\/www.amatimmobiliaris.com\/w\/ca\/categoria-ca\/consells-ca\/"},{"@type":"ListItem","position":3,"name":"L'usuari pregunta","item":"https:\/\/www.amatimmobiliaris.com\/w\/ca\/categoria-ca\/consells-ca\/usuari-pregunta-ca\/"},{"@type":"ListItem","position":4,"name":"Es poden modificar elements comuns acordats en una obra nova ja venuda?"}]},{"@type":"WebSite","@id":"https:\/\/www.amatimmobiliaris.com\/w\/#website","url":"https:\/\/www.amatimmobiliaris.com\/w\/","name":"Amat Immobiliaris","description":"Empresa familiar del sector inmobiliario con oficinas en Barcelona, Sant Cugat del Vall\u00e9s y Sant Just Desvern. Te ayudamos a comprar, alquilar o vender tu casa o piso. Somos un equipo coherente con una cultura de empresa honesta, innovadora y eficaz. Tambi\u00e9n en www.amatluxury.com","publisher":{"@id":"https:\/\/www.amatimmobiliaris.com\/w\/#organization"},"alternateName":"AmatImmo","potentialAction":[{"@type":"SearchAction","target":{"@type":"EntryPoint","urlTemplate":"https:\/\/www.amatimmobiliaris.com\/w\/?s={search_term_string}"},"query-input":{"@type":"PropertyValueSpecification","valueRequired":true,"valueName":"search_term_string"}}],"inLanguage":"ca"},{"@type":"Organization","@id":"https:\/\/www.amatimmobiliaris.com\/w\/#organization","name":"Amat Immobiliaris","url":"https:\/\/www.amatimmobiliaris.com\/w\/","logo":{"@type":"ImageObject","inLanguage":"ca","@id":"https:\/\/www.amatimmobiliaris.com\/w\/#\/schema\/logo\/image\/","url":"https:\/\/www.amatimmobiliaris.com\/w\/wp-content\/uploads\/2022\/10\/amat-logo.jpg","contentUrl":"https:\/\/www.amatimmobiliaris.com\/w\/wp-content\/uploads\/2022\/10\/amat-logo.jpg","width":900,"height":900,"caption":"Amat Immobiliaris"},"image":{"@id":"https:\/\/www.amatimmobiliaris.com\/w\/#\/schema\/logo\/image\/"},"sameAs":["https:\/\/www.facebook.com\/amatimmobiliaris","https:\/\/x.com\/amat_cat","https:\/\/www.instagram.com\/amat_immo\/","https:\/\/www.linkedin.com\/company\/amat-finques\/","https:\/\/www.youtube.com\/@amatimmobiliaris"]},{"@type":"Person","@id":"https:\/\/www.amatimmobiliaris.com\/w\/#\/schema\/person\/c880da71d1e156e7ea6774ffb445e034","name":"Amat Immobiliaris","sameAs":["http:\/\/amat-inmo-wp.localhost"]}]}},"_links":{"self":[{"href":"https:\/\/www.amatimmobiliaris.com\/w\/ca\/wp-json\/wp\/v2\/posts\/2975"}],"collection":[{"href":"https:\/\/www.amatimmobiliaris.com\/w\/ca\/wp-json\/wp\/v2\/posts"}],"about":[{"href":"https:\/\/www.amatimmobiliaris.com\/w\/ca\/wp-json\/wp\/v2\/types\/post"}],"author":[{"embeddable":true,"href":"https:\/\/www.amatimmobiliaris.com\/w\/ca\/wp-json\/wp\/v2\/users\/1"}],"replies":[{"embeddable":true,"href":"https:\/\/www.amatimmobiliaris.com\/w\/ca\/wp-json\/wp\/v2\/comments?post=2975"}],"version-history":[{"count":2,"href":"https:\/\/www.amatimmobiliaris.com\/w\/ca\/wp-json\/wp\/v2\/posts\/2975\/revisions"}],"predecessor-version":[{"id":24431,"href":"https:\/\/www.amatimmobiliaris.com\/w\/ca\/wp-json\/wp\/v2\/posts\/2975\/revisions\/24431"}],"wp:attachment":[{"href":"https:\/\/www.amatimmobiliaris.com\/w\/ca\/wp-json\/wp\/v2\/media?parent=2975"}],"wp:term":[{"taxonomy":"category","embeddable":true,"href":"https:\/\/www.amatimmobiliaris.com\/w\/ca\/wp-json\/wp\/v2\/categories?post=2975"},{"taxonomy":"post_tag","embeddable":true,"href":"https:\/\/www.amatimmobiliaris.com\/w\/ca\/wp-json\/wp\/v2\/tags?post=2975"}],"curies":[{"name":"wp","href":"https:\/\/api.w.org\/{rel}","templated":true}]}}