{"id":2942,"date":"2017-05-02T12:15:59","date_gmt":"2017-05-02T12:15:59","guid":{"rendered":"https:\/\/amat-inmo-wp.localhost\/2017\/05\/02\/amat-immobiliaris-nomenats-pel-segell-qualitat-formacio-professional\/"},"modified":"2023-04-13T09:03:48","modified_gmt":"2023-04-13T09:03:48","slug":"amat-immobiliaris-nomenats-pel-segell-qualitat-formacio-professional","status":"publish","type":"post","link":"https:\/\/www.amatimmobiliaris.com\/w\/ca\/2017\/05\/amat-immobiliaris-nomenats-pel-segell-qualitat-formacio-professional\/","title":{"rendered":"Amat Immobiliaris nomenats pel segell de qualitat en formaci\u00f3 professional"},"content":{"rendered":"<p style=\"text-align: justify;\">Des de fa anys a Amat practiquem l&#8217;acolliment d&#8217;estudiants estrangers per tal de <strong>fomentar la mobilitat en l&#8217;educaci\u00f3 i la\u00a0formaci\u00f3 professional<\/strong> entre d&#8217;altres pa\u00efsos europeus. Ara, aquesta aposta es veu recompensada per la <strong>nominaci\u00f3 al segell de\u00a0qualitat EQAMOB &amp; Co<\/strong>, que reconeix i destaca el comprom\u00eds de les empreses implicades en la formaci\u00f3 de les persones.<\/p>\n<p style=\"text-align: justify;\">En aquest cas, ha estat l&#8217;Institut Francesc Ferrer i Gu\u00e0rdia que ha proposat Amat Immobiliaris com a mereixedora d&#8217;aquest segell de qualitat per la nostra tasca, acollint alumnes d&#8217;altres pa\u00efsos per realitzar les seves pr\u00e0ctiques formatives.<\/p>\n<p style=\"text-align: justify;\">El segell EQAMOB &amp; Co ha estat desenvolupat per un consorci internacional (compta amb membres d&#8217;\u00c0ustria, B\u00e8lgica, Catalunya, Fran\u00e7a, Isl\u00e0ndia i It\u00e0lia) en el marc d&#8217;un projecte co-finan\u00e7at per la Comissi\u00f3 Europea, l&#8217;objectiu principal del qual \u00e9s la millora de la qualitat de les experi\u00e8ncies de mobilitat internacional dels joves europeus en formaci\u00f3 professional. Aquest reconeixement d\u00f3na fe de l&#8217;<strong>alta qualitat de l&#8217;experi\u00e8ncia professional<\/strong> que la seva empresa ha proporcionat recentment a estudiants o aprenents europeus, sempre en col\u00b7laboraci\u00f3 amb el centre de formaci\u00f3 catal\u00e0, adjudicador de la distinci\u00f3.<\/p>\n<p style=\"text-align: justify;\">L&#8217;esdeveniment d&#8217;entrega pel guanyador d&#8217;entre tots els nomenats tindr\u00e0 lloc a la seu del Departament d&#8217;Ensenyament a Barcelona el proper dimarts 9 de maig.<\/p>\n<p>&nbsp;<\/p>\n","protected":false},"excerpt":{"rendered":"<p>Des de fa anys a Amat practiquem l&#8217;acolliment d&#8217;estudiants estrangers per tal de fomentar la mobilitat en l&#8217;educaci\u00f3 i la\u00a0formaci\u00f3 professional entre d&#8217;altres pa\u00efsos europeus. Ara, aquesta aposta es veu recompensada per la nominaci\u00f3 al segell de\u00a0qualitat EQAMOB &amp; Co, que reconeix i destaca el comprom\u00eds de les empreses implicades en la formaci\u00f3 de les [&hellip;]<\/p>\n","protected":false},"author":1,"featured_media":0,"comment_status":"closed","ping_status":"open","sticky":false,"template":"","format":"standard","meta":{"content-type":"","footnotes":""},"categories":[1147],"tags":[],"yoast_head":"<!-- This site is optimized with the Yoast SEO plugin v23.9 - https:\/\/yoast.com\/wordpress\/plugins\/seo\/ -->\n<title>Amat Immobiliaris nomenats pel segell de qualitat en formaci\u00f3 professional | Amat Immobiliaris<\/title>\n<meta name=\"robots\" content=\"index, follow, max-snippet:-1, max-image-preview:large, max-video-preview:-1\" \/>\n<link rel=\"canonical\" href=\"https:\/\/www.amatimmobiliaris.com\/w\/ca\/2017\/05\/amat-immobiliaris-nomenats-pel-segell-qualitat-formacio-professional\/\" \/>\n<meta property=\"og:locale\" content=\"ca_ES\" \/>\n<meta property=\"og:type\" content=\"article\" \/>\n<meta property=\"og:title\" content=\"Amat Immobiliaris nomenats pel segell de qualitat en formaci\u00f3 professional | Amat Immobiliaris\" \/>\n<meta property=\"og:description\" content=\"Des de fa anys a Amat practiquem l&#8217;acolliment d&#8217;estudiants estrangers per tal de fomentar la mobilitat en l&#8217;educaci\u00f3 i la\u00a0formaci\u00f3 professional entre d&#8217;altres pa\u00efsos europeus. Ara, aquesta aposta es veu recompensada per la nominaci\u00f3 al segell de\u00a0qualitat EQAMOB &amp; Co, que reconeix i destaca el comprom\u00eds de les empreses implicades en la formaci\u00f3 de les [&hellip;]\" \/>\n<meta property=\"og:url\" content=\"https:\/\/www.amatimmobiliaris.com\/w\/ca\/2017\/05\/amat-immobiliaris-nomenats-pel-segell-qualitat-formacio-professional\/\" \/>\n<meta property=\"og:site_name\" content=\"Amat Immobiliaris\" \/>\n<meta property=\"article:publisher\" content=\"https:\/\/www.facebook.com\/amatimmobiliaris\" \/>\n<meta property=\"article:published_time\" content=\"2017-05-02T12:15:59+00:00\" \/>\n<meta property=\"article:modified_time\" content=\"2023-04-13T09:03:48+00:00\" \/>\n<meta property=\"og:image\" content=\"https:\/\/www.amatimmobiliaris.com\/w\/wp-content\/uploads\/2022\/01\/2014-Saga-familiar-Amat-dw-1-1024x683.jpg\" \/>\n\t<meta property=\"og:image:width\" content=\"1024\" \/>\n\t<meta property=\"og:image:height\" content=\"683\" \/>\n\t<meta property=\"og:image:type\" content=\"image\/jpeg\" \/>\n<meta name=\"author\" content=\"Amat Immobiliaris\" \/>\n<meta name=\"twitter:card\" content=\"summary_large_image\" \/>\n<meta name=\"twitter:creator\" content=\"@amat_cat\" \/>\n<meta name=\"twitter:site\" content=\"@amat_cat\" \/>\n<meta name=\"twitter:label1\" content=\"Escrit per\" \/>\n\t<meta name=\"twitter:data1\" content=\"Amat Immobiliaris\" \/>\n\t<meta name=\"twitter:label2\" content=\"Temps estimat de lectura\" \/>\n\t<meta name=\"twitter:data2\" content=\"1 minut\" \/>\n<script type=\"application\/ld+json\" class=\"yoast-schema-graph\">{\"@context\":\"https:\/\/schema.org\",\"@graph\":[{\"@type\":\"Article\",\"@id\":\"https:\/\/www.amatimmobiliaris.com\/w\/ca\/2017\/05\/amat-immobiliaris-nomenats-pel-segell-qualitat-formacio-professional\/#article\",\"isPartOf\":{\"@id\":\"https:\/\/www.amatimmobiliaris.com\/w\/ca\/2017\/05\/amat-immobiliaris-nomenats-pel-segell-qualitat-formacio-professional\/\"},\"author\":{\"name\":\"Amat Immobiliaris\",\"@id\":\"https:\/\/www.amatimmobiliaris.com\/w\/#\/schema\/person\/c880da71d1e156e7ea6774ffb445e034\"},\"headline\":\"Amat Immobiliaris nomenats pel segell de qualitat en formaci\u00f3 professional\",\"datePublished\":\"2017-05-02T12:15:59+00:00\",\"dateModified\":\"2023-04-13T09:03:48+00:00\",\"mainEntityOfPage\":{\"@id\":\"https:\/\/www.amatimmobiliaris.com\/w\/ca\/2017\/05\/amat-immobiliaris-nomenats-pel-segell-qualitat-formacio-professional\/\"},\"wordCount\":232,\"publisher\":{\"@id\":\"https:\/\/www.amatimmobiliaris.com\/w\/#organization\"},\"articleSection\":[\"El m\u00f3n Amat\"],\"inLanguage\":\"ca\"},{\"@type\":\"WebPage\",\"@id\":\"https:\/\/www.amatimmobiliaris.com\/w\/ca\/2017\/05\/amat-immobiliaris-nomenats-pel-segell-qualitat-formacio-professional\/\",\"url\":\"https:\/\/www.amatimmobiliaris.com\/w\/ca\/2017\/05\/amat-immobiliaris-nomenats-pel-segell-qualitat-formacio-professional\/\",\"name\":\"Amat Immobiliaris nomenats pel segell de qualitat en formaci\u00f3 professional | Amat Immobiliaris\",\"isPartOf\":{\"@id\":\"https:\/\/www.amatimmobiliaris.com\/w\/#website\"},\"datePublished\":\"2017-05-02T12:15:59+00:00\",\"dateModified\":\"2023-04-13T09:03:48+00:00\",\"breadcrumb\":{\"@id\":\"https:\/\/www.amatimmobiliaris.com\/w\/ca\/2017\/05\/amat-immobiliaris-nomenats-pel-segell-qualitat-formacio-professional\/#breadcrumb\"},\"inLanguage\":\"ca\",\"potentialAction\":[{\"@type\":\"ReadAction\",\"target\":[\"https:\/\/www.amatimmobiliaris.com\/w\/ca\/2017\/05\/amat-immobiliaris-nomenats-pel-segell-qualitat-formacio-professional\/\"]}]},{\"@type\":\"BreadcrumbList\",\"@id\":\"https:\/\/www.amatimmobiliaris.com\/w\/ca\/2017\/05\/amat-immobiliaris-nomenats-pel-segell-qualitat-formacio-professional\/#breadcrumb\",\"itemListElement\":[{\"@type\":\"ListItem\",\"position\":1,\"name\":\"Home\",\"item\":\"https:\/\/www.amatimmobiliaris.com\/w\/ca\/\"},{\"@type\":\"ListItem\",\"position\":2,\"name\":\"El m\u00f3n Amat\",\"item\":\"https:\/\/www.amatimmobiliaris.com\/w\/ca\/categoria-ca\/el-mon-amat-ca\/\"},{\"@type\":\"ListItem\",\"position\":3,\"name\":\"Amat Immobiliaris nomenats pel segell de qualitat en formaci\u00f3 professional\"}]},{\"@type\":\"WebSite\",\"@id\":\"https:\/\/www.amatimmobiliaris.com\/w\/#website\",\"url\":\"https:\/\/www.amatimmobiliaris.com\/w\/\",\"name\":\"Amat Immobiliaris\",\"description\":\"Empresa familiar del sector inmobiliario con oficinas en Barcelona, Sant Cugat del Vall\u00e9s y Sant Just Desvern. Te ayudamos a comprar, alquilar o vender tu casa o piso. Somos un equipo coherente con una cultura de empresa honesta, innovadora y eficaz. Tambi\u00e9n en www.amatluxury.com\",\"publisher\":{\"@id\":\"https:\/\/www.amatimmobiliaris.com\/w\/#organization\"},\"alternateName\":\"AmatImmo\",\"potentialAction\":[{\"@type\":\"SearchAction\",\"target\":{\"@type\":\"EntryPoint\",\"urlTemplate\":\"https:\/\/www.amatimmobiliaris.com\/w\/?s={search_term_string}\"},\"query-input\":{\"@type\":\"PropertyValueSpecification\",\"valueRequired\":true,\"valueName\":\"search_term_string\"}}],\"inLanguage\":\"ca\"},{\"@type\":\"Organization\",\"@id\":\"https:\/\/www.amatimmobiliaris.com\/w\/#organization\",\"name\":\"Amat Immobiliaris\",\"url\":\"https:\/\/www.amatimmobiliaris.com\/w\/\",\"logo\":{\"@type\":\"ImageObject\",\"inLanguage\":\"ca\",\"@id\":\"https:\/\/www.amatimmobiliaris.com\/w\/#\/schema\/logo\/image\/\",\"url\":\"https:\/\/www.amatimmobiliaris.com\/w\/wp-content\/uploads\/2022\/10\/amat-logo.jpg\",\"contentUrl\":\"https:\/\/www.amatimmobiliaris.com\/w\/wp-content\/uploads\/2022\/10\/amat-logo.jpg\",\"width\":900,\"height\":900,\"caption\":\"Amat Immobiliaris\"},\"image\":{\"@id\":\"https:\/\/www.amatimmobiliaris.com\/w\/#\/schema\/logo\/image\/\"},\"sameAs\":[\"https:\/\/www.facebook.com\/amatimmobiliaris\",\"https:\/\/x.com\/amat_cat\",\"https:\/\/www.instagram.com\/amat_immo\/\",\"https:\/\/www.linkedin.com\/company\/amat-finques\/\",\"https:\/\/www.youtube.com\/@amatimmobiliaris\"]},{\"@type\":\"Person\",\"@id\":\"https:\/\/www.amatimmobiliaris.com\/w\/#\/schema\/person\/c880da71d1e156e7ea6774ffb445e034\",\"name\":\"Amat Immobiliaris\",\"sameAs\":[\"http:\/\/amat-inmo-wp.localhost\"]}]}<\/script>\n<!-- \/ Yoast SEO plugin. -->","yoast_head_json":{"title":"Amat Immobiliaris nomenats pel segell de qualitat en formaci\u00f3 professional | Amat Immobiliaris","robots":{"index":"index","follow":"follow","max-snippet":"max-snippet:-1","max-image-preview":"max-image-preview:large","max-video-preview":"max-video-preview:-1"},"canonical":"https:\/\/www.amatimmobiliaris.com\/w\/ca\/2017\/05\/amat-immobiliaris-nomenats-pel-segell-qualitat-formacio-professional\/","og_locale":"ca_ES","og_type":"article","og_title":"Amat Immobiliaris nomenats pel segell de qualitat en formaci\u00f3 professional | Amat Immobiliaris","og_description":"Des de fa anys a Amat practiquem l&#8217;acolliment d&#8217;estudiants estrangers per tal de fomentar la mobilitat en l&#8217;educaci\u00f3 i la\u00a0formaci\u00f3 professional entre d&#8217;altres pa\u00efsos europeus. Ara, aquesta aposta es veu recompensada per la nominaci\u00f3 al segell de\u00a0qualitat EQAMOB &amp; Co, que reconeix i destaca el comprom\u00eds de les empreses implicades en la formaci\u00f3 de les [&hellip;]","og_url":"https:\/\/www.amatimmobiliaris.com\/w\/ca\/2017\/05\/amat-immobiliaris-nomenats-pel-segell-qualitat-formacio-professional\/","og_site_name":"Amat Immobiliaris","article_publisher":"https:\/\/www.facebook.com\/amatimmobiliaris","article_published_time":"2017-05-02T12:15:59+00:00","article_modified_time":"2023-04-13T09:03:48+00:00","og_image":[{"width":1024,"height":683,"url":"https:\/\/www.amatimmobiliaris.com\/w\/wp-content\/uploads\/2022\/01\/2014-Saga-familiar-Amat-dw-1-1024x683.jpg","type":"image\/jpeg"}],"author":"Amat Immobiliaris","twitter_card":"summary_large_image","twitter_creator":"@amat_cat","twitter_site":"@amat_cat","twitter_misc":{"Escrit per":"Amat Immobiliaris","Temps estimat de lectura":"1 minut"},"schema":{"@context":"https:\/\/schema.org","@graph":[{"@type":"Article","@id":"https:\/\/www.amatimmobiliaris.com\/w\/ca\/2017\/05\/amat-immobiliaris-nomenats-pel-segell-qualitat-formacio-professional\/#article","isPartOf":{"@id":"https:\/\/www.amatimmobiliaris.com\/w\/ca\/2017\/05\/amat-immobiliaris-nomenats-pel-segell-qualitat-formacio-professional\/"},"author":{"name":"Amat Immobiliaris","@id":"https:\/\/www.amatimmobiliaris.com\/w\/#\/schema\/person\/c880da71d1e156e7ea6774ffb445e034"},"headline":"Amat Immobiliaris nomenats pel segell de qualitat en formaci\u00f3 professional","datePublished":"2017-05-02T12:15:59+00:00","dateModified":"2023-04-13T09:03:48+00:00","mainEntityOfPage":{"@id":"https:\/\/www.amatimmobiliaris.com\/w\/ca\/2017\/05\/amat-immobiliaris-nomenats-pel-segell-qualitat-formacio-professional\/"},"wordCount":232,"publisher":{"@id":"https:\/\/www.amatimmobiliaris.com\/w\/#organization"},"articleSection":["El m\u00f3n Amat"],"inLanguage":"ca"},{"@type":"WebPage","@id":"https:\/\/www.amatimmobiliaris.com\/w\/ca\/2017\/05\/amat-immobiliaris-nomenats-pel-segell-qualitat-formacio-professional\/","url":"https:\/\/www.amatimmobiliaris.com\/w\/ca\/2017\/05\/amat-immobiliaris-nomenats-pel-segell-qualitat-formacio-professional\/","name":"Amat Immobiliaris nomenats pel segell de qualitat en formaci\u00f3 professional | Amat Immobiliaris","isPartOf":{"@id":"https:\/\/www.amatimmobiliaris.com\/w\/#website"},"datePublished":"2017-05-02T12:15:59+00:00","dateModified":"2023-04-13T09:03:48+00:00","breadcrumb":{"@id":"https:\/\/www.amatimmobiliaris.com\/w\/ca\/2017\/05\/amat-immobiliaris-nomenats-pel-segell-qualitat-formacio-professional\/#breadcrumb"},"inLanguage":"ca","potentialAction":[{"@type":"ReadAction","target":["https:\/\/www.amatimmobiliaris.com\/w\/ca\/2017\/05\/amat-immobiliaris-nomenats-pel-segell-qualitat-formacio-professional\/"]}]},{"@type":"BreadcrumbList","@id":"https:\/\/www.amatimmobiliaris.com\/w\/ca\/2017\/05\/amat-immobiliaris-nomenats-pel-segell-qualitat-formacio-professional\/#breadcrumb","itemListElement":[{"@type":"ListItem","position":1,"name":"Home","item":"https:\/\/www.amatimmobiliaris.com\/w\/ca\/"},{"@type":"ListItem","position":2,"name":"El m\u00f3n Amat","item":"https:\/\/www.amatimmobiliaris.com\/w\/ca\/categoria-ca\/el-mon-amat-ca\/"},{"@type":"ListItem","position":3,"name":"Amat Immobiliaris nomenats pel segell de qualitat en formaci\u00f3 professional"}]},{"@type":"WebSite","@id":"https:\/\/www.amatimmobiliaris.com\/w\/#website","url":"https:\/\/www.amatimmobiliaris.com\/w\/","name":"Amat Immobiliaris","description":"Empresa familiar del sector inmobiliario con oficinas en Barcelona, Sant Cugat del Vall\u00e9s y Sant Just Desvern. Te ayudamos a comprar, alquilar o vender tu casa o piso. Somos un equipo coherente con una cultura de empresa honesta, innovadora y eficaz. Tambi\u00e9n en www.amatluxury.com","publisher":{"@id":"https:\/\/www.amatimmobiliaris.com\/w\/#organization"},"alternateName":"AmatImmo","potentialAction":[{"@type":"SearchAction","target":{"@type":"EntryPoint","urlTemplate":"https:\/\/www.amatimmobiliaris.com\/w\/?s={search_term_string}"},"query-input":{"@type":"PropertyValueSpecification","valueRequired":true,"valueName":"search_term_string"}}],"inLanguage":"ca"},{"@type":"Organization","@id":"https:\/\/www.amatimmobiliaris.com\/w\/#organization","name":"Amat Immobiliaris","url":"https:\/\/www.amatimmobiliaris.com\/w\/","logo":{"@type":"ImageObject","inLanguage":"ca","@id":"https:\/\/www.amatimmobiliaris.com\/w\/#\/schema\/logo\/image\/","url":"https:\/\/www.amatimmobiliaris.com\/w\/wp-content\/uploads\/2022\/10\/amat-logo.jpg","contentUrl":"https:\/\/www.amatimmobiliaris.com\/w\/wp-content\/uploads\/2022\/10\/amat-logo.jpg","width":900,"height":900,"caption":"Amat Immobiliaris"},"image":{"@id":"https:\/\/www.amatimmobiliaris.com\/w\/#\/schema\/logo\/image\/"},"sameAs":["https:\/\/www.facebook.com\/amatimmobiliaris","https:\/\/x.com\/amat_cat","https:\/\/www.instagram.com\/amat_immo\/","https:\/\/www.linkedin.com\/company\/amat-finques\/","https:\/\/www.youtube.com\/@amatimmobiliaris"]},{"@type":"Person","@id":"https:\/\/www.amatimmobiliaris.com\/w\/#\/schema\/person\/c880da71d1e156e7ea6774ffb445e034","name":"Amat Immobiliaris","sameAs":["http:\/\/amat-inmo-wp.localhost"]}]}},"_links":{"self":[{"href":"https:\/\/www.amatimmobiliaris.com\/w\/ca\/wp-json\/wp\/v2\/posts\/2942"}],"collection":[{"href":"https:\/\/www.amatimmobiliaris.com\/w\/ca\/wp-json\/wp\/v2\/posts"}],"about":[{"href":"https:\/\/www.amatimmobiliaris.com\/w\/ca\/wp-json\/wp\/v2\/types\/post"}],"author":[{"embeddable":true,"href":"https:\/\/www.amatimmobiliaris.com\/w\/ca\/wp-json\/wp\/v2\/users\/1"}],"replies":[{"embeddable":true,"href":"https:\/\/www.amatimmobiliaris.com\/w\/ca\/wp-json\/wp\/v2\/comments?post=2942"}],"version-history":[{"count":2,"href":"https:\/\/www.amatimmobiliaris.com\/w\/ca\/wp-json\/wp\/v2\/posts\/2942\/revisions"}],"predecessor-version":[{"id":23268,"href":"https:\/\/www.amatimmobiliaris.com\/w\/ca\/wp-json\/wp\/v2\/posts\/2942\/revisions\/23268"}],"wp:attachment":[{"href":"https:\/\/www.amatimmobiliaris.com\/w\/ca\/wp-json\/wp\/v2\/media?parent=2942"}],"wp:term":[{"taxonomy":"category","embeddable":true,"href":"https:\/\/www.amatimmobiliaris.com\/w\/ca\/wp-json\/wp\/v2\/categories?post=2942"},{"taxonomy":"post_tag","embeddable":true,"href":"https:\/\/www.amatimmobiliaris.com\/w\/ca\/wp-json\/wp\/v2\/tags?post=2942"}],"curies":[{"name":"wp","href":"https:\/\/api.w.org\/{rel}","templated":true}]}}