{"id":2932,"date":"2017-05-02T09:19:00","date_gmt":"2017-05-02T09:19:00","guid":{"rendered":"https:\/\/amat-inmo-wp.localhost\/2017\/05\/02\/xi-jornades-inmointer-fiabci-barcelona\/"},"modified":"2023-04-27T14:46:42","modified_gmt":"2023-04-27T14:46:42","slug":"xi-jornades-inmointer-fiabci-barcelona","status":"publish","type":"post","link":"https:\/\/www.amatimmobiliaris.com\/w\/ca\/2017\/05\/xi-jornades-inmointer-fiabci-barcelona\/","title":{"rendered":"XI Jornades Inmointer FIABCI a Barcelona"},"content":{"rendered":"<p style=\"text-align: justify;\">Ja fa uns dies vam organitzar\u00a0juntament amb <a href=\"http:\/\/www.fiabcispain.com\/index.php\/noticias\/313-inmointer-fiabci-instrumento-para-internacionalizar-tu-negocio.html\">Fiabci Spain<\/a> les onzenes jornades InmoInter. Aquest cop es va plantejar una taula rodona amb tres Cambres de Comer\u00e7 representatives dels principals inversors estrangers que tenim, i una segona part amb un an\u00e0lisi global del comprador estranger feta per <a href=\"https:\/\/www.spanishpropertyinsight.com\/\">Mark Stucklin<\/a>.<\/p>\n<p style=\"text-align: justify;\">Les tres Cambres representades van ser la Francesa, la Brit\u00e0nica i la Sueca. Totes tres nacionalitats <strong>representen una part molt importants de la inversi\u00f3<\/strong> estrangera a Espanya.<\/p>\n<p style=\"text-align: justify;\"><strong>Els Brit\u00e0nics s\u00f3n els grans inversors estrangers<\/strong>, molt per sobre de la resta de nacionalitats. \u00c9s evident que l&#8217;an\u00e0lisi fet va comen\u00e7ar pel Brexit i els seus efectes. El que m\u00e9s afecta \u00e9s la incertesa que s\u2019ha generat i la evoluci\u00f3 de la Lliura respecte l\u2019Euro. Les dades que va mostrar posteriorment Mark Stucklin demostraven com tot i el Brexit, si la relaci\u00f3 Lliura respecte Euros est\u00e0 a l\u2019entorn del 1,2, doncs la inversi\u00f3 continua endavant tot i el <strong><a href=\"https:\/\/www.amatimmobiliaris.com\/w\/ca\/2016\/02\/limpacte-del-brexit\/\">Brexit<\/a>.<\/strong><\/p>\n<p style=\"text-align: justify;\"><strong>Fran\u00e7a \u00e9s el segon inversor a Espanya<\/strong>, per\u00f2 el primer a Catalunya, i d\u2019aqu\u00ed la seva import\u00e0ncia. La representant de la Cambra Francesa va fer especial emf\u00e0si a la import\u00e0ncia no de parlar l\u2019idioma de l\u2019inversor, sin\u00f3 de\u00a0con\u00e8ixer b\u00e9 la seva cultura i els seus processos immobiliaris al seu pa\u00eds d\u2019origen. Amb aquesta informaci\u00f3 se\u00a0sustenta la base principal d\u2019una venda a un comprador estranger, la confian\u00e7a. Sabent com pensen i com es treballa al pa\u00eds d\u2019origen es poden anticipar les difer\u00e8ncies i informar d\u2019aquestes als inversors, d\u2019aquesta forma els processos de venda s\u00f3n molt m\u00e9s senzills.<\/p>\n<p style=\"text-align: justify;\"><strong>Els Suecs<\/strong> s\u00f3n menys importants en n\u00fameros absoluts, per\u00f2 si es compara amb la poblaci\u00f3 de Su\u00e8cia la quantitat d\u2019inversors que aterren a Espanya \u00e9s molt important. Tamb\u00e9 s\u00f3n una mica <strong>l\u2019inversor \u201crevelaci\u00f3\u201d<\/strong> dels dos \u00faltims anys a la ciutat de Barcelona. La Cambra Sueca va fer una detallada radiografia de com s\u00f3n aquests inversors i qu\u00e8 busquen a la ciutat de Barcelona.<\/p>\n<p style=\"text-align: justify;\">La segona part va ser un an\u00e0lisi detallada\u00a0de la inversi\u00f3 estrangera a Espanya i de com es distribueix aquesta per les diferents prov\u00edncies d\u2019Espanya. Tamb\u00e9 va comentar com algunes nacionalitats estan guanyant protagonisme molt r\u00e0pidament aquest 2017, com poden ser els turcs.<\/p>\n<p style=\"text-align: justify;\">En conclusi\u00f3, una<strong> jornada molt interessant<\/strong>, on es va veure la import\u00e0ncia de treballar amb les Cambres de Comer\u00e7, ja que s\u00f3n el nexe d\u2019uni\u00f3 entre el pa\u00eds d\u2019origen dels inversors i el lloc on han decidit invertir. A m\u00e9s s\u00f3n una font d\u2019informaci\u00f3 molt valuosa per con\u00e8ixer b\u00e9 aquests inversors. En definitiva, que segurament en breu organitzarem m\u00e9s jornades com aquesta ja que ens vam quedar amb ganes de m\u00e9s.<\/p>\n<div id='gallery-1' class='gallery galleryid-2932 gallery-columns-3 gallery-size-medium'><figure class='gallery-item'>\n\t\t\t<div class='gallery-icon landscape'>\n\t\t\t\t<a href='https:\/\/www.amatimmobiliaris.com\/w\/ca\/2017\/05\/xi-jornades-inmointer-fiabci-barcelona\/img_1778\/'><img loading=\"lazy\" decoding=\"async\" width=\"300\" height=\"225\" src=\"https:\/\/www.amatimmobiliaris.com\/w\/wp-content\/uploads\/2022\/01\/img_1778-300x225.jpg\" class=\"attachment-medium size-medium\" alt=\"\" srcset=\"https:\/\/www.amatimmobiliaris.com\/w\/wp-content\/uploads\/2022\/01\/img_1778-300x225.jpg 300w, https:\/\/www.amatimmobiliaris.com\/w\/wp-content\/uploads\/2022\/01\/img_1778-1024x768.jpg 1024w, https:\/\/www.amatimmobiliaris.com\/w\/wp-content\/uploads\/2022\/01\/img_1778-768x576.jpg 768w, https:\/\/www.amatimmobiliaris.com\/w\/wp-content\/uploads\/2022\/01\/img_1778-1536x1152.jpg 1536w, https:\/\/www.amatimmobiliaris.com\/w\/wp-content\/uploads\/2022\/01\/img_1778.jpg 1600w\" sizes=\"(max-width: 300px) 100vw, 300px\" \/><\/a>\n\t\t\t<\/div><\/figure><figure class='gallery-item'>\n\t\t\t<div class='gallery-icon landscape'>\n\t\t\t\t<a href='https:\/\/www.amatimmobiliaris.com\/w\/ca\/2017\/05\/xi-jornades-inmointer-fiabci-barcelona\/img_1779\/'><img loading=\"lazy\" decoding=\"async\" width=\"300\" height=\"225\" src=\"https:\/\/www.amatimmobiliaris.com\/w\/wp-content\/uploads\/2022\/01\/img_1779-300x225.jpg\" class=\"attachment-medium size-medium\" alt=\"\" srcset=\"https:\/\/www.amatimmobiliaris.com\/w\/wp-content\/uploads\/2022\/01\/img_1779-300x225.jpg 300w, https:\/\/www.amatimmobiliaris.com\/w\/wp-content\/uploads\/2022\/01\/img_1779-1024x768.jpg 1024w, https:\/\/www.amatimmobiliaris.com\/w\/wp-content\/uploads\/2022\/01\/img_1779-768x576.jpg 768w, https:\/\/www.amatimmobiliaris.com\/w\/wp-content\/uploads\/2022\/01\/img_1779-1536x1152.jpg 1536w, https:\/\/www.amatimmobiliaris.com\/w\/wp-content\/uploads\/2022\/01\/img_1779.jpg 1600w\" sizes=\"(max-width: 300px) 100vw, 300px\" \/><\/a>\n\t\t\t<\/div><\/figure><figure class='gallery-item'>\n\t\t\t<div class='gallery-icon landscape'>\n\t\t\t\t<a href='https:\/\/www.amatimmobiliaris.com\/w\/ca\/2017\/05\/xi-jornades-inmointer-fiabci-barcelona\/img_1777\/'><img loading=\"lazy\" decoding=\"async\" width=\"300\" height=\"225\" src=\"https:\/\/www.amatimmobiliaris.com\/w\/wp-content\/uploads\/2022\/01\/img_1777-300x225.jpg\" class=\"attachment-medium size-medium\" alt=\"\" srcset=\"https:\/\/www.amatimmobiliaris.com\/w\/wp-content\/uploads\/2022\/01\/img_1777-300x225.jpg 300w, https:\/\/www.amatimmobiliaris.com\/w\/wp-content\/uploads\/2022\/01\/img_1777-1024x768.jpg 1024w, https:\/\/www.amatimmobiliaris.com\/w\/wp-content\/uploads\/2022\/01\/img_1777-768x576.jpg 768w, https:\/\/www.amatimmobiliaris.com\/w\/wp-content\/uploads\/2022\/01\/img_1777-1536x1152.jpg 1536w, https:\/\/www.amatimmobiliaris.com\/w\/wp-content\/uploads\/2022\/01\/img_1777.jpg 1600w\" sizes=\"(max-width: 300px) 100vw, 300px\" \/><\/a>\n\t\t\t<\/div><\/figure>\n\t\t<\/div>\n\n<p style=\"text-align: right;\"><strong>Guifr\u00e9 Homedes<\/strong><\/p>\n<p style=\"text-align: right;\"><strong>Gerent oficina Barcelona<\/strong><\/p>\n","protected":false},"excerpt":{"rendered":"<p>Ja fa uns dies vam organitzar\u00a0juntament amb Fiabci Spain les onzenes jornades InmoInter. Aquest cop es va plantejar una taula rodona amb tres Cambres de Comer\u00e7 representatives dels principals inversors estrangers que tenim, i una segona part amb un an\u00e0lisi global del comprador estranger feta per Mark Stucklin. Les tres Cambres representades van ser la [&hellip;]<\/p>\n","protected":false},"author":1,"featured_media":2933,"comment_status":"closed","ping_status":"open","sticky":false,"template":"","format":"standard","meta":{"content-type":"","footnotes":""},"categories":[1155],"tags":[],"yoast_head":"<!-- This site is optimized with the Yoast SEO plugin v23.9 - https:\/\/yoast.com\/wordpress\/plugins\/seo\/ -->\n<title>XI Jornades Inmointer FIABCI a Barcelona | Amat Immobiliaris<\/title>\n<meta name=\"robots\" content=\"index, follow, max-snippet:-1, max-image-preview:large, max-video-preview:-1\" \/>\n<link rel=\"canonical\" href=\"https:\/\/www.amatimmobiliaris.com\/w\/ca\/2017\/05\/xi-jornades-inmointer-fiabci-barcelona\/\" \/>\n<meta property=\"og:locale\" content=\"ca_ES\" \/>\n<meta property=\"og:type\" content=\"article\" \/>\n<meta property=\"og:title\" content=\"XI Jornades Inmointer FIABCI a Barcelona | Amat Immobiliaris\" \/>\n<meta property=\"og:description\" content=\"Ja fa uns dies vam organitzar\u00a0juntament amb Fiabci Spain les onzenes jornades InmoInter. Aquest cop es va plantejar una taula rodona amb tres Cambres de Comer\u00e7 representatives dels principals inversors estrangers que tenim, i una segona part amb un an\u00e0lisi global del comprador estranger feta per Mark Stucklin. Les tres Cambres representades van ser la [&hellip;]\" \/>\n<meta property=\"og:url\" content=\"https:\/\/www.amatimmobiliaris.com\/w\/ca\/2017\/05\/xi-jornades-inmointer-fiabci-barcelona\/\" \/>\n<meta property=\"og:site_name\" content=\"Amat Immobiliaris\" \/>\n<meta property=\"article:publisher\" content=\"https:\/\/www.facebook.com\/amatimmobiliaris\" \/>\n<meta property=\"article:published_time\" content=\"2017-05-02T09:19:00+00:00\" \/>\n<meta property=\"article:modified_time\" content=\"2023-04-27T14:46:42+00:00\" \/>\n<meta property=\"og:image\" content=\"https:\/\/www.amatimmobiliaris.com\/w\/wp-content\/uploads\/2022\/01\/img_1778.jpg\" \/>\n\t<meta property=\"og:image:width\" content=\"1600\" \/>\n\t<meta property=\"og:image:height\" content=\"1200\" \/>\n\t<meta property=\"og:image:type\" content=\"image\/jpeg\" \/>\n<meta name=\"author\" content=\"Amat Immobiliaris\" \/>\n<meta name=\"twitter:card\" content=\"summary_large_image\" \/>\n<meta name=\"twitter:creator\" content=\"@amat_cat\" \/>\n<meta name=\"twitter:site\" content=\"@amat_cat\" \/>\n<meta name=\"twitter:label1\" content=\"Escrit per\" \/>\n\t<meta name=\"twitter:data1\" content=\"Amat Immobiliaris\" \/>\n\t<meta name=\"twitter:label2\" content=\"Temps estimat de lectura\" \/>\n\t<meta name=\"twitter:data2\" content=\"2 minuts\" \/>\n<script type=\"application\/ld+json\" class=\"yoast-schema-graph\">{\"@context\":\"https:\/\/schema.org\",\"@graph\":[{\"@type\":\"Article\",\"@id\":\"https:\/\/www.amatimmobiliaris.com\/w\/ca\/2017\/05\/xi-jornades-inmointer-fiabci-barcelona\/#article\",\"isPartOf\":{\"@id\":\"https:\/\/www.amatimmobiliaris.com\/w\/ca\/2017\/05\/xi-jornades-inmointer-fiabci-barcelona\/\"},\"author\":{\"name\":\"Amat Immobiliaris\",\"@id\":\"https:\/\/www.amatimmobiliaris.com\/w\/#\/schema\/person\/c880da71d1e156e7ea6774ffb445e034\"},\"headline\":\"XI Jornades Inmointer FIABCI a Barcelona\",\"datePublished\":\"2017-05-02T09:19:00+00:00\",\"dateModified\":\"2023-04-27T14:46:42+00:00\",\"mainEntityOfPage\":{\"@id\":\"https:\/\/www.amatimmobiliaris.com\/w\/ca\/2017\/05\/xi-jornades-inmointer-fiabci-barcelona\/\"},\"wordCount\":495,\"publisher\":{\"@id\":\"https:\/\/www.amatimmobiliaris.com\/w\/#organization\"},\"image\":{\"@id\":\"https:\/\/www.amatimmobiliaris.com\/w\/ca\/2017\/05\/xi-jornades-inmointer-fiabci-barcelona\/#primaryimage\"},\"thumbnailUrl\":\"https:\/\/www.amatimmobiliaris.com\/w\/wp-content\/uploads\/2022\/01\/img_1778.jpg\",\"articleSection\":[\"Esdeveniments\"],\"inLanguage\":\"ca\"},{\"@type\":\"WebPage\",\"@id\":\"https:\/\/www.amatimmobiliaris.com\/w\/ca\/2017\/05\/xi-jornades-inmointer-fiabci-barcelona\/\",\"url\":\"https:\/\/www.amatimmobiliaris.com\/w\/ca\/2017\/05\/xi-jornades-inmointer-fiabci-barcelona\/\",\"name\":\"XI Jornades Inmointer FIABCI a Barcelona | Amat Immobiliaris\",\"isPartOf\":{\"@id\":\"https:\/\/www.amatimmobiliaris.com\/w\/#website\"},\"primaryImageOfPage\":{\"@id\":\"https:\/\/www.amatimmobiliaris.com\/w\/ca\/2017\/05\/xi-jornades-inmointer-fiabci-barcelona\/#primaryimage\"},\"image\":{\"@id\":\"https:\/\/www.amatimmobiliaris.com\/w\/ca\/2017\/05\/xi-jornades-inmointer-fiabci-barcelona\/#primaryimage\"},\"thumbnailUrl\":\"https:\/\/www.amatimmobiliaris.com\/w\/wp-content\/uploads\/2022\/01\/img_1778.jpg\",\"datePublished\":\"2017-05-02T09:19:00+00:00\",\"dateModified\":\"2023-04-27T14:46:42+00:00\",\"breadcrumb\":{\"@id\":\"https:\/\/www.amatimmobiliaris.com\/w\/ca\/2017\/05\/xi-jornades-inmointer-fiabci-barcelona\/#breadcrumb\"},\"inLanguage\":\"ca\",\"potentialAction\":[{\"@type\":\"ReadAction\",\"target\":[\"https:\/\/www.amatimmobiliaris.com\/w\/ca\/2017\/05\/xi-jornades-inmointer-fiabci-barcelona\/\"]}]},{\"@type\":\"ImageObject\",\"inLanguage\":\"ca\",\"@id\":\"https:\/\/www.amatimmobiliaris.com\/w\/ca\/2017\/05\/xi-jornades-inmointer-fiabci-barcelona\/#primaryimage\",\"url\":\"https:\/\/www.amatimmobiliaris.com\/w\/wp-content\/uploads\/2022\/01\/img_1778.jpg\",\"contentUrl\":\"https:\/\/www.amatimmobiliaris.com\/w\/wp-content\/uploads\/2022\/01\/img_1778.jpg\",\"width\":1600,\"height\":1200},{\"@type\":\"BreadcrumbList\",\"@id\":\"https:\/\/www.amatimmobiliaris.com\/w\/ca\/2017\/05\/xi-jornades-inmointer-fiabci-barcelona\/#breadcrumb\",\"itemListElement\":[{\"@type\":\"ListItem\",\"position\":1,\"name\":\"Home\",\"item\":\"https:\/\/www.amatimmobiliaris.com\/w\/ca\/\"},{\"@type\":\"ListItem\",\"position\":2,\"name\":\"Esdeveniments\",\"item\":\"https:\/\/www.amatimmobiliaris.com\/w\/ca\/categoria-ca\/esdeveniments-ca\/\"},{\"@type\":\"ListItem\",\"position\":3,\"name\":\"XI Jornades Inmointer FIABCI a Barcelona\"}]},{\"@type\":\"WebSite\",\"@id\":\"https:\/\/www.amatimmobiliaris.com\/w\/#website\",\"url\":\"https:\/\/www.amatimmobiliaris.com\/w\/\",\"name\":\"Amat Immobiliaris\",\"description\":\"Empresa familiar del sector inmobiliario con oficinas en Barcelona, Sant Cugat del Vall\u00e9s y Sant Just Desvern. Te ayudamos a comprar, alquilar o vender tu casa o piso. Somos un equipo coherente con una cultura de empresa honesta, innovadora y eficaz. Tambi\u00e9n en www.amatluxury.com\",\"publisher\":{\"@id\":\"https:\/\/www.amatimmobiliaris.com\/w\/#organization\"},\"alternateName\":\"AmatImmo\",\"potentialAction\":[{\"@type\":\"SearchAction\",\"target\":{\"@type\":\"EntryPoint\",\"urlTemplate\":\"https:\/\/www.amatimmobiliaris.com\/w\/?s={search_term_string}\"},\"query-input\":{\"@type\":\"PropertyValueSpecification\",\"valueRequired\":true,\"valueName\":\"search_term_string\"}}],\"inLanguage\":\"ca\"},{\"@type\":\"Organization\",\"@id\":\"https:\/\/www.amatimmobiliaris.com\/w\/#organization\",\"name\":\"Amat Immobiliaris\",\"url\":\"https:\/\/www.amatimmobiliaris.com\/w\/\",\"logo\":{\"@type\":\"ImageObject\",\"inLanguage\":\"ca\",\"@id\":\"https:\/\/www.amatimmobiliaris.com\/w\/#\/schema\/logo\/image\/\",\"url\":\"https:\/\/www.amatimmobiliaris.com\/w\/wp-content\/uploads\/2022\/10\/amat-logo.jpg\",\"contentUrl\":\"https:\/\/www.amatimmobiliaris.com\/w\/wp-content\/uploads\/2022\/10\/amat-logo.jpg\",\"width\":900,\"height\":900,\"caption\":\"Amat Immobiliaris\"},\"image\":{\"@id\":\"https:\/\/www.amatimmobiliaris.com\/w\/#\/schema\/logo\/image\/\"},\"sameAs\":[\"https:\/\/www.facebook.com\/amatimmobiliaris\",\"https:\/\/x.com\/amat_cat\",\"https:\/\/www.instagram.com\/amat_immo\/\",\"https:\/\/www.linkedin.com\/company\/amat-finques\/\",\"https:\/\/www.youtube.com\/@amatimmobiliaris\"]},{\"@type\":\"Person\",\"@id\":\"https:\/\/www.amatimmobiliaris.com\/w\/#\/schema\/person\/c880da71d1e156e7ea6774ffb445e034\",\"name\":\"Amat Immobiliaris\",\"sameAs\":[\"http:\/\/amat-inmo-wp.localhost\"]}]}<\/script>\n<!-- \/ Yoast SEO plugin. -->","yoast_head_json":{"title":"XI Jornades Inmointer FIABCI a Barcelona | Amat Immobiliaris","robots":{"index":"index","follow":"follow","max-snippet":"max-snippet:-1","max-image-preview":"max-image-preview:large","max-video-preview":"max-video-preview:-1"},"canonical":"https:\/\/www.amatimmobiliaris.com\/w\/ca\/2017\/05\/xi-jornades-inmointer-fiabci-barcelona\/","og_locale":"ca_ES","og_type":"article","og_title":"XI Jornades Inmointer FIABCI a Barcelona | Amat Immobiliaris","og_description":"Ja fa uns dies vam organitzar\u00a0juntament amb Fiabci Spain les onzenes jornades InmoInter. Aquest cop es va plantejar una taula rodona amb tres Cambres de Comer\u00e7 representatives dels principals inversors estrangers que tenim, i una segona part amb un an\u00e0lisi global del comprador estranger feta per Mark Stucklin. Les tres Cambres representades van ser la [&hellip;]","og_url":"https:\/\/www.amatimmobiliaris.com\/w\/ca\/2017\/05\/xi-jornades-inmointer-fiabci-barcelona\/","og_site_name":"Amat Immobiliaris","article_publisher":"https:\/\/www.facebook.com\/amatimmobiliaris","article_published_time":"2017-05-02T09:19:00+00:00","article_modified_time":"2023-04-27T14:46:42+00:00","og_image":[{"width":1600,"height":1200,"url":"https:\/\/www.amatimmobiliaris.com\/w\/wp-content\/uploads\/2022\/01\/img_1778.jpg","type":"image\/jpeg"}],"author":"Amat Immobiliaris","twitter_card":"summary_large_image","twitter_creator":"@amat_cat","twitter_site":"@amat_cat","twitter_misc":{"Escrit per":"Amat Immobiliaris","Temps estimat de lectura":"2 minuts"},"schema":{"@context":"https:\/\/schema.org","@graph":[{"@type":"Article","@id":"https:\/\/www.amatimmobiliaris.com\/w\/ca\/2017\/05\/xi-jornades-inmointer-fiabci-barcelona\/#article","isPartOf":{"@id":"https:\/\/www.amatimmobiliaris.com\/w\/ca\/2017\/05\/xi-jornades-inmointer-fiabci-barcelona\/"},"author":{"name":"Amat Immobiliaris","@id":"https:\/\/www.amatimmobiliaris.com\/w\/#\/schema\/person\/c880da71d1e156e7ea6774ffb445e034"},"headline":"XI Jornades Inmointer FIABCI a Barcelona","datePublished":"2017-05-02T09:19:00+00:00","dateModified":"2023-04-27T14:46:42+00:00","mainEntityOfPage":{"@id":"https:\/\/www.amatimmobiliaris.com\/w\/ca\/2017\/05\/xi-jornades-inmointer-fiabci-barcelona\/"},"wordCount":495,"publisher":{"@id":"https:\/\/www.amatimmobiliaris.com\/w\/#organization"},"image":{"@id":"https:\/\/www.amatimmobiliaris.com\/w\/ca\/2017\/05\/xi-jornades-inmointer-fiabci-barcelona\/#primaryimage"},"thumbnailUrl":"https:\/\/www.amatimmobiliaris.com\/w\/wp-content\/uploads\/2022\/01\/img_1778.jpg","articleSection":["Esdeveniments"],"inLanguage":"ca"},{"@type":"WebPage","@id":"https:\/\/www.amatimmobiliaris.com\/w\/ca\/2017\/05\/xi-jornades-inmointer-fiabci-barcelona\/","url":"https:\/\/www.amatimmobiliaris.com\/w\/ca\/2017\/05\/xi-jornades-inmointer-fiabci-barcelona\/","name":"XI Jornades Inmointer FIABCI a Barcelona | Amat Immobiliaris","isPartOf":{"@id":"https:\/\/www.amatimmobiliaris.com\/w\/#website"},"primaryImageOfPage":{"@id":"https:\/\/www.amatimmobiliaris.com\/w\/ca\/2017\/05\/xi-jornades-inmointer-fiabci-barcelona\/#primaryimage"},"image":{"@id":"https:\/\/www.amatimmobiliaris.com\/w\/ca\/2017\/05\/xi-jornades-inmointer-fiabci-barcelona\/#primaryimage"},"thumbnailUrl":"https:\/\/www.amatimmobiliaris.com\/w\/wp-content\/uploads\/2022\/01\/img_1778.jpg","datePublished":"2017-05-02T09:19:00+00:00","dateModified":"2023-04-27T14:46:42+00:00","breadcrumb":{"@id":"https:\/\/www.amatimmobiliaris.com\/w\/ca\/2017\/05\/xi-jornades-inmointer-fiabci-barcelona\/#breadcrumb"},"inLanguage":"ca","potentialAction":[{"@type":"ReadAction","target":["https:\/\/www.amatimmobiliaris.com\/w\/ca\/2017\/05\/xi-jornades-inmointer-fiabci-barcelona\/"]}]},{"@type":"ImageObject","inLanguage":"ca","@id":"https:\/\/www.amatimmobiliaris.com\/w\/ca\/2017\/05\/xi-jornades-inmointer-fiabci-barcelona\/#primaryimage","url":"https:\/\/www.amatimmobiliaris.com\/w\/wp-content\/uploads\/2022\/01\/img_1778.jpg","contentUrl":"https:\/\/www.amatimmobiliaris.com\/w\/wp-content\/uploads\/2022\/01\/img_1778.jpg","width":1600,"height":1200},{"@type":"BreadcrumbList","@id":"https:\/\/www.amatimmobiliaris.com\/w\/ca\/2017\/05\/xi-jornades-inmointer-fiabci-barcelona\/#breadcrumb","itemListElement":[{"@type":"ListItem","position":1,"name":"Home","item":"https:\/\/www.amatimmobiliaris.com\/w\/ca\/"},{"@type":"ListItem","position":2,"name":"Esdeveniments","item":"https:\/\/www.amatimmobiliaris.com\/w\/ca\/categoria-ca\/esdeveniments-ca\/"},{"@type":"ListItem","position":3,"name":"XI Jornades Inmointer FIABCI a Barcelona"}]},{"@type":"WebSite","@id":"https:\/\/www.amatimmobiliaris.com\/w\/#website","url":"https:\/\/www.amatimmobiliaris.com\/w\/","name":"Amat Immobiliaris","description":"Empresa familiar del sector inmobiliario con oficinas en Barcelona, Sant Cugat del Vall\u00e9s y Sant Just Desvern. Te ayudamos a comprar, alquilar o vender tu casa o piso. Somos un equipo coherente con una cultura de empresa honesta, innovadora y eficaz. Tambi\u00e9n en www.amatluxury.com","publisher":{"@id":"https:\/\/www.amatimmobiliaris.com\/w\/#organization"},"alternateName":"AmatImmo","potentialAction":[{"@type":"SearchAction","target":{"@type":"EntryPoint","urlTemplate":"https:\/\/www.amatimmobiliaris.com\/w\/?s={search_term_string}"},"query-input":{"@type":"PropertyValueSpecification","valueRequired":true,"valueName":"search_term_string"}}],"inLanguage":"ca"},{"@type":"Organization","@id":"https:\/\/www.amatimmobiliaris.com\/w\/#organization","name":"Amat Immobiliaris","url":"https:\/\/www.amatimmobiliaris.com\/w\/","logo":{"@type":"ImageObject","inLanguage":"ca","@id":"https:\/\/www.amatimmobiliaris.com\/w\/#\/schema\/logo\/image\/","url":"https:\/\/www.amatimmobiliaris.com\/w\/wp-content\/uploads\/2022\/10\/amat-logo.jpg","contentUrl":"https:\/\/www.amatimmobiliaris.com\/w\/wp-content\/uploads\/2022\/10\/amat-logo.jpg","width":900,"height":900,"caption":"Amat Immobiliaris"},"image":{"@id":"https:\/\/www.amatimmobiliaris.com\/w\/#\/schema\/logo\/image\/"},"sameAs":["https:\/\/www.facebook.com\/amatimmobiliaris","https:\/\/x.com\/amat_cat","https:\/\/www.instagram.com\/amat_immo\/","https:\/\/www.linkedin.com\/company\/amat-finques\/","https:\/\/www.youtube.com\/@amatimmobiliaris"]},{"@type":"Person","@id":"https:\/\/www.amatimmobiliaris.com\/w\/#\/schema\/person\/c880da71d1e156e7ea6774ffb445e034","name":"Amat Immobiliaris","sameAs":["http:\/\/amat-inmo-wp.localhost"]}]}},"_links":{"self":[{"href":"https:\/\/www.amatimmobiliaris.com\/w\/ca\/wp-json\/wp\/v2\/posts\/2932"}],"collection":[{"href":"https:\/\/www.amatimmobiliaris.com\/w\/ca\/wp-json\/wp\/v2\/posts"}],"about":[{"href":"https:\/\/www.amatimmobiliaris.com\/w\/ca\/wp-json\/wp\/v2\/types\/post"}],"author":[{"embeddable":true,"href":"https:\/\/www.amatimmobiliaris.com\/w\/ca\/wp-json\/wp\/v2\/users\/1"}],"replies":[{"embeddable":true,"href":"https:\/\/www.amatimmobiliaris.com\/w\/ca\/wp-json\/wp\/v2\/comments?post=2932"}],"version-history":[{"count":3,"href":"https:\/\/www.amatimmobiliaris.com\/w\/ca\/wp-json\/wp\/v2\/posts\/2932\/revisions"}],"predecessor-version":[{"id":27200,"href":"https:\/\/www.amatimmobiliaris.com\/w\/ca\/wp-json\/wp\/v2\/posts\/2932\/revisions\/27200"}],"wp:featuredmedia":[{"embeddable":true,"href":"https:\/\/www.amatimmobiliaris.com\/w\/ca\/wp-json\/wp\/v2\/media\/2933"}],"wp:attachment":[{"href":"https:\/\/www.amatimmobiliaris.com\/w\/ca\/wp-json\/wp\/v2\/media?parent=2932"}],"wp:term":[{"taxonomy":"category","embeddable":true,"href":"https:\/\/www.amatimmobiliaris.com\/w\/ca\/wp-json\/wp\/v2\/categories?post=2932"},{"taxonomy":"post_tag","embeddable":true,"href":"https:\/\/www.amatimmobiliaris.com\/w\/ca\/wp-json\/wp\/v2\/tags?post=2932"}],"curies":[{"name":"wp","href":"https:\/\/api.w.org\/{rel}","templated":true}]}}