{"id":2764,"date":"2017-03-23T12:42:22","date_gmt":"2017-03-23T12:42:22","guid":{"rendered":"https:\/\/amat-inmo-wp.localhost\/2017\/03\/23\/presentacio-la-5ena-edicio-informe-mercat-immobiliari-2016\/"},"modified":"2023-05-18T11:39:17","modified_gmt":"2023-05-18T11:39:17","slug":"presentacio-la-5ena-edicio-informe-mercat-immobiliari-2016","status":"publish","type":"post","link":"https:\/\/www.amatimmobiliaris.com\/w\/ca\/2017\/03\/presentacio-la-5ena-edicio-informe-mercat-immobiliari-2016\/","title":{"rendered":"Presentaci\u00f3 de la 5ena edici\u00f3 de l&#8217;Informe de Mercat Immobiliari 2016"},"content":{"rendered":"<p style=\"text-align: justify;\">Ahir 22 de mar\u00e7 vam presentat en roda de premsa la <strong>5ena edici\u00f3 de l\u2019Informe del Mercat Immobiliari<\/strong> on s\u2019han exposat les nostres dades extretes durant 2016 en relaci\u00f3 al lloguer, la venda de segona m\u00e0, la venda d\u2019obra nova i el sector immobiliari de luxe a Barcelona, Sant Cugat, Sant just Desvern i els seus voltants.<\/p>\n<p style=\"text-align: justify;\">Guifr\u00e9 Homedes, gerent de l\u2019oficina d\u2019 Amat a Barcelona, va conduir l\u2019acte juntament amb la intervenci\u00f3 de les co-directores generals, Immaculada i Joana Amat, en el torn obert de preguntes on els periodistes assistents <strong>es van interessar sobretot per la situaci\u00f3 del lloguer a Barcelona a partir de les dades de l&#8217;Informe de Mercat<\/strong>.<\/p>\n<p style=\"text-align: justify;\">Segons Guifr\u00e9 Homedes, <em>\u201caquest any ha estat marcat per una certa normalitzaci\u00f3 del mercat immobiliari de venda i de tensi\u00f3 important del mercat immobiliari de lloguer\u201d.<\/em> \u00a0En relaci\u00f3 a la venda, <em>\u201cel nombre d\u2019operacions ha experimentat un <strong>creixement del 96% i una rotaci\u00f3 d\u2019entre 4 i 5 mesos<\/strong> de mitjana\u201d.<\/em><\/p>\n<p style=\"text-align: justify;\">El repte plantejat de cara a 2017 \u00e9s principalment <strong><em>\u201cgenerar oferta per relaxar preus en el lloguer<\/em>\u201d<\/strong> ja que es preveu un augment important de la morositat perqu\u00e8 <em>\u201cla gent est\u00e0 llogant al l\u00edmit de les seves possibilitats\u201d.<\/em> En venda, si els ritmes de venda s\u00f3n sostenibles aquest any <em>\u201c\u00e9s perqu\u00e8 hi ha una bossa de demanda retinguda amb que t\u00e9 estalvis\u201d,<\/em> per\u00f2 <em>\u201cestem generant expectatives amb preus de fora del mercat.\u201d<\/em><\/p>\n<p style=\"text-align: justify;\">Entre altres q\u00fcestions, Joana i Immaculada Amat han manifestat la seva lluita per l\u2019<strong>habilitaci\u00f3 de locals com a habitatge i afavorir aix\u00ed el lloguer accessible<\/strong> per a la gent gran replantejant l\u2019urbanisme de les ciutats i modificant la llei de propietat horitzontal: <em>\u201cHi ha computats 15.000 locals buits que no es tornaran a llogar mai m\u00e9s\u201d <\/em>ha afirmat Joana Amat.<\/p>\n<p style=\"text-align: justify;\">L\u2019acte ha finalitzat amb un esmorzar amb els mitjans assistents on han acabat de compartir dades i impressions sobre l&#8217;Informe de Mercat.<\/p>\n<p><strong>En <\/strong><a href=\"https:\/\/issuu.com\/amatimmobiliaris\/docs\/informe_amat_mercat_immobiliari_mr-\"><strong>aquest<\/strong><\/a><strong> enlla\u00e7 es pot descarregar l\u2019Informe de Mercat complet, <\/strong><a href=\"https:\/\/youtu.be\/FZ9ye-bzLas\"><strong>aqu\u00ed<\/strong><\/a><strong> el v\u00eddeo resum i <a href=\"https:\/\/www.flickr.com\/photos\/amatimmobiliaris\/\">fotografies<\/a>. <\/strong><\/p>\n<p>En els seg\u00fcents enlla\u00e7os es poden<strong> consultar les noticies<\/strong> sobre l&#8217;Informe de Mercat als principals mitjans de comunicaci\u00f3:<\/p>\n<ul>\n<li><strong>Al Dia<\/strong><a href=\"https:\/\/www.aldia.cat\/espanya\/noticia-amat-immobiliaris-va-signar-menys-contractes-lloguer-2016-mes-cars-20170322191031.html\"><em> &#8220;Amat Immobiliaris va signar un 4% menys de contractes de lloguer en 2016 per\u00f2 m\u00e9s cars&#8221; <\/em><\/a><\/li>\n<li><strong>Vila Web<\/strong><em><a href=\"https:\/\/www.vilaweb.cat\/noticies\/amat-immobiliaris-va-signar-un-4-menys-de-contractes-de-lloguer-en-2016-pero-mes-cars\/\"> &#8220;Amat Immobiliaris va signar un 4% menys de contractes de lloguer en 2016 per\u00f2 m\u00e9s cars&#8221; <\/a><br \/>\n<\/em><\/li>\n<li><strong>La Vanguardia<\/strong><a href=\"https:\/\/www.lavanguardia.com\/encatala\/20170323\/421106386562\/300-e-mails-en-3-hores-per-un-lloguer.html\"><em> &#8220;300 emails en 3 hores per un lloguer&#8221;<\/em><\/a><\/li>\n<li><strong>El Peri\u00f3dico <\/strong><a href=\"https:\/\/www.elperiodico.cat\/ca\/economia\/20170322\/promotors-immobiliaris-proposen-reconvertir-comercos-en-vivenda-5918374\"><em>&#8220;Promotors immobiliaris proposen convertir locals en vivenda&#8221;<\/em><\/a><\/li>\n<li><strong>Idealista <\/strong><a href=\"https:\/\/www.idealista.com\/news\/inmobiliario\/vivienda\/2017\/03\/22\/745825-joana-amat-los-pisos-turisticos-son-pisos-perdidos-del-mercado-del-alquiler\"><em>Joana Amat: &#8220;los pisos tur\u00edsticos de Barcelona no volver\u00e1n al mercado de alquiler tradicional&#8221;<\/em><\/a><\/li>\n<li><strong>Via Empresa<\/strong><a href=\"https:\/\/www.viaempresa.cat\/cerca.html?search=amat+immobiliaris\" class=\"broken_link\" rel=\"nofollow\"><em>&#8220;Amat Immobiliaris va signar un 4% menys de contractes de lloguer en 2016 per\u00f2 m\u00e9s cars&#8221;<\/em><\/a><\/li>\n<li><strong>El Punt Avui<\/strong> <a href=\"http:\/\/www.elpuntavui.cat\/economia\/article\/18-economia\/1100696-lloguers-en-temps-record.html\"><em>&#8220;Lloguers en temps r\u00e8cord&#8221;<\/em><\/a><\/li>\n<\/ul>\n","protected":false},"excerpt":{"rendered":"<p>Ahir 22 de mar\u00e7 vam presentat en roda de premsa la 5ena edici\u00f3 de l\u2019Informe del Mercat Immobiliari on s\u2019han exposat les nostres dades extretes durant 2016 en relaci\u00f3 al lloguer, la venda de segona m\u00e0, la venda d\u2019obra nova i el sector immobiliari de luxe a Barcelona, Sant Cugat, Sant just Desvern i els [&hellip;]<\/p>\n","protected":false},"author":1,"featured_media":0,"comment_status":"closed","ping_status":"closed","sticky":false,"template":"","format":"standard","meta":{"content-type":"","footnotes":""},"categories":[1147,1155,1157,1160],"tags":[74,1680,657,1558,1700,1728],"yoast_head":"<!-- This site is optimized with the Yoast SEO plugin v23.9 - https:\/\/yoast.com\/wordpress\/plugins\/seo\/ -->\n<title>Presentaci\u00f3 de la 5ena edici\u00f3 de l&#039;Informe de Mercat Immobiliari 2016 | Amat Immobiliaris<\/title>\n<meta name=\"description\" content=\"Em presentat en roda de premsa la 5ena edici\u00f3 de l\u2019Informe del Mercat Immobiliari on s\u2019han exposat les nostres dades extretes durant 2016\" \/>\n<meta name=\"robots\" content=\"index, follow, max-snippet:-1, max-image-preview:large, max-video-preview:-1\" \/>\n<link rel=\"canonical\" href=\"https:\/\/www.amatimmobiliaris.com\/w\/ca\/2017\/03\/presentacio-la-5ena-edicio-informe-mercat-immobiliari-2016\/\" \/>\n<meta property=\"og:locale\" content=\"ca_ES\" \/>\n<meta property=\"og:type\" content=\"article\" \/>\n<meta property=\"og:title\" content=\"Presentaci\u00f3 de la 5ena edici\u00f3 de l&#039;Informe de Mercat Immobiliari 2016 | Amat Immobiliaris\" \/>\n<meta property=\"og:description\" content=\"Em presentat en roda de premsa la 5ena edici\u00f3 de l\u2019Informe del Mercat Immobiliari on s\u2019han exposat les nostres dades extretes durant 2016\" \/>\n<meta property=\"og:url\" content=\"https:\/\/www.amatimmobiliaris.com\/w\/ca\/2017\/03\/presentacio-la-5ena-edicio-informe-mercat-immobiliari-2016\/\" \/>\n<meta property=\"og:site_name\" content=\"Amat Immobiliaris\" \/>\n<meta property=\"article:publisher\" content=\"https:\/\/www.facebook.com\/amatimmobiliaris\" \/>\n<meta property=\"article:published_time\" content=\"2017-03-23T12:42:22+00:00\" \/>\n<meta property=\"article:modified_time\" content=\"2023-05-18T11:39:17+00:00\" \/>\n<meta property=\"og:image\" content=\"https:\/\/www.amatimmobiliaris.com\/w\/wp-content\/uploads\/2022\/01\/2014-Saga-familiar-Amat-dw-1-1024x683.jpg\" \/>\n\t<meta property=\"og:image:width\" content=\"1024\" \/>\n\t<meta property=\"og:image:height\" content=\"683\" \/>\n\t<meta property=\"og:image:type\" content=\"image\/jpeg\" \/>\n<meta name=\"author\" content=\"Amat Immobiliaris\" \/>\n<meta name=\"twitter:card\" content=\"summary_large_image\" \/>\n<meta name=\"twitter:creator\" content=\"@amat_cat\" \/>\n<meta name=\"twitter:site\" content=\"@amat_cat\" \/>\n<meta name=\"twitter:label1\" content=\"Escrit per\" \/>\n\t<meta name=\"twitter:data1\" content=\"Amat Immobiliaris\" \/>\n\t<meta name=\"twitter:label2\" content=\"Temps estimat de lectura\" \/>\n\t<meta name=\"twitter:data2\" content=\"3 minuts\" \/>\n<script type=\"application\/ld+json\" class=\"yoast-schema-graph\">{\"@context\":\"https:\/\/schema.org\",\"@graph\":[{\"@type\":\"Article\",\"@id\":\"https:\/\/www.amatimmobiliaris.com\/w\/ca\/2017\/03\/presentacio-la-5ena-edicio-informe-mercat-immobiliari-2016\/#article\",\"isPartOf\":{\"@id\":\"https:\/\/www.amatimmobiliaris.com\/w\/ca\/2017\/03\/presentacio-la-5ena-edicio-informe-mercat-immobiliari-2016\/\"},\"author\":{\"name\":\"Amat Immobiliaris\",\"@id\":\"https:\/\/www.amatimmobiliaris.com\/w\/#\/schema\/person\/c880da71d1e156e7ea6774ffb445e034\"},\"headline\":\"Presentaci\u00f3 de la 5ena edici\u00f3 de l&#8217;Informe de Mercat Immobiliari 2016\",\"datePublished\":\"2017-03-23T12:42:22+00:00\",\"dateModified\":\"2023-05-18T11:39:17+00:00\",\"mainEntityOfPage\":{\"@id\":\"https:\/\/www.amatimmobiliaris.com\/w\/ca\/2017\/03\/presentacio-la-5ena-edicio-informe-mercat-immobiliari-2016\/\"},\"wordCount\":464,\"publisher\":{\"@id\":\"https:\/\/www.amatimmobiliaris.com\/w\/#organization\"},\"keywords\":[\"Economia\",\"Guifre Homedes\",\"Informe de mercat\",\"Lloguer\",\"Mitjans de comunicaci\u00f3\",\"Sostenibilitat\"],\"articleSection\":[\"El m\u00f3n Amat\",\"Esdeveniments\",\"Not\u00edcies\",\"Sector Immobiliari\"],\"inLanguage\":\"ca\"},{\"@type\":\"WebPage\",\"@id\":\"https:\/\/www.amatimmobiliaris.com\/w\/ca\/2017\/03\/presentacio-la-5ena-edicio-informe-mercat-immobiliari-2016\/\",\"url\":\"https:\/\/www.amatimmobiliaris.com\/w\/ca\/2017\/03\/presentacio-la-5ena-edicio-informe-mercat-immobiliari-2016\/\",\"name\":\"Presentaci\u00f3 de la 5ena edici\u00f3 de l'Informe de Mercat Immobiliari 2016 | Amat Immobiliaris\",\"isPartOf\":{\"@id\":\"https:\/\/www.amatimmobiliaris.com\/w\/#website\"},\"datePublished\":\"2017-03-23T12:42:22+00:00\",\"dateModified\":\"2023-05-18T11:39:17+00:00\",\"description\":\"Em presentat en roda de premsa la 5ena edici\u00f3 de l\u2019Informe del Mercat Immobiliari on s\u2019han exposat les nostres dades extretes durant 2016\",\"breadcrumb\":{\"@id\":\"https:\/\/www.amatimmobiliaris.com\/w\/ca\/2017\/03\/presentacio-la-5ena-edicio-informe-mercat-immobiliari-2016\/#breadcrumb\"},\"inLanguage\":\"ca\",\"potentialAction\":[{\"@type\":\"ReadAction\",\"target\":[\"https:\/\/www.amatimmobiliaris.com\/w\/ca\/2017\/03\/presentacio-la-5ena-edicio-informe-mercat-immobiliari-2016\/\"]}]},{\"@type\":\"BreadcrumbList\",\"@id\":\"https:\/\/www.amatimmobiliaris.com\/w\/ca\/2017\/03\/presentacio-la-5ena-edicio-informe-mercat-immobiliari-2016\/#breadcrumb\",\"itemListElement\":[{\"@type\":\"ListItem\",\"position\":1,\"name\":\"Home\",\"item\":\"https:\/\/www.amatimmobiliaris.com\/w\/ca\/\"},{\"@type\":\"ListItem\",\"position\":2,\"name\":\"El m\u00f3n Amat\",\"item\":\"https:\/\/www.amatimmobiliaris.com\/w\/ca\/categoria-ca\/el-mon-amat-ca\/\"},{\"@type\":\"ListItem\",\"position\":3,\"name\":\"Presentaci\u00f3 de la 5ena edici\u00f3 de l&#8217;Informe de Mercat Immobiliari 2016\"}]},{\"@type\":\"WebSite\",\"@id\":\"https:\/\/www.amatimmobiliaris.com\/w\/#website\",\"url\":\"https:\/\/www.amatimmobiliaris.com\/w\/\",\"name\":\"Amat Immobiliaris\",\"description\":\"Empresa familiar del sector inmobiliario con oficinas en Barcelona, Sant Cugat del Vall\u00e9s y Sant Just Desvern. Te ayudamos a comprar, alquilar o vender tu casa o piso. Somos un equipo coherente con una cultura de empresa honesta, innovadora y eficaz. Tambi\u00e9n en www.amatluxury.com\",\"publisher\":{\"@id\":\"https:\/\/www.amatimmobiliaris.com\/w\/#organization\"},\"alternateName\":\"AmatImmo\",\"potentialAction\":[{\"@type\":\"SearchAction\",\"target\":{\"@type\":\"EntryPoint\",\"urlTemplate\":\"https:\/\/www.amatimmobiliaris.com\/w\/?s={search_term_string}\"},\"query-input\":{\"@type\":\"PropertyValueSpecification\",\"valueRequired\":true,\"valueName\":\"search_term_string\"}}],\"inLanguage\":\"ca\"},{\"@type\":\"Organization\",\"@id\":\"https:\/\/www.amatimmobiliaris.com\/w\/#organization\",\"name\":\"Amat Immobiliaris\",\"url\":\"https:\/\/www.amatimmobiliaris.com\/w\/\",\"logo\":{\"@type\":\"ImageObject\",\"inLanguage\":\"ca\",\"@id\":\"https:\/\/www.amatimmobiliaris.com\/w\/#\/schema\/logo\/image\/\",\"url\":\"https:\/\/www.amatimmobiliaris.com\/w\/wp-content\/uploads\/2022\/10\/amat-logo.jpg\",\"contentUrl\":\"https:\/\/www.amatimmobiliaris.com\/w\/wp-content\/uploads\/2022\/10\/amat-logo.jpg\",\"width\":900,\"height\":900,\"caption\":\"Amat Immobiliaris\"},\"image\":{\"@id\":\"https:\/\/www.amatimmobiliaris.com\/w\/#\/schema\/logo\/image\/\"},\"sameAs\":[\"https:\/\/www.facebook.com\/amatimmobiliaris\",\"https:\/\/x.com\/amat_cat\",\"https:\/\/www.instagram.com\/amat_immo\/\",\"https:\/\/www.linkedin.com\/company\/amat-finques\/\",\"https:\/\/www.youtube.com\/@amatimmobiliaris\"]},{\"@type\":\"Person\",\"@id\":\"https:\/\/www.amatimmobiliaris.com\/w\/#\/schema\/person\/c880da71d1e156e7ea6774ffb445e034\",\"name\":\"Amat Immobiliaris\",\"sameAs\":[\"http:\/\/amat-inmo-wp.localhost\"]}]}<\/script>\n<!-- \/ Yoast SEO plugin. -->","yoast_head_json":{"title":"Presentaci\u00f3 de la 5ena edici\u00f3 de l'Informe de Mercat Immobiliari 2016 | Amat Immobiliaris","description":"Em presentat en roda de premsa la 5ena edici\u00f3 de l\u2019Informe del Mercat Immobiliari on s\u2019han exposat les nostres dades extretes durant 2016","robots":{"index":"index","follow":"follow","max-snippet":"max-snippet:-1","max-image-preview":"max-image-preview:large","max-video-preview":"max-video-preview:-1"},"canonical":"https:\/\/www.amatimmobiliaris.com\/w\/ca\/2017\/03\/presentacio-la-5ena-edicio-informe-mercat-immobiliari-2016\/","og_locale":"ca_ES","og_type":"article","og_title":"Presentaci\u00f3 de la 5ena edici\u00f3 de l'Informe de Mercat Immobiliari 2016 | Amat Immobiliaris","og_description":"Em presentat en roda de premsa la 5ena edici\u00f3 de l\u2019Informe del Mercat Immobiliari on s\u2019han exposat les nostres dades extretes durant 2016","og_url":"https:\/\/www.amatimmobiliaris.com\/w\/ca\/2017\/03\/presentacio-la-5ena-edicio-informe-mercat-immobiliari-2016\/","og_site_name":"Amat Immobiliaris","article_publisher":"https:\/\/www.facebook.com\/amatimmobiliaris","article_published_time":"2017-03-23T12:42:22+00:00","article_modified_time":"2023-05-18T11:39:17+00:00","og_image":[{"width":1024,"height":683,"url":"https:\/\/www.amatimmobiliaris.com\/w\/wp-content\/uploads\/2022\/01\/2014-Saga-familiar-Amat-dw-1-1024x683.jpg","type":"image\/jpeg"}],"author":"Amat Immobiliaris","twitter_card":"summary_large_image","twitter_creator":"@amat_cat","twitter_site":"@amat_cat","twitter_misc":{"Escrit per":"Amat Immobiliaris","Temps estimat de lectura":"3 minuts"},"schema":{"@context":"https:\/\/schema.org","@graph":[{"@type":"Article","@id":"https:\/\/www.amatimmobiliaris.com\/w\/ca\/2017\/03\/presentacio-la-5ena-edicio-informe-mercat-immobiliari-2016\/#article","isPartOf":{"@id":"https:\/\/www.amatimmobiliaris.com\/w\/ca\/2017\/03\/presentacio-la-5ena-edicio-informe-mercat-immobiliari-2016\/"},"author":{"name":"Amat Immobiliaris","@id":"https:\/\/www.amatimmobiliaris.com\/w\/#\/schema\/person\/c880da71d1e156e7ea6774ffb445e034"},"headline":"Presentaci\u00f3 de la 5ena edici\u00f3 de l&#8217;Informe de Mercat Immobiliari 2016","datePublished":"2017-03-23T12:42:22+00:00","dateModified":"2023-05-18T11:39:17+00:00","mainEntityOfPage":{"@id":"https:\/\/www.amatimmobiliaris.com\/w\/ca\/2017\/03\/presentacio-la-5ena-edicio-informe-mercat-immobiliari-2016\/"},"wordCount":464,"publisher":{"@id":"https:\/\/www.amatimmobiliaris.com\/w\/#organization"},"keywords":["Economia","Guifre Homedes","Informe de mercat","Lloguer","Mitjans de comunicaci\u00f3","Sostenibilitat"],"articleSection":["El m\u00f3n Amat","Esdeveniments","Not\u00edcies","Sector Immobiliari"],"inLanguage":"ca"},{"@type":"WebPage","@id":"https:\/\/www.amatimmobiliaris.com\/w\/ca\/2017\/03\/presentacio-la-5ena-edicio-informe-mercat-immobiliari-2016\/","url":"https:\/\/www.amatimmobiliaris.com\/w\/ca\/2017\/03\/presentacio-la-5ena-edicio-informe-mercat-immobiliari-2016\/","name":"Presentaci\u00f3 de la 5ena edici\u00f3 de l'Informe de Mercat Immobiliari 2016 | Amat Immobiliaris","isPartOf":{"@id":"https:\/\/www.amatimmobiliaris.com\/w\/#website"},"datePublished":"2017-03-23T12:42:22+00:00","dateModified":"2023-05-18T11:39:17+00:00","description":"Em presentat en roda de premsa la 5ena edici\u00f3 de l\u2019Informe del Mercat Immobiliari on s\u2019han exposat les nostres dades extretes durant 2016","breadcrumb":{"@id":"https:\/\/www.amatimmobiliaris.com\/w\/ca\/2017\/03\/presentacio-la-5ena-edicio-informe-mercat-immobiliari-2016\/#breadcrumb"},"inLanguage":"ca","potentialAction":[{"@type":"ReadAction","target":["https:\/\/www.amatimmobiliaris.com\/w\/ca\/2017\/03\/presentacio-la-5ena-edicio-informe-mercat-immobiliari-2016\/"]}]},{"@type":"BreadcrumbList","@id":"https:\/\/www.amatimmobiliaris.com\/w\/ca\/2017\/03\/presentacio-la-5ena-edicio-informe-mercat-immobiliari-2016\/#breadcrumb","itemListElement":[{"@type":"ListItem","position":1,"name":"Home","item":"https:\/\/www.amatimmobiliaris.com\/w\/ca\/"},{"@type":"ListItem","position":2,"name":"El m\u00f3n Amat","item":"https:\/\/www.amatimmobiliaris.com\/w\/ca\/categoria-ca\/el-mon-amat-ca\/"},{"@type":"ListItem","position":3,"name":"Presentaci\u00f3 de la 5ena edici\u00f3 de l&#8217;Informe de Mercat Immobiliari 2016"}]},{"@type":"WebSite","@id":"https:\/\/www.amatimmobiliaris.com\/w\/#website","url":"https:\/\/www.amatimmobiliaris.com\/w\/","name":"Amat Immobiliaris","description":"Empresa familiar del sector inmobiliario con oficinas en Barcelona, Sant Cugat del Vall\u00e9s y Sant Just Desvern. Te ayudamos a comprar, alquilar o vender tu casa o piso. Somos un equipo coherente con una cultura de empresa honesta, innovadora y eficaz. Tambi\u00e9n en www.amatluxury.com","publisher":{"@id":"https:\/\/www.amatimmobiliaris.com\/w\/#organization"},"alternateName":"AmatImmo","potentialAction":[{"@type":"SearchAction","target":{"@type":"EntryPoint","urlTemplate":"https:\/\/www.amatimmobiliaris.com\/w\/?s={search_term_string}"},"query-input":{"@type":"PropertyValueSpecification","valueRequired":true,"valueName":"search_term_string"}}],"inLanguage":"ca"},{"@type":"Organization","@id":"https:\/\/www.amatimmobiliaris.com\/w\/#organization","name":"Amat Immobiliaris","url":"https:\/\/www.amatimmobiliaris.com\/w\/","logo":{"@type":"ImageObject","inLanguage":"ca","@id":"https:\/\/www.amatimmobiliaris.com\/w\/#\/schema\/logo\/image\/","url":"https:\/\/www.amatimmobiliaris.com\/w\/wp-content\/uploads\/2022\/10\/amat-logo.jpg","contentUrl":"https:\/\/www.amatimmobiliaris.com\/w\/wp-content\/uploads\/2022\/10\/amat-logo.jpg","width":900,"height":900,"caption":"Amat Immobiliaris"},"image":{"@id":"https:\/\/www.amatimmobiliaris.com\/w\/#\/schema\/logo\/image\/"},"sameAs":["https:\/\/www.facebook.com\/amatimmobiliaris","https:\/\/x.com\/amat_cat","https:\/\/www.instagram.com\/amat_immo\/","https:\/\/www.linkedin.com\/company\/amat-finques\/","https:\/\/www.youtube.com\/@amatimmobiliaris"]},{"@type":"Person","@id":"https:\/\/www.amatimmobiliaris.com\/w\/#\/schema\/person\/c880da71d1e156e7ea6774ffb445e034","name":"Amat Immobiliaris","sameAs":["http:\/\/amat-inmo-wp.localhost"]}]}},"_links":{"self":[{"href":"https:\/\/www.amatimmobiliaris.com\/w\/ca\/wp-json\/wp\/v2\/posts\/2764"}],"collection":[{"href":"https:\/\/www.amatimmobiliaris.com\/w\/ca\/wp-json\/wp\/v2\/posts"}],"about":[{"href":"https:\/\/www.amatimmobiliaris.com\/w\/ca\/wp-json\/wp\/v2\/types\/post"}],"author":[{"embeddable":true,"href":"https:\/\/www.amatimmobiliaris.com\/w\/ca\/wp-json\/wp\/v2\/users\/1"}],"replies":[{"embeddable":true,"href":"https:\/\/www.amatimmobiliaris.com\/w\/ca\/wp-json\/wp\/v2\/comments?post=2764"}],"version-history":[{"count":7,"href":"https:\/\/www.amatimmobiliaris.com\/w\/ca\/wp-json\/wp\/v2\/posts\/2764\/revisions"}],"predecessor-version":[{"id":27901,"href":"https:\/\/www.amatimmobiliaris.com\/w\/ca\/wp-json\/wp\/v2\/posts\/2764\/revisions\/27901"}],"wp:attachment":[{"href":"https:\/\/www.amatimmobiliaris.com\/w\/ca\/wp-json\/wp\/v2\/media?parent=2764"}],"wp:term":[{"taxonomy":"category","embeddable":true,"href":"https:\/\/www.amatimmobiliaris.com\/w\/ca\/wp-json\/wp\/v2\/categories?post=2764"},{"taxonomy":"post_tag","embeddable":true,"href":"https:\/\/www.amatimmobiliaris.com\/w\/ca\/wp-json\/wp\/v2\/tags?post=2764"}],"curies":[{"name":"wp","href":"https:\/\/api.w.org\/{rel}","templated":true}]}}