{"id":2713,"date":"2017-02-28T15:56:15","date_gmt":"2017-02-28T15:56:15","guid":{"rendered":"https:\/\/amat-inmo-wp.localhost\/2017\/02\/28\/amat-patrocinadors-marxa-de-la-regularitat\/"},"modified":"2023-04-26T10:15:46","modified_gmt":"2023-04-26T10:15:46","slug":"amat-patrocinadors-marxa-de-la-regularitat","status":"publish","type":"post","link":"https:\/\/www.amatimmobiliaris.com\/w\/ca\/2017\/02\/amat-patrocinadors-marxa-de-la-regularitat\/","title":{"rendered":"Amat Immobiliaris, patrocinadors de la 59a Marxa de la Regularitat"},"content":{"rendered":"<p style=\"text-align: justify;\">El proper 2 d&#8217;abril tindr\u00e0 lloc la<strong> 59a Marxa de la Regularitat<\/strong> organitzada pel Club Muntanyenc de Sant Cugat, que s&#8217;ha convertit en una de les <a href=\"https:\/\/marxainfantil.cat\/\">activitats<\/a> m\u00e9s tradicionals del municipi i de qu\u00e8, enguany, <strong>som una de les organitzacions patrocinadores<\/strong> de l&#8217;esdeveniment.<\/p>\n<p style=\"text-align: justify;\">La Marxa de la Regularitat consisteix en una passejada per a nens i nenes de 7 a 12 anys per Collserola que, en parelles, han de rec\u00f3rrer un circuit marcat de 10.5 km intentant portar un ritme el m\u00e9s regular possible. El tret de sortida ser\u00e0 entre les 9h i les 11h i els participants caminaran un total aprox. d\u2019 entre 2 hores i vint minuts i 3 hores, descansant per trams un total de 20 minuts. La clau d&#8217;aquesta marxa \u00e9s la regularitat: els guanyadors seran aquells equips que hagin tingut menys punts de penalitzaci\u00f3 segons els temps de pas als punts de control.<\/p>\n<p style=\"text-align: justify;\">El final de la marxa ser\u00e0 <strong>premiat amb obsequis per part de les empresses col\u00b7laboradores<\/strong> que, a m\u00e9s d&#8217;Amat Immobiliaris, seran Caixabank, Ferrer Health Care i Toyota Ippon Motor Vall\u00e9s.<\/p>\n<p style=\"text-align: justify;\">El preu de les inscripcions \u00e9s de 12,50\u20ac + 1\u20ac solidari que aquest 2017 anir\u00e0 destinat al programa de l&#8217;<a href=\"https:\/\/www.aprenemautisme.org\/\">Associaci\u00f3 Aprenem<\/a> per afavorir la integraci\u00f3 social i la inclusi\u00f3 educativa dels infants amb TEA &#8211; Transtorn de l&#8217;Espectre Autista-.<\/p>\n<p style=\"text-align: justify;\">Totes les pre-inscripcions s\u2019han d\u2019efectuar a la web del<a href=\"https:\/\/www.cmsc.cat\/\"> Club Muntanyenc de Sant Cugat<\/a> des de l\u20191 fins al 20 de mar\u00e7.<\/p>\n","protected":false},"excerpt":{"rendered":"<p>El proper 2 d&#8217;abril tindr\u00e0 lloc la 59a Marxa de la Regularitat organitzada pel Club Muntanyenc de Sant Cugat, que s&#8217;ha convertit en una de les activitats m\u00e9s tradicionals del municipi i de qu\u00e8, enguany, som una de les organitzacions patrocinadores de l&#8217;esdeveniment. La Marxa de la Regularitat consisteix en una passejada per a nens [&hellip;]<\/p>\n","protected":false},"author":1,"featured_media":0,"comment_status":"closed","ping_status":"closed","sticky":false,"template":"","format":"standard","meta":{"content-type":"","footnotes":""},"categories":[1152,1147],"tags":[],"yoast_head":"<!-- This site is optimized with the Yoast SEO plugin v23.9 - https:\/\/yoast.com\/wordpress\/plugins\/seo\/ -->\n<title>Amat Immobiliaris, patrocinadors de la 59a Marxa de la Regularitat | Amat Immobiliaris<\/title>\n<meta name=\"robots\" content=\"index, follow, max-snippet:-1, max-image-preview:large, max-video-preview:-1\" \/>\n<link rel=\"canonical\" href=\"https:\/\/www.amatimmobiliaris.com\/w\/ca\/2017\/02\/amat-patrocinadors-marxa-de-la-regularitat\/\" \/>\n<meta property=\"og:locale\" content=\"ca_ES\" \/>\n<meta property=\"og:type\" content=\"article\" \/>\n<meta property=\"og:title\" content=\"Amat Immobiliaris, patrocinadors de la 59a Marxa de la Regularitat | Amat Immobiliaris\" \/>\n<meta property=\"og:description\" content=\"El proper 2 d&#8217;abril tindr\u00e0 lloc la 59a Marxa de la Regularitat organitzada pel Club Muntanyenc de Sant Cugat, que s&#8217;ha convertit en una de les activitats m\u00e9s tradicionals del municipi i de qu\u00e8, enguany, som una de les organitzacions patrocinadores de l&#8217;esdeveniment. La Marxa de la Regularitat consisteix en una passejada per a nens [&hellip;]\" \/>\n<meta property=\"og:url\" content=\"https:\/\/www.amatimmobiliaris.com\/w\/ca\/2017\/02\/amat-patrocinadors-marxa-de-la-regularitat\/\" \/>\n<meta property=\"og:site_name\" content=\"Amat Immobiliaris\" \/>\n<meta property=\"article:publisher\" content=\"https:\/\/www.facebook.com\/amatimmobiliaris\" \/>\n<meta property=\"article:published_time\" content=\"2017-02-28T15:56:15+00:00\" \/>\n<meta property=\"article:modified_time\" content=\"2023-04-26T10:15:46+00:00\" \/>\n<meta property=\"og:image\" content=\"https:\/\/www.amatimmobiliaris.com\/w\/wp-content\/uploads\/2022\/01\/2014-Saga-familiar-Amat-dw-1-1024x683.jpg\" \/>\n\t<meta property=\"og:image:width\" content=\"1024\" \/>\n\t<meta property=\"og:image:height\" content=\"683\" \/>\n\t<meta property=\"og:image:type\" content=\"image\/jpeg\" \/>\n<meta name=\"author\" content=\"Amat Immobiliaris\" \/>\n<meta name=\"twitter:card\" content=\"summary_large_image\" \/>\n<meta name=\"twitter:creator\" content=\"@amat_cat\" \/>\n<meta name=\"twitter:site\" content=\"@amat_cat\" \/>\n<meta name=\"twitter:label1\" content=\"Escrit per\" \/>\n\t<meta name=\"twitter:data1\" content=\"Amat Immobiliaris\" \/>\n\t<meta name=\"twitter:label2\" content=\"Temps estimat de lectura\" \/>\n\t<meta name=\"twitter:data2\" content=\"2 minuts\" \/>\n<script type=\"application\/ld+json\" class=\"yoast-schema-graph\">{\"@context\":\"https:\/\/schema.org\",\"@graph\":[{\"@type\":\"Article\",\"@id\":\"https:\/\/www.amatimmobiliaris.com\/w\/ca\/2017\/02\/amat-patrocinadors-marxa-de-la-regularitat\/#article\",\"isPartOf\":{\"@id\":\"https:\/\/www.amatimmobiliaris.com\/w\/ca\/2017\/02\/amat-patrocinadors-marxa-de-la-regularitat\/\"},\"author\":{\"name\":\"Amat Immobiliaris\",\"@id\":\"https:\/\/www.amatimmobiliaris.com\/w\/#\/schema\/person\/c880da71d1e156e7ea6774ffb445e034\"},\"headline\":\"Amat Immobiliaris, patrocinadors de la 59a Marxa de la Regularitat\",\"datePublished\":\"2017-02-28T15:56:15+00:00\",\"dateModified\":\"2023-04-26T10:15:46+00:00\",\"mainEntityOfPage\":{\"@id\":\"https:\/\/www.amatimmobiliaris.com\/w\/ca\/2017\/02\/amat-patrocinadors-marxa-de-la-regularitat\/\"},\"wordCount\":245,\"publisher\":{\"@id\":\"https:\/\/www.amatimmobiliaris.com\/w\/#organization\"},\"articleSection\":[\"Col\u00b7laboracions\",\"El m\u00f3n Amat\"],\"inLanguage\":\"ca\"},{\"@type\":\"WebPage\",\"@id\":\"https:\/\/www.amatimmobiliaris.com\/w\/ca\/2017\/02\/amat-patrocinadors-marxa-de-la-regularitat\/\",\"url\":\"https:\/\/www.amatimmobiliaris.com\/w\/ca\/2017\/02\/amat-patrocinadors-marxa-de-la-regularitat\/\",\"name\":\"Amat Immobiliaris, patrocinadors de la 59a Marxa de la Regularitat | Amat Immobiliaris\",\"isPartOf\":{\"@id\":\"https:\/\/www.amatimmobiliaris.com\/w\/#website\"},\"datePublished\":\"2017-02-28T15:56:15+00:00\",\"dateModified\":\"2023-04-26T10:15:46+00:00\",\"breadcrumb\":{\"@id\":\"https:\/\/www.amatimmobiliaris.com\/w\/ca\/2017\/02\/amat-patrocinadors-marxa-de-la-regularitat\/#breadcrumb\"},\"inLanguage\":\"ca\",\"potentialAction\":[{\"@type\":\"ReadAction\",\"target\":[\"https:\/\/www.amatimmobiliaris.com\/w\/ca\/2017\/02\/amat-patrocinadors-marxa-de-la-regularitat\/\"]}]},{\"@type\":\"BreadcrumbList\",\"@id\":\"https:\/\/www.amatimmobiliaris.com\/w\/ca\/2017\/02\/amat-patrocinadors-marxa-de-la-regularitat\/#breadcrumb\",\"itemListElement\":[{\"@type\":\"ListItem\",\"position\":1,\"name\":\"Home\",\"item\":\"https:\/\/www.amatimmobiliaris.com\/w\/ca\/\"},{\"@type\":\"ListItem\",\"position\":2,\"name\":\"El m\u00f3n Amat\",\"item\":\"https:\/\/www.amatimmobiliaris.com\/w\/ca\/categoria-ca\/el-mon-amat-ca\/\"},{\"@type\":\"ListItem\",\"position\":3,\"name\":\"Amat Immobiliaris, patrocinadors de la 59a Marxa de la Regularitat\"}]},{\"@type\":\"WebSite\",\"@id\":\"https:\/\/www.amatimmobiliaris.com\/w\/#website\",\"url\":\"https:\/\/www.amatimmobiliaris.com\/w\/\",\"name\":\"Amat Immobiliaris\",\"description\":\"Empresa familiar del sector inmobiliario con oficinas en Barcelona, Sant Cugat del Vall\u00e9s y Sant Just Desvern. Te ayudamos a comprar, alquilar o vender tu casa o piso. Somos un equipo coherente con una cultura de empresa honesta, innovadora y eficaz. Tambi\u00e9n en www.amatluxury.com\",\"publisher\":{\"@id\":\"https:\/\/www.amatimmobiliaris.com\/w\/#organization\"},\"alternateName\":\"AmatImmo\",\"potentialAction\":[{\"@type\":\"SearchAction\",\"target\":{\"@type\":\"EntryPoint\",\"urlTemplate\":\"https:\/\/www.amatimmobiliaris.com\/w\/?s={search_term_string}\"},\"query-input\":{\"@type\":\"PropertyValueSpecification\",\"valueRequired\":true,\"valueName\":\"search_term_string\"}}],\"inLanguage\":\"ca\"},{\"@type\":\"Organization\",\"@id\":\"https:\/\/www.amatimmobiliaris.com\/w\/#organization\",\"name\":\"Amat Immobiliaris\",\"url\":\"https:\/\/www.amatimmobiliaris.com\/w\/\",\"logo\":{\"@type\":\"ImageObject\",\"inLanguage\":\"ca\",\"@id\":\"https:\/\/www.amatimmobiliaris.com\/w\/#\/schema\/logo\/image\/\",\"url\":\"https:\/\/www.amatimmobiliaris.com\/w\/wp-content\/uploads\/2022\/10\/amat-logo.jpg\",\"contentUrl\":\"https:\/\/www.amatimmobiliaris.com\/w\/wp-content\/uploads\/2022\/10\/amat-logo.jpg\",\"width\":900,\"height\":900,\"caption\":\"Amat Immobiliaris\"},\"image\":{\"@id\":\"https:\/\/www.amatimmobiliaris.com\/w\/#\/schema\/logo\/image\/\"},\"sameAs\":[\"https:\/\/www.facebook.com\/amatimmobiliaris\",\"https:\/\/x.com\/amat_cat\",\"https:\/\/www.instagram.com\/amat_immo\/\",\"https:\/\/www.linkedin.com\/company\/amat-finques\/\",\"https:\/\/www.youtube.com\/@amatimmobiliaris\"]},{\"@type\":\"Person\",\"@id\":\"https:\/\/www.amatimmobiliaris.com\/w\/#\/schema\/person\/c880da71d1e156e7ea6774ffb445e034\",\"name\":\"Amat Immobiliaris\",\"sameAs\":[\"http:\/\/amat-inmo-wp.localhost\"]}]}<\/script>\n<!-- \/ Yoast SEO plugin. -->","yoast_head_json":{"title":"Amat Immobiliaris, patrocinadors de la 59a Marxa de la Regularitat | Amat Immobiliaris","robots":{"index":"index","follow":"follow","max-snippet":"max-snippet:-1","max-image-preview":"max-image-preview:large","max-video-preview":"max-video-preview:-1"},"canonical":"https:\/\/www.amatimmobiliaris.com\/w\/ca\/2017\/02\/amat-patrocinadors-marxa-de-la-regularitat\/","og_locale":"ca_ES","og_type":"article","og_title":"Amat Immobiliaris, patrocinadors de la 59a Marxa de la Regularitat | Amat Immobiliaris","og_description":"El proper 2 d&#8217;abril tindr\u00e0 lloc la 59a Marxa de la Regularitat organitzada pel Club Muntanyenc de Sant Cugat, que s&#8217;ha convertit en una de les activitats m\u00e9s tradicionals del municipi i de qu\u00e8, enguany, som una de les organitzacions patrocinadores de l&#8217;esdeveniment. La Marxa de la Regularitat consisteix en una passejada per a nens [&hellip;]","og_url":"https:\/\/www.amatimmobiliaris.com\/w\/ca\/2017\/02\/amat-patrocinadors-marxa-de-la-regularitat\/","og_site_name":"Amat Immobiliaris","article_publisher":"https:\/\/www.facebook.com\/amatimmobiliaris","article_published_time":"2017-02-28T15:56:15+00:00","article_modified_time":"2023-04-26T10:15:46+00:00","og_image":[{"width":1024,"height":683,"url":"https:\/\/www.amatimmobiliaris.com\/w\/wp-content\/uploads\/2022\/01\/2014-Saga-familiar-Amat-dw-1-1024x683.jpg","type":"image\/jpeg"}],"author":"Amat Immobiliaris","twitter_card":"summary_large_image","twitter_creator":"@amat_cat","twitter_site":"@amat_cat","twitter_misc":{"Escrit per":"Amat Immobiliaris","Temps estimat de lectura":"2 minuts"},"schema":{"@context":"https:\/\/schema.org","@graph":[{"@type":"Article","@id":"https:\/\/www.amatimmobiliaris.com\/w\/ca\/2017\/02\/amat-patrocinadors-marxa-de-la-regularitat\/#article","isPartOf":{"@id":"https:\/\/www.amatimmobiliaris.com\/w\/ca\/2017\/02\/amat-patrocinadors-marxa-de-la-regularitat\/"},"author":{"name":"Amat Immobiliaris","@id":"https:\/\/www.amatimmobiliaris.com\/w\/#\/schema\/person\/c880da71d1e156e7ea6774ffb445e034"},"headline":"Amat Immobiliaris, patrocinadors de la 59a Marxa de la Regularitat","datePublished":"2017-02-28T15:56:15+00:00","dateModified":"2023-04-26T10:15:46+00:00","mainEntityOfPage":{"@id":"https:\/\/www.amatimmobiliaris.com\/w\/ca\/2017\/02\/amat-patrocinadors-marxa-de-la-regularitat\/"},"wordCount":245,"publisher":{"@id":"https:\/\/www.amatimmobiliaris.com\/w\/#organization"},"articleSection":["Col\u00b7laboracions","El m\u00f3n Amat"],"inLanguage":"ca"},{"@type":"WebPage","@id":"https:\/\/www.amatimmobiliaris.com\/w\/ca\/2017\/02\/amat-patrocinadors-marxa-de-la-regularitat\/","url":"https:\/\/www.amatimmobiliaris.com\/w\/ca\/2017\/02\/amat-patrocinadors-marxa-de-la-regularitat\/","name":"Amat Immobiliaris, patrocinadors de la 59a Marxa de la Regularitat | Amat Immobiliaris","isPartOf":{"@id":"https:\/\/www.amatimmobiliaris.com\/w\/#website"},"datePublished":"2017-02-28T15:56:15+00:00","dateModified":"2023-04-26T10:15:46+00:00","breadcrumb":{"@id":"https:\/\/www.amatimmobiliaris.com\/w\/ca\/2017\/02\/amat-patrocinadors-marxa-de-la-regularitat\/#breadcrumb"},"inLanguage":"ca","potentialAction":[{"@type":"ReadAction","target":["https:\/\/www.amatimmobiliaris.com\/w\/ca\/2017\/02\/amat-patrocinadors-marxa-de-la-regularitat\/"]}]},{"@type":"BreadcrumbList","@id":"https:\/\/www.amatimmobiliaris.com\/w\/ca\/2017\/02\/amat-patrocinadors-marxa-de-la-regularitat\/#breadcrumb","itemListElement":[{"@type":"ListItem","position":1,"name":"Home","item":"https:\/\/www.amatimmobiliaris.com\/w\/ca\/"},{"@type":"ListItem","position":2,"name":"El m\u00f3n Amat","item":"https:\/\/www.amatimmobiliaris.com\/w\/ca\/categoria-ca\/el-mon-amat-ca\/"},{"@type":"ListItem","position":3,"name":"Amat Immobiliaris, patrocinadors de la 59a Marxa de la Regularitat"}]},{"@type":"WebSite","@id":"https:\/\/www.amatimmobiliaris.com\/w\/#website","url":"https:\/\/www.amatimmobiliaris.com\/w\/","name":"Amat Immobiliaris","description":"Empresa familiar del sector inmobiliario con oficinas en Barcelona, Sant Cugat del Vall\u00e9s y Sant Just Desvern. Te ayudamos a comprar, alquilar o vender tu casa o piso. Somos un equipo coherente con una cultura de empresa honesta, innovadora y eficaz. Tambi\u00e9n en www.amatluxury.com","publisher":{"@id":"https:\/\/www.amatimmobiliaris.com\/w\/#organization"},"alternateName":"AmatImmo","potentialAction":[{"@type":"SearchAction","target":{"@type":"EntryPoint","urlTemplate":"https:\/\/www.amatimmobiliaris.com\/w\/?s={search_term_string}"},"query-input":{"@type":"PropertyValueSpecification","valueRequired":true,"valueName":"search_term_string"}}],"inLanguage":"ca"},{"@type":"Organization","@id":"https:\/\/www.amatimmobiliaris.com\/w\/#organization","name":"Amat Immobiliaris","url":"https:\/\/www.amatimmobiliaris.com\/w\/","logo":{"@type":"ImageObject","inLanguage":"ca","@id":"https:\/\/www.amatimmobiliaris.com\/w\/#\/schema\/logo\/image\/","url":"https:\/\/www.amatimmobiliaris.com\/w\/wp-content\/uploads\/2022\/10\/amat-logo.jpg","contentUrl":"https:\/\/www.amatimmobiliaris.com\/w\/wp-content\/uploads\/2022\/10\/amat-logo.jpg","width":900,"height":900,"caption":"Amat Immobiliaris"},"image":{"@id":"https:\/\/www.amatimmobiliaris.com\/w\/#\/schema\/logo\/image\/"},"sameAs":["https:\/\/www.facebook.com\/amatimmobiliaris","https:\/\/x.com\/amat_cat","https:\/\/www.instagram.com\/amat_immo\/","https:\/\/www.linkedin.com\/company\/amat-finques\/","https:\/\/www.youtube.com\/@amatimmobiliaris"]},{"@type":"Person","@id":"https:\/\/www.amatimmobiliaris.com\/w\/#\/schema\/person\/c880da71d1e156e7ea6774ffb445e034","name":"Amat Immobiliaris","sameAs":["http:\/\/amat-inmo-wp.localhost"]}]}},"_links":{"self":[{"href":"https:\/\/www.amatimmobiliaris.com\/w\/ca\/wp-json\/wp\/v2\/posts\/2713"}],"collection":[{"href":"https:\/\/www.amatimmobiliaris.com\/w\/ca\/wp-json\/wp\/v2\/posts"}],"about":[{"href":"https:\/\/www.amatimmobiliaris.com\/w\/ca\/wp-json\/wp\/v2\/types\/post"}],"author":[{"embeddable":true,"href":"https:\/\/www.amatimmobiliaris.com\/w\/ca\/wp-json\/wp\/v2\/users\/1"}],"replies":[{"embeddable":true,"href":"https:\/\/www.amatimmobiliaris.com\/w\/ca\/wp-json\/wp\/v2\/comments?post=2713"}],"version-history":[{"count":3,"href":"https:\/\/www.amatimmobiliaris.com\/w\/ca\/wp-json\/wp\/v2\/posts\/2713\/revisions"}],"predecessor-version":[{"id":25965,"href":"https:\/\/www.amatimmobiliaris.com\/w\/ca\/wp-json\/wp\/v2\/posts\/2713\/revisions\/25965"}],"wp:attachment":[{"href":"https:\/\/www.amatimmobiliaris.com\/w\/ca\/wp-json\/wp\/v2\/media?parent=2713"}],"wp:term":[{"taxonomy":"category","embeddable":true,"href":"https:\/\/www.amatimmobiliaris.com\/w\/ca\/wp-json\/wp\/v2\/categories?post=2713"},{"taxonomy":"post_tag","embeddable":true,"href":"https:\/\/www.amatimmobiliaris.com\/w\/ca\/wp-json\/wp\/v2\/tags?post=2713"}],"curies":[{"name":"wp","href":"https:\/\/api.w.org\/{rel}","templated":true}]}}