{"id":25837,"date":"2016-02-23T08:21:57","date_gmt":"2016-02-23T08:21:57","guid":{"rendered":"https:\/\/www.amatimmobiliaris.com\/w\/?p=25837"},"modified":"2023-04-26T12:30:20","modified_gmt":"2023-04-26T12:30:20","slug":"agora-garden-ledifici-mes-ecologic-del-mon","status":"publish","type":"post","link":"https:\/\/www.amatimmobiliaris.com\/w\/ca\/2016\/02\/agora-garden-ledifici-mes-ecologic-del-mon\/","title":{"rendered":"Agora Garden, l&#8217;edifici m\u00e9s ecol\u00f2gic del m\u00f3n"},"content":{"rendered":"<p style=\"text-align: justify;\">La torre <a href=\"https:\/\/vincent.callebaut.org\/category\/projects\/\" target=\"_blank\" rel=\"noopener\">Agora Garden<\/a>, a la ciutat de Taipei, Taiwan, no passa desapercebuda. No nom\u00e9s perqu\u00e8 \u00e9s una gran obra d&#8217;enginyeria de la <a href=\"https:\/\/www.amatimmobiliaris.com\/w\/ca\/2016\/01\/que-es-larquitectura-bioclimatica\/\" target=\"_blank\" rel=\"noopener\"><strong>arquitectura bioclim\u00e0tica<\/strong><\/a> sin\u00f3 tamb\u00e9 per la seva estructura en forma de cadena d&#8217;ADN. De fet, el seu aspecte va estretament lligat amb la seva condici\u00f3 d&#8217;edifici sostenible ja que, de manera figurada, pren el mateix <strong>simbolisme de font de vida i dinamisme<\/strong>. A nivell arquitect\u00f2nic, cada doble h\u00e8lix est\u00e0 representat per dues unitats de vivenda que formen un nivell complet.<\/p>\n<p style=\"text-align: justify;\">Desenvolupada per l&#8217;estudi <a href=\"https:\/\/vincent.callebaut.org\/\" target=\"_blank\" rel=\"noopener\">Vincent Callebaut<\/a> Architects, pret\u00e9n ser el major edifici sostenible del m\u00f3n. Tot i que encara no s&#8217;ha inaugurat &#8211; s&#8217;ha d&#8217;acabar aquest 2016- ha rebut la <strong>categoria Green Building<\/strong>, edifici verd, pel Ministeri d&#8217;Interior de Taiwan.<\/p>\n<blockquote><p><span id=\"result_box\" class=\"\" lang=\"es\"><span class=\"hps\">&#8220;Aquest projecte presenta<\/span> <span class=\"hps\">un concepte<\/span> <span class=\"hps\">pioner<\/span> <span class=\"hps\">de l&#8217;eco<\/span><span class=\"atn\">&#8211;<\/span>construcci\u00f3 residencial <span class=\"hps\">sostenible que<\/span> <span class=\"hps\">t\u00e9 com a objectiu limitar<\/span> <span class=\"hps\">la petjada<\/span> <span class=\"hps\">ecol\u00f2gica<\/span> <span class=\"hps\">dels seus habitants<\/span> <span class=\"hps\">mitjan\u00e7ant la investigaci\u00f3 de<\/span> <span class=\"hps\">la simbiosi<\/span> <span class=\" hps\">entre l&#8217;<\/span> <span class=\"hps\">dret<\/span> <span class=\"hps\">de l&#8217;\u00e9sser hum\u00e0 i<\/span> <span class=\"hps\">la&lt;\/span &gt; <span class=\"hps\">naturalesa<\/span>.&#8221; <strong>Vincent Callebaut<\/strong><br \/>\n<\/span><\/span><\/p><\/blockquote>\n<p><a href=\"https:\/\/www.amatimmobiliaris.com\/w\/wp-content\/uploads\/2022\/01\/taipei-adn-2-1.jpg\"><img loading=\"lazy\" decoding=\"async\" class=\"aligncenter wp-image-4349 size -full\" src=\"https:\/\/www.amatimmobiliaris.com\/w\/wp-content\/uploads\/2022\/01\/taipei-adn-2-1.jpg\" alt=\"taipei adn 2\" width=\"720\" height=\"404\" \/><\/a><\/p>\n<p style=\"text-align: justify;\">La intenci\u00f3 primera del vostre arquitecte \u00e9s <strong>&#8220;construir un paisatge vertical de baix consum energ\u00e8tic&#8221;<\/strong>. Dins del mateix s&#8217;integra tant el <strong>reciclatge de residus org\u00e0nics<\/strong> com l&#8217;aigua ja que l&#8217;aigua de pluja \u00e9s emmagatzemada en tancs per despr\u00e9s ser utilitzada als jardins per regar les plantes. <span id=\"result_box\" class=\"\" lang=\"ca\"> <\/span><\/p>\n<p style=\"text-align: justify;\"><span id=\"result_box\" class=\"\" lang=\"ca\"><span class=\"hps\">La torre compta tamb\u00e9 amb <strong>panells solars,&lt; \/strong&gt; m\u00e9s exactament una p\u00e8rgola fotovoltaica situada al centre d&#8217;un jard\u00ed de 1.000 m\u00b2, al capdamunt de l&#8217;edifici, per reduir el consum d&#8217;energia. A m\u00e9s, la seva forma en espiral fa possible que el sol arribi a cadascun dels balcons de cada apartament, que tenen horts urbans on cultivar diferents vegetals i fruites, i jardins que cobreixen tota la part exterior de l&#8217;edifici.<\/strong><\/span>&lt; \/span&gt;<\/span><\/p>\n<p style=\"text-align: justify;\">L&#8217;edifici t\u00e9 20 pisos, amb 40 apartaments d&#8217;alt standing i unes dimensions de 540 m2 cadascun, d&#8217;estil loft &#8211; concepte obert- on tot ha estat constru\u00eft amb materials reciclables, fins i tot els mobles.<\/p>\n<p>&nbsp;<\/p>\n","protected":false},"excerpt":{"rendered":"<p>La torre Agora Garden, a la ciutat de Taipei, Taiwan, no passa desapercebuda. No nom\u00e9s perqu\u00e8 \u00e9s una gran obra d&#8217;enginyeria de la arquitectura bioclim\u00e0tica sin\u00f3 tamb\u00e9 per la seva estructura en forma de cadena d&#8217;ADN. De fet, el seu aspecte va estretament lligat amb la seva condici\u00f3 d&#8217;edifici sostenible ja que, de manera figurada, [&hellip;]<\/p>\n","protected":false},"author":1,"featured_media":12866,"comment_status":"closed","ping_status":"closed","sticky":false,"template":"","format":"standard","meta":{"content-type":"","footnotes":""},"categories":[1151],"tags":[1100,168,559,1711,652,640,1728,734],"yoast_head":"<!-- This site is optimized with the Yoast SEO plugin v23.9 - https:\/\/yoast.com\/wordpress\/plugins\/seo\/ -->\n<title>Agora Garden, l&#039;edifici m\u00e9s ecol\u00f2gic del m\u00f3n | Amat Immobiliaris<\/title>\n<meta name=\"robots\" content=\"index, follow, max-snippet:-1, max-image-preview:large, max-video-preview:-1\" \/>\n<link rel=\"canonical\" href=\"https:\/\/www.amatimmobiliaris.com\/w\/ca\/2016\/02\/agora-garden-ledifici-mes-ecologic-del-mon\/\" \/>\n<meta property=\"og:locale\" content=\"ca_ES\" \/>\n<meta property=\"og:type\" content=\"article\" \/>\n<meta property=\"og:title\" content=\"Agora Garden, l&#039;edifici m\u00e9s ecol\u00f2gic del m\u00f3n | Amat Immobiliaris\" \/>\n<meta property=\"og:description\" content=\"La torre Agora Garden, a la ciutat de Taipei, Taiwan, no passa desapercebuda. No nom\u00e9s perqu\u00e8 \u00e9s una gran obra d&#8217;enginyeria de la arquitectura bioclim\u00e0tica sin\u00f3 tamb\u00e9 per la seva estructura en forma de cadena d&#8217;ADN. De fet, el seu aspecte va estretament lligat amb la seva condici\u00f3 d&#8217;edifici sostenible ja que, de manera figurada, [&hellip;]\" \/>\n<meta property=\"og:url\" content=\"https:\/\/www.amatimmobiliaris.com\/w\/ca\/2016\/02\/agora-garden-ledifici-mes-ecologic-del-mon\/\" \/>\n<meta property=\"og:site_name\" content=\"Amat Immobiliaris\" \/>\n<meta property=\"article:publisher\" content=\"https:\/\/www.facebook.com\/amatimmobiliaris\" \/>\n<meta property=\"article:published_time\" content=\"2016-02-23T08:21:57+00:00\" \/>\n<meta property=\"article:modified_time\" content=\"2023-04-26T12:30:20+00:00\" \/>\n<meta property=\"og:image\" content=\"https:\/\/www.amatimmobiliaris.com\/w\/wp-content\/uploads\/2022\/01\/taipei-adn-2-1.jpg\" \/>\n\t<meta property=\"og:image:width\" content=\"720\" \/>\n\t<meta property=\"og:image:height\" content=\"404\" \/>\n\t<meta property=\"og:image:type\" content=\"image\/jpeg\" \/>\n<meta name=\"author\" content=\"Amat Immobiliaris\" \/>\n<meta name=\"twitter:card\" content=\"summary_large_image\" \/>\n<meta name=\"twitter:creator\" content=\"@amat_cat\" \/>\n<meta name=\"twitter:site\" content=\"@amat_cat\" \/>\n<meta name=\"twitter:label1\" content=\"Escrit per\" \/>\n\t<meta name=\"twitter:data1\" content=\"Amat Immobiliaris\" \/>\n\t<meta name=\"twitter:label2\" content=\"Temps estimat de lectura\" \/>\n\t<meta name=\"twitter:data2\" content=\"2 minuts\" \/>\n<script type=\"application\/ld+json\" class=\"yoast-schema-graph\">{\"@context\":\"https:\/\/schema.org\",\"@graph\":[{\"@type\":\"Article\",\"@id\":\"https:\/\/www.amatimmobiliaris.com\/w\/ca\/2016\/02\/agora-garden-ledifici-mes-ecologic-del-mon\/#article\",\"isPartOf\":{\"@id\":\"https:\/\/www.amatimmobiliaris.com\/w\/ca\/2016\/02\/agora-garden-ledifici-mes-ecologic-del-mon\/\"},\"author\":{\"name\":\"Amat Immobiliaris\",\"@id\":\"https:\/\/www.amatimmobiliaris.com\/w\/#\/schema\/person\/c880da71d1e156e7ea6774ffb445e034\"},\"headline\":\"Agora Garden, l&#8217;edifici m\u00e9s ecol\u00f2gic del m\u00f3n\",\"datePublished\":\"2016-02-23T08:21:57+00:00\",\"dateModified\":\"2023-04-26T12:30:20+00:00\",\"mainEntityOfPage\":{\"@id\":\"https:\/\/www.amatimmobiliaris.com\/w\/ca\/2016\/02\/agora-garden-ledifici-mes-ecologic-del-mon\/\"},\"wordCount\":343,\"publisher\":{\"@id\":\"https:\/\/www.amatimmobiliaris.com\/w\/#organization\"},\"image\":{\"@id\":\"https:\/\/www.amatimmobiliaris.com\/w\/ca\/2016\/02\/agora-garden-ledifici-mes-ecologic-del-mon\/#primaryimage\"},\"thumbnailUrl\":\"https:\/\/www.amatimmobiliaris.com\/w\/wp-content\/uploads\/2022\/01\/taipei-adn-2-1.jpg\",\"keywords\":[\"Amatzonia\",\"Consum\",\"Efici\u00e8ncia energ\u00e8tica\",\"Energia renovable\",\"Energia solar\",\"Sol\",\"Sostenibilitat\",\"Sostenible\"],\"articleSection\":[\"Arquitectura i decoraci\u00f3\"],\"inLanguage\":\"ca\"},{\"@type\":\"WebPage\",\"@id\":\"https:\/\/www.amatimmobiliaris.com\/w\/ca\/2016\/02\/agora-garden-ledifici-mes-ecologic-del-mon\/\",\"url\":\"https:\/\/www.amatimmobiliaris.com\/w\/ca\/2016\/02\/agora-garden-ledifici-mes-ecologic-del-mon\/\",\"name\":\"Agora Garden, l'edifici m\u00e9s ecol\u00f2gic del m\u00f3n | Amat Immobiliaris\",\"isPartOf\":{\"@id\":\"https:\/\/www.amatimmobiliaris.com\/w\/#website\"},\"primaryImageOfPage\":{\"@id\":\"https:\/\/www.amatimmobiliaris.com\/w\/ca\/2016\/02\/agora-garden-ledifici-mes-ecologic-del-mon\/#primaryimage\"},\"image\":{\"@id\":\"https:\/\/www.amatimmobiliaris.com\/w\/ca\/2016\/02\/agora-garden-ledifici-mes-ecologic-del-mon\/#primaryimage\"},\"thumbnailUrl\":\"https:\/\/www.amatimmobiliaris.com\/w\/wp-content\/uploads\/2022\/01\/taipei-adn-2-1.jpg\",\"datePublished\":\"2016-02-23T08:21:57+00:00\",\"dateModified\":\"2023-04-26T12:30:20+00:00\",\"breadcrumb\":{\"@id\":\"https:\/\/www.amatimmobiliaris.com\/w\/ca\/2016\/02\/agora-garden-ledifici-mes-ecologic-del-mon\/#breadcrumb\"},\"inLanguage\":\"ca\",\"potentialAction\":[{\"@type\":\"ReadAction\",\"target\":[\"https:\/\/www.amatimmobiliaris.com\/w\/ca\/2016\/02\/agora-garden-ledifici-mes-ecologic-del-mon\/\"]}]},{\"@type\":\"ImageObject\",\"inLanguage\":\"ca\",\"@id\":\"https:\/\/www.amatimmobiliaris.com\/w\/ca\/2016\/02\/agora-garden-ledifici-mes-ecologic-del-mon\/#primaryimage\",\"url\":\"https:\/\/www.amatimmobiliaris.com\/w\/wp-content\/uploads\/2022\/01\/taipei-adn-2-1.jpg\",\"contentUrl\":\"https:\/\/www.amatimmobiliaris.com\/w\/wp-content\/uploads\/2022\/01\/taipei-adn-2-1.jpg\",\"width\":720,\"height\":404},{\"@type\":\"BreadcrumbList\",\"@id\":\"https:\/\/www.amatimmobiliaris.com\/w\/ca\/2016\/02\/agora-garden-ledifici-mes-ecologic-del-mon\/#breadcrumb\",\"itemListElement\":[{\"@type\":\"ListItem\",\"position\":1,\"name\":\"Home\",\"item\":\"https:\/\/www.amatimmobiliaris.com\/w\/ca\/\"},{\"@type\":\"ListItem\",\"position\":2,\"name\":\"Arquitectura i decoraci\u00f3\",\"item\":\"https:\/\/www.amatimmobiliaris.com\/w\/ca\/categoria-ca\/arquitectura-i-decoracio-ca\/\"},{\"@type\":\"ListItem\",\"position\":3,\"name\":\"Agora Garden, l&#8217;edifici m\u00e9s ecol\u00f2gic del m\u00f3n\"}]},{\"@type\":\"WebSite\",\"@id\":\"https:\/\/www.amatimmobiliaris.com\/w\/#website\",\"url\":\"https:\/\/www.amatimmobiliaris.com\/w\/\",\"name\":\"Amat Immobiliaris\",\"description\":\"Empresa familiar del sector inmobiliario con oficinas en Barcelona, Sant Cugat del Vall\u00e9s y Sant Just Desvern. Te ayudamos a comprar, alquilar o vender tu casa o piso. Somos un equipo coherente con una cultura de empresa honesta, innovadora y eficaz. Tambi\u00e9n en www.amatluxury.com\",\"publisher\":{\"@id\":\"https:\/\/www.amatimmobiliaris.com\/w\/#organization\"},\"alternateName\":\"AmatImmo\",\"potentialAction\":[{\"@type\":\"SearchAction\",\"target\":{\"@type\":\"EntryPoint\",\"urlTemplate\":\"https:\/\/www.amatimmobiliaris.com\/w\/?s={search_term_string}\"},\"query-input\":{\"@type\":\"PropertyValueSpecification\",\"valueRequired\":true,\"valueName\":\"search_term_string\"}}],\"inLanguage\":\"ca\"},{\"@type\":\"Organization\",\"@id\":\"https:\/\/www.amatimmobiliaris.com\/w\/#organization\",\"name\":\"Amat Immobiliaris\",\"url\":\"https:\/\/www.amatimmobiliaris.com\/w\/\",\"logo\":{\"@type\":\"ImageObject\",\"inLanguage\":\"ca\",\"@id\":\"https:\/\/www.amatimmobiliaris.com\/w\/#\/schema\/logo\/image\/\",\"url\":\"https:\/\/www.amatimmobiliaris.com\/w\/wp-content\/uploads\/2022\/10\/amat-logo.jpg\",\"contentUrl\":\"https:\/\/www.amatimmobiliaris.com\/w\/wp-content\/uploads\/2022\/10\/amat-logo.jpg\",\"width\":900,\"height\":900,\"caption\":\"Amat Immobiliaris\"},\"image\":{\"@id\":\"https:\/\/www.amatimmobiliaris.com\/w\/#\/schema\/logo\/image\/\"},\"sameAs\":[\"https:\/\/www.facebook.com\/amatimmobiliaris\",\"https:\/\/x.com\/amat_cat\",\"https:\/\/www.instagram.com\/amat_immo\/\",\"https:\/\/www.linkedin.com\/company\/amat-finques\/\",\"https:\/\/www.youtube.com\/@amatimmobiliaris\"]},{\"@type\":\"Person\",\"@id\":\"https:\/\/www.amatimmobiliaris.com\/w\/#\/schema\/person\/c880da71d1e156e7ea6774ffb445e034\",\"name\":\"Amat Immobiliaris\",\"sameAs\":[\"http:\/\/amat-inmo-wp.localhost\"]}]}<\/script>\n<!-- \/ Yoast SEO plugin. -->","yoast_head_json":{"title":"Agora Garden, l'edifici m\u00e9s ecol\u00f2gic del m\u00f3n | Amat Immobiliaris","robots":{"index":"index","follow":"follow","max-snippet":"max-snippet:-1","max-image-preview":"max-image-preview:large","max-video-preview":"max-video-preview:-1"},"canonical":"https:\/\/www.amatimmobiliaris.com\/w\/ca\/2016\/02\/agora-garden-ledifici-mes-ecologic-del-mon\/","og_locale":"ca_ES","og_type":"article","og_title":"Agora Garden, l'edifici m\u00e9s ecol\u00f2gic del m\u00f3n | Amat Immobiliaris","og_description":"La torre Agora Garden, a la ciutat de Taipei, Taiwan, no passa desapercebuda. No nom\u00e9s perqu\u00e8 \u00e9s una gran obra d&#8217;enginyeria de la arquitectura bioclim\u00e0tica sin\u00f3 tamb\u00e9 per la seva estructura en forma de cadena d&#8217;ADN. De fet, el seu aspecte va estretament lligat amb la seva condici\u00f3 d&#8217;edifici sostenible ja que, de manera figurada, [&hellip;]","og_url":"https:\/\/www.amatimmobiliaris.com\/w\/ca\/2016\/02\/agora-garden-ledifici-mes-ecologic-del-mon\/","og_site_name":"Amat Immobiliaris","article_publisher":"https:\/\/www.facebook.com\/amatimmobiliaris","article_published_time":"2016-02-23T08:21:57+00:00","article_modified_time":"2023-04-26T12:30:20+00:00","og_image":[{"width":720,"height":404,"url":"https:\/\/www.amatimmobiliaris.com\/w\/wp-content\/uploads\/2022\/01\/taipei-adn-2-1.jpg","type":"image\/jpeg"}],"author":"Amat Immobiliaris","twitter_card":"summary_large_image","twitter_creator":"@amat_cat","twitter_site":"@amat_cat","twitter_misc":{"Escrit per":"Amat Immobiliaris","Temps estimat de lectura":"2 minuts"},"schema":{"@context":"https:\/\/schema.org","@graph":[{"@type":"Article","@id":"https:\/\/www.amatimmobiliaris.com\/w\/ca\/2016\/02\/agora-garden-ledifici-mes-ecologic-del-mon\/#article","isPartOf":{"@id":"https:\/\/www.amatimmobiliaris.com\/w\/ca\/2016\/02\/agora-garden-ledifici-mes-ecologic-del-mon\/"},"author":{"name":"Amat Immobiliaris","@id":"https:\/\/www.amatimmobiliaris.com\/w\/#\/schema\/person\/c880da71d1e156e7ea6774ffb445e034"},"headline":"Agora Garden, l&#8217;edifici m\u00e9s ecol\u00f2gic del m\u00f3n","datePublished":"2016-02-23T08:21:57+00:00","dateModified":"2023-04-26T12:30:20+00:00","mainEntityOfPage":{"@id":"https:\/\/www.amatimmobiliaris.com\/w\/ca\/2016\/02\/agora-garden-ledifici-mes-ecologic-del-mon\/"},"wordCount":343,"publisher":{"@id":"https:\/\/www.amatimmobiliaris.com\/w\/#organization"},"image":{"@id":"https:\/\/www.amatimmobiliaris.com\/w\/ca\/2016\/02\/agora-garden-ledifici-mes-ecologic-del-mon\/#primaryimage"},"thumbnailUrl":"https:\/\/www.amatimmobiliaris.com\/w\/wp-content\/uploads\/2022\/01\/taipei-adn-2-1.jpg","keywords":["Amatzonia","Consum","Efici\u00e8ncia energ\u00e8tica","Energia renovable","Energia solar","Sol","Sostenibilitat","Sostenible"],"articleSection":["Arquitectura i decoraci\u00f3"],"inLanguage":"ca"},{"@type":"WebPage","@id":"https:\/\/www.amatimmobiliaris.com\/w\/ca\/2016\/02\/agora-garden-ledifici-mes-ecologic-del-mon\/","url":"https:\/\/www.amatimmobiliaris.com\/w\/ca\/2016\/02\/agora-garden-ledifici-mes-ecologic-del-mon\/","name":"Agora Garden, l'edifici m\u00e9s ecol\u00f2gic del m\u00f3n | Amat Immobiliaris","isPartOf":{"@id":"https:\/\/www.amatimmobiliaris.com\/w\/#website"},"primaryImageOfPage":{"@id":"https:\/\/www.amatimmobiliaris.com\/w\/ca\/2016\/02\/agora-garden-ledifici-mes-ecologic-del-mon\/#primaryimage"},"image":{"@id":"https:\/\/www.amatimmobiliaris.com\/w\/ca\/2016\/02\/agora-garden-ledifici-mes-ecologic-del-mon\/#primaryimage"},"thumbnailUrl":"https:\/\/www.amatimmobiliaris.com\/w\/wp-content\/uploads\/2022\/01\/taipei-adn-2-1.jpg","datePublished":"2016-02-23T08:21:57+00:00","dateModified":"2023-04-26T12:30:20+00:00","breadcrumb":{"@id":"https:\/\/www.amatimmobiliaris.com\/w\/ca\/2016\/02\/agora-garden-ledifici-mes-ecologic-del-mon\/#breadcrumb"},"inLanguage":"ca","potentialAction":[{"@type":"ReadAction","target":["https:\/\/www.amatimmobiliaris.com\/w\/ca\/2016\/02\/agora-garden-ledifici-mes-ecologic-del-mon\/"]}]},{"@type":"ImageObject","inLanguage":"ca","@id":"https:\/\/www.amatimmobiliaris.com\/w\/ca\/2016\/02\/agora-garden-ledifici-mes-ecologic-del-mon\/#primaryimage","url":"https:\/\/www.amatimmobiliaris.com\/w\/wp-content\/uploads\/2022\/01\/taipei-adn-2-1.jpg","contentUrl":"https:\/\/www.amatimmobiliaris.com\/w\/wp-content\/uploads\/2022\/01\/taipei-adn-2-1.jpg","width":720,"height":404},{"@type":"BreadcrumbList","@id":"https:\/\/www.amatimmobiliaris.com\/w\/ca\/2016\/02\/agora-garden-ledifici-mes-ecologic-del-mon\/#breadcrumb","itemListElement":[{"@type":"ListItem","position":1,"name":"Home","item":"https:\/\/www.amatimmobiliaris.com\/w\/ca\/"},{"@type":"ListItem","position":2,"name":"Arquitectura i decoraci\u00f3","item":"https:\/\/www.amatimmobiliaris.com\/w\/ca\/categoria-ca\/arquitectura-i-decoracio-ca\/"},{"@type":"ListItem","position":3,"name":"Agora Garden, l&#8217;edifici m\u00e9s ecol\u00f2gic del m\u00f3n"}]},{"@type":"WebSite","@id":"https:\/\/www.amatimmobiliaris.com\/w\/#website","url":"https:\/\/www.amatimmobiliaris.com\/w\/","name":"Amat Immobiliaris","description":"Empresa familiar del sector inmobiliario con oficinas en Barcelona, Sant Cugat del Vall\u00e9s y Sant Just Desvern. Te ayudamos a comprar, alquilar o vender tu casa o piso. Somos un equipo coherente con una cultura de empresa honesta, innovadora y eficaz. Tambi\u00e9n en www.amatluxury.com","publisher":{"@id":"https:\/\/www.amatimmobiliaris.com\/w\/#organization"},"alternateName":"AmatImmo","potentialAction":[{"@type":"SearchAction","target":{"@type":"EntryPoint","urlTemplate":"https:\/\/www.amatimmobiliaris.com\/w\/?s={search_term_string}"},"query-input":{"@type":"PropertyValueSpecification","valueRequired":true,"valueName":"search_term_string"}}],"inLanguage":"ca"},{"@type":"Organization","@id":"https:\/\/www.amatimmobiliaris.com\/w\/#organization","name":"Amat Immobiliaris","url":"https:\/\/www.amatimmobiliaris.com\/w\/","logo":{"@type":"ImageObject","inLanguage":"ca","@id":"https:\/\/www.amatimmobiliaris.com\/w\/#\/schema\/logo\/image\/","url":"https:\/\/www.amatimmobiliaris.com\/w\/wp-content\/uploads\/2022\/10\/amat-logo.jpg","contentUrl":"https:\/\/www.amatimmobiliaris.com\/w\/wp-content\/uploads\/2022\/10\/amat-logo.jpg","width":900,"height":900,"caption":"Amat Immobiliaris"},"image":{"@id":"https:\/\/www.amatimmobiliaris.com\/w\/#\/schema\/logo\/image\/"},"sameAs":["https:\/\/www.facebook.com\/amatimmobiliaris","https:\/\/x.com\/amat_cat","https:\/\/www.instagram.com\/amat_immo\/","https:\/\/www.linkedin.com\/company\/amat-finques\/","https:\/\/www.youtube.com\/@amatimmobiliaris"]},{"@type":"Person","@id":"https:\/\/www.amatimmobiliaris.com\/w\/#\/schema\/person\/c880da71d1e156e7ea6774ffb445e034","name":"Amat Immobiliaris","sameAs":["http:\/\/amat-inmo-wp.localhost"]}]}},"_links":{"self":[{"href":"https:\/\/www.amatimmobiliaris.com\/w\/ca\/wp-json\/wp\/v2\/posts\/25837"}],"collection":[{"href":"https:\/\/www.amatimmobiliaris.com\/w\/ca\/wp-json\/wp\/v2\/posts"}],"about":[{"href":"https:\/\/www.amatimmobiliaris.com\/w\/ca\/wp-json\/wp\/v2\/types\/post"}],"author":[{"embeddable":true,"href":"https:\/\/www.amatimmobiliaris.com\/w\/ca\/wp-json\/wp\/v2\/users\/1"}],"replies":[{"embeddable":true,"href":"https:\/\/www.amatimmobiliaris.com\/w\/ca\/wp-json\/wp\/v2\/comments?post=25837"}],"version-history":[{"count":1,"href":"https:\/\/www.amatimmobiliaris.com\/w\/ca\/wp-json\/wp\/v2\/posts\/25837\/revisions"}],"predecessor-version":[{"id":25841,"href":"https:\/\/www.amatimmobiliaris.com\/w\/ca\/wp-json\/wp\/v2\/posts\/25837\/revisions\/25841"}],"wp:featuredmedia":[{"embeddable":true,"href":"https:\/\/www.amatimmobiliaris.com\/w\/ca\/wp-json\/wp\/v2\/media\/12866"}],"wp:attachment":[{"href":"https:\/\/www.amatimmobiliaris.com\/w\/ca\/wp-json\/wp\/v2\/media?parent=25837"}],"wp:term":[{"taxonomy":"category","embeddable":true,"href":"https:\/\/www.amatimmobiliaris.com\/w\/ca\/wp-json\/wp\/v2\/categories?post=25837"},{"taxonomy":"post_tag","embeddable":true,"href":"https:\/\/www.amatimmobiliaris.com\/w\/ca\/wp-json\/wp\/v2\/tags?post=25837"}],"curies":[{"name":"wp","href":"https:\/\/api.w.org\/{rel}","templated":true}]}}