{"id":25159,"date":"2023-04-21T09:00:12","date_gmt":"2023-04-21T09:00:12","guid":{"rendered":"https:\/\/www.amatimmobiliaris.com\/w\/?p=25159"},"modified":"2023-05-12T09:51:28","modified_gmt":"2023-05-12T09:51:28","slug":"sant-jordi-2023-entre-roses-i-llibres","status":"publish","type":"post","link":"https:\/\/www.amatimmobiliaris.com\/w\/ca\/2023\/04\/sant-jordi-2023-entre-roses-i-llibres\/","title":{"rendered":"Sant Jordi 2023 amb roses i llibres"},"content":{"rendered":"<h3>Celebra aquest Sant Jordi 2023 de la millor manera, envoltat de llibres, roses i en companyia d&#8217;autors i amants de la lectura.<\/h3>\n<p style=\"text-align: justify;\">Des d<a href=\"https:\/\/www.amatimmobiliaris.com\/w\/ca\/\" target=\"_blank\" rel=\"noopener\"><strong>&#8216;Amat Cultura<\/strong><\/a>, des de comen\u00e7ament d&#8217;any, hem patrocinat 4 presentacions de llibres del <a href=\"https:\/\/www.totsantcugat.cat\/tag\/presentacio-de-llibre\" target=\"_blank\" rel=\"noopener\">TOT Sant Cugat<\/a>, i per celebrar el Dia del Llibre i la Rosa donem una ullada aquests llibres i als seus autors.\u00a0Aquest diumenge, com \u00e9s costum,\u00a0els carrers de Barcelona s&#8217;ompliran d&#8217;amants de la lectura que entre roses i llibres aniran en la recerca de llibres i dels seus autors, incl\u00f2s un a la nostra llista, per celebrar un any m\u00e9s <strong>Sant Jordi.<\/strong><\/p>\n<p>&nbsp;<\/p>\n<h4><strong>Descobreix els nostres 4 llibres per a aquest Sant Jordi 2023<\/strong><\/h4>\n<p>&nbsp;<\/p>\n<h5><img loading=\"lazy\" decoding=\"async\" class=\"alignleft wp-image-25144\" src=\"https:\/\/www.amatimmobiliaris.com\/w\/wp-content\/uploads\/2023\/04\/32-de-MARC-de-Xavier-Bosch-198x300.jpg\" alt=\"\" width=\"300\" height=\"454\" srcset=\"https:\/\/www.amatimmobiliaris.com\/w\/wp-content\/uploads\/2023\/04\/32-de-MARC-de-Xavier-Bosch-198x300.jpg 198w, https:\/\/www.amatimmobiliaris.com\/w\/wp-content\/uploads\/2023\/04\/32-de-MARC-de-Xavier-Bosch.jpg 552w\" sizes=\"(max-width: 300px) 100vw, 300px\" \/><\/h5>\n<h5><strong><b>32 de MAR\u00c7 de Xavier Bosch<\/b><\/strong><\/h5>\n<p style=\"text-align: justify;\">La novel\u00b7la explica la hist\u00f2ria la <strong><span class=\"hiddenGrammarError\">Barbara<\/span>\u00a0<span class=\"hiddenSpellError\">H\u00e9brard<\/span>, una agent liter\u00e0ria que s&#8217;instal\u00b7la a Par\u00eds<\/strong> a casa de la seva \u00e0via, la <span class=\"hiddenSpellError\">Margaux<\/span>, amb qui t\u00e9 una relaci\u00f3 molt especial. Un mat\u00ed del 2008, la <span class=\"hiddenGrammarError\">Barbara<\/span> es troba un estrany dormint al seu sof\u00e0, un enigm\u00e0tic fot\u00f2graf que acompanyar\u00e0 la nostra protagonista en una recerca inesperada on descobrir\u00e0 els secrets de la <strong><span class=\"hiddenSpellError\">Margaux<\/span> qui va sobreviure a l&#8217;ocupaci\u00f3 nazi.<\/strong><\/p>\n<p>&nbsp;<\/p>\n<p style=\"text-align: justify;\">El llibre <strong>analitza el paper del periodisme al servei del nazisme<\/strong> <strong>i com el fotoperiodisme<\/strong> encarregat pels alemanys <strong>era utilitzat com una arma de seducci\u00f3 massiva<\/strong>. L&#8217;autor va presentar el seu nou llibre al mar\u00e7 de la m\u00e0 del <strong><a href=\"https:\/\/www.totsantcugat.cat\/actualitat\/cultura\/xavier-bosch-la-meva-filla-nomes-ha-tingut-avia-dedico-novella-elles-dues_2180488102.html\" target=\"_blank\" rel=\"noopener\">Tot Sant Cugat<\/a><\/strong> on va parlar de la seva novel\u00b7la. Us deixem tamb\u00e9 una altra entrevista que <strong><a href=\"https:\/\/www.cugat.cat\/noticies\/cultura\/162650\/xavier-bosch_-_un-32-de-marc-es-un-dia-que- ens-regala-la-vida_-que-no-existeix_-per\u00f2-que-l_hem-d_aprofitar_\" target=\"_blank\" rel=\"noopener nofollow\" class=\"broken_link\">Cugatmedia<\/a> <\/strong>va fer-li a l&#8217;autor.<\/p>\n<p style=\"text-align: justify;\">?<a href=\"https:\/\/www.google.es\/maps\/place\/Passeig+de+Gr%C3%A0cia,+53,+08007+Barcelona\/@41.3925063,2.1637406,19z\/data=!3m1!4b1!4m6!3m5!1s0x12a4a2ed4ceb27f7:0x1d93be197d74bb6b!8m2!3d41.3925063!4d2.1643843!16s%2Fg%2F11rrq8dpby?hl=es&amp;coh=178572&amp;entry=tt&amp;shorturl=1\" target=\"_blank\" rel=\"noopener\"><u><strong>Passeig de Gr\u00e0cia (entre Carrer Arag\u00f3 y Carrer Val\u00e8ncia) de 11 a 12h<\/strong><\/u><\/a><\/p>\n<p>&nbsp;<\/p>\n<h5><strong><b>Sense c\u00e0stig: Deu crims impunes de Tura Soler y Jordi Grau<\/b><\/strong><\/h5>\n<p style=\"text-align: justify;\">Els periodistes d&#8217;investigaci\u00f3 Tura Soler i Jordi Grau repesen alguns dels casos que fan ballar el cap dels dos autors perqu\u00e8 s\u00f3n crims que segueixen sense resoldre&#8217;s perqu\u00e8 no s&#8217;ha aconseguit trobar l&#8217;autor dels fets o b\u00e9 perqu\u00e8 no s&#8217;ha pogut incriminar el sospit\u00f3s amb proves concloents. Els autors trepitgen l&#8217;escena de 10 crims i ens expliquen els misteris, les veritats i les inc\u00f2gnites d&#8217;uns assassinats que sempre recordaran perqu\u00e8 han quedat impunes.<\/p>\n<p>&nbsp;<\/p>\n<p style=\"text-align: justify;\">Dona una ullada a la presentaci\u00f3 del llibre organitzada per <a href=\"https:\/\/www.youtube.com\/@totsantcugat25\" target=\"_blank\" rel=\"noopener\">TOT Sant Cugat<\/a>!<\/p>\n<div class=\"ratio ratio-16x9\"><iframe loading=\"lazy\" title=\"Presentaci\u00f3 del llibre \u2018Sense c\u00e0stig: deu crims impunes\u2019 de Tura Soler i Jordi Grau\" width=\"800\" height=\"450\" src=\"https:\/\/www.youtube.com\/embed\/55BjPKPa1yw?feature=oembed\" frameborder=\"0\" allow=\"accelerometer; autoplay; clipboard-write; encrypted-media; gyroscope; picture-in-picture; web-share\" allowfullscreen><\/iframe><\/div>\n<p>&nbsp;<\/p>\n<h5><strong><b>Deliciosament C\u00edcliques de Gina Estap\u00e9<\/b><\/strong><\/h5>\n<p style=\"text-align: justify;\">El primer receptari pensat per a cada moment del cicle menstrual. Gina\u00a0<span class=\"hiddenSpellError\">Estap\u00e9<\/span>, dietista, nutricionista i autora del compte d&#8217;Instagram <a href=\"https:\/\/www.instagram.com\/myhealthybites\/\" target=\"_blank\" rel=\"noopener\">@myhealthybites<\/a>, ens explica al seu llibre com funciona el cos femen\u00ed, com \u00e9s possible adaptar l&#8217;alimentaci\u00f3 a les diferents fases del cicle menstrual i quins nutrients s\u00f3n clau a cada moment per maximitzar el teu benestar. A m\u00e9s, comparteix 67 receptes saludables i delicioses!<\/p>\n<p><a href=\"https:\/\/www.totsantcugat.cat\/activitats\/activitats-culturals\/presentacio-llibres-deliciosamente-ciclicas-gina-estape-biotiful-moments-chloe-sucree_211145_103.html\"><img loading=\"lazy\" decoding=\"async\" class=\"size-large alignright\" src=\"https:\/\/www.totsantcugat.cat\/uploads\/s1\/26\/48\/78\/67\/gina-estape-i-chloe-sucre-e_38_800x400.jpeg\" width=\"800\" height=\"400\" \/><\/a><\/p>\n<h5><strong><b>Biotiful Moments de Chlo\u00e9 Sucr\u00e9e<\/b><\/strong><\/h5>\n<p style=\"text-align: justify;\">&#8220;Jo, sempre que puc, busco les meves\u00a0<i>biotiful moments<\/i>. No han de ser dies especials de per si. M\u00e9s aviat procuro fer del que \u00e9s ordinari alguna cosa extraordin\u00e0ria. Tot \u00e9s q\u00fcesti\u00f3 de perspectiva, bona actitud i de posar-hi ganes. T&#8217;invito a fer el mateix. Et sorprendr\u00e0 la quantitat de moments m\u00e0gics que poden apar\u00e8ixer.&#8221;<\/p>\n<p>&nbsp;<\/p>\n<p style=\"text-align: justify;\">Chlo\u00e9 Sucr\u00e9, la fot\u00f2grafa i fundadora del bloc de cuina vegetariana <a href=\"https:\/\/www.instagram.com\/beingbiotiful\/\" target=\"_blank\" rel=\"noopener\"><em><strong>Being Biotiful<\/strong><\/em><\/a> inclou 90 receptes al seu quart llibre que pretenen demostrar que cuinar va m\u00e9s enll\u00e0 d&#8217;un acte quotidi\u00e0, i per aix\u00f2 ha triat <a href=\"https:\/\/www.beingbiotiful.com\/producto\/biotiful-moments\/\" target=\"_blank\" rel=\"noopener\"><em><strong>10\u00a0biotiful moments<\/strong><\/em><\/a> entre els quals es troben <em>Viatges en ruta<\/em> o <em>Feeling good.<\/em><\/p>\n<p>&nbsp;<\/p>\n<p style=\"text-align: justify;\">Des d&#8217;Amat us desitgem una bona diada de <strong>Sant Jordi<\/strong>! Ens veiem diumenge als carrers de Barcelona entre roses i llibres.<\/p>\n","protected":false},"excerpt":{"rendered":"<p>Celebra aquest Sant Jordi 2023 de la millor manera, envoltat de llibres, roses i en companyia d&#8217;autors i amants de la lectura. Des d&#8216;Amat Cultura, des de comen\u00e7ament d&#8217;any, hem patrocinat 4 presentacions de llibres del TOT Sant Cugat, i per celebrar el Dia del Llibre i la Rosa donem una ullada aquests llibres i [&hellip;]<\/p>\n","protected":false},"author":1,"featured_media":25155,"comment_status":"closed","ping_status":"closed","sticky":false,"template":"","format":"standard","meta":{"content-type":"","footnotes":""},"categories":[1632,1147],"tags":[1685,118,416,1707,387],"yoast_head":"<!-- This site is optimized with the Yoast SEO plugin v23.9 - https:\/\/yoast.com\/wordpress\/plugins\/seo\/ -->\n<title>Sant Jordi 2023 amb roses i llibres | Amat Immobiliaris<\/title>\n<meta name=\"description\" content=\"Amat Cultura, aquest any, ha patrocinat aquests 4 llibres. Aquest Sant Jordi 2023 us en parlem i dels seus autors!\" \/>\n<meta name=\"robots\" content=\"index, follow, max-snippet:-1, max-image-preview:large, max-video-preview:-1\" \/>\n<link rel=\"canonical\" href=\"https:\/\/www.amatimmobiliaris.com\/w\/ca\/2023\/04\/sant-jordi-2023-entre-roses-i-llibres\/\" \/>\n<meta property=\"og:locale\" content=\"ca_ES\" \/>\n<meta property=\"og:type\" content=\"article\" \/>\n<meta property=\"og:title\" content=\"Sant Jordi 2023 amb roses i llibres | Amat Immobiliaris\" \/>\n<meta property=\"og:description\" content=\"Amat Cultura, aquest any, ha patrocinat aquests 4 llibres. Aquest Sant Jordi 2023 us en parlem i dels seus autors!\" \/>\n<meta property=\"og:url\" content=\"https:\/\/www.amatimmobiliaris.com\/w\/ca\/2023\/04\/sant-jordi-2023-entre-roses-i-llibres\/\" \/>\n<meta property=\"og:site_name\" content=\"Amat Immobiliaris\" \/>\n<meta property=\"article:publisher\" content=\"https:\/\/www.facebook.com\/amatimmobiliaris\" \/>\n<meta property=\"article:published_time\" content=\"2023-04-21T09:00:12+00:00\" \/>\n<meta property=\"article:modified_time\" content=\"2023-05-12T09:51:28+00:00\" \/>\n<meta property=\"og:image\" content=\"https:\/\/www.amatimmobiliaris.com\/w\/wp-content\/uploads\/2023\/04\/Sant-Jordi23_Facebook.jpg\" \/>\n\t<meta property=\"og:image:width\" content=\"2501\" \/>\n\t<meta property=\"og:image:height\" content=\"1314\" \/>\n\t<meta property=\"og:image:type\" content=\"image\/jpeg\" \/>\n<meta name=\"author\" content=\"Amat Immobiliaris\" \/>\n<meta name=\"twitter:card\" content=\"summary_large_image\" \/>\n<meta name=\"twitter:creator\" content=\"@amat_cat\" \/>\n<meta name=\"twitter:site\" content=\"@amat_cat\" \/>\n<meta name=\"twitter:label1\" content=\"Escrit per\" \/>\n\t<meta name=\"twitter:data1\" content=\"Amat Immobiliaris\" \/>\n\t<meta name=\"twitter:label2\" content=\"Temps estimat de lectura\" \/>\n\t<meta name=\"twitter:data2\" content=\"3 minuts\" \/>\n<script type=\"application\/ld+json\" class=\"yoast-schema-graph\">{\"@context\":\"https:\/\/schema.org\",\"@graph\":[{\"@type\":\"Article\",\"@id\":\"https:\/\/www.amatimmobiliaris.com\/w\/ca\/2023\/04\/sant-jordi-2023-entre-roses-i-llibres\/#article\",\"isPartOf\":{\"@id\":\"https:\/\/www.amatimmobiliaris.com\/w\/ca\/2023\/04\/sant-jordi-2023-entre-roses-i-llibres\/\"},\"author\":{\"name\":\"Amat Immobiliaris\",\"@id\":\"https:\/\/www.amatimmobiliaris.com\/w\/#\/schema\/person\/c880da71d1e156e7ea6774ffb445e034\"},\"headline\":\"Sant Jordi 2023 amb roses i llibres\",\"datePublished\":\"2023-04-21T09:00:12+00:00\",\"dateModified\":\"2023-05-12T09:51:28+00:00\",\"mainEntityOfPage\":{\"@id\":\"https:\/\/www.amatimmobiliaris.com\/w\/ca\/2023\/04\/sant-jordi-2023-entre-roses-i-llibres\/\"},\"wordCount\":600,\"publisher\":{\"@id\":\"https:\/\/www.amatimmobiliaris.com\/w\/#organization\"},\"image\":{\"@id\":\"https:\/\/www.amatimmobiliaris.com\/w\/ca\/2023\/04\/sant-jordi-2023-entre-roses-i-llibres\/#primaryimage\"},\"thumbnailUrl\":\"https:\/\/www.amatimmobiliaris.com\/w\/wp-content\/uploads\/2023\/04\/Sant-Jordi23_Facebook.jpg\",\"keywords\":[\"AmatCultura\",\"Barcelona\",\"Entrevista\",\"Festa\",\"Sant Jordi\"],\"articleSection\":[\"Cultura\",\"El m\u00f3n Amat\"],\"inLanguage\":\"ca\"},{\"@type\":\"WebPage\",\"@id\":\"https:\/\/www.amatimmobiliaris.com\/w\/ca\/2023\/04\/sant-jordi-2023-entre-roses-i-llibres\/\",\"url\":\"https:\/\/www.amatimmobiliaris.com\/w\/ca\/2023\/04\/sant-jordi-2023-entre-roses-i-llibres\/\",\"name\":\"Sant Jordi 2023 amb roses i llibres | Amat Immobiliaris\",\"isPartOf\":{\"@id\":\"https:\/\/www.amatimmobiliaris.com\/w\/#website\"},\"primaryImageOfPage\":{\"@id\":\"https:\/\/www.amatimmobiliaris.com\/w\/ca\/2023\/04\/sant-jordi-2023-entre-roses-i-llibres\/#primaryimage\"},\"image\":{\"@id\":\"https:\/\/www.amatimmobiliaris.com\/w\/ca\/2023\/04\/sant-jordi-2023-entre-roses-i-llibres\/#primaryimage\"},\"thumbnailUrl\":\"https:\/\/www.amatimmobiliaris.com\/w\/wp-content\/uploads\/2023\/04\/Sant-Jordi23_Facebook.jpg\",\"datePublished\":\"2023-04-21T09:00:12+00:00\",\"dateModified\":\"2023-05-12T09:51:28+00:00\",\"description\":\"Amat Cultura, aquest any, ha patrocinat aquests 4 llibres. Aquest Sant Jordi 2023 us en parlem i dels seus autors!\",\"breadcrumb\":{\"@id\":\"https:\/\/www.amatimmobiliaris.com\/w\/ca\/2023\/04\/sant-jordi-2023-entre-roses-i-llibres\/#breadcrumb\"},\"inLanguage\":\"ca\",\"potentialAction\":[{\"@type\":\"ReadAction\",\"target\":[\"https:\/\/www.amatimmobiliaris.com\/w\/ca\/2023\/04\/sant-jordi-2023-entre-roses-i-llibres\/\"]}]},{\"@type\":\"ImageObject\",\"inLanguage\":\"ca\",\"@id\":\"https:\/\/www.amatimmobiliaris.com\/w\/ca\/2023\/04\/sant-jordi-2023-entre-roses-i-llibres\/#primaryimage\",\"url\":\"https:\/\/www.amatimmobiliaris.com\/w\/wp-content\/uploads\/2023\/04\/Sant-Jordi23_Facebook.jpg\",\"contentUrl\":\"https:\/\/www.amatimmobiliaris.com\/w\/wp-content\/uploads\/2023\/04\/Sant-Jordi23_Facebook.jpg\",\"width\":2501,\"height\":1314},{\"@type\":\"BreadcrumbList\",\"@id\":\"https:\/\/www.amatimmobiliaris.com\/w\/ca\/2023\/04\/sant-jordi-2023-entre-roses-i-llibres\/#breadcrumb\",\"itemListElement\":[{\"@type\":\"ListItem\",\"position\":1,\"name\":\"Home\",\"item\":\"https:\/\/www.amatimmobiliaris.com\/w\/ca\/\"},{\"@type\":\"ListItem\",\"position\":2,\"name\":\"Not\u00edcies\",\"item\":\"https:\/\/www.amatimmobiliaris.com\/w\/ca\/categoria-ca\/noticies-ca\/\"},{\"@type\":\"ListItem\",\"position\":3,\"name\":\"Cultura\",\"item\":\"https:\/\/www.amatimmobiliaris.com\/w\/ca\/categoria-ca\/noticies-ca\/cultura-ca\/\"},{\"@type\":\"ListItem\",\"position\":4,\"name\":\"Sant Jordi 2023 amb roses i llibres\"}]},{\"@type\":\"WebSite\",\"@id\":\"https:\/\/www.amatimmobiliaris.com\/w\/#website\",\"url\":\"https:\/\/www.amatimmobiliaris.com\/w\/\",\"name\":\"Amat Immobiliaris\",\"description\":\"Empresa familiar del sector inmobiliario con oficinas en Barcelona, Sant Cugat del Vall\u00e9s y Sant Just Desvern. Te ayudamos a comprar, alquilar o vender tu casa o piso. Somos un equipo coherente con una cultura de empresa honesta, innovadora y eficaz. Tambi\u00e9n en www.amatluxury.com\",\"publisher\":{\"@id\":\"https:\/\/www.amatimmobiliaris.com\/w\/#organization\"},\"alternateName\":\"AmatImmo\",\"potentialAction\":[{\"@type\":\"SearchAction\",\"target\":{\"@type\":\"EntryPoint\",\"urlTemplate\":\"https:\/\/www.amatimmobiliaris.com\/w\/?s={search_term_string}\"},\"query-input\":{\"@type\":\"PropertyValueSpecification\",\"valueRequired\":true,\"valueName\":\"search_term_string\"}}],\"inLanguage\":\"ca\"},{\"@type\":\"Organization\",\"@id\":\"https:\/\/www.amatimmobiliaris.com\/w\/#organization\",\"name\":\"Amat Immobiliaris\",\"url\":\"https:\/\/www.amatimmobiliaris.com\/w\/\",\"logo\":{\"@type\":\"ImageObject\",\"inLanguage\":\"ca\",\"@id\":\"https:\/\/www.amatimmobiliaris.com\/w\/#\/schema\/logo\/image\/\",\"url\":\"https:\/\/www.amatimmobiliaris.com\/w\/wp-content\/uploads\/2022\/10\/amat-logo.jpg\",\"contentUrl\":\"https:\/\/www.amatimmobiliaris.com\/w\/wp-content\/uploads\/2022\/10\/amat-logo.jpg\",\"width\":900,\"height\":900,\"caption\":\"Amat Immobiliaris\"},\"image\":{\"@id\":\"https:\/\/www.amatimmobiliaris.com\/w\/#\/schema\/logo\/image\/\"},\"sameAs\":[\"https:\/\/www.facebook.com\/amatimmobiliaris\",\"https:\/\/x.com\/amat_cat\",\"https:\/\/www.instagram.com\/amat_immo\/\",\"https:\/\/www.linkedin.com\/company\/amat-finques\/\",\"https:\/\/www.youtube.com\/@amatimmobiliaris\"]},{\"@type\":\"Person\",\"@id\":\"https:\/\/www.amatimmobiliaris.com\/w\/#\/schema\/person\/c880da71d1e156e7ea6774ffb445e034\",\"name\":\"Amat Immobiliaris\",\"sameAs\":[\"http:\/\/amat-inmo-wp.localhost\"]}]}<\/script>\n<!-- \/ Yoast SEO plugin. -->","yoast_head_json":{"title":"Sant Jordi 2023 amb roses i llibres | Amat Immobiliaris","description":"Amat Cultura, aquest any, ha patrocinat aquests 4 llibres. Aquest Sant Jordi 2023 us en parlem i dels seus autors!","robots":{"index":"index","follow":"follow","max-snippet":"max-snippet:-1","max-image-preview":"max-image-preview:large","max-video-preview":"max-video-preview:-1"},"canonical":"https:\/\/www.amatimmobiliaris.com\/w\/ca\/2023\/04\/sant-jordi-2023-entre-roses-i-llibres\/","og_locale":"ca_ES","og_type":"article","og_title":"Sant Jordi 2023 amb roses i llibres | Amat Immobiliaris","og_description":"Amat Cultura, aquest any, ha patrocinat aquests 4 llibres. Aquest Sant Jordi 2023 us en parlem i dels seus autors!","og_url":"https:\/\/www.amatimmobiliaris.com\/w\/ca\/2023\/04\/sant-jordi-2023-entre-roses-i-llibres\/","og_site_name":"Amat Immobiliaris","article_publisher":"https:\/\/www.facebook.com\/amatimmobiliaris","article_published_time":"2023-04-21T09:00:12+00:00","article_modified_time":"2023-05-12T09:51:28+00:00","og_image":[{"width":2501,"height":1314,"url":"https:\/\/www.amatimmobiliaris.com\/w\/wp-content\/uploads\/2023\/04\/Sant-Jordi23_Facebook.jpg","type":"image\/jpeg"}],"author":"Amat Immobiliaris","twitter_card":"summary_large_image","twitter_creator":"@amat_cat","twitter_site":"@amat_cat","twitter_misc":{"Escrit per":"Amat Immobiliaris","Temps estimat de lectura":"3 minuts"},"schema":{"@context":"https:\/\/schema.org","@graph":[{"@type":"Article","@id":"https:\/\/www.amatimmobiliaris.com\/w\/ca\/2023\/04\/sant-jordi-2023-entre-roses-i-llibres\/#article","isPartOf":{"@id":"https:\/\/www.amatimmobiliaris.com\/w\/ca\/2023\/04\/sant-jordi-2023-entre-roses-i-llibres\/"},"author":{"name":"Amat Immobiliaris","@id":"https:\/\/www.amatimmobiliaris.com\/w\/#\/schema\/person\/c880da71d1e156e7ea6774ffb445e034"},"headline":"Sant Jordi 2023 amb roses i llibres","datePublished":"2023-04-21T09:00:12+00:00","dateModified":"2023-05-12T09:51:28+00:00","mainEntityOfPage":{"@id":"https:\/\/www.amatimmobiliaris.com\/w\/ca\/2023\/04\/sant-jordi-2023-entre-roses-i-llibres\/"},"wordCount":600,"publisher":{"@id":"https:\/\/www.amatimmobiliaris.com\/w\/#organization"},"image":{"@id":"https:\/\/www.amatimmobiliaris.com\/w\/ca\/2023\/04\/sant-jordi-2023-entre-roses-i-llibres\/#primaryimage"},"thumbnailUrl":"https:\/\/www.amatimmobiliaris.com\/w\/wp-content\/uploads\/2023\/04\/Sant-Jordi23_Facebook.jpg","keywords":["AmatCultura","Barcelona","Entrevista","Festa","Sant Jordi"],"articleSection":["Cultura","El m\u00f3n Amat"],"inLanguage":"ca"},{"@type":"WebPage","@id":"https:\/\/www.amatimmobiliaris.com\/w\/ca\/2023\/04\/sant-jordi-2023-entre-roses-i-llibres\/","url":"https:\/\/www.amatimmobiliaris.com\/w\/ca\/2023\/04\/sant-jordi-2023-entre-roses-i-llibres\/","name":"Sant Jordi 2023 amb roses i llibres | Amat Immobiliaris","isPartOf":{"@id":"https:\/\/www.amatimmobiliaris.com\/w\/#website"},"primaryImageOfPage":{"@id":"https:\/\/www.amatimmobiliaris.com\/w\/ca\/2023\/04\/sant-jordi-2023-entre-roses-i-llibres\/#primaryimage"},"image":{"@id":"https:\/\/www.amatimmobiliaris.com\/w\/ca\/2023\/04\/sant-jordi-2023-entre-roses-i-llibres\/#primaryimage"},"thumbnailUrl":"https:\/\/www.amatimmobiliaris.com\/w\/wp-content\/uploads\/2023\/04\/Sant-Jordi23_Facebook.jpg","datePublished":"2023-04-21T09:00:12+00:00","dateModified":"2023-05-12T09:51:28+00:00","description":"Amat Cultura, aquest any, ha patrocinat aquests 4 llibres. Aquest Sant Jordi 2023 us en parlem i dels seus autors!","breadcrumb":{"@id":"https:\/\/www.amatimmobiliaris.com\/w\/ca\/2023\/04\/sant-jordi-2023-entre-roses-i-llibres\/#breadcrumb"},"inLanguage":"ca","potentialAction":[{"@type":"ReadAction","target":["https:\/\/www.amatimmobiliaris.com\/w\/ca\/2023\/04\/sant-jordi-2023-entre-roses-i-llibres\/"]}]},{"@type":"ImageObject","inLanguage":"ca","@id":"https:\/\/www.amatimmobiliaris.com\/w\/ca\/2023\/04\/sant-jordi-2023-entre-roses-i-llibres\/#primaryimage","url":"https:\/\/www.amatimmobiliaris.com\/w\/wp-content\/uploads\/2023\/04\/Sant-Jordi23_Facebook.jpg","contentUrl":"https:\/\/www.amatimmobiliaris.com\/w\/wp-content\/uploads\/2023\/04\/Sant-Jordi23_Facebook.jpg","width":2501,"height":1314},{"@type":"BreadcrumbList","@id":"https:\/\/www.amatimmobiliaris.com\/w\/ca\/2023\/04\/sant-jordi-2023-entre-roses-i-llibres\/#breadcrumb","itemListElement":[{"@type":"ListItem","position":1,"name":"Home","item":"https:\/\/www.amatimmobiliaris.com\/w\/ca\/"},{"@type":"ListItem","position":2,"name":"Not\u00edcies","item":"https:\/\/www.amatimmobiliaris.com\/w\/ca\/categoria-ca\/noticies-ca\/"},{"@type":"ListItem","position":3,"name":"Cultura","item":"https:\/\/www.amatimmobiliaris.com\/w\/ca\/categoria-ca\/noticies-ca\/cultura-ca\/"},{"@type":"ListItem","position":4,"name":"Sant Jordi 2023 amb roses i llibres"}]},{"@type":"WebSite","@id":"https:\/\/www.amatimmobiliaris.com\/w\/#website","url":"https:\/\/www.amatimmobiliaris.com\/w\/","name":"Amat Immobiliaris","description":"Empresa familiar del sector inmobiliario con oficinas en Barcelona, Sant Cugat del Vall\u00e9s y Sant Just Desvern. Te ayudamos a comprar, alquilar o vender tu casa o piso. Somos un equipo coherente con una cultura de empresa honesta, innovadora y eficaz. Tambi\u00e9n en www.amatluxury.com","publisher":{"@id":"https:\/\/www.amatimmobiliaris.com\/w\/#organization"},"alternateName":"AmatImmo","potentialAction":[{"@type":"SearchAction","target":{"@type":"EntryPoint","urlTemplate":"https:\/\/www.amatimmobiliaris.com\/w\/?s={search_term_string}"},"query-input":{"@type":"PropertyValueSpecification","valueRequired":true,"valueName":"search_term_string"}}],"inLanguage":"ca"},{"@type":"Organization","@id":"https:\/\/www.amatimmobiliaris.com\/w\/#organization","name":"Amat Immobiliaris","url":"https:\/\/www.amatimmobiliaris.com\/w\/","logo":{"@type":"ImageObject","inLanguage":"ca","@id":"https:\/\/www.amatimmobiliaris.com\/w\/#\/schema\/logo\/image\/","url":"https:\/\/www.amatimmobiliaris.com\/w\/wp-content\/uploads\/2022\/10\/amat-logo.jpg","contentUrl":"https:\/\/www.amatimmobiliaris.com\/w\/wp-content\/uploads\/2022\/10\/amat-logo.jpg","width":900,"height":900,"caption":"Amat Immobiliaris"},"image":{"@id":"https:\/\/www.amatimmobiliaris.com\/w\/#\/schema\/logo\/image\/"},"sameAs":["https:\/\/www.facebook.com\/amatimmobiliaris","https:\/\/x.com\/amat_cat","https:\/\/www.instagram.com\/amat_immo\/","https:\/\/www.linkedin.com\/company\/amat-finques\/","https:\/\/www.youtube.com\/@amatimmobiliaris"]},{"@type":"Person","@id":"https:\/\/www.amatimmobiliaris.com\/w\/#\/schema\/person\/c880da71d1e156e7ea6774ffb445e034","name":"Amat Immobiliaris","sameAs":["http:\/\/amat-inmo-wp.localhost"]}]}},"_links":{"self":[{"href":"https:\/\/www.amatimmobiliaris.com\/w\/ca\/wp-json\/wp\/v2\/posts\/25159"}],"collection":[{"href":"https:\/\/www.amatimmobiliaris.com\/w\/ca\/wp-json\/wp\/v2\/posts"}],"about":[{"href":"https:\/\/www.amatimmobiliaris.com\/w\/ca\/wp-json\/wp\/v2\/types\/post"}],"author":[{"embeddable":true,"href":"https:\/\/www.amatimmobiliaris.com\/w\/ca\/wp-json\/wp\/v2\/users\/1"}],"replies":[{"embeddable":true,"href":"https:\/\/www.amatimmobiliaris.com\/w\/ca\/wp-json\/wp\/v2\/comments?post=25159"}],"version-history":[{"count":8,"href":"https:\/\/www.amatimmobiliaris.com\/w\/ca\/wp-json\/wp\/v2\/posts\/25159\/revisions"}],"predecessor-version":[{"id":27115,"href":"https:\/\/www.amatimmobiliaris.com\/w\/ca\/wp-json\/wp\/v2\/posts\/25159\/revisions\/27115"}],"wp:featuredmedia":[{"embeddable":true,"href":"https:\/\/www.amatimmobiliaris.com\/w\/ca\/wp-json\/wp\/v2\/media\/25155"}],"wp:attachment":[{"href":"https:\/\/www.amatimmobiliaris.com\/w\/ca\/wp-json\/wp\/v2\/media?parent=25159"}],"wp:term":[{"taxonomy":"category","embeddable":true,"href":"https:\/\/www.amatimmobiliaris.com\/w\/ca\/wp-json\/wp\/v2\/categories?post=25159"},{"taxonomy":"post_tag","embeddable":true,"href":"https:\/\/www.amatimmobiliaris.com\/w\/ca\/wp-json\/wp\/v2\/tags?post=25159"}],"curies":[{"name":"wp","href":"https:\/\/api.w.org\/{rel}","templated":true}]}}