{"id":2488,"date":"2016-02-19T08:55:48","date_gmt":"2016-02-19T08:55:48","guid":{"rendered":"https:\/\/amat-inmo-wp.localhost\/2017\/01\/25\/colau-llanca-pla-per-convertir-se-la-promotora-dhabitatge-mes-gran-barcelona\/"},"modified":"2023-05-18T11:03:21","modified_gmt":"2023-05-18T11:03:21","slug":"colau-llanca-pla-per-convertir-se-la-promotora-dhabitatge-mes-gran-barcelona","status":"publish","type":"post","link":"https:\/\/www.amatimmobiliaris.com\/w\/ca\/2016\/02\/colau-llanca-pla-per-convertir-se-la-promotora-dhabitatge-mes-gran-barcelona\/","title":{"rendered":"Colau llan\u00e7a un pla per convertir-se en la promotora d&#8217;habitatge m\u00e9s gran de Barcelona"},"content":{"rendered":"<p>Ada Colau vol canviar les regles del joc. I <strong>la promoci\u00f3 d&#8217;habitatges ser\u00e0 el terreny seleccionat <\/strong>, <span id=\"more-4753\"><\/span>en coher\u00e8ncia amb el seu passat com a activista de la plataforma d&#8217;afectats per la hipoteca (PAH). El pla \u00e9s molt ambici\u00f3s: <strong>construir 2,365 habitatges durant el seu mandat, una inversi\u00f3 p\u00fablica que seria al voltant de 500 milions d&#8217;euros i que assumiria gaireb\u00e9 totalment el Patronat Municipal de l&#8217;Habitatge de Barcelona<\/strong>, organisme dependent de l&#8217;Ajuntament. Quan s&#8217;inici\u00ef el projecte, Colau esdevindr\u00e0 la promotora m\u00e9s gran de Barcelona.<\/p>\n<p>La pla, al que ha tingut acc\u00e9s El Confidencial, ho est\u00e0 presentant aquests dies Javier Bur\u00f3n, gerent d&#8217;Habitatge de l&#8217;Ajuntamen, en m\u00faltiples rondes amb promotors, empresaris i diversos agents socials. <strong>L&#8217;Ajuntament de Barcelona, dels pocs a Espanya que gaudeixen de super\u00e0vit, t\u00e9 prou fons.<\/strong> Per\u00f2, com que assenyala el projecte, es vol utilitzar el finan\u00e7ament del Banc de Europeu d&#8217; Inversi\u00f3 europeu per <strong>crear un parc p\u00fablic d&#8217;habitatge de <a title=\"lloguer\" href=\"https:\/\/www.amatimmobiliaris.com\/ca\/immobles-en-lloguer\" target=\"_blank\" rel=\"noopener\">lloguer<\/a> a Barcelona a l&#8217;al\u00e7ada de qualsevol ciutat europea.<\/strong> <strong>La mitjana de la UE es troba en un 15% d&#8217;apartaments de lloguer a una ciutat mitjana. A Barcelona, aquest percentatge es limita nom\u00e9s a l&#8217; 1,5%.<\/strong><\/p>\n<blockquote><p>Tenint en compte que al 2015 la totalitat dels promotors privats van construir 3.000 habitatges a la capital catalana, <strong>un impuls d&#8217;aquesta mida convertir\u00e0 a l&#8217;Ajuntament en el primer motor immobiliari de la ciutat.<\/strong><\/p><\/blockquote>\n<p><strong>Dels 2,365 habitatges que vol promoure Ada Colau, gaireb\u00e9 800 s\u00f3n pisos que ja estan en construcci\u00f3<\/strong>, la majoria d&#8217;ells (un total de 105 propietats) al barri de les Gl\u00f2ries, a c\u00e0rrec del Patronat. De la resta, altres 518 estan en proc\u00e9s d&#8217;obtenir la llic\u00e8ncia, la meitat d&#8217;ells en el barri de Sant Andreu.<\/p>\n<p>I la resta s\u00f3n projecte estrella de Colau: 10 promocions en d&#8217;altres solars dels que s&#8217;encarregar\u00e0 tamb\u00e9 el Consell municipal. Aquesta part suma 1,145 habitatges repartits en una dotzena de terrenys, definits al projecte de Bur\u00f3n com &#8220;s\u00f2l p\u00fablic i assequible a l&#8217;\u00e0rea metropolitana de Barcelona&#8221;.<\/p>\n<p><strong>Aposta per la Zona Franca<\/strong><\/p>\n<p>L&#8217;aposta de Colau per la Zona Franca \u00e9s clara. Dels nous projectes, <strong>dues de les promocions sumen 534 pisos per poder arrencar el nou barri de la Marina<\/strong>, que es volen construir en aquesta part de la ciutat.<\/p>\n<p>Per\u00f2 l&#8217;habitatge nou \u00e9s nom\u00e9s una part de l&#8217;aposta, si m\u00e9s no la m\u00e9s rellevant des del punt de vista de l&#8217;esfor\u00e7 econ\u00f2mic de l&#8217;Ajuntament. Els plans de Colau tamb\u00e9 passen per mides com un &#8220;futur mapeig i mobilitzaci\u00f3 d&#8217;habitatge (buida de particulars) per orientar-lo cap el lloguer assequible&#8221;, &#8220;negociaci\u00f3, compres i exercici del tempteig i retracte amb les institucions financeres&#8221; i aplicar un &#8220;procediment de sancions i mesures fiscals contra la infra-utilitzaci\u00f3&#8221;, \u00e9s a dir, penalitzar els pisos buits, segons el projecte titulat &#8220;Pol\u00edtiques p\u00fabliques locals en l&#8217;habitatge a Barcelona&#8221;.<\/p>\n<blockquote><p>Com es mostra en un estudi realitzat el 2015 d&#8217;abril, <strong>a Barcelona hi ha 31.200 pisos buits, dels quals 2,592 s\u00f3n propietat de les institucions financeres<\/strong>, constant aix\u00ed al registre creat per la Generalitat i com posa de manifest el projecte de Colau. L&#8217;alcaldessa vol <strong>arribar a acords amb els bancs per fer-li cedir tamb\u00e9 aquests habitatges per lloguer social.<\/strong><\/p><\/blockquote>\n<p><strong>Opinions molt dividides<\/strong><\/p>\n<p>Al sector immobiliari de Barcelona hi ha opinions molt dividides sobre el pla de Colau. D&#8217;una banda, es creu que <strong>ser\u00e0 bo pel treball i que es dinamitzar\u00e0 el sector de la construcci\u00f3 residencial.<\/strong> Tamb\u00e9 que <strong>poc o res afectar\u00e0 el preu de l&#8217;habitatge a Barcelona<\/strong>al destinar tot aquest esfor\u00e7 a futurs ocupants amb baixos ingressos ja que se&#8217;ls estava excloent de convertir-se en futurs clients d&#8217;hipoteca.<\/p>\n<p>Per\u00f2, a d&#8217;altres sectors consultats, es critica el projecte per car i grandiloq\u00fcent. La intenci\u00f3 \u00e9s bona, i el problema \u00e9s real: segons les dades facilitades pel deg\u00e0 de Barcelona, <strong>es produeixen uns 2.400 desnonaments a l&#8217;any, el 80% d&#8217;ells per manca de pagament del lloguer<\/strong>. Per\u00f2 el problema es podria resoldre adoptant acords amb entitats financeres, sense canviar la titularitat de la propietat i subvencionant els bancs per mantenir aquests lloguers socials, una f\u00f3rmula m\u00e9s barata per\u00f2 sobretot m\u00e9s efica\u00e7 i r\u00e0pida pel qu\u00e8 \u00e9s una emerg\u00e8ncia social real. En especial, les 10 promocions amb m\u00e9s de 1.000 solars trigaran anys a estar disponibles per causa de la lentitud dels procediments urban\u00edstics.<\/p>\n<p>Segons les dades de l&#8217;Ajuntament de Barcelona, <strong>hi ha un total de 28.238 llars registrades a 31 de desembre de 2015 que sol\u00b7liciten un allotjament en r\u00e8gim protegit<\/strong>el que representa un total de 53.889 persones. La majoria d&#8217;ells, 49 per cent, amb una renda per sota dels 14.900 euros per fam\u00edlia. Per tant, <strong>encara que \u00e9s un esfor\u00e7 enorme, encara estaria molt per sota de la demanda en una ciutat on l&#8217;habitatge \u00e9s un problema molt real.<\/strong><\/p>\n<p><a href=\"https:\/\/www.elconfidencial.com\/vivienda\/2016-02-15\/ada-colau-se-convertira-en-la-mayor-promotora-de-vivienda-de-barcelona_1150883\/\" target=\"_blank\" rel=\"noopener\"><span id=\"tr_2\" class=\"tr_\" data-source=\"\" data-orig=\"elconfidencial.es, Marcos Lamelas, 15 de febrero\">elconfidencial.es, Marcos Lamelas, 15 de febrero<\/span><\/a><\/p>\n<p style=\"text-align: justify;\">\n","protected":false},"excerpt":{"rendered":"<p>Ada Colau vol canviar les regles del joc. I la promoci\u00f3 d&#8217;habitatges ser\u00e0 el terreny seleccionat , en coher\u00e8ncia amb el seu passat com a activista de la plataforma d&#8217;afectats per la hipoteca (PAH). El pla \u00e9s molt ambici\u00f3s: construir 2,365 habitatges durant el seu mandat, una inversi\u00f3 p\u00fablica que seria al voltant de 500 [&hellip;]<\/p>\n","protected":false},"author":1,"featured_media":0,"comment_status":"closed","ping_status":"closed","sticky":false,"template":"","format":"standard","meta":{"content-type":"","footnotes":""},"categories":[1157,1160],"tags":[118,1558,253,331,1347],"yoast_head":"<!-- This site is optimized with the Yoast SEO plugin v23.9 - https:\/\/yoast.com\/wordpress\/plugins\/seo\/ -->\n<title>Colau llan\u00e7a un pla per convertir-se en la promotora d&#039;habitatge m\u00e9s gran de Barcelona | Amat Immobiliaris<\/title>\n<meta name=\"description\" content=\"Ada Colau vol canviar les regles del joc i llan\u00e7a un pla per converti-se en la promotora d&#039;habitatges m\u00e9s gran de Barcelona. T&#039;ho expliquem!\" \/>\n<meta name=\"robots\" content=\"index, nofollow, max-snippet:-1, max-image-preview:large, max-video-preview:-1\" \/>\n<link rel=\"canonical\" href=\"https:\/\/www.amatimmobiliaris.com\/w\/ca\/2016\/02\/colau-llanca-pla-per-convertir-se-la-promotora-dhabitatge-mes-gran-barcelona\/\" \/>\n<meta property=\"og:locale\" content=\"ca_ES\" \/>\n<meta property=\"og:type\" content=\"article\" \/>\n<meta property=\"og:title\" content=\"Colau llan\u00e7a un pla per convertir-se en la promotora d&#039;habitatge m\u00e9s gran de Barcelona | Amat Immobiliaris\" \/>\n<meta property=\"og:description\" content=\"Ada Colau vol canviar les regles del joc i llan\u00e7a un pla per converti-se en la promotora d&#039;habitatges m\u00e9s gran de Barcelona. T&#039;ho expliquem!\" \/>\n<meta property=\"og:url\" content=\"https:\/\/www.amatimmobiliaris.com\/w\/ca\/2016\/02\/colau-llanca-pla-per-convertir-se-la-promotora-dhabitatge-mes-gran-barcelona\/\" \/>\n<meta property=\"og:site_name\" content=\"Amat Immobiliaris\" \/>\n<meta property=\"article:publisher\" content=\"https:\/\/www.facebook.com\/amatimmobiliaris\" \/>\n<meta property=\"article:published_time\" content=\"2016-02-19T08:55:48+00:00\" \/>\n<meta property=\"article:modified_time\" content=\"2023-05-18T11:03:21+00:00\" \/>\n<meta property=\"og:image\" content=\"https:\/\/www.amatimmobiliaris.com\/w\/wp-content\/uploads\/2022\/01\/2014-Saga-familiar-Amat-dw-1-1024x683.jpg\" \/>\n\t<meta property=\"og:image:width\" content=\"1024\" \/>\n\t<meta property=\"og:image:height\" content=\"683\" \/>\n\t<meta property=\"og:image:type\" content=\"image\/jpeg\" \/>\n<meta name=\"author\" content=\"Amat Immobiliaris\" \/>\n<meta name=\"twitter:card\" content=\"summary_large_image\" \/>\n<meta name=\"twitter:creator\" content=\"@amat_cat\" \/>\n<meta name=\"twitter:site\" content=\"@amat_cat\" \/>\n<meta name=\"twitter:label1\" content=\"Escrit per\" \/>\n\t<meta name=\"twitter:data1\" content=\"Amat Immobiliaris\" \/>\n\t<meta name=\"twitter:label2\" content=\"Temps estimat de lectura\" \/>\n\t<meta name=\"twitter:data2\" content=\"4 minuts\" \/>\n<script type=\"application\/ld+json\" class=\"yoast-schema-graph\">{\"@context\":\"https:\/\/schema.org\",\"@graph\":[{\"@type\":\"Article\",\"@id\":\"https:\/\/www.amatimmobiliaris.com\/w\/ca\/2016\/02\/colau-llanca-pla-per-convertir-se-la-promotora-dhabitatge-mes-gran-barcelona\/#article\",\"isPartOf\":{\"@id\":\"https:\/\/www.amatimmobiliaris.com\/w\/ca\/2016\/02\/colau-llanca-pla-per-convertir-se-la-promotora-dhabitatge-mes-gran-barcelona\/\"},\"author\":{\"name\":\"Amat Immobiliaris\",\"@id\":\"https:\/\/www.amatimmobiliaris.com\/w\/#\/schema\/person\/c880da71d1e156e7ea6774ffb445e034\"},\"headline\":\"Colau llan\u00e7a un pla per convertir-se en la promotora d&#8217;habitatge m\u00e9s gran de Barcelona\",\"datePublished\":\"2016-02-19T08:55:48+00:00\",\"dateModified\":\"2023-05-18T11:03:21+00:00\",\"mainEntityOfPage\":{\"@id\":\"https:\/\/www.amatimmobiliaris.com\/w\/ca\/2016\/02\/colau-llanca-pla-per-convertir-se-la-promotora-dhabitatge-mes-gran-barcelona\/\"},\"wordCount\":813,\"publisher\":{\"@id\":\"https:\/\/www.amatimmobiliaris.com\/w\/#organization\"},\"keywords\":[\"Barcelona\",\"Lloguer\",\"Promotor\",\"Registre\",\"Urbanismo\"],\"articleSection\":[\"Not\u00edcies\",\"Sector Immobiliari\"],\"inLanguage\":\"ca\"},{\"@type\":\"WebPage\",\"@id\":\"https:\/\/www.amatimmobiliaris.com\/w\/ca\/2016\/02\/colau-llanca-pla-per-convertir-se-la-promotora-dhabitatge-mes-gran-barcelona\/\",\"url\":\"https:\/\/www.amatimmobiliaris.com\/w\/ca\/2016\/02\/colau-llanca-pla-per-convertir-se-la-promotora-dhabitatge-mes-gran-barcelona\/\",\"name\":\"Colau llan\u00e7a un pla per convertir-se en la promotora d'habitatge m\u00e9s gran de Barcelona | Amat Immobiliaris\",\"isPartOf\":{\"@id\":\"https:\/\/www.amatimmobiliaris.com\/w\/#website\"},\"datePublished\":\"2016-02-19T08:55:48+00:00\",\"dateModified\":\"2023-05-18T11:03:21+00:00\",\"description\":\"Ada Colau vol canviar les regles del joc i llan\u00e7a un pla per converti-se en la promotora d'habitatges m\u00e9s gran de Barcelona. T'ho expliquem!\",\"breadcrumb\":{\"@id\":\"https:\/\/www.amatimmobiliaris.com\/w\/ca\/2016\/02\/colau-llanca-pla-per-convertir-se-la-promotora-dhabitatge-mes-gran-barcelona\/#breadcrumb\"},\"inLanguage\":\"ca\",\"potentialAction\":[{\"@type\":\"ReadAction\",\"target\":[\"https:\/\/www.amatimmobiliaris.com\/w\/ca\/2016\/02\/colau-llanca-pla-per-convertir-se-la-promotora-dhabitatge-mes-gran-barcelona\/\"]}]},{\"@type\":\"BreadcrumbList\",\"@id\":\"https:\/\/www.amatimmobiliaris.com\/w\/ca\/2016\/02\/colau-llanca-pla-per-convertir-se-la-promotora-dhabitatge-mes-gran-barcelona\/#breadcrumb\",\"itemListElement\":[{\"@type\":\"ListItem\",\"position\":1,\"name\":\"Home\",\"item\":\"https:\/\/www.amatimmobiliaris.com\/w\/ca\/\"},{\"@type\":\"ListItem\",\"position\":2,\"name\":\"Not\u00edcies\",\"item\":\"https:\/\/www.amatimmobiliaris.com\/w\/ca\/categoria-ca\/noticies-ca\/\"},{\"@type\":\"ListItem\",\"position\":3,\"name\":\"Sector Immobiliari\",\"item\":\"https:\/\/www.amatimmobiliaris.com\/w\/ca\/categoria-ca\/noticies-ca\/sector-immobiliari-ca\/\"},{\"@type\":\"ListItem\",\"position\":4,\"name\":\"Colau llan\u00e7a un pla per convertir-se en la promotora d&#8217;habitatge m\u00e9s gran de Barcelona\"}]},{\"@type\":\"WebSite\",\"@id\":\"https:\/\/www.amatimmobiliaris.com\/w\/#website\",\"url\":\"https:\/\/www.amatimmobiliaris.com\/w\/\",\"name\":\"Amat Immobiliaris\",\"description\":\"Empresa familiar del sector inmobiliario con oficinas en Barcelona, Sant Cugat del Vall\u00e9s y Sant Just Desvern. Te ayudamos a comprar, alquilar o vender tu casa o piso. Somos un equipo coherente con una cultura de empresa honesta, innovadora y eficaz. Tambi\u00e9n en www.amatluxury.com\",\"publisher\":{\"@id\":\"https:\/\/www.amatimmobiliaris.com\/w\/#organization\"},\"alternateName\":\"AmatImmo\",\"potentialAction\":[{\"@type\":\"SearchAction\",\"target\":{\"@type\":\"EntryPoint\",\"urlTemplate\":\"https:\/\/www.amatimmobiliaris.com\/w\/?s={search_term_string}\"},\"query-input\":{\"@type\":\"PropertyValueSpecification\",\"valueRequired\":true,\"valueName\":\"search_term_string\"}}],\"inLanguage\":\"ca\"},{\"@type\":\"Organization\",\"@id\":\"https:\/\/www.amatimmobiliaris.com\/w\/#organization\",\"name\":\"Amat Immobiliaris\",\"url\":\"https:\/\/www.amatimmobiliaris.com\/w\/\",\"logo\":{\"@type\":\"ImageObject\",\"inLanguage\":\"ca\",\"@id\":\"https:\/\/www.amatimmobiliaris.com\/w\/#\/schema\/logo\/image\/\",\"url\":\"https:\/\/www.amatimmobiliaris.com\/w\/wp-content\/uploads\/2022\/10\/amat-logo.jpg\",\"contentUrl\":\"https:\/\/www.amatimmobiliaris.com\/w\/wp-content\/uploads\/2022\/10\/amat-logo.jpg\",\"width\":900,\"height\":900,\"caption\":\"Amat Immobiliaris\"},\"image\":{\"@id\":\"https:\/\/www.amatimmobiliaris.com\/w\/#\/schema\/logo\/image\/\"},\"sameAs\":[\"https:\/\/www.facebook.com\/amatimmobiliaris\",\"https:\/\/x.com\/amat_cat\",\"https:\/\/www.instagram.com\/amat_immo\/\",\"https:\/\/www.linkedin.com\/company\/amat-finques\/\",\"https:\/\/www.youtube.com\/@amatimmobiliaris\"]},{\"@type\":\"Person\",\"@id\":\"https:\/\/www.amatimmobiliaris.com\/w\/#\/schema\/person\/c880da71d1e156e7ea6774ffb445e034\",\"name\":\"Amat Immobiliaris\",\"sameAs\":[\"http:\/\/amat-inmo-wp.localhost\"]}]}<\/script>\n<!-- \/ Yoast SEO plugin. -->","yoast_head_json":{"title":"Colau llan\u00e7a un pla per convertir-se en la promotora d'habitatge m\u00e9s gran de Barcelona | Amat Immobiliaris","description":"Ada Colau vol canviar les regles del joc i llan\u00e7a un pla per converti-se en la promotora d'habitatges m\u00e9s gran de Barcelona. T'ho expliquem!","robots":{"index":"index","follow":"nofollow","max-snippet":"max-snippet:-1","max-image-preview":"max-image-preview:large","max-video-preview":"max-video-preview:-1"},"canonical":"https:\/\/www.amatimmobiliaris.com\/w\/ca\/2016\/02\/colau-llanca-pla-per-convertir-se-la-promotora-dhabitatge-mes-gran-barcelona\/","og_locale":"ca_ES","og_type":"article","og_title":"Colau llan\u00e7a un pla per convertir-se en la promotora d'habitatge m\u00e9s gran de Barcelona | Amat Immobiliaris","og_description":"Ada Colau vol canviar les regles del joc i llan\u00e7a un pla per converti-se en la promotora d'habitatges m\u00e9s gran de Barcelona. T'ho expliquem!","og_url":"https:\/\/www.amatimmobiliaris.com\/w\/ca\/2016\/02\/colau-llanca-pla-per-convertir-se-la-promotora-dhabitatge-mes-gran-barcelona\/","og_site_name":"Amat Immobiliaris","article_publisher":"https:\/\/www.facebook.com\/amatimmobiliaris","article_published_time":"2016-02-19T08:55:48+00:00","article_modified_time":"2023-05-18T11:03:21+00:00","og_image":[{"width":1024,"height":683,"url":"https:\/\/www.amatimmobiliaris.com\/w\/wp-content\/uploads\/2022\/01\/2014-Saga-familiar-Amat-dw-1-1024x683.jpg","type":"image\/jpeg"}],"author":"Amat Immobiliaris","twitter_card":"summary_large_image","twitter_creator":"@amat_cat","twitter_site":"@amat_cat","twitter_misc":{"Escrit per":"Amat Immobiliaris","Temps estimat de lectura":"4 minuts"},"schema":{"@context":"https:\/\/schema.org","@graph":[{"@type":"Article","@id":"https:\/\/www.amatimmobiliaris.com\/w\/ca\/2016\/02\/colau-llanca-pla-per-convertir-se-la-promotora-dhabitatge-mes-gran-barcelona\/#article","isPartOf":{"@id":"https:\/\/www.amatimmobiliaris.com\/w\/ca\/2016\/02\/colau-llanca-pla-per-convertir-se-la-promotora-dhabitatge-mes-gran-barcelona\/"},"author":{"name":"Amat Immobiliaris","@id":"https:\/\/www.amatimmobiliaris.com\/w\/#\/schema\/person\/c880da71d1e156e7ea6774ffb445e034"},"headline":"Colau llan\u00e7a un pla per convertir-se en la promotora d&#8217;habitatge m\u00e9s gran de Barcelona","datePublished":"2016-02-19T08:55:48+00:00","dateModified":"2023-05-18T11:03:21+00:00","mainEntityOfPage":{"@id":"https:\/\/www.amatimmobiliaris.com\/w\/ca\/2016\/02\/colau-llanca-pla-per-convertir-se-la-promotora-dhabitatge-mes-gran-barcelona\/"},"wordCount":813,"publisher":{"@id":"https:\/\/www.amatimmobiliaris.com\/w\/#organization"},"keywords":["Barcelona","Lloguer","Promotor","Registre","Urbanismo"],"articleSection":["Not\u00edcies","Sector Immobiliari"],"inLanguage":"ca"},{"@type":"WebPage","@id":"https:\/\/www.amatimmobiliaris.com\/w\/ca\/2016\/02\/colau-llanca-pla-per-convertir-se-la-promotora-dhabitatge-mes-gran-barcelona\/","url":"https:\/\/www.amatimmobiliaris.com\/w\/ca\/2016\/02\/colau-llanca-pla-per-convertir-se-la-promotora-dhabitatge-mes-gran-barcelona\/","name":"Colau llan\u00e7a un pla per convertir-se en la promotora d'habitatge m\u00e9s gran de Barcelona | Amat Immobiliaris","isPartOf":{"@id":"https:\/\/www.amatimmobiliaris.com\/w\/#website"},"datePublished":"2016-02-19T08:55:48+00:00","dateModified":"2023-05-18T11:03:21+00:00","description":"Ada Colau vol canviar les regles del joc i llan\u00e7a un pla per converti-se en la promotora d'habitatges m\u00e9s gran de Barcelona. T'ho expliquem!","breadcrumb":{"@id":"https:\/\/www.amatimmobiliaris.com\/w\/ca\/2016\/02\/colau-llanca-pla-per-convertir-se-la-promotora-dhabitatge-mes-gran-barcelona\/#breadcrumb"},"inLanguage":"ca","potentialAction":[{"@type":"ReadAction","target":["https:\/\/www.amatimmobiliaris.com\/w\/ca\/2016\/02\/colau-llanca-pla-per-convertir-se-la-promotora-dhabitatge-mes-gran-barcelona\/"]}]},{"@type":"BreadcrumbList","@id":"https:\/\/www.amatimmobiliaris.com\/w\/ca\/2016\/02\/colau-llanca-pla-per-convertir-se-la-promotora-dhabitatge-mes-gran-barcelona\/#breadcrumb","itemListElement":[{"@type":"ListItem","position":1,"name":"Home","item":"https:\/\/www.amatimmobiliaris.com\/w\/ca\/"},{"@type":"ListItem","position":2,"name":"Not\u00edcies","item":"https:\/\/www.amatimmobiliaris.com\/w\/ca\/categoria-ca\/noticies-ca\/"},{"@type":"ListItem","position":3,"name":"Sector Immobiliari","item":"https:\/\/www.amatimmobiliaris.com\/w\/ca\/categoria-ca\/noticies-ca\/sector-immobiliari-ca\/"},{"@type":"ListItem","position":4,"name":"Colau llan\u00e7a un pla per convertir-se en la promotora d&#8217;habitatge m\u00e9s gran de Barcelona"}]},{"@type":"WebSite","@id":"https:\/\/www.amatimmobiliaris.com\/w\/#website","url":"https:\/\/www.amatimmobiliaris.com\/w\/","name":"Amat Immobiliaris","description":"Empresa familiar del sector inmobiliario con oficinas en Barcelona, Sant Cugat del Vall\u00e9s y Sant Just Desvern. Te ayudamos a comprar, alquilar o vender tu casa o piso. Somos un equipo coherente con una cultura de empresa honesta, innovadora y eficaz. Tambi\u00e9n en www.amatluxury.com","publisher":{"@id":"https:\/\/www.amatimmobiliaris.com\/w\/#organization"},"alternateName":"AmatImmo","potentialAction":[{"@type":"SearchAction","target":{"@type":"EntryPoint","urlTemplate":"https:\/\/www.amatimmobiliaris.com\/w\/?s={search_term_string}"},"query-input":{"@type":"PropertyValueSpecification","valueRequired":true,"valueName":"search_term_string"}}],"inLanguage":"ca"},{"@type":"Organization","@id":"https:\/\/www.amatimmobiliaris.com\/w\/#organization","name":"Amat Immobiliaris","url":"https:\/\/www.amatimmobiliaris.com\/w\/","logo":{"@type":"ImageObject","inLanguage":"ca","@id":"https:\/\/www.amatimmobiliaris.com\/w\/#\/schema\/logo\/image\/","url":"https:\/\/www.amatimmobiliaris.com\/w\/wp-content\/uploads\/2022\/10\/amat-logo.jpg","contentUrl":"https:\/\/www.amatimmobiliaris.com\/w\/wp-content\/uploads\/2022\/10\/amat-logo.jpg","width":900,"height":900,"caption":"Amat Immobiliaris"},"image":{"@id":"https:\/\/www.amatimmobiliaris.com\/w\/#\/schema\/logo\/image\/"},"sameAs":["https:\/\/www.facebook.com\/amatimmobiliaris","https:\/\/x.com\/amat_cat","https:\/\/www.instagram.com\/amat_immo\/","https:\/\/www.linkedin.com\/company\/amat-finques\/","https:\/\/www.youtube.com\/@amatimmobiliaris"]},{"@type":"Person","@id":"https:\/\/www.amatimmobiliaris.com\/w\/#\/schema\/person\/c880da71d1e156e7ea6774ffb445e034","name":"Amat Immobiliaris","sameAs":["http:\/\/amat-inmo-wp.localhost"]}]}},"_links":{"self":[{"href":"https:\/\/www.amatimmobiliaris.com\/w\/ca\/wp-json\/wp\/v2\/posts\/2488"}],"collection":[{"href":"https:\/\/www.amatimmobiliaris.com\/w\/ca\/wp-json\/wp\/v2\/posts"}],"about":[{"href":"https:\/\/www.amatimmobiliaris.com\/w\/ca\/wp-json\/wp\/v2\/types\/post"}],"author":[{"embeddable":true,"href":"https:\/\/www.amatimmobiliaris.com\/w\/ca\/wp-json\/wp\/v2\/users\/1"}],"replies":[{"embeddable":true,"href":"https:\/\/www.amatimmobiliaris.com\/w\/ca\/wp-json\/wp\/v2\/comments?post=2488"}],"version-history":[{"count":2,"href":"https:\/\/www.amatimmobiliaris.com\/w\/ca\/wp-json\/wp\/v2\/posts\/2488\/revisions"}],"predecessor-version":[{"id":25530,"href":"https:\/\/www.amatimmobiliaris.com\/w\/ca\/wp-json\/wp\/v2\/posts\/2488\/revisions\/25530"}],"wp:attachment":[{"href":"https:\/\/www.amatimmobiliaris.com\/w\/ca\/wp-json\/wp\/v2\/media?parent=2488"}],"wp:term":[{"taxonomy":"category","embeddable":true,"href":"https:\/\/www.amatimmobiliaris.com\/w\/ca\/wp-json\/wp\/v2\/categories?post=2488"},{"taxonomy":"post_tag","embeddable":true,"href":"https:\/\/www.amatimmobiliaris.com\/w\/ca\/wp-json\/wp\/v2\/tags?post=2488"}],"curies":[{"name":"wp","href":"https:\/\/api.w.org\/{rel}","templated":true}]}}