{"id":2378,"date":"2016-07-18T12:27:28","date_gmt":"2016-07-18T12:27:28","guid":{"rendered":"https:\/\/amat-inmo-wp.localhost\/2017\/01\/24\/la-unesco-declara-patrimoni-mundial-17-obres-le-corbusier\/"},"modified":"2023-04-25T16:09:13","modified_gmt":"2023-04-25T16:09:13","slug":"la-unesco-declara-patrimoni-mundial-17-obres-le-corbusier","status":"publish","type":"post","link":"https:\/\/www.amatimmobiliaris.com\/w\/ca\/2016\/07\/la-unesco-declara-patrimoni-mundial-17-obres-le-corbusier\/","title":{"rendered":"La UNESCO declara Patrimoni Mundial 17 obres de Le Corbusier"},"content":{"rendered":"<p style=\"text-align: justify;\"><strong>Le Corbusier<\/strong>, anomenat el pare de l&#8217;arquitectura moderna, s&#8217;ha convertit aquest diumenge en l&#8217;arquitecte amb m\u00e9s obres declarades Patrimoni Mundial de la Unesco. Frank Lloyd Wright es va al\u00e7ar amb un parell d&#8217;obres i el brasiler Oscar Niemeyer se li va atribuir nom\u00e9s un, han estat exactament <strong>17 les obres de Le Corbusier que han rebut aquesta distinci\u00f3<\/strong>, , incloent-hi alguns dels seus m\u00e9s famosos treballs i d&#8217;altres menys coneguts, que situen l&#8217;artista su\u00eds a l&#8217;avantguarda de la modernitat.<\/p>\n<p style=\"text-align: justify;\">Des de l&#8217;arquitecte va construir la casa dels seus pares, no va deixar de ser un <strong>referent de l&#8217;arquitectura moderna<\/strong>. Amb aquests premis la UNESCO reconeix finalment la import\u00e0ncia d&#8217;aquest tipus d&#8217;arquitectura davant de l&#8221;arquitectura m\u00e9s est\u00e8tica i purista, \u00e9ssent aix\u00ed en la majoria dels seus edificis protegits actualment, uns 800. En canvi, nom\u00e9s 20 eren moderns, comptant algunes obres de Gaud\u00ed. La llibertat de Le Corbusier tamb\u00e9 ha provocat controv\u00e8rsia en algunes parts del m\u00f3n on el seu treball ha deixat la seva empremta, com a Chandigarh (\u00cdndia) que tot i que ara s&#8217;ha erigit com una Meca de l&#8217;arquitectura amb milers de visites anuals, en el seu moment va ser molt criticat per ser ideat ignorant les necessitats de la majoria de ciutadans.<\/p>\n<p>La candidatura de Le Corbusier havia intentat sense \u00e8xit aconseguir la protecci\u00f3 de la Unesco en dues ocasions. Tanmateix, ara ha estat ara quan el seu llegat &#8211; el m\u00e9s gran exemple d&#8217;arquitectura moderna del segle XXI &#8211; ha estat reconegut per l&#8217;organisme de refer\u00e8ncia mundial.<\/p>\n<p>&nbsp;<\/p>\n<p>&nbsp;<\/p>\n","protected":false},"excerpt":{"rendered":"<p>Le Corbusier, anomenat el pare de l&#8217;arquitectura moderna, s&#8217;ha convertit aquest diumenge en l&#8217;arquitecte amb m\u00e9s obres declarades Patrimoni Mundial de la Unesco. Frank Lloyd Wright es va al\u00e7ar amb un parell d&#8217;obres i el brasiler Oscar Niemeyer se li va atribuir nom\u00e9s un, han estat exactament 17 les obres de Le Corbusier que han [&hellip;]<\/p>\n","protected":false},"author":1,"featured_media":0,"comment_status":"closed","ping_status":"closed","sticky":false,"template":"","format":"standard","meta":{"content-type":"","footnotes":""},"categories":[1151,1157],"tags":[],"yoast_head":"<!-- This site is optimized with the Yoast SEO plugin v23.9 - https:\/\/yoast.com\/wordpress\/plugins\/seo\/ -->\n<title>La UNESCO declara Patrimoni Mundial 17 obres de Le Corbusier | Amat Immobiliaris<\/title>\n<meta name=\"robots\" content=\"index, follow, max-snippet:-1, max-image-preview:large, max-video-preview:-1\" \/>\n<link rel=\"canonical\" href=\"https:\/\/www.amatimmobiliaris.com\/w\/ca\/2016\/07\/la-unesco-declara-patrimoni-mundial-17-obres-le-corbusier\/\" \/>\n<meta property=\"og:locale\" content=\"ca_ES\" \/>\n<meta property=\"og:type\" content=\"article\" \/>\n<meta property=\"og:title\" content=\"La UNESCO declara Patrimoni Mundial 17 obres de Le Corbusier | Amat Immobiliaris\" \/>\n<meta property=\"og:description\" content=\"Le Corbusier, anomenat el pare de l&#8217;arquitectura moderna, s&#8217;ha convertit aquest diumenge en l&#8217;arquitecte amb m\u00e9s obres declarades Patrimoni Mundial de la Unesco. Frank Lloyd Wright es va al\u00e7ar amb un parell d&#8217;obres i el brasiler Oscar Niemeyer se li va atribuir nom\u00e9s un, han estat exactament 17 les obres de Le Corbusier que han [&hellip;]\" \/>\n<meta property=\"og:url\" content=\"https:\/\/www.amatimmobiliaris.com\/w\/ca\/2016\/07\/la-unesco-declara-patrimoni-mundial-17-obres-le-corbusier\/\" \/>\n<meta property=\"og:site_name\" content=\"Amat Immobiliaris\" \/>\n<meta property=\"article:publisher\" content=\"https:\/\/www.facebook.com\/amatimmobiliaris\" \/>\n<meta property=\"article:published_time\" content=\"2016-07-18T12:27:28+00:00\" \/>\n<meta property=\"article:modified_time\" content=\"2023-04-25T16:09:13+00:00\" \/>\n<meta property=\"og:image\" content=\"https:\/\/www.amatimmobiliaris.com\/w\/wp-content\/uploads\/2022\/01\/2014-Saga-familiar-Amat-dw-1-1024x683.jpg\" \/>\n\t<meta property=\"og:image:width\" content=\"1024\" \/>\n\t<meta property=\"og:image:height\" content=\"683\" \/>\n\t<meta property=\"og:image:type\" content=\"image\/jpeg\" \/>\n<meta name=\"author\" content=\"Amat Immobiliaris\" \/>\n<meta name=\"twitter:card\" content=\"summary_large_image\" \/>\n<meta name=\"twitter:creator\" content=\"@amat_cat\" \/>\n<meta name=\"twitter:site\" content=\"@amat_cat\" \/>\n<meta name=\"twitter:label1\" content=\"Escrit per\" \/>\n\t<meta name=\"twitter:data1\" content=\"Amat Immobiliaris\" \/>\n\t<meta name=\"twitter:label2\" content=\"Temps estimat de lectura\" \/>\n\t<meta name=\"twitter:data2\" content=\"2 minuts\" \/>\n<script type=\"application\/ld+json\" class=\"yoast-schema-graph\">{\"@context\":\"https:\/\/schema.org\",\"@graph\":[{\"@type\":\"Article\",\"@id\":\"https:\/\/www.amatimmobiliaris.com\/w\/ca\/2016\/07\/la-unesco-declara-patrimoni-mundial-17-obres-le-corbusier\/#article\",\"isPartOf\":{\"@id\":\"https:\/\/www.amatimmobiliaris.com\/w\/ca\/2016\/07\/la-unesco-declara-patrimoni-mundial-17-obres-le-corbusier\/\"},\"author\":{\"name\":\"Amat Immobiliaris\",\"@id\":\"https:\/\/www.amatimmobiliaris.com\/w\/#\/schema\/person\/c880da71d1e156e7ea6774ffb445e034\"},\"headline\":\"La UNESCO declara Patrimoni Mundial 17 obres de Le Corbusier\",\"datePublished\":\"2016-07-18T12:27:28+00:00\",\"dateModified\":\"2023-04-25T16:09:13+00:00\",\"mainEntityOfPage\":{\"@id\":\"https:\/\/www.amatimmobiliaris.com\/w\/ca\/2016\/07\/la-unesco-declara-patrimoni-mundial-17-obres-le-corbusier\/\"},\"wordCount\":270,\"publisher\":{\"@id\":\"https:\/\/www.amatimmobiliaris.com\/w\/#organization\"},\"articleSection\":[\"Arquitectura i decoraci\u00f3\",\"Not\u00edcies\"],\"inLanguage\":\"ca\"},{\"@type\":\"WebPage\",\"@id\":\"https:\/\/www.amatimmobiliaris.com\/w\/ca\/2016\/07\/la-unesco-declara-patrimoni-mundial-17-obres-le-corbusier\/\",\"url\":\"https:\/\/www.amatimmobiliaris.com\/w\/ca\/2016\/07\/la-unesco-declara-patrimoni-mundial-17-obres-le-corbusier\/\",\"name\":\"La UNESCO declara Patrimoni Mundial 17 obres de Le Corbusier | Amat Immobiliaris\",\"isPartOf\":{\"@id\":\"https:\/\/www.amatimmobiliaris.com\/w\/#website\"},\"datePublished\":\"2016-07-18T12:27:28+00:00\",\"dateModified\":\"2023-04-25T16:09:13+00:00\",\"breadcrumb\":{\"@id\":\"https:\/\/www.amatimmobiliaris.com\/w\/ca\/2016\/07\/la-unesco-declara-patrimoni-mundial-17-obres-le-corbusier\/#breadcrumb\"},\"inLanguage\":\"ca\",\"potentialAction\":[{\"@type\":\"ReadAction\",\"target\":[\"https:\/\/www.amatimmobiliaris.com\/w\/ca\/2016\/07\/la-unesco-declara-patrimoni-mundial-17-obres-le-corbusier\/\"]}]},{\"@type\":\"BreadcrumbList\",\"@id\":\"https:\/\/www.amatimmobiliaris.com\/w\/ca\/2016\/07\/la-unesco-declara-patrimoni-mundial-17-obres-le-corbusier\/#breadcrumb\",\"itemListElement\":[{\"@type\":\"ListItem\",\"position\":1,\"name\":\"Home\",\"item\":\"https:\/\/www.amatimmobiliaris.com\/w\/ca\/\"},{\"@type\":\"ListItem\",\"position\":2,\"name\":\"Arquitectura i decoraci\u00f3\",\"item\":\"https:\/\/www.amatimmobiliaris.com\/w\/ca\/categoria-ca\/arquitectura-i-decoracio-ca\/\"},{\"@type\":\"ListItem\",\"position\":3,\"name\":\"La UNESCO declara Patrimoni Mundial 17 obres de Le Corbusier\"}]},{\"@type\":\"WebSite\",\"@id\":\"https:\/\/www.amatimmobiliaris.com\/w\/#website\",\"url\":\"https:\/\/www.amatimmobiliaris.com\/w\/\",\"name\":\"Amat Immobiliaris\",\"description\":\"Empresa familiar del sector inmobiliario con oficinas en Barcelona, Sant Cugat del Vall\u00e9s y Sant Just Desvern. Te ayudamos a comprar, alquilar o vender tu casa o piso. Somos un equipo coherente con una cultura de empresa honesta, innovadora y eficaz. Tambi\u00e9n en www.amatluxury.com\",\"publisher\":{\"@id\":\"https:\/\/www.amatimmobiliaris.com\/w\/#organization\"},\"alternateName\":\"AmatImmo\",\"potentialAction\":[{\"@type\":\"SearchAction\",\"target\":{\"@type\":\"EntryPoint\",\"urlTemplate\":\"https:\/\/www.amatimmobiliaris.com\/w\/?s={search_term_string}\"},\"query-input\":{\"@type\":\"PropertyValueSpecification\",\"valueRequired\":true,\"valueName\":\"search_term_string\"}}],\"inLanguage\":\"ca\"},{\"@type\":\"Organization\",\"@id\":\"https:\/\/www.amatimmobiliaris.com\/w\/#organization\",\"name\":\"Amat Immobiliaris\",\"url\":\"https:\/\/www.amatimmobiliaris.com\/w\/\",\"logo\":{\"@type\":\"ImageObject\",\"inLanguage\":\"ca\",\"@id\":\"https:\/\/www.amatimmobiliaris.com\/w\/#\/schema\/logo\/image\/\",\"url\":\"https:\/\/www.amatimmobiliaris.com\/w\/wp-content\/uploads\/2022\/10\/amat-logo.jpg\",\"contentUrl\":\"https:\/\/www.amatimmobiliaris.com\/w\/wp-content\/uploads\/2022\/10\/amat-logo.jpg\",\"width\":900,\"height\":900,\"caption\":\"Amat Immobiliaris\"},\"image\":{\"@id\":\"https:\/\/www.amatimmobiliaris.com\/w\/#\/schema\/logo\/image\/\"},\"sameAs\":[\"https:\/\/www.facebook.com\/amatimmobiliaris\",\"https:\/\/x.com\/amat_cat\",\"https:\/\/www.instagram.com\/amat_immo\/\",\"https:\/\/www.linkedin.com\/company\/amat-finques\/\",\"https:\/\/www.youtube.com\/@amatimmobiliaris\"]},{\"@type\":\"Person\",\"@id\":\"https:\/\/www.amatimmobiliaris.com\/w\/#\/schema\/person\/c880da71d1e156e7ea6774ffb445e034\",\"name\":\"Amat Immobiliaris\",\"sameAs\":[\"http:\/\/amat-inmo-wp.localhost\"]}]}<\/script>\n<!-- \/ Yoast SEO plugin. -->","yoast_head_json":{"title":"La UNESCO declara Patrimoni Mundial 17 obres de Le Corbusier | Amat Immobiliaris","robots":{"index":"index","follow":"follow","max-snippet":"max-snippet:-1","max-image-preview":"max-image-preview:large","max-video-preview":"max-video-preview:-1"},"canonical":"https:\/\/www.amatimmobiliaris.com\/w\/ca\/2016\/07\/la-unesco-declara-patrimoni-mundial-17-obres-le-corbusier\/","og_locale":"ca_ES","og_type":"article","og_title":"La UNESCO declara Patrimoni Mundial 17 obres de Le Corbusier | Amat Immobiliaris","og_description":"Le Corbusier, anomenat el pare de l&#8217;arquitectura moderna, s&#8217;ha convertit aquest diumenge en l&#8217;arquitecte amb m\u00e9s obres declarades Patrimoni Mundial de la Unesco. Frank Lloyd Wright es va al\u00e7ar amb un parell d&#8217;obres i el brasiler Oscar Niemeyer se li va atribuir nom\u00e9s un, han estat exactament 17 les obres de Le Corbusier que han [&hellip;]","og_url":"https:\/\/www.amatimmobiliaris.com\/w\/ca\/2016\/07\/la-unesco-declara-patrimoni-mundial-17-obres-le-corbusier\/","og_site_name":"Amat Immobiliaris","article_publisher":"https:\/\/www.facebook.com\/amatimmobiliaris","article_published_time":"2016-07-18T12:27:28+00:00","article_modified_time":"2023-04-25T16:09:13+00:00","og_image":[{"width":1024,"height":683,"url":"https:\/\/www.amatimmobiliaris.com\/w\/wp-content\/uploads\/2022\/01\/2014-Saga-familiar-Amat-dw-1-1024x683.jpg","type":"image\/jpeg"}],"author":"Amat Immobiliaris","twitter_card":"summary_large_image","twitter_creator":"@amat_cat","twitter_site":"@amat_cat","twitter_misc":{"Escrit per":"Amat Immobiliaris","Temps estimat de lectura":"2 minuts"},"schema":{"@context":"https:\/\/schema.org","@graph":[{"@type":"Article","@id":"https:\/\/www.amatimmobiliaris.com\/w\/ca\/2016\/07\/la-unesco-declara-patrimoni-mundial-17-obres-le-corbusier\/#article","isPartOf":{"@id":"https:\/\/www.amatimmobiliaris.com\/w\/ca\/2016\/07\/la-unesco-declara-patrimoni-mundial-17-obres-le-corbusier\/"},"author":{"name":"Amat Immobiliaris","@id":"https:\/\/www.amatimmobiliaris.com\/w\/#\/schema\/person\/c880da71d1e156e7ea6774ffb445e034"},"headline":"La UNESCO declara Patrimoni Mundial 17 obres de Le Corbusier","datePublished":"2016-07-18T12:27:28+00:00","dateModified":"2023-04-25T16:09:13+00:00","mainEntityOfPage":{"@id":"https:\/\/www.amatimmobiliaris.com\/w\/ca\/2016\/07\/la-unesco-declara-patrimoni-mundial-17-obres-le-corbusier\/"},"wordCount":270,"publisher":{"@id":"https:\/\/www.amatimmobiliaris.com\/w\/#organization"},"articleSection":["Arquitectura i decoraci\u00f3","Not\u00edcies"],"inLanguage":"ca"},{"@type":"WebPage","@id":"https:\/\/www.amatimmobiliaris.com\/w\/ca\/2016\/07\/la-unesco-declara-patrimoni-mundial-17-obres-le-corbusier\/","url":"https:\/\/www.amatimmobiliaris.com\/w\/ca\/2016\/07\/la-unesco-declara-patrimoni-mundial-17-obres-le-corbusier\/","name":"La UNESCO declara Patrimoni Mundial 17 obres de Le Corbusier | Amat Immobiliaris","isPartOf":{"@id":"https:\/\/www.amatimmobiliaris.com\/w\/#website"},"datePublished":"2016-07-18T12:27:28+00:00","dateModified":"2023-04-25T16:09:13+00:00","breadcrumb":{"@id":"https:\/\/www.amatimmobiliaris.com\/w\/ca\/2016\/07\/la-unesco-declara-patrimoni-mundial-17-obres-le-corbusier\/#breadcrumb"},"inLanguage":"ca","potentialAction":[{"@type":"ReadAction","target":["https:\/\/www.amatimmobiliaris.com\/w\/ca\/2016\/07\/la-unesco-declara-patrimoni-mundial-17-obres-le-corbusier\/"]}]},{"@type":"BreadcrumbList","@id":"https:\/\/www.amatimmobiliaris.com\/w\/ca\/2016\/07\/la-unesco-declara-patrimoni-mundial-17-obres-le-corbusier\/#breadcrumb","itemListElement":[{"@type":"ListItem","position":1,"name":"Home","item":"https:\/\/www.amatimmobiliaris.com\/w\/ca\/"},{"@type":"ListItem","position":2,"name":"Arquitectura i decoraci\u00f3","item":"https:\/\/www.amatimmobiliaris.com\/w\/ca\/categoria-ca\/arquitectura-i-decoracio-ca\/"},{"@type":"ListItem","position":3,"name":"La UNESCO declara Patrimoni Mundial 17 obres de Le Corbusier"}]},{"@type":"WebSite","@id":"https:\/\/www.amatimmobiliaris.com\/w\/#website","url":"https:\/\/www.amatimmobiliaris.com\/w\/","name":"Amat Immobiliaris","description":"Empresa familiar del sector inmobiliario con oficinas en Barcelona, Sant Cugat del Vall\u00e9s y Sant Just Desvern. Te ayudamos a comprar, alquilar o vender tu casa o piso. Somos un equipo coherente con una cultura de empresa honesta, innovadora y eficaz. Tambi\u00e9n en www.amatluxury.com","publisher":{"@id":"https:\/\/www.amatimmobiliaris.com\/w\/#organization"},"alternateName":"AmatImmo","potentialAction":[{"@type":"SearchAction","target":{"@type":"EntryPoint","urlTemplate":"https:\/\/www.amatimmobiliaris.com\/w\/?s={search_term_string}"},"query-input":{"@type":"PropertyValueSpecification","valueRequired":true,"valueName":"search_term_string"}}],"inLanguage":"ca"},{"@type":"Organization","@id":"https:\/\/www.amatimmobiliaris.com\/w\/#organization","name":"Amat Immobiliaris","url":"https:\/\/www.amatimmobiliaris.com\/w\/","logo":{"@type":"ImageObject","inLanguage":"ca","@id":"https:\/\/www.amatimmobiliaris.com\/w\/#\/schema\/logo\/image\/","url":"https:\/\/www.amatimmobiliaris.com\/w\/wp-content\/uploads\/2022\/10\/amat-logo.jpg","contentUrl":"https:\/\/www.amatimmobiliaris.com\/w\/wp-content\/uploads\/2022\/10\/amat-logo.jpg","width":900,"height":900,"caption":"Amat Immobiliaris"},"image":{"@id":"https:\/\/www.amatimmobiliaris.com\/w\/#\/schema\/logo\/image\/"},"sameAs":["https:\/\/www.facebook.com\/amatimmobiliaris","https:\/\/x.com\/amat_cat","https:\/\/www.instagram.com\/amat_immo\/","https:\/\/www.linkedin.com\/company\/amat-finques\/","https:\/\/www.youtube.com\/@amatimmobiliaris"]},{"@type":"Person","@id":"https:\/\/www.amatimmobiliaris.com\/w\/#\/schema\/person\/c880da71d1e156e7ea6774ffb445e034","name":"Amat Immobiliaris","sameAs":["http:\/\/amat-inmo-wp.localhost"]}]}},"_links":{"self":[{"href":"https:\/\/www.amatimmobiliaris.com\/w\/ca\/wp-json\/wp\/v2\/posts\/2378"}],"collection":[{"href":"https:\/\/www.amatimmobiliaris.com\/w\/ca\/wp-json\/wp\/v2\/posts"}],"about":[{"href":"https:\/\/www.amatimmobiliaris.com\/w\/ca\/wp-json\/wp\/v2\/types\/post"}],"author":[{"embeddable":true,"href":"https:\/\/www.amatimmobiliaris.com\/w\/ca\/wp-json\/wp\/v2\/users\/1"}],"replies":[{"embeddable":true,"href":"https:\/\/www.amatimmobiliaris.com\/w\/ca\/wp-json\/wp\/v2\/comments?post=2378"}],"version-history":[{"count":3,"href":"https:\/\/www.amatimmobiliaris.com\/w\/ca\/wp-json\/wp\/v2\/posts\/2378\/revisions"}],"predecessor-version":[{"id":25770,"href":"https:\/\/www.amatimmobiliaris.com\/w\/ca\/wp-json\/wp\/v2\/posts\/2378\/revisions\/25770"}],"wp:attachment":[{"href":"https:\/\/www.amatimmobiliaris.com\/w\/ca\/wp-json\/wp\/v2\/media?parent=2378"}],"wp:term":[{"taxonomy":"category","embeddable":true,"href":"https:\/\/www.amatimmobiliaris.com\/w\/ca\/wp-json\/wp\/v2\/categories?post=2378"},{"taxonomy":"post_tag","embeddable":true,"href":"https:\/\/www.amatimmobiliaris.com\/w\/ca\/wp-json\/wp\/v2\/tags?post=2378"}],"curies":[{"name":"wp","href":"https:\/\/api.w.org\/{rel}","templated":true}]}}