{"id":2249,"date":"2016-06-07T11:11:26","date_gmt":"2016-06-07T11:11:26","guid":{"rendered":"https:\/\/amat-inmo-wp.localhost\/2017\/01\/24\/linternet-de-les-coses-i-reunio-general\/"},"modified":"2023-05-22T10:18:47","modified_gmt":"2023-05-22T10:18:47","slug":"linternet-de-les-coses-i-reunio-general","status":"publish","type":"post","link":"https:\/\/www.amatimmobiliaris.com\/w\/ca\/2016\/06\/linternet-de-les-coses-i-reunio-general\/","title":{"rendered":"L&#8217;internet de les coses i reuni\u00f3 general"},"content":{"rendered":"<p style=\"text-align: justify;\">Dissabte passat vam fer la reuni\u00f3 general de l\u2019empresa. Com cada vegada que organitzem una reuni\u00f3 general, intentem portar algun ponent de refer\u00e8ncia que ens il\u00b7lustri sobre temes menys vinculats amb el nostre dia a dia per\u00f2 que ens poden ajudar a millorar personalment i en la nostra feina. A m\u00e9s, aquesta \u00e9s de les poques oportunitats on ens reunim tot l\u2019equip d\u2019<a href=\"https:\/\/www.amatimmobiliaris.com\/w\/ca\/home-block\/\" target=\"_blank\" rel=\"noopener\">Amat Immobiliaris<\/a> i, per aix\u00f2, aprofitem per intentar fer confer\u00e8ncies diferents i a la vegada interessants.<\/p>\n<p style=\"text-align: justify;\">Els \u00faltims anys hem tingut ponents tan destacats com Rub\u00e8n Llop, C\u00e8sar Molins, \u00c0ngel Casti\u00f1eira o Franc Ponti. Aquest cop la confer\u00e8ncia inicial l\u2019ha realitzat en Gen\u00eds Roca, de la <a href=\"https:\/\/www.rocasalvatella.com\/\">consultora Roca-Salvatella.<\/a><\/p>\n<p style=\"text-align: justify;\">[<a href=\"https:\/\/www.amatimmobiliaris.com\/w\/wp-content\/uploads\/2022\/01\/IMG_2271-scaled.jpg\"><img loading=\"lazy\" decoding=\"async\" class=\"alignnone size-medium wp-image-4998\" src=\"https:\/\/www.amatimmobiliaris.com\/w\/wp-content\/uploads\/2022\/01\/IMG_2271-scaled.jpg\" alt=\"\" width=\"300\" height=\"200\" \/><\/a>\u00a0 <a href=\"https:\/\/www.amatimmobiliaris.com\/w\/wp-content\/uploads\/2022\/01\/IMG_2269-scaled.jpg\"><img loading=\"lazy\" decoding=\"async\" class=\"alignnone size-medium wp-image-4996\" src=\"https:\/\/www.amatimmobiliaris.com\/w\/wp-content\/uploads\/2022\/01\/IMG_2269-scaled.jpg\" alt=\"3\" width=\"300\" height=\"200\" \/><\/a> <a href=\"https:\/\/www.amatimmobiliaris.com\/w\/wp-content\/uploads\/2022\/01\/IMG_22661-scaled.jpg\"><img loading=\"lazy\" decoding=\"async\" class=\"alignnone size-medium wp-image-4993\" src=\"https:\/\/www.amatimmobiliaris.com\/w\/wp-content\/uploads\/2022\/01\/IMG_22661-scaled.jpg\" alt=\"6\" width=\"300\" height=\"200\" \/><\/a><\/p>\n<p style=\"text-align: justify;\">Sota el t\u00edtol \u201cLa inevitable oportunitat digital\u201d en <a href=\"https:\/\/www.genisroca.com\/\" class=\"broken_link\" rel=\"nofollow\">Gen\u00eds Roca<\/a> ens va fer un rep\u00e0s hist\u00f2ric de les grans fites que han transformat la hist\u00f2ria de la humanitat, des de la pre-hist\u00f2ria fins ara. I aix\u00f2 ha servit de base per explicar la transformaci\u00f3 digital on ens trobem avui en dia. Ha posat la lupa en la curta hist\u00f2ria d\u2019Internet i com ha estat l\u2019evoluci\u00f3 dels \u00faltims 20 anys del seu impacte en l\u2019economia, les persones i les organitzacions. Tot aix\u00f2 explicat des d\u2019un punt de vista del sentit com\u00fa i deslligant les transformacions de la tecnologia, i amb grans exemples que ajuden a entendre tota aquesta evoluci\u00f3.<\/p>\n<blockquote>\n<p style=\"text-align: justify;\">La confer\u00e8ncia va acabar amb una gran frase de JV Foix, \u201cSigueu moderns, llegiu els cl\u00e0ssics\u201d, i varis llibres recomanats.<\/p>\n<\/blockquote>\n<p style=\"text-align: justify;\">La confer\u00e8ncia va causar impacte ja que vam estar tota la pausa del caf\u00e8 parlant sobre el que hav\u00edem sentit pocs minuts abans.<\/p>\n<p style=\"text-align: justify;\">Com cada reuni\u00f3 general, la segona part va estar centrada en Amat Immobiliaris pr\u00f2piament dit, \u00e9s el moment on la Direcci\u00f3 de l\u2019empresa aprofita per fer balan\u00e7 i compartir la visi\u00f3 de futur.<\/p>\n","protected":false},"excerpt":{"rendered":"<p>Dissabte passat vam fer la reuni\u00f3 general de l\u2019empresa. Com cada vegada que organitzem una reuni\u00f3 general, intentem portar algun ponent de refer\u00e8ncia que ens il\u00b7lustri sobre temes menys vinculats amb el nostre dia a dia per\u00f2 que ens poden ajudar a millorar personalment i en la nostra feina. A m\u00e9s, aquesta \u00e9s de les [&hellip;]<\/p>\n","protected":false},"author":1,"featured_media":2250,"comment_status":"closed","ping_status":"closed","sticky":false,"template":"","format":"standard","meta":{"content-type":"","footnotes":""},"categories":[1147,1155],"tags":[1487,1703,664],"yoast_head":"<!-- This site is optimized with the Yoast SEO plugin v23.9 - https:\/\/yoast.com\/wordpress\/plugins\/seo\/ -->\n<title>L&#039;internet de les coses i reuni\u00f3 general | Amat Immobiliaris<\/title>\n<meta name=\"description\" content=\"Dissabte passat vam fer la reuni\u00f3 general de l\u2019empresa amb Gen\u00eds Roca, de la consultora Roca-Salvatella. com a ponent.\" \/>\n<meta name=\"robots\" content=\"index, nofollow, max-snippet:-1, max-image-preview:large, max-video-preview:-1\" \/>\n<link rel=\"canonical\" href=\"https:\/\/www.amatimmobiliaris.com\/w\/ca\/2016\/06\/linternet-de-les-coses-i-reunio-general\/\" \/>\n<meta property=\"og:locale\" content=\"ca_ES\" \/>\n<meta property=\"og:type\" content=\"article\" \/>\n<meta property=\"og:title\" content=\"L&#039;internet de les coses i reuni\u00f3 general | Amat Immobiliaris\" \/>\n<meta property=\"og:description\" content=\"Dissabte passat vam fer la reuni\u00f3 general de l\u2019empresa amb Gen\u00eds Roca, de la consultora Roca-Salvatella. com a ponent.\" \/>\n<meta property=\"og:url\" content=\"https:\/\/www.amatimmobiliaris.com\/w\/ca\/2016\/06\/linternet-de-les-coses-i-reunio-general\/\" \/>\n<meta property=\"og:site_name\" content=\"Amat Immobiliaris\" \/>\n<meta property=\"article:publisher\" content=\"https:\/\/www.facebook.com\/amatimmobiliaris\" \/>\n<meta property=\"article:published_time\" content=\"2016-06-07T11:11:26+00:00\" \/>\n<meta property=\"article:modified_time\" content=\"2023-05-22T10:18:47+00:00\" \/>\n<meta property=\"og:image\" content=\"https:\/\/www.amatimmobiliaris.com\/w\/wp-content\/uploads\/2022\/01\/IMG_2271-scaled.jpg\" \/>\n\t<meta property=\"og:image:width\" content=\"2560\" \/>\n\t<meta property=\"og:image:height\" content=\"1707\" \/>\n\t<meta property=\"og:image:type\" content=\"image\/jpeg\" \/>\n<meta name=\"author\" content=\"Amat Immobiliaris\" \/>\n<meta name=\"twitter:card\" content=\"summary_large_image\" \/>\n<meta name=\"twitter:creator\" content=\"@amat_cat\" \/>\n<meta name=\"twitter:site\" content=\"@amat_cat\" \/>\n<meta name=\"twitter:label1\" content=\"Escrit per\" \/>\n\t<meta name=\"twitter:data1\" content=\"Amat Immobiliaris\" \/>\n\t<meta name=\"twitter:label2\" content=\"Temps estimat de lectura\" \/>\n\t<meta name=\"twitter:data2\" content=\"2 minuts\" \/>\n<script type=\"application\/ld+json\" class=\"yoast-schema-graph\">{\"@context\":\"https:\/\/schema.org\",\"@graph\":[{\"@type\":\"Article\",\"@id\":\"https:\/\/www.amatimmobiliaris.com\/w\/ca\/2016\/06\/linternet-de-les-coses-i-reunio-general\/#article\",\"isPartOf\":{\"@id\":\"https:\/\/www.amatimmobiliaris.com\/w\/ca\/2016\/06\/linternet-de-les-coses-i-reunio-general\/\"},\"author\":{\"name\":\"Amat Immobiliaris\",\"@id\":\"https:\/\/www.amatimmobiliaris.com\/w\/#\/schema\/person\/c880da71d1e156e7ea6774ffb445e034\"},\"headline\":\"L&#8217;internet de les coses i reuni\u00f3 general\",\"datePublished\":\"2016-06-07T11:11:26+00:00\",\"dateModified\":\"2023-05-22T10:18:47+00:00\",\"mainEntityOfPage\":{\"@id\":\"https:\/\/www.amatimmobiliaris.com\/w\/ca\/2016\/06\/linternet-de-les-coses-i-reunio-general\/\"},\"wordCount\":330,\"publisher\":{\"@id\":\"https:\/\/www.amatimmobiliaris.com\/w\/#organization\"},\"image\":{\"@id\":\"https:\/\/www.amatimmobiliaris.com\/w\/ca\/2016\/06\/linternet-de-les-coses-i-reunio-general\/#primaryimage\"},\"thumbnailUrl\":\"https:\/\/www.amatimmobiliaris.com\/w\/wp-content\/uploads\/2022\/01\/IMG_2271-scaled.jpg\",\"keywords\":[\"Empresa\",\"Internet\",\"Reuni\u00f3\"],\"articleSection\":[\"El m\u00f3n Amat\",\"Esdeveniments\"],\"inLanguage\":\"ca\"},{\"@type\":\"WebPage\",\"@id\":\"https:\/\/www.amatimmobiliaris.com\/w\/ca\/2016\/06\/linternet-de-les-coses-i-reunio-general\/\",\"url\":\"https:\/\/www.amatimmobiliaris.com\/w\/ca\/2016\/06\/linternet-de-les-coses-i-reunio-general\/\",\"name\":\"L'internet de les coses i reuni\u00f3 general | Amat Immobiliaris\",\"isPartOf\":{\"@id\":\"https:\/\/www.amatimmobiliaris.com\/w\/#website\"},\"primaryImageOfPage\":{\"@id\":\"https:\/\/www.amatimmobiliaris.com\/w\/ca\/2016\/06\/linternet-de-les-coses-i-reunio-general\/#primaryimage\"},\"image\":{\"@id\":\"https:\/\/www.amatimmobiliaris.com\/w\/ca\/2016\/06\/linternet-de-les-coses-i-reunio-general\/#primaryimage\"},\"thumbnailUrl\":\"https:\/\/www.amatimmobiliaris.com\/w\/wp-content\/uploads\/2022\/01\/IMG_2271-scaled.jpg\",\"datePublished\":\"2016-06-07T11:11:26+00:00\",\"dateModified\":\"2023-05-22T10:18:47+00:00\",\"description\":\"Dissabte passat vam fer la reuni\u00f3 general de l\u2019empresa amb Gen\u00eds Roca, de la consultora Roca-Salvatella. com a ponent.\",\"breadcrumb\":{\"@id\":\"https:\/\/www.amatimmobiliaris.com\/w\/ca\/2016\/06\/linternet-de-les-coses-i-reunio-general\/#breadcrumb\"},\"inLanguage\":\"ca\",\"potentialAction\":[{\"@type\":\"ReadAction\",\"target\":[\"https:\/\/www.amatimmobiliaris.com\/w\/ca\/2016\/06\/linternet-de-les-coses-i-reunio-general\/\"]}]},{\"@type\":\"ImageObject\",\"inLanguage\":\"ca\",\"@id\":\"https:\/\/www.amatimmobiliaris.com\/w\/ca\/2016\/06\/linternet-de-les-coses-i-reunio-general\/#primaryimage\",\"url\":\"https:\/\/www.amatimmobiliaris.com\/w\/wp-content\/uploads\/2022\/01\/IMG_2271-scaled.jpg\",\"contentUrl\":\"https:\/\/www.amatimmobiliaris.com\/w\/wp-content\/uploads\/2022\/01\/IMG_2271-scaled.jpg\",\"width\":2560,\"height\":1707},{\"@type\":\"BreadcrumbList\",\"@id\":\"https:\/\/www.amatimmobiliaris.com\/w\/ca\/2016\/06\/linternet-de-les-coses-i-reunio-general\/#breadcrumb\",\"itemListElement\":[{\"@type\":\"ListItem\",\"position\":1,\"name\":\"Home\",\"item\":\"https:\/\/www.amatimmobiliaris.com\/w\/ca\/\"},{\"@type\":\"ListItem\",\"position\":2,\"name\":\"El m\u00f3n Amat\",\"item\":\"https:\/\/www.amatimmobiliaris.com\/w\/ca\/categoria-ca\/el-mon-amat-ca\/\"},{\"@type\":\"ListItem\",\"position\":3,\"name\":\"L&#8217;internet de les coses i reuni\u00f3 general\"}]},{\"@type\":\"WebSite\",\"@id\":\"https:\/\/www.amatimmobiliaris.com\/w\/#website\",\"url\":\"https:\/\/www.amatimmobiliaris.com\/w\/\",\"name\":\"Amat Immobiliaris\",\"description\":\"Empresa familiar del sector inmobiliario con oficinas en Barcelona, Sant Cugat del Vall\u00e9s y Sant Just Desvern. Te ayudamos a comprar, alquilar o vender tu casa o piso. Somos un equipo coherente con una cultura de empresa honesta, innovadora y eficaz. Tambi\u00e9n en www.amatluxury.com\",\"publisher\":{\"@id\":\"https:\/\/www.amatimmobiliaris.com\/w\/#organization\"},\"alternateName\":\"AmatImmo\",\"potentialAction\":[{\"@type\":\"SearchAction\",\"target\":{\"@type\":\"EntryPoint\",\"urlTemplate\":\"https:\/\/www.amatimmobiliaris.com\/w\/?s={search_term_string}\"},\"query-input\":{\"@type\":\"PropertyValueSpecification\",\"valueRequired\":true,\"valueName\":\"search_term_string\"}}],\"inLanguage\":\"ca\"},{\"@type\":\"Organization\",\"@id\":\"https:\/\/www.amatimmobiliaris.com\/w\/#organization\",\"name\":\"Amat Immobiliaris\",\"url\":\"https:\/\/www.amatimmobiliaris.com\/w\/\",\"logo\":{\"@type\":\"ImageObject\",\"inLanguage\":\"ca\",\"@id\":\"https:\/\/www.amatimmobiliaris.com\/w\/#\/schema\/logo\/image\/\",\"url\":\"https:\/\/www.amatimmobiliaris.com\/w\/wp-content\/uploads\/2022\/10\/amat-logo.jpg\",\"contentUrl\":\"https:\/\/www.amatimmobiliaris.com\/w\/wp-content\/uploads\/2022\/10\/amat-logo.jpg\",\"width\":900,\"height\":900,\"caption\":\"Amat Immobiliaris\"},\"image\":{\"@id\":\"https:\/\/www.amatimmobiliaris.com\/w\/#\/schema\/logo\/image\/\"},\"sameAs\":[\"https:\/\/www.facebook.com\/amatimmobiliaris\",\"https:\/\/x.com\/amat_cat\",\"https:\/\/www.instagram.com\/amat_immo\/\",\"https:\/\/www.linkedin.com\/company\/amat-finques\/\",\"https:\/\/www.youtube.com\/@amatimmobiliaris\"]},{\"@type\":\"Person\",\"@id\":\"https:\/\/www.amatimmobiliaris.com\/w\/#\/schema\/person\/c880da71d1e156e7ea6774ffb445e034\",\"name\":\"Amat Immobiliaris\",\"sameAs\":[\"http:\/\/amat-inmo-wp.localhost\"]}]}<\/script>\n<!-- \/ Yoast SEO plugin. -->","yoast_head_json":{"title":"L'internet de les coses i reuni\u00f3 general | Amat Immobiliaris","description":"Dissabte passat vam fer la reuni\u00f3 general de l\u2019empresa amb Gen\u00eds Roca, de la consultora Roca-Salvatella. com a ponent.","robots":{"index":"index","follow":"nofollow","max-snippet":"max-snippet:-1","max-image-preview":"max-image-preview:large","max-video-preview":"max-video-preview:-1"},"canonical":"https:\/\/www.amatimmobiliaris.com\/w\/ca\/2016\/06\/linternet-de-les-coses-i-reunio-general\/","og_locale":"ca_ES","og_type":"article","og_title":"L'internet de les coses i reuni\u00f3 general | Amat Immobiliaris","og_description":"Dissabte passat vam fer la reuni\u00f3 general de l\u2019empresa amb Gen\u00eds Roca, de la consultora Roca-Salvatella. com a ponent.","og_url":"https:\/\/www.amatimmobiliaris.com\/w\/ca\/2016\/06\/linternet-de-les-coses-i-reunio-general\/","og_site_name":"Amat Immobiliaris","article_publisher":"https:\/\/www.facebook.com\/amatimmobiliaris","article_published_time":"2016-06-07T11:11:26+00:00","article_modified_time":"2023-05-22T10:18:47+00:00","og_image":[{"width":2560,"height":1707,"url":"https:\/\/www.amatimmobiliaris.com\/w\/wp-content\/uploads\/2022\/01\/IMG_2271-scaled.jpg","type":"image\/jpeg"}],"author":"Amat Immobiliaris","twitter_card":"summary_large_image","twitter_creator":"@amat_cat","twitter_site":"@amat_cat","twitter_misc":{"Escrit per":"Amat Immobiliaris","Temps estimat de lectura":"2 minuts"},"schema":{"@context":"https:\/\/schema.org","@graph":[{"@type":"Article","@id":"https:\/\/www.amatimmobiliaris.com\/w\/ca\/2016\/06\/linternet-de-les-coses-i-reunio-general\/#article","isPartOf":{"@id":"https:\/\/www.amatimmobiliaris.com\/w\/ca\/2016\/06\/linternet-de-les-coses-i-reunio-general\/"},"author":{"name":"Amat Immobiliaris","@id":"https:\/\/www.amatimmobiliaris.com\/w\/#\/schema\/person\/c880da71d1e156e7ea6774ffb445e034"},"headline":"L&#8217;internet de les coses i reuni\u00f3 general","datePublished":"2016-06-07T11:11:26+00:00","dateModified":"2023-05-22T10:18:47+00:00","mainEntityOfPage":{"@id":"https:\/\/www.amatimmobiliaris.com\/w\/ca\/2016\/06\/linternet-de-les-coses-i-reunio-general\/"},"wordCount":330,"publisher":{"@id":"https:\/\/www.amatimmobiliaris.com\/w\/#organization"},"image":{"@id":"https:\/\/www.amatimmobiliaris.com\/w\/ca\/2016\/06\/linternet-de-les-coses-i-reunio-general\/#primaryimage"},"thumbnailUrl":"https:\/\/www.amatimmobiliaris.com\/w\/wp-content\/uploads\/2022\/01\/IMG_2271-scaled.jpg","keywords":["Empresa","Internet","Reuni\u00f3"],"articleSection":["El m\u00f3n Amat","Esdeveniments"],"inLanguage":"ca"},{"@type":"WebPage","@id":"https:\/\/www.amatimmobiliaris.com\/w\/ca\/2016\/06\/linternet-de-les-coses-i-reunio-general\/","url":"https:\/\/www.amatimmobiliaris.com\/w\/ca\/2016\/06\/linternet-de-les-coses-i-reunio-general\/","name":"L'internet de les coses i reuni\u00f3 general | Amat Immobiliaris","isPartOf":{"@id":"https:\/\/www.amatimmobiliaris.com\/w\/#website"},"primaryImageOfPage":{"@id":"https:\/\/www.amatimmobiliaris.com\/w\/ca\/2016\/06\/linternet-de-les-coses-i-reunio-general\/#primaryimage"},"image":{"@id":"https:\/\/www.amatimmobiliaris.com\/w\/ca\/2016\/06\/linternet-de-les-coses-i-reunio-general\/#primaryimage"},"thumbnailUrl":"https:\/\/www.amatimmobiliaris.com\/w\/wp-content\/uploads\/2022\/01\/IMG_2271-scaled.jpg","datePublished":"2016-06-07T11:11:26+00:00","dateModified":"2023-05-22T10:18:47+00:00","description":"Dissabte passat vam fer la reuni\u00f3 general de l\u2019empresa amb Gen\u00eds Roca, de la consultora Roca-Salvatella. com a ponent.","breadcrumb":{"@id":"https:\/\/www.amatimmobiliaris.com\/w\/ca\/2016\/06\/linternet-de-les-coses-i-reunio-general\/#breadcrumb"},"inLanguage":"ca","potentialAction":[{"@type":"ReadAction","target":["https:\/\/www.amatimmobiliaris.com\/w\/ca\/2016\/06\/linternet-de-les-coses-i-reunio-general\/"]}]},{"@type":"ImageObject","inLanguage":"ca","@id":"https:\/\/www.amatimmobiliaris.com\/w\/ca\/2016\/06\/linternet-de-les-coses-i-reunio-general\/#primaryimage","url":"https:\/\/www.amatimmobiliaris.com\/w\/wp-content\/uploads\/2022\/01\/IMG_2271-scaled.jpg","contentUrl":"https:\/\/www.amatimmobiliaris.com\/w\/wp-content\/uploads\/2022\/01\/IMG_2271-scaled.jpg","width":2560,"height":1707},{"@type":"BreadcrumbList","@id":"https:\/\/www.amatimmobiliaris.com\/w\/ca\/2016\/06\/linternet-de-les-coses-i-reunio-general\/#breadcrumb","itemListElement":[{"@type":"ListItem","position":1,"name":"Home","item":"https:\/\/www.amatimmobiliaris.com\/w\/ca\/"},{"@type":"ListItem","position":2,"name":"El m\u00f3n Amat","item":"https:\/\/www.amatimmobiliaris.com\/w\/ca\/categoria-ca\/el-mon-amat-ca\/"},{"@type":"ListItem","position":3,"name":"L&#8217;internet de les coses i reuni\u00f3 general"}]},{"@type":"WebSite","@id":"https:\/\/www.amatimmobiliaris.com\/w\/#website","url":"https:\/\/www.amatimmobiliaris.com\/w\/","name":"Amat Immobiliaris","description":"Empresa familiar del sector inmobiliario con oficinas en Barcelona, Sant Cugat del Vall\u00e9s y Sant Just Desvern. Te ayudamos a comprar, alquilar o vender tu casa o piso. Somos un equipo coherente con una cultura de empresa honesta, innovadora y eficaz. Tambi\u00e9n en www.amatluxury.com","publisher":{"@id":"https:\/\/www.amatimmobiliaris.com\/w\/#organization"},"alternateName":"AmatImmo","potentialAction":[{"@type":"SearchAction","target":{"@type":"EntryPoint","urlTemplate":"https:\/\/www.amatimmobiliaris.com\/w\/?s={search_term_string}"},"query-input":{"@type":"PropertyValueSpecification","valueRequired":true,"valueName":"search_term_string"}}],"inLanguage":"ca"},{"@type":"Organization","@id":"https:\/\/www.amatimmobiliaris.com\/w\/#organization","name":"Amat Immobiliaris","url":"https:\/\/www.amatimmobiliaris.com\/w\/","logo":{"@type":"ImageObject","inLanguage":"ca","@id":"https:\/\/www.amatimmobiliaris.com\/w\/#\/schema\/logo\/image\/","url":"https:\/\/www.amatimmobiliaris.com\/w\/wp-content\/uploads\/2022\/10\/amat-logo.jpg","contentUrl":"https:\/\/www.amatimmobiliaris.com\/w\/wp-content\/uploads\/2022\/10\/amat-logo.jpg","width":900,"height":900,"caption":"Amat Immobiliaris"},"image":{"@id":"https:\/\/www.amatimmobiliaris.com\/w\/#\/schema\/logo\/image\/"},"sameAs":["https:\/\/www.facebook.com\/amatimmobiliaris","https:\/\/x.com\/amat_cat","https:\/\/www.instagram.com\/amat_immo\/","https:\/\/www.linkedin.com\/company\/amat-finques\/","https:\/\/www.youtube.com\/@amatimmobiliaris"]},{"@type":"Person","@id":"https:\/\/www.amatimmobiliaris.com\/w\/#\/schema\/person\/c880da71d1e156e7ea6774ffb445e034","name":"Amat Immobiliaris","sameAs":["http:\/\/amat-inmo-wp.localhost"]}]}},"_links":{"self":[{"href":"https:\/\/www.amatimmobiliaris.com\/w\/ca\/wp-json\/wp\/v2\/posts\/2249"}],"collection":[{"href":"https:\/\/www.amatimmobiliaris.com\/w\/ca\/wp-json\/wp\/v2\/posts"}],"about":[{"href":"https:\/\/www.amatimmobiliaris.com\/w\/ca\/wp-json\/wp\/v2\/types\/post"}],"author":[{"embeddable":true,"href":"https:\/\/www.amatimmobiliaris.com\/w\/ca\/wp-json\/wp\/v2\/users\/1"}],"replies":[{"embeddable":true,"href":"https:\/\/www.amatimmobiliaris.com\/w\/ca\/wp-json\/wp\/v2\/comments?post=2249"}],"version-history":[{"count":4,"href":"https:\/\/www.amatimmobiliaris.com\/w\/ca\/wp-json\/wp\/v2\/posts\/2249\/revisions"}],"predecessor-version":[{"id":26943,"href":"https:\/\/www.amatimmobiliaris.com\/w\/ca\/wp-json\/wp\/v2\/posts\/2249\/revisions\/26943"}],"wp:featuredmedia":[{"embeddable":true,"href":"https:\/\/www.amatimmobiliaris.com\/w\/ca\/wp-json\/wp\/v2\/media\/2250"}],"wp:attachment":[{"href":"https:\/\/www.amatimmobiliaris.com\/w\/ca\/wp-json\/wp\/v2\/media?parent=2249"}],"wp:term":[{"taxonomy":"category","embeddable":true,"href":"https:\/\/www.amatimmobiliaris.com\/w\/ca\/wp-json\/wp\/v2\/categories?post=2249"},{"taxonomy":"post_tag","embeddable":true,"href":"https:\/\/www.amatimmobiliaris.com\/w\/ca\/wp-json\/wp\/v2\/tags?post=2249"}],"curies":[{"name":"wp","href":"https:\/\/api.w.org\/{rel}","templated":true}]}}